{"id":42278,"date":"2017-03-30T11:23:07","date_gmt":"2017-03-30T08:23:07","guid":{"rendered":"http:\/\/urbeamea.ro\/albaiulia\/?p=42278"},"modified":"2017-03-30T19:43:18","modified_gmt":"2017-03-30T16:43:18","slug":"foto-incendiu-de-vegetatie-uscata-la-posaga-9-hectare-de-teren-au-fost-mistuite-de-flacari","status":"publish","type":"post","link":"https:\/\/urbeamea.ro\/albaiulia\/foto-incendiu-de-vegetatie-uscata-la-posaga-9-hectare-de-teren-au-fost-mistuite-de-flacari\/","title":{"rendered":"(FOTO) Incendiu de vegeta\u0163ie uscat\u0103 la Po\u015faga: 9 hectare de teren au fost mistuite de fl\u0103c\u0103ri"},"content":{"rendered":"<p><strong>Pompierii din C\u00eempeni au intervenit miercuri, 29 martie, \u00een cooperare cu Servicul Voluntar pentru Situa\u021bii de Urgen\u021b\u0103 Po\u0219aga, pentru stingerea a dou\u0103 incendii de vegeta\u021bie uscat\u0103, l\u0103st\u0103ri\u0219, m\u0103r\u0103cini\u0219, dobor\u00e2turi \u0219i litier\u0103 pe raza localit\u0103\u0163ii Po\u0219aga \u2013\u00a0 zonele Custuri \u0219i Haramuc. \u00cen total au ars aproximativ 9 ha de vegeta\u0163ie uscat\u0103, m\u0103r\u0103cini\u0219, l\u0103st\u0103ri\u0219, dobor\u00e2turi \u0219i litier\u0103, transmite ISU Alba.<\/strong><\/p>\n<p>Aceste incendii de vegeta\u0163ie uscat\u0103, litier\u0103, miri\u015fti \u015fi resturi vegetale au drept cauz\u0103 utilizarea necorespunz\u0103toare a focului deschis.<\/p>\n<p>Nerespectarea m\u0103surilor specifice la efectuarea arderilor de vegeta\u0163ie uscat\u0103, miri\u015fti, \u015fi resturi vegetale poate avea\u00a0 consecin\u0163e grave asupra comunit\u0103\u0163ii prin pierderi de vie\u0163i omene\u015fti, importante pagube materiale \u015fi afectarea mediului \u00eenconjur\u0103tor. Din\u00a0 acest motiv, cunoa\u015fterea\u00a0 \u015fi\u00a0 respectarea strict\u0103 a acestora constituie solu\u0163ia cea mai simpl\u0103 \u015fi mai pu\u0163in costisitoare,\u00a0 constituind\u00a0 \u00een acela\u015fi timp o obliga\u0163ie moral\u0103 \u015fi civic\u0103 a fiec\u0103rui cet\u0103\u0163ean.<\/p>\n<p>\u201cPentru a evita eventualele evenimente \u00een care a\u0163i putea fi implica\u0163i v\u0103 aducem la cuno\u015ftin\u0163\u0103 regulile \u015fi m\u0103surile de prevenire a incendiilor la vegeta\u0163ie uscat\u0103, miri\u015fti \u015fi resturi vegetale.<\/p>\n<p>\u00cen\u00a0 vederea\u00a0 realiz\u0103rii\u00a0 igieniz\u0103rii\u00a0 terenurilor\u00a0 prin\u00a0 ardere,\u00a0 cet\u0103\u0163enii\u00a0 au obliga\u0163ia\u00a0 de\u00a0 a\u00a0 solicita\u00a0 \u015fi\u00a0 ob\u0163ine,\u00a0 de\u00a0 la\u00a0 autorit\u0103\u0163ile competente, urm\u0103toarele documente:<\/p>\n<p>\u2013 permis de lucru cu focul, ob\u0163inut de la Prim\u0103rie<\/p>\n<p>\u2013 aprobare de la Agen\u0163ia de Protec\u0163ie a Mediului<\/p>\n<p>Se excepteaz\u0103 de la aceast\u0103 obliga\u0163ie, arderea vegeta\u0163iei uscate \u015fi a resturilor vegetale \u00een cadrul gospod\u0103riilor cet\u0103\u0163ene\u015fti, dar cu respectarea strict\u0103 a m\u0103surilor generale de stingere a incendiilor.<\/p>\n<p>\u00cen cazul nerespect\u0103rii prevederilor legale privind interzicerea arderilor de vegeta\u021bie uscat\u0103 Agen\u021bia de Pl\u0103\u021bi \u0219i Interven\u021bie \u00een Agricultur\u0103 \u2013 APIA va aplica sanc\u021biuni care ajung p\u00e2n\u0103 la excluderea de la plata sprijinului financiar pentru de\u021bin\u0103torii terenurilor igienizate prin incendierea vegeta\u021biei uscate \u0219i care nu au ob\u021binut acceptul autorit\u0103\u021bilor.<\/p>\n<p>Garda Na\u0163ional\u0103 de Mediu \u2013 Comisariatul Jude\u0163ean Alba va aplica amenzi \u00een valoare de 3000-6000 lei persoanelor fizice \u015fi 25000-50000 lei persoanelor juridice.<\/p>\n<p>Pentru arderea resturilor vegetale, gunoaielor, de\u015feurilor \u015fi a altor materiale combustibile f\u0103r\u0103 ob\u0163inerea permisului cu foc \u015fi\/sau f\u0103r\u0103 luarea m\u0103surilor pentru \u00eempiedicarea propag\u0103rii focului la vecin\u0103t\u0103\u0163i, cet\u0103\u0163enii (proprietarii de terenuri) sunt pasibili de sanc\u0163iune contraven\u0163ional\u0103, astfel: 1000 \u2013 2500 lei\u201d, precizeaz\u0103 ISU Alba.<\/p>\n<div id='gallery-1' class='gallery galleryid-42278 gallery-columns-3 gallery-size-thumbnail'><figure class='gallery-item'>\n\t\t\t<div class='gallery-icon portrait'>\n\t\t\t\t<a href='https:\/\/urbeamea.ro\/albaiulia\/wp-content\/uploads\/2017\/03\/incendiu.jpg'><img decoding=\"async\" width=\"84\" height=\"150\" src=\"data:image\/png;base64,iVBORw0KGgoAAAANSUhEUgAAAYYAAADcAQMAAABOLJSDAAAAA1BMVEUAAACnej3aAAAAAXRSTlMAQObYZgAAACJJREFUaIHtwTEBAAAAwqD1T20ND6AAAAAAAAAAAAAA4N8AKvgAAUFIrrEAAAAASUVORK5CYII=\" class=\"attachment-thumbnail size-thumbnail lazy-img\" alt=\"\" srcset=\"https:\/\/urbeamea.ro\/albaiulia\/wp-content\/uploads\/2017\/03\/incendiu-84x150.jpg 84w, https:\/\/urbeamea.ro\/albaiulia\/wp-content\/uploads\/2017\/03\/incendiu-360x640.jpg 360w, https:\/\/urbeamea.ro\/albaiulia\/wp-content\/uploads\/2017\/03\/incendiu.jpg 540w\" sizes=\"auto, (max-width: 84px) 100vw, 84px\" data-src=\"https:\/\/urbeamea.ro\/albaiulia\/wp-content\/uploads\/2017\/03\/incendiu-84x150.jpg\" loading=\"lazy\" \/><\/a>\n\t\t\t<\/div><\/figure><figure class='gallery-item'>\n\t\t\t<div class='gallery-icon portrait'>\n\t\t\t\t<a href='https:\/\/urbeamea.ro\/albaiulia\/wp-content\/uploads\/2017\/03\/incendiu1.jpg'><img decoding=\"async\" width=\"84\" height=\"150\" src=\"data:image\/png;base64,iVBORw0KGgoAAAANSUhEUgAAAYYAAADcAQMAAABOLJSDAAAAA1BMVEUAAACnej3aAAAAAXRSTlMAQObYZgAAACJJREFUaIHtwTEBAAAAwqD1T20ND6AAAAAAAAAAAAAA4N8AKvgAAUFIrrEAAAAASUVORK5CYII=\" class=\"attachment-thumbnail size-thumbnail lazy-img\" alt=\"\" srcset=\"https:\/\/urbeamea.ro\/albaiulia\/wp-content\/uploads\/2017\/03\/incendiu1-84x150.jpg 84w, https:\/\/urbeamea.ro\/albaiulia\/wp-content\/uploads\/2017\/03\/incendiu1-360x640.jpg 360w, https:\/\/urbeamea.ro\/albaiulia\/wp-content\/uploads\/2017\/03\/incendiu1.jpg 540w\" sizes=\"auto, (max-width: 84px) 100vw, 84px\" data-src=\"https:\/\/urbeamea.ro\/albaiulia\/wp-content\/uploads\/2017\/03\/incendiu1-84x150.jpg\" loading=\"lazy\" \/><\/a>\n\t\t\t<\/div><\/figure><figure class='gallery-item'>\n\t\t\t<div class='gallery-icon portrait'>\n\t\t\t\t<a href='https:\/\/urbeamea.ro\/albaiulia\/wp-content\/uploads\/2017\/03\/incendiu2.jpg'><img decoding=\"async\" width=\"84\" height=\"150\" src=\"data:image\/png;base64,iVBORw0KGgoAAAANSUhEUgAAAYYAAADcAQMAAABOLJSDAAAAA1BMVEUAAACnej3aAAAAAXRSTlMAQObYZgAAACJJREFUaIHtwTEBAAAAwqD1T20ND6AAAAAAAAAAAAAA4N8AKvgAAUFIrrEAAAAASUVORK5CYII=\" class=\"attachment-thumbnail size-thumbnail lazy-img\" alt=\"\" srcset=\"https:\/\/urbeamea.ro\/albaiulia\/wp-content\/uploads\/2017\/03\/incendiu2-84x150.jpg 84w, https:\/\/urbeamea.ro\/albaiulia\/wp-content\/uploads\/2017\/03\/incendiu2-360x640.jpg 360w, https:\/\/urbeamea.ro\/albaiulia\/wp-content\/uploads\/2017\/03\/incendiu2.jpg 540w\" sizes=\"auto, (max-width: 84px) 100vw, 84px\" data-src=\"https:\/\/urbeamea.ro\/albaiulia\/wp-content\/uploads\/2017\/03\/incendiu2-84x150.jpg\" loading=\"lazy\" \/><\/a>\n\t\t\t<\/div><\/figure><figure class='gallery-item'>\n\t\t\t<div class='gallery-icon portrait'>\n\t\t\t\t<a href='https:\/\/urbeamea.ro\/albaiulia\/wp-content\/uploads\/2017\/03\/incendiu3.jpg'><img decoding=\"async\" width=\"84\" height=\"150\" src=\"data:image\/png;base64,iVBORw0KGgoAAAANSUhEUgAAAYYAAADcAQMAAABOLJSDAAAAA1BMVEUAAACnej3aAAAAAXRSTlMAQObYZgAAACJJREFUaIHtwTEBAAAAwqD1T20ND6AAAAAAAAAAAAAA4N8AKvgAAUFIrrEAAAAASUVORK5CYII=\" class=\"attachment-thumbnail size-thumbnail lazy-img\" alt=\"\" srcset=\"https:\/\/urbeamea.ro\/albaiulia\/wp-content\/uploads\/2017\/03\/incendiu3-84x150.jpg 84w, https:\/\/urbeamea.ro\/albaiulia\/wp-content\/uploads\/2017\/03\/incendiu3-360x640.jpg 360w, https:\/\/urbeamea.ro\/albaiulia\/wp-content\/uploads\/2017\/03\/incendiu3.jpg 540w\" sizes=\"auto, (max-width: 84px) 100vw, 84px\" data-src=\"https:\/\/urbeamea.ro\/albaiulia\/wp-content\/uploads\/2017\/03\/incendiu3-84x150.jpg\" loading=\"lazy\" \/><\/a>\n\t\t\t<\/div><\/figure><figure class='gallery-item'>\n\t\t\t<div class='gallery-icon landscape'>\n\t\t\t\t<a href='https:\/\/urbeamea.ro\/albaiulia\/wp-content\/uploads\/2017\/03\/incendiu4.jpg'><img decoding=\"async\" width=\"150\" height=\"84\" src=\"data:image\/png;base64,iVBORw0KGgoAAAANSUhEUgAAAYYAAADcAQMAAABOLJSDAAAAA1BMVEUAAACnej3aAAAAAXRSTlMAQObYZgAAACJJREFUaIHtwTEBAAAAwqD1T20ND6AAAAAAAAAAAAAA4N8AKvgAAUFIrrEAAAAASUVORK5CYII=\" class=\"attachment-thumbnail size-thumbnail lazy-img\" alt=\"\" srcset=\"https:\/\/urbeamea.ro\/albaiulia\/wp-content\/uploads\/2017\/03\/incendiu4-150x84.jpg 150w, https:\/\/urbeamea.ro\/albaiulia\/wp-content\/uploads\/2017\/03\/incendiu4-640x360.jpg 640w, https:\/\/urbeamea.ro\/albaiulia\/wp-content\/uploads\/2017\/03\/incendiu4-768x432.jpg 768w, https:\/\/urbeamea.ro\/albaiulia\/wp-content\/uploads\/2017\/03\/incendiu4-819x452.jpg 819w, https:\/\/urbeamea.ro\/albaiulia\/wp-content\/uploads\/2017\/03\/incendiu4.jpg 960w\" sizes=\"auto, (max-width: 150px) 100vw, 150px\" data-src=\"https:\/\/urbeamea.ro\/albaiulia\/wp-content\/uploads\/2017\/03\/incendiu4-150x84.jpg\" loading=\"lazy\" \/><\/a>\n\t\t\t<\/div><\/figure><figure class='gallery-item'>\n\t\t\t<div class='gallery-icon landscape'>\n\t\t\t\t<a href='https:\/\/urbeamea.ro\/albaiulia\/wp-content\/uploads\/2017\/03\/incendiu5.jpg'><img decoding=\"async\" width=\"150\" height=\"84\" src=\"data:image\/png;base64,iVBORw0KGgoAAAANSUhEUgAAAYYAAADcAQMAAABOLJSDAAAAA1BMVEUAAACnej3aAAAAAXRSTlMAQObYZgAAACJJREFUaIHtwTEBAAAAwqD1T20ND6AAAAAAAAAAAAAA4N8AKvgAAUFIrrEAAAAASUVORK5CYII=\" class=\"attachment-thumbnail size-thumbnail lazy-img\" alt=\"\" srcset=\"https:\/\/urbeamea.ro\/albaiulia\/wp-content\/uploads\/2017\/03\/incendiu5-150x84.jpg 150w, https:\/\/urbeamea.ro\/albaiulia\/wp-content\/uploads\/2017\/03\/incendiu5-640x360.jpg 640w, https:\/\/urbeamea.ro\/albaiulia\/wp-content\/uploads\/2017\/03\/incendiu5-768x432.jpg 768w, https:\/\/urbeamea.ro\/albaiulia\/wp-content\/uploads\/2017\/03\/incendiu5-819x452.jpg 819w, https:\/\/urbeamea.ro\/albaiulia\/wp-content\/uploads\/2017\/03\/incendiu5.jpg 960w\" sizes=\"auto, (max-width: 150px) 100vw, 150px\" data-src=\"https:\/\/urbeamea.ro\/albaiulia\/wp-content\/uploads\/2017\/03\/incendiu5-150x84.jpg\" loading=\"lazy\" \/><\/a>\n\t\t\t<\/div><\/figure><figure class='gallery-item'>\n\t\t\t<div class='gallery-icon portrait'>\n\t\t\t\t<a href='https:\/\/urbeamea.ro\/albaiulia\/wp-content\/uploads\/2017\/03\/incendiu6.jpg'><img decoding=\"async\" width=\"84\" height=\"150\" src=\"data:image\/png;base64,iVBORw0KGgoAAAANSUhEUgAAAYYAAADcAQMAAABOLJSDAAAAA1BMVEUAAACnej3aAAAAAXRSTlMAQObYZgAAACJJREFUaIHtwTEBAAAAwqD1T20ND6AAAAAAAAAAAAAA4N8AKvgAAUFIrrEAAAAASUVORK5CYII=\" class=\"attachment-thumbnail size-thumbnail lazy-img\" alt=\"\" srcset=\"https:\/\/urbeamea.ro\/albaiulia\/wp-content\/uploads\/2017\/03\/incendiu6-84x150.jpg 84w, https:\/\/urbeamea.ro\/albaiulia\/wp-content\/uploads\/2017\/03\/incendiu6-360x640.jpg 360w, https:\/\/urbeamea.ro\/albaiulia\/wp-content\/uploads\/2017\/03\/incendiu6.jpg 540w\" sizes=\"auto, (max-width: 84px) 100vw, 84px\" data-src=\"https:\/\/urbeamea.ro\/albaiulia\/wp-content\/uploads\/2017\/03\/incendiu6-84x150.jpg\" loading=\"lazy\" \/><\/a>\n\t\t\t<\/div><\/figure>\n\t\t<\/div>\n\n","protected":false},"excerpt":{"rendered":"<p>Pompierii din C\u00eempeni au intervenit miercuri, 29 martie, \u00een cooperare cu Servicul Voluntar pentru Situa\u021bii de Urgen\u021b\u0103 Po\u0219aga, pentru stingerea a dou\u0103 incendii de vegeta\u021bie uscat\u0103, l\u0103st\u0103ri\u0219, m\u0103r\u0103cini\u0219, dobor\u00e2turi \u0219i litier\u0103 pe raza localit\u0103\u0163ii Po\u0219aga \u2013\u00a0 zonele Custuri \u0219i Haramuc. \u00cen total au ars aproximativ 9 ha de vegeta\u0163ie uscat\u0103, m\u0103r\u0103cini\u0219, l\u0103st\u0103ri\u0219, dobor\u00e2turi \u0219i litier\u0103, &hellip;<\/p>\n","protected":false},"author":17,"featured_media":42362,"comment_status":"open","ping_status":"open","sticky":false,"template":"","format":"standard","meta":{"inline_featured_image":false,"footnotes":""},"categories":[2034],"tags":[307,10493,10494,2732,2560,3895,308,76,3206],"class_list":["post-42278","post","type-post","status-publish","format-standard","has-post-thumbnail","hentry","category-social","tag-alba","tag-custuri","tag-haramuc","tag-incendiu","tag-isu-alba","tag-posaga","tag-stiri","tag-urbea-mea","tag-vegetatie-uscata"],"yoast_head":"<!-- This site is optimized with the Yoast SEO plugin v28.3 - https:\/\/yoast.com\/product\/yoast-seo-wordpress\/ -->\n<title>(FOTO) Incendiu de vegeta\u0163ie uscat\u0103 la Po\u015faga: 9 hectare de teren au fost mistuite de fl\u0103c\u0103ri - Revista Urbea Mea - Revista de Alba<\/title>\n<meta name=\"description\" content=\"Pompierii din C\u00eempeni au intervenit miercuri, 29 martie, \u00een cooperare cu Servicul Voluntar pentru Situa\u021bii de Urgen\u021b\u0103 Po\u0219aga, pentru stingerea a dou\u0103\" \/>\n<meta name=\"robots\" content=\"index, follow, max-snippet:-1, max-image-preview:large, max-video-preview:-1\" \/>\n<link rel=\"canonical\" href=\"https:\/\/urbeamea.ro\/albaiulia\/foto-incendiu-de-vegetatie-uscata-la-posaga-9-hectare-de-teren-au-fost-mistuite-de-flacari\/\" \/>\n<meta name=\"twitter:card\" content=\"summary_large_image\" \/>\n<meta name=\"twitter:title\" content=\"(FOTO) Incendiu de vegeta\u0163ie uscat\u0103 la Po\u015faga: 9 hectare de teren au fost mistuite de fl\u0103c\u0103ri - Revista Urbea Mea - Revista de Alba\" \/>\n<meta name=\"twitter:description\" content=\"Pompierii din C\u00eempeni au intervenit miercuri, 29 martie, \u00een cooperare cu Servicul Voluntar pentru Situa\u021bii de Urgen\u021b\u0103 Po\u0219aga, pentru stingerea a dou\u0103\" \/>\n<meta name=\"twitter:image\" content=\"https:\/\/urbeamea.ro\/albaiulia\/wp-content\/uploads\/2017\/03\/incendiu5.jpg\" \/>\n<meta name=\"twitter:creator\" content=\"@urbeameaweb\" \/>\n<meta name=\"twitter:site\" content=\"@urbeameaweb\" \/>\n<script type=\"application\/ld+json\" class=\"yoast-schema-graph\">{\"@context\":\"https:\\\/\\\/schema.org\",\"@graph\":[{\"@type\":\"Article\",\"@id\":\"https:\\\/\\\/urbeamea.ro\\\/albaiulia\\\/foto-incendiu-de-vegetatie-uscata-la-posaga-9-hectare-de-teren-au-fost-mistuite-de-flacari\\\/#article\",\"isPartOf\":{\"@id\":\"https:\\\/\\\/urbeamea.ro\\\/albaiulia\\\/foto-incendiu-de-vegetatie-uscata-la-posaga-9-hectare-de-teren-au-fost-mistuite-de-flacari\\\/\"},\"author\":{\"name\":\"Cristina Ganga\",\"@id\":\"https:\\\/\\\/urbeamea.ro\\\/albaiulia\\\/#\\\/schema\\\/person\\\/9700d21fae21c4f038b0b56f4506264a\"},\"headline\":\"(FOTO) Incendiu de vegeta\u0163ie uscat\u0103 la Po\u015faga: 9 hectare de teren au fost mistuite de fl\u0103c\u0103ri\",\"datePublished\":\"2017-03-30T08:23:07+00:00\",\"dateModified\":\"2017-03-30T16:43:18+00:00\",\"mainEntityOfPage\":{\"@id\":\"https:\\\/\\\/urbeamea.ro\\\/albaiulia\\\/foto-incendiu-de-vegetatie-uscata-la-posaga-9-hectare-de-teren-au-fost-mistuite-de-flacari\\\/\"},\"wordCount\":445,\"commentCount\":0,\"image\":{\"@id\":\"https:\\\/\\\/urbeamea.ro\\\/albaiulia\\\/foto-incendiu-de-vegetatie-uscata-la-posaga-9-hectare-de-teren-au-fost-mistuite-de-flacari\\\/#primaryimage\"},\"thumbnailUrl\":\"https:\\\/\\\/urbeamea.ro\\\/albaiulia\\\/wp-content\\\/uploads\\\/2017\\\/03\\\/incendiu5.jpg\",\"keywords\":[\"alba\",\"custuri\",\"haramuc\",\"incendiu\",\"ISU Alba\",\"posaga\",\"stiri\",\"Urbea Mea\",\"vegetatie uscata\"],\"articleSection\":[\"Social\"],\"inLanguage\":\"ro-RO\",\"potentialAction\":[{\"@type\":\"CommentAction\",\"name\":\"Comment\",\"target\":[\"https:\\\/\\\/urbeamea.ro\\\/albaiulia\\\/foto-incendiu-de-vegetatie-uscata-la-posaga-9-hectare-de-teren-au-fost-mistuite-de-flacari\\\/#respond\"]}]},{\"@type\":\"WebPage\",\"@id\":\"https:\\\/\\\/urbeamea.ro\\\/albaiulia\\\/foto-incendiu-de-vegetatie-uscata-la-posaga-9-hectare-de-teren-au-fost-mistuite-de-flacari\\\/\",\"url\":\"https:\\\/\\\/urbeamea.ro\\\/albaiulia\\\/foto-incendiu-de-vegetatie-uscata-la-posaga-9-hectare-de-teren-au-fost-mistuite-de-flacari\\\/\",\"name\":\"(FOTO) Incendiu de vegeta\u0163ie uscat\u0103 la Po\u015faga: 9 hectare de teren au fost mistuite de fl\u0103c\u0103ri - Revista Urbea Mea - Revista de Alba\",\"isPartOf\":{\"@id\":\"https:\\\/\\\/urbeamea.ro\\\/albaiulia\\\/#website\"},\"primaryImageOfPage\":{\"@id\":\"https:\\\/\\\/urbeamea.ro\\\/albaiulia\\\/foto-incendiu-de-vegetatie-uscata-la-posaga-9-hectare-de-teren-au-fost-mistuite-de-flacari\\\/#primaryimage\"},\"image\":{\"@id\":\"https:\\\/\\\/urbeamea.ro\\\/albaiulia\\\/foto-incendiu-de-vegetatie-uscata-la-posaga-9-hectare-de-teren-au-fost-mistuite-de-flacari\\\/#primaryimage\"},\"thumbnailUrl\":\"https:\\\/\\\/urbeamea.ro\\\/albaiulia\\\/wp-content\\\/uploads\\\/2017\\\/03\\\/incendiu5.jpg\",\"datePublished\":\"2017-03-30T08:23:07+00:00\",\"dateModified\":\"2017-03-30T16:43:18+00:00\",\"author\":{\"@id\":\"https:\\\/\\\/urbeamea.ro\\\/albaiulia\\\/#\\\/schema\\\/person\\\/9700d21fae21c4f038b0b56f4506264a\"},\"description\":\"Pompierii din C\u00eempeni au intervenit miercuri, 29 martie, \u00een cooperare cu Servicul Voluntar pentru Situa\u021bii de Urgen\u021b\u0103 Po\u0219aga, pentru stingerea a dou\u0103\",\"breadcrumb\":{\"@id\":\"https:\\\/\\\/urbeamea.ro\\\/albaiulia\\\/foto-incendiu-de-vegetatie-uscata-la-posaga-9-hectare-de-teren-au-fost-mistuite-de-flacari\\\/#breadcrumb\"},\"inLanguage\":\"ro-RO\",\"potentialAction\":[{\"@type\":\"ReadAction\",\"target\":[\"https:\\\/\\\/urbeamea.ro\\\/albaiulia\\\/foto-incendiu-de-vegetatie-uscata-la-posaga-9-hectare-de-teren-au-fost-mistuite-de-flacari\\\/\"]}]},{\"@type\":\"ImageObject\",\"inLanguage\":\"ro-RO\",\"@id\":\"https:\\\/\\\/urbeamea.ro\\\/albaiulia\\\/foto-incendiu-de-vegetatie-uscata-la-posaga-9-hectare-de-teren-au-fost-mistuite-de-flacari\\\/#primaryimage\",\"url\":\"https:\\\/\\\/urbeamea.ro\\\/albaiulia\\\/wp-content\\\/uploads\\\/2017\\\/03\\\/incendiu5.jpg\",\"contentUrl\":\"https:\\\/\\\/urbeamea.ro\\\/albaiulia\\\/wp-content\\\/uploads\\\/2017\\\/03\\\/incendiu5.jpg\",\"width\":960,\"height\":540},{\"@type\":\"BreadcrumbList\",\"@id\":\"https:\\\/\\\/urbeamea.ro\\\/albaiulia\\\/foto-incendiu-de-vegetatie-uscata-la-posaga-9-hectare-de-teren-au-fost-mistuite-de-flacari\\\/#breadcrumb\",\"itemListElement\":[{\"@type\":\"ListItem\",\"position\":1,\"name\":\"Prima pagin\u0103\",\"item\":\"https:\\\/\\\/urbeamea.ro\\\/albaiulia\\\/\"},{\"@type\":\"ListItem\",\"position\":2,\"name\":\"(FOTO) Incendiu de vegeta\u0163ie uscat\u0103 la Po\u015faga: 9 hectare de teren au fost mistuite de fl\u0103c\u0103ri\"}]},{\"@type\":\"WebSite\",\"@id\":\"https:\\\/\\\/urbeamea.ro\\\/albaiulia\\\/#website\",\"url\":\"https:\\\/\\\/urbeamea.ro\\\/albaiulia\\\/\",\"name\":\"Revista Urbea Mea, Stiri urbane\",\"description\":\"Evenimente \u0219i \u0219tiri din Alba Iulia, Sebe\u0219, Aiud, Blaj\",\"potentialAction\":[{\"@type\":\"SearchAction\",\"target\":{\"@type\":\"EntryPoint\",\"urlTemplate\":\"https:\\\/\\\/urbeamea.ro\\\/albaiulia\\\/?s={search_term_string}\"},\"query-input\":{\"@type\":\"PropertyValueSpecification\",\"valueRequired\":true,\"valueName\":\"search_term_string\"}}],\"inLanguage\":\"ro-RO\"},{\"@type\":\"Person\",\"@id\":\"https:\\\/\\\/urbeamea.ro\\\/albaiulia\\\/#\\\/schema\\\/person\\\/9700d21fae21c4f038b0b56f4506264a\",\"name\":\"Cristina Ganga\",\"image\":{\"@type\":\"ImageObject\",\"inLanguage\":\"ro-RO\",\"@id\":\"https:\\\/\\\/secure.gravatar.com\\\/avatar\\\/5a67661041f057b4a8ccaf26f5a8e86e2689372006d01faf3dd9eeb10b654bb4?s=96&d=mm&r=g\",\"url\":\"https:\\\/\\\/secure.gravatar.com\\\/avatar\\\/5a67661041f057b4a8ccaf26f5a8e86e2689372006d01faf3dd9eeb10b654bb4?s=96&d=mm&r=g\",\"contentUrl\":\"https:\\\/\\\/secure.gravatar.com\\\/avatar\\\/5a67661041f057b4a8ccaf26f5a8e86e2689372006d01faf3dd9eeb10b654bb4?s=96&d=mm&r=g\",\"caption\":\"Cristina Ganga\"},\"description\":\"Jurnalist\",\"sameAs\":[\"https:\\\/\\\/www.facebook.com\\\/cristina.nicola.587\"],\"url\":\"https:\\\/\\\/urbeamea.ro\\\/albaiulia\\\/author\\\/cristina-nicola\\\/\"}]}<\/script>\n<!-- \/ Yoast SEO plugin. -->","yoast_head_json":{"title":"(FOTO) Incendiu de vegeta\u0163ie uscat\u0103 la Po\u015faga: 9 hectare de teren au fost mistuite de fl\u0103c\u0103ri - Revista Urbea Mea - Revista de Alba","description":"Pompierii din C\u00eempeni au intervenit miercuri, 29 martie, \u00een cooperare cu Servicul Voluntar pentru Situa\u021bii de Urgen\u021b\u0103 Po\u0219aga, pentru stingerea a dou\u0103","robots":{"index":"index","follow":"follow","max-snippet":"max-snippet:-1","max-image-preview":"max-image-preview:large","max-video-preview":"max-video-preview:-1"},"canonical":"https:\/\/urbeamea.ro\/albaiulia\/foto-incendiu-de-vegetatie-uscata-la-posaga-9-hectare-de-teren-au-fost-mistuite-de-flacari\/","twitter_card":"summary_large_image","twitter_title":"(FOTO) Incendiu de vegeta\u0163ie uscat\u0103 la Po\u015faga: 9 hectare de teren au fost mistuite de fl\u0103c\u0103ri - Revista Urbea Mea - Revista de Alba","twitter_description":"Pompierii din C\u00eempeni au intervenit miercuri, 29 martie, \u00een cooperare cu Servicul Voluntar pentru Situa\u021bii de Urgen\u021b\u0103 Po\u0219aga, pentru stingerea a dou\u0103","twitter_image":"https:\/\/urbeamea.ro\/albaiulia\/wp-content\/uploads\/2017\/03\/incendiu5.jpg","twitter_creator":"@urbeameaweb","twitter_site":"@urbeameaweb","schema":{"@context":"https:\/\/schema.org","@graph":[{"@type":"Article","@id":"https:\/\/urbeamea.ro\/albaiulia\/foto-incendiu-de-vegetatie-uscata-la-posaga-9-hectare-de-teren-au-fost-mistuite-de-flacari\/#article","isPartOf":{"@id":"https:\/\/urbeamea.ro\/albaiulia\/foto-incendiu-de-vegetatie-uscata-la-posaga-9-hectare-de-teren-au-fost-mistuite-de-flacari\/"},"author":{"name":"Cristina Ganga","@id":"https:\/\/urbeamea.ro\/albaiulia\/#\/schema\/person\/9700d21fae21c4f038b0b56f4506264a"},"headline":"(FOTO) Incendiu de vegeta\u0163ie uscat\u0103 la Po\u015faga: 9 hectare de teren au fost mistuite de fl\u0103c\u0103ri","datePublished":"2017-03-30T08:23:07+00:00","dateModified":"2017-03-30T16:43:18+00:00","mainEntityOfPage":{"@id":"https:\/\/urbeamea.ro\/albaiulia\/foto-incendiu-de-vegetatie-uscata-la-posaga-9-hectare-de-teren-au-fost-mistuite-de-flacari\/"},"wordCount":445,"commentCount":0,"image":{"@id":"https:\/\/urbeamea.ro\/albaiulia\/foto-incendiu-de-vegetatie-uscata-la-posaga-9-hectare-de-teren-au-fost-mistuite-de-flacari\/#primaryimage"},"thumbnailUrl":"https:\/\/urbeamea.ro\/albaiulia\/wp-content\/uploads\/2017\/03\/incendiu5.jpg","keywords":["alba","custuri","haramuc","incendiu","ISU Alba","posaga","stiri","Urbea Mea","vegetatie uscata"],"articleSection":["Social"],"inLanguage":"ro-RO","potentialAction":[{"@type":"CommentAction","name":"Comment","target":["https:\/\/urbeamea.ro\/albaiulia\/foto-incendiu-de-vegetatie-uscata-la-posaga-9-hectare-de-teren-au-fost-mistuite-de-flacari\/#respond"]}]},{"@type":"WebPage","@id":"https:\/\/urbeamea.ro\/albaiulia\/foto-incendiu-de-vegetatie-uscata-la-posaga-9-hectare-de-teren-au-fost-mistuite-de-flacari\/","url":"https:\/\/urbeamea.ro\/albaiulia\/foto-incendiu-de-vegetatie-uscata-la-posaga-9-hectare-de-teren-au-fost-mistuite-de-flacari\/","name":"(FOTO) Incendiu de vegeta\u0163ie uscat\u0103 la Po\u015faga: 9 hectare de teren au fost mistuite de fl\u0103c\u0103ri - Revista Urbea Mea - Revista de Alba","isPartOf":{"@id":"https:\/\/urbeamea.ro\/albaiulia\/#website"},"primaryImageOfPage":{"@id":"https:\/\/urbeamea.ro\/albaiulia\/foto-incendiu-de-vegetatie-uscata-la-posaga-9-hectare-de-teren-au-fost-mistuite-de-flacari\/#primaryimage"},"image":{"@id":"https:\/\/urbeamea.ro\/albaiulia\/foto-incendiu-de-vegetatie-uscata-la-posaga-9-hectare-de-teren-au-fost-mistuite-de-flacari\/#primaryimage"},"thumbnailUrl":"https:\/\/urbeamea.ro\/albaiulia\/wp-content\/uploads\/2017\/03\/incendiu5.jpg","datePublished":"2017-03-30T08:23:07+00:00","dateModified":"2017-03-30T16:43:18+00:00","author":{"@id":"https:\/\/urbeamea.ro\/albaiulia\/#\/schema\/person\/9700d21fae21c4f038b0b56f4506264a"},"description":"Pompierii din C\u00eempeni au intervenit miercuri, 29 martie, \u00een cooperare cu Servicul Voluntar pentru Situa\u021bii de Urgen\u021b\u0103 Po\u0219aga, pentru stingerea a dou\u0103","breadcrumb":{"@id":"https:\/\/urbeamea.ro\/albaiulia\/foto-incendiu-de-vegetatie-uscata-la-posaga-9-hectare-de-teren-au-fost-mistuite-de-flacari\/#breadcrumb"},"inLanguage":"ro-RO","potentialAction":[{"@type":"ReadAction","target":["https:\/\/urbeamea.ro\/albaiulia\/foto-incendiu-de-vegetatie-uscata-la-posaga-9-hectare-de-teren-au-fost-mistuite-de-flacari\/"]}]},{"@type":"ImageObject","inLanguage":"ro-RO","@id":"https:\/\/urbeamea.ro\/albaiulia\/foto-incendiu-de-vegetatie-uscata-la-posaga-9-hectare-de-teren-au-fost-mistuite-de-flacari\/#primaryimage","url":"https:\/\/urbeamea.ro\/albaiulia\/wp-content\/uploads\/2017\/03\/incendiu5.jpg","contentUrl":"https:\/\/urbeamea.ro\/albaiulia\/wp-content\/uploads\/2017\/03\/incendiu5.jpg","width":960,"height":540},{"@type":"BreadcrumbList","@id":"https:\/\/urbeamea.ro\/albaiulia\/foto-incendiu-de-vegetatie-uscata-la-posaga-9-hectare-de-teren-au-fost-mistuite-de-flacari\/#breadcrumb","itemListElement":[{"@type":"ListItem","position":1,"name":"Prima pagin\u0103","item":"https:\/\/urbeamea.ro\/albaiulia\/"},{"@type":"ListItem","position":2,"name":"(FOTO) Incendiu de vegeta\u0163ie uscat\u0103 la Po\u015faga: 9 hectare de teren au fost mistuite de fl\u0103c\u0103ri"}]},{"@type":"WebSite","@id":"https:\/\/urbeamea.ro\/albaiulia\/#website","url":"https:\/\/urbeamea.ro\/albaiulia\/","name":"Revista Urbea Mea, Stiri urbane","description":"Evenimente \u0219i \u0219tiri din Alba Iulia, Sebe\u0219, Aiud, Blaj","potentialAction":[{"@type":"SearchAction","target":{"@type":"EntryPoint","urlTemplate":"https:\/\/urbeamea.ro\/albaiulia\/?s={search_term_string}"},"query-input":{"@type":"PropertyValueSpecification","valueRequired":true,"valueName":"search_term_string"}}],"inLanguage":"ro-RO"},{"@type":"Person","@id":"https:\/\/urbeamea.ro\/albaiulia\/#\/schema\/person\/9700d21fae21c4f038b0b56f4506264a","name":"Cristina Ganga","image":{"@type":"ImageObject","inLanguage":"ro-RO","@id":"https:\/\/secure.gravatar.com\/avatar\/5a67661041f057b4a8ccaf26f5a8e86e2689372006d01faf3dd9eeb10b654bb4?s=96&d=mm&r=g","url":"https:\/\/secure.gravatar.com\/avatar\/5a67661041f057b4a8ccaf26f5a8e86e2689372006d01faf3dd9eeb10b654bb4?s=96&d=mm&r=g","contentUrl":"https:\/\/secure.gravatar.com\/avatar\/5a67661041f057b4a8ccaf26f5a8e86e2689372006d01faf3dd9eeb10b654bb4?s=96&d=mm&r=g","caption":"Cristina Ganga"},"description":"Jurnalist","sameAs":["https:\/\/www.facebook.com\/cristina.nicola.587"],"url":"https:\/\/urbeamea.ro\/albaiulia\/author\/cristina-nicola\/"}]}},"_links":{"self":[{"href":"https:\/\/urbeamea.ro\/albaiulia\/wp-json\/wp\/v2\/posts\/42278","targetHints":{"allow":["GET"]}}],"collection":[{"href":"https:\/\/urbeamea.ro\/albaiulia\/wp-json\/wp\/v2\/posts"}],"about":[{"href":"https:\/\/urbeamea.ro\/albaiulia\/wp-json\/wp\/v2\/types\/post"}],"author":[{"embeddable":true,"href":"https:\/\/urbeamea.ro\/albaiulia\/wp-json\/wp\/v2\/users\/17"}],"replies":[{"embeddable":true,"href":"https:\/\/urbeamea.ro\/albaiulia\/wp-json\/wp\/v2\/comments?post=42278"}],"version-history":[{"count":0,"href":"https:\/\/urbeamea.ro\/albaiulia\/wp-json\/wp\/v2\/posts\/42278\/revisions"}],"wp:featuredmedia":[{"embeddable":true,"href":"https:\/\/urbeamea.ro\/albaiulia\/wp-json\/wp\/v2\/media\/42362"}],"wp:attachment":[{"href":"https:\/\/urbeamea.ro\/albaiulia\/wp-json\/wp\/v2\/media?parent=42278"}],"wp:term":[{"taxonomy":"category","embeddable":true,"href":"https:\/\/urbeamea.ro\/albaiulia\/wp-json\/wp\/v2\/categories?post=42278"},{"taxonomy":"post_tag","embeddable":true,"href":"https:\/\/urbeamea.ro\/albaiulia\/wp-json\/wp\/v2\/tags?post=42278"}],"curies":[{"name":"wp","href":"https:\/\/api.w.org\/{rel}","templated":true}]}}