{"id":42665,"date":"2017-04-03T19:00:16","date_gmt":"2017-04-03T16:00:16","guid":{"rendered":"http:\/\/urbeamea.ro\/albaiulia\/?p=42665"},"modified":"2017-04-03T19:06:01","modified_gmt":"2017-04-03T16:06:01","slug":"foto-video-romania-te-iubesc-cea-mai-noua-piesa-marca-the-puzzles","status":"publish","type":"post","link":"https:\/\/urbeamea.ro\/albaiulia\/foto-video-romania-te-iubesc-cea-mai-noua-piesa-marca-the-puzzles\/","title":{"rendered":"FOTO-VIDEO: \u201eRom\u00e2nia, Te iubesc\u201d, cea mai nou\u0103 pies\u0103 marca &#8222;The PuZzles&#8221;"},"content":{"rendered":"<p><em>&#8222;Nu vrem s\u0103 isc\u0103m o revolu\u021bie, nici nu am confundat 1 aprilie cu 1 decembrie \u0219i \u00een niciun caz nu e vorba de vreo p\u0103c\u0103leal\u0103! Vrem s\u0103 v\u0103 trimitem o carte po\u0219tal\u0103 modern\u0103, pe care nu o ve\u021bi g\u0103si \u00een cutiile po\u0219tale, ci \u00een inimile voastre! Este noua noastr\u0103 pies\u0103&#8230; despre noi, despre voi, despre Rom\u00e2nia asta drag\u0103!&#8221;.\u00a0<\/em>Este mesajul prin care trupa The PuZzles \u00ee\u015fi anun\u0163\u0103 lansarea noii piese, pe pagina lor de <a href=\"https:\/\/www.facebook.com\/TrupaThePuZzles\/?fref=ts\">Facebook<\/a>.<\/p>\n<p>Despre \u201eRom\u00e2nia, Te iubesc\u201d am putea s\u0103 spunem c\u0103 este o pies\u0103 manifest \u0219i la fel de bine o declara\u021bie de dragoste pentru Rom\u00e2nia, pe care b\u0103ie\u021bii de la The PuZzles doresc s\u0103 o \u00eempart\u0103\u0219easc\u0103.<\/p>\n<p>Ritmul vivace \u0219i antrenant al piesei, cu influen\u021be Funk \u0219i pigmentat cu nuan\u0163e folclorice, transmite din energia b\u0103ie\u021bilor \u0219i diversitatea muzical\u0103 pe care ace\u0219tia o abordeaz\u0103.<\/p>\n<p>\u00cen prim\u0103vara din 2016 ne spuneau \u201eRise and Shine\u201d, prima pies\u0103 a trupei, iar acum au ales s\u0103 \u00eenceap\u0103 prim\u0103vara prin efervescenta Rom\u00e2nia Te iubesc, realizat\u0103 tot \u00een colaborare cu echipa Moving Records.<\/p>\n<p><em>&#8222;Trupa The PuZzles \u0219i-a \u00eenceput activitatea \u00een anul 2011, pe atunci cu scopul declarat de a c\u00e2nta exclusiv cover-uri, d\u00e2nd glas diverselor evenimente la care erau invita\u021bi (petreceri, anivers\u0103ri, nun\u021bi etc.). <\/em><\/p>\n<p><em>\u00cens\u0103, de multe ori \u00een via\u021b\u0103 pornim la drum cu un g\u00e2nd \u0219i s\u0103 ne trezim c\u0103 lucrurile nu func\u021bioneaz\u0103 chiar a\u0219a. De data asta, au func\u021bionat mai bine dec\u00e2t credeam \u0219i spre bucuria noastr\u0103, din potrivirea noastr\u0103\u00a0 au rezultat p\u00e2n\u0103 acum dou\u0103 piese \u0219i nu vrem s\u0103 ne oprim aici&#8221;,<\/em> ne-a \u00eemp\u0103rt\u0103\u0219it Robert Gavrila\u0219, solistul trupei The PuZzles.<\/p>\n<p>https:\/\/youtu.be\/1zs-oDMI0B4<\/p>\n","protected":false},"excerpt":{"rendered":"<p>&#8222;Nu vrem s\u0103 isc\u0103m o revolu\u021bie, nici nu am confundat 1 aprilie cu 1 decembrie \u0219i \u00een niciun caz nu e vorba de vreo p\u0103c\u0103leal\u0103! Vrem s\u0103 v\u0103 trimitem o carte po\u0219tal\u0103 modern\u0103, pe care nu o ve\u021bi g\u0103si \u00een cutiile po\u0219tale, ci \u00een inimile voastre! Este noua noastr\u0103 pies\u0103&#8230; despre noi, despre voi, despre &hellip;<\/p>\n","protected":false},"author":17,"featured_media":42666,"comment_status":"open","ping_status":"open","sticky":false,"template":"","format":"standard","meta":{"inline_featured_image":false,"footnotes":""},"categories":[2036],"tags":[31,372,657,656,272,308,10532,1587,76],"class_list":["post-42665","post","type-post","status-publish","format-standard","has-post-thumbnail","hentry","category-monden","tag-alba-iulia","tag-lansare","tag-moving-records","tag-piesa","tag-romania","tag-stiri","tag-te-iubesc","tag-the-puzzles","tag-urbea-mea"],"yoast_head":"<!-- This site is optimized with the Yoast SEO plugin v28.3 - https:\/\/yoast.com\/product\/yoast-seo-wordpress\/ -->\n<title>FOTO-VIDEO: \u201eRom\u00e2nia, Te iubesc\u201d, cea mai nou\u0103 pies\u0103 marca &quot;The PuZzles&quot; - Revista Urbea Mea - Revista de Alba<\/title>\n<meta name=\"description\" content=\"&quot;Nu vrem s\u0103 isc\u0103m o revolu\u021bie, nici nu am confundat 1 aprilie cu 1 decembrie \u0219i \u00een niciun caz nu e vorba de vreo p\u0103c\u0103leal\u0103! Vrem s\u0103 v\u0103 trimitem o carte\" \/>\n<meta name=\"robots\" content=\"index, follow, max-snippet:-1, max-image-preview:large, max-video-preview:-1\" \/>\n<link rel=\"canonical\" href=\"https:\/\/urbeamea.ro\/albaiulia\/foto-video-romania-te-iubesc-cea-mai-noua-piesa-marca-the-puzzles\/\" \/>\n<meta name=\"twitter:card\" content=\"summary_large_image\" \/>\n<meta name=\"twitter:title\" content=\"FOTO-VIDEO: \u201eRom\u00e2nia, Te iubesc\u201d, cea mai nou\u0103 pies\u0103 marca &quot;The PuZzles&quot; - Revista Urbea Mea - Revista de Alba\" \/>\n<meta name=\"twitter:description\" content=\"&quot;Nu vrem s\u0103 isc\u0103m o revolu\u021bie, nici nu am confundat 1 aprilie cu 1 decembrie \u0219i \u00een niciun caz nu e vorba de vreo p\u0103c\u0103leal\u0103! Vrem s\u0103 v\u0103 trimitem o carte\" \/>\n<meta name=\"twitter:image\" content=\"https:\/\/urbeamea.ro\/albaiulia\/wp-content\/uploads\/2017\/04\/romania-te-iubesc.jpeg\" \/>\n<meta name=\"twitter:creator\" content=\"@urbeameaweb\" \/>\n<meta name=\"twitter:site\" content=\"@urbeameaweb\" \/>\n<script type=\"application\/ld+json\" class=\"yoast-schema-graph\">{\"@context\":\"https:\\\/\\\/schema.org\",\"@graph\":[{\"@type\":\"Article\",\"@id\":\"https:\\\/\\\/urbeamea.ro\\\/albaiulia\\\/foto-video-romania-te-iubesc-cea-mai-noua-piesa-marca-the-puzzles\\\/#article\",\"isPartOf\":{\"@id\":\"https:\\\/\\\/urbeamea.ro\\\/albaiulia\\\/foto-video-romania-te-iubesc-cea-mai-noua-piesa-marca-the-puzzles\\\/\"},\"author\":{\"name\":\"Cristina Ganga\",\"@id\":\"https:\\\/\\\/urbeamea.ro\\\/albaiulia\\\/#\\\/schema\\\/person\\\/9700d21fae21c4f038b0b56f4506264a\"},\"headline\":\"FOTO-VIDEO: \u201eRom\u00e2nia, Te iubesc\u201d, cea mai nou\u0103 pies\u0103 marca &#8222;The PuZzles&#8221;\",\"datePublished\":\"2017-04-03T16:00:16+00:00\",\"dateModified\":\"2017-04-03T16:06:01+00:00\",\"mainEntityOfPage\":{\"@id\":\"https:\\\/\\\/urbeamea.ro\\\/albaiulia\\\/foto-video-romania-te-iubesc-cea-mai-noua-piesa-marca-the-puzzles\\\/\"},\"wordCount\":308,\"commentCount\":0,\"image\":{\"@id\":\"https:\\\/\\\/urbeamea.ro\\\/albaiulia\\\/foto-video-romania-te-iubesc-cea-mai-noua-piesa-marca-the-puzzles\\\/#primaryimage\"},\"thumbnailUrl\":\"https:\\\/\\\/urbeamea.ro\\\/albaiulia\\\/wp-content\\\/uploads\\\/2017\\\/04\\\/romania-te-iubesc.jpeg\",\"keywords\":[\"Alba Iulia\",\"lansare\",\"Moving Records\",\"piesa\",\"romania\",\"stiri\",\"Te iubesc\",\"the puzzles\",\"Urbea Mea\"],\"articleSection\":[\"Monden\"],\"inLanguage\":\"ro-RO\",\"potentialAction\":[{\"@type\":\"CommentAction\",\"name\":\"Comment\",\"target\":[\"https:\\\/\\\/urbeamea.ro\\\/albaiulia\\\/foto-video-romania-te-iubesc-cea-mai-noua-piesa-marca-the-puzzles\\\/#respond\"]}]},{\"@type\":\"WebPage\",\"@id\":\"https:\\\/\\\/urbeamea.ro\\\/albaiulia\\\/foto-video-romania-te-iubesc-cea-mai-noua-piesa-marca-the-puzzles\\\/\",\"url\":\"https:\\\/\\\/urbeamea.ro\\\/albaiulia\\\/foto-video-romania-te-iubesc-cea-mai-noua-piesa-marca-the-puzzles\\\/\",\"name\":\"FOTO-VIDEO: \u201eRom\u00e2nia, Te iubesc\u201d, cea mai nou\u0103 pies\u0103 marca \\\"The PuZzles\\\" - Revista Urbea Mea - Revista de Alba\",\"isPartOf\":{\"@id\":\"https:\\\/\\\/urbeamea.ro\\\/albaiulia\\\/#website\"},\"primaryImageOfPage\":{\"@id\":\"https:\\\/\\\/urbeamea.ro\\\/albaiulia\\\/foto-video-romania-te-iubesc-cea-mai-noua-piesa-marca-the-puzzles\\\/#primaryimage\"},\"image\":{\"@id\":\"https:\\\/\\\/urbeamea.ro\\\/albaiulia\\\/foto-video-romania-te-iubesc-cea-mai-noua-piesa-marca-the-puzzles\\\/#primaryimage\"},\"thumbnailUrl\":\"https:\\\/\\\/urbeamea.ro\\\/albaiulia\\\/wp-content\\\/uploads\\\/2017\\\/04\\\/romania-te-iubesc.jpeg\",\"datePublished\":\"2017-04-03T16:00:16+00:00\",\"dateModified\":\"2017-04-03T16:06:01+00:00\",\"author\":{\"@id\":\"https:\\\/\\\/urbeamea.ro\\\/albaiulia\\\/#\\\/schema\\\/person\\\/9700d21fae21c4f038b0b56f4506264a\"},\"description\":\"\\\"Nu vrem s\u0103 isc\u0103m o revolu\u021bie, nici nu am confundat 1 aprilie cu 1 decembrie \u0219i \u00een niciun caz nu e vorba de vreo p\u0103c\u0103leal\u0103! Vrem s\u0103 v\u0103 trimitem o carte\",\"breadcrumb\":{\"@id\":\"https:\\\/\\\/urbeamea.ro\\\/albaiulia\\\/foto-video-romania-te-iubesc-cea-mai-noua-piesa-marca-the-puzzles\\\/#breadcrumb\"},\"inLanguage\":\"ro-RO\",\"potentialAction\":[{\"@type\":\"ReadAction\",\"target\":[\"https:\\\/\\\/urbeamea.ro\\\/albaiulia\\\/foto-video-romania-te-iubesc-cea-mai-noua-piesa-marca-the-puzzles\\\/\"]}]},{\"@type\":\"ImageObject\",\"inLanguage\":\"ro-RO\",\"@id\":\"https:\\\/\\\/urbeamea.ro\\\/albaiulia\\\/foto-video-romania-te-iubesc-cea-mai-noua-piesa-marca-the-puzzles\\\/#primaryimage\",\"url\":\"https:\\\/\\\/urbeamea.ro\\\/albaiulia\\\/wp-content\\\/uploads\\\/2017\\\/04\\\/romania-te-iubesc.jpeg\",\"contentUrl\":\"https:\\\/\\\/urbeamea.ro\\\/albaiulia\\\/wp-content\\\/uploads\\\/2017\\\/04\\\/romania-te-iubesc.jpeg\",\"width\":2048,\"height\":1448},{\"@type\":\"BreadcrumbList\",\"@id\":\"https:\\\/\\\/urbeamea.ro\\\/albaiulia\\\/foto-video-romania-te-iubesc-cea-mai-noua-piesa-marca-the-puzzles\\\/#breadcrumb\",\"itemListElement\":[{\"@type\":\"ListItem\",\"position\":1,\"name\":\"Prima pagin\u0103\",\"item\":\"https:\\\/\\\/urbeamea.ro\\\/albaiulia\\\/\"},{\"@type\":\"ListItem\",\"position\":2,\"name\":\"FOTO-VIDEO: \u201eRom\u00e2nia, Te iubesc\u201d, cea mai nou\u0103 pies\u0103 marca &#8222;The PuZzles&#8221;\"}]},{\"@type\":\"WebSite\",\"@id\":\"https:\\\/\\\/urbeamea.ro\\\/albaiulia\\\/#website\",\"url\":\"https:\\\/\\\/urbeamea.ro\\\/albaiulia\\\/\",\"name\":\"Revista Urbea Mea, Stiri urbane\",\"description\":\"Evenimente \u0219i \u0219tiri din Alba Iulia, Sebe\u0219, Aiud, Blaj\",\"potentialAction\":[{\"@type\":\"SearchAction\",\"target\":{\"@type\":\"EntryPoint\",\"urlTemplate\":\"https:\\\/\\\/urbeamea.ro\\\/albaiulia\\\/?s={search_term_string}\"},\"query-input\":{\"@type\":\"PropertyValueSpecification\",\"valueRequired\":true,\"valueName\":\"search_term_string\"}}],\"inLanguage\":\"ro-RO\"},{\"@type\":\"Person\",\"@id\":\"https:\\\/\\\/urbeamea.ro\\\/albaiulia\\\/#\\\/schema\\\/person\\\/9700d21fae21c4f038b0b56f4506264a\",\"name\":\"Cristina Ganga\",\"image\":{\"@type\":\"ImageObject\",\"inLanguage\":\"ro-RO\",\"@id\":\"https:\\\/\\\/secure.gravatar.com\\\/avatar\\\/5a67661041f057b4a8ccaf26f5a8e86e2689372006d01faf3dd9eeb10b654bb4?s=96&d=mm&r=g\",\"url\":\"https:\\\/\\\/secure.gravatar.com\\\/avatar\\\/5a67661041f057b4a8ccaf26f5a8e86e2689372006d01faf3dd9eeb10b654bb4?s=96&d=mm&r=g\",\"contentUrl\":\"https:\\\/\\\/secure.gravatar.com\\\/avatar\\\/5a67661041f057b4a8ccaf26f5a8e86e2689372006d01faf3dd9eeb10b654bb4?s=96&d=mm&r=g\",\"caption\":\"Cristina Ganga\"},\"description\":\"Jurnalist\",\"sameAs\":[\"https:\\\/\\\/www.facebook.com\\\/cristina.nicola.587\"],\"url\":\"https:\\\/\\\/urbeamea.ro\\\/albaiulia\\\/author\\\/cristina-nicola\\\/\"}]}<\/script>\n<!-- \/ Yoast SEO plugin. -->","yoast_head_json":{"title":"FOTO-VIDEO: \u201eRom\u00e2nia, Te iubesc\u201d, cea mai nou\u0103 pies\u0103 marca \"The PuZzles\" - Revista Urbea Mea - Revista de Alba","description":"\"Nu vrem s\u0103 isc\u0103m o revolu\u021bie, nici nu am confundat 1 aprilie cu 1 decembrie \u0219i \u00een niciun caz nu e vorba de vreo p\u0103c\u0103leal\u0103! Vrem s\u0103 v\u0103 trimitem o carte","robots":{"index":"index","follow":"follow","max-snippet":"max-snippet:-1","max-image-preview":"max-image-preview:large","max-video-preview":"max-video-preview:-1"},"canonical":"https:\/\/urbeamea.ro\/albaiulia\/foto-video-romania-te-iubesc-cea-mai-noua-piesa-marca-the-puzzles\/","twitter_card":"summary_large_image","twitter_title":"FOTO-VIDEO: \u201eRom\u00e2nia, Te iubesc\u201d, cea mai nou\u0103 pies\u0103 marca \"The PuZzles\" - Revista Urbea Mea - Revista de Alba","twitter_description":"\"Nu vrem s\u0103 isc\u0103m o revolu\u021bie, nici nu am confundat 1 aprilie cu 1 decembrie \u0219i \u00een niciun caz nu e vorba de vreo p\u0103c\u0103leal\u0103! Vrem s\u0103 v\u0103 trimitem o carte","twitter_image":"https:\/\/urbeamea.ro\/albaiulia\/wp-content\/uploads\/2017\/04\/romania-te-iubesc.jpeg","twitter_creator":"@urbeameaweb","twitter_site":"@urbeameaweb","schema":{"@context":"https:\/\/schema.org","@graph":[{"@type":"Article","@id":"https:\/\/urbeamea.ro\/albaiulia\/foto-video-romania-te-iubesc-cea-mai-noua-piesa-marca-the-puzzles\/#article","isPartOf":{"@id":"https:\/\/urbeamea.ro\/albaiulia\/foto-video-romania-te-iubesc-cea-mai-noua-piesa-marca-the-puzzles\/"},"author":{"name":"Cristina Ganga","@id":"https:\/\/urbeamea.ro\/albaiulia\/#\/schema\/person\/9700d21fae21c4f038b0b56f4506264a"},"headline":"FOTO-VIDEO: \u201eRom\u00e2nia, Te iubesc\u201d, cea mai nou\u0103 pies\u0103 marca &#8222;The PuZzles&#8221;","datePublished":"2017-04-03T16:00:16+00:00","dateModified":"2017-04-03T16:06:01+00:00","mainEntityOfPage":{"@id":"https:\/\/urbeamea.ro\/albaiulia\/foto-video-romania-te-iubesc-cea-mai-noua-piesa-marca-the-puzzles\/"},"wordCount":308,"commentCount":0,"image":{"@id":"https:\/\/urbeamea.ro\/albaiulia\/foto-video-romania-te-iubesc-cea-mai-noua-piesa-marca-the-puzzles\/#primaryimage"},"thumbnailUrl":"https:\/\/urbeamea.ro\/albaiulia\/wp-content\/uploads\/2017\/04\/romania-te-iubesc.jpeg","keywords":["Alba Iulia","lansare","Moving Records","piesa","romania","stiri","Te iubesc","the puzzles","Urbea Mea"],"articleSection":["Monden"],"inLanguage":"ro-RO","potentialAction":[{"@type":"CommentAction","name":"Comment","target":["https:\/\/urbeamea.ro\/albaiulia\/foto-video-romania-te-iubesc-cea-mai-noua-piesa-marca-the-puzzles\/#respond"]}]},{"@type":"WebPage","@id":"https:\/\/urbeamea.ro\/albaiulia\/foto-video-romania-te-iubesc-cea-mai-noua-piesa-marca-the-puzzles\/","url":"https:\/\/urbeamea.ro\/albaiulia\/foto-video-romania-te-iubesc-cea-mai-noua-piesa-marca-the-puzzles\/","name":"FOTO-VIDEO: \u201eRom\u00e2nia, Te iubesc\u201d, cea mai nou\u0103 pies\u0103 marca \"The PuZzles\" - Revista Urbea Mea - Revista de Alba","isPartOf":{"@id":"https:\/\/urbeamea.ro\/albaiulia\/#website"},"primaryImageOfPage":{"@id":"https:\/\/urbeamea.ro\/albaiulia\/foto-video-romania-te-iubesc-cea-mai-noua-piesa-marca-the-puzzles\/#primaryimage"},"image":{"@id":"https:\/\/urbeamea.ro\/albaiulia\/foto-video-romania-te-iubesc-cea-mai-noua-piesa-marca-the-puzzles\/#primaryimage"},"thumbnailUrl":"https:\/\/urbeamea.ro\/albaiulia\/wp-content\/uploads\/2017\/04\/romania-te-iubesc.jpeg","datePublished":"2017-04-03T16:00:16+00:00","dateModified":"2017-04-03T16:06:01+00:00","author":{"@id":"https:\/\/urbeamea.ro\/albaiulia\/#\/schema\/person\/9700d21fae21c4f038b0b56f4506264a"},"description":"\"Nu vrem s\u0103 isc\u0103m o revolu\u021bie, nici nu am confundat 1 aprilie cu 1 decembrie \u0219i \u00een niciun caz nu e vorba de vreo p\u0103c\u0103leal\u0103! Vrem s\u0103 v\u0103 trimitem o carte","breadcrumb":{"@id":"https:\/\/urbeamea.ro\/albaiulia\/foto-video-romania-te-iubesc-cea-mai-noua-piesa-marca-the-puzzles\/#breadcrumb"},"inLanguage":"ro-RO","potentialAction":[{"@type":"ReadAction","target":["https:\/\/urbeamea.ro\/albaiulia\/foto-video-romania-te-iubesc-cea-mai-noua-piesa-marca-the-puzzles\/"]}]},{"@type":"ImageObject","inLanguage":"ro-RO","@id":"https:\/\/urbeamea.ro\/albaiulia\/foto-video-romania-te-iubesc-cea-mai-noua-piesa-marca-the-puzzles\/#primaryimage","url":"https:\/\/urbeamea.ro\/albaiulia\/wp-content\/uploads\/2017\/04\/romania-te-iubesc.jpeg","contentUrl":"https:\/\/urbeamea.ro\/albaiulia\/wp-content\/uploads\/2017\/04\/romania-te-iubesc.jpeg","width":2048,"height":1448},{"@type":"BreadcrumbList","@id":"https:\/\/urbeamea.ro\/albaiulia\/foto-video-romania-te-iubesc-cea-mai-noua-piesa-marca-the-puzzles\/#breadcrumb","itemListElement":[{"@type":"ListItem","position":1,"name":"Prima pagin\u0103","item":"https:\/\/urbeamea.ro\/albaiulia\/"},{"@type":"ListItem","position":2,"name":"FOTO-VIDEO: \u201eRom\u00e2nia, Te iubesc\u201d, cea mai nou\u0103 pies\u0103 marca &#8222;The PuZzles&#8221;"}]},{"@type":"WebSite","@id":"https:\/\/urbeamea.ro\/albaiulia\/#website","url":"https:\/\/urbeamea.ro\/albaiulia\/","name":"Revista Urbea Mea, Stiri urbane","description":"Evenimente \u0219i \u0219tiri din Alba Iulia, Sebe\u0219, Aiud, Blaj","potentialAction":[{"@type":"SearchAction","target":{"@type":"EntryPoint","urlTemplate":"https:\/\/urbeamea.ro\/albaiulia\/?s={search_term_string}"},"query-input":{"@type":"PropertyValueSpecification","valueRequired":true,"valueName":"search_term_string"}}],"inLanguage":"ro-RO"},{"@type":"Person","@id":"https:\/\/urbeamea.ro\/albaiulia\/#\/schema\/person\/9700d21fae21c4f038b0b56f4506264a","name":"Cristina Ganga","image":{"@type":"ImageObject","inLanguage":"ro-RO","@id":"https:\/\/secure.gravatar.com\/avatar\/5a67661041f057b4a8ccaf26f5a8e86e2689372006d01faf3dd9eeb10b654bb4?s=96&d=mm&r=g","url":"https:\/\/secure.gravatar.com\/avatar\/5a67661041f057b4a8ccaf26f5a8e86e2689372006d01faf3dd9eeb10b654bb4?s=96&d=mm&r=g","contentUrl":"https:\/\/secure.gravatar.com\/avatar\/5a67661041f057b4a8ccaf26f5a8e86e2689372006d01faf3dd9eeb10b654bb4?s=96&d=mm&r=g","caption":"Cristina Ganga"},"description":"Jurnalist","sameAs":["https:\/\/www.facebook.com\/cristina.nicola.587"],"url":"https:\/\/urbeamea.ro\/albaiulia\/author\/cristina-nicola\/"}]}},"_links":{"self":[{"href":"https:\/\/urbeamea.ro\/albaiulia\/wp-json\/wp\/v2\/posts\/42665","targetHints":{"allow":["GET"]}}],"collection":[{"href":"https:\/\/urbeamea.ro\/albaiulia\/wp-json\/wp\/v2\/posts"}],"about":[{"href":"https:\/\/urbeamea.ro\/albaiulia\/wp-json\/wp\/v2\/types\/post"}],"author":[{"embeddable":true,"href":"https:\/\/urbeamea.ro\/albaiulia\/wp-json\/wp\/v2\/users\/17"}],"replies":[{"embeddable":true,"href":"https:\/\/urbeamea.ro\/albaiulia\/wp-json\/wp\/v2\/comments?post=42665"}],"version-history":[{"count":0,"href":"https:\/\/urbeamea.ro\/albaiulia\/wp-json\/wp\/v2\/posts\/42665\/revisions"}],"wp:featuredmedia":[{"embeddable":true,"href":"https:\/\/urbeamea.ro\/albaiulia\/wp-json\/wp\/v2\/media\/42666"}],"wp:attachment":[{"href":"https:\/\/urbeamea.ro\/albaiulia\/wp-json\/wp\/v2\/media?parent=42665"}],"wp:term":[{"taxonomy":"category","embeddable":true,"href":"https:\/\/urbeamea.ro\/albaiulia\/wp-json\/wp\/v2\/categories?post=42665"},{"taxonomy":"post_tag","embeddable":true,"href":"https:\/\/urbeamea.ro\/albaiulia\/wp-json\/wp\/v2\/tags?post=42665"}],"curies":[{"name":"wp","href":"https:\/\/api.w.org\/{rel}","templated":true}]}}