{"id":42683,"date":"2017-04-04T10:33:54","date_gmt":"2017-04-04T07:33:54","guid":{"rendered":"http:\/\/urbeamea.ro\/albaiulia\/?p=42683"},"modified":"2017-04-04T10:33:54","modified_gmt":"2017-04-04T07:33:54","slug":"marti-exponatul-lunii-aprilie-la-muzeul-national-al-unirii-din-alba-iulia","status":"publish","type":"post","link":"https:\/\/urbeamea.ro\/albaiulia\/marti-exponatul-lunii-aprilie-la-muzeul-national-al-unirii-din-alba-iulia\/","title":{"rendered":"MAR\u0162I: Exponatul lunii aprilie la Muzeul Na\u0163ional al Unirii din Alba Iulia"},"content":{"rendered":"<p id=\"yui_3_16_0_ym19_1_1491222148399_18565\"><strong>La Muzeul Na\u021bional al Unirii din Alba Iulia va fi prezentat mar\u021bi, 4 aprilie, \u201eExponatul lunii\u201d. Este vorba despre un coif roman (galea) din perioada r\u0103zboaielor daco-romane (sec. II d.Hr.) descoperit la Vinerea.\u00a0<\/strong><\/p>\n<p id=\"yui_3_16_0_ym19_1_1491222148399_18569\"><span id=\"yui_3_16_0_ym19_1_1491222148399_18570\" lang=\"PT-BR\">Exponatul intrat de cur\u00e2nd \u00een colec\u021biile muzeului albaiulian reprezint\u0103 o pies\u0103 de echipament militar roman, mai exact un coif (galea), datat\u0103 \u00een partea final\u0103 a r\u0103zboaielor daco-romane (sec.II). <\/span><\/p>\n<p><span id=\"yui_3_16_0_ym19_1_1491222148399_18570\" lang=\"PT-BR\">Coiful descoperit \u00eent\u00e2mpl\u0103tor la Vinerea (jude\u021bul Alba) constituie o raritate.<\/span><\/p>\n<p id=\"yui_3_16_0_ym19_1_1491222148399_18574\" dir=\"ltr\"><span id=\"yui_3_16_0_ym19_1_1491222148399_18575\" lang=\"CS\">Evenimentul este organizat de <\/span><span id=\"yui_3_16_0_ym19_1_1491222148399_18576\" lang=\"FR\">Consiliul Jude\u021bean Alba, Universitatea Babe\u0219-Boyai Cluj Napoca, Direc\u0163ia Jude\u0163ean\u0103 pentru Cultur\u0103 <\/span><span id=\"yui_3_16_0_ym19_1_1491222148399_18577\" lang=\"CS\">Alba\u00a0 \u015fi Muzeul<\/span><span id=\"yui_3_16_0_ym19_1_1491222148399_18578\" lang=\"FR\"> Na\u021bional al Unirii Alba Iulia.<\/span><\/p>\n","protected":false},"excerpt":{"rendered":"<p>La Muzeul Na\u021bional al Unirii din Alba Iulia va fi prezentat mar\u021bi, 4 aprilie, \u201eExponatul lunii\u201d. Este vorba despre un coif roman (galea) din perioada r\u0103zboaielor daco-romane (sec. II d.Hr.) descoperit la Vinerea.\u00a0 Exponatul intrat de cur\u00e2nd \u00een colec\u021biile muzeului albaiulian reprezint\u0103 o pies\u0103 de echipament militar roman, mai exact un coif (galea), datat\u0103 \u00een &hellip;<\/p>\n","protected":false},"author":17,"featured_media":42684,"comment_status":"open","ping_status":"open","sticky":false,"template":"","format":"standard","meta":{"inline_featured_image":false,"footnotes":""},"categories":[8857],"tags":[31,10534,513,10535,421,10536,308,76],"class_list":["post-42683","post","type-post","status-publish","format-standard","has-post-thumbnail","hentry","category-istorie","tag-alba-iulia","tag-coif-roman","tag-exponatul-lunii","tag-galea","tag-muzeul-national-al-unirii","tag-razboaiele-daco-romane","tag-stiri","tag-urbea-mea"],"yoast_head":"<!-- This site is optimized with the Yoast SEO plugin v28.3 - https:\/\/yoast.com\/product\/yoast-seo-wordpress\/ -->\n<title>MAR\u0162I: Exponatul lunii aprilie la Muzeul Na\u0163ional al Unirii din Alba Iulia - Revista Urbea Mea - Revista de Alba<\/title>\n<meta name=\"description\" content=\"La Muzeul Na\u021bional al Unirii din Alba Iulia va fi prezentat mar\u021bi, 4 aprilie, \u201eExponatul lunii\u201d. Este vorba despre un coif roman (galea) din perioada\" \/>\n<meta name=\"robots\" content=\"index, follow, max-snippet:-1, max-image-preview:large, max-video-preview:-1\" \/>\n<link rel=\"canonical\" href=\"https:\/\/urbeamea.ro\/albaiulia\/marti-exponatul-lunii-aprilie-la-muzeul-national-al-unirii-din-alba-iulia\/\" \/>\n<meta name=\"twitter:card\" content=\"summary_large_image\" \/>\n<meta name=\"twitter:title\" content=\"MAR\u0162I: Exponatul lunii aprilie la Muzeul Na\u0163ional al Unirii din Alba Iulia - Revista Urbea Mea - Revista de Alba\" \/>\n<meta name=\"twitter:description\" content=\"La Muzeul Na\u021bional al Unirii din Alba Iulia va fi prezentat mar\u021bi, 4 aprilie, \u201eExponatul lunii\u201d. Este vorba despre un coif roman (galea) din perioada\" \/>\n<meta name=\"twitter:image\" content=\"https:\/\/urbeamea.ro\/albaiulia\/wp-content\/uploads\/2017\/04\/afis-exponat-aprilie-bun.jpg\" \/>\n<meta name=\"twitter:creator\" content=\"@urbeameaweb\" \/>\n<meta name=\"twitter:site\" content=\"@urbeameaweb\" \/>\n<script type=\"application\/ld+json\" class=\"yoast-schema-graph\">{\"@context\":\"https:\\\/\\\/schema.org\",\"@graph\":[{\"@type\":\"Article\",\"@id\":\"https:\\\/\\\/urbeamea.ro\\\/albaiulia\\\/marti-exponatul-lunii-aprilie-la-muzeul-national-al-unirii-din-alba-iulia\\\/#article\",\"isPartOf\":{\"@id\":\"https:\\\/\\\/urbeamea.ro\\\/albaiulia\\\/marti-exponatul-lunii-aprilie-la-muzeul-national-al-unirii-din-alba-iulia\\\/\"},\"author\":{\"name\":\"Cristina Ganga\",\"@id\":\"https:\\\/\\\/urbeamea.ro\\\/albaiulia\\\/#\\\/schema\\\/person\\\/9700d21fae21c4f038b0b56f4506264a\"},\"headline\":\"MAR\u0162I: Exponatul lunii aprilie la Muzeul Na\u0163ional al Unirii din Alba Iulia\",\"datePublished\":\"2017-04-04T07:33:54+00:00\",\"mainEntityOfPage\":{\"@id\":\"https:\\\/\\\/urbeamea.ro\\\/albaiulia\\\/marti-exponatul-lunii-aprilie-la-muzeul-national-al-unirii-din-alba-iulia\\\/\"},\"wordCount\":123,\"commentCount\":0,\"image\":{\"@id\":\"https:\\\/\\\/urbeamea.ro\\\/albaiulia\\\/marti-exponatul-lunii-aprilie-la-muzeul-national-al-unirii-din-alba-iulia\\\/#primaryimage\"},\"thumbnailUrl\":\"https:\\\/\\\/urbeamea.ro\\\/albaiulia\\\/wp-content\\\/uploads\\\/2017\\\/04\\\/afis-exponat-aprilie-bun.jpg\",\"keywords\":[\"Alba Iulia\",\"coif roman\",\"exponatul lunii\",\"galea\",\"muzeul national al unirii\",\"razboaiele daco-romane\",\"stiri\",\"Urbea Mea\"],\"articleSection\":[\"Istorie\"],\"inLanguage\":\"ro-RO\",\"potentialAction\":[{\"@type\":\"CommentAction\",\"name\":\"Comment\",\"target\":[\"https:\\\/\\\/urbeamea.ro\\\/albaiulia\\\/marti-exponatul-lunii-aprilie-la-muzeul-national-al-unirii-din-alba-iulia\\\/#respond\"]}]},{\"@type\":\"WebPage\",\"@id\":\"https:\\\/\\\/urbeamea.ro\\\/albaiulia\\\/marti-exponatul-lunii-aprilie-la-muzeul-national-al-unirii-din-alba-iulia\\\/\",\"url\":\"https:\\\/\\\/urbeamea.ro\\\/albaiulia\\\/marti-exponatul-lunii-aprilie-la-muzeul-national-al-unirii-din-alba-iulia\\\/\",\"name\":\"MAR\u0162I: Exponatul lunii aprilie la Muzeul Na\u0163ional al Unirii din Alba Iulia - Revista Urbea Mea - Revista de Alba\",\"isPartOf\":{\"@id\":\"https:\\\/\\\/urbeamea.ro\\\/albaiulia\\\/#website\"},\"primaryImageOfPage\":{\"@id\":\"https:\\\/\\\/urbeamea.ro\\\/albaiulia\\\/marti-exponatul-lunii-aprilie-la-muzeul-national-al-unirii-din-alba-iulia\\\/#primaryimage\"},\"image\":{\"@id\":\"https:\\\/\\\/urbeamea.ro\\\/albaiulia\\\/marti-exponatul-lunii-aprilie-la-muzeul-national-al-unirii-din-alba-iulia\\\/#primaryimage\"},\"thumbnailUrl\":\"https:\\\/\\\/urbeamea.ro\\\/albaiulia\\\/wp-content\\\/uploads\\\/2017\\\/04\\\/afis-exponat-aprilie-bun.jpg\",\"datePublished\":\"2017-04-04T07:33:54+00:00\",\"author\":{\"@id\":\"https:\\\/\\\/urbeamea.ro\\\/albaiulia\\\/#\\\/schema\\\/person\\\/9700d21fae21c4f038b0b56f4506264a\"},\"description\":\"La Muzeul Na\u021bional al Unirii din Alba Iulia va fi prezentat mar\u021bi, 4 aprilie, \u201eExponatul lunii\u201d. Este vorba despre un coif roman (galea) din perioada\",\"breadcrumb\":{\"@id\":\"https:\\\/\\\/urbeamea.ro\\\/albaiulia\\\/marti-exponatul-lunii-aprilie-la-muzeul-national-al-unirii-din-alba-iulia\\\/#breadcrumb\"},\"inLanguage\":\"ro-RO\",\"potentialAction\":[{\"@type\":\"ReadAction\",\"target\":[\"https:\\\/\\\/urbeamea.ro\\\/albaiulia\\\/marti-exponatul-lunii-aprilie-la-muzeul-national-al-unirii-din-alba-iulia\\\/\"]}]},{\"@type\":\"ImageObject\",\"inLanguage\":\"ro-RO\",\"@id\":\"https:\\\/\\\/urbeamea.ro\\\/albaiulia\\\/marti-exponatul-lunii-aprilie-la-muzeul-national-al-unirii-din-alba-iulia\\\/#primaryimage\",\"url\":\"https:\\\/\\\/urbeamea.ro\\\/albaiulia\\\/wp-content\\\/uploads\\\/2017\\\/04\\\/afis-exponat-aprilie-bun.jpg\",\"contentUrl\":\"https:\\\/\\\/urbeamea.ro\\\/albaiulia\\\/wp-content\\\/uploads\\\/2017\\\/04\\\/afis-exponat-aprilie-bun.jpg\",\"width\":724,\"height\":1024},{\"@type\":\"BreadcrumbList\",\"@id\":\"https:\\\/\\\/urbeamea.ro\\\/albaiulia\\\/marti-exponatul-lunii-aprilie-la-muzeul-national-al-unirii-din-alba-iulia\\\/#breadcrumb\",\"itemListElement\":[{\"@type\":\"ListItem\",\"position\":1,\"name\":\"Prima pagin\u0103\",\"item\":\"https:\\\/\\\/urbeamea.ro\\\/albaiulia\\\/\"},{\"@type\":\"ListItem\",\"position\":2,\"name\":\"MAR\u0162I: Exponatul lunii aprilie la Muzeul Na\u0163ional al Unirii din Alba Iulia\"}]},{\"@type\":\"WebSite\",\"@id\":\"https:\\\/\\\/urbeamea.ro\\\/albaiulia\\\/#website\",\"url\":\"https:\\\/\\\/urbeamea.ro\\\/albaiulia\\\/\",\"name\":\"Revista Urbea Mea, Stiri urbane\",\"description\":\"Evenimente \u0219i \u0219tiri din Alba Iulia, Sebe\u0219, Aiud, Blaj\",\"potentialAction\":[{\"@type\":\"SearchAction\",\"target\":{\"@type\":\"EntryPoint\",\"urlTemplate\":\"https:\\\/\\\/urbeamea.ro\\\/albaiulia\\\/?s={search_term_string}\"},\"query-input\":{\"@type\":\"PropertyValueSpecification\",\"valueRequired\":true,\"valueName\":\"search_term_string\"}}],\"inLanguage\":\"ro-RO\"},{\"@type\":\"Person\",\"@id\":\"https:\\\/\\\/urbeamea.ro\\\/albaiulia\\\/#\\\/schema\\\/person\\\/9700d21fae21c4f038b0b56f4506264a\",\"name\":\"Cristina Ganga\",\"image\":{\"@type\":\"ImageObject\",\"inLanguage\":\"ro-RO\",\"@id\":\"https:\\\/\\\/secure.gravatar.com\\\/avatar\\\/5a67661041f057b4a8ccaf26f5a8e86e2689372006d01faf3dd9eeb10b654bb4?s=96&d=mm&r=g\",\"url\":\"https:\\\/\\\/secure.gravatar.com\\\/avatar\\\/5a67661041f057b4a8ccaf26f5a8e86e2689372006d01faf3dd9eeb10b654bb4?s=96&d=mm&r=g\",\"contentUrl\":\"https:\\\/\\\/secure.gravatar.com\\\/avatar\\\/5a67661041f057b4a8ccaf26f5a8e86e2689372006d01faf3dd9eeb10b654bb4?s=96&d=mm&r=g\",\"caption\":\"Cristina Ganga\"},\"description\":\"Jurnalist\",\"sameAs\":[\"https:\\\/\\\/www.facebook.com\\\/cristina.nicola.587\"],\"url\":\"https:\\\/\\\/urbeamea.ro\\\/albaiulia\\\/author\\\/cristina-nicola\\\/\"}]}<\/script>\n<!-- \/ Yoast SEO plugin. -->","yoast_head_json":{"title":"MAR\u0162I: Exponatul lunii aprilie la Muzeul Na\u0163ional al Unirii din Alba Iulia - Revista Urbea Mea - Revista de Alba","description":"La Muzeul Na\u021bional al Unirii din Alba Iulia va fi prezentat mar\u021bi, 4 aprilie, \u201eExponatul lunii\u201d. Este vorba despre un coif roman (galea) din perioada","robots":{"index":"index","follow":"follow","max-snippet":"max-snippet:-1","max-image-preview":"max-image-preview:large","max-video-preview":"max-video-preview:-1"},"canonical":"https:\/\/urbeamea.ro\/albaiulia\/marti-exponatul-lunii-aprilie-la-muzeul-national-al-unirii-din-alba-iulia\/","twitter_card":"summary_large_image","twitter_title":"MAR\u0162I: Exponatul lunii aprilie la Muzeul Na\u0163ional al Unirii din Alba Iulia - Revista Urbea Mea - Revista de Alba","twitter_description":"La Muzeul Na\u021bional al Unirii din Alba Iulia va fi prezentat mar\u021bi, 4 aprilie, \u201eExponatul lunii\u201d. Este vorba despre un coif roman (galea) din perioada","twitter_image":"https:\/\/urbeamea.ro\/albaiulia\/wp-content\/uploads\/2017\/04\/afis-exponat-aprilie-bun.jpg","twitter_creator":"@urbeameaweb","twitter_site":"@urbeameaweb","schema":{"@context":"https:\/\/schema.org","@graph":[{"@type":"Article","@id":"https:\/\/urbeamea.ro\/albaiulia\/marti-exponatul-lunii-aprilie-la-muzeul-national-al-unirii-din-alba-iulia\/#article","isPartOf":{"@id":"https:\/\/urbeamea.ro\/albaiulia\/marti-exponatul-lunii-aprilie-la-muzeul-national-al-unirii-din-alba-iulia\/"},"author":{"name":"Cristina Ganga","@id":"https:\/\/urbeamea.ro\/albaiulia\/#\/schema\/person\/9700d21fae21c4f038b0b56f4506264a"},"headline":"MAR\u0162I: Exponatul lunii aprilie la Muzeul Na\u0163ional al Unirii din Alba Iulia","datePublished":"2017-04-04T07:33:54+00:00","mainEntityOfPage":{"@id":"https:\/\/urbeamea.ro\/albaiulia\/marti-exponatul-lunii-aprilie-la-muzeul-national-al-unirii-din-alba-iulia\/"},"wordCount":123,"commentCount":0,"image":{"@id":"https:\/\/urbeamea.ro\/albaiulia\/marti-exponatul-lunii-aprilie-la-muzeul-national-al-unirii-din-alba-iulia\/#primaryimage"},"thumbnailUrl":"https:\/\/urbeamea.ro\/albaiulia\/wp-content\/uploads\/2017\/04\/afis-exponat-aprilie-bun.jpg","keywords":["Alba Iulia","coif roman","exponatul lunii","galea","muzeul national al unirii","razboaiele daco-romane","stiri","Urbea Mea"],"articleSection":["Istorie"],"inLanguage":"ro-RO","potentialAction":[{"@type":"CommentAction","name":"Comment","target":["https:\/\/urbeamea.ro\/albaiulia\/marti-exponatul-lunii-aprilie-la-muzeul-national-al-unirii-din-alba-iulia\/#respond"]}]},{"@type":"WebPage","@id":"https:\/\/urbeamea.ro\/albaiulia\/marti-exponatul-lunii-aprilie-la-muzeul-national-al-unirii-din-alba-iulia\/","url":"https:\/\/urbeamea.ro\/albaiulia\/marti-exponatul-lunii-aprilie-la-muzeul-national-al-unirii-din-alba-iulia\/","name":"MAR\u0162I: Exponatul lunii aprilie la Muzeul Na\u0163ional al Unirii din Alba Iulia - Revista Urbea Mea - Revista de Alba","isPartOf":{"@id":"https:\/\/urbeamea.ro\/albaiulia\/#website"},"primaryImageOfPage":{"@id":"https:\/\/urbeamea.ro\/albaiulia\/marti-exponatul-lunii-aprilie-la-muzeul-national-al-unirii-din-alba-iulia\/#primaryimage"},"image":{"@id":"https:\/\/urbeamea.ro\/albaiulia\/marti-exponatul-lunii-aprilie-la-muzeul-national-al-unirii-din-alba-iulia\/#primaryimage"},"thumbnailUrl":"https:\/\/urbeamea.ro\/albaiulia\/wp-content\/uploads\/2017\/04\/afis-exponat-aprilie-bun.jpg","datePublished":"2017-04-04T07:33:54+00:00","author":{"@id":"https:\/\/urbeamea.ro\/albaiulia\/#\/schema\/person\/9700d21fae21c4f038b0b56f4506264a"},"description":"La Muzeul Na\u021bional al Unirii din Alba Iulia va fi prezentat mar\u021bi, 4 aprilie, \u201eExponatul lunii\u201d. Este vorba despre un coif roman (galea) din perioada","breadcrumb":{"@id":"https:\/\/urbeamea.ro\/albaiulia\/marti-exponatul-lunii-aprilie-la-muzeul-national-al-unirii-din-alba-iulia\/#breadcrumb"},"inLanguage":"ro-RO","potentialAction":[{"@type":"ReadAction","target":["https:\/\/urbeamea.ro\/albaiulia\/marti-exponatul-lunii-aprilie-la-muzeul-national-al-unirii-din-alba-iulia\/"]}]},{"@type":"ImageObject","inLanguage":"ro-RO","@id":"https:\/\/urbeamea.ro\/albaiulia\/marti-exponatul-lunii-aprilie-la-muzeul-national-al-unirii-din-alba-iulia\/#primaryimage","url":"https:\/\/urbeamea.ro\/albaiulia\/wp-content\/uploads\/2017\/04\/afis-exponat-aprilie-bun.jpg","contentUrl":"https:\/\/urbeamea.ro\/albaiulia\/wp-content\/uploads\/2017\/04\/afis-exponat-aprilie-bun.jpg","width":724,"height":1024},{"@type":"BreadcrumbList","@id":"https:\/\/urbeamea.ro\/albaiulia\/marti-exponatul-lunii-aprilie-la-muzeul-national-al-unirii-din-alba-iulia\/#breadcrumb","itemListElement":[{"@type":"ListItem","position":1,"name":"Prima pagin\u0103","item":"https:\/\/urbeamea.ro\/albaiulia\/"},{"@type":"ListItem","position":2,"name":"MAR\u0162I: Exponatul lunii aprilie la Muzeul Na\u0163ional al Unirii din Alba Iulia"}]},{"@type":"WebSite","@id":"https:\/\/urbeamea.ro\/albaiulia\/#website","url":"https:\/\/urbeamea.ro\/albaiulia\/","name":"Revista Urbea Mea, Stiri urbane","description":"Evenimente \u0219i \u0219tiri din Alba Iulia, Sebe\u0219, Aiud, Blaj","potentialAction":[{"@type":"SearchAction","target":{"@type":"EntryPoint","urlTemplate":"https:\/\/urbeamea.ro\/albaiulia\/?s={search_term_string}"},"query-input":{"@type":"PropertyValueSpecification","valueRequired":true,"valueName":"search_term_string"}}],"inLanguage":"ro-RO"},{"@type":"Person","@id":"https:\/\/urbeamea.ro\/albaiulia\/#\/schema\/person\/9700d21fae21c4f038b0b56f4506264a","name":"Cristina Ganga","image":{"@type":"ImageObject","inLanguage":"ro-RO","@id":"https:\/\/secure.gravatar.com\/avatar\/5a67661041f057b4a8ccaf26f5a8e86e2689372006d01faf3dd9eeb10b654bb4?s=96&d=mm&r=g","url":"https:\/\/secure.gravatar.com\/avatar\/5a67661041f057b4a8ccaf26f5a8e86e2689372006d01faf3dd9eeb10b654bb4?s=96&d=mm&r=g","contentUrl":"https:\/\/secure.gravatar.com\/avatar\/5a67661041f057b4a8ccaf26f5a8e86e2689372006d01faf3dd9eeb10b654bb4?s=96&d=mm&r=g","caption":"Cristina Ganga"},"description":"Jurnalist","sameAs":["https:\/\/www.facebook.com\/cristina.nicola.587"],"url":"https:\/\/urbeamea.ro\/albaiulia\/author\/cristina-nicola\/"}]}},"_links":{"self":[{"href":"https:\/\/urbeamea.ro\/albaiulia\/wp-json\/wp\/v2\/posts\/42683","targetHints":{"allow":["GET"]}}],"collection":[{"href":"https:\/\/urbeamea.ro\/albaiulia\/wp-json\/wp\/v2\/posts"}],"about":[{"href":"https:\/\/urbeamea.ro\/albaiulia\/wp-json\/wp\/v2\/types\/post"}],"author":[{"embeddable":true,"href":"https:\/\/urbeamea.ro\/albaiulia\/wp-json\/wp\/v2\/users\/17"}],"replies":[{"embeddable":true,"href":"https:\/\/urbeamea.ro\/albaiulia\/wp-json\/wp\/v2\/comments?post=42683"}],"version-history":[{"count":0,"href":"https:\/\/urbeamea.ro\/albaiulia\/wp-json\/wp\/v2\/posts\/42683\/revisions"}],"wp:featuredmedia":[{"embeddable":true,"href":"https:\/\/urbeamea.ro\/albaiulia\/wp-json\/wp\/v2\/media\/42684"}],"wp:attachment":[{"href":"https:\/\/urbeamea.ro\/albaiulia\/wp-json\/wp\/v2\/media?parent=42683"}],"wp:term":[{"taxonomy":"category","embeddable":true,"href":"https:\/\/urbeamea.ro\/albaiulia\/wp-json\/wp\/v2\/categories?post=42683"},{"taxonomy":"post_tag","embeddable":true,"href":"https:\/\/urbeamea.ro\/albaiulia\/wp-json\/wp\/v2\/tags?post=42683"}],"curies":[{"name":"wp","href":"https:\/\/api.w.org\/{rel}","templated":true}]}}