{"id":42721,"date":"2017-04-04T11:53:40","date_gmt":"2017-04-04T08:53:40","guid":{"rendered":"http:\/\/urbeamea.ro\/albaiulia\/?p=42721"},"modified":"2017-04-04T12:00:57","modified_gmt":"2017-04-04T09:00:57","slug":"incendii-de-vegetatie-uscata-in-alba-peste-40-de-hectare-distruse-de-flacari-intr-o-singura-zi","status":"publish","type":"post","link":"https:\/\/urbeamea.ro\/albaiulia\/incendii-de-vegetatie-uscata-in-alba-peste-40-de-hectare-distruse-de-flacari-intr-o-singura-zi\/","title":{"rendered":"Incendii de vegeta\u0163ie uscat\u0103 \u00een Alba: Peste 40 de hectare, distruse de fl\u0103c\u0103ri, \u00eentr-o singur\u0103 zi"},"content":{"rendered":"<p><strong>Luni, 3 aprilie, pompierii din Alba au intervenit \u00een nou cazuri de incendii de vegeta\u0163ie uscat\u0103, produse \u00een ciuda avertiz\u0103rilor ISU Alba, c\u0103tre proprietarii de terenuri, s\u0103 nu-\u015fi mai ard\u0103 miri\u015ftile. Au ars 42 hectare, \u00een zonele Alba Iulia, Po\u015faga, Lup\u015fa.<\/strong><\/p>\n<p>Potrivit ISU Alba, subunit\u0103\u021bile Inspectoratului pentru Situa\u021bii de Urgen\u021b\u0103 Unirea al jude\u021bului Alba \u2013 Deta\u0219amentele de pompieri Alba Iulia \u0219i Aiud \u0219i Sta\u021bia de pompieri C\u00e2mpeni au intervenit pentru stingerea incendiilor de vegeta\u021bie uscat\u0103, l\u0103st\u0103ri\u0219, m\u0103r\u0103cini\u0219, dobor\u00e2turi \u0219i litier\u0103 pe raza comunei Po\u0219aga \u2013\u00a0 zonele Lunca Arie\u0219ului, Segagea; comunei Lup\u0219a \u0219i localit\u0103\u0163ii P\u00e2cli\u0219a \u2013 mun. Alba Iulia.<\/p>\n<p>\u00cen sprijinul pompierilor militari au intervenit Serviciile Voluntare pentru Situa\u021bii de Urgen\u021b\u0103 Po\u0219aga \u0219i Lup\u0219a, Ocolul Silvic Privat Muntele Mare \u0219i cet\u0103\u021beni.<\/p>\n<p>\u00cen total au ars aproximativ 42 ha de vegeta\u0163ie uscat\u0103, m\u0103r\u0103cini\u0219, l\u0103st\u0103ri\u0219, dobor\u00e2turi \u0219i litier\u0103.<\/p>\n<p>Aceste incendii de vegeta\u0163ie uscat\u0103, litier\u0103, miri\u015fti \u015fi resturi vegetale au drept cauz\u0103 utilizarea necorespunz\u0103toare a focului deschis.<\/p>\n<p>\u00cen ultima s\u0103pt\u0103m\u00e2n\u0103, pe raza jude\u021bului Alba, s-au produs peste 30 de incendii de vegeta\u021bie uscat\u0103, litier\u0103, m\u0103r\u0103cini\u0219, l\u0103st\u0103ri\u0219 \u0219i dobor\u00e2turi, care au pus \u00een pericol fondul forestier \u0219i gospod\u0103rii ale popula\u021biei.<\/p>\n<p>Consecin\u021bele arderii vegeta\u021biei uscate provoac\u0103 efecte negative solului, dar \u0219i asupra factorilor de mediu: sol, aer \u0219i microfaun\u0103.<\/p>\n<p>Nerespectarea m\u0103surilor specifice la efectuarea arderilor de vegeta\u0163ie uscat\u0103, miri\u015fti \u015fi resturi vegetale poate avea consecin\u0163e grave asupra comunit\u0103\u0163ii, prin pierderi de vie\u0163i omene\u015fti \u0219i importante pagube materiale.<\/p>\n<p>Din\u00a0 acest motiv, cunoa\u015fterea\u00a0 \u015fi\u00a0 respectarea strict\u0103 a acestora constituie solu\u0163ia cea mai simpl\u0103 \u015fi mai pu\u0163in costisitoare, constituind\u00a0 \u00een acela\u015fi timp o obliga\u0163ie moral\u0103 \u015fi civic\u0103 a fiec\u0103rui cet\u0103\u0163ean.<\/p>\n<p>\u00cen\u00a0 vederea\u00a0 realiz\u0103rii\u00a0 igieniz\u0103rii\u00a0 terenurilor\u00a0 prin\u00a0 ardere,\u00a0 cet\u0103\u0163enii\u00a0 au obliga\u0163ia\u00a0 de\u00a0 a\u00a0 solicita\u00a0 \u015fi\u00a0 ob\u0163ine,\u00a0 de\u00a0 la\u00a0 autorit\u0103\u0163ile competente, urm\u0103toarele documente:<\/p>\n<p>\u2013 permis de lucru cu focul, ob\u0163inut de la Prim\u0103rie<\/p>\n<p>\u2013 aprobare de la Agen\u0163ia de Protec\u0163ie a Mediului<\/p>\n<p>Se excepteaz\u0103 de la aceast\u0103 obliga\u0163ie, arderea vegeta\u0163iei uscate \u015fi a resturilor vegetale \u00een cadrul gospod\u0103riilor cet\u0103\u0163ene\u015fti, dar cu respectarea strict\u0103 a m\u0103surilor generale de stingere a incendiilor.<\/p>\n<p>\u00cen cazul nerespect\u0103rii prevederilor legale privind interzicerea arderilor de vegeta\u021bie uscat\u0103 Agen\u021bia de Pl\u0103\u021bi \u0219i Interven\u021bie \u00een Agricultur\u0103 \u2013 APIA va aplica sanc\u021biuni care ajung p\u00e2n\u0103 la excluderea de la plata sprijinului financiar pentru de\u021bin\u0103torii terenurilor igienizate prin incendierea vegeta\u021biei uscate \u0219i care nu au ob\u021binut acceptul autorit\u0103\u021bilor.<\/p>\n<p>Garda Na\u0163ional\u0103 de Mediu \u2013 Comisariatul Jude\u0163ean Alba va aplica amenzi \u00een valoare de 3000-6000 lei persoanelor fizice \u015fi 25000-50000 lei persoanelor juridice.<\/p>\n<p>Pentru arderea resturilor vegetale, gunoaielor, de\u015feurilor \u015fi a altor materiale combustibile f\u0103r\u0103 ob\u0163inerea permisului cu foc \u015fi\/sau f\u0103r\u0103 luarea m\u0103surilor pentru \u00eempiedicarea propag\u0103rii focului la vecin\u0103t\u0103\u0163i, cet\u0103\u0163enii (proprietarii de terenuri) sunt pasibili de sanc\u0163iune contraven\u0163ional\u0103 \u00eentre 1.000 \u015fi 2.500 lei.<\/p>\n","protected":false},"excerpt":{"rendered":"<p>Luni, 3 aprilie, pompierii din Alba au intervenit \u00een nou cazuri de incendii de vegeta\u0163ie uscat\u0103, produse \u00een ciuda avertiz\u0103rilor ISU Alba, c\u0103tre proprietarii de terenuri, s\u0103 nu-\u015fi mai ard\u0103 miri\u015ftile. Au ars 42 hectare, \u00een zonele Alba Iulia, Po\u015faga, Lup\u015fa. Potrivit ISU Alba, subunit\u0103\u021bile Inspectoratului pentru Situa\u021bii de Urgen\u021b\u0103 Unirea al jude\u021bului Alba \u2013 &hellip;<\/p>\n","protected":false},"author":17,"featured_media":42358,"comment_status":"open","ping_status":"open","sticky":false,"template":"","format":"standard","meta":{"inline_featured_image":false,"footnotes":""},"categories":[2034],"tags":[307,31,1626,3315,3895,308,76,3206],"class_list":["post-42721","post","type-post","status-publish","format-standard","has-post-thumbnail","hentry","category-social","tag-alba","tag-alba-iulia","tag-incendii","tag-lupsa","tag-posaga","tag-stiri","tag-urbea-mea","tag-vegetatie-uscata"],"yoast_head":"<!-- This site is optimized with the Yoast SEO plugin v28.3 - https:\/\/yoast.com\/product\/yoast-seo-wordpress\/ -->\n<title>Incendii de vegeta\u0163ie uscat\u0103 \u00een Alba: Peste 40 de hectare, distruse de fl\u0103c\u0103ri, \u00eentr-o singur\u0103 zi - Revista Urbea Mea - Revista de Alba<\/title>\n<meta name=\"description\" content=\"Luni, 3 aprilie, pompierii din Alba au intervenit \u00een nou cazuri de incendii de vegeta\u0163ie uscat\u0103, produse \u00een ciuda avertiz\u0103rilor ISU Alba, c\u0103tre\" \/>\n<meta name=\"robots\" content=\"index, follow, max-snippet:-1, max-image-preview:large, max-video-preview:-1\" \/>\n<link rel=\"canonical\" href=\"https:\/\/urbeamea.ro\/albaiulia\/incendii-de-vegetatie-uscata-in-alba-peste-40-de-hectare-distruse-de-flacari-intr-o-singura-zi\/\" \/>\n<meta name=\"twitter:card\" content=\"summary_large_image\" \/>\n<meta name=\"twitter:title\" content=\"Incendii de vegeta\u0163ie uscat\u0103 \u00een Alba: Peste 40 de hectare, distruse de fl\u0103c\u0103ri, \u00eentr-o singur\u0103 zi - Revista Urbea Mea - Revista de Alba\" \/>\n<meta name=\"twitter:description\" content=\"Luni, 3 aprilie, pompierii din Alba au intervenit \u00een nou cazuri de incendii de vegeta\u0163ie uscat\u0103, produse \u00een ciuda avertiz\u0103rilor ISU Alba, c\u0103tre\" \/>\n<meta name=\"twitter:image\" content=\"https:\/\/urbeamea.ro\/albaiulia\/wp-content\/uploads\/2017\/03\/incendiu1.jpg\" \/>\n<meta name=\"twitter:creator\" content=\"@urbeameaweb\" \/>\n<meta name=\"twitter:site\" content=\"@urbeameaweb\" \/>\n<script type=\"application\/ld+json\" class=\"yoast-schema-graph\">{\"@context\":\"https:\\\/\\\/schema.org\",\"@graph\":[{\"@type\":\"Article\",\"@id\":\"https:\\\/\\\/urbeamea.ro\\\/albaiulia\\\/incendii-de-vegetatie-uscata-in-alba-peste-40-de-hectare-distruse-de-flacari-intr-o-singura-zi\\\/#article\",\"isPartOf\":{\"@id\":\"https:\\\/\\\/urbeamea.ro\\\/albaiulia\\\/incendii-de-vegetatie-uscata-in-alba-peste-40-de-hectare-distruse-de-flacari-intr-o-singura-zi\\\/\"},\"author\":{\"name\":\"Cristina Ganga\",\"@id\":\"https:\\\/\\\/urbeamea.ro\\\/albaiulia\\\/#\\\/schema\\\/person\\\/9700d21fae21c4f038b0b56f4506264a\"},\"headline\":\"Incendii de vegeta\u0163ie uscat\u0103 \u00een Alba: Peste 40 de hectare, distruse de fl\u0103c\u0103ri, \u00eentr-o singur\u0103 zi\",\"datePublished\":\"2017-04-04T08:53:40+00:00\",\"dateModified\":\"2017-04-04T09:00:57+00:00\",\"mainEntityOfPage\":{\"@id\":\"https:\\\/\\\/urbeamea.ro\\\/albaiulia\\\/incendii-de-vegetatie-uscata-in-alba-peste-40-de-hectare-distruse-de-flacari-intr-o-singura-zi\\\/\"},\"wordCount\":554,\"commentCount\":0,\"image\":{\"@id\":\"https:\\\/\\\/urbeamea.ro\\\/albaiulia\\\/incendii-de-vegetatie-uscata-in-alba-peste-40-de-hectare-distruse-de-flacari-intr-o-singura-zi\\\/#primaryimage\"},\"thumbnailUrl\":\"https:\\\/\\\/urbeamea.ro\\\/albaiulia\\\/wp-content\\\/uploads\\\/2017\\\/03\\\/incendiu1.jpg\",\"keywords\":[\"alba\",\"Alba Iulia\",\"incendii\",\"lupsa\",\"posaga\",\"stiri\",\"Urbea Mea\",\"vegetatie uscata\"],\"articleSection\":[\"Social\"],\"inLanguage\":\"ro-RO\",\"potentialAction\":[{\"@type\":\"CommentAction\",\"name\":\"Comment\",\"target\":[\"https:\\\/\\\/urbeamea.ro\\\/albaiulia\\\/incendii-de-vegetatie-uscata-in-alba-peste-40-de-hectare-distruse-de-flacari-intr-o-singura-zi\\\/#respond\"]}]},{\"@type\":\"WebPage\",\"@id\":\"https:\\\/\\\/urbeamea.ro\\\/albaiulia\\\/incendii-de-vegetatie-uscata-in-alba-peste-40-de-hectare-distruse-de-flacari-intr-o-singura-zi\\\/\",\"url\":\"https:\\\/\\\/urbeamea.ro\\\/albaiulia\\\/incendii-de-vegetatie-uscata-in-alba-peste-40-de-hectare-distruse-de-flacari-intr-o-singura-zi\\\/\",\"name\":\"Incendii de vegeta\u0163ie uscat\u0103 \u00een Alba: Peste 40 de hectare, distruse de fl\u0103c\u0103ri, \u00eentr-o singur\u0103 zi - Revista Urbea Mea - Revista de Alba\",\"isPartOf\":{\"@id\":\"https:\\\/\\\/urbeamea.ro\\\/albaiulia\\\/#website\"},\"primaryImageOfPage\":{\"@id\":\"https:\\\/\\\/urbeamea.ro\\\/albaiulia\\\/incendii-de-vegetatie-uscata-in-alba-peste-40-de-hectare-distruse-de-flacari-intr-o-singura-zi\\\/#primaryimage\"},\"image\":{\"@id\":\"https:\\\/\\\/urbeamea.ro\\\/albaiulia\\\/incendii-de-vegetatie-uscata-in-alba-peste-40-de-hectare-distruse-de-flacari-intr-o-singura-zi\\\/#primaryimage\"},\"thumbnailUrl\":\"https:\\\/\\\/urbeamea.ro\\\/albaiulia\\\/wp-content\\\/uploads\\\/2017\\\/03\\\/incendiu1.jpg\",\"datePublished\":\"2017-04-04T08:53:40+00:00\",\"dateModified\":\"2017-04-04T09:00:57+00:00\",\"author\":{\"@id\":\"https:\\\/\\\/urbeamea.ro\\\/albaiulia\\\/#\\\/schema\\\/person\\\/9700d21fae21c4f038b0b56f4506264a\"},\"description\":\"Luni, 3 aprilie, pompierii din Alba au intervenit \u00een nou cazuri de incendii de vegeta\u0163ie uscat\u0103, produse \u00een ciuda avertiz\u0103rilor ISU Alba, c\u0103tre\",\"breadcrumb\":{\"@id\":\"https:\\\/\\\/urbeamea.ro\\\/albaiulia\\\/incendii-de-vegetatie-uscata-in-alba-peste-40-de-hectare-distruse-de-flacari-intr-o-singura-zi\\\/#breadcrumb\"},\"inLanguage\":\"ro-RO\",\"potentialAction\":[{\"@type\":\"ReadAction\",\"target\":[\"https:\\\/\\\/urbeamea.ro\\\/albaiulia\\\/incendii-de-vegetatie-uscata-in-alba-peste-40-de-hectare-distruse-de-flacari-intr-o-singura-zi\\\/\"]}]},{\"@type\":\"ImageObject\",\"inLanguage\":\"ro-RO\",\"@id\":\"https:\\\/\\\/urbeamea.ro\\\/albaiulia\\\/incendii-de-vegetatie-uscata-in-alba-peste-40-de-hectare-distruse-de-flacari-intr-o-singura-zi\\\/#primaryimage\",\"url\":\"https:\\\/\\\/urbeamea.ro\\\/albaiulia\\\/wp-content\\\/uploads\\\/2017\\\/03\\\/incendiu1.jpg\",\"contentUrl\":\"https:\\\/\\\/urbeamea.ro\\\/albaiulia\\\/wp-content\\\/uploads\\\/2017\\\/03\\\/incendiu1.jpg\",\"width\":540,\"height\":960},{\"@type\":\"BreadcrumbList\",\"@id\":\"https:\\\/\\\/urbeamea.ro\\\/albaiulia\\\/incendii-de-vegetatie-uscata-in-alba-peste-40-de-hectare-distruse-de-flacari-intr-o-singura-zi\\\/#breadcrumb\",\"itemListElement\":[{\"@type\":\"ListItem\",\"position\":1,\"name\":\"Prima pagin\u0103\",\"item\":\"https:\\\/\\\/urbeamea.ro\\\/albaiulia\\\/\"},{\"@type\":\"ListItem\",\"position\":2,\"name\":\"Incendii de vegeta\u0163ie uscat\u0103 \u00een Alba: Peste 40 de hectare, distruse de fl\u0103c\u0103ri, \u00eentr-o singur\u0103 zi\"}]},{\"@type\":\"WebSite\",\"@id\":\"https:\\\/\\\/urbeamea.ro\\\/albaiulia\\\/#website\",\"url\":\"https:\\\/\\\/urbeamea.ro\\\/albaiulia\\\/\",\"name\":\"Revista Urbea Mea, Stiri urbane\",\"description\":\"Evenimente \u0219i \u0219tiri din Alba Iulia, Sebe\u0219, Aiud, Blaj\",\"potentialAction\":[{\"@type\":\"SearchAction\",\"target\":{\"@type\":\"EntryPoint\",\"urlTemplate\":\"https:\\\/\\\/urbeamea.ro\\\/albaiulia\\\/?s={search_term_string}\"},\"query-input\":{\"@type\":\"PropertyValueSpecification\",\"valueRequired\":true,\"valueName\":\"search_term_string\"}}],\"inLanguage\":\"ro-RO\"},{\"@type\":\"Person\",\"@id\":\"https:\\\/\\\/urbeamea.ro\\\/albaiulia\\\/#\\\/schema\\\/person\\\/9700d21fae21c4f038b0b56f4506264a\",\"name\":\"Cristina Ganga\",\"image\":{\"@type\":\"ImageObject\",\"inLanguage\":\"ro-RO\",\"@id\":\"https:\\\/\\\/secure.gravatar.com\\\/avatar\\\/5a67661041f057b4a8ccaf26f5a8e86e2689372006d01faf3dd9eeb10b654bb4?s=96&d=mm&r=g\",\"url\":\"https:\\\/\\\/secure.gravatar.com\\\/avatar\\\/5a67661041f057b4a8ccaf26f5a8e86e2689372006d01faf3dd9eeb10b654bb4?s=96&d=mm&r=g\",\"contentUrl\":\"https:\\\/\\\/secure.gravatar.com\\\/avatar\\\/5a67661041f057b4a8ccaf26f5a8e86e2689372006d01faf3dd9eeb10b654bb4?s=96&d=mm&r=g\",\"caption\":\"Cristina Ganga\"},\"description\":\"Jurnalist\",\"sameAs\":[\"https:\\\/\\\/www.facebook.com\\\/cristina.nicola.587\"],\"url\":\"https:\\\/\\\/urbeamea.ro\\\/albaiulia\\\/author\\\/cristina-nicola\\\/\"}]}<\/script>\n<!-- \/ Yoast SEO plugin. -->","yoast_head_json":{"title":"Incendii de vegeta\u0163ie uscat\u0103 \u00een Alba: Peste 40 de hectare, distruse de fl\u0103c\u0103ri, \u00eentr-o singur\u0103 zi - Revista Urbea Mea - Revista de Alba","description":"Luni, 3 aprilie, pompierii din Alba au intervenit \u00een nou cazuri de incendii de vegeta\u0163ie uscat\u0103, produse \u00een ciuda avertiz\u0103rilor ISU Alba, c\u0103tre","robots":{"index":"index","follow":"follow","max-snippet":"max-snippet:-1","max-image-preview":"max-image-preview:large","max-video-preview":"max-video-preview:-1"},"canonical":"https:\/\/urbeamea.ro\/albaiulia\/incendii-de-vegetatie-uscata-in-alba-peste-40-de-hectare-distruse-de-flacari-intr-o-singura-zi\/","twitter_card":"summary_large_image","twitter_title":"Incendii de vegeta\u0163ie uscat\u0103 \u00een Alba: Peste 40 de hectare, distruse de fl\u0103c\u0103ri, \u00eentr-o singur\u0103 zi - Revista Urbea Mea - Revista de Alba","twitter_description":"Luni, 3 aprilie, pompierii din Alba au intervenit \u00een nou cazuri de incendii de vegeta\u0163ie uscat\u0103, produse \u00een ciuda avertiz\u0103rilor ISU Alba, c\u0103tre","twitter_image":"https:\/\/urbeamea.ro\/albaiulia\/wp-content\/uploads\/2017\/03\/incendiu1.jpg","twitter_creator":"@urbeameaweb","twitter_site":"@urbeameaweb","schema":{"@context":"https:\/\/schema.org","@graph":[{"@type":"Article","@id":"https:\/\/urbeamea.ro\/albaiulia\/incendii-de-vegetatie-uscata-in-alba-peste-40-de-hectare-distruse-de-flacari-intr-o-singura-zi\/#article","isPartOf":{"@id":"https:\/\/urbeamea.ro\/albaiulia\/incendii-de-vegetatie-uscata-in-alba-peste-40-de-hectare-distruse-de-flacari-intr-o-singura-zi\/"},"author":{"name":"Cristina Ganga","@id":"https:\/\/urbeamea.ro\/albaiulia\/#\/schema\/person\/9700d21fae21c4f038b0b56f4506264a"},"headline":"Incendii de vegeta\u0163ie uscat\u0103 \u00een Alba: Peste 40 de hectare, distruse de fl\u0103c\u0103ri, \u00eentr-o singur\u0103 zi","datePublished":"2017-04-04T08:53:40+00:00","dateModified":"2017-04-04T09:00:57+00:00","mainEntityOfPage":{"@id":"https:\/\/urbeamea.ro\/albaiulia\/incendii-de-vegetatie-uscata-in-alba-peste-40-de-hectare-distruse-de-flacari-intr-o-singura-zi\/"},"wordCount":554,"commentCount":0,"image":{"@id":"https:\/\/urbeamea.ro\/albaiulia\/incendii-de-vegetatie-uscata-in-alba-peste-40-de-hectare-distruse-de-flacari-intr-o-singura-zi\/#primaryimage"},"thumbnailUrl":"https:\/\/urbeamea.ro\/albaiulia\/wp-content\/uploads\/2017\/03\/incendiu1.jpg","keywords":["alba","Alba Iulia","incendii","lupsa","posaga","stiri","Urbea Mea","vegetatie uscata"],"articleSection":["Social"],"inLanguage":"ro-RO","potentialAction":[{"@type":"CommentAction","name":"Comment","target":["https:\/\/urbeamea.ro\/albaiulia\/incendii-de-vegetatie-uscata-in-alba-peste-40-de-hectare-distruse-de-flacari-intr-o-singura-zi\/#respond"]}]},{"@type":"WebPage","@id":"https:\/\/urbeamea.ro\/albaiulia\/incendii-de-vegetatie-uscata-in-alba-peste-40-de-hectare-distruse-de-flacari-intr-o-singura-zi\/","url":"https:\/\/urbeamea.ro\/albaiulia\/incendii-de-vegetatie-uscata-in-alba-peste-40-de-hectare-distruse-de-flacari-intr-o-singura-zi\/","name":"Incendii de vegeta\u0163ie uscat\u0103 \u00een Alba: Peste 40 de hectare, distruse de fl\u0103c\u0103ri, \u00eentr-o singur\u0103 zi - Revista Urbea Mea - Revista de Alba","isPartOf":{"@id":"https:\/\/urbeamea.ro\/albaiulia\/#website"},"primaryImageOfPage":{"@id":"https:\/\/urbeamea.ro\/albaiulia\/incendii-de-vegetatie-uscata-in-alba-peste-40-de-hectare-distruse-de-flacari-intr-o-singura-zi\/#primaryimage"},"image":{"@id":"https:\/\/urbeamea.ro\/albaiulia\/incendii-de-vegetatie-uscata-in-alba-peste-40-de-hectare-distruse-de-flacari-intr-o-singura-zi\/#primaryimage"},"thumbnailUrl":"https:\/\/urbeamea.ro\/albaiulia\/wp-content\/uploads\/2017\/03\/incendiu1.jpg","datePublished":"2017-04-04T08:53:40+00:00","dateModified":"2017-04-04T09:00:57+00:00","author":{"@id":"https:\/\/urbeamea.ro\/albaiulia\/#\/schema\/person\/9700d21fae21c4f038b0b56f4506264a"},"description":"Luni, 3 aprilie, pompierii din Alba au intervenit \u00een nou cazuri de incendii de vegeta\u0163ie uscat\u0103, produse \u00een ciuda avertiz\u0103rilor ISU Alba, c\u0103tre","breadcrumb":{"@id":"https:\/\/urbeamea.ro\/albaiulia\/incendii-de-vegetatie-uscata-in-alba-peste-40-de-hectare-distruse-de-flacari-intr-o-singura-zi\/#breadcrumb"},"inLanguage":"ro-RO","potentialAction":[{"@type":"ReadAction","target":["https:\/\/urbeamea.ro\/albaiulia\/incendii-de-vegetatie-uscata-in-alba-peste-40-de-hectare-distruse-de-flacari-intr-o-singura-zi\/"]}]},{"@type":"ImageObject","inLanguage":"ro-RO","@id":"https:\/\/urbeamea.ro\/albaiulia\/incendii-de-vegetatie-uscata-in-alba-peste-40-de-hectare-distruse-de-flacari-intr-o-singura-zi\/#primaryimage","url":"https:\/\/urbeamea.ro\/albaiulia\/wp-content\/uploads\/2017\/03\/incendiu1.jpg","contentUrl":"https:\/\/urbeamea.ro\/albaiulia\/wp-content\/uploads\/2017\/03\/incendiu1.jpg","width":540,"height":960},{"@type":"BreadcrumbList","@id":"https:\/\/urbeamea.ro\/albaiulia\/incendii-de-vegetatie-uscata-in-alba-peste-40-de-hectare-distruse-de-flacari-intr-o-singura-zi\/#breadcrumb","itemListElement":[{"@type":"ListItem","position":1,"name":"Prima pagin\u0103","item":"https:\/\/urbeamea.ro\/albaiulia\/"},{"@type":"ListItem","position":2,"name":"Incendii de vegeta\u0163ie uscat\u0103 \u00een Alba: Peste 40 de hectare, distruse de fl\u0103c\u0103ri, \u00eentr-o singur\u0103 zi"}]},{"@type":"WebSite","@id":"https:\/\/urbeamea.ro\/albaiulia\/#website","url":"https:\/\/urbeamea.ro\/albaiulia\/","name":"Revista Urbea Mea, Stiri urbane","description":"Evenimente \u0219i \u0219tiri din Alba Iulia, Sebe\u0219, Aiud, Blaj","potentialAction":[{"@type":"SearchAction","target":{"@type":"EntryPoint","urlTemplate":"https:\/\/urbeamea.ro\/albaiulia\/?s={search_term_string}"},"query-input":{"@type":"PropertyValueSpecification","valueRequired":true,"valueName":"search_term_string"}}],"inLanguage":"ro-RO"},{"@type":"Person","@id":"https:\/\/urbeamea.ro\/albaiulia\/#\/schema\/person\/9700d21fae21c4f038b0b56f4506264a","name":"Cristina Ganga","image":{"@type":"ImageObject","inLanguage":"ro-RO","@id":"https:\/\/secure.gravatar.com\/avatar\/5a67661041f057b4a8ccaf26f5a8e86e2689372006d01faf3dd9eeb10b654bb4?s=96&d=mm&r=g","url":"https:\/\/secure.gravatar.com\/avatar\/5a67661041f057b4a8ccaf26f5a8e86e2689372006d01faf3dd9eeb10b654bb4?s=96&d=mm&r=g","contentUrl":"https:\/\/secure.gravatar.com\/avatar\/5a67661041f057b4a8ccaf26f5a8e86e2689372006d01faf3dd9eeb10b654bb4?s=96&d=mm&r=g","caption":"Cristina Ganga"},"description":"Jurnalist","sameAs":["https:\/\/www.facebook.com\/cristina.nicola.587"],"url":"https:\/\/urbeamea.ro\/albaiulia\/author\/cristina-nicola\/"}]}},"_links":{"self":[{"href":"https:\/\/urbeamea.ro\/albaiulia\/wp-json\/wp\/v2\/posts\/42721","targetHints":{"allow":["GET"]}}],"collection":[{"href":"https:\/\/urbeamea.ro\/albaiulia\/wp-json\/wp\/v2\/posts"}],"about":[{"href":"https:\/\/urbeamea.ro\/albaiulia\/wp-json\/wp\/v2\/types\/post"}],"author":[{"embeddable":true,"href":"https:\/\/urbeamea.ro\/albaiulia\/wp-json\/wp\/v2\/users\/17"}],"replies":[{"embeddable":true,"href":"https:\/\/urbeamea.ro\/albaiulia\/wp-json\/wp\/v2\/comments?post=42721"}],"version-history":[{"count":0,"href":"https:\/\/urbeamea.ro\/albaiulia\/wp-json\/wp\/v2\/posts\/42721\/revisions"}],"wp:featuredmedia":[{"embeddable":true,"href":"https:\/\/urbeamea.ro\/albaiulia\/wp-json\/wp\/v2\/media\/42358"}],"wp:attachment":[{"href":"https:\/\/urbeamea.ro\/albaiulia\/wp-json\/wp\/v2\/media?parent=42721"}],"wp:term":[{"taxonomy":"category","embeddable":true,"href":"https:\/\/urbeamea.ro\/albaiulia\/wp-json\/wp\/v2\/categories?post=42721"},{"taxonomy":"post_tag","embeddable":true,"href":"https:\/\/urbeamea.ro\/albaiulia\/wp-json\/wp\/v2\/tags?post=42721"}],"curies":[{"name":"wp","href":"https:\/\/api.w.org\/{rel}","templated":true}]}}