{"id":42867,"date":"2017-04-06T12:21:49","date_gmt":"2017-04-06T09:21:49","guid":{"rendered":"http:\/\/urbeamea.ro\/albaiulia\/?p=42867"},"modified":"2017-04-06T12:21:49","modified_gmt":"2017-04-06T09:21:49","slug":"atentionare-meteo-ploi-furtuni-si-ninsori-viscolite-pana-sambata","status":"publish","type":"post","link":"https:\/\/urbeamea.ro\/albaiulia\/atentionare-meteo-ploi-furtuni-si-ninsori-viscolite-pana-sambata\/","title":{"rendered":"Aten\u0163ionare meteo: Ploi, furtuni \u015fi ninsori viscolite, p\u00e2n\u0103 s\u00e2mb\u0103t\u0103"},"content":{"rendered":"<p><strong>Vremea se r\u0103ce\u015fte \u015fi sunt a\u015fteptate ploi, furtuni \u015fi ninsori viscolite. \u00cen perioada 6 aprilie, ora 16.00 \u2013 8 aprilie, ora 9.00, vor fi precipita\u021bii moderate cantitativ, predominant ninsori la munte, intensific\u0103ri ale v\u00e2ntului, potrivit Administra\u0163iei Na\u0163ionale de Meteorologie.<br \/>\n<\/strong><\/p>\n<p>Precipita\u021bii sunt a\u015fteptate mai ales \u00een regiunile nordice, estice \u0219i centrale, precum \u0219i la munte, unde se vor cumula cantit\u0103\u021bi de 15-20 l\/mp \u0219i izolat 25 l\/mp.<\/p>\n<p>Vor fi ploi, mai ales averse \u0219i se vor semnala desc\u0103rc\u0103ri electrice, iar \u00een Maramure\u0219 \u0219i Transilvania, \u00eencep\u00e2nd cu diminea\u021ba zilei de vineri (7 aprilie) temporar precipita\u021biile vor fi \u0219i sub form\u0103 de lapovi\u021b\u0103 \u0219i ninsoare.<\/p>\n<p>\u00cen zona montan\u0103 vor predomina ninsorile, se va depune strat nou de z\u0103pad\u0103, mai ales la altitudini de peste 1 500 m, iar v\u00e2ntul va avea intensific\u0103ri cu viteze de peste 70-80 km\/h, viscolind \u0219i spulber\u00e2nd z\u0103pada, \u00een special pe crestele Carpa\u021bilor Meridionali \u0219i de Curbur\u0103.<\/p>\n<p>Intensific\u0103ri ale v\u00e2ntului vor fi \u0219i \u00een restul teritoriului, cu rafale de p\u00e2n\u0103 la 50-60 km\/h.<\/p>\n<p>\u00cen cursul nop\u021bilor de vineri spre s\u00e2mb\u0103t\u0103 (7\/8 aprilie) \u015fi s\u00e2mb\u0103t\u0103 spre duminic\u0103 (8\/9 aprilie) se va produce brum\u0103 local \u00een Maramure\u0219, Transilvania, Oltenia, nordul Munteniei \u015fi pe arii restr\u00e2nse \u00een rest.<\/p>\n<p><em>sursa: meteoromania.ro<\/em><\/p>\n","protected":false},"excerpt":{"rendered":"<p>Vremea se r\u0103ce\u015fte \u015fi sunt a\u015fteptate ploi, furtuni \u015fi ninsori viscolite. \u00cen perioada 6 aprilie, ora 16.00 \u2013 8 aprilie, ora 9.00, vor fi precipita\u021bii moderate cantitativ, predominant ninsori la munte, intensific\u0103ri ale v\u00e2ntului, potrivit Administra\u0163iei Na\u0163ionale de Meteorologie. Precipita\u021bii sunt a\u015fteptate mai ales \u00een regiunile nordice, estice \u0219i centrale, precum \u0219i la munte, unde &hellip;<\/p>\n","protected":false},"author":17,"featured_media":42772,"comment_status":"open","ping_status":"open","sticky":false,"template":"","format":"standard","meta":{"inline_featured_image":false,"footnotes":""},"categories":[1],"tags":[1809,307,393,2372,10568,391,1775,308,76,2078],"class_list":["post-42867","post","type-post","status-publish","format-standard","has-post-thumbnail","hentry","category-stiri-urbane","tag-administratia-nationala-de-meteorologie","tag-alba","tag-furtuni","tag-intensificari-ale-vantului","tag-ninsori-viscolite","tag-ploi","tag-precipitatii","tag-stiri","tag-urbea-mea","tag-vreme"],"yoast_head":"<!-- This site is optimized with the Yoast SEO plugin v27.4 - https:\/\/yoast.com\/product\/yoast-seo-wordpress\/ -->\n<title>Aten\u0163ionare meteo: Ploi, furtuni \u015fi ninsori viscolite, p\u00e2n\u0103 s\u00e2mb\u0103t\u0103 - Revista Urbea Mea - Revista de Alba<\/title>\n<meta name=\"description\" content=\"Vremea se r\u0103ce\u015fte \u015fi sunt a\u015fteptate ploi, furtuni \u015fi ninsori viscolite. \u00cen perioada 6 aprilie, ora 16.00 \u2013 8 aprilie, ora 9.00, vor fi precipita\u021bii\" \/>\n<meta name=\"robots\" content=\"index, follow, max-snippet:-1, max-image-preview:large, max-video-preview:-1\" \/>\n<link rel=\"canonical\" href=\"https:\/\/urbeamea.ro\/albaiulia\/atentionare-meteo-ploi-furtuni-si-ninsori-viscolite-pana-sambata\/\" \/>\n<meta name=\"twitter:card\" content=\"summary_large_image\" \/>\n<meta name=\"twitter:title\" content=\"Aten\u0163ionare meteo: Ploi, furtuni \u015fi ninsori viscolite, p\u00e2n\u0103 s\u00e2mb\u0103t\u0103 - Revista Urbea Mea - Revista de Alba\" \/>\n<meta name=\"twitter:description\" content=\"Vremea se r\u0103ce\u015fte \u015fi sunt a\u015fteptate ploi, furtuni \u015fi ninsori viscolite. \u00cen perioada 6 aprilie, ora 16.00 \u2013 8 aprilie, ora 9.00, vor fi precipita\u021bii\" \/>\n<meta name=\"twitter:image\" content=\"https:\/\/urbeamea.ro\/albaiulia\/wp-content\/uploads\/2017\/04\/DSC_0282.jpg\" \/>\n<meta name=\"twitter:creator\" content=\"@urbeameaweb\" \/>\n<meta name=\"twitter:site\" content=\"@urbeameaweb\" \/>\n<script type=\"application\/ld+json\" class=\"yoast-schema-graph\">{\"@context\":\"https:\\\/\\\/schema.org\",\"@graph\":[{\"@type\":\"Article\",\"@id\":\"https:\\\/\\\/urbeamea.ro\\\/albaiulia\\\/atentionare-meteo-ploi-furtuni-si-ninsori-viscolite-pana-sambata\\\/#article\",\"isPartOf\":{\"@id\":\"https:\\\/\\\/urbeamea.ro\\\/albaiulia\\\/atentionare-meteo-ploi-furtuni-si-ninsori-viscolite-pana-sambata\\\/\"},\"author\":{\"name\":\"Cristina Ganga\",\"@id\":\"https:\\\/\\\/urbeamea.ro\\\/albaiulia\\\/#\\\/schema\\\/person\\\/9700d21fae21c4f038b0b56f4506264a\"},\"headline\":\"Aten\u0163ionare meteo: Ploi, furtuni \u015fi ninsori viscolite, p\u00e2n\u0103 s\u00e2mb\u0103t\u0103\",\"datePublished\":\"2017-04-06T09:21:49+00:00\",\"mainEntityOfPage\":{\"@id\":\"https:\\\/\\\/urbeamea.ro\\\/albaiulia\\\/atentionare-meteo-ploi-furtuni-si-ninsori-viscolite-pana-sambata\\\/\"},\"wordCount\":236,\"commentCount\":0,\"image\":{\"@id\":\"https:\\\/\\\/urbeamea.ro\\\/albaiulia\\\/atentionare-meteo-ploi-furtuni-si-ninsori-viscolite-pana-sambata\\\/#primaryimage\"},\"thumbnailUrl\":\"https:\\\/\\\/urbeamea.ro\\\/albaiulia\\\/wp-content\\\/uploads\\\/2017\\\/04\\\/DSC_0282.jpg\",\"keywords\":[\"administratia nationala de meteorologie\",\"alba\",\"furtuni\",\"intensificari ale vantului\",\"ninsori viscolite\",\"ploi\",\"precipitatii\",\"stiri\",\"Urbea Mea\",\"vreme\"],\"articleSection\":[\"\u015etiri Urbane\"],\"inLanguage\":\"ro-RO\",\"potentialAction\":[{\"@type\":\"CommentAction\",\"name\":\"Comment\",\"target\":[\"https:\\\/\\\/urbeamea.ro\\\/albaiulia\\\/atentionare-meteo-ploi-furtuni-si-ninsori-viscolite-pana-sambata\\\/#respond\"]}]},{\"@type\":\"WebPage\",\"@id\":\"https:\\\/\\\/urbeamea.ro\\\/albaiulia\\\/atentionare-meteo-ploi-furtuni-si-ninsori-viscolite-pana-sambata\\\/\",\"url\":\"https:\\\/\\\/urbeamea.ro\\\/albaiulia\\\/atentionare-meteo-ploi-furtuni-si-ninsori-viscolite-pana-sambata\\\/\",\"name\":\"Aten\u0163ionare meteo: Ploi, furtuni \u015fi ninsori viscolite, p\u00e2n\u0103 s\u00e2mb\u0103t\u0103 - Revista Urbea Mea - Revista de Alba\",\"isPartOf\":{\"@id\":\"https:\\\/\\\/urbeamea.ro\\\/albaiulia\\\/#website\"},\"primaryImageOfPage\":{\"@id\":\"https:\\\/\\\/urbeamea.ro\\\/albaiulia\\\/atentionare-meteo-ploi-furtuni-si-ninsori-viscolite-pana-sambata\\\/#primaryimage\"},\"image\":{\"@id\":\"https:\\\/\\\/urbeamea.ro\\\/albaiulia\\\/atentionare-meteo-ploi-furtuni-si-ninsori-viscolite-pana-sambata\\\/#primaryimage\"},\"thumbnailUrl\":\"https:\\\/\\\/urbeamea.ro\\\/albaiulia\\\/wp-content\\\/uploads\\\/2017\\\/04\\\/DSC_0282.jpg\",\"datePublished\":\"2017-04-06T09:21:49+00:00\",\"author\":{\"@id\":\"https:\\\/\\\/urbeamea.ro\\\/albaiulia\\\/#\\\/schema\\\/person\\\/9700d21fae21c4f038b0b56f4506264a\"},\"description\":\"Vremea se r\u0103ce\u015fte \u015fi sunt a\u015fteptate ploi, furtuni \u015fi ninsori viscolite. \u00cen perioada 6 aprilie, ora 16.00 \u2013 8 aprilie, ora 9.00, vor fi precipita\u021bii\",\"breadcrumb\":{\"@id\":\"https:\\\/\\\/urbeamea.ro\\\/albaiulia\\\/atentionare-meteo-ploi-furtuni-si-ninsori-viscolite-pana-sambata\\\/#breadcrumb\"},\"inLanguage\":\"ro-RO\",\"potentialAction\":[{\"@type\":\"ReadAction\",\"target\":[\"https:\\\/\\\/urbeamea.ro\\\/albaiulia\\\/atentionare-meteo-ploi-furtuni-si-ninsori-viscolite-pana-sambata\\\/\"]}]},{\"@type\":\"ImageObject\",\"inLanguage\":\"ro-RO\",\"@id\":\"https:\\\/\\\/urbeamea.ro\\\/albaiulia\\\/atentionare-meteo-ploi-furtuni-si-ninsori-viscolite-pana-sambata\\\/#primaryimage\",\"url\":\"https:\\\/\\\/urbeamea.ro\\\/albaiulia\\\/wp-content\\\/uploads\\\/2017\\\/04\\\/DSC_0282.jpg\",\"contentUrl\":\"https:\\\/\\\/urbeamea.ro\\\/albaiulia\\\/wp-content\\\/uploads\\\/2017\\\/04\\\/DSC_0282.jpg\",\"width\":1024,\"height\":683},{\"@type\":\"BreadcrumbList\",\"@id\":\"https:\\\/\\\/urbeamea.ro\\\/albaiulia\\\/atentionare-meteo-ploi-furtuni-si-ninsori-viscolite-pana-sambata\\\/#breadcrumb\",\"itemListElement\":[{\"@type\":\"ListItem\",\"position\":1,\"name\":\"Prima pagin\u0103\",\"item\":\"https:\\\/\\\/urbeamea.ro\\\/albaiulia\\\/\"},{\"@type\":\"ListItem\",\"position\":2,\"name\":\"Aten\u0163ionare meteo: Ploi, furtuni \u015fi ninsori viscolite, p\u00e2n\u0103 s\u00e2mb\u0103t\u0103\"}]},{\"@type\":\"WebSite\",\"@id\":\"https:\\\/\\\/urbeamea.ro\\\/albaiulia\\\/#website\",\"url\":\"https:\\\/\\\/urbeamea.ro\\\/albaiulia\\\/\",\"name\":\"Revista Urbea Mea, Stiri urbane\",\"description\":\"Evenimente \u0219i \u0219tiri din Alba Iulia, Sebe\u0219, Aiud, Blaj\",\"potentialAction\":[{\"@type\":\"SearchAction\",\"target\":{\"@type\":\"EntryPoint\",\"urlTemplate\":\"https:\\\/\\\/urbeamea.ro\\\/albaiulia\\\/?s={search_term_string}\"},\"query-input\":{\"@type\":\"PropertyValueSpecification\",\"valueRequired\":true,\"valueName\":\"search_term_string\"}}],\"inLanguage\":\"ro-RO\"},{\"@type\":\"Person\",\"@id\":\"https:\\\/\\\/urbeamea.ro\\\/albaiulia\\\/#\\\/schema\\\/person\\\/9700d21fae21c4f038b0b56f4506264a\",\"name\":\"Cristina Ganga\",\"image\":{\"@type\":\"ImageObject\",\"inLanguage\":\"ro-RO\",\"@id\":\"https:\\\/\\\/secure.gravatar.com\\\/avatar\\\/5a67661041f057b4a8ccaf26f5a8e86e2689372006d01faf3dd9eeb10b654bb4?s=96&d=mm&r=g\",\"url\":\"https:\\\/\\\/secure.gravatar.com\\\/avatar\\\/5a67661041f057b4a8ccaf26f5a8e86e2689372006d01faf3dd9eeb10b654bb4?s=96&d=mm&r=g\",\"contentUrl\":\"https:\\\/\\\/secure.gravatar.com\\\/avatar\\\/5a67661041f057b4a8ccaf26f5a8e86e2689372006d01faf3dd9eeb10b654bb4?s=96&d=mm&r=g\",\"caption\":\"Cristina Ganga\"},\"description\":\"Jurnalist\",\"sameAs\":[\"https:\\\/\\\/www.facebook.com\\\/cristina.nicola.587\"],\"url\":\"https:\\\/\\\/urbeamea.ro\\\/albaiulia\\\/author\\\/cristina-nicola\\\/\"}]}<\/script>\n<!-- \/ Yoast SEO plugin. -->","yoast_head_json":{"title":"Aten\u0163ionare meteo: Ploi, furtuni \u015fi ninsori viscolite, p\u00e2n\u0103 s\u00e2mb\u0103t\u0103 - Revista Urbea Mea - Revista de Alba","description":"Vremea se r\u0103ce\u015fte \u015fi sunt a\u015fteptate ploi, furtuni \u015fi ninsori viscolite. \u00cen perioada 6 aprilie, ora 16.00 \u2013 8 aprilie, ora 9.00, vor fi precipita\u021bii","robots":{"index":"index","follow":"follow","max-snippet":"max-snippet:-1","max-image-preview":"max-image-preview:large","max-video-preview":"max-video-preview:-1"},"canonical":"https:\/\/urbeamea.ro\/albaiulia\/atentionare-meteo-ploi-furtuni-si-ninsori-viscolite-pana-sambata\/","twitter_card":"summary_large_image","twitter_title":"Aten\u0163ionare meteo: Ploi, furtuni \u015fi ninsori viscolite, p\u00e2n\u0103 s\u00e2mb\u0103t\u0103 - Revista Urbea Mea - Revista de Alba","twitter_description":"Vremea se r\u0103ce\u015fte \u015fi sunt a\u015fteptate ploi, furtuni \u015fi ninsori viscolite. \u00cen perioada 6 aprilie, ora 16.00 \u2013 8 aprilie, ora 9.00, vor fi precipita\u021bii","twitter_image":"https:\/\/urbeamea.ro\/albaiulia\/wp-content\/uploads\/2017\/04\/DSC_0282.jpg","twitter_creator":"@urbeameaweb","twitter_site":"@urbeameaweb","schema":{"@context":"https:\/\/schema.org","@graph":[{"@type":"Article","@id":"https:\/\/urbeamea.ro\/albaiulia\/atentionare-meteo-ploi-furtuni-si-ninsori-viscolite-pana-sambata\/#article","isPartOf":{"@id":"https:\/\/urbeamea.ro\/albaiulia\/atentionare-meteo-ploi-furtuni-si-ninsori-viscolite-pana-sambata\/"},"author":{"name":"Cristina Ganga","@id":"https:\/\/urbeamea.ro\/albaiulia\/#\/schema\/person\/9700d21fae21c4f038b0b56f4506264a"},"headline":"Aten\u0163ionare meteo: Ploi, furtuni \u015fi ninsori viscolite, p\u00e2n\u0103 s\u00e2mb\u0103t\u0103","datePublished":"2017-04-06T09:21:49+00:00","mainEntityOfPage":{"@id":"https:\/\/urbeamea.ro\/albaiulia\/atentionare-meteo-ploi-furtuni-si-ninsori-viscolite-pana-sambata\/"},"wordCount":236,"commentCount":0,"image":{"@id":"https:\/\/urbeamea.ro\/albaiulia\/atentionare-meteo-ploi-furtuni-si-ninsori-viscolite-pana-sambata\/#primaryimage"},"thumbnailUrl":"https:\/\/urbeamea.ro\/albaiulia\/wp-content\/uploads\/2017\/04\/DSC_0282.jpg","keywords":["administratia nationala de meteorologie","alba","furtuni","intensificari ale vantului","ninsori viscolite","ploi","precipitatii","stiri","Urbea Mea","vreme"],"articleSection":["\u015etiri Urbane"],"inLanguage":"ro-RO","potentialAction":[{"@type":"CommentAction","name":"Comment","target":["https:\/\/urbeamea.ro\/albaiulia\/atentionare-meteo-ploi-furtuni-si-ninsori-viscolite-pana-sambata\/#respond"]}]},{"@type":"WebPage","@id":"https:\/\/urbeamea.ro\/albaiulia\/atentionare-meteo-ploi-furtuni-si-ninsori-viscolite-pana-sambata\/","url":"https:\/\/urbeamea.ro\/albaiulia\/atentionare-meteo-ploi-furtuni-si-ninsori-viscolite-pana-sambata\/","name":"Aten\u0163ionare meteo: Ploi, furtuni \u015fi ninsori viscolite, p\u00e2n\u0103 s\u00e2mb\u0103t\u0103 - Revista Urbea Mea - Revista de Alba","isPartOf":{"@id":"https:\/\/urbeamea.ro\/albaiulia\/#website"},"primaryImageOfPage":{"@id":"https:\/\/urbeamea.ro\/albaiulia\/atentionare-meteo-ploi-furtuni-si-ninsori-viscolite-pana-sambata\/#primaryimage"},"image":{"@id":"https:\/\/urbeamea.ro\/albaiulia\/atentionare-meteo-ploi-furtuni-si-ninsori-viscolite-pana-sambata\/#primaryimage"},"thumbnailUrl":"https:\/\/urbeamea.ro\/albaiulia\/wp-content\/uploads\/2017\/04\/DSC_0282.jpg","datePublished":"2017-04-06T09:21:49+00:00","author":{"@id":"https:\/\/urbeamea.ro\/albaiulia\/#\/schema\/person\/9700d21fae21c4f038b0b56f4506264a"},"description":"Vremea se r\u0103ce\u015fte \u015fi sunt a\u015fteptate ploi, furtuni \u015fi ninsori viscolite. \u00cen perioada 6 aprilie, ora 16.00 \u2013 8 aprilie, ora 9.00, vor fi precipita\u021bii","breadcrumb":{"@id":"https:\/\/urbeamea.ro\/albaiulia\/atentionare-meteo-ploi-furtuni-si-ninsori-viscolite-pana-sambata\/#breadcrumb"},"inLanguage":"ro-RO","potentialAction":[{"@type":"ReadAction","target":["https:\/\/urbeamea.ro\/albaiulia\/atentionare-meteo-ploi-furtuni-si-ninsori-viscolite-pana-sambata\/"]}]},{"@type":"ImageObject","inLanguage":"ro-RO","@id":"https:\/\/urbeamea.ro\/albaiulia\/atentionare-meteo-ploi-furtuni-si-ninsori-viscolite-pana-sambata\/#primaryimage","url":"https:\/\/urbeamea.ro\/albaiulia\/wp-content\/uploads\/2017\/04\/DSC_0282.jpg","contentUrl":"https:\/\/urbeamea.ro\/albaiulia\/wp-content\/uploads\/2017\/04\/DSC_0282.jpg","width":1024,"height":683},{"@type":"BreadcrumbList","@id":"https:\/\/urbeamea.ro\/albaiulia\/atentionare-meteo-ploi-furtuni-si-ninsori-viscolite-pana-sambata\/#breadcrumb","itemListElement":[{"@type":"ListItem","position":1,"name":"Prima pagin\u0103","item":"https:\/\/urbeamea.ro\/albaiulia\/"},{"@type":"ListItem","position":2,"name":"Aten\u0163ionare meteo: Ploi, furtuni \u015fi ninsori viscolite, p\u00e2n\u0103 s\u00e2mb\u0103t\u0103"}]},{"@type":"WebSite","@id":"https:\/\/urbeamea.ro\/albaiulia\/#website","url":"https:\/\/urbeamea.ro\/albaiulia\/","name":"Revista Urbea Mea, Stiri urbane","description":"Evenimente \u0219i \u0219tiri din Alba Iulia, Sebe\u0219, Aiud, Blaj","potentialAction":[{"@type":"SearchAction","target":{"@type":"EntryPoint","urlTemplate":"https:\/\/urbeamea.ro\/albaiulia\/?s={search_term_string}"},"query-input":{"@type":"PropertyValueSpecification","valueRequired":true,"valueName":"search_term_string"}}],"inLanguage":"ro-RO"},{"@type":"Person","@id":"https:\/\/urbeamea.ro\/albaiulia\/#\/schema\/person\/9700d21fae21c4f038b0b56f4506264a","name":"Cristina Ganga","image":{"@type":"ImageObject","inLanguage":"ro-RO","@id":"https:\/\/secure.gravatar.com\/avatar\/5a67661041f057b4a8ccaf26f5a8e86e2689372006d01faf3dd9eeb10b654bb4?s=96&d=mm&r=g","url":"https:\/\/secure.gravatar.com\/avatar\/5a67661041f057b4a8ccaf26f5a8e86e2689372006d01faf3dd9eeb10b654bb4?s=96&d=mm&r=g","contentUrl":"https:\/\/secure.gravatar.com\/avatar\/5a67661041f057b4a8ccaf26f5a8e86e2689372006d01faf3dd9eeb10b654bb4?s=96&d=mm&r=g","caption":"Cristina Ganga"},"description":"Jurnalist","sameAs":["https:\/\/www.facebook.com\/cristina.nicola.587"],"url":"https:\/\/urbeamea.ro\/albaiulia\/author\/cristina-nicola\/"}]}},"_links":{"self":[{"href":"https:\/\/urbeamea.ro\/albaiulia\/wp-json\/wp\/v2\/posts\/42867","targetHints":{"allow":["GET"]}}],"collection":[{"href":"https:\/\/urbeamea.ro\/albaiulia\/wp-json\/wp\/v2\/posts"}],"about":[{"href":"https:\/\/urbeamea.ro\/albaiulia\/wp-json\/wp\/v2\/types\/post"}],"author":[{"embeddable":true,"href":"https:\/\/urbeamea.ro\/albaiulia\/wp-json\/wp\/v2\/users\/17"}],"replies":[{"embeddable":true,"href":"https:\/\/urbeamea.ro\/albaiulia\/wp-json\/wp\/v2\/comments?post=42867"}],"version-history":[{"count":0,"href":"https:\/\/urbeamea.ro\/albaiulia\/wp-json\/wp\/v2\/posts\/42867\/revisions"}],"wp:featuredmedia":[{"embeddable":true,"href":"https:\/\/urbeamea.ro\/albaiulia\/wp-json\/wp\/v2\/media\/42772"}],"wp:attachment":[{"href":"https:\/\/urbeamea.ro\/albaiulia\/wp-json\/wp\/v2\/media?parent=42867"}],"wp:term":[{"taxonomy":"category","embeddable":true,"href":"https:\/\/urbeamea.ro\/albaiulia\/wp-json\/wp\/v2\/categories?post=42867"},{"taxonomy":"post_tag","embeddable":true,"href":"https:\/\/urbeamea.ro\/albaiulia\/wp-json\/wp\/v2\/tags?post=42867"}],"curies":[{"name":"wp","href":"https:\/\/api.w.org\/{rel}","templated":true}]}}