{"id":42973,"date":"2017-04-07T21:56:13","date_gmt":"2017-04-07T18:56:13","guid":{"rendered":"http:\/\/urbeamea.ro\/albaiulia\/?p=42973"},"modified":"2017-04-07T21:56:13","modified_gmt":"2017-04-07T18:56:13","slug":"7-9-aprilie-160-de-politisti-din-alba-vor-fi-prezenti-pe-strazile-din-oras-de-florii","status":"publish","type":"post","link":"https:\/\/urbeamea.ro\/albaiulia\/7-9-aprilie-160-de-politisti-din-alba-vor-fi-prezenti-pe-strazile-din-oras-de-florii\/","title":{"rendered":"7-9 aprilie: 160 de poli\u0163i\u015fti din Alba vor fi prezen\u021bi pe str\u0103zile din ora\u0219, de Florii"},"content":{"rendered":"<p><strong>\u00cen vederea bunei desf\u0103\u0219ur\u0103ri a manifest\u0103rilor prilejuite de S\u0103rb\u0103toarea Floriilor Ortodoxe, Inspectoratul de Poli\u0163ie Jude\u0163ean Alba a luat m\u0103surile necesare pentru prevenirea evenimentelor negative. Vor fi suplimentate efectivele de siguran\u0163\u0103 public\u0103 \u015fi va fi asigurat\u0103 prezen\u0163a echipajelor de poli\u0163ie rutier\u0103 pe principalele drumuri pe care se preconizeaz\u0103 cre\u015fteri ale valorilor de trafic.<\/strong><\/p>\n<p>\u00cen perioada 7-9 aprilie, poli\u0163i\u015ftii din jude\u0163ul Alba vor intensifica ac\u0163iunile ce vizeaz\u0103 prevenirea \u015fi descurajarea oric\u0103ror evenimente care ar putea afecta lini\u015ftea cet\u0103\u0163enilor.<\/p>\n<p>Astfel, zilnic, 160 de poli\u0163i\u015fti de la ordine public\u0103, rutier\u0103, investiga\u021bii criminale, investigare a criminalit\u0103\u0163ii economice al\u0103turi de poli\u0163i\u015fti din alte structuri, se vor afla \u00een strad\u0103, \u00een dispozitive mixte de ordine \u015fi siguran\u0163\u0103 public\u0103, precum \u015fi \u00een proximitatea l\u0103ca\u015furilor de cult sau de desf\u0103\u015furare a manifest\u0103rilor publice circumscrise acestor s\u0103rb\u0103tori. \u00cen activit\u0103\u0163ile de patrulare vor fi folosite, zilnic, \u00een medie, 60 de mijloace auto.<\/p>\n<p>Activit\u0103\u0163ile vor fi desf\u0103\u015furate \u00een sistem integrat, \u00eempreun\u0103 cu celelalte institu\u0163ii cu atribu\u0163ii \u00een asigurarea ordinii \u015fi lini\u015ftii publice.<\/p>\n<p>Pe drumurile publice, pe principalele artere din zonele turistice, pe traseele de acces c\u0103tre aceste zone, precum \u015fi \u00een zona l\u0103ca\u015felor de cult religios, poli\u0163i\u015ftii de la rutier\u0103 vor ac\u0163iona pentru men\u0163inerea fluen\u0163ei \u015fi prevenirea producerii unor evenimente grave, \u00een general a celor generate de excesul de vitez\u0103, iar 11 aparate radar vor ac\u0163iona zilnic, la capacitate maxim\u0103.<\/p>\n<p>Inspectoratul de Poli\u0163ie Jude\u0163ean Alba, prin efectivele de care dispune, este preg\u0103tit s\u0103 r\u0103spund\u0103 prompt la orice sesizare sau reclama\u0163ie a cet\u0103\u0163enilor, pentru asigurarea unui climat de siguran\u0163\u0103 corespunz\u0103tor pe perioada S\u0103rb\u0103torii Floriilor.<\/p>\n<p>\u00cen caz de nevoie, apela\u0163i cu \u00eencredere 112 \u2013 Apelul Unic de Urgen\u0163\u0103!<\/p>\n","protected":false},"excerpt":{"rendered":"<p>\u00cen vederea bunei desf\u0103\u0219ur\u0103ri a manifest\u0103rilor prilejuite de S\u0103rb\u0103toarea Floriilor Ortodoxe, Inspectoratul de Poli\u0163ie Jude\u0163ean Alba a luat m\u0103surile necesare pentru prevenirea evenimentelor negative. Vor fi suplimentate efectivele de siguran\u0163\u0103 public\u0103 \u015fi va fi asigurat\u0103 prezen\u0163a echipajelor de poli\u0163ie rutier\u0103 pe principalele drumuri pe care se preconizeaz\u0103 cre\u015fteri ale valorilor de trafic. \u00cen perioada 7-9 &hellip;<\/p>\n","protected":false},"author":17,"featured_media":7025,"comment_status":"open","ping_status":"open","sticky":false,"template":"","format":"standard","meta":{"inline_featured_image":false,"footnotes":""},"categories":[2034],"tags":[4738,457,1248,458,3162,1563,4761,308,76],"class_list":["post-42973","post","type-post","status-publish","format-standard","has-post-thumbnail","hentry","category-social","tag-florii","tag-ipj-alba","tag-manifestari","tag-politisti","tag-prevenire","tag-sarbatoare","tag-siguranta-publica","tag-stiri","tag-urbea-mea"],"yoast_head":"<!-- This site is optimized with the Yoast SEO plugin v27.4 - https:\/\/yoast.com\/product\/yoast-seo-wordpress\/ -->\n<title>7-9 aprilie: 160 de poli\u0163i\u015fti din Alba vor fi prezen\u021bi pe str\u0103zile din ora\u0219, de Florii - Revista Urbea Mea - Revista de Alba<\/title>\n<meta name=\"description\" content=\"\u00cen vederea bunei desf\u0103\u0219ur\u0103ri a manifest\u0103rilor prilejuite de S\u0103rb\u0103toarea Floriilor Ortodoxe, Inspectoratul de Poli\u0163ie Jude\u0163ean Alba a luat m\u0103surile\" \/>\n<meta name=\"robots\" content=\"index, follow, max-snippet:-1, max-image-preview:large, max-video-preview:-1\" \/>\n<link rel=\"canonical\" href=\"https:\/\/urbeamea.ro\/albaiulia\/7-9-aprilie-160-de-politisti-din-alba-vor-fi-prezenti-pe-strazile-din-oras-de-florii\/\" \/>\n<meta name=\"twitter:card\" content=\"summary_large_image\" \/>\n<meta name=\"twitter:title\" content=\"7-9 aprilie: 160 de poli\u0163i\u015fti din Alba vor fi prezen\u021bi pe str\u0103zile din ora\u0219, de Florii - Revista Urbea Mea - Revista de Alba\" \/>\n<meta name=\"twitter:description\" content=\"\u00cen vederea bunei desf\u0103\u0219ur\u0103ri a manifest\u0103rilor prilejuite de S\u0103rb\u0103toarea Floriilor Ortodoxe, Inspectoratul de Poli\u0163ie Jude\u0163ean Alba a luat m\u0103surile\" \/>\n<meta name=\"twitter:image\" content=\"https:\/\/urbeamea.ro\/albaiulia\/wp-content\/uploads\/2015\/08\/30masiniIPJAlba.jpg\" \/>\n<meta name=\"twitter:creator\" content=\"@urbeameaweb\" \/>\n<meta name=\"twitter:site\" content=\"@urbeameaweb\" \/>\n<script type=\"application\/ld+json\" class=\"yoast-schema-graph\">{\"@context\":\"https:\\\/\\\/schema.org\",\"@graph\":[{\"@type\":\"Article\",\"@id\":\"https:\\\/\\\/urbeamea.ro\\\/albaiulia\\\/7-9-aprilie-160-de-politisti-din-alba-vor-fi-prezenti-pe-strazile-din-oras-de-florii\\\/#article\",\"isPartOf\":{\"@id\":\"https:\\\/\\\/urbeamea.ro\\\/albaiulia\\\/7-9-aprilie-160-de-politisti-din-alba-vor-fi-prezenti-pe-strazile-din-oras-de-florii\\\/\"},\"author\":{\"name\":\"Cristina Ganga\",\"@id\":\"https:\\\/\\\/urbeamea.ro\\\/albaiulia\\\/#\\\/schema\\\/person\\\/9700d21fae21c4f038b0b56f4506264a\"},\"headline\":\"7-9 aprilie: 160 de poli\u0163i\u015fti din Alba vor fi prezen\u021bi pe str\u0103zile din ora\u0219, de Florii\",\"datePublished\":\"2017-04-07T18:56:13+00:00\",\"mainEntityOfPage\":{\"@id\":\"https:\\\/\\\/urbeamea.ro\\\/albaiulia\\\/7-9-aprilie-160-de-politisti-din-alba-vor-fi-prezenti-pe-strazile-din-oras-de-florii\\\/\"},\"wordCount\":334,\"commentCount\":0,\"image\":{\"@id\":\"https:\\\/\\\/urbeamea.ro\\\/albaiulia\\\/7-9-aprilie-160-de-politisti-din-alba-vor-fi-prezenti-pe-strazile-din-oras-de-florii\\\/#primaryimage\"},\"thumbnailUrl\":\"https:\\\/\\\/urbeamea.ro\\\/albaiulia\\\/wp-content\\\/uploads\\\/2015\\\/08\\\/30masiniIPJAlba.jpg\",\"keywords\":[\"Florii\",\"IPJ Alba\",\"manifestari\",\"politisti\",\"prevenire\",\"sarbatoare\",\"siguranta publica\",\"stiri\",\"Urbea Mea\"],\"articleSection\":[\"Social\"],\"inLanguage\":\"ro-RO\",\"potentialAction\":[{\"@type\":\"CommentAction\",\"name\":\"Comment\",\"target\":[\"https:\\\/\\\/urbeamea.ro\\\/albaiulia\\\/7-9-aprilie-160-de-politisti-din-alba-vor-fi-prezenti-pe-strazile-din-oras-de-florii\\\/#respond\"]}]},{\"@type\":\"WebPage\",\"@id\":\"https:\\\/\\\/urbeamea.ro\\\/albaiulia\\\/7-9-aprilie-160-de-politisti-din-alba-vor-fi-prezenti-pe-strazile-din-oras-de-florii\\\/\",\"url\":\"https:\\\/\\\/urbeamea.ro\\\/albaiulia\\\/7-9-aprilie-160-de-politisti-din-alba-vor-fi-prezenti-pe-strazile-din-oras-de-florii\\\/\",\"name\":\"7-9 aprilie: 160 de poli\u0163i\u015fti din Alba vor fi prezen\u021bi pe str\u0103zile din ora\u0219, de Florii - Revista Urbea Mea - Revista de Alba\",\"isPartOf\":{\"@id\":\"https:\\\/\\\/urbeamea.ro\\\/albaiulia\\\/#website\"},\"primaryImageOfPage\":{\"@id\":\"https:\\\/\\\/urbeamea.ro\\\/albaiulia\\\/7-9-aprilie-160-de-politisti-din-alba-vor-fi-prezenti-pe-strazile-din-oras-de-florii\\\/#primaryimage\"},\"image\":{\"@id\":\"https:\\\/\\\/urbeamea.ro\\\/albaiulia\\\/7-9-aprilie-160-de-politisti-din-alba-vor-fi-prezenti-pe-strazile-din-oras-de-florii\\\/#primaryimage\"},\"thumbnailUrl\":\"https:\\\/\\\/urbeamea.ro\\\/albaiulia\\\/wp-content\\\/uploads\\\/2015\\\/08\\\/30masiniIPJAlba.jpg\",\"datePublished\":\"2017-04-07T18:56:13+00:00\",\"author\":{\"@id\":\"https:\\\/\\\/urbeamea.ro\\\/albaiulia\\\/#\\\/schema\\\/person\\\/9700d21fae21c4f038b0b56f4506264a\"},\"description\":\"\u00cen vederea bunei desf\u0103\u0219ur\u0103ri a manifest\u0103rilor prilejuite de S\u0103rb\u0103toarea Floriilor Ortodoxe, Inspectoratul de Poli\u0163ie Jude\u0163ean Alba a luat m\u0103surile\",\"breadcrumb\":{\"@id\":\"https:\\\/\\\/urbeamea.ro\\\/albaiulia\\\/7-9-aprilie-160-de-politisti-din-alba-vor-fi-prezenti-pe-strazile-din-oras-de-florii\\\/#breadcrumb\"},\"inLanguage\":\"ro-RO\",\"potentialAction\":[{\"@type\":\"ReadAction\",\"target\":[\"https:\\\/\\\/urbeamea.ro\\\/albaiulia\\\/7-9-aprilie-160-de-politisti-din-alba-vor-fi-prezenti-pe-strazile-din-oras-de-florii\\\/\"]}]},{\"@type\":\"ImageObject\",\"inLanguage\":\"ro-RO\",\"@id\":\"https:\\\/\\\/urbeamea.ro\\\/albaiulia\\\/7-9-aprilie-160-de-politisti-din-alba-vor-fi-prezenti-pe-strazile-din-oras-de-florii\\\/#primaryimage\",\"url\":\"https:\\\/\\\/urbeamea.ro\\\/albaiulia\\\/wp-content\\\/uploads\\\/2015\\\/08\\\/30masiniIPJAlba.jpg\",\"contentUrl\":\"https:\\\/\\\/urbeamea.ro\\\/albaiulia\\\/wp-content\\\/uploads\\\/2015\\\/08\\\/30masiniIPJAlba.jpg\",\"width\":600,\"height\":450},{\"@type\":\"BreadcrumbList\",\"@id\":\"https:\\\/\\\/urbeamea.ro\\\/albaiulia\\\/7-9-aprilie-160-de-politisti-din-alba-vor-fi-prezenti-pe-strazile-din-oras-de-florii\\\/#breadcrumb\",\"itemListElement\":[{\"@type\":\"ListItem\",\"position\":1,\"name\":\"Prima pagin\u0103\",\"item\":\"https:\\\/\\\/urbeamea.ro\\\/albaiulia\\\/\"},{\"@type\":\"ListItem\",\"position\":2,\"name\":\"7-9 aprilie: 160 de poli\u0163i\u015fti din Alba vor fi prezen\u021bi pe str\u0103zile din ora\u0219, de Florii\"}]},{\"@type\":\"WebSite\",\"@id\":\"https:\\\/\\\/urbeamea.ro\\\/albaiulia\\\/#website\",\"url\":\"https:\\\/\\\/urbeamea.ro\\\/albaiulia\\\/\",\"name\":\"Revista Urbea Mea, Stiri urbane\",\"description\":\"Evenimente \u0219i \u0219tiri din Alba Iulia, Sebe\u0219, Aiud, Blaj\",\"potentialAction\":[{\"@type\":\"SearchAction\",\"target\":{\"@type\":\"EntryPoint\",\"urlTemplate\":\"https:\\\/\\\/urbeamea.ro\\\/albaiulia\\\/?s={search_term_string}\"},\"query-input\":{\"@type\":\"PropertyValueSpecification\",\"valueRequired\":true,\"valueName\":\"search_term_string\"}}],\"inLanguage\":\"ro-RO\"},{\"@type\":\"Person\",\"@id\":\"https:\\\/\\\/urbeamea.ro\\\/albaiulia\\\/#\\\/schema\\\/person\\\/9700d21fae21c4f038b0b56f4506264a\",\"name\":\"Cristina Ganga\",\"image\":{\"@type\":\"ImageObject\",\"inLanguage\":\"ro-RO\",\"@id\":\"https:\\\/\\\/secure.gravatar.com\\\/avatar\\\/5a67661041f057b4a8ccaf26f5a8e86e2689372006d01faf3dd9eeb10b654bb4?s=96&d=mm&r=g\",\"url\":\"https:\\\/\\\/secure.gravatar.com\\\/avatar\\\/5a67661041f057b4a8ccaf26f5a8e86e2689372006d01faf3dd9eeb10b654bb4?s=96&d=mm&r=g\",\"contentUrl\":\"https:\\\/\\\/secure.gravatar.com\\\/avatar\\\/5a67661041f057b4a8ccaf26f5a8e86e2689372006d01faf3dd9eeb10b654bb4?s=96&d=mm&r=g\",\"caption\":\"Cristina Ganga\"},\"description\":\"Jurnalist\",\"sameAs\":[\"https:\\\/\\\/www.facebook.com\\\/cristina.nicola.587\"],\"url\":\"https:\\\/\\\/urbeamea.ro\\\/albaiulia\\\/author\\\/cristina-nicola\\\/\"}]}<\/script>\n<!-- \/ Yoast SEO plugin. -->","yoast_head_json":{"title":"7-9 aprilie: 160 de poli\u0163i\u015fti din Alba vor fi prezen\u021bi pe str\u0103zile din ora\u0219, de Florii - Revista Urbea Mea - Revista de Alba","description":"\u00cen vederea bunei desf\u0103\u0219ur\u0103ri a manifest\u0103rilor prilejuite de S\u0103rb\u0103toarea Floriilor Ortodoxe, Inspectoratul de Poli\u0163ie Jude\u0163ean Alba a luat m\u0103surile","robots":{"index":"index","follow":"follow","max-snippet":"max-snippet:-1","max-image-preview":"max-image-preview:large","max-video-preview":"max-video-preview:-1"},"canonical":"https:\/\/urbeamea.ro\/albaiulia\/7-9-aprilie-160-de-politisti-din-alba-vor-fi-prezenti-pe-strazile-din-oras-de-florii\/","twitter_card":"summary_large_image","twitter_title":"7-9 aprilie: 160 de poli\u0163i\u015fti din Alba vor fi prezen\u021bi pe str\u0103zile din ora\u0219, de Florii - Revista Urbea Mea - Revista de Alba","twitter_description":"\u00cen vederea bunei desf\u0103\u0219ur\u0103ri a manifest\u0103rilor prilejuite de S\u0103rb\u0103toarea Floriilor Ortodoxe, Inspectoratul de Poli\u0163ie Jude\u0163ean Alba a luat m\u0103surile","twitter_image":"https:\/\/urbeamea.ro\/albaiulia\/wp-content\/uploads\/2015\/08\/30masiniIPJAlba.jpg","twitter_creator":"@urbeameaweb","twitter_site":"@urbeameaweb","schema":{"@context":"https:\/\/schema.org","@graph":[{"@type":"Article","@id":"https:\/\/urbeamea.ro\/albaiulia\/7-9-aprilie-160-de-politisti-din-alba-vor-fi-prezenti-pe-strazile-din-oras-de-florii\/#article","isPartOf":{"@id":"https:\/\/urbeamea.ro\/albaiulia\/7-9-aprilie-160-de-politisti-din-alba-vor-fi-prezenti-pe-strazile-din-oras-de-florii\/"},"author":{"name":"Cristina Ganga","@id":"https:\/\/urbeamea.ro\/albaiulia\/#\/schema\/person\/9700d21fae21c4f038b0b56f4506264a"},"headline":"7-9 aprilie: 160 de poli\u0163i\u015fti din Alba vor fi prezen\u021bi pe str\u0103zile din ora\u0219, de Florii","datePublished":"2017-04-07T18:56:13+00:00","mainEntityOfPage":{"@id":"https:\/\/urbeamea.ro\/albaiulia\/7-9-aprilie-160-de-politisti-din-alba-vor-fi-prezenti-pe-strazile-din-oras-de-florii\/"},"wordCount":334,"commentCount":0,"image":{"@id":"https:\/\/urbeamea.ro\/albaiulia\/7-9-aprilie-160-de-politisti-din-alba-vor-fi-prezenti-pe-strazile-din-oras-de-florii\/#primaryimage"},"thumbnailUrl":"https:\/\/urbeamea.ro\/albaiulia\/wp-content\/uploads\/2015\/08\/30masiniIPJAlba.jpg","keywords":["Florii","IPJ Alba","manifestari","politisti","prevenire","sarbatoare","siguranta publica","stiri","Urbea Mea"],"articleSection":["Social"],"inLanguage":"ro-RO","potentialAction":[{"@type":"CommentAction","name":"Comment","target":["https:\/\/urbeamea.ro\/albaiulia\/7-9-aprilie-160-de-politisti-din-alba-vor-fi-prezenti-pe-strazile-din-oras-de-florii\/#respond"]}]},{"@type":"WebPage","@id":"https:\/\/urbeamea.ro\/albaiulia\/7-9-aprilie-160-de-politisti-din-alba-vor-fi-prezenti-pe-strazile-din-oras-de-florii\/","url":"https:\/\/urbeamea.ro\/albaiulia\/7-9-aprilie-160-de-politisti-din-alba-vor-fi-prezenti-pe-strazile-din-oras-de-florii\/","name":"7-9 aprilie: 160 de poli\u0163i\u015fti din Alba vor fi prezen\u021bi pe str\u0103zile din ora\u0219, de Florii - Revista Urbea Mea - Revista de Alba","isPartOf":{"@id":"https:\/\/urbeamea.ro\/albaiulia\/#website"},"primaryImageOfPage":{"@id":"https:\/\/urbeamea.ro\/albaiulia\/7-9-aprilie-160-de-politisti-din-alba-vor-fi-prezenti-pe-strazile-din-oras-de-florii\/#primaryimage"},"image":{"@id":"https:\/\/urbeamea.ro\/albaiulia\/7-9-aprilie-160-de-politisti-din-alba-vor-fi-prezenti-pe-strazile-din-oras-de-florii\/#primaryimage"},"thumbnailUrl":"https:\/\/urbeamea.ro\/albaiulia\/wp-content\/uploads\/2015\/08\/30masiniIPJAlba.jpg","datePublished":"2017-04-07T18:56:13+00:00","author":{"@id":"https:\/\/urbeamea.ro\/albaiulia\/#\/schema\/person\/9700d21fae21c4f038b0b56f4506264a"},"description":"\u00cen vederea bunei desf\u0103\u0219ur\u0103ri a manifest\u0103rilor prilejuite de S\u0103rb\u0103toarea Floriilor Ortodoxe, Inspectoratul de Poli\u0163ie Jude\u0163ean Alba a luat m\u0103surile","breadcrumb":{"@id":"https:\/\/urbeamea.ro\/albaiulia\/7-9-aprilie-160-de-politisti-din-alba-vor-fi-prezenti-pe-strazile-din-oras-de-florii\/#breadcrumb"},"inLanguage":"ro-RO","potentialAction":[{"@type":"ReadAction","target":["https:\/\/urbeamea.ro\/albaiulia\/7-9-aprilie-160-de-politisti-din-alba-vor-fi-prezenti-pe-strazile-din-oras-de-florii\/"]}]},{"@type":"ImageObject","inLanguage":"ro-RO","@id":"https:\/\/urbeamea.ro\/albaiulia\/7-9-aprilie-160-de-politisti-din-alba-vor-fi-prezenti-pe-strazile-din-oras-de-florii\/#primaryimage","url":"https:\/\/urbeamea.ro\/albaiulia\/wp-content\/uploads\/2015\/08\/30masiniIPJAlba.jpg","contentUrl":"https:\/\/urbeamea.ro\/albaiulia\/wp-content\/uploads\/2015\/08\/30masiniIPJAlba.jpg","width":600,"height":450},{"@type":"BreadcrumbList","@id":"https:\/\/urbeamea.ro\/albaiulia\/7-9-aprilie-160-de-politisti-din-alba-vor-fi-prezenti-pe-strazile-din-oras-de-florii\/#breadcrumb","itemListElement":[{"@type":"ListItem","position":1,"name":"Prima pagin\u0103","item":"https:\/\/urbeamea.ro\/albaiulia\/"},{"@type":"ListItem","position":2,"name":"7-9 aprilie: 160 de poli\u0163i\u015fti din Alba vor fi prezen\u021bi pe str\u0103zile din ora\u0219, de Florii"}]},{"@type":"WebSite","@id":"https:\/\/urbeamea.ro\/albaiulia\/#website","url":"https:\/\/urbeamea.ro\/albaiulia\/","name":"Revista Urbea Mea, Stiri urbane","description":"Evenimente \u0219i \u0219tiri din Alba Iulia, Sebe\u0219, Aiud, Blaj","potentialAction":[{"@type":"SearchAction","target":{"@type":"EntryPoint","urlTemplate":"https:\/\/urbeamea.ro\/albaiulia\/?s={search_term_string}"},"query-input":{"@type":"PropertyValueSpecification","valueRequired":true,"valueName":"search_term_string"}}],"inLanguage":"ro-RO"},{"@type":"Person","@id":"https:\/\/urbeamea.ro\/albaiulia\/#\/schema\/person\/9700d21fae21c4f038b0b56f4506264a","name":"Cristina Ganga","image":{"@type":"ImageObject","inLanguage":"ro-RO","@id":"https:\/\/secure.gravatar.com\/avatar\/5a67661041f057b4a8ccaf26f5a8e86e2689372006d01faf3dd9eeb10b654bb4?s=96&d=mm&r=g","url":"https:\/\/secure.gravatar.com\/avatar\/5a67661041f057b4a8ccaf26f5a8e86e2689372006d01faf3dd9eeb10b654bb4?s=96&d=mm&r=g","contentUrl":"https:\/\/secure.gravatar.com\/avatar\/5a67661041f057b4a8ccaf26f5a8e86e2689372006d01faf3dd9eeb10b654bb4?s=96&d=mm&r=g","caption":"Cristina Ganga"},"description":"Jurnalist","sameAs":["https:\/\/www.facebook.com\/cristina.nicola.587"],"url":"https:\/\/urbeamea.ro\/albaiulia\/author\/cristina-nicola\/"}]}},"_links":{"self":[{"href":"https:\/\/urbeamea.ro\/albaiulia\/wp-json\/wp\/v2\/posts\/42973","targetHints":{"allow":["GET"]}}],"collection":[{"href":"https:\/\/urbeamea.ro\/albaiulia\/wp-json\/wp\/v2\/posts"}],"about":[{"href":"https:\/\/urbeamea.ro\/albaiulia\/wp-json\/wp\/v2\/types\/post"}],"author":[{"embeddable":true,"href":"https:\/\/urbeamea.ro\/albaiulia\/wp-json\/wp\/v2\/users\/17"}],"replies":[{"embeddable":true,"href":"https:\/\/urbeamea.ro\/albaiulia\/wp-json\/wp\/v2\/comments?post=42973"}],"version-history":[{"count":0,"href":"https:\/\/urbeamea.ro\/albaiulia\/wp-json\/wp\/v2\/posts\/42973\/revisions"}],"wp:featuredmedia":[{"embeddable":true,"href":"https:\/\/urbeamea.ro\/albaiulia\/wp-json\/wp\/v2\/media\/7025"}],"wp:attachment":[{"href":"https:\/\/urbeamea.ro\/albaiulia\/wp-json\/wp\/v2\/media?parent=42973"}],"wp:term":[{"taxonomy":"category","embeddable":true,"href":"https:\/\/urbeamea.ro\/albaiulia\/wp-json\/wp\/v2\/categories?post=42973"},{"taxonomy":"post_tag","embeddable":true,"href":"https:\/\/urbeamea.ro\/albaiulia\/wp-json\/wp\/v2\/tags?post=42973"}],"curies":[{"name":"wp","href":"https:\/\/api.w.org\/{rel}","templated":true}]}}