{"id":43343,"date":"2017-04-17T13:30:30","date_gmt":"2017-04-17T10:30:30","guid":{"rendered":"http:\/\/urbeamea.ro\/albaiulia\/?p=43343"},"modified":"2017-04-18T14:37:56","modified_gmt":"2017-04-18T11:37:56","slug":"accident-rutier-intre-ighiu-si-bucerdea-vinoasa-patru-persoane-au-fost-ranite-dupa-ce-doua-autoturisme-au-intrat-in-coliziune","status":"publish","type":"post","link":"https:\/\/urbeamea.ro\/albaiulia\/accident-rutier-intre-ighiu-si-bucerdea-vinoasa-patru-persoane-au-fost-ranite-dupa-ce-doua-autoturisme-au-intrat-in-coliziune\/","title":{"rendered":"Accident rutier \u00eentre Ighiu \u0219i Bucerdea Vinoas\u0103: Patru persoane au fost r\u0103nite dup\u0103 ce dou\u0103 autoturisme au intrat \u00een coliziune"},"content":{"rendered":"<p><strong>Patru persoane au fost\u0103 r\u0103nite, luni, \u00een urma unui accident rutier, petrecut \u00een jurul orei 12.50, pe DJ 107 H, \u00eentre Bucerdea \u0219i Ighiu. Dou\u0103 autoturisme au intrat \u00een coliziune, iar traficul a fost restric\u021bionat temporar.<\/strong><\/p>\n<p>Din primele informa\u021bii, \u00een urma impactului, una dintre victime a r\u0103mas \u00eencarcerat\u0103 \u00eentre fiarele contorsionate ale autoturismului. Un echipaj de descarcerare de la ISU Alba a extras persoana r\u0103nit\u0103, care era con\u0219tient\u0103 \u0219i prezenta dureri ale membrelor inferioare.<\/p>\n<p><em>UPDATE:<\/em><\/p>\n<p>La data de 17.04.2017, \u00een jurul orelor 12.00, pe DJ 107H, la kilometrul 5, \u00een afara localit\u0103\u021bii Ighiu, N.V., de 29 de ani, din comuna Albac, \u00een timp ce conducea un autoturism, nu a adaptat viteza la condi\u0163iile de drum, \u00eemprejurare \u00een care a pierdut controlul asupra autovehiculului, a p\u0103truns pe sensul opus de mers \u0219i a intrat \u00een coliziune cu un autoturism condus de un b\u0103rbat de 39 de ani, din Filia\u0219i, jude\u021bul Dolj.<\/p>\n<p><strong>UPDATE:<\/strong> La data de 17 aprilie, \u00een jurul orelor 12.00, pe DJ 107H, la kilometrul 5, \u00een afara localit\u0103\u021bii Ighiu, N.V., de 29 de ani, din comuna Albac, \u00een timp ce conducea un autoturism, nu a adaptat viteza la condi\u0163iile de drum, \u00eemprejurare \u00een care a pierdut controlul asupra autovehiculului, a p\u0103truns pe sensul opus de mers \u0219i a intrat \u00een coliziune cu un autoturism condus de un b\u0103rbat de 39 de ani, din Filia\u0219i, jude\u021bul Dolj.<\/p>\n<p>\u00cen urma accidentului, conduc\u0103torul primului autoturism a suferit leziuni corporale grave, iar o femeie de 40 de ani, din Filia\u015fi \u015fi un t\u00e2n\u0103r de 29 de ani, din comuna Berghin, jude\u0163ul Alba, ambii pasageri \u00een cel de-al doilea autoturism, au suferit leziuni corporale u\u015foare.<\/p>\n<p>Cercet\u0103rile sunt continuate.<\/p>\n<p><em>foto: arhiv\u0103<\/em><\/p>\n","protected":false},"excerpt":{"rendered":"<p>Patru persoane au fost\u0103 r\u0103nite, luni, \u00een urma unui accident rutier, petrecut \u00een jurul orei 12.50, pe DJ 107 H, \u00eentre Bucerdea \u0219i Ighiu. Dou\u0103 autoturisme au intrat \u00een coliziune, iar traficul a fost restric\u021bionat temporar. Din primele informa\u021bii, \u00een urma impactului, una dintre victime a r\u0103mas \u00eencarcerat\u0103 \u00eentre fiarele contorsionate ale autoturismului. Un echipaj &hellip;<\/p>\n","protected":false},"author":17,"featured_media":31665,"comment_status":"open","ping_status":"open","sticky":false,"template":"","format":"standard","meta":{"inline_featured_image":false,"footnotes":""},"categories":[1],"tags":[2443,307,5941,2977,2600,4218,2560,3824,308,10659,76],"class_list":["post-43343","post","type-post","status-publish","format-standard","has-post-thumbnail","hentry","category-stiri-urbane","tag-accident-rutier","tag-alba","tag-bucerdea-vinoasa","tag-coliziune","tag-ighiu","tag-incarcerata","tag-isu-alba","tag-persoane-ranite","tag-stiri","tag-trafic-restricutionat","tag-urbea-mea"],"yoast_head":"<!-- This site is optimized with the Yoast SEO plugin v28.3 - https:\/\/yoast.com\/product\/yoast-seo-wordpress\/ -->\n<title>Accident rutier \u00eentre Ighiu \u0219i Bucerdea Vinoas\u0103: Patru persoane au fost r\u0103nite dup\u0103 ce dou\u0103 autoturisme au intrat \u00een coliziune - Revista Urbea Mea - Revista de Alba<\/title>\n<meta name=\"description\" content=\"Patru persoane au fost\u0103 r\u0103nite, luni, \u00een urma unui accident rutier, petrecut \u00een jurul orei 12.50, pe DJ 107 H, \u00eentre Bucerdea \u0219i Ighiu. Dou\u0103 autoturisme\" \/>\n<meta name=\"robots\" content=\"index, follow, max-snippet:-1, max-image-preview:large, max-video-preview:-1\" \/>\n<link rel=\"canonical\" href=\"https:\/\/urbeamea.ro\/albaiulia\/accident-rutier-intre-ighiu-si-bucerdea-vinoasa-patru-persoane-au-fost-ranite-dupa-ce-doua-autoturisme-au-intrat-in-coliziune\/\" \/>\n<meta name=\"twitter:card\" content=\"summary_large_image\" \/>\n<meta name=\"twitter:title\" content=\"Accident rutier \u00eentre Ighiu \u0219i Bucerdea Vinoas\u0103: Patru persoane au fost r\u0103nite dup\u0103 ce dou\u0103 autoturisme au intrat \u00een coliziune - Revista Urbea Mea - Revista de Alba\" \/>\n<meta name=\"twitter:description\" content=\"Patru persoane au fost\u0103 r\u0103nite, luni, \u00een urma unui accident rutier, petrecut \u00een jurul orei 12.50, pe DJ 107 H, \u00eentre Bucerdea \u0219i Ighiu. Dou\u0103 autoturisme\" \/>\n<meta name=\"twitter:image\" content=\"https:\/\/urbeamea.ro\/albaiulia\/wp-content\/uploads\/2016\/09\/IMG-20160912-WA0003.jpg\" \/>\n<meta name=\"twitter:creator\" content=\"@urbeameaweb\" \/>\n<meta name=\"twitter:site\" content=\"@urbeameaweb\" \/>\n<script type=\"application\/ld+json\" class=\"yoast-schema-graph\">{\"@context\":\"https:\\\/\\\/schema.org\",\"@graph\":[{\"@type\":\"Article\",\"@id\":\"https:\\\/\\\/urbeamea.ro\\\/albaiulia\\\/accident-rutier-intre-ighiu-si-bucerdea-vinoasa-patru-persoane-au-fost-ranite-dupa-ce-doua-autoturisme-au-intrat-in-coliziune\\\/#article\",\"isPartOf\":{\"@id\":\"https:\\\/\\\/urbeamea.ro\\\/albaiulia\\\/accident-rutier-intre-ighiu-si-bucerdea-vinoasa-patru-persoane-au-fost-ranite-dupa-ce-doua-autoturisme-au-intrat-in-coliziune\\\/\"},\"author\":{\"name\":\"Cristina Ganga\",\"@id\":\"https:\\\/\\\/urbeamea.ro\\\/albaiulia\\\/#\\\/schema\\\/person\\\/9700d21fae21c4f038b0b56f4506264a\"},\"headline\":\"Accident rutier \u00eentre Ighiu \u0219i Bucerdea Vinoas\u0103: Patru persoane au fost r\u0103nite dup\u0103 ce dou\u0103 autoturisme au intrat \u00een coliziune\",\"datePublished\":\"2017-04-17T10:30:30+00:00\",\"dateModified\":\"2017-04-18T11:37:56+00:00\",\"mainEntityOfPage\":{\"@id\":\"https:\\\/\\\/urbeamea.ro\\\/albaiulia\\\/accident-rutier-intre-ighiu-si-bucerdea-vinoasa-patru-persoane-au-fost-ranite-dupa-ce-doua-autoturisme-au-intrat-in-coliziune\\\/\"},\"wordCount\":310,\"commentCount\":0,\"image\":{\"@id\":\"https:\\\/\\\/urbeamea.ro\\\/albaiulia\\\/accident-rutier-intre-ighiu-si-bucerdea-vinoasa-patru-persoane-au-fost-ranite-dupa-ce-doua-autoturisme-au-intrat-in-coliziune\\\/#primaryimage\"},\"thumbnailUrl\":\"https:\\\/\\\/urbeamea.ro\\\/albaiulia\\\/wp-content\\\/uploads\\\/2016\\\/09\\\/IMG-20160912-WA0003.jpg\",\"keywords\":[\"accident rutier\",\"alba\",\"bucerdea vinoasa\",\"coliziune\",\"ighiu\",\"incarcerata\",\"ISU Alba\",\"persoane ranite\",\"stiri\",\"trafic restricutionat\",\"Urbea Mea\"],\"articleSection\":[\"\u015etiri Urbane\"],\"inLanguage\":\"ro-RO\",\"potentialAction\":[{\"@type\":\"CommentAction\",\"name\":\"Comment\",\"target\":[\"https:\\\/\\\/urbeamea.ro\\\/albaiulia\\\/accident-rutier-intre-ighiu-si-bucerdea-vinoasa-patru-persoane-au-fost-ranite-dupa-ce-doua-autoturisme-au-intrat-in-coliziune\\\/#respond\"]}]},{\"@type\":\"WebPage\",\"@id\":\"https:\\\/\\\/urbeamea.ro\\\/albaiulia\\\/accident-rutier-intre-ighiu-si-bucerdea-vinoasa-patru-persoane-au-fost-ranite-dupa-ce-doua-autoturisme-au-intrat-in-coliziune\\\/\",\"url\":\"https:\\\/\\\/urbeamea.ro\\\/albaiulia\\\/accident-rutier-intre-ighiu-si-bucerdea-vinoasa-patru-persoane-au-fost-ranite-dupa-ce-doua-autoturisme-au-intrat-in-coliziune\\\/\",\"name\":\"Accident rutier \u00eentre Ighiu \u0219i Bucerdea Vinoas\u0103: Patru persoane au fost r\u0103nite dup\u0103 ce dou\u0103 autoturisme au intrat \u00een coliziune - Revista Urbea Mea - Revista de Alba\",\"isPartOf\":{\"@id\":\"https:\\\/\\\/urbeamea.ro\\\/albaiulia\\\/#website\"},\"primaryImageOfPage\":{\"@id\":\"https:\\\/\\\/urbeamea.ro\\\/albaiulia\\\/accident-rutier-intre-ighiu-si-bucerdea-vinoasa-patru-persoane-au-fost-ranite-dupa-ce-doua-autoturisme-au-intrat-in-coliziune\\\/#primaryimage\"},\"image\":{\"@id\":\"https:\\\/\\\/urbeamea.ro\\\/albaiulia\\\/accident-rutier-intre-ighiu-si-bucerdea-vinoasa-patru-persoane-au-fost-ranite-dupa-ce-doua-autoturisme-au-intrat-in-coliziune\\\/#primaryimage\"},\"thumbnailUrl\":\"https:\\\/\\\/urbeamea.ro\\\/albaiulia\\\/wp-content\\\/uploads\\\/2016\\\/09\\\/IMG-20160912-WA0003.jpg\",\"datePublished\":\"2017-04-17T10:30:30+00:00\",\"dateModified\":\"2017-04-18T11:37:56+00:00\",\"author\":{\"@id\":\"https:\\\/\\\/urbeamea.ro\\\/albaiulia\\\/#\\\/schema\\\/person\\\/9700d21fae21c4f038b0b56f4506264a\"},\"description\":\"Patru persoane au fost\u0103 r\u0103nite, luni, \u00een urma unui accident rutier, petrecut \u00een jurul orei 12.50, pe DJ 107 H, \u00eentre Bucerdea \u0219i Ighiu. Dou\u0103 autoturisme\",\"breadcrumb\":{\"@id\":\"https:\\\/\\\/urbeamea.ro\\\/albaiulia\\\/accident-rutier-intre-ighiu-si-bucerdea-vinoasa-patru-persoane-au-fost-ranite-dupa-ce-doua-autoturisme-au-intrat-in-coliziune\\\/#breadcrumb\"},\"inLanguage\":\"ro-RO\",\"potentialAction\":[{\"@type\":\"ReadAction\",\"target\":[\"https:\\\/\\\/urbeamea.ro\\\/albaiulia\\\/accident-rutier-intre-ighiu-si-bucerdea-vinoasa-patru-persoane-au-fost-ranite-dupa-ce-doua-autoturisme-au-intrat-in-coliziune\\\/\"]}]},{\"@type\":\"ImageObject\",\"inLanguage\":\"ro-RO\",\"@id\":\"https:\\\/\\\/urbeamea.ro\\\/albaiulia\\\/accident-rutier-intre-ighiu-si-bucerdea-vinoasa-patru-persoane-au-fost-ranite-dupa-ce-doua-autoturisme-au-intrat-in-coliziune\\\/#primaryimage\",\"url\":\"https:\\\/\\\/urbeamea.ro\\\/albaiulia\\\/wp-content\\\/uploads\\\/2016\\\/09\\\/IMG-20160912-WA0003.jpg\",\"contentUrl\":\"https:\\\/\\\/urbeamea.ro\\\/albaiulia\\\/wp-content\\\/uploads\\\/2016\\\/09\\\/IMG-20160912-WA0003.jpg\",\"width\":960,\"height\":1280},{\"@type\":\"BreadcrumbList\",\"@id\":\"https:\\\/\\\/urbeamea.ro\\\/albaiulia\\\/accident-rutier-intre-ighiu-si-bucerdea-vinoasa-patru-persoane-au-fost-ranite-dupa-ce-doua-autoturisme-au-intrat-in-coliziune\\\/#breadcrumb\",\"itemListElement\":[{\"@type\":\"ListItem\",\"position\":1,\"name\":\"Prima pagin\u0103\",\"item\":\"https:\\\/\\\/urbeamea.ro\\\/albaiulia\\\/\"},{\"@type\":\"ListItem\",\"position\":2,\"name\":\"Accident rutier \u00eentre Ighiu \u0219i Bucerdea Vinoas\u0103: Patru persoane au fost r\u0103nite dup\u0103 ce dou\u0103 autoturisme au intrat \u00een coliziune\"}]},{\"@type\":\"WebSite\",\"@id\":\"https:\\\/\\\/urbeamea.ro\\\/albaiulia\\\/#website\",\"url\":\"https:\\\/\\\/urbeamea.ro\\\/albaiulia\\\/\",\"name\":\"Revista Urbea Mea, Stiri urbane\",\"description\":\"Evenimente \u0219i \u0219tiri din Alba Iulia, Sebe\u0219, Aiud, Blaj\",\"potentialAction\":[{\"@type\":\"SearchAction\",\"target\":{\"@type\":\"EntryPoint\",\"urlTemplate\":\"https:\\\/\\\/urbeamea.ro\\\/albaiulia\\\/?s={search_term_string}\"},\"query-input\":{\"@type\":\"PropertyValueSpecification\",\"valueRequired\":true,\"valueName\":\"search_term_string\"}}],\"inLanguage\":\"ro-RO\"},{\"@type\":\"Person\",\"@id\":\"https:\\\/\\\/urbeamea.ro\\\/albaiulia\\\/#\\\/schema\\\/person\\\/9700d21fae21c4f038b0b56f4506264a\",\"name\":\"Cristina Ganga\",\"image\":{\"@type\":\"ImageObject\",\"inLanguage\":\"ro-RO\",\"@id\":\"https:\\\/\\\/secure.gravatar.com\\\/avatar\\\/5a67661041f057b4a8ccaf26f5a8e86e2689372006d01faf3dd9eeb10b654bb4?s=96&d=mm&r=g\",\"url\":\"https:\\\/\\\/secure.gravatar.com\\\/avatar\\\/5a67661041f057b4a8ccaf26f5a8e86e2689372006d01faf3dd9eeb10b654bb4?s=96&d=mm&r=g\",\"contentUrl\":\"https:\\\/\\\/secure.gravatar.com\\\/avatar\\\/5a67661041f057b4a8ccaf26f5a8e86e2689372006d01faf3dd9eeb10b654bb4?s=96&d=mm&r=g\",\"caption\":\"Cristina Ganga\"},\"description\":\"Jurnalist\",\"sameAs\":[\"https:\\\/\\\/www.facebook.com\\\/cristina.nicola.587\"],\"url\":\"https:\\\/\\\/urbeamea.ro\\\/albaiulia\\\/author\\\/cristina-nicola\\\/\"}]}<\/script>\n<!-- \/ Yoast SEO plugin. -->","yoast_head_json":{"title":"Accident rutier \u00eentre Ighiu \u0219i Bucerdea Vinoas\u0103: Patru persoane au fost r\u0103nite dup\u0103 ce dou\u0103 autoturisme au intrat \u00een coliziune - Revista Urbea Mea - Revista de Alba","description":"Patru persoane au fost\u0103 r\u0103nite, luni, \u00een urma unui accident rutier, petrecut \u00een jurul orei 12.50, pe DJ 107 H, \u00eentre Bucerdea \u0219i Ighiu. Dou\u0103 autoturisme","robots":{"index":"index","follow":"follow","max-snippet":"max-snippet:-1","max-image-preview":"max-image-preview:large","max-video-preview":"max-video-preview:-1"},"canonical":"https:\/\/urbeamea.ro\/albaiulia\/accident-rutier-intre-ighiu-si-bucerdea-vinoasa-patru-persoane-au-fost-ranite-dupa-ce-doua-autoturisme-au-intrat-in-coliziune\/","twitter_card":"summary_large_image","twitter_title":"Accident rutier \u00eentre Ighiu \u0219i Bucerdea Vinoas\u0103: Patru persoane au fost r\u0103nite dup\u0103 ce dou\u0103 autoturisme au intrat \u00een coliziune - Revista Urbea Mea - Revista de Alba","twitter_description":"Patru persoane au fost\u0103 r\u0103nite, luni, \u00een urma unui accident rutier, petrecut \u00een jurul orei 12.50, pe DJ 107 H, \u00eentre Bucerdea \u0219i Ighiu. Dou\u0103 autoturisme","twitter_image":"https:\/\/urbeamea.ro\/albaiulia\/wp-content\/uploads\/2016\/09\/IMG-20160912-WA0003.jpg","twitter_creator":"@urbeameaweb","twitter_site":"@urbeameaweb","schema":{"@context":"https:\/\/schema.org","@graph":[{"@type":"Article","@id":"https:\/\/urbeamea.ro\/albaiulia\/accident-rutier-intre-ighiu-si-bucerdea-vinoasa-patru-persoane-au-fost-ranite-dupa-ce-doua-autoturisme-au-intrat-in-coliziune\/#article","isPartOf":{"@id":"https:\/\/urbeamea.ro\/albaiulia\/accident-rutier-intre-ighiu-si-bucerdea-vinoasa-patru-persoane-au-fost-ranite-dupa-ce-doua-autoturisme-au-intrat-in-coliziune\/"},"author":{"name":"Cristina Ganga","@id":"https:\/\/urbeamea.ro\/albaiulia\/#\/schema\/person\/9700d21fae21c4f038b0b56f4506264a"},"headline":"Accident rutier \u00eentre Ighiu \u0219i Bucerdea Vinoas\u0103: Patru persoane au fost r\u0103nite dup\u0103 ce dou\u0103 autoturisme au intrat \u00een coliziune","datePublished":"2017-04-17T10:30:30+00:00","dateModified":"2017-04-18T11:37:56+00:00","mainEntityOfPage":{"@id":"https:\/\/urbeamea.ro\/albaiulia\/accident-rutier-intre-ighiu-si-bucerdea-vinoasa-patru-persoane-au-fost-ranite-dupa-ce-doua-autoturisme-au-intrat-in-coliziune\/"},"wordCount":310,"commentCount":0,"image":{"@id":"https:\/\/urbeamea.ro\/albaiulia\/accident-rutier-intre-ighiu-si-bucerdea-vinoasa-patru-persoane-au-fost-ranite-dupa-ce-doua-autoturisme-au-intrat-in-coliziune\/#primaryimage"},"thumbnailUrl":"https:\/\/urbeamea.ro\/albaiulia\/wp-content\/uploads\/2016\/09\/IMG-20160912-WA0003.jpg","keywords":["accident rutier","alba","bucerdea vinoasa","coliziune","ighiu","incarcerata","ISU Alba","persoane ranite","stiri","trafic restricutionat","Urbea Mea"],"articleSection":["\u015etiri Urbane"],"inLanguage":"ro-RO","potentialAction":[{"@type":"CommentAction","name":"Comment","target":["https:\/\/urbeamea.ro\/albaiulia\/accident-rutier-intre-ighiu-si-bucerdea-vinoasa-patru-persoane-au-fost-ranite-dupa-ce-doua-autoturisme-au-intrat-in-coliziune\/#respond"]}]},{"@type":"WebPage","@id":"https:\/\/urbeamea.ro\/albaiulia\/accident-rutier-intre-ighiu-si-bucerdea-vinoasa-patru-persoane-au-fost-ranite-dupa-ce-doua-autoturisme-au-intrat-in-coliziune\/","url":"https:\/\/urbeamea.ro\/albaiulia\/accident-rutier-intre-ighiu-si-bucerdea-vinoasa-patru-persoane-au-fost-ranite-dupa-ce-doua-autoturisme-au-intrat-in-coliziune\/","name":"Accident rutier \u00eentre Ighiu \u0219i Bucerdea Vinoas\u0103: Patru persoane au fost r\u0103nite dup\u0103 ce dou\u0103 autoturisme au intrat \u00een coliziune - Revista Urbea Mea - Revista de Alba","isPartOf":{"@id":"https:\/\/urbeamea.ro\/albaiulia\/#website"},"primaryImageOfPage":{"@id":"https:\/\/urbeamea.ro\/albaiulia\/accident-rutier-intre-ighiu-si-bucerdea-vinoasa-patru-persoane-au-fost-ranite-dupa-ce-doua-autoturisme-au-intrat-in-coliziune\/#primaryimage"},"image":{"@id":"https:\/\/urbeamea.ro\/albaiulia\/accident-rutier-intre-ighiu-si-bucerdea-vinoasa-patru-persoane-au-fost-ranite-dupa-ce-doua-autoturisme-au-intrat-in-coliziune\/#primaryimage"},"thumbnailUrl":"https:\/\/urbeamea.ro\/albaiulia\/wp-content\/uploads\/2016\/09\/IMG-20160912-WA0003.jpg","datePublished":"2017-04-17T10:30:30+00:00","dateModified":"2017-04-18T11:37:56+00:00","author":{"@id":"https:\/\/urbeamea.ro\/albaiulia\/#\/schema\/person\/9700d21fae21c4f038b0b56f4506264a"},"description":"Patru persoane au fost\u0103 r\u0103nite, luni, \u00een urma unui accident rutier, petrecut \u00een jurul orei 12.50, pe DJ 107 H, \u00eentre Bucerdea \u0219i Ighiu. Dou\u0103 autoturisme","breadcrumb":{"@id":"https:\/\/urbeamea.ro\/albaiulia\/accident-rutier-intre-ighiu-si-bucerdea-vinoasa-patru-persoane-au-fost-ranite-dupa-ce-doua-autoturisme-au-intrat-in-coliziune\/#breadcrumb"},"inLanguage":"ro-RO","potentialAction":[{"@type":"ReadAction","target":["https:\/\/urbeamea.ro\/albaiulia\/accident-rutier-intre-ighiu-si-bucerdea-vinoasa-patru-persoane-au-fost-ranite-dupa-ce-doua-autoturisme-au-intrat-in-coliziune\/"]}]},{"@type":"ImageObject","inLanguage":"ro-RO","@id":"https:\/\/urbeamea.ro\/albaiulia\/accident-rutier-intre-ighiu-si-bucerdea-vinoasa-patru-persoane-au-fost-ranite-dupa-ce-doua-autoturisme-au-intrat-in-coliziune\/#primaryimage","url":"https:\/\/urbeamea.ro\/albaiulia\/wp-content\/uploads\/2016\/09\/IMG-20160912-WA0003.jpg","contentUrl":"https:\/\/urbeamea.ro\/albaiulia\/wp-content\/uploads\/2016\/09\/IMG-20160912-WA0003.jpg","width":960,"height":1280},{"@type":"BreadcrumbList","@id":"https:\/\/urbeamea.ro\/albaiulia\/accident-rutier-intre-ighiu-si-bucerdea-vinoasa-patru-persoane-au-fost-ranite-dupa-ce-doua-autoturisme-au-intrat-in-coliziune\/#breadcrumb","itemListElement":[{"@type":"ListItem","position":1,"name":"Prima pagin\u0103","item":"https:\/\/urbeamea.ro\/albaiulia\/"},{"@type":"ListItem","position":2,"name":"Accident rutier \u00eentre Ighiu \u0219i Bucerdea Vinoas\u0103: Patru persoane au fost r\u0103nite dup\u0103 ce dou\u0103 autoturisme au intrat \u00een coliziune"}]},{"@type":"WebSite","@id":"https:\/\/urbeamea.ro\/albaiulia\/#website","url":"https:\/\/urbeamea.ro\/albaiulia\/","name":"Revista Urbea Mea, Stiri urbane","description":"Evenimente \u0219i \u0219tiri din Alba Iulia, Sebe\u0219, Aiud, Blaj","potentialAction":[{"@type":"SearchAction","target":{"@type":"EntryPoint","urlTemplate":"https:\/\/urbeamea.ro\/albaiulia\/?s={search_term_string}"},"query-input":{"@type":"PropertyValueSpecification","valueRequired":true,"valueName":"search_term_string"}}],"inLanguage":"ro-RO"},{"@type":"Person","@id":"https:\/\/urbeamea.ro\/albaiulia\/#\/schema\/person\/9700d21fae21c4f038b0b56f4506264a","name":"Cristina Ganga","image":{"@type":"ImageObject","inLanguage":"ro-RO","@id":"https:\/\/secure.gravatar.com\/avatar\/5a67661041f057b4a8ccaf26f5a8e86e2689372006d01faf3dd9eeb10b654bb4?s=96&d=mm&r=g","url":"https:\/\/secure.gravatar.com\/avatar\/5a67661041f057b4a8ccaf26f5a8e86e2689372006d01faf3dd9eeb10b654bb4?s=96&d=mm&r=g","contentUrl":"https:\/\/secure.gravatar.com\/avatar\/5a67661041f057b4a8ccaf26f5a8e86e2689372006d01faf3dd9eeb10b654bb4?s=96&d=mm&r=g","caption":"Cristina Ganga"},"description":"Jurnalist","sameAs":["https:\/\/www.facebook.com\/cristina.nicola.587"],"url":"https:\/\/urbeamea.ro\/albaiulia\/author\/cristina-nicola\/"}]}},"_links":{"self":[{"href":"https:\/\/urbeamea.ro\/albaiulia\/wp-json\/wp\/v2\/posts\/43343","targetHints":{"allow":["GET"]}}],"collection":[{"href":"https:\/\/urbeamea.ro\/albaiulia\/wp-json\/wp\/v2\/posts"}],"about":[{"href":"https:\/\/urbeamea.ro\/albaiulia\/wp-json\/wp\/v2\/types\/post"}],"author":[{"embeddable":true,"href":"https:\/\/urbeamea.ro\/albaiulia\/wp-json\/wp\/v2\/users\/17"}],"replies":[{"embeddable":true,"href":"https:\/\/urbeamea.ro\/albaiulia\/wp-json\/wp\/v2\/comments?post=43343"}],"version-history":[{"count":0,"href":"https:\/\/urbeamea.ro\/albaiulia\/wp-json\/wp\/v2\/posts\/43343\/revisions"}],"wp:featuredmedia":[{"embeddable":true,"href":"https:\/\/urbeamea.ro\/albaiulia\/wp-json\/wp\/v2\/media\/31665"}],"wp:attachment":[{"href":"https:\/\/urbeamea.ro\/albaiulia\/wp-json\/wp\/v2\/media?parent=43343"}],"wp:term":[{"taxonomy":"category","embeddable":true,"href":"https:\/\/urbeamea.ro\/albaiulia\/wp-json\/wp\/v2\/categories?post=43343"},{"taxonomy":"post_tag","embeddable":true,"href":"https:\/\/urbeamea.ro\/albaiulia\/wp-json\/wp\/v2\/tags?post=43343"}],"curies":[{"name":"wp","href":"https:\/\/api.w.org\/{rel}","templated":true}]}}