{"id":43683,"date":"2017-04-27T10:12:35","date_gmt":"2017-04-27T07:12:35","guid":{"rendered":"http:\/\/urbeamea.ro\/albaiulia\/?p=43683"},"modified":"2017-04-27T10:15:58","modified_gmt":"2017-04-27T07:15:58","slug":"1-11-mai-tabara-internationala-de-grafica-la-sebes","status":"publish","type":"post","link":"https:\/\/urbeamea.ro\/albaiulia\/1-11-mai-tabara-internationala-de-grafica-la-sebes\/","title":{"rendered":"1-11 MAI: Tab\u0103ra Interna\u0163ional\u0103 de Grafic\u0103, la Sebe\u0219"},"content":{"rendered":"<p><strong>Prim\u0103ria Municipiului Sebe\u015f, Consiliul Local al Municipiului Sebe\u015f, Centrul Cultural &#8222;Lucian Blaga&#8221; Sebe\u015f, Funda\u0163ia &#8222;Inter-Art&#8221; Aiud, \u00een parteneriat cu Centrul Cultural &#8222;Liviu Rebreanu&#8221; Aiud organizeaz\u0103, \u00een perioada 1-11 mai 2017, la Sebe\u015f, Tab\u0103ra Interna\u0163ional\u0103 de Grafic\u0103.<\/strong><\/p>\n<p><em><strong>Participan\u0163i:<\/strong><\/em><\/p>\n<p>Anna Trojanowska, Polonia<br \/>\nDam\u00f3 Istv\u00e1n, Ungaria<br \/>\nMilos Djordjevic, Serbia<br \/>\nDimitar Velichkov, Bulgaria<br \/>\nCatherine Chr\u00e9tien, Fran\u0163a<br \/>\nEstela R\u0103ileanu, Republica Moldova<br \/>\nG\u00e9za N\u00e9meth, Slovacia<br \/>\nKareem Helmy, Egipt<br \/>\nSasha Pevse, Ucraina<br \/>\nAndrei Bak\u00f3, Rom\u00e2nia<br \/>\nAurel S\u00e2rbu, Rom\u00e2nia<br \/>\nDori Susan, Rom\u00e2nia<br \/>\nElena Cristea, Rom\u00e2nia<br \/>\nEugen M\u0103cinic, Rom\u00e2nia<br \/>\nStefan Balog, Rom\u00e2nia<br \/>\nConduc\u0103tor tab\u0103r\u0103: Stefan Balog<\/p>\n<p>Expozi\u0163ia \u015fi festivitatea de \u00eenchidere vor avea loc miercuri, 10 mai 2017, la ora 18.00, la Centrul Cultural &#8222;Lucian Blaga&#8221; Sebe\u015f.<\/p>\n","protected":false},"excerpt":{"rendered":"<p>Prim\u0103ria Municipiului Sebe\u015f, Consiliul Local al Municipiului Sebe\u015f, Centrul Cultural &#8222;Lucian Blaga&#8221; Sebe\u015f, Funda\u0163ia &#8222;Inter-Art&#8221; Aiud, \u00een parteneriat cu Centrul Cultural &#8222;Liviu Rebreanu&#8221; Aiud organizeaz\u0103, \u00een perioada 1-11 mai 2017, la Sebe\u015f, Tab\u0103ra Interna\u0163ional\u0103 de Grafic\u0103. Participan\u0163i: Anna Trojanowska, Polonia Dam\u00f3 Istv\u00e1n, Ungaria Milos Djordjevic, Serbia Dimitar Velichkov, Bulgaria Catherine Chr\u00e9tien, Fran\u0163a Estela R\u0103ileanu, Republica &hellip;<\/p>\n","protected":false},"author":17,"featured_media":43684,"comment_status":"open","ping_status":"open","sticky":false,"template":"","format":"standard","meta":{"inline_featured_image":false,"footnotes":""},"categories":[2038],"tags":[307,2826,1223,308,10742,76],"class_list":["post-43683","post","type-post","status-publish","format-standard","has-post-thumbnail","hentry","category-cultura","tag-alba","tag-participanti","tag-sebes","tag-stiri","tag-tabara-internationala-de-grafica","tag-urbea-mea"],"yoast_head":"<!-- This site is optimized with the Yoast SEO plugin v28.3 - https:\/\/yoast.com\/product\/yoast-seo-wordpress\/ -->\n<title>1-11 MAI: Tab\u0103ra Interna\u0163ional\u0103 de Grafic\u0103, la Sebe\u0219 - Revista Urbea Mea - Revista de Alba<\/title>\n<meta name=\"description\" content=\"Prim\u0103ria Municipiului Sebe\u015f, Consiliul Local al Municipiului Sebe\u015f, Centrul Cultural &quot;Lucian Blaga&quot; Sebe\u015f, Funda\u0163ia &quot;Inter-Art&quot; Aiud, \u00een parteneriat cu\" \/>\n<meta name=\"robots\" content=\"index, follow, max-snippet:-1, max-image-preview:large, max-video-preview:-1\" \/>\n<link rel=\"canonical\" href=\"https:\/\/urbeamea.ro\/albaiulia\/1-11-mai-tabara-internationala-de-grafica-la-sebes\/\" \/>\n<meta name=\"twitter:card\" content=\"summary_large_image\" \/>\n<meta name=\"twitter:title\" content=\"1-11 MAI: Tab\u0103ra Interna\u0163ional\u0103 de Grafic\u0103, la Sebe\u0219 - Revista Urbea Mea - Revista de Alba\" \/>\n<meta name=\"twitter:description\" content=\"Prim\u0103ria Municipiului Sebe\u015f, Consiliul Local al Municipiului Sebe\u015f, Centrul Cultural &quot;Lucian Blaga&quot; Sebe\u015f, Funda\u0163ia &quot;Inter-Art&quot; Aiud, \u00een parteneriat cu\" \/>\n<meta name=\"twitter:image\" content=\"https:\/\/urbeamea.ro\/albaiulia\/wp-content\/uploads\/2017\/04\/Afis-Tabara-Grafica-Sebes.jpg\" \/>\n<meta name=\"twitter:creator\" content=\"@urbeameaweb\" \/>\n<meta name=\"twitter:site\" content=\"@urbeameaweb\" \/>\n<script type=\"application\/ld+json\" class=\"yoast-schema-graph\">{\"@context\":\"https:\\\/\\\/schema.org\",\"@graph\":[{\"@type\":\"Article\",\"@id\":\"https:\\\/\\\/urbeamea.ro\\\/albaiulia\\\/1-11-mai-tabara-internationala-de-grafica-la-sebes\\\/#article\",\"isPartOf\":{\"@id\":\"https:\\\/\\\/urbeamea.ro\\\/albaiulia\\\/1-11-mai-tabara-internationala-de-grafica-la-sebes\\\/\"},\"author\":{\"name\":\"Cristina Ganga\",\"@id\":\"https:\\\/\\\/urbeamea.ro\\\/albaiulia\\\/#\\\/schema\\\/person\\\/9700d21fae21c4f038b0b56f4506264a\"},\"headline\":\"1-11 MAI: Tab\u0103ra Interna\u0163ional\u0103 de Grafic\u0103, la Sebe\u0219\",\"datePublished\":\"2017-04-27T07:12:35+00:00\",\"dateModified\":\"2017-04-27T07:15:58+00:00\",\"mainEntityOfPage\":{\"@id\":\"https:\\\/\\\/urbeamea.ro\\\/albaiulia\\\/1-11-mai-tabara-internationala-de-grafica-la-sebes\\\/\"},\"wordCount\":136,\"commentCount\":0,\"image\":{\"@id\":\"https:\\\/\\\/urbeamea.ro\\\/albaiulia\\\/1-11-mai-tabara-internationala-de-grafica-la-sebes\\\/#primaryimage\"},\"thumbnailUrl\":\"https:\\\/\\\/urbeamea.ro\\\/albaiulia\\\/wp-content\\\/uploads\\\/2017\\\/04\\\/Afis-Tabara-Grafica-Sebes.jpg\",\"keywords\":[\"alba\",\"participanti\",\"sebes\",\"stiri\",\"tabara internationala de grafica\",\"Urbea Mea\"],\"articleSection\":[\"Cultur\u0103\"],\"inLanguage\":\"ro-RO\",\"potentialAction\":[{\"@type\":\"CommentAction\",\"name\":\"Comment\",\"target\":[\"https:\\\/\\\/urbeamea.ro\\\/albaiulia\\\/1-11-mai-tabara-internationala-de-grafica-la-sebes\\\/#respond\"]}]},{\"@type\":\"WebPage\",\"@id\":\"https:\\\/\\\/urbeamea.ro\\\/albaiulia\\\/1-11-mai-tabara-internationala-de-grafica-la-sebes\\\/\",\"url\":\"https:\\\/\\\/urbeamea.ro\\\/albaiulia\\\/1-11-mai-tabara-internationala-de-grafica-la-sebes\\\/\",\"name\":\"1-11 MAI: Tab\u0103ra Interna\u0163ional\u0103 de Grafic\u0103, la Sebe\u0219 - Revista Urbea Mea - Revista de Alba\",\"isPartOf\":{\"@id\":\"https:\\\/\\\/urbeamea.ro\\\/albaiulia\\\/#website\"},\"primaryImageOfPage\":{\"@id\":\"https:\\\/\\\/urbeamea.ro\\\/albaiulia\\\/1-11-mai-tabara-internationala-de-grafica-la-sebes\\\/#primaryimage\"},\"image\":{\"@id\":\"https:\\\/\\\/urbeamea.ro\\\/albaiulia\\\/1-11-mai-tabara-internationala-de-grafica-la-sebes\\\/#primaryimage\"},\"thumbnailUrl\":\"https:\\\/\\\/urbeamea.ro\\\/albaiulia\\\/wp-content\\\/uploads\\\/2017\\\/04\\\/Afis-Tabara-Grafica-Sebes.jpg\",\"datePublished\":\"2017-04-27T07:12:35+00:00\",\"dateModified\":\"2017-04-27T07:15:58+00:00\",\"author\":{\"@id\":\"https:\\\/\\\/urbeamea.ro\\\/albaiulia\\\/#\\\/schema\\\/person\\\/9700d21fae21c4f038b0b56f4506264a\"},\"description\":\"Prim\u0103ria Municipiului Sebe\u015f, Consiliul Local al Municipiului Sebe\u015f, Centrul Cultural \\\"Lucian Blaga\\\" Sebe\u015f, Funda\u0163ia \\\"Inter-Art\\\" Aiud, \u00een parteneriat cu\",\"breadcrumb\":{\"@id\":\"https:\\\/\\\/urbeamea.ro\\\/albaiulia\\\/1-11-mai-tabara-internationala-de-grafica-la-sebes\\\/#breadcrumb\"},\"inLanguage\":\"ro-RO\",\"potentialAction\":[{\"@type\":\"ReadAction\",\"target\":[\"https:\\\/\\\/urbeamea.ro\\\/albaiulia\\\/1-11-mai-tabara-internationala-de-grafica-la-sebes\\\/\"]}]},{\"@type\":\"ImageObject\",\"inLanguage\":\"ro-RO\",\"@id\":\"https:\\\/\\\/urbeamea.ro\\\/albaiulia\\\/1-11-mai-tabara-internationala-de-grafica-la-sebes\\\/#primaryimage\",\"url\":\"https:\\\/\\\/urbeamea.ro\\\/albaiulia\\\/wp-content\\\/uploads\\\/2017\\\/04\\\/Afis-Tabara-Grafica-Sebes.jpg\",\"contentUrl\":\"https:\\\/\\\/urbeamea.ro\\\/albaiulia\\\/wp-content\\\/uploads\\\/2017\\\/04\\\/Afis-Tabara-Grafica-Sebes.jpg\",\"width\":849,\"height\":1200},{\"@type\":\"BreadcrumbList\",\"@id\":\"https:\\\/\\\/urbeamea.ro\\\/albaiulia\\\/1-11-mai-tabara-internationala-de-grafica-la-sebes\\\/#breadcrumb\",\"itemListElement\":[{\"@type\":\"ListItem\",\"position\":1,\"name\":\"Prima pagin\u0103\",\"item\":\"https:\\\/\\\/urbeamea.ro\\\/albaiulia\\\/\"},{\"@type\":\"ListItem\",\"position\":2,\"name\":\"1-11 MAI: Tab\u0103ra Interna\u0163ional\u0103 de Grafic\u0103, la Sebe\u0219\"}]},{\"@type\":\"WebSite\",\"@id\":\"https:\\\/\\\/urbeamea.ro\\\/albaiulia\\\/#website\",\"url\":\"https:\\\/\\\/urbeamea.ro\\\/albaiulia\\\/\",\"name\":\"Revista Urbea Mea, Stiri urbane\",\"description\":\"Evenimente \u0219i \u0219tiri din Alba Iulia, Sebe\u0219, Aiud, Blaj\",\"potentialAction\":[{\"@type\":\"SearchAction\",\"target\":{\"@type\":\"EntryPoint\",\"urlTemplate\":\"https:\\\/\\\/urbeamea.ro\\\/albaiulia\\\/?s={search_term_string}\"},\"query-input\":{\"@type\":\"PropertyValueSpecification\",\"valueRequired\":true,\"valueName\":\"search_term_string\"}}],\"inLanguage\":\"ro-RO\"},{\"@type\":\"Person\",\"@id\":\"https:\\\/\\\/urbeamea.ro\\\/albaiulia\\\/#\\\/schema\\\/person\\\/9700d21fae21c4f038b0b56f4506264a\",\"name\":\"Cristina Ganga\",\"image\":{\"@type\":\"ImageObject\",\"inLanguage\":\"ro-RO\",\"@id\":\"https:\\\/\\\/secure.gravatar.com\\\/avatar\\\/5a67661041f057b4a8ccaf26f5a8e86e2689372006d01faf3dd9eeb10b654bb4?s=96&d=mm&r=g\",\"url\":\"https:\\\/\\\/secure.gravatar.com\\\/avatar\\\/5a67661041f057b4a8ccaf26f5a8e86e2689372006d01faf3dd9eeb10b654bb4?s=96&d=mm&r=g\",\"contentUrl\":\"https:\\\/\\\/secure.gravatar.com\\\/avatar\\\/5a67661041f057b4a8ccaf26f5a8e86e2689372006d01faf3dd9eeb10b654bb4?s=96&d=mm&r=g\",\"caption\":\"Cristina Ganga\"},\"description\":\"Jurnalist\",\"sameAs\":[\"https:\\\/\\\/www.facebook.com\\\/cristina.nicola.587\"],\"url\":\"https:\\\/\\\/urbeamea.ro\\\/albaiulia\\\/author\\\/cristina-nicola\\\/\"}]}<\/script>\n<!-- \/ Yoast SEO plugin. -->","yoast_head_json":{"title":"1-11 MAI: Tab\u0103ra Interna\u0163ional\u0103 de Grafic\u0103, la Sebe\u0219 - Revista Urbea Mea - Revista de Alba","description":"Prim\u0103ria Municipiului Sebe\u015f, Consiliul Local al Municipiului Sebe\u015f, Centrul Cultural \"Lucian Blaga\" Sebe\u015f, Funda\u0163ia \"Inter-Art\" Aiud, \u00een parteneriat cu","robots":{"index":"index","follow":"follow","max-snippet":"max-snippet:-1","max-image-preview":"max-image-preview:large","max-video-preview":"max-video-preview:-1"},"canonical":"https:\/\/urbeamea.ro\/albaiulia\/1-11-mai-tabara-internationala-de-grafica-la-sebes\/","twitter_card":"summary_large_image","twitter_title":"1-11 MAI: Tab\u0103ra Interna\u0163ional\u0103 de Grafic\u0103, la Sebe\u0219 - Revista Urbea Mea - Revista de Alba","twitter_description":"Prim\u0103ria Municipiului Sebe\u015f, Consiliul Local al Municipiului Sebe\u015f, Centrul Cultural \"Lucian Blaga\" Sebe\u015f, Funda\u0163ia \"Inter-Art\" Aiud, \u00een parteneriat cu","twitter_image":"https:\/\/urbeamea.ro\/albaiulia\/wp-content\/uploads\/2017\/04\/Afis-Tabara-Grafica-Sebes.jpg","twitter_creator":"@urbeameaweb","twitter_site":"@urbeameaweb","schema":{"@context":"https:\/\/schema.org","@graph":[{"@type":"Article","@id":"https:\/\/urbeamea.ro\/albaiulia\/1-11-mai-tabara-internationala-de-grafica-la-sebes\/#article","isPartOf":{"@id":"https:\/\/urbeamea.ro\/albaiulia\/1-11-mai-tabara-internationala-de-grafica-la-sebes\/"},"author":{"name":"Cristina Ganga","@id":"https:\/\/urbeamea.ro\/albaiulia\/#\/schema\/person\/9700d21fae21c4f038b0b56f4506264a"},"headline":"1-11 MAI: Tab\u0103ra Interna\u0163ional\u0103 de Grafic\u0103, la Sebe\u0219","datePublished":"2017-04-27T07:12:35+00:00","dateModified":"2017-04-27T07:15:58+00:00","mainEntityOfPage":{"@id":"https:\/\/urbeamea.ro\/albaiulia\/1-11-mai-tabara-internationala-de-grafica-la-sebes\/"},"wordCount":136,"commentCount":0,"image":{"@id":"https:\/\/urbeamea.ro\/albaiulia\/1-11-mai-tabara-internationala-de-grafica-la-sebes\/#primaryimage"},"thumbnailUrl":"https:\/\/urbeamea.ro\/albaiulia\/wp-content\/uploads\/2017\/04\/Afis-Tabara-Grafica-Sebes.jpg","keywords":["alba","participanti","sebes","stiri","tabara internationala de grafica","Urbea Mea"],"articleSection":["Cultur\u0103"],"inLanguage":"ro-RO","potentialAction":[{"@type":"CommentAction","name":"Comment","target":["https:\/\/urbeamea.ro\/albaiulia\/1-11-mai-tabara-internationala-de-grafica-la-sebes\/#respond"]}]},{"@type":"WebPage","@id":"https:\/\/urbeamea.ro\/albaiulia\/1-11-mai-tabara-internationala-de-grafica-la-sebes\/","url":"https:\/\/urbeamea.ro\/albaiulia\/1-11-mai-tabara-internationala-de-grafica-la-sebes\/","name":"1-11 MAI: Tab\u0103ra Interna\u0163ional\u0103 de Grafic\u0103, la Sebe\u0219 - Revista Urbea Mea - Revista de Alba","isPartOf":{"@id":"https:\/\/urbeamea.ro\/albaiulia\/#website"},"primaryImageOfPage":{"@id":"https:\/\/urbeamea.ro\/albaiulia\/1-11-mai-tabara-internationala-de-grafica-la-sebes\/#primaryimage"},"image":{"@id":"https:\/\/urbeamea.ro\/albaiulia\/1-11-mai-tabara-internationala-de-grafica-la-sebes\/#primaryimage"},"thumbnailUrl":"https:\/\/urbeamea.ro\/albaiulia\/wp-content\/uploads\/2017\/04\/Afis-Tabara-Grafica-Sebes.jpg","datePublished":"2017-04-27T07:12:35+00:00","dateModified":"2017-04-27T07:15:58+00:00","author":{"@id":"https:\/\/urbeamea.ro\/albaiulia\/#\/schema\/person\/9700d21fae21c4f038b0b56f4506264a"},"description":"Prim\u0103ria Municipiului Sebe\u015f, Consiliul Local al Municipiului Sebe\u015f, Centrul Cultural \"Lucian Blaga\" Sebe\u015f, Funda\u0163ia \"Inter-Art\" Aiud, \u00een parteneriat cu","breadcrumb":{"@id":"https:\/\/urbeamea.ro\/albaiulia\/1-11-mai-tabara-internationala-de-grafica-la-sebes\/#breadcrumb"},"inLanguage":"ro-RO","potentialAction":[{"@type":"ReadAction","target":["https:\/\/urbeamea.ro\/albaiulia\/1-11-mai-tabara-internationala-de-grafica-la-sebes\/"]}]},{"@type":"ImageObject","inLanguage":"ro-RO","@id":"https:\/\/urbeamea.ro\/albaiulia\/1-11-mai-tabara-internationala-de-grafica-la-sebes\/#primaryimage","url":"https:\/\/urbeamea.ro\/albaiulia\/wp-content\/uploads\/2017\/04\/Afis-Tabara-Grafica-Sebes.jpg","contentUrl":"https:\/\/urbeamea.ro\/albaiulia\/wp-content\/uploads\/2017\/04\/Afis-Tabara-Grafica-Sebes.jpg","width":849,"height":1200},{"@type":"BreadcrumbList","@id":"https:\/\/urbeamea.ro\/albaiulia\/1-11-mai-tabara-internationala-de-grafica-la-sebes\/#breadcrumb","itemListElement":[{"@type":"ListItem","position":1,"name":"Prima pagin\u0103","item":"https:\/\/urbeamea.ro\/albaiulia\/"},{"@type":"ListItem","position":2,"name":"1-11 MAI: Tab\u0103ra Interna\u0163ional\u0103 de Grafic\u0103, la Sebe\u0219"}]},{"@type":"WebSite","@id":"https:\/\/urbeamea.ro\/albaiulia\/#website","url":"https:\/\/urbeamea.ro\/albaiulia\/","name":"Revista Urbea Mea, Stiri urbane","description":"Evenimente \u0219i \u0219tiri din Alba Iulia, Sebe\u0219, Aiud, Blaj","potentialAction":[{"@type":"SearchAction","target":{"@type":"EntryPoint","urlTemplate":"https:\/\/urbeamea.ro\/albaiulia\/?s={search_term_string}"},"query-input":{"@type":"PropertyValueSpecification","valueRequired":true,"valueName":"search_term_string"}}],"inLanguage":"ro-RO"},{"@type":"Person","@id":"https:\/\/urbeamea.ro\/albaiulia\/#\/schema\/person\/9700d21fae21c4f038b0b56f4506264a","name":"Cristina Ganga","image":{"@type":"ImageObject","inLanguage":"ro-RO","@id":"https:\/\/secure.gravatar.com\/avatar\/5a67661041f057b4a8ccaf26f5a8e86e2689372006d01faf3dd9eeb10b654bb4?s=96&d=mm&r=g","url":"https:\/\/secure.gravatar.com\/avatar\/5a67661041f057b4a8ccaf26f5a8e86e2689372006d01faf3dd9eeb10b654bb4?s=96&d=mm&r=g","contentUrl":"https:\/\/secure.gravatar.com\/avatar\/5a67661041f057b4a8ccaf26f5a8e86e2689372006d01faf3dd9eeb10b654bb4?s=96&d=mm&r=g","caption":"Cristina Ganga"},"description":"Jurnalist","sameAs":["https:\/\/www.facebook.com\/cristina.nicola.587"],"url":"https:\/\/urbeamea.ro\/albaiulia\/author\/cristina-nicola\/"}]}},"_links":{"self":[{"href":"https:\/\/urbeamea.ro\/albaiulia\/wp-json\/wp\/v2\/posts\/43683","targetHints":{"allow":["GET"]}}],"collection":[{"href":"https:\/\/urbeamea.ro\/albaiulia\/wp-json\/wp\/v2\/posts"}],"about":[{"href":"https:\/\/urbeamea.ro\/albaiulia\/wp-json\/wp\/v2\/types\/post"}],"author":[{"embeddable":true,"href":"https:\/\/urbeamea.ro\/albaiulia\/wp-json\/wp\/v2\/users\/17"}],"replies":[{"embeddable":true,"href":"https:\/\/urbeamea.ro\/albaiulia\/wp-json\/wp\/v2\/comments?post=43683"}],"version-history":[{"count":0,"href":"https:\/\/urbeamea.ro\/albaiulia\/wp-json\/wp\/v2\/posts\/43683\/revisions"}],"wp:featuredmedia":[{"embeddable":true,"href":"https:\/\/urbeamea.ro\/albaiulia\/wp-json\/wp\/v2\/media\/43684"}],"wp:attachment":[{"href":"https:\/\/urbeamea.ro\/albaiulia\/wp-json\/wp\/v2\/media?parent=43683"}],"wp:term":[{"taxonomy":"category","embeddable":true,"href":"https:\/\/urbeamea.ro\/albaiulia\/wp-json\/wp\/v2\/categories?post=43683"},{"taxonomy":"post_tag","embeddable":true,"href":"https:\/\/urbeamea.ro\/albaiulia\/wp-json\/wp\/v2\/tags?post=43683"}],"curies":[{"name":"wp","href":"https:\/\/api.w.org\/{rel}","templated":true}]}}