{"id":44023,"date":"2017-05-03T11:33:41","date_gmt":"2017-05-03T08:33:41","guid":{"rendered":"http:\/\/urbeamea.ro\/albaiulia\/?p=44023"},"modified":"2017-05-03T11:33:41","modified_gmt":"2017-05-03T08:33:41","slug":"foto-a-fost-semnat-protocolul-de-colaborare-intre-acor-alba-si-asociatia-primarilor-din-raionul-cantemir-intarirea-legaturii-cu-republica-moldova-un-obiectiv-esential","status":"publish","type":"post","link":"https:\/\/urbeamea.ro\/albaiulia\/foto-a-fost-semnat-protocolul-de-colaborare-intre-acor-alba-si-asociatia-primarilor-din-raionul-cantemir-intarirea-legaturii-cu-republica-moldova-un-obiectiv-esential\/","title":{"rendered":"FOTO: A fost semnat protocolul de colaborare \u00eentre ACoR Alba \u0219i Asocia\u021bia Primarilor din Raionul Cantemir. \u00cent\u0103rirea leg\u0103turii cu Republica Moldova, un obiectiv esen\u0163ial"},"content":{"rendered":"<p><strong>Filiala Jude\u021bean\u0103 Alba a Asocia\u021biei Comunelor din Rom\u00e2nia a f\u0103cut \u00eenc\u0103 un pas important \u00een vederea apropierii \u0219i sprijinirii autorit\u0103\u021bilor locale din Republica Moldova. La finalul s\u0103pt\u0103m\u00e2nii trecute, o delega\u021bie a Asocia\u021biei Primarilor din Raionul Cantemir, filiala CALM, condus\u0103 de c\u0103tre pre\u0219edintele acesteia, Alexei Busuioc, a fost prezent\u0103 \u00een jude\u021bul Alba la invita\u021bia colegilor din cadrul ACoR Alba.<\/strong><\/p>\n<p>S\u00e2mb\u0103t\u0103, 29 aprilie, la sediul Prim\u0103riei comunei Albac pre\u0219edin\u021bii celor dou\u0103 asocia\u021bii, Gheorghe Damian, pre\u0219edinte al Filialei Jude\u021bene Alba a Asocia\u021biei Comunelor din Rom\u00e2nia \u0219i Alexei Busuioc, pre\u0219edintele Asocia\u021biei Primarilor din Raionul Cantemir au semnat un protocol de colaborare prin care doresc s\u0103 apropie \u0219i mai mult administra\u021biile de pe cele dou\u0103 maluri ale Prutului.<\/p>\n<p>Din jude\u021bul Alba, au participat la eveniment \u0219i membrii Consiliului Director al Filialei Jude\u021bene ACOR Alba: Iancu Ioan Popa (primarul comunei S\u00e2ntimbru), Vasile Pu\u0219c\u0103 (primarul comunei Valea Lung\u0103), Petru Tiberiu Todea (primarul comuna Albac), Ilie Neam\u021bu (primarul comunei Cenade), Ioan Nedelea (primarul comunei G\u00e2rbova), Vasile Lombrea (primarul comunei S\u0103lciua) \u0219i Traian \u0218tefan Popa (primarul comunei Strem\u021b).<\/p>\n<p><em> \u201eSemnarea protocolului de colaborare cu Asocia\u021bia Primarilor din Raionul Cantemir reprezint\u0103 un moment important din via\u0163a \u015fi leg\u0103tura celor dou\u0103 asocia\u021bii. Un alt obiectiv esen\u0163ial pe care ni l-am asumat este \u00eent\u0103rirea leg\u0103turii cu cei din Republica Moldova, pentru c\u0103 suntem acela\u015fi neam, avem aceea\u015fi limb\u0103, istorie \u015fi n\u0103zuin\u0163e comune, dar, din nefericire, parcursul istoric \u015fi interesele politice ne-au desp\u0103r\u0163it. Ne propunem, prin semnarea acestui protocol, s\u0103 realiz\u0103m, \u00een primul r\u00e2nd, schimburi de experien\u0163\u0103 \u00eentre angaja\u0163i, urm\u00e2nd ca, mai apoi, s\u0103 deschidem canale de colaborare socio-economic\u0103 public\u0103 \u015fi privat\u0103. Protocolul urm\u0103re\u015fte s\u0103 sprijine rela\u0163iile directe dintre agen\u0163ii economici din industrie, agricultur\u0103, transport, comer\u0163 \u015fi institu\u0163iile de \u00eenv\u0103\u0163\u0103m\u00e2nt, s\u0103n\u0103tate, cultur\u0103, sport, turism \u015fi alte domenii\u201d<\/em> a declarat Gheorghe Damian, pre\u0219edintele Filialei Jude\u021bene Alba a Asocia\u021biei Comunelor din Rom\u00e2nia.<\/p>\n<p>La r\u00e2ndul s\u0103u, Alexei Busuioc, pre\u015fedintele Asocia\u021biei Primarilor din Raionul Cantemir a precizat c\u0103 <em>\u201dAm avut parte de o primire foarte c\u0103lduroas\u0103, una mult mai mult dec\u00e2t \u00eentre prieteni! Prin semnarea protocolului de colaborare \u00eentre cele dou\u0103 asocia\u0163ii de pe ambele maluri ale r\u00e2ului Prut, sper\u0103m ca administra\u021biile din Alba \u0219i cele din raionul Cantemir s\u0103 colaboreze \u0219i mai mult dec\u00e2t au f\u0103cut-o p\u00e2n\u0103 acum. \u00cen urma acestei vizite, au fost stabilite \u00eenc\u0103 dou\u0103 \u00eenfr\u0103\u021biri \u00eentre dou\u0103 comune de pe ambele maluri ale r\u00e2ului Prut.\u00a0Raionul Cantemir are deja la activ 4 \u00eenfr\u0103\u021biri cu jude\u021bul Alba \u015fi urmeaz\u0103 alte\u00a0 dou\u0103. \u00cen numele Asocia\u0163iei primarilor din raionul Cantemir, vreau s\u0103 mul\u021bumesc, \u00een primul r\u00e2nd gazdelor acestui eveniment, pre\u0219edintele Filialei Jude\u0163ene ACoR Alba \u015fi primarul comunei Ciugud, Gheorghe Damian \u015fi Petru Tiberiu Todea, primarul comunei Albac, dar \u0219i colegilor primari din jude\u0163ul Alba care au fost al\u0103turi de noi\u201d.<\/em><\/p>\n<p>\u00cen cadrul \u00eent\u00e2lnirii, primarii au reiterat ideea c\u0103 satul moldovenesc sau rom\u00e2nesc poate fi ren\u0103scut doar dac\u0103 vor fi alocate mai multe resurse \u0219i vor fi deblocate finan\u021b\u0103rile europene, context \u00een care edilii au accentuat faptul c\u0103 problema prioritar\u0103 pe ambele maluri r\u0103m\u00e2ne cea a infrastructurii. Investi\u0163iile \u00een infrastructur\u0103 sunt prioritare \u015fi mai mult dec\u00e2t necesare, pentru ca localit\u0103\u0163ile s\u0103 devin\u0103 atractive \u015fi s\u0103 aib\u0103 puse bazele unei dezvolt\u0103ri durabile.<\/p>\n<p>Duminic\u0103, 30 aprilie, oaspe\u021bii din Republica Moldova au f\u0103cut un scurt popas \u00een comuna Ciugud. Aici au vizitat noul sediu administrativ \u0219i o serie de investi\u021bii realizate \u00een ultimii ani la Ciugud.<\/p>\n<div id='gallery-1' class='gallery galleryid-44023 gallery-columns-3 gallery-size-thumbnail'><figure class='gallery-item'>\n\t\t\t<div class='gallery-icon landscape'>\n\t\t\t\t<a href='https:\/\/urbeamea.ro\/albaiulia\/wp-content\/uploads\/2017\/05\/Cu-primarii-din-cele-2-orase-infratite-1.jpg'><img decoding=\"async\" width=\"150\" height=\"113\" src=\"data:image\/png;base64,iVBORw0KGgoAAAANSUhEUgAAAYYAAADcAQMAAABOLJSDAAAAA1BMVEUAAACnej3aAAAAAXRSTlMAQObYZgAAACJJREFUaIHtwTEBAAAAwqD1T20ND6AAAAAAAAAAAAAA4N8AKvgAAUFIrrEAAAAASUVORK5CYII=\" class=\"attachment-thumbnail size-thumbnail lazy-img\" alt=\"\" srcset=\"https:\/\/urbeamea.ro\/albaiulia\/wp-content\/uploads\/2017\/05\/Cu-primarii-din-cele-2-orase-infratite-1-150x113.jpg 150w, https:\/\/urbeamea.ro\/albaiulia\/wp-content\/uploads\/2017\/05\/Cu-primarii-din-cele-2-orase-infratite-1-640x480.jpg 640w, https:\/\/urbeamea.ro\/albaiulia\/wp-content\/uploads\/2017\/05\/Cu-primarii-din-cele-2-orase-infratite-1-768x576.jpg 768w, https:\/\/urbeamea.ro\/albaiulia\/wp-content\/uploads\/2017\/05\/Cu-primarii-din-cele-2-orase-infratite-1.jpg 960w\" sizes=\"auto, (max-width: 150px) 100vw, 150px\" data-src=\"https:\/\/urbeamea.ro\/albaiulia\/wp-content\/uploads\/2017\/05\/Cu-primarii-din-cele-2-orase-infratite-1-150x113.jpg\" loading=\"lazy\" \/><\/a>\n\t\t\t<\/div><\/figure><figure class='gallery-item'>\n\t\t\t<div class='gallery-icon landscape'>\n\t\t\t\t<a href='https:\/\/urbeamea.ro\/albaiulia\/wp-content\/uploads\/2017\/05\/foto-protocol.jpg'><img decoding=\"async\" width=\"150\" height=\"113\" src=\"data:image\/png;base64,iVBORw0KGgoAAAANSUhEUgAAAYYAAADcAQMAAABOLJSDAAAAA1BMVEUAAACnej3aAAAAAXRSTlMAQObYZgAAACJJREFUaIHtwTEBAAAAwqD1T20ND6AAAAAAAAAAAAAA4N8AKvgAAUFIrrEAAAAASUVORK5CYII=\" class=\"attachment-thumbnail size-thumbnail lazy-img\" alt=\"\" srcset=\"https:\/\/urbeamea.ro\/albaiulia\/wp-content\/uploads\/2017\/05\/foto-protocol-150x113.jpg 150w, https:\/\/urbeamea.ro\/albaiulia\/wp-content\/uploads\/2017\/05\/foto-protocol-640x480.jpg 640w, https:\/\/urbeamea.ro\/albaiulia\/wp-content\/uploads\/2017\/05\/foto-protocol-768x576.jpg 768w, https:\/\/urbeamea.ro\/albaiulia\/wp-content\/uploads\/2017\/05\/foto-protocol.jpg 1024w\" sizes=\"auto, (max-width: 150px) 100vw, 150px\" data-src=\"https:\/\/urbeamea.ro\/albaiulia\/wp-content\/uploads\/2017\/05\/foto-protocol-150x113.jpg\" loading=\"lazy\" \/><\/a>\n\t\t\t<\/div><\/figure><figure class='gallery-item'>\n\t\t\t<div class='gallery-icon landscape'>\n\t\t\t\t<a href='https:\/\/urbeamea.ro\/albaiulia\/wp-content\/uploads\/2017\/05\/protocol-2.jpg'><img decoding=\"async\" width=\"150\" height=\"113\" src=\"data:image\/png;base64,iVBORw0KGgoAAAANSUhEUgAAAYYAAADcAQMAAABOLJSDAAAAA1BMVEUAAACnej3aAAAAAXRSTlMAQObYZgAAACJJREFUaIHtwTEBAAAAwqD1T20ND6AAAAAAAAAAAAAA4N8AKvgAAUFIrrEAAAAASUVORK5CYII=\" class=\"attachment-thumbnail size-thumbnail lazy-img\" alt=\"\" srcset=\"https:\/\/urbeamea.ro\/albaiulia\/wp-content\/uploads\/2017\/05\/protocol-2-150x113.jpg 150w, https:\/\/urbeamea.ro\/albaiulia\/wp-content\/uploads\/2017\/05\/protocol-2-640x480.jpg 640w, https:\/\/urbeamea.ro\/albaiulia\/wp-content\/uploads\/2017\/05\/protocol-2-768x576.jpg 768w, https:\/\/urbeamea.ro\/albaiulia\/wp-content\/uploads\/2017\/05\/protocol-2.jpg 1280w\" sizes=\"auto, (max-width: 150px) 100vw, 150px\" data-src=\"https:\/\/urbeamea.ro\/albaiulia\/wp-content\/uploads\/2017\/05\/protocol-2-150x113.jpg\" loading=\"lazy\" \/><\/a>\n\t\t\t<\/div><\/figure>\n\t\t<\/div>\n\n","protected":false},"excerpt":{"rendered":"<p>Filiala Jude\u021bean\u0103 Alba a Asocia\u021biei Comunelor din Rom\u00e2nia a f\u0103cut \u00eenc\u0103 un pas important \u00een vederea apropierii \u0219i sprijinirii autorit\u0103\u021bilor locale din Republica Moldova. La finalul s\u0103pt\u0103m\u00e2nii trecute, o delega\u021bie a Asocia\u021biei Primarilor din Raionul Cantemir, filiala CALM, condus\u0103 de c\u0103tre pre\u0219edintele acesteia, Alexei Busuioc, a fost prezent\u0103 \u00een jude\u021bul Alba la invita\u021bia colegilor din &hellip;<\/p>\n","protected":false},"author":17,"featured_media":44026,"comment_status":"open","ping_status":"open","sticky":false,"template":"","format":"standard","meta":{"inline_featured_image":false,"footnotes":""},"categories":[2035],"tags":[10806,486,10804,10092,10807,1254,10774,10805,308,76],"class_list":["post-44023","post","type-post","status-publish","format-standard","has-post-thumbnail","hentry","category-administratie","tag-asociatia-primarilor","tag-autoritati-locale","tag-filiala-judeteana-alba-a-asociatiei-comunelor-din-romania","tag-protocol-de-colaborare","tag-raionul-cantemir","tag-republica-moldova","tag-semnat","tag-sprijinire","tag-stiri","tag-urbea-mea"],"yoast_head":"<!-- This site is optimized with the Yoast SEO plugin v27.4 - https:\/\/yoast.com\/product\/yoast-seo-wordpress\/ -->\n<title>FOTO: A fost semnat protocolul de colaborare \u00eentre ACoR Alba \u0219i Asocia\u021bia Primarilor din Raionul Cantemir. \u00cent\u0103rirea leg\u0103turii cu Republica Moldova, un obiectiv esen\u0163ial - Revista Urbea Mea - Revista de Alba<\/title>\n<meta name=\"description\" content=\"Filiala Jude\u021bean\u0103 Alba a Asocia\u021biei Comunelor din Rom\u00e2nia a f\u0103cut \u00eenc\u0103 un pas important \u00een vederea apropierii \u0219i sprijinirii autorit\u0103\u021bilor locale din\" \/>\n<meta name=\"robots\" content=\"index, follow, max-snippet:-1, max-image-preview:large, max-video-preview:-1\" \/>\n<link rel=\"canonical\" href=\"https:\/\/urbeamea.ro\/albaiulia\/foto-a-fost-semnat-protocolul-de-colaborare-intre-acor-alba-si-asociatia-primarilor-din-raionul-cantemir-intarirea-legaturii-cu-republica-moldova-un-obiectiv-esential\/\" \/>\n<meta name=\"twitter:card\" content=\"summary_large_image\" \/>\n<meta name=\"twitter:title\" content=\"FOTO: A fost semnat protocolul de colaborare \u00eentre ACoR Alba \u0219i Asocia\u021bia Primarilor din Raionul Cantemir. \u00cent\u0103rirea leg\u0103turii cu Republica Moldova, un obiectiv esen\u0163ial - Revista Urbea Mea - Revista de Alba\" \/>\n<meta name=\"twitter:description\" content=\"Filiala Jude\u021bean\u0103 Alba a Asocia\u021biei Comunelor din Rom\u00e2nia a f\u0103cut \u00eenc\u0103 un pas important \u00een vederea apropierii \u0219i sprijinirii autorit\u0103\u021bilor locale din\" \/>\n<meta name=\"twitter:image\" content=\"https:\/\/urbeamea.ro\/albaiulia\/wp-content\/uploads\/2017\/05\/protocol-2.jpg\" \/>\n<meta name=\"twitter:creator\" content=\"@urbeameaweb\" \/>\n<meta name=\"twitter:site\" content=\"@urbeameaweb\" \/>\n<script type=\"application\/ld+json\" class=\"yoast-schema-graph\">{\"@context\":\"https:\\\/\\\/schema.org\",\"@graph\":[{\"@type\":\"Article\",\"@id\":\"https:\\\/\\\/urbeamea.ro\\\/albaiulia\\\/foto-a-fost-semnat-protocolul-de-colaborare-intre-acor-alba-si-asociatia-primarilor-din-raionul-cantemir-intarirea-legaturii-cu-republica-moldova-un-obiectiv-esential\\\/#article\",\"isPartOf\":{\"@id\":\"https:\\\/\\\/urbeamea.ro\\\/albaiulia\\\/foto-a-fost-semnat-protocolul-de-colaborare-intre-acor-alba-si-asociatia-primarilor-din-raionul-cantemir-intarirea-legaturii-cu-republica-moldova-un-obiectiv-esential\\\/\"},\"author\":{\"name\":\"Cristina Ganga\",\"@id\":\"https:\\\/\\\/urbeamea.ro\\\/albaiulia\\\/#\\\/schema\\\/person\\\/9700d21fae21c4f038b0b56f4506264a\"},\"headline\":\"FOTO: A fost semnat protocolul de colaborare \u00eentre ACoR Alba \u0219i Asocia\u021bia Primarilor din Raionul Cantemir. \u00cent\u0103rirea leg\u0103turii cu Republica Moldova, un obiectiv esen\u0163ial\",\"datePublished\":\"2017-05-03T08:33:41+00:00\",\"mainEntityOfPage\":{\"@id\":\"https:\\\/\\\/urbeamea.ro\\\/albaiulia\\\/foto-a-fost-semnat-protocolul-de-colaborare-intre-acor-alba-si-asociatia-primarilor-din-raionul-cantemir-intarirea-legaturii-cu-republica-moldova-un-obiectiv-esential\\\/\"},\"wordCount\":675,\"commentCount\":0,\"image\":{\"@id\":\"https:\\\/\\\/urbeamea.ro\\\/albaiulia\\\/foto-a-fost-semnat-protocolul-de-colaborare-intre-acor-alba-si-asociatia-primarilor-din-raionul-cantemir-intarirea-legaturii-cu-republica-moldova-un-obiectiv-esential\\\/#primaryimage\"},\"thumbnailUrl\":\"https:\\\/\\\/urbeamea.ro\\\/albaiulia\\\/wp-content\\\/uploads\\\/2017\\\/05\\\/protocol-2.jpg\",\"keywords\":[\"asociatia primarilor\",\"autoritati locale\",\"filiala judeteana alba a asociatiei comunelor din romania\",\"protocol de colaborare\",\"raionul cantemir\",\"Republica Moldova\",\"semnat\",\"sprijinire\",\"stiri\",\"Urbea Mea\"],\"articleSection\":[\"Administra\u021bie\"],\"inLanguage\":\"ro-RO\",\"potentialAction\":[{\"@type\":\"CommentAction\",\"name\":\"Comment\",\"target\":[\"https:\\\/\\\/urbeamea.ro\\\/albaiulia\\\/foto-a-fost-semnat-protocolul-de-colaborare-intre-acor-alba-si-asociatia-primarilor-din-raionul-cantemir-intarirea-legaturii-cu-republica-moldova-un-obiectiv-esential\\\/#respond\"]}]},{\"@type\":\"WebPage\",\"@id\":\"https:\\\/\\\/urbeamea.ro\\\/albaiulia\\\/foto-a-fost-semnat-protocolul-de-colaborare-intre-acor-alba-si-asociatia-primarilor-din-raionul-cantemir-intarirea-legaturii-cu-republica-moldova-un-obiectiv-esential\\\/\",\"url\":\"https:\\\/\\\/urbeamea.ro\\\/albaiulia\\\/foto-a-fost-semnat-protocolul-de-colaborare-intre-acor-alba-si-asociatia-primarilor-din-raionul-cantemir-intarirea-legaturii-cu-republica-moldova-un-obiectiv-esential\\\/\",\"name\":\"FOTO: A fost semnat protocolul de colaborare \u00eentre ACoR Alba \u0219i Asocia\u021bia Primarilor din Raionul Cantemir. \u00cent\u0103rirea leg\u0103turii cu Republica Moldova, un obiectiv esen\u0163ial - Revista Urbea Mea - Revista de Alba\",\"isPartOf\":{\"@id\":\"https:\\\/\\\/urbeamea.ro\\\/albaiulia\\\/#website\"},\"primaryImageOfPage\":{\"@id\":\"https:\\\/\\\/urbeamea.ro\\\/albaiulia\\\/foto-a-fost-semnat-protocolul-de-colaborare-intre-acor-alba-si-asociatia-primarilor-din-raionul-cantemir-intarirea-legaturii-cu-republica-moldova-un-obiectiv-esential\\\/#primaryimage\"},\"image\":{\"@id\":\"https:\\\/\\\/urbeamea.ro\\\/albaiulia\\\/foto-a-fost-semnat-protocolul-de-colaborare-intre-acor-alba-si-asociatia-primarilor-din-raionul-cantemir-intarirea-legaturii-cu-republica-moldova-un-obiectiv-esential\\\/#primaryimage\"},\"thumbnailUrl\":\"https:\\\/\\\/urbeamea.ro\\\/albaiulia\\\/wp-content\\\/uploads\\\/2017\\\/05\\\/protocol-2.jpg\",\"datePublished\":\"2017-05-03T08:33:41+00:00\",\"author\":{\"@id\":\"https:\\\/\\\/urbeamea.ro\\\/albaiulia\\\/#\\\/schema\\\/person\\\/9700d21fae21c4f038b0b56f4506264a\"},\"description\":\"Filiala Jude\u021bean\u0103 Alba a Asocia\u021biei Comunelor din Rom\u00e2nia a f\u0103cut \u00eenc\u0103 un pas important \u00een vederea apropierii \u0219i sprijinirii autorit\u0103\u021bilor locale din\",\"breadcrumb\":{\"@id\":\"https:\\\/\\\/urbeamea.ro\\\/albaiulia\\\/foto-a-fost-semnat-protocolul-de-colaborare-intre-acor-alba-si-asociatia-primarilor-din-raionul-cantemir-intarirea-legaturii-cu-republica-moldova-un-obiectiv-esential\\\/#breadcrumb\"},\"inLanguage\":\"ro-RO\",\"potentialAction\":[{\"@type\":\"ReadAction\",\"target\":[\"https:\\\/\\\/urbeamea.ro\\\/albaiulia\\\/foto-a-fost-semnat-protocolul-de-colaborare-intre-acor-alba-si-asociatia-primarilor-din-raionul-cantemir-intarirea-legaturii-cu-republica-moldova-un-obiectiv-esential\\\/\"]}]},{\"@type\":\"ImageObject\",\"inLanguage\":\"ro-RO\",\"@id\":\"https:\\\/\\\/urbeamea.ro\\\/albaiulia\\\/foto-a-fost-semnat-protocolul-de-colaborare-intre-acor-alba-si-asociatia-primarilor-din-raionul-cantemir-intarirea-legaturii-cu-republica-moldova-un-obiectiv-esential\\\/#primaryimage\",\"url\":\"https:\\\/\\\/urbeamea.ro\\\/albaiulia\\\/wp-content\\\/uploads\\\/2017\\\/05\\\/protocol-2.jpg\",\"contentUrl\":\"https:\\\/\\\/urbeamea.ro\\\/albaiulia\\\/wp-content\\\/uploads\\\/2017\\\/05\\\/protocol-2.jpg\",\"width\":1280,\"height\":960},{\"@type\":\"BreadcrumbList\",\"@id\":\"https:\\\/\\\/urbeamea.ro\\\/albaiulia\\\/foto-a-fost-semnat-protocolul-de-colaborare-intre-acor-alba-si-asociatia-primarilor-din-raionul-cantemir-intarirea-legaturii-cu-republica-moldova-un-obiectiv-esential\\\/#breadcrumb\",\"itemListElement\":[{\"@type\":\"ListItem\",\"position\":1,\"name\":\"Prima pagin\u0103\",\"item\":\"https:\\\/\\\/urbeamea.ro\\\/albaiulia\\\/\"},{\"@type\":\"ListItem\",\"position\":2,\"name\":\"FOTO: A fost semnat protocolul de colaborare \u00eentre ACoR Alba \u0219i Asocia\u021bia Primarilor din Raionul Cantemir. \u00cent\u0103rirea leg\u0103turii cu Republica Moldova, un obiectiv esen\u0163ial\"}]},{\"@type\":\"WebSite\",\"@id\":\"https:\\\/\\\/urbeamea.ro\\\/albaiulia\\\/#website\",\"url\":\"https:\\\/\\\/urbeamea.ro\\\/albaiulia\\\/\",\"name\":\"Revista Urbea Mea, Stiri urbane\",\"description\":\"Evenimente \u0219i \u0219tiri din Alba Iulia, Sebe\u0219, Aiud, Blaj\",\"potentialAction\":[{\"@type\":\"SearchAction\",\"target\":{\"@type\":\"EntryPoint\",\"urlTemplate\":\"https:\\\/\\\/urbeamea.ro\\\/albaiulia\\\/?s={search_term_string}\"},\"query-input\":{\"@type\":\"PropertyValueSpecification\",\"valueRequired\":true,\"valueName\":\"search_term_string\"}}],\"inLanguage\":\"ro-RO\"},{\"@type\":\"Person\",\"@id\":\"https:\\\/\\\/urbeamea.ro\\\/albaiulia\\\/#\\\/schema\\\/person\\\/9700d21fae21c4f038b0b56f4506264a\",\"name\":\"Cristina Ganga\",\"image\":{\"@type\":\"ImageObject\",\"inLanguage\":\"ro-RO\",\"@id\":\"https:\\\/\\\/secure.gravatar.com\\\/avatar\\\/5a67661041f057b4a8ccaf26f5a8e86e2689372006d01faf3dd9eeb10b654bb4?s=96&d=mm&r=g\",\"url\":\"https:\\\/\\\/secure.gravatar.com\\\/avatar\\\/5a67661041f057b4a8ccaf26f5a8e86e2689372006d01faf3dd9eeb10b654bb4?s=96&d=mm&r=g\",\"contentUrl\":\"https:\\\/\\\/secure.gravatar.com\\\/avatar\\\/5a67661041f057b4a8ccaf26f5a8e86e2689372006d01faf3dd9eeb10b654bb4?s=96&d=mm&r=g\",\"caption\":\"Cristina Ganga\"},\"description\":\"Jurnalist\",\"sameAs\":[\"https:\\\/\\\/www.facebook.com\\\/cristina.nicola.587\"],\"url\":\"https:\\\/\\\/urbeamea.ro\\\/albaiulia\\\/author\\\/cristina-nicola\\\/\"}]}<\/script>\n<!-- \/ Yoast SEO plugin. -->","yoast_head_json":{"title":"FOTO: A fost semnat protocolul de colaborare \u00eentre ACoR Alba \u0219i Asocia\u021bia Primarilor din Raionul Cantemir. \u00cent\u0103rirea leg\u0103turii cu Republica Moldova, un obiectiv esen\u0163ial - Revista Urbea Mea - Revista de Alba","description":"Filiala Jude\u021bean\u0103 Alba a Asocia\u021biei Comunelor din Rom\u00e2nia a f\u0103cut \u00eenc\u0103 un pas important \u00een vederea apropierii \u0219i sprijinirii autorit\u0103\u021bilor locale din","robots":{"index":"index","follow":"follow","max-snippet":"max-snippet:-1","max-image-preview":"max-image-preview:large","max-video-preview":"max-video-preview:-1"},"canonical":"https:\/\/urbeamea.ro\/albaiulia\/foto-a-fost-semnat-protocolul-de-colaborare-intre-acor-alba-si-asociatia-primarilor-din-raionul-cantemir-intarirea-legaturii-cu-republica-moldova-un-obiectiv-esential\/","twitter_card":"summary_large_image","twitter_title":"FOTO: A fost semnat protocolul de colaborare \u00eentre ACoR Alba \u0219i Asocia\u021bia Primarilor din Raionul Cantemir. \u00cent\u0103rirea leg\u0103turii cu Republica Moldova, un obiectiv esen\u0163ial - Revista Urbea Mea - Revista de Alba","twitter_description":"Filiala Jude\u021bean\u0103 Alba a Asocia\u021biei Comunelor din Rom\u00e2nia a f\u0103cut \u00eenc\u0103 un pas important \u00een vederea apropierii \u0219i sprijinirii autorit\u0103\u021bilor locale din","twitter_image":"https:\/\/urbeamea.ro\/albaiulia\/wp-content\/uploads\/2017\/05\/protocol-2.jpg","twitter_creator":"@urbeameaweb","twitter_site":"@urbeameaweb","schema":{"@context":"https:\/\/schema.org","@graph":[{"@type":"Article","@id":"https:\/\/urbeamea.ro\/albaiulia\/foto-a-fost-semnat-protocolul-de-colaborare-intre-acor-alba-si-asociatia-primarilor-din-raionul-cantemir-intarirea-legaturii-cu-republica-moldova-un-obiectiv-esential\/#article","isPartOf":{"@id":"https:\/\/urbeamea.ro\/albaiulia\/foto-a-fost-semnat-protocolul-de-colaborare-intre-acor-alba-si-asociatia-primarilor-din-raionul-cantemir-intarirea-legaturii-cu-republica-moldova-un-obiectiv-esential\/"},"author":{"name":"Cristina Ganga","@id":"https:\/\/urbeamea.ro\/albaiulia\/#\/schema\/person\/9700d21fae21c4f038b0b56f4506264a"},"headline":"FOTO: A fost semnat protocolul de colaborare \u00eentre ACoR Alba \u0219i Asocia\u021bia Primarilor din Raionul Cantemir. \u00cent\u0103rirea leg\u0103turii cu Republica Moldova, un obiectiv esen\u0163ial","datePublished":"2017-05-03T08:33:41+00:00","mainEntityOfPage":{"@id":"https:\/\/urbeamea.ro\/albaiulia\/foto-a-fost-semnat-protocolul-de-colaborare-intre-acor-alba-si-asociatia-primarilor-din-raionul-cantemir-intarirea-legaturii-cu-republica-moldova-un-obiectiv-esential\/"},"wordCount":675,"commentCount":0,"image":{"@id":"https:\/\/urbeamea.ro\/albaiulia\/foto-a-fost-semnat-protocolul-de-colaborare-intre-acor-alba-si-asociatia-primarilor-din-raionul-cantemir-intarirea-legaturii-cu-republica-moldova-un-obiectiv-esential\/#primaryimage"},"thumbnailUrl":"https:\/\/urbeamea.ro\/albaiulia\/wp-content\/uploads\/2017\/05\/protocol-2.jpg","keywords":["asociatia primarilor","autoritati locale","filiala judeteana alba a asociatiei comunelor din romania","protocol de colaborare","raionul cantemir","Republica Moldova","semnat","sprijinire","stiri","Urbea Mea"],"articleSection":["Administra\u021bie"],"inLanguage":"ro-RO","potentialAction":[{"@type":"CommentAction","name":"Comment","target":["https:\/\/urbeamea.ro\/albaiulia\/foto-a-fost-semnat-protocolul-de-colaborare-intre-acor-alba-si-asociatia-primarilor-din-raionul-cantemir-intarirea-legaturii-cu-republica-moldova-un-obiectiv-esential\/#respond"]}]},{"@type":"WebPage","@id":"https:\/\/urbeamea.ro\/albaiulia\/foto-a-fost-semnat-protocolul-de-colaborare-intre-acor-alba-si-asociatia-primarilor-din-raionul-cantemir-intarirea-legaturii-cu-republica-moldova-un-obiectiv-esential\/","url":"https:\/\/urbeamea.ro\/albaiulia\/foto-a-fost-semnat-protocolul-de-colaborare-intre-acor-alba-si-asociatia-primarilor-din-raionul-cantemir-intarirea-legaturii-cu-republica-moldova-un-obiectiv-esential\/","name":"FOTO: A fost semnat protocolul de colaborare \u00eentre ACoR Alba \u0219i Asocia\u021bia Primarilor din Raionul Cantemir. \u00cent\u0103rirea leg\u0103turii cu Republica Moldova, un obiectiv esen\u0163ial - Revista Urbea Mea - Revista de Alba","isPartOf":{"@id":"https:\/\/urbeamea.ro\/albaiulia\/#website"},"primaryImageOfPage":{"@id":"https:\/\/urbeamea.ro\/albaiulia\/foto-a-fost-semnat-protocolul-de-colaborare-intre-acor-alba-si-asociatia-primarilor-din-raionul-cantemir-intarirea-legaturii-cu-republica-moldova-un-obiectiv-esential\/#primaryimage"},"image":{"@id":"https:\/\/urbeamea.ro\/albaiulia\/foto-a-fost-semnat-protocolul-de-colaborare-intre-acor-alba-si-asociatia-primarilor-din-raionul-cantemir-intarirea-legaturii-cu-republica-moldova-un-obiectiv-esential\/#primaryimage"},"thumbnailUrl":"https:\/\/urbeamea.ro\/albaiulia\/wp-content\/uploads\/2017\/05\/protocol-2.jpg","datePublished":"2017-05-03T08:33:41+00:00","author":{"@id":"https:\/\/urbeamea.ro\/albaiulia\/#\/schema\/person\/9700d21fae21c4f038b0b56f4506264a"},"description":"Filiala Jude\u021bean\u0103 Alba a Asocia\u021biei Comunelor din Rom\u00e2nia a f\u0103cut \u00eenc\u0103 un pas important \u00een vederea apropierii \u0219i sprijinirii autorit\u0103\u021bilor locale din","breadcrumb":{"@id":"https:\/\/urbeamea.ro\/albaiulia\/foto-a-fost-semnat-protocolul-de-colaborare-intre-acor-alba-si-asociatia-primarilor-din-raionul-cantemir-intarirea-legaturii-cu-republica-moldova-un-obiectiv-esential\/#breadcrumb"},"inLanguage":"ro-RO","potentialAction":[{"@type":"ReadAction","target":["https:\/\/urbeamea.ro\/albaiulia\/foto-a-fost-semnat-protocolul-de-colaborare-intre-acor-alba-si-asociatia-primarilor-din-raionul-cantemir-intarirea-legaturii-cu-republica-moldova-un-obiectiv-esential\/"]}]},{"@type":"ImageObject","inLanguage":"ro-RO","@id":"https:\/\/urbeamea.ro\/albaiulia\/foto-a-fost-semnat-protocolul-de-colaborare-intre-acor-alba-si-asociatia-primarilor-din-raionul-cantemir-intarirea-legaturii-cu-republica-moldova-un-obiectiv-esential\/#primaryimage","url":"https:\/\/urbeamea.ro\/albaiulia\/wp-content\/uploads\/2017\/05\/protocol-2.jpg","contentUrl":"https:\/\/urbeamea.ro\/albaiulia\/wp-content\/uploads\/2017\/05\/protocol-2.jpg","width":1280,"height":960},{"@type":"BreadcrumbList","@id":"https:\/\/urbeamea.ro\/albaiulia\/foto-a-fost-semnat-protocolul-de-colaborare-intre-acor-alba-si-asociatia-primarilor-din-raionul-cantemir-intarirea-legaturii-cu-republica-moldova-un-obiectiv-esential\/#breadcrumb","itemListElement":[{"@type":"ListItem","position":1,"name":"Prima pagin\u0103","item":"https:\/\/urbeamea.ro\/albaiulia\/"},{"@type":"ListItem","position":2,"name":"FOTO: A fost semnat protocolul de colaborare \u00eentre ACoR Alba \u0219i Asocia\u021bia Primarilor din Raionul Cantemir. \u00cent\u0103rirea leg\u0103turii cu Republica Moldova, un obiectiv esen\u0163ial"}]},{"@type":"WebSite","@id":"https:\/\/urbeamea.ro\/albaiulia\/#website","url":"https:\/\/urbeamea.ro\/albaiulia\/","name":"Revista Urbea Mea, Stiri urbane","description":"Evenimente \u0219i \u0219tiri din Alba Iulia, Sebe\u0219, Aiud, Blaj","potentialAction":[{"@type":"SearchAction","target":{"@type":"EntryPoint","urlTemplate":"https:\/\/urbeamea.ro\/albaiulia\/?s={search_term_string}"},"query-input":{"@type":"PropertyValueSpecification","valueRequired":true,"valueName":"search_term_string"}}],"inLanguage":"ro-RO"},{"@type":"Person","@id":"https:\/\/urbeamea.ro\/albaiulia\/#\/schema\/person\/9700d21fae21c4f038b0b56f4506264a","name":"Cristina Ganga","image":{"@type":"ImageObject","inLanguage":"ro-RO","@id":"https:\/\/secure.gravatar.com\/avatar\/5a67661041f057b4a8ccaf26f5a8e86e2689372006d01faf3dd9eeb10b654bb4?s=96&d=mm&r=g","url":"https:\/\/secure.gravatar.com\/avatar\/5a67661041f057b4a8ccaf26f5a8e86e2689372006d01faf3dd9eeb10b654bb4?s=96&d=mm&r=g","contentUrl":"https:\/\/secure.gravatar.com\/avatar\/5a67661041f057b4a8ccaf26f5a8e86e2689372006d01faf3dd9eeb10b654bb4?s=96&d=mm&r=g","caption":"Cristina Ganga"},"description":"Jurnalist","sameAs":["https:\/\/www.facebook.com\/cristina.nicola.587"],"url":"https:\/\/urbeamea.ro\/albaiulia\/author\/cristina-nicola\/"}]}},"_links":{"self":[{"href":"https:\/\/urbeamea.ro\/albaiulia\/wp-json\/wp\/v2\/posts\/44023","targetHints":{"allow":["GET"]}}],"collection":[{"href":"https:\/\/urbeamea.ro\/albaiulia\/wp-json\/wp\/v2\/posts"}],"about":[{"href":"https:\/\/urbeamea.ro\/albaiulia\/wp-json\/wp\/v2\/types\/post"}],"author":[{"embeddable":true,"href":"https:\/\/urbeamea.ro\/albaiulia\/wp-json\/wp\/v2\/users\/17"}],"replies":[{"embeddable":true,"href":"https:\/\/urbeamea.ro\/albaiulia\/wp-json\/wp\/v2\/comments?post=44023"}],"version-history":[{"count":0,"href":"https:\/\/urbeamea.ro\/albaiulia\/wp-json\/wp\/v2\/posts\/44023\/revisions"}],"wp:featuredmedia":[{"embeddable":true,"href":"https:\/\/urbeamea.ro\/albaiulia\/wp-json\/wp\/v2\/media\/44026"}],"wp:attachment":[{"href":"https:\/\/urbeamea.ro\/albaiulia\/wp-json\/wp\/v2\/media?parent=44023"}],"wp:term":[{"taxonomy":"category","embeddable":true,"href":"https:\/\/urbeamea.ro\/albaiulia\/wp-json\/wp\/v2\/categories?post=44023"},{"taxonomy":"post_tag","embeddable":true,"href":"https:\/\/urbeamea.ro\/albaiulia\/wp-json\/wp\/v2\/tags?post=44023"}],"curies":[{"name":"wp","href":"https:\/\/api.w.org\/{rel}","templated":true}]}}