{"id":44403,"date":"2017-05-09T16:57:01","date_gmt":"2017-05-09T13:57:01","guid":{"rendered":"http:\/\/urbeamea.ro\/albaiulia\/?p=44403"},"modified":"2017-05-09T16:57:01","modified_gmt":"2017-05-09T13:57:01","slug":"foto-ziua-europei-la-adr-centru-premii-pentru-elevii-care-au-participat-la-concursul-de-eseuri-societate-romaneasca-societate-europeana","status":"publish","type":"post","link":"https:\/\/urbeamea.ro\/albaiulia\/foto-ziua-europei-la-adr-centru-premii-pentru-elevii-care-au-participat-la-concursul-de-eseuri-societate-romaneasca-societate-europeana\/","title":{"rendered":"FOTO: Ziua Europei, la ADR Centru. Premii pentru elevii care au participat la concursul de eseuri \u201eSocietate rom\u00e2neasc\u0103, societate european\u0103\u201d"},"content":{"rendered":"<p><strong>Ziua de 9 Mai e o zi a bucuriei de a fi \u00eempreun\u0103, o zi a voin\u0163ei de solidaritate, o zi a marii comunit\u0103\u0163i din care fac parte to\u0163i cet\u0103\u0163enii UE. Poate fi definit\u0103 ca ziu\u0103 a cet\u0103\u0163enilor unei \u201dEurope Unite\u201d, construit\u0103 de-a lungul deceniilor, cet\u0103\u021beni uni\u021bi \u00een diversitatea garantat\u0103 fiec\u0103rei na\u021biuni. <\/strong><\/p>\n<p><strong>Av\u00e2nd \u00een vedere scopul Centrului de informare Europe Direct Regiunea Centru, din cadrul Agen\u021biei pentru Dezvoltare Regional\u0103 Centru, de a \u00eembun\u0103t\u0103\u021bi nivelul de informare a cet\u0103\u021benilor din Regiunea Centru, \u00een data de 9 mai 2017 s-a organizat la sediul ADR Centru un eveniment de premiere a elevilor care au participat la concursul de eseuri \u201eSocietate rom\u00e2neasc\u0103, societate european\u0103\u201d. <\/strong><\/p>\n<p>Ziua de 9 Mai 1950, va r\u0103m\u00e2ne un reper \u00een istoria mondial\u0103 ca fiind data care a schimbat pentru totdeauna fa\u0163a b\u0103tr\u00e2nului continent, ziua \u00een care \u0163\u0103rile Europei au hot\u0103r\u00e2t s\u0103 se ridice din d\u0103r\u00e2m\u0103turile l\u0103sate de cele 2 r\u0103zboaie mondiale \u015fi s\u0103 se transforme \u00een puteri mondiale, prin crearea unei uniuni care s\u0103 sprijine dezvoltarea economic\u0103, social\u0103 \u015fi cultural\u0103 a membrilor s\u0103i.<\/p>\n<p>\u201d<em>Europa prive\u0219te cu speran\u021b\u0103 spre viitor. De peste 60 de ani, p\u0103rin\u021bii fondatori au construit o Uniune care promoveaz\u0103 cooperarea pa\u0219nic\u0103, respectarea demnit\u0103\u021bii umane, libertatea, democra\u021bia, egalitatea \u0219i solidaritatea \u00eentre na\u021biunile \u0219i popoarele europene. Evenimentul de azi premiaz\u0103 educa\u021bia, fiindc\u0103 pentru oricare dintre noi o bun\u0103 educa\u021bie ne ajut\u0103 s\u0103 ne \u00eembog\u0103\u021bim, \u00een siguran\u021b\u0103, b\u0103tr\u00e2ne\u021bea. Ast\u0103zi, e r\u00e2ndul genera\u021biei noastre s\u0103 construiasc\u0103 un viitor comun, mai bun. Tinerii elevi \u0219i studen\u021bi reprezint\u0103 viitorul, iar viitorul nostru depinde de alegerile pe care le vor face. Cu to\u021bii avem un cuv\u00e2nt de spus fiindc\u0103 viitorul Europei este \u00een m\u00e2inile noastre, dar tinerii de azi au mai mult timp pentru a \u00ee\u0219i face auzit\u0103 vocea\u201d, <\/em>a spus domnul Simion Cre\u021bu director general ADR Centru.<\/p>\n<p>Concursul de eseuri, aflat la cea de a opta edi\u021bie, a implicat peste 40 de elevi de clasa a IX-a \u0219i a XII-a, din cadrul mai multor institu\u021bii de \u00eenv\u0103\u021b\u0103m\u00e2nt din jude\u021bul Alba. \u00cen acest an, s-a solicitat elevilor s\u0103 abordeze \u00een materialele lor beneficiile ob\u021binute \u00een cei 10 ani de aderare a Rom\u00e2niei la UE, cum s-a schimbat Europa \u0219i Rom\u00e2nia la 60 de ani de la semnare Tratatelor de la Roma, care scenariu privind viitorul UE l-ar alege din cele cinci propuse de Comisia European\u0103 \u0219i de ce, precum \u0219i ce beneficii s-au ob\u021binut \u00een cei 30 de ani de derulare a programului Erasmus. Acest proiect a fost coordonat de c\u0103tre Colegiul Economic \u201eDionisie Pop Mar\u021bian\u201d din Alba Iulia, prin domnul profesor dr. Adrian Simion, \u0219i s-a desf\u0103\u0219urat pe parcursul lunilor martie -mai 2017, proiectul de informare \u0219i scriere eseuri incluz\u00e2nd \u0219i o dezbatere pe principalele teme eveniment, prezent\u0103ri sus\u021binute de profesori, precum \u0219i realizarea de machete \u0219i plan\u0219e.<\/p>\n<p>Pe l\u00e2ng\u0103 evenimentul de premiere a concursului de eseuri elaborate, reprezentan\u021bii Centrului de informare Europe Direct Regiunea Centru au organizat ad-hoc un concurs ce a avut \u00een centrul aten\u021biei alte informa\u021bii despre Uniunea European\u0103. Pe l\u00e2ng\u0103 cei ce au c\u00e2\u0219tigat premii, to\u021bi participan\u021bii au primit obiecte promo\u021bionale \u0219i materiale informative. Al\u021bi parteneri care au mai au mai contribuit la derularea acestui proiect sunt: Palatul Copiilor Alba Iulia, Municipiul \u0218ebe\u0219 \u0219i Asocia\u021bia EU-RO Dinamic S\u0103li\u0219tea.<\/p>\n<div id='gallery-1' class='gallery galleryid-44403 gallery-columns-3 gallery-size-thumbnail'><figure class='gallery-item'>\n\t\t\t<div class='gallery-icon landscape'>\n\t\t\t\t<a href='https:\/\/urbeamea.ro\/albaiulia\/wp-content\/uploads\/2017\/05\/DSCF3586.jpg'><img decoding=\"async\" width=\"150\" height=\"75\" src=\"data:image\/png;base64,iVBORw0KGgoAAAANSUhEUgAAAYYAAADcAQMAAABOLJSDAAAAA1BMVEUAAACnej3aAAAAAXRSTlMAQObYZgAAACJJREFUaIHtwTEBAAAAwqD1T20ND6AAAAAAAAAAAAAA4N8AKvgAAUFIrrEAAAAASUVORK5CYII=\" class=\"attachment-thumbnail size-thumbnail lazy-img\" alt=\"\" srcset=\"https:\/\/urbeamea.ro\/albaiulia\/wp-content\/uploads\/2017\/05\/DSCF3586-150x75.jpg 150w, https:\/\/urbeamea.ro\/albaiulia\/wp-content\/uploads\/2017\/05\/DSCF3586-640x321.jpg 640w, https:\/\/urbeamea.ro\/albaiulia\/wp-content\/uploads\/2017\/05\/DSCF3586-768x385.jpg 768w, https:\/\/urbeamea.ro\/albaiulia\/wp-content\/uploads\/2017\/05\/DSCF3586.jpg 1200w\" sizes=\"auto, (max-width: 150px) 100vw, 150px\" data-src=\"https:\/\/urbeamea.ro\/albaiulia\/wp-content\/uploads\/2017\/05\/DSCF3586-150x75.jpg\" loading=\"lazy\" \/><\/a>\n\t\t\t<\/div><\/figure><figure class='gallery-item'>\n\t\t\t<div class='gallery-icon landscape'>\n\t\t\t\t<a href='https:\/\/urbeamea.ro\/albaiulia\/wp-content\/uploads\/2017\/05\/DSCF3596.jpg'><img decoding=\"async\" width=\"150\" height=\"49\" src=\"data:image\/png;base64,iVBORw0KGgoAAAANSUhEUgAAAYYAAADcAQMAAABOLJSDAAAAA1BMVEUAAACnej3aAAAAAXRSTlMAQObYZgAAACJJREFUaIHtwTEBAAAAwqD1T20ND6AAAAAAAAAAAAAA4N8AKvgAAUFIrrEAAAAASUVORK5CYII=\" class=\"attachment-thumbnail size-thumbnail lazy-img\" alt=\"\" srcset=\"https:\/\/urbeamea.ro\/albaiulia\/wp-content\/uploads\/2017\/05\/DSCF3596-150x49.jpg 150w, https:\/\/urbeamea.ro\/albaiulia\/wp-content\/uploads\/2017\/05\/DSCF3596-640x211.jpg 640w, https:\/\/urbeamea.ro\/albaiulia\/wp-content\/uploads\/2017\/05\/DSCF3596-768x253.jpg 768w, https:\/\/urbeamea.ro\/albaiulia\/wp-content\/uploads\/2017\/05\/DSCF3596.jpg 1200w\" sizes=\"auto, (max-width: 150px) 100vw, 150px\" data-src=\"https:\/\/urbeamea.ro\/albaiulia\/wp-content\/uploads\/2017\/05\/DSCF3596-150x49.jpg\" loading=\"lazy\" \/><\/a>\n\t\t\t<\/div><\/figure><figure class='gallery-item'>\n\t\t\t<div class='gallery-icon landscape'>\n\t\t\t\t<a href='https:\/\/urbeamea.ro\/albaiulia\/wp-content\/uploads\/2017\/05\/DSCF3611.jpg'><img decoding=\"async\" width=\"150\" height=\"68\" src=\"data:image\/png;base64,iVBORw0KGgoAAAANSUhEUgAAAYYAAADcAQMAAABOLJSDAAAAA1BMVEUAAACnej3aAAAAAXRSTlMAQObYZgAAACJJREFUaIHtwTEBAAAAwqD1T20ND6AAAAAAAAAAAAAA4N8AKvgAAUFIrrEAAAAASUVORK5CYII=\" class=\"attachment-thumbnail size-thumbnail lazy-img\" alt=\"\" srcset=\"https:\/\/urbeamea.ro\/albaiulia\/wp-content\/uploads\/2017\/05\/DSCF3611-150x68.jpg 150w, https:\/\/urbeamea.ro\/albaiulia\/wp-content\/uploads\/2017\/05\/DSCF3611-640x289.jpg 640w, https:\/\/urbeamea.ro\/albaiulia\/wp-content\/uploads\/2017\/05\/DSCF3611-768x346.jpg 768w, https:\/\/urbeamea.ro\/albaiulia\/wp-content\/uploads\/2017\/05\/DSCF3611.jpg 1200w\" sizes=\"auto, (max-width: 150px) 100vw, 150px\" data-src=\"https:\/\/urbeamea.ro\/albaiulia\/wp-content\/uploads\/2017\/05\/DSCF3611-150x68.jpg\" loading=\"lazy\" \/><\/a>\n\t\t\t<\/div><\/figure><figure class='gallery-item'>\n\t\t\t<div class='gallery-icon landscape'>\n\t\t\t\t<a href='https:\/\/urbeamea.ro\/albaiulia\/wp-content\/uploads\/2017\/05\/DSCF3619.jpg'><img decoding=\"async\" width=\"150\" height=\"91\" src=\"data:image\/png;base64,iVBORw0KGgoAAAANSUhEUgAAAYYAAADcAQMAAABOLJSDAAAAA1BMVEUAAACnej3aAAAAAXRSTlMAQObYZgAAACJJREFUaIHtwTEBAAAAwqD1T20ND6AAAAAAAAAAAAAA4N8AKvgAAUFIrrEAAAAASUVORK5CYII=\" class=\"attachment-thumbnail size-thumbnail lazy-img\" alt=\"\" srcset=\"https:\/\/urbeamea.ro\/albaiulia\/wp-content\/uploads\/2017\/05\/DSCF3619-150x91.jpg 150w, https:\/\/urbeamea.ro\/albaiulia\/wp-content\/uploads\/2017\/05\/DSCF3619-640x389.jpg 640w, https:\/\/urbeamea.ro\/albaiulia\/wp-content\/uploads\/2017\/05\/DSCF3619-768x467.jpg 768w, https:\/\/urbeamea.ro\/albaiulia\/wp-content\/uploads\/2017\/05\/DSCF3619-770x470.jpg 770w, https:\/\/urbeamea.ro\/albaiulia\/wp-content\/uploads\/2017\/05\/DSCF3619-265x160.jpg 265w, https:\/\/urbeamea.ro\/albaiulia\/wp-content\/uploads\/2017\/05\/DSCF3619-370x223.jpg 370w, https:\/\/urbeamea.ro\/albaiulia\/wp-content\/uploads\/2017\/05\/DSCF3619.jpg 1200w\" sizes=\"auto, (max-width: 150px) 100vw, 150px\" data-src=\"https:\/\/urbeamea.ro\/albaiulia\/wp-content\/uploads\/2017\/05\/DSCF3619-150x91.jpg\" loading=\"lazy\" \/><\/a>\n\t\t\t<\/div><\/figure><figure class='gallery-item'>\n\t\t\t<div class='gallery-icon landscape'>\n\t\t\t\t<a href='https:\/\/urbeamea.ro\/albaiulia\/wp-content\/uploads\/2017\/05\/DSCF3621.jpg'><img decoding=\"async\" width=\"150\" height=\"100\" src=\"data:image\/png;base64,iVBORw0KGgoAAAANSUhEUgAAAYYAAADcAQMAAABOLJSDAAAAA1BMVEUAAACnej3aAAAAAXRSTlMAQObYZgAAACJJREFUaIHtwTEBAAAAwqD1T20ND6AAAAAAAAAAAAAA4N8AKvgAAUFIrrEAAAAASUVORK5CYII=\" class=\"attachment-thumbnail size-thumbnail lazy-img\" alt=\"\" srcset=\"https:\/\/urbeamea.ro\/albaiulia\/wp-content\/uploads\/2017\/05\/DSCF3621-150x100.jpg 150w, https:\/\/urbeamea.ro\/albaiulia\/wp-content\/uploads\/2017\/05\/DSCF3621-640x428.jpg 640w, https:\/\/urbeamea.ro\/albaiulia\/wp-content\/uploads\/2017\/05\/DSCF3621-768x513.jpg 768w, https:\/\/urbeamea.ro\/albaiulia\/wp-content\/uploads\/2017\/05\/DSCF3621.jpg 1200w\" sizes=\"auto, (max-width: 150px) 100vw, 150px\" data-src=\"https:\/\/urbeamea.ro\/albaiulia\/wp-content\/uploads\/2017\/05\/DSCF3621-150x100.jpg\" loading=\"lazy\" \/><\/a>\n\t\t\t<\/div><\/figure>\n\t\t<\/div>\n\n","protected":false},"excerpt":{"rendered":"<p>Ziua de 9 Mai e o zi a bucuriei de a fi \u00eempreun\u0103, o zi a voin\u0163ei de solidaritate, o zi a marii comunit\u0103\u0163i din care fac parte to\u0163i cet\u0103\u0163enii UE. Poate fi definit\u0103 ca ziu\u0103 a cet\u0103\u0163enilor unei \u201dEurope Unite\u201d, construit\u0103 de-a lungul deceniilor, cet\u0103\u021beni uni\u021bi \u00een diversitatea garantat\u0103 fiec\u0103rei na\u021biuni. Av\u00e2nd \u00een vedere &hellip;<\/p>\n","protected":false},"author":17,"featured_media":44404,"comment_status":"open","ping_status":"open","sticky":false,"template":"","format":"standard","meta":{"inline_featured_image":false,"footnotes":""},"categories":[8857],"tags":[10911,343,492,315,5126,10910,7410,309,10909,308,1018,76],"class_list":["post-44403","post","type-post","status-publish","format-standard","has-post-thumbnail","hentry","category-istorie","tag-10-ani-de-aderare","tag-adr-centru","tag-concurs","tag-elevi","tag-eseuri","tag-materiale-informative","tag-obiecte-promotionale","tag-premii","tag-societatea-romanieasc-societate-europeana","tag-stiri","tag-ue","tag-urbea-mea"],"yoast_head":"<!-- This site is optimized with the Yoast SEO plugin v28.3 - https:\/\/yoast.com\/product\/yoast-seo-wordpress\/ -->\n<title>FOTO: Ziua Europei, la ADR Centru. Premii pentru elevii care au participat la concursul de eseuri \u201eSocietate rom\u00e2neasc\u0103, societate european\u0103\u201d - Revista Urbea Mea - Revista de Alba<\/title>\n<meta name=\"description\" content=\"Ziua de 9 Mai e o zi a bucuriei de a fi \u00eempreun\u0103, o zi a voin\u0163ei de solidaritate, o zi a marii comunit\u0103\u0163i din care fac parte to\u0163i cet\u0103\u0163enii UE. Poate fi\" \/>\n<meta name=\"robots\" content=\"index, follow, max-snippet:-1, max-image-preview:large, max-video-preview:-1\" \/>\n<link rel=\"canonical\" href=\"https:\/\/urbeamea.ro\/albaiulia\/foto-ziua-europei-la-adr-centru-premii-pentru-elevii-care-au-participat-la-concursul-de-eseuri-societate-romaneasca-societate-europeana\/\" \/>\n<meta name=\"twitter:card\" content=\"summary_large_image\" \/>\n<meta name=\"twitter:title\" content=\"FOTO: Ziua Europei, la ADR Centru. Premii pentru elevii care au participat la concursul de eseuri \u201eSocietate rom\u00e2neasc\u0103, societate european\u0103\u201d - Revista Urbea Mea - Revista de Alba\" \/>\n<meta name=\"twitter:description\" content=\"Ziua de 9 Mai e o zi a bucuriei de a fi \u00eempreun\u0103, o zi a voin\u0163ei de solidaritate, o zi a marii comunit\u0103\u0163i din care fac parte to\u0163i cet\u0103\u0163enii UE. Poate fi\" \/>\n<meta name=\"twitter:image\" content=\"https:\/\/urbeamea.ro\/albaiulia\/wp-content\/uploads\/2017\/05\/DSCF3586.jpg\" \/>\n<meta name=\"twitter:creator\" content=\"@urbeameaweb\" \/>\n<meta name=\"twitter:site\" content=\"@urbeameaweb\" \/>\n<script type=\"application\/ld+json\" class=\"yoast-schema-graph\">{\"@context\":\"https:\\\/\\\/schema.org\",\"@graph\":[{\"@type\":\"Article\",\"@id\":\"https:\\\/\\\/urbeamea.ro\\\/albaiulia\\\/foto-ziua-europei-la-adr-centru-premii-pentru-elevii-care-au-participat-la-concursul-de-eseuri-societate-romaneasca-societate-europeana\\\/#article\",\"isPartOf\":{\"@id\":\"https:\\\/\\\/urbeamea.ro\\\/albaiulia\\\/foto-ziua-europei-la-adr-centru-premii-pentru-elevii-care-au-participat-la-concursul-de-eseuri-societate-romaneasca-societate-europeana\\\/\"},\"author\":{\"name\":\"Cristina Ganga\",\"@id\":\"https:\\\/\\\/urbeamea.ro\\\/albaiulia\\\/#\\\/schema\\\/person\\\/9700d21fae21c4f038b0b56f4506264a\"},\"headline\":\"FOTO: Ziua Europei, la ADR Centru. Premii pentru elevii care au participat la concursul de eseuri \u201eSocietate rom\u00e2neasc\u0103, societate european\u0103\u201d\",\"datePublished\":\"2017-05-09T13:57:01+00:00\",\"mainEntityOfPage\":{\"@id\":\"https:\\\/\\\/urbeamea.ro\\\/albaiulia\\\/foto-ziua-europei-la-adr-centru-premii-pentru-elevii-care-au-participat-la-concursul-de-eseuri-societate-romaneasca-societate-europeana\\\/\"},\"wordCount\":620,\"commentCount\":0,\"image\":{\"@id\":\"https:\\\/\\\/urbeamea.ro\\\/albaiulia\\\/foto-ziua-europei-la-adr-centru-premii-pentru-elevii-care-au-participat-la-concursul-de-eseuri-societate-romaneasca-societate-europeana\\\/#primaryimage\"},\"thumbnailUrl\":\"https:\\\/\\\/urbeamea.ro\\\/albaiulia\\\/wp-content\\\/uploads\\\/2017\\\/05\\\/DSCF3586.jpg\",\"keywords\":[\"10 ani de aderare\",\"ADR Centru\",\"concurs\",\"elevi\",\"eseuri\",\"materiale informative\",\"obiecte promotionale\",\"premii\",\"societatea romanieasc societate europeana\",\"stiri\",\"UE\",\"Urbea Mea\"],\"articleSection\":[\"Istorie\"],\"inLanguage\":\"ro-RO\",\"potentialAction\":[{\"@type\":\"CommentAction\",\"name\":\"Comment\",\"target\":[\"https:\\\/\\\/urbeamea.ro\\\/albaiulia\\\/foto-ziua-europei-la-adr-centru-premii-pentru-elevii-care-au-participat-la-concursul-de-eseuri-societate-romaneasca-societate-europeana\\\/#respond\"]}]},{\"@type\":\"WebPage\",\"@id\":\"https:\\\/\\\/urbeamea.ro\\\/albaiulia\\\/foto-ziua-europei-la-adr-centru-premii-pentru-elevii-care-au-participat-la-concursul-de-eseuri-societate-romaneasca-societate-europeana\\\/\",\"url\":\"https:\\\/\\\/urbeamea.ro\\\/albaiulia\\\/foto-ziua-europei-la-adr-centru-premii-pentru-elevii-care-au-participat-la-concursul-de-eseuri-societate-romaneasca-societate-europeana\\\/\",\"name\":\"FOTO: Ziua Europei, la ADR Centru. Premii pentru elevii care au participat la concursul de eseuri \u201eSocietate rom\u00e2neasc\u0103, societate european\u0103\u201d - Revista Urbea Mea - Revista de Alba\",\"isPartOf\":{\"@id\":\"https:\\\/\\\/urbeamea.ro\\\/albaiulia\\\/#website\"},\"primaryImageOfPage\":{\"@id\":\"https:\\\/\\\/urbeamea.ro\\\/albaiulia\\\/foto-ziua-europei-la-adr-centru-premii-pentru-elevii-care-au-participat-la-concursul-de-eseuri-societate-romaneasca-societate-europeana\\\/#primaryimage\"},\"image\":{\"@id\":\"https:\\\/\\\/urbeamea.ro\\\/albaiulia\\\/foto-ziua-europei-la-adr-centru-premii-pentru-elevii-care-au-participat-la-concursul-de-eseuri-societate-romaneasca-societate-europeana\\\/#primaryimage\"},\"thumbnailUrl\":\"https:\\\/\\\/urbeamea.ro\\\/albaiulia\\\/wp-content\\\/uploads\\\/2017\\\/05\\\/DSCF3586.jpg\",\"datePublished\":\"2017-05-09T13:57:01+00:00\",\"author\":{\"@id\":\"https:\\\/\\\/urbeamea.ro\\\/albaiulia\\\/#\\\/schema\\\/person\\\/9700d21fae21c4f038b0b56f4506264a\"},\"description\":\"Ziua de 9 Mai e o zi a bucuriei de a fi \u00eempreun\u0103, o zi a voin\u0163ei de solidaritate, o zi a marii comunit\u0103\u0163i din care fac parte to\u0163i cet\u0103\u0163enii UE. Poate fi\",\"breadcrumb\":{\"@id\":\"https:\\\/\\\/urbeamea.ro\\\/albaiulia\\\/foto-ziua-europei-la-adr-centru-premii-pentru-elevii-care-au-participat-la-concursul-de-eseuri-societate-romaneasca-societate-europeana\\\/#breadcrumb\"},\"inLanguage\":\"ro-RO\",\"potentialAction\":[{\"@type\":\"ReadAction\",\"target\":[\"https:\\\/\\\/urbeamea.ro\\\/albaiulia\\\/foto-ziua-europei-la-adr-centru-premii-pentru-elevii-care-au-participat-la-concursul-de-eseuri-societate-romaneasca-societate-europeana\\\/\"]}]},{\"@type\":\"ImageObject\",\"inLanguage\":\"ro-RO\",\"@id\":\"https:\\\/\\\/urbeamea.ro\\\/albaiulia\\\/foto-ziua-europei-la-adr-centru-premii-pentru-elevii-care-au-participat-la-concursul-de-eseuri-societate-romaneasca-societate-europeana\\\/#primaryimage\",\"url\":\"https:\\\/\\\/urbeamea.ro\\\/albaiulia\\\/wp-content\\\/uploads\\\/2017\\\/05\\\/DSCF3586.jpg\",\"contentUrl\":\"https:\\\/\\\/urbeamea.ro\\\/albaiulia\\\/wp-content\\\/uploads\\\/2017\\\/05\\\/DSCF3586.jpg\",\"width\":1200,\"height\":601},{\"@type\":\"BreadcrumbList\",\"@id\":\"https:\\\/\\\/urbeamea.ro\\\/albaiulia\\\/foto-ziua-europei-la-adr-centru-premii-pentru-elevii-care-au-participat-la-concursul-de-eseuri-societate-romaneasca-societate-europeana\\\/#breadcrumb\",\"itemListElement\":[{\"@type\":\"ListItem\",\"position\":1,\"name\":\"Prima pagin\u0103\",\"item\":\"https:\\\/\\\/urbeamea.ro\\\/albaiulia\\\/\"},{\"@type\":\"ListItem\",\"position\":2,\"name\":\"FOTO: Ziua Europei, la ADR Centru. Premii pentru elevii care au participat la concursul de eseuri \u201eSocietate rom\u00e2neasc\u0103, societate european\u0103\u201d\"}]},{\"@type\":\"WebSite\",\"@id\":\"https:\\\/\\\/urbeamea.ro\\\/albaiulia\\\/#website\",\"url\":\"https:\\\/\\\/urbeamea.ro\\\/albaiulia\\\/\",\"name\":\"Revista Urbea Mea, Stiri urbane\",\"description\":\"Evenimente \u0219i \u0219tiri din Alba Iulia, Sebe\u0219, Aiud, Blaj\",\"potentialAction\":[{\"@type\":\"SearchAction\",\"target\":{\"@type\":\"EntryPoint\",\"urlTemplate\":\"https:\\\/\\\/urbeamea.ro\\\/albaiulia\\\/?s={search_term_string}\"},\"query-input\":{\"@type\":\"PropertyValueSpecification\",\"valueRequired\":true,\"valueName\":\"search_term_string\"}}],\"inLanguage\":\"ro-RO\"},{\"@type\":\"Person\",\"@id\":\"https:\\\/\\\/urbeamea.ro\\\/albaiulia\\\/#\\\/schema\\\/person\\\/9700d21fae21c4f038b0b56f4506264a\",\"name\":\"Cristina Ganga\",\"image\":{\"@type\":\"ImageObject\",\"inLanguage\":\"ro-RO\",\"@id\":\"https:\\\/\\\/secure.gravatar.com\\\/avatar\\\/5a67661041f057b4a8ccaf26f5a8e86e2689372006d01faf3dd9eeb10b654bb4?s=96&d=mm&r=g\",\"url\":\"https:\\\/\\\/secure.gravatar.com\\\/avatar\\\/5a67661041f057b4a8ccaf26f5a8e86e2689372006d01faf3dd9eeb10b654bb4?s=96&d=mm&r=g\",\"contentUrl\":\"https:\\\/\\\/secure.gravatar.com\\\/avatar\\\/5a67661041f057b4a8ccaf26f5a8e86e2689372006d01faf3dd9eeb10b654bb4?s=96&d=mm&r=g\",\"caption\":\"Cristina Ganga\"},\"description\":\"Jurnalist\",\"sameAs\":[\"https:\\\/\\\/www.facebook.com\\\/cristina.nicola.587\"],\"url\":\"https:\\\/\\\/urbeamea.ro\\\/albaiulia\\\/author\\\/cristina-nicola\\\/\"}]}<\/script>\n<!-- \/ Yoast SEO plugin. -->","yoast_head_json":{"title":"FOTO: Ziua Europei, la ADR Centru. Premii pentru elevii care au participat la concursul de eseuri \u201eSocietate rom\u00e2neasc\u0103, societate european\u0103\u201d - Revista Urbea Mea - Revista de Alba","description":"Ziua de 9 Mai e o zi a bucuriei de a fi \u00eempreun\u0103, o zi a voin\u0163ei de solidaritate, o zi a marii comunit\u0103\u0163i din care fac parte to\u0163i cet\u0103\u0163enii UE. Poate fi","robots":{"index":"index","follow":"follow","max-snippet":"max-snippet:-1","max-image-preview":"max-image-preview:large","max-video-preview":"max-video-preview:-1"},"canonical":"https:\/\/urbeamea.ro\/albaiulia\/foto-ziua-europei-la-adr-centru-premii-pentru-elevii-care-au-participat-la-concursul-de-eseuri-societate-romaneasca-societate-europeana\/","twitter_card":"summary_large_image","twitter_title":"FOTO: Ziua Europei, la ADR Centru. Premii pentru elevii care au participat la concursul de eseuri \u201eSocietate rom\u00e2neasc\u0103, societate european\u0103\u201d - Revista Urbea Mea - Revista de Alba","twitter_description":"Ziua de 9 Mai e o zi a bucuriei de a fi \u00eempreun\u0103, o zi a voin\u0163ei de solidaritate, o zi a marii comunit\u0103\u0163i din care fac parte to\u0163i cet\u0103\u0163enii UE. Poate fi","twitter_image":"https:\/\/urbeamea.ro\/albaiulia\/wp-content\/uploads\/2017\/05\/DSCF3586.jpg","twitter_creator":"@urbeameaweb","twitter_site":"@urbeameaweb","schema":{"@context":"https:\/\/schema.org","@graph":[{"@type":"Article","@id":"https:\/\/urbeamea.ro\/albaiulia\/foto-ziua-europei-la-adr-centru-premii-pentru-elevii-care-au-participat-la-concursul-de-eseuri-societate-romaneasca-societate-europeana\/#article","isPartOf":{"@id":"https:\/\/urbeamea.ro\/albaiulia\/foto-ziua-europei-la-adr-centru-premii-pentru-elevii-care-au-participat-la-concursul-de-eseuri-societate-romaneasca-societate-europeana\/"},"author":{"name":"Cristina Ganga","@id":"https:\/\/urbeamea.ro\/albaiulia\/#\/schema\/person\/9700d21fae21c4f038b0b56f4506264a"},"headline":"FOTO: Ziua Europei, la ADR Centru. Premii pentru elevii care au participat la concursul de eseuri \u201eSocietate rom\u00e2neasc\u0103, societate european\u0103\u201d","datePublished":"2017-05-09T13:57:01+00:00","mainEntityOfPage":{"@id":"https:\/\/urbeamea.ro\/albaiulia\/foto-ziua-europei-la-adr-centru-premii-pentru-elevii-care-au-participat-la-concursul-de-eseuri-societate-romaneasca-societate-europeana\/"},"wordCount":620,"commentCount":0,"image":{"@id":"https:\/\/urbeamea.ro\/albaiulia\/foto-ziua-europei-la-adr-centru-premii-pentru-elevii-care-au-participat-la-concursul-de-eseuri-societate-romaneasca-societate-europeana\/#primaryimage"},"thumbnailUrl":"https:\/\/urbeamea.ro\/albaiulia\/wp-content\/uploads\/2017\/05\/DSCF3586.jpg","keywords":["10 ani de aderare","ADR Centru","concurs","elevi","eseuri","materiale informative","obiecte promotionale","premii","societatea romanieasc societate europeana","stiri","UE","Urbea Mea"],"articleSection":["Istorie"],"inLanguage":"ro-RO","potentialAction":[{"@type":"CommentAction","name":"Comment","target":["https:\/\/urbeamea.ro\/albaiulia\/foto-ziua-europei-la-adr-centru-premii-pentru-elevii-care-au-participat-la-concursul-de-eseuri-societate-romaneasca-societate-europeana\/#respond"]}]},{"@type":"WebPage","@id":"https:\/\/urbeamea.ro\/albaiulia\/foto-ziua-europei-la-adr-centru-premii-pentru-elevii-care-au-participat-la-concursul-de-eseuri-societate-romaneasca-societate-europeana\/","url":"https:\/\/urbeamea.ro\/albaiulia\/foto-ziua-europei-la-adr-centru-premii-pentru-elevii-care-au-participat-la-concursul-de-eseuri-societate-romaneasca-societate-europeana\/","name":"FOTO: Ziua Europei, la ADR Centru. Premii pentru elevii care au participat la concursul de eseuri \u201eSocietate rom\u00e2neasc\u0103, societate european\u0103\u201d - Revista Urbea Mea - Revista de Alba","isPartOf":{"@id":"https:\/\/urbeamea.ro\/albaiulia\/#website"},"primaryImageOfPage":{"@id":"https:\/\/urbeamea.ro\/albaiulia\/foto-ziua-europei-la-adr-centru-premii-pentru-elevii-care-au-participat-la-concursul-de-eseuri-societate-romaneasca-societate-europeana\/#primaryimage"},"image":{"@id":"https:\/\/urbeamea.ro\/albaiulia\/foto-ziua-europei-la-adr-centru-premii-pentru-elevii-care-au-participat-la-concursul-de-eseuri-societate-romaneasca-societate-europeana\/#primaryimage"},"thumbnailUrl":"https:\/\/urbeamea.ro\/albaiulia\/wp-content\/uploads\/2017\/05\/DSCF3586.jpg","datePublished":"2017-05-09T13:57:01+00:00","author":{"@id":"https:\/\/urbeamea.ro\/albaiulia\/#\/schema\/person\/9700d21fae21c4f038b0b56f4506264a"},"description":"Ziua de 9 Mai e o zi a bucuriei de a fi \u00eempreun\u0103, o zi a voin\u0163ei de solidaritate, o zi a marii comunit\u0103\u0163i din care fac parte to\u0163i cet\u0103\u0163enii UE. Poate fi","breadcrumb":{"@id":"https:\/\/urbeamea.ro\/albaiulia\/foto-ziua-europei-la-adr-centru-premii-pentru-elevii-care-au-participat-la-concursul-de-eseuri-societate-romaneasca-societate-europeana\/#breadcrumb"},"inLanguage":"ro-RO","potentialAction":[{"@type":"ReadAction","target":["https:\/\/urbeamea.ro\/albaiulia\/foto-ziua-europei-la-adr-centru-premii-pentru-elevii-care-au-participat-la-concursul-de-eseuri-societate-romaneasca-societate-europeana\/"]}]},{"@type":"ImageObject","inLanguage":"ro-RO","@id":"https:\/\/urbeamea.ro\/albaiulia\/foto-ziua-europei-la-adr-centru-premii-pentru-elevii-care-au-participat-la-concursul-de-eseuri-societate-romaneasca-societate-europeana\/#primaryimage","url":"https:\/\/urbeamea.ro\/albaiulia\/wp-content\/uploads\/2017\/05\/DSCF3586.jpg","contentUrl":"https:\/\/urbeamea.ro\/albaiulia\/wp-content\/uploads\/2017\/05\/DSCF3586.jpg","width":1200,"height":601},{"@type":"BreadcrumbList","@id":"https:\/\/urbeamea.ro\/albaiulia\/foto-ziua-europei-la-adr-centru-premii-pentru-elevii-care-au-participat-la-concursul-de-eseuri-societate-romaneasca-societate-europeana\/#breadcrumb","itemListElement":[{"@type":"ListItem","position":1,"name":"Prima pagin\u0103","item":"https:\/\/urbeamea.ro\/albaiulia\/"},{"@type":"ListItem","position":2,"name":"FOTO: Ziua Europei, la ADR Centru. Premii pentru elevii care au participat la concursul de eseuri \u201eSocietate rom\u00e2neasc\u0103, societate european\u0103\u201d"}]},{"@type":"WebSite","@id":"https:\/\/urbeamea.ro\/albaiulia\/#website","url":"https:\/\/urbeamea.ro\/albaiulia\/","name":"Revista Urbea Mea, Stiri urbane","description":"Evenimente \u0219i \u0219tiri din Alba Iulia, Sebe\u0219, Aiud, Blaj","potentialAction":[{"@type":"SearchAction","target":{"@type":"EntryPoint","urlTemplate":"https:\/\/urbeamea.ro\/albaiulia\/?s={search_term_string}"},"query-input":{"@type":"PropertyValueSpecification","valueRequired":true,"valueName":"search_term_string"}}],"inLanguage":"ro-RO"},{"@type":"Person","@id":"https:\/\/urbeamea.ro\/albaiulia\/#\/schema\/person\/9700d21fae21c4f038b0b56f4506264a","name":"Cristina Ganga","image":{"@type":"ImageObject","inLanguage":"ro-RO","@id":"https:\/\/secure.gravatar.com\/avatar\/5a67661041f057b4a8ccaf26f5a8e86e2689372006d01faf3dd9eeb10b654bb4?s=96&d=mm&r=g","url":"https:\/\/secure.gravatar.com\/avatar\/5a67661041f057b4a8ccaf26f5a8e86e2689372006d01faf3dd9eeb10b654bb4?s=96&d=mm&r=g","contentUrl":"https:\/\/secure.gravatar.com\/avatar\/5a67661041f057b4a8ccaf26f5a8e86e2689372006d01faf3dd9eeb10b654bb4?s=96&d=mm&r=g","caption":"Cristina Ganga"},"description":"Jurnalist","sameAs":["https:\/\/www.facebook.com\/cristina.nicola.587"],"url":"https:\/\/urbeamea.ro\/albaiulia\/author\/cristina-nicola\/"}]}},"_links":{"self":[{"href":"https:\/\/urbeamea.ro\/albaiulia\/wp-json\/wp\/v2\/posts\/44403","targetHints":{"allow":["GET"]}}],"collection":[{"href":"https:\/\/urbeamea.ro\/albaiulia\/wp-json\/wp\/v2\/posts"}],"about":[{"href":"https:\/\/urbeamea.ro\/albaiulia\/wp-json\/wp\/v2\/types\/post"}],"author":[{"embeddable":true,"href":"https:\/\/urbeamea.ro\/albaiulia\/wp-json\/wp\/v2\/users\/17"}],"replies":[{"embeddable":true,"href":"https:\/\/urbeamea.ro\/albaiulia\/wp-json\/wp\/v2\/comments?post=44403"}],"version-history":[{"count":0,"href":"https:\/\/urbeamea.ro\/albaiulia\/wp-json\/wp\/v2\/posts\/44403\/revisions"}],"wp:featuredmedia":[{"embeddable":true,"href":"https:\/\/urbeamea.ro\/albaiulia\/wp-json\/wp\/v2\/media\/44404"}],"wp:attachment":[{"href":"https:\/\/urbeamea.ro\/albaiulia\/wp-json\/wp\/v2\/media?parent=44403"}],"wp:term":[{"taxonomy":"category","embeddable":true,"href":"https:\/\/urbeamea.ro\/albaiulia\/wp-json\/wp\/v2\/categories?post=44403"},{"taxonomy":"post_tag","embeddable":true,"href":"https:\/\/urbeamea.ro\/albaiulia\/wp-json\/wp\/v2\/tags?post=44403"}],"curies":[{"name":"wp","href":"https:\/\/api.w.org\/{rel}","templated":true}]}}