{"id":44412,"date":"2017-04-22T17:02:49","date_gmt":"2017-04-22T14:02:49","guid":{"rendered":"http:\/\/urbeamea.ro\/albaiulia\/?p=44412"},"modified":"2017-05-09T20:40:18","modified_gmt":"2017-05-09T17:40:18","slug":"restaurantul-dante-cafe-dine-va-ureaza-bun-venit-in-cealalta-capitala-incepand-din-21-aprilie","status":"publish","type":"post","link":"https:\/\/urbeamea.ro\/albaiulia\/restaurantul-dante-cafe-dine-va-ureaza-bun-venit-in-cealalta-capitala-incepand-din-21-aprilie\/","title":{"rendered":"Restaurantul \u201dDante Caf\u00e9 &#038; Dine\u201d v\u0103 ureaz\u0103 bun venit \u00een Cealalt\u0103 Capital\u0103. Promite clien\u0163ilor un meniu atent ales \u0219i preparate culinare de excep\u021bie"},"content":{"rendered":"<p><strong>Un design care \u00eeti fur\u0103 privirea, o aten\u021bie la detalii extraordinar\u0103 \u0219i un ambient pl\u0103cut sunt doar c\u00e2teva din cuvintele care pot descrie noul restaurant proasp\u0103t deschis \u00een Alba Iulia. Se nume\u0219te\u00a0<em>Dante Caf\u00e9 &amp;Dine <\/em>\u0219i promite viitorilor clien\u021bi un meniu atent ales \u0219i preparate culinare de excep\u021bie.<\/strong><\/p>\n<p><em>&#8222;Am un sentiment de profund respect fa\u021b\u0103 de cei care ne-au ajutat \u0219i care, cu siguran\u021b\u0103, ne vor fi al\u0103turi \u0219i ne vor sprijini \u00een continuare. Acest proiect a \u00eenceput din pur\u0103 pasiune. Ne dorim ca Dante Caf\u00e9 &amp;Dine s\u0103 devin\u0103 acel loc pe care l-am a\u0219teptat \u0219i de care consider, personal, c\u0103 Alba Iulia avea nevoie, un restaurant \u00een care dorim s\u0103 transform\u0103m experien\u021ba culinar\u0103 \u00eentr-o experien\u021b\u0103 a emo\u021biilor de neuitat. Am \u00eencercat s\u0103 acord\u0103m o aten\u021bie deosebit\u0103 fiec\u0103rui detaliu, de la decor p\u00e2n\u0103 la preparate, pentru ca oaspe\u021bii no\u0219tri s\u0103 se re\u00eentoarc\u0103, cu drag, de fiecare dat\u0103. Ne dorim s\u0103 devenim un mic pion, al\u0103turi de municipalitate, \u00een eforturile depuse pentru promovarea turistic\u0103 a ora\u0219ului.<\/em><\/p>\n<p><em>De ce Dante? \u00a0Deoarece Dante prin a sa capodoper\u0103 \u201dDivina Comedie\u201d, a reu\u0219it o reprezentare ampl\u0103 \u0219i dramatic\u0103 a realit\u0103\u021bii \u00a0astfel, con\u0219tientiz\u00e2nd c\u0103 \u00een orice clip\u0103 ai \u0219ansa s\u0103-\u021bi schimbi via\u021ba\u201d, <\/em>a transmis Cristina M\u0103ginean, managerul general de la Dante Caf\u00e9 &amp;Dine.<\/p>\n<p>Restaurantul se g\u0103se\u0219te pe strada Aurel Vlaicu, nr 35 (l\u00e2ng\u0103 Hotel Cetate).\u00a0Telefon rezerv\u0103ri<strong>\u00a00748.688.600.<\/strong><\/p>\n<p><a href=\"http:\/\/urbeamea.ro\/albaiulia\/wp-content\/uploads\/2017\/05\/dante-exterior.jpg\"><img loading=\"lazy\" decoding=\"async\" class=\"aligncenter wp-image-44414 size-medium\" src=\"http:\/\/urbeamea.ro\/albaiulia\/wp-content\/uploads\/2017\/05\/dante-exterior-640x288.jpg\" alt=\"\" width=\"640\" height=\"288\" srcset=\"https:\/\/urbeamea.ro\/albaiulia\/wp-content\/uploads\/2017\/05\/dante-exterior-640x288.jpg 640w, https:\/\/urbeamea.ro\/albaiulia\/wp-content\/uploads\/2017\/05\/dante-exterior-150x68.jpg 150w, https:\/\/urbeamea.ro\/albaiulia\/wp-content\/uploads\/2017\/05\/dante-exterior-768x346.jpg 768w, https:\/\/urbeamea.ro\/albaiulia\/wp-content\/uploads\/2017\/05\/dante-exterior.jpg 1024w\" sizes=\"auto, (max-width: 640px) 100vw, 640px\" \/><\/a><\/p>\n","protected":false},"excerpt":{"rendered":"<p>Un design care \u00eeti fur\u0103 privirea, o aten\u021bie la detalii extraordinar\u0103 \u0219i un ambient pl\u0103cut sunt doar c\u00e2teva din cuvintele care pot descrie noul restaurant proasp\u0103t deschis \u00een Alba Iulia. Se nume\u0219te\u00a0Dante Caf\u00e9 &amp;Dine \u0219i promite viitorilor clien\u021bi un meniu atent ales \u0219i preparate culinare de excep\u021bie. &#8222;Am un sentiment de profund respect fa\u021b\u0103 de &hellip;<\/p>\n","protected":false},"author":5,"featured_media":44413,"comment_status":"open","ping_status":"open","sticky":false,"template":"","format":"standard","meta":{"inline_featured_image":false,"footnotes":""},"categories":[1],"tags":[10913,10912,2847,9227,1697,2479],"class_list":["post-44412","post","type-post","status-publish","format-standard","has-post-thumbnail","hentry","category-stiri-urbane","tag-cristina-marginean","tag-dante-cafedine","tag-design","tag-meniu","tag-preparate","tag-restaurant"],"yoast_head":"<!-- This site is optimized with the Yoast SEO plugin v28.3 - https:\/\/yoast.com\/product\/yoast-seo-wordpress\/ -->\n<title>Restaurantul \u201dDante Caf\u00e9 &amp; Dine\u201d v\u0103 ureaz\u0103 bun venit \u00een Cealalt\u0103 Capital\u0103. Promite clien\u0163ilor un meniu atent ales \u0219i preparate culinare de excep\u021bie - Revista Urbea Mea - Revista de Alba<\/title>\n<meta name=\"description\" content=\"Un design care \u00eeti fur\u0103 privirea, o aten\u021bie la detalii extraordinar\u0103 \u0219i un ambient pl\u0103cut sunt doar c\u00e2teva din cuvintele care pot descrie noul restaurant\" \/>\n<meta name=\"robots\" content=\"index, follow, max-snippet:-1, max-image-preview:large, max-video-preview:-1\" \/>\n<link rel=\"canonical\" href=\"https:\/\/urbeamea.ro\/albaiulia\/restaurantul-dante-cafe-dine-va-ureaza-bun-venit-in-cealalta-capitala-incepand-din-21-aprilie\/\" \/>\n<meta name=\"twitter:card\" content=\"summary_large_image\" \/>\n<meta name=\"twitter:title\" content=\"Restaurantul \u201dDante Caf\u00e9 &amp; Dine\u201d v\u0103 ureaz\u0103 bun venit \u00een Cealalt\u0103 Capital\u0103. Promite clien\u0163ilor un meniu atent ales \u0219i preparate culinare de excep\u021bie - Revista Urbea Mea - Revista de Alba\" \/>\n<meta name=\"twitter:description\" content=\"Un design care \u00eeti fur\u0103 privirea, o aten\u021bie la detalii extraordinar\u0103 \u0219i un ambient pl\u0103cut sunt doar c\u00e2teva din cuvintele care pot descrie noul restaurant\" \/>\n<meta name=\"twitter:image\" content=\"https:\/\/urbeamea.ro\/albaiulia\/wp-content\/uploads\/2017\/05\/6-dante.jpg\" \/>\n<meta name=\"twitter:creator\" content=\"@urbeameaweb\" \/>\n<meta name=\"twitter:site\" content=\"@urbeameaweb\" \/>\n<script type=\"application\/ld+json\" class=\"yoast-schema-graph\">{\"@context\":\"https:\\\/\\\/schema.org\",\"@graph\":[{\"@type\":\"Article\",\"@id\":\"https:\\\/\\\/urbeamea.ro\\\/albaiulia\\\/restaurantul-dante-cafe-dine-va-ureaza-bun-venit-in-cealalta-capitala-incepand-din-21-aprilie\\\/#article\",\"isPartOf\":{\"@id\":\"https:\\\/\\\/urbeamea.ro\\\/albaiulia\\\/restaurantul-dante-cafe-dine-va-ureaza-bun-venit-in-cealalta-capitala-incepand-din-21-aprilie\\\/\"},\"author\":{\"name\":\"Bogdan P\u0103unescu\",\"@id\":\"https:\\\/\\\/urbeamea.ro\\\/albaiulia\\\/#\\\/schema\\\/person\\\/a115373ce8153754c6b084232d985956\"},\"headline\":\"Restaurantul \u201dDante Caf\u00e9 &#038; Dine\u201d v\u0103 ureaz\u0103 bun venit \u00een Cealalt\u0103 Capital\u0103. Promite clien\u0163ilor un meniu atent ales \u0219i preparate culinare de excep\u021bie\",\"datePublished\":\"2017-04-22T14:02:49+00:00\",\"dateModified\":\"2017-05-09T17:40:18+00:00\",\"mainEntityOfPage\":{\"@id\":\"https:\\\/\\\/urbeamea.ro\\\/albaiulia\\\/restaurantul-dante-cafe-dine-va-ureaza-bun-venit-in-cealalta-capitala-incepand-din-21-aprilie\\\/\"},\"wordCount\":280,\"commentCount\":0,\"image\":{\"@id\":\"https:\\\/\\\/urbeamea.ro\\\/albaiulia\\\/restaurantul-dante-cafe-dine-va-ureaza-bun-venit-in-cealalta-capitala-incepand-din-21-aprilie\\\/#primaryimage\"},\"thumbnailUrl\":\"https:\\\/\\\/urbeamea.ro\\\/albaiulia\\\/wp-content\\\/uploads\\\/2017\\\/05\\\/6-dante.jpg\",\"keywords\":[\"Cristina Marginean\",\"Dante Cafe&amp;Dine\",\"design\",\"meniu\",\"preparate\",\"restaurant\"],\"articleSection\":[\"\u015etiri Urbane\"],\"inLanguage\":\"ro-RO\",\"potentialAction\":[{\"@type\":\"CommentAction\",\"name\":\"Comment\",\"target\":[\"https:\\\/\\\/urbeamea.ro\\\/albaiulia\\\/restaurantul-dante-cafe-dine-va-ureaza-bun-venit-in-cealalta-capitala-incepand-din-21-aprilie\\\/#respond\"]}]},{\"@type\":\"WebPage\",\"@id\":\"https:\\\/\\\/urbeamea.ro\\\/albaiulia\\\/restaurantul-dante-cafe-dine-va-ureaza-bun-venit-in-cealalta-capitala-incepand-din-21-aprilie\\\/\",\"url\":\"https:\\\/\\\/urbeamea.ro\\\/albaiulia\\\/restaurantul-dante-cafe-dine-va-ureaza-bun-venit-in-cealalta-capitala-incepand-din-21-aprilie\\\/\",\"name\":\"Restaurantul \u201dDante Caf\u00e9 & Dine\u201d v\u0103 ureaz\u0103 bun venit \u00een Cealalt\u0103 Capital\u0103. Promite clien\u0163ilor un meniu atent ales \u0219i preparate culinare de excep\u021bie - Revista Urbea Mea - Revista de Alba\",\"isPartOf\":{\"@id\":\"https:\\\/\\\/urbeamea.ro\\\/albaiulia\\\/#website\"},\"primaryImageOfPage\":{\"@id\":\"https:\\\/\\\/urbeamea.ro\\\/albaiulia\\\/restaurantul-dante-cafe-dine-va-ureaza-bun-venit-in-cealalta-capitala-incepand-din-21-aprilie\\\/#primaryimage\"},\"image\":{\"@id\":\"https:\\\/\\\/urbeamea.ro\\\/albaiulia\\\/restaurantul-dante-cafe-dine-va-ureaza-bun-venit-in-cealalta-capitala-incepand-din-21-aprilie\\\/#primaryimage\"},\"thumbnailUrl\":\"https:\\\/\\\/urbeamea.ro\\\/albaiulia\\\/wp-content\\\/uploads\\\/2017\\\/05\\\/6-dante.jpg\",\"datePublished\":\"2017-04-22T14:02:49+00:00\",\"dateModified\":\"2017-05-09T17:40:18+00:00\",\"author\":{\"@id\":\"https:\\\/\\\/urbeamea.ro\\\/albaiulia\\\/#\\\/schema\\\/person\\\/a115373ce8153754c6b084232d985956\"},\"description\":\"Un design care \u00eeti fur\u0103 privirea, o aten\u021bie la detalii extraordinar\u0103 \u0219i un ambient pl\u0103cut sunt doar c\u00e2teva din cuvintele care pot descrie noul restaurant\",\"breadcrumb\":{\"@id\":\"https:\\\/\\\/urbeamea.ro\\\/albaiulia\\\/restaurantul-dante-cafe-dine-va-ureaza-bun-venit-in-cealalta-capitala-incepand-din-21-aprilie\\\/#breadcrumb\"},\"inLanguage\":\"ro-RO\",\"potentialAction\":[{\"@type\":\"ReadAction\",\"target\":[\"https:\\\/\\\/urbeamea.ro\\\/albaiulia\\\/restaurantul-dante-cafe-dine-va-ureaza-bun-venit-in-cealalta-capitala-incepand-din-21-aprilie\\\/\"]}]},{\"@type\":\"ImageObject\",\"inLanguage\":\"ro-RO\",\"@id\":\"https:\\\/\\\/urbeamea.ro\\\/albaiulia\\\/restaurantul-dante-cafe-dine-va-ureaza-bun-venit-in-cealalta-capitala-incepand-din-21-aprilie\\\/#primaryimage\",\"url\":\"https:\\\/\\\/urbeamea.ro\\\/albaiulia\\\/wp-content\\\/uploads\\\/2017\\\/05\\\/6-dante.jpg\",\"contentUrl\":\"https:\\\/\\\/urbeamea.ro\\\/albaiulia\\\/wp-content\\\/uploads\\\/2017\\\/05\\\/6-dante.jpg\",\"width\":1200,\"height\":774},{\"@type\":\"BreadcrumbList\",\"@id\":\"https:\\\/\\\/urbeamea.ro\\\/albaiulia\\\/restaurantul-dante-cafe-dine-va-ureaza-bun-venit-in-cealalta-capitala-incepand-din-21-aprilie\\\/#breadcrumb\",\"itemListElement\":[{\"@type\":\"ListItem\",\"position\":1,\"name\":\"Prima pagin\u0103\",\"item\":\"https:\\\/\\\/urbeamea.ro\\\/albaiulia\\\/\"},{\"@type\":\"ListItem\",\"position\":2,\"name\":\"Restaurantul \u201dDante Caf\u00e9 &#038; Dine\u201d v\u0103 ureaz\u0103 bun venit \u00een Cealalt\u0103 Capital\u0103. Promite clien\u0163ilor un meniu atent ales \u0219i preparate culinare de excep\u021bie\"}]},{\"@type\":\"WebSite\",\"@id\":\"https:\\\/\\\/urbeamea.ro\\\/albaiulia\\\/#website\",\"url\":\"https:\\\/\\\/urbeamea.ro\\\/albaiulia\\\/\",\"name\":\"Revista Urbea Mea, Stiri urbane\",\"description\":\"Evenimente \u0219i \u0219tiri din Alba Iulia, Sebe\u0219, Aiud, Blaj\",\"potentialAction\":[{\"@type\":\"SearchAction\",\"target\":{\"@type\":\"EntryPoint\",\"urlTemplate\":\"https:\\\/\\\/urbeamea.ro\\\/albaiulia\\\/?s={search_term_string}\"},\"query-input\":{\"@type\":\"PropertyValueSpecification\",\"valueRequired\":true,\"valueName\":\"search_term_string\"}}],\"inLanguage\":\"ro-RO\"},{\"@type\":\"Person\",\"@id\":\"https:\\\/\\\/urbeamea.ro\\\/albaiulia\\\/#\\\/schema\\\/person\\\/a115373ce8153754c6b084232d985956\",\"name\":\"Bogdan P\u0103unescu\",\"image\":{\"@type\":\"ImageObject\",\"inLanguage\":\"ro-RO\",\"@id\":\"https:\\\/\\\/secure.gravatar.com\\\/avatar\\\/f72aa881b5a32ea110a53aabc2049429e3ff68fcb09d283722d01fbf330e9dd9?s=96&d=mm&r=g\",\"url\":\"https:\\\/\\\/secure.gravatar.com\\\/avatar\\\/f72aa881b5a32ea110a53aabc2049429e3ff68fcb09d283722d01fbf330e9dd9?s=96&d=mm&r=g\",\"contentUrl\":\"https:\\\/\\\/secure.gravatar.com\\\/avatar\\\/f72aa881b5a32ea110a53aabc2049429e3ff68fcb09d283722d01fbf330e9dd9?s=96&d=mm&r=g\",\"caption\":\"Bogdan P\u0103unescu\"},\"description\":\"\u00cemi place tot ceea ce este legat de web \u015fi ajut la dezvoltarea \u015fi \u00eembun\u0103t\u0103\u0163irea lui prin tot ceea ce fac.\",\"sameAs\":[\"https:\\\/\\\/www.artonmedia.ro\",\"https:\\\/\\\/www.facebook.com\\\/bogdanvpaunescu\"],\"url\":\"https:\\\/\\\/urbeamea.ro\\\/albaiulia\\\/author\\\/bogdan-paunescu\\\/\"}]}<\/script>\n<!-- \/ Yoast SEO plugin. -->","yoast_head_json":{"title":"Restaurantul \u201dDante Caf\u00e9 & Dine\u201d v\u0103 ureaz\u0103 bun venit \u00een Cealalt\u0103 Capital\u0103. Promite clien\u0163ilor un meniu atent ales \u0219i preparate culinare de excep\u021bie - Revista Urbea Mea - Revista de Alba","description":"Un design care \u00eeti fur\u0103 privirea, o aten\u021bie la detalii extraordinar\u0103 \u0219i un ambient pl\u0103cut sunt doar c\u00e2teva din cuvintele care pot descrie noul restaurant","robots":{"index":"index","follow":"follow","max-snippet":"max-snippet:-1","max-image-preview":"max-image-preview:large","max-video-preview":"max-video-preview:-1"},"canonical":"https:\/\/urbeamea.ro\/albaiulia\/restaurantul-dante-cafe-dine-va-ureaza-bun-venit-in-cealalta-capitala-incepand-din-21-aprilie\/","twitter_card":"summary_large_image","twitter_title":"Restaurantul \u201dDante Caf\u00e9 & Dine\u201d v\u0103 ureaz\u0103 bun venit \u00een Cealalt\u0103 Capital\u0103. Promite clien\u0163ilor un meniu atent ales \u0219i preparate culinare de excep\u021bie - Revista Urbea Mea - Revista de Alba","twitter_description":"Un design care \u00eeti fur\u0103 privirea, o aten\u021bie la detalii extraordinar\u0103 \u0219i un ambient pl\u0103cut sunt doar c\u00e2teva din cuvintele care pot descrie noul restaurant","twitter_image":"https:\/\/urbeamea.ro\/albaiulia\/wp-content\/uploads\/2017\/05\/6-dante.jpg","twitter_creator":"@urbeameaweb","twitter_site":"@urbeameaweb","schema":{"@context":"https:\/\/schema.org","@graph":[{"@type":"Article","@id":"https:\/\/urbeamea.ro\/albaiulia\/restaurantul-dante-cafe-dine-va-ureaza-bun-venit-in-cealalta-capitala-incepand-din-21-aprilie\/#article","isPartOf":{"@id":"https:\/\/urbeamea.ro\/albaiulia\/restaurantul-dante-cafe-dine-va-ureaza-bun-venit-in-cealalta-capitala-incepand-din-21-aprilie\/"},"author":{"name":"Bogdan P\u0103unescu","@id":"https:\/\/urbeamea.ro\/albaiulia\/#\/schema\/person\/a115373ce8153754c6b084232d985956"},"headline":"Restaurantul \u201dDante Caf\u00e9 &#038; Dine\u201d v\u0103 ureaz\u0103 bun venit \u00een Cealalt\u0103 Capital\u0103. Promite clien\u0163ilor un meniu atent ales \u0219i preparate culinare de excep\u021bie","datePublished":"2017-04-22T14:02:49+00:00","dateModified":"2017-05-09T17:40:18+00:00","mainEntityOfPage":{"@id":"https:\/\/urbeamea.ro\/albaiulia\/restaurantul-dante-cafe-dine-va-ureaza-bun-venit-in-cealalta-capitala-incepand-din-21-aprilie\/"},"wordCount":280,"commentCount":0,"image":{"@id":"https:\/\/urbeamea.ro\/albaiulia\/restaurantul-dante-cafe-dine-va-ureaza-bun-venit-in-cealalta-capitala-incepand-din-21-aprilie\/#primaryimage"},"thumbnailUrl":"https:\/\/urbeamea.ro\/albaiulia\/wp-content\/uploads\/2017\/05\/6-dante.jpg","keywords":["Cristina Marginean","Dante Cafe&amp;Dine","design","meniu","preparate","restaurant"],"articleSection":["\u015etiri Urbane"],"inLanguage":"ro-RO","potentialAction":[{"@type":"CommentAction","name":"Comment","target":["https:\/\/urbeamea.ro\/albaiulia\/restaurantul-dante-cafe-dine-va-ureaza-bun-venit-in-cealalta-capitala-incepand-din-21-aprilie\/#respond"]}]},{"@type":"WebPage","@id":"https:\/\/urbeamea.ro\/albaiulia\/restaurantul-dante-cafe-dine-va-ureaza-bun-venit-in-cealalta-capitala-incepand-din-21-aprilie\/","url":"https:\/\/urbeamea.ro\/albaiulia\/restaurantul-dante-cafe-dine-va-ureaza-bun-venit-in-cealalta-capitala-incepand-din-21-aprilie\/","name":"Restaurantul \u201dDante Caf\u00e9 & Dine\u201d v\u0103 ureaz\u0103 bun venit \u00een Cealalt\u0103 Capital\u0103. Promite clien\u0163ilor un meniu atent ales \u0219i preparate culinare de excep\u021bie - Revista Urbea Mea - Revista de Alba","isPartOf":{"@id":"https:\/\/urbeamea.ro\/albaiulia\/#website"},"primaryImageOfPage":{"@id":"https:\/\/urbeamea.ro\/albaiulia\/restaurantul-dante-cafe-dine-va-ureaza-bun-venit-in-cealalta-capitala-incepand-din-21-aprilie\/#primaryimage"},"image":{"@id":"https:\/\/urbeamea.ro\/albaiulia\/restaurantul-dante-cafe-dine-va-ureaza-bun-venit-in-cealalta-capitala-incepand-din-21-aprilie\/#primaryimage"},"thumbnailUrl":"https:\/\/urbeamea.ro\/albaiulia\/wp-content\/uploads\/2017\/05\/6-dante.jpg","datePublished":"2017-04-22T14:02:49+00:00","dateModified":"2017-05-09T17:40:18+00:00","author":{"@id":"https:\/\/urbeamea.ro\/albaiulia\/#\/schema\/person\/a115373ce8153754c6b084232d985956"},"description":"Un design care \u00eeti fur\u0103 privirea, o aten\u021bie la detalii extraordinar\u0103 \u0219i un ambient pl\u0103cut sunt doar c\u00e2teva din cuvintele care pot descrie noul restaurant","breadcrumb":{"@id":"https:\/\/urbeamea.ro\/albaiulia\/restaurantul-dante-cafe-dine-va-ureaza-bun-venit-in-cealalta-capitala-incepand-din-21-aprilie\/#breadcrumb"},"inLanguage":"ro-RO","potentialAction":[{"@type":"ReadAction","target":["https:\/\/urbeamea.ro\/albaiulia\/restaurantul-dante-cafe-dine-va-ureaza-bun-venit-in-cealalta-capitala-incepand-din-21-aprilie\/"]}]},{"@type":"ImageObject","inLanguage":"ro-RO","@id":"https:\/\/urbeamea.ro\/albaiulia\/restaurantul-dante-cafe-dine-va-ureaza-bun-venit-in-cealalta-capitala-incepand-din-21-aprilie\/#primaryimage","url":"https:\/\/urbeamea.ro\/albaiulia\/wp-content\/uploads\/2017\/05\/6-dante.jpg","contentUrl":"https:\/\/urbeamea.ro\/albaiulia\/wp-content\/uploads\/2017\/05\/6-dante.jpg","width":1200,"height":774},{"@type":"BreadcrumbList","@id":"https:\/\/urbeamea.ro\/albaiulia\/restaurantul-dante-cafe-dine-va-ureaza-bun-venit-in-cealalta-capitala-incepand-din-21-aprilie\/#breadcrumb","itemListElement":[{"@type":"ListItem","position":1,"name":"Prima pagin\u0103","item":"https:\/\/urbeamea.ro\/albaiulia\/"},{"@type":"ListItem","position":2,"name":"Restaurantul \u201dDante Caf\u00e9 &#038; Dine\u201d v\u0103 ureaz\u0103 bun venit \u00een Cealalt\u0103 Capital\u0103. Promite clien\u0163ilor un meniu atent ales \u0219i preparate culinare de excep\u021bie"}]},{"@type":"WebSite","@id":"https:\/\/urbeamea.ro\/albaiulia\/#website","url":"https:\/\/urbeamea.ro\/albaiulia\/","name":"Revista Urbea Mea, Stiri urbane","description":"Evenimente \u0219i \u0219tiri din Alba Iulia, Sebe\u0219, Aiud, Blaj","potentialAction":[{"@type":"SearchAction","target":{"@type":"EntryPoint","urlTemplate":"https:\/\/urbeamea.ro\/albaiulia\/?s={search_term_string}"},"query-input":{"@type":"PropertyValueSpecification","valueRequired":true,"valueName":"search_term_string"}}],"inLanguage":"ro-RO"},{"@type":"Person","@id":"https:\/\/urbeamea.ro\/albaiulia\/#\/schema\/person\/a115373ce8153754c6b084232d985956","name":"Bogdan P\u0103unescu","image":{"@type":"ImageObject","inLanguage":"ro-RO","@id":"https:\/\/secure.gravatar.com\/avatar\/f72aa881b5a32ea110a53aabc2049429e3ff68fcb09d283722d01fbf330e9dd9?s=96&d=mm&r=g","url":"https:\/\/secure.gravatar.com\/avatar\/f72aa881b5a32ea110a53aabc2049429e3ff68fcb09d283722d01fbf330e9dd9?s=96&d=mm&r=g","contentUrl":"https:\/\/secure.gravatar.com\/avatar\/f72aa881b5a32ea110a53aabc2049429e3ff68fcb09d283722d01fbf330e9dd9?s=96&d=mm&r=g","caption":"Bogdan P\u0103unescu"},"description":"\u00cemi place tot ceea ce este legat de web \u015fi ajut la dezvoltarea \u015fi \u00eembun\u0103t\u0103\u0163irea lui prin tot ceea ce fac.","sameAs":["https:\/\/www.artonmedia.ro","https:\/\/www.facebook.com\/bogdanvpaunescu"],"url":"https:\/\/urbeamea.ro\/albaiulia\/author\/bogdan-paunescu\/"}]}},"_links":{"self":[{"href":"https:\/\/urbeamea.ro\/albaiulia\/wp-json\/wp\/v2\/posts\/44412","targetHints":{"allow":["GET"]}}],"collection":[{"href":"https:\/\/urbeamea.ro\/albaiulia\/wp-json\/wp\/v2\/posts"}],"about":[{"href":"https:\/\/urbeamea.ro\/albaiulia\/wp-json\/wp\/v2\/types\/post"}],"author":[{"embeddable":true,"href":"https:\/\/urbeamea.ro\/albaiulia\/wp-json\/wp\/v2\/users\/5"}],"replies":[{"embeddable":true,"href":"https:\/\/urbeamea.ro\/albaiulia\/wp-json\/wp\/v2\/comments?post=44412"}],"version-history":[{"count":0,"href":"https:\/\/urbeamea.ro\/albaiulia\/wp-json\/wp\/v2\/posts\/44412\/revisions"}],"wp:featuredmedia":[{"embeddable":true,"href":"https:\/\/urbeamea.ro\/albaiulia\/wp-json\/wp\/v2\/media\/44413"}],"wp:attachment":[{"href":"https:\/\/urbeamea.ro\/albaiulia\/wp-json\/wp\/v2\/media?parent=44412"}],"wp:term":[{"taxonomy":"category","embeddable":true,"href":"https:\/\/urbeamea.ro\/albaiulia\/wp-json\/wp\/v2\/categories?post=44412"},{"taxonomy":"post_tag","embeddable":true,"href":"https:\/\/urbeamea.ro\/albaiulia\/wp-json\/wp\/v2\/tags?post=44412"}],"curies":[{"name":"wp","href":"https:\/\/api.w.org\/{rel}","templated":true}]}}