{"id":44479,"date":"2017-05-11T10:57:04","date_gmt":"2017-05-11T07:57:04","guid":{"rendered":"http:\/\/urbeamea.ro\/albaiulia\/?p=44479"},"modified":"2017-05-11T10:57:04","modified_gmt":"2017-05-11T07:57:04","slug":"foto-premii-pentru-elevi-de-la-national-militar-din-alba-iulia-la-festivalul-international-de-creatie-si-interpretare-ana-blandiana","status":"publish","type":"post","link":"https:\/\/urbeamea.ro\/albaiulia\/foto-premii-pentru-elevi-de-la-national-militar-din-alba-iulia-la-festivalul-international-de-creatie-si-interpretare-ana-blandiana\/","title":{"rendered":"FOTO: Premii pentru elevi de la Na\u0163ional Militar din Alba Iulia,  la Festivalul Interna\u0163ional de Crea\u0163ie \u015fi Interpretare \u201eAna Blandiana\u201d"},"content":{"rendered":"<p><strong>Elevi de la Colegiul Na\u0163ional Militar din Alba Iulia au c\u00e2\u015ftigat premii \u015fi men\u0163iuni, la Festivalul Na\u021bional de Crea\u021bie \u0219i Interpretare ,,Ana Blandiana\u201d Br\u0103ila, edi\u021bia a VI-a, desf\u0103\u015furat \u00een perioada 4-6 mai.<\/strong><\/p>\n<p>Colegiul a fost reprezentat la trei sec\u021biuni, iar participarea lor s-a dovedit apreciat\u0103 de juriu, acord\u00e2ndu-le premii.<\/p>\n<p>La sec\u021biunea crea\u0163ie literar\u0103, poezie, eleva caporal Maria C\u00eempean a ob\u021binut premiul I, iar la sec\u021biunea critic\u0103 literar\u0103, eleva sergent Ioana Argatu a ob\u021binut premiul III. Cele dou\u0103 eleve sunt \u00eendrumate de c\u0103tre profesor Cosmina Mircea.<\/p>\n<p>La sec\u021biunea folk (coordonator profesor Teodora D\u0103ncil\u0103), eleva caporal Raluca \u015eerban \u015fi elevul frunta\u015f Mihai Moldovan au ob\u021binut men\u021biune pentru interpretarea unei melodii pe versurile Anei Blandiana \u0219i ale lui Ioan Alexandru.<\/p>\n","protected":false},"excerpt":{"rendered":"<p>Elevi de la Colegiul Na\u0163ional Militar din Alba Iulia au c\u00e2\u015ftigat premii \u015fi men\u0163iuni, la Festivalul Na\u021bional de Crea\u021bie \u0219i Interpretare ,,Ana Blandiana\u201d Br\u0103ila, edi\u021bia a VI-a, desf\u0103\u015furat \u00een perioada 4-6 mai. Colegiul a fost reprezentat la trei sec\u021biuni, iar participarea lor s-a dovedit apreciat\u0103 de juriu, acord\u00e2ndu-le premii. La sec\u021biunea crea\u0163ie literar\u0103, poezie, eleva &hellip;<\/p>\n","protected":false},"author":17,"featured_media":44480,"comment_status":"open","ping_status":"open","sticky":false,"template":"","format":"standard","meta":{"inline_featured_image":false,"footnotes":""},"categories":[2039],"tags":[31,5465,937,10940,315,10939,9161,309,813,308,76],"class_list":["post-44479","post","type-post","status-publish","format-standard","has-post-thumbnail","hentry","category-educatie","tag-alba-iulia","tag-braila","tag-colegiul-national-militar-mihai-viteazul","tag-critica-literara","tag-elevi","tag-festivalul-national-de-creatie-si-interpretare-ana-blandiana","tag-mentiuni","tag-premii","tag-sectiuni","tag-stiri","tag-urbea-mea"],"yoast_head":"<!-- This site is optimized with the Yoast SEO plugin v28.3 - https:\/\/yoast.com\/product\/yoast-seo-wordpress\/ -->\n<title>FOTO: Premii pentru elevi de la Na\u0163ional Militar din Alba Iulia, la Festivalul Interna\u0163ional de Crea\u0163ie \u015fi Interpretare \u201eAna Blandiana\u201d - Revista Urbea Mea - Revista de Alba<\/title>\n<meta name=\"description\" content=\"Elevi de la Colegiul Na\u0163ional Militar din Alba Iulia au c\u00e2\u015ftigat premii \u015fi men\u0163iuni, la Festivalul Na\u021bional de Crea\u021bie \u0219i Interpretare ,,Ana Blandiana\u201d\" \/>\n<meta name=\"robots\" content=\"index, follow, max-snippet:-1, max-image-preview:large, max-video-preview:-1\" \/>\n<link rel=\"canonical\" href=\"https:\/\/urbeamea.ro\/albaiulia\/foto-premii-pentru-elevi-de-la-national-militar-din-alba-iulia-la-festivalul-international-de-creatie-si-interpretare-ana-blandiana\/\" \/>\n<meta name=\"twitter:card\" content=\"summary_large_image\" \/>\n<meta name=\"twitter:title\" content=\"FOTO: Premii pentru elevi de la Na\u0163ional Militar din Alba Iulia, la Festivalul Interna\u0163ional de Crea\u0163ie \u015fi Interpretare \u201eAna Blandiana\u201d - Revista Urbea Mea - Revista de Alba\" \/>\n<meta name=\"twitter:description\" content=\"Elevi de la Colegiul Na\u0163ional Militar din Alba Iulia au c\u00e2\u015ftigat premii \u015fi men\u0163iuni, la Festivalul Na\u021bional de Crea\u021bie \u0219i Interpretare ,,Ana Blandiana\u201d\" \/>\n<meta name=\"twitter:image\" content=\"https:\/\/urbeamea.ro\/albaiulia\/wp-content\/uploads\/2017\/05\/elevii-de-la-folk.jpg\" \/>\n<meta name=\"twitter:creator\" content=\"@urbeameaweb\" \/>\n<meta name=\"twitter:site\" content=\"@urbeameaweb\" \/>\n<script type=\"application\/ld+json\" class=\"yoast-schema-graph\">{\"@context\":\"https:\\\/\\\/schema.org\",\"@graph\":[{\"@type\":\"Article\",\"@id\":\"https:\\\/\\\/urbeamea.ro\\\/albaiulia\\\/foto-premii-pentru-elevi-de-la-national-militar-din-alba-iulia-la-festivalul-international-de-creatie-si-interpretare-ana-blandiana\\\/#article\",\"isPartOf\":{\"@id\":\"https:\\\/\\\/urbeamea.ro\\\/albaiulia\\\/foto-premii-pentru-elevi-de-la-national-militar-din-alba-iulia-la-festivalul-international-de-creatie-si-interpretare-ana-blandiana\\\/\"},\"author\":{\"name\":\"Cristina Ganga\",\"@id\":\"https:\\\/\\\/urbeamea.ro\\\/albaiulia\\\/#\\\/schema\\\/person\\\/9700d21fae21c4f038b0b56f4506264a\"},\"headline\":\"FOTO: Premii pentru elevi de la Na\u0163ional Militar din Alba Iulia, la Festivalul Interna\u0163ional de Crea\u0163ie \u015fi Interpretare \u201eAna Blandiana\u201d\",\"datePublished\":\"2017-05-11T07:57:04+00:00\",\"mainEntityOfPage\":{\"@id\":\"https:\\\/\\\/urbeamea.ro\\\/albaiulia\\\/foto-premii-pentru-elevi-de-la-national-militar-din-alba-iulia-la-festivalul-international-de-creatie-si-interpretare-ana-blandiana\\\/\"},\"wordCount\":161,\"commentCount\":0,\"image\":{\"@id\":\"https:\\\/\\\/urbeamea.ro\\\/albaiulia\\\/foto-premii-pentru-elevi-de-la-national-militar-din-alba-iulia-la-festivalul-international-de-creatie-si-interpretare-ana-blandiana\\\/#primaryimage\"},\"thumbnailUrl\":\"https:\\\/\\\/urbeamea.ro\\\/albaiulia\\\/wp-content\\\/uploads\\\/2017\\\/05\\\/elevii-de-la-folk.jpg\",\"keywords\":[\"Alba Iulia\",\"Br\u0103ila\",\"colegiul national militar mihai viteazul\",\"critica literara\",\"elevi\",\"festivalul national de creatie si interpretare ana blandiana\",\"mentiuni\",\"premii\",\"sectiuni\",\"stiri\",\"Urbea Mea\"],\"articleSection\":[\"Educa\u021bie\"],\"inLanguage\":\"ro-RO\",\"potentialAction\":[{\"@type\":\"CommentAction\",\"name\":\"Comment\",\"target\":[\"https:\\\/\\\/urbeamea.ro\\\/albaiulia\\\/foto-premii-pentru-elevi-de-la-national-militar-din-alba-iulia-la-festivalul-international-de-creatie-si-interpretare-ana-blandiana\\\/#respond\"]}]},{\"@type\":\"WebPage\",\"@id\":\"https:\\\/\\\/urbeamea.ro\\\/albaiulia\\\/foto-premii-pentru-elevi-de-la-national-militar-din-alba-iulia-la-festivalul-international-de-creatie-si-interpretare-ana-blandiana\\\/\",\"url\":\"https:\\\/\\\/urbeamea.ro\\\/albaiulia\\\/foto-premii-pentru-elevi-de-la-national-militar-din-alba-iulia-la-festivalul-international-de-creatie-si-interpretare-ana-blandiana\\\/\",\"name\":\"FOTO: Premii pentru elevi de la Na\u0163ional Militar din Alba Iulia, la Festivalul Interna\u0163ional de Crea\u0163ie \u015fi Interpretare \u201eAna Blandiana\u201d - Revista Urbea Mea - Revista de Alba\",\"isPartOf\":{\"@id\":\"https:\\\/\\\/urbeamea.ro\\\/albaiulia\\\/#website\"},\"primaryImageOfPage\":{\"@id\":\"https:\\\/\\\/urbeamea.ro\\\/albaiulia\\\/foto-premii-pentru-elevi-de-la-national-militar-din-alba-iulia-la-festivalul-international-de-creatie-si-interpretare-ana-blandiana\\\/#primaryimage\"},\"image\":{\"@id\":\"https:\\\/\\\/urbeamea.ro\\\/albaiulia\\\/foto-premii-pentru-elevi-de-la-national-militar-din-alba-iulia-la-festivalul-international-de-creatie-si-interpretare-ana-blandiana\\\/#primaryimage\"},\"thumbnailUrl\":\"https:\\\/\\\/urbeamea.ro\\\/albaiulia\\\/wp-content\\\/uploads\\\/2017\\\/05\\\/elevii-de-la-folk.jpg\",\"datePublished\":\"2017-05-11T07:57:04+00:00\",\"author\":{\"@id\":\"https:\\\/\\\/urbeamea.ro\\\/albaiulia\\\/#\\\/schema\\\/person\\\/9700d21fae21c4f038b0b56f4506264a\"},\"description\":\"Elevi de la Colegiul Na\u0163ional Militar din Alba Iulia au c\u00e2\u015ftigat premii \u015fi men\u0163iuni, la Festivalul Na\u021bional de Crea\u021bie \u0219i Interpretare ,,Ana Blandiana\u201d\",\"breadcrumb\":{\"@id\":\"https:\\\/\\\/urbeamea.ro\\\/albaiulia\\\/foto-premii-pentru-elevi-de-la-national-militar-din-alba-iulia-la-festivalul-international-de-creatie-si-interpretare-ana-blandiana\\\/#breadcrumb\"},\"inLanguage\":\"ro-RO\",\"potentialAction\":[{\"@type\":\"ReadAction\",\"target\":[\"https:\\\/\\\/urbeamea.ro\\\/albaiulia\\\/foto-premii-pentru-elevi-de-la-national-militar-din-alba-iulia-la-festivalul-international-de-creatie-si-interpretare-ana-blandiana\\\/\"]}]},{\"@type\":\"ImageObject\",\"inLanguage\":\"ro-RO\",\"@id\":\"https:\\\/\\\/urbeamea.ro\\\/albaiulia\\\/foto-premii-pentru-elevi-de-la-national-militar-din-alba-iulia-la-festivalul-international-de-creatie-si-interpretare-ana-blandiana\\\/#primaryimage\",\"url\":\"https:\\\/\\\/urbeamea.ro\\\/albaiulia\\\/wp-content\\\/uploads\\\/2017\\\/05\\\/elevii-de-la-folk.jpg\",\"contentUrl\":\"https:\\\/\\\/urbeamea.ro\\\/albaiulia\\\/wp-content\\\/uploads\\\/2017\\\/05\\\/elevii-de-la-folk.jpg\",\"width\":800,\"height\":533},{\"@type\":\"BreadcrumbList\",\"@id\":\"https:\\\/\\\/urbeamea.ro\\\/albaiulia\\\/foto-premii-pentru-elevi-de-la-national-militar-din-alba-iulia-la-festivalul-international-de-creatie-si-interpretare-ana-blandiana\\\/#breadcrumb\",\"itemListElement\":[{\"@type\":\"ListItem\",\"position\":1,\"name\":\"Prima pagin\u0103\",\"item\":\"https:\\\/\\\/urbeamea.ro\\\/albaiulia\\\/\"},{\"@type\":\"ListItem\",\"position\":2,\"name\":\"FOTO: Premii pentru elevi de la Na\u0163ional Militar din Alba Iulia, la Festivalul Interna\u0163ional de Crea\u0163ie \u015fi Interpretare \u201eAna Blandiana\u201d\"}]},{\"@type\":\"WebSite\",\"@id\":\"https:\\\/\\\/urbeamea.ro\\\/albaiulia\\\/#website\",\"url\":\"https:\\\/\\\/urbeamea.ro\\\/albaiulia\\\/\",\"name\":\"Revista Urbea Mea, Stiri urbane\",\"description\":\"Evenimente \u0219i \u0219tiri din Alba Iulia, Sebe\u0219, Aiud, Blaj\",\"potentialAction\":[{\"@type\":\"SearchAction\",\"target\":{\"@type\":\"EntryPoint\",\"urlTemplate\":\"https:\\\/\\\/urbeamea.ro\\\/albaiulia\\\/?s={search_term_string}\"},\"query-input\":{\"@type\":\"PropertyValueSpecification\",\"valueRequired\":true,\"valueName\":\"search_term_string\"}}],\"inLanguage\":\"ro-RO\"},{\"@type\":\"Person\",\"@id\":\"https:\\\/\\\/urbeamea.ro\\\/albaiulia\\\/#\\\/schema\\\/person\\\/9700d21fae21c4f038b0b56f4506264a\",\"name\":\"Cristina Ganga\",\"image\":{\"@type\":\"ImageObject\",\"inLanguage\":\"ro-RO\",\"@id\":\"https:\\\/\\\/secure.gravatar.com\\\/avatar\\\/5a67661041f057b4a8ccaf26f5a8e86e2689372006d01faf3dd9eeb10b654bb4?s=96&d=mm&r=g\",\"url\":\"https:\\\/\\\/secure.gravatar.com\\\/avatar\\\/5a67661041f057b4a8ccaf26f5a8e86e2689372006d01faf3dd9eeb10b654bb4?s=96&d=mm&r=g\",\"contentUrl\":\"https:\\\/\\\/secure.gravatar.com\\\/avatar\\\/5a67661041f057b4a8ccaf26f5a8e86e2689372006d01faf3dd9eeb10b654bb4?s=96&d=mm&r=g\",\"caption\":\"Cristina Ganga\"},\"description\":\"Jurnalist\",\"sameAs\":[\"https:\\\/\\\/www.facebook.com\\\/cristina.nicola.587\"],\"url\":\"https:\\\/\\\/urbeamea.ro\\\/albaiulia\\\/author\\\/cristina-nicola\\\/\"}]}<\/script>\n<!-- \/ Yoast SEO plugin. -->","yoast_head_json":{"title":"FOTO: Premii pentru elevi de la Na\u0163ional Militar din Alba Iulia, la Festivalul Interna\u0163ional de Crea\u0163ie \u015fi Interpretare \u201eAna Blandiana\u201d - Revista Urbea Mea - Revista de Alba","description":"Elevi de la Colegiul Na\u0163ional Militar din Alba Iulia au c\u00e2\u015ftigat premii \u015fi men\u0163iuni, la Festivalul Na\u021bional de Crea\u021bie \u0219i Interpretare ,,Ana Blandiana\u201d","robots":{"index":"index","follow":"follow","max-snippet":"max-snippet:-1","max-image-preview":"max-image-preview:large","max-video-preview":"max-video-preview:-1"},"canonical":"https:\/\/urbeamea.ro\/albaiulia\/foto-premii-pentru-elevi-de-la-national-militar-din-alba-iulia-la-festivalul-international-de-creatie-si-interpretare-ana-blandiana\/","twitter_card":"summary_large_image","twitter_title":"FOTO: Premii pentru elevi de la Na\u0163ional Militar din Alba Iulia, la Festivalul Interna\u0163ional de Crea\u0163ie \u015fi Interpretare \u201eAna Blandiana\u201d - Revista Urbea Mea - Revista de Alba","twitter_description":"Elevi de la Colegiul Na\u0163ional Militar din Alba Iulia au c\u00e2\u015ftigat premii \u015fi men\u0163iuni, la Festivalul Na\u021bional de Crea\u021bie \u0219i Interpretare ,,Ana Blandiana\u201d","twitter_image":"https:\/\/urbeamea.ro\/albaiulia\/wp-content\/uploads\/2017\/05\/elevii-de-la-folk.jpg","twitter_creator":"@urbeameaweb","twitter_site":"@urbeameaweb","schema":{"@context":"https:\/\/schema.org","@graph":[{"@type":"Article","@id":"https:\/\/urbeamea.ro\/albaiulia\/foto-premii-pentru-elevi-de-la-national-militar-din-alba-iulia-la-festivalul-international-de-creatie-si-interpretare-ana-blandiana\/#article","isPartOf":{"@id":"https:\/\/urbeamea.ro\/albaiulia\/foto-premii-pentru-elevi-de-la-national-militar-din-alba-iulia-la-festivalul-international-de-creatie-si-interpretare-ana-blandiana\/"},"author":{"name":"Cristina Ganga","@id":"https:\/\/urbeamea.ro\/albaiulia\/#\/schema\/person\/9700d21fae21c4f038b0b56f4506264a"},"headline":"FOTO: Premii pentru elevi de la Na\u0163ional Militar din Alba Iulia, la Festivalul Interna\u0163ional de Crea\u0163ie \u015fi Interpretare \u201eAna Blandiana\u201d","datePublished":"2017-05-11T07:57:04+00:00","mainEntityOfPage":{"@id":"https:\/\/urbeamea.ro\/albaiulia\/foto-premii-pentru-elevi-de-la-national-militar-din-alba-iulia-la-festivalul-international-de-creatie-si-interpretare-ana-blandiana\/"},"wordCount":161,"commentCount":0,"image":{"@id":"https:\/\/urbeamea.ro\/albaiulia\/foto-premii-pentru-elevi-de-la-national-militar-din-alba-iulia-la-festivalul-international-de-creatie-si-interpretare-ana-blandiana\/#primaryimage"},"thumbnailUrl":"https:\/\/urbeamea.ro\/albaiulia\/wp-content\/uploads\/2017\/05\/elevii-de-la-folk.jpg","keywords":["Alba Iulia","Br\u0103ila","colegiul national militar mihai viteazul","critica literara","elevi","festivalul national de creatie si interpretare ana blandiana","mentiuni","premii","sectiuni","stiri","Urbea Mea"],"articleSection":["Educa\u021bie"],"inLanguage":"ro-RO","potentialAction":[{"@type":"CommentAction","name":"Comment","target":["https:\/\/urbeamea.ro\/albaiulia\/foto-premii-pentru-elevi-de-la-national-militar-din-alba-iulia-la-festivalul-international-de-creatie-si-interpretare-ana-blandiana\/#respond"]}]},{"@type":"WebPage","@id":"https:\/\/urbeamea.ro\/albaiulia\/foto-premii-pentru-elevi-de-la-national-militar-din-alba-iulia-la-festivalul-international-de-creatie-si-interpretare-ana-blandiana\/","url":"https:\/\/urbeamea.ro\/albaiulia\/foto-premii-pentru-elevi-de-la-national-militar-din-alba-iulia-la-festivalul-international-de-creatie-si-interpretare-ana-blandiana\/","name":"FOTO: Premii pentru elevi de la Na\u0163ional Militar din Alba Iulia, la Festivalul Interna\u0163ional de Crea\u0163ie \u015fi Interpretare \u201eAna Blandiana\u201d - Revista Urbea Mea - Revista de Alba","isPartOf":{"@id":"https:\/\/urbeamea.ro\/albaiulia\/#website"},"primaryImageOfPage":{"@id":"https:\/\/urbeamea.ro\/albaiulia\/foto-premii-pentru-elevi-de-la-national-militar-din-alba-iulia-la-festivalul-international-de-creatie-si-interpretare-ana-blandiana\/#primaryimage"},"image":{"@id":"https:\/\/urbeamea.ro\/albaiulia\/foto-premii-pentru-elevi-de-la-national-militar-din-alba-iulia-la-festivalul-international-de-creatie-si-interpretare-ana-blandiana\/#primaryimage"},"thumbnailUrl":"https:\/\/urbeamea.ro\/albaiulia\/wp-content\/uploads\/2017\/05\/elevii-de-la-folk.jpg","datePublished":"2017-05-11T07:57:04+00:00","author":{"@id":"https:\/\/urbeamea.ro\/albaiulia\/#\/schema\/person\/9700d21fae21c4f038b0b56f4506264a"},"description":"Elevi de la Colegiul Na\u0163ional Militar din Alba Iulia au c\u00e2\u015ftigat premii \u015fi men\u0163iuni, la Festivalul Na\u021bional de Crea\u021bie \u0219i Interpretare ,,Ana Blandiana\u201d","breadcrumb":{"@id":"https:\/\/urbeamea.ro\/albaiulia\/foto-premii-pentru-elevi-de-la-national-militar-din-alba-iulia-la-festivalul-international-de-creatie-si-interpretare-ana-blandiana\/#breadcrumb"},"inLanguage":"ro-RO","potentialAction":[{"@type":"ReadAction","target":["https:\/\/urbeamea.ro\/albaiulia\/foto-premii-pentru-elevi-de-la-national-militar-din-alba-iulia-la-festivalul-international-de-creatie-si-interpretare-ana-blandiana\/"]}]},{"@type":"ImageObject","inLanguage":"ro-RO","@id":"https:\/\/urbeamea.ro\/albaiulia\/foto-premii-pentru-elevi-de-la-national-militar-din-alba-iulia-la-festivalul-international-de-creatie-si-interpretare-ana-blandiana\/#primaryimage","url":"https:\/\/urbeamea.ro\/albaiulia\/wp-content\/uploads\/2017\/05\/elevii-de-la-folk.jpg","contentUrl":"https:\/\/urbeamea.ro\/albaiulia\/wp-content\/uploads\/2017\/05\/elevii-de-la-folk.jpg","width":800,"height":533},{"@type":"BreadcrumbList","@id":"https:\/\/urbeamea.ro\/albaiulia\/foto-premii-pentru-elevi-de-la-national-militar-din-alba-iulia-la-festivalul-international-de-creatie-si-interpretare-ana-blandiana\/#breadcrumb","itemListElement":[{"@type":"ListItem","position":1,"name":"Prima pagin\u0103","item":"https:\/\/urbeamea.ro\/albaiulia\/"},{"@type":"ListItem","position":2,"name":"FOTO: Premii pentru elevi de la Na\u0163ional Militar din Alba Iulia, la Festivalul Interna\u0163ional de Crea\u0163ie \u015fi Interpretare \u201eAna Blandiana\u201d"}]},{"@type":"WebSite","@id":"https:\/\/urbeamea.ro\/albaiulia\/#website","url":"https:\/\/urbeamea.ro\/albaiulia\/","name":"Revista Urbea Mea, Stiri urbane","description":"Evenimente \u0219i \u0219tiri din Alba Iulia, Sebe\u0219, Aiud, Blaj","potentialAction":[{"@type":"SearchAction","target":{"@type":"EntryPoint","urlTemplate":"https:\/\/urbeamea.ro\/albaiulia\/?s={search_term_string}"},"query-input":{"@type":"PropertyValueSpecification","valueRequired":true,"valueName":"search_term_string"}}],"inLanguage":"ro-RO"},{"@type":"Person","@id":"https:\/\/urbeamea.ro\/albaiulia\/#\/schema\/person\/9700d21fae21c4f038b0b56f4506264a","name":"Cristina Ganga","image":{"@type":"ImageObject","inLanguage":"ro-RO","@id":"https:\/\/secure.gravatar.com\/avatar\/5a67661041f057b4a8ccaf26f5a8e86e2689372006d01faf3dd9eeb10b654bb4?s=96&d=mm&r=g","url":"https:\/\/secure.gravatar.com\/avatar\/5a67661041f057b4a8ccaf26f5a8e86e2689372006d01faf3dd9eeb10b654bb4?s=96&d=mm&r=g","contentUrl":"https:\/\/secure.gravatar.com\/avatar\/5a67661041f057b4a8ccaf26f5a8e86e2689372006d01faf3dd9eeb10b654bb4?s=96&d=mm&r=g","caption":"Cristina Ganga"},"description":"Jurnalist","sameAs":["https:\/\/www.facebook.com\/cristina.nicola.587"],"url":"https:\/\/urbeamea.ro\/albaiulia\/author\/cristina-nicola\/"}]}},"_links":{"self":[{"href":"https:\/\/urbeamea.ro\/albaiulia\/wp-json\/wp\/v2\/posts\/44479","targetHints":{"allow":["GET"]}}],"collection":[{"href":"https:\/\/urbeamea.ro\/albaiulia\/wp-json\/wp\/v2\/posts"}],"about":[{"href":"https:\/\/urbeamea.ro\/albaiulia\/wp-json\/wp\/v2\/types\/post"}],"author":[{"embeddable":true,"href":"https:\/\/urbeamea.ro\/albaiulia\/wp-json\/wp\/v2\/users\/17"}],"replies":[{"embeddable":true,"href":"https:\/\/urbeamea.ro\/albaiulia\/wp-json\/wp\/v2\/comments?post=44479"}],"version-history":[{"count":0,"href":"https:\/\/urbeamea.ro\/albaiulia\/wp-json\/wp\/v2\/posts\/44479\/revisions"}],"wp:featuredmedia":[{"embeddable":true,"href":"https:\/\/urbeamea.ro\/albaiulia\/wp-json\/wp\/v2\/media\/44480"}],"wp:attachment":[{"href":"https:\/\/urbeamea.ro\/albaiulia\/wp-json\/wp\/v2\/media?parent=44479"}],"wp:term":[{"taxonomy":"category","embeddable":true,"href":"https:\/\/urbeamea.ro\/albaiulia\/wp-json\/wp\/v2\/categories?post=44479"},{"taxonomy":"post_tag","embeddable":true,"href":"https:\/\/urbeamea.ro\/albaiulia\/wp-json\/wp\/v2\/tags?post=44479"}],"curies":[{"name":"wp","href":"https:\/\/api.w.org\/{rel}","templated":true}]}}