{"id":44842,"date":"2017-05-14T20:21:40","date_gmt":"2017-05-14T17:21:40","guid":{"rendered":"http:\/\/urbeamea.ro\/albaiulia\/?p=44842"},"modified":"2017-05-14T20:21:40","modified_gmt":"2017-05-14T17:21:40","slug":"foto-amenzi-de-peste-77-000-lei-si-bunuri-confiscate-in-urma-actiunilor-de-weekend-ale-politistilor-din-alba","status":"publish","type":"post","link":"https:\/\/urbeamea.ro\/albaiulia\/foto-amenzi-de-peste-77-000-lei-si-bunuri-confiscate-in-urma-actiunilor-de-weekend-ale-politistilor-din-alba\/","title":{"rendered":"FOTO: Amenzi de peste 77.000 lei \u0219i bunuri confiscate \u00een urma ac\u0163iunilor de weekend ale poli\u0163i\u015ftilor din Alba"},"content":{"rendered":"<p align=\"JUSTIFY\"><strong><span lang=\"ro-RO\">\u00cen perioada <\/span><span lang=\"ro-RO\">12 \u2013 14 mai, poli\u0163i\u015ftii din jude\u0163ul Alba ac\u0163ioneaz\u0103, \u00een sistem integrat, \u00een baza unui plan elaborat la nivel na\u0163ional. S\u00e2mb\u0103t\u0103, 13 mai, 200 de poli\u0163i\u015fti au desf\u0103\u015furat 8 ac\u0163iuni punctuale \u015fi au constatat 19 infrac\u021biuni \u015fi 285 de abateri contraven\u0163ionale ce au fost sanc\u0163ionate cu amenzi \u00een valoare de 77.060 lei. <\/span><\/strong><\/p>\n<p align=\"JUSTIFY\"><span lang=\"ro-RO\">\u00cen cursul zilei de s\u00e2mb\u0103t\u0103, 13 mai, poli\u0163i\u015ftii Inspectoratului de Poli\u0163ie Jude\u0163ean Alba, din structurile de ordine public\u0103, poli\u0163ie rutier\u0103, investiga\u0163ii criminale, investigare a criminalit\u0103\u0163ii economice, arme, explozivi \u015fi substan\u0163e periculoase \u015fi lupt\u0103tori ai Serviciului pentru Ac\u021biuni Speciale, sprijini\u0163i de jandarmi din cadrul Inspectoratului Jude\u0163ean de Jandarmi Alba, au continuat ac\u0163iunile cu efective m\u0103rite, pentru cre\u015fterea siguran\u0163ei cet\u0103\u0163enilor. <\/span><\/p>\n<p align=\"JUSTIFY\"><span lang=\"ro-RO\">Astfel, au fost organizate 8 ac\u0163iuni \u015fi controale, \u00een scopul prevenirii \u015fi combaterii infrac\u0163iunilor \u015fi pentru cre\u015fterea siguran\u0163ei traficului rutier. <\/span><\/p>\n<p align=\"JUSTIFY\"><span lang=\"ro-RO\">\u00cen urma acestor ac\u0163iuni, poli\u021bi\u0219tii au constatat 19 infrac\u0163iuni dintre care una de natur\u0103 judiciar\u0103, dou\u0103 de natur\u0103 economic\u0103, 3 la regimul armelor \u015fi al substan\u0163elor periculoase, 7 infrac\u0163iuni rutiere, 6 alte genuri de infrac\u0163iuni \u015fi 285 de abateri de natur\u0103 contraven\u0163ional\u0103 ce au fost sanc\u0163ionate cu amenzi \u00een valoare de 77.060 lei. <\/span><\/p>\n<p align=\"JUSTIFY\"><span lang=\"ro-RO\">Dintre abaterile contraven\u0163ionale, 51 au fost aplicate la Legea nr. 61\/1991, pentru sanc\u0163ionarea faptelor de \u00eenc\u0103lcare a normelor de convie\u0163uire social\u0103 \u015fi a lini\u015ftii publice, 173 la OUG 195\/2002, privind circula\u0163ia pe drumurile publice, 19 pentru \u00eenc\u0103lc\u0103ri ale normelor legale privind activit\u0103\u0163ile de natur\u0103 economic\u0103, 6 pentru nerespectarea normelor prev\u0103zute de Legea 333\/2003 privind paza obiectivelor, iar restul la alte acte normative. <\/span><\/p>\n<p align=\"JUSTIFY\"><span lang=\"ro-RO\">Dintre sanc\u0163iunile la regimul circula\u0163iei pe drumurile publice, 74 au fost aplicate pentru nerespectarea regimului legal de vitez\u0103, 6 pentru conducere sub influen\u0163a alcoolului, iar restul pentru alte abateri de la normele legale privind circula\u0163ia pe drumurile publice. <\/span><\/p>\n<p align=\"JUSTIFY\"><span lang=\"ro-RO\">Totodat\u0103 au fost re\u0163inute 14 permise de conducere, din care 6 pentru conducere sub influen\u0163a alcoolului \u015fi au fost retrase 6 certificate de \u00eenmatriculare. <\/span><\/p>\n<p align=\"JUSTIFY\"><span lang=\"ro-RO\">Poli\u0163i\u015ftii Serviciului Arme, Explozivi, Substan\u0163e Periculoase au indisponibilizat o arm\u0103 de v\u00e2n\u0103toare al c\u0103rei proprietar nu a respectat prevederile legale privind de\u0163inerea \u015fi au confiscat 41,6 kilograme de produse de protec\u0163ie a plantelor. <\/span><\/p>\n<p align=\"JUSTIFY\"><span lang=\"ro-RO\">Poli\u0163i\u015ftii de investiga\u0163ii criminale au f\u0103cut 7 verific\u0103ri la persoanele arestate la domiciliu, au dat \u00een urm\u0103rire dou\u0103 persoane \u015fi au pus \u00een executare dou\u0103 mandate de executare a pedepsei \u00eenchisorii. <\/span><\/p>\n<p align=\"JUSTIFY\"><span lang=\"ro-RO\">\u00cen urma controalelor efectuate la mai multe societ\u0103\u021bi comerciale, poli\u0163i\u015ftii de investigare a criminalit\u0103\u0163ii economice au constatat 2 infrac\u0163iuni, au aplicat 7 sanc\u0163iuni contraven\u0163ionale \u015fi au indisponibilizat bunuri \u00een valoare de 1.275 lei. <\/span><\/p>\n<p lang=\"ro-RO\" align=\"JUSTIFY\">Ac\u0163iunile cu efective m\u0103rite, \u00een sistem integrat, continu\u0103.<\/p>\n<div id='gallery-1' class='gallery galleryid-44842 gallery-columns-3 gallery-size-thumbnail'><figure class='gallery-item'>\n\t\t\t<div class='gallery-icon landscape'>\n\t\t\t\t<a href='https:\/\/urbeamea.ro\/albaiulia\/wp-content\/uploads\/2017\/05\/18470802_1488021287935157_1490747186_n.jpg'><img decoding=\"async\" width=\"150\" height=\"113\" src=\"data:image\/png;base64,iVBORw0KGgoAAAANSUhEUgAAAYYAAADcAQMAAABOLJSDAAAAA1BMVEUAAACnej3aAAAAAXRSTlMAQObYZgAAACJJREFUaIHtwTEBAAAAwqD1T20ND6AAAAAAAAAAAAAA4N8AKvgAAUFIrrEAAAAASUVORK5CYII=\" class=\"attachment-thumbnail size-thumbnail lazy-img\" alt=\"\" srcset=\"https:\/\/urbeamea.ro\/albaiulia\/wp-content\/uploads\/2017\/05\/18470802_1488021287935157_1490747186_n-150x113.jpg 150w, https:\/\/urbeamea.ro\/albaiulia\/wp-content\/uploads\/2017\/05\/18470802_1488021287935157_1490747186_n-640x480.jpg 640w, https:\/\/urbeamea.ro\/albaiulia\/wp-content\/uploads\/2017\/05\/18470802_1488021287935157_1490747186_n-768x576.jpg 768w, https:\/\/urbeamea.ro\/albaiulia\/wp-content\/uploads\/2017\/05\/18470802_1488021287935157_1490747186_n.jpg 854w\" sizes=\"auto, (max-width: 150px) 100vw, 150px\" data-src=\"https:\/\/urbeamea.ro\/albaiulia\/wp-content\/uploads\/2017\/05\/18470802_1488021287935157_1490747186_n-150x113.jpg\" loading=\"lazy\" \/><\/a>\n\t\t\t<\/div><\/figure><figure class='gallery-item'>\n\t\t\t<div class='gallery-icon landscape'>\n\t\t\t\t<a href='https:\/\/urbeamea.ro\/albaiulia\/wp-content\/uploads\/2017\/05\/18518491_1488021217935164_659022727_n.jpg'><img decoding=\"async\" width=\"150\" height=\"113\" src=\"data:image\/png;base64,iVBORw0KGgoAAAANSUhEUgAAAYYAAADcAQMAAABOLJSDAAAAA1BMVEUAAACnej3aAAAAAXRSTlMAQObYZgAAACJJREFUaIHtwTEBAAAAwqD1T20ND6AAAAAAAAAAAAAA4N8AKvgAAUFIrrEAAAAASUVORK5CYII=\" class=\"attachment-thumbnail size-thumbnail lazy-img\" alt=\"\" srcset=\"https:\/\/urbeamea.ro\/albaiulia\/wp-content\/uploads\/2017\/05\/18518491_1488021217935164_659022727_n-150x113.jpg 150w, https:\/\/urbeamea.ro\/albaiulia\/wp-content\/uploads\/2017\/05\/18518491_1488021217935164_659022727_n-640x480.jpg 640w, https:\/\/urbeamea.ro\/albaiulia\/wp-content\/uploads\/2017\/05\/18518491_1488021217935164_659022727_n-768x576.jpg 768w, https:\/\/urbeamea.ro\/albaiulia\/wp-content\/uploads\/2017\/05\/18518491_1488021217935164_659022727_n.jpg 854w\" sizes=\"auto, (max-width: 150px) 100vw, 150px\" data-src=\"https:\/\/urbeamea.ro\/albaiulia\/wp-content\/uploads\/2017\/05\/18518491_1488021217935164_659022727_n-150x113.jpg\" loading=\"lazy\" \/><\/a>\n\t\t\t<\/div><\/figure><figure class='gallery-item'>\n\t\t\t<div class='gallery-icon landscape'>\n\t\t\t\t<a href='https:\/\/urbeamea.ro\/albaiulia\/wp-content\/uploads\/2017\/05\/18518577_1488021207935165_1618277827_n-1.jpg'><img decoding=\"async\" width=\"150\" height=\"113\" src=\"data:image\/png;base64,iVBORw0KGgoAAAANSUhEUgAAAYYAAADcAQMAAABOLJSDAAAAA1BMVEUAAACnej3aAAAAAXRSTlMAQObYZgAAACJJREFUaIHtwTEBAAAAwqD1T20ND6AAAAAAAAAAAAAA4N8AKvgAAUFIrrEAAAAASUVORK5CYII=\" class=\"attachment-thumbnail size-thumbnail lazy-img\" alt=\"\" srcset=\"https:\/\/urbeamea.ro\/albaiulia\/wp-content\/uploads\/2017\/05\/18518577_1488021207935165_1618277827_n-1-150x113.jpg 150w, https:\/\/urbeamea.ro\/albaiulia\/wp-content\/uploads\/2017\/05\/18518577_1488021207935165_1618277827_n-1-640x480.jpg 640w, https:\/\/urbeamea.ro\/albaiulia\/wp-content\/uploads\/2017\/05\/18518577_1488021207935165_1618277827_n-1-768x576.jpg 768w, https:\/\/urbeamea.ro\/albaiulia\/wp-content\/uploads\/2017\/05\/18518577_1488021207935165_1618277827_n-1.jpg 854w\" sizes=\"auto, (max-width: 150px) 100vw, 150px\" data-src=\"https:\/\/urbeamea.ro\/albaiulia\/wp-content\/uploads\/2017\/05\/18518577_1488021207935165_1618277827_n-1-150x113.jpg\" loading=\"lazy\" \/><\/a>\n\t\t\t<\/div><\/figure><figure class='gallery-item'>\n\t\t\t<div class='gallery-icon landscape'>\n\t\t\t\t<a href='https:\/\/urbeamea.ro\/albaiulia\/wp-content\/uploads\/2017\/05\/18518891_1488021251268494_1617816771_n.jpg'><img decoding=\"async\" width=\"150\" height=\"113\" src=\"data:image\/png;base64,iVBORw0KGgoAAAANSUhEUgAAAYYAAADcAQMAAABOLJSDAAAAA1BMVEUAAACnej3aAAAAAXRSTlMAQObYZgAAACJJREFUaIHtwTEBAAAAwqD1T20ND6AAAAAAAAAAAAAA4N8AKvgAAUFIrrEAAAAASUVORK5CYII=\" class=\"attachment-thumbnail size-thumbnail lazy-img\" alt=\"\" srcset=\"https:\/\/urbeamea.ro\/albaiulia\/wp-content\/uploads\/2017\/05\/18518891_1488021251268494_1617816771_n-150x113.jpg 150w, https:\/\/urbeamea.ro\/albaiulia\/wp-content\/uploads\/2017\/05\/18518891_1488021251268494_1617816771_n-640x480.jpg 640w, https:\/\/urbeamea.ro\/albaiulia\/wp-content\/uploads\/2017\/05\/18518891_1488021251268494_1617816771_n-768x576.jpg 768w, https:\/\/urbeamea.ro\/albaiulia\/wp-content\/uploads\/2017\/05\/18518891_1488021251268494_1617816771_n.jpg 854w\" sizes=\"auto, (max-width: 150px) 100vw, 150px\" data-src=\"https:\/\/urbeamea.ro\/albaiulia\/wp-content\/uploads\/2017\/05\/18518891_1488021251268494_1617816771_n-150x113.jpg\" loading=\"lazy\" \/><\/a>\n\t\t\t<\/div><\/figure>\n\t\t<\/div>\n\n","protected":false},"excerpt":{"rendered":"<p>\u00cen perioada 12 \u2013 14 mai, poli\u0163i\u015ftii din jude\u0163ul Alba ac\u0163ioneaz\u0103, \u00een sistem integrat, \u00een baza unui plan elaborat la nivel na\u0163ional. S\u00e2mb\u0103t\u0103, 13 mai, 200 de poli\u0163i\u015fti au desf\u0103\u015furat 8 ac\u0163iuni punctuale \u015fi au constatat 19 infrac\u021biuni \u015fi 285 de abateri contraven\u0163ionale ce au fost sanc\u0163ionate cu amenzi \u00een valoare de 77.060 lei. \u00cen &hellip;<\/p>\n","protected":false},"author":17,"featured_media":44844,"comment_status":"open","ping_status":"open","sticky":false,"template":"","format":"standard","meta":{"inline_featured_image":false,"footnotes":""},"categories":[2034],"tags":[3210,666,10980,307,2292,460,1116,2417,458,308,76],"class_list":["post-44842","post","type-post","status-publish","format-standard","has-post-thumbnail","hentry","category-social","tag-abateri-contraventionale","tag-actiune","tag-actiuni-punctuale","tag-alba","tag-amenzi","tag-circulatie","tag-drumuri-publice","tag-infractiuni","tag-politisti","tag-stiri","tag-urbea-mea"],"yoast_head":"<!-- This site is optimized with the Yoast SEO plugin v28.3 - https:\/\/yoast.com\/product\/yoast-seo-wordpress\/ -->\n<title>FOTO: Amenzi de peste 77.000 lei \u0219i bunuri confiscate \u00een urma ac\u0163iunilor de weekend ale poli\u0163i\u015ftilor din Alba - Revista Urbea Mea - Revista de Alba<\/title>\n<meta name=\"description\" content=\"\u00cen perioada 12 \u2013 14 mai, poli\u0163i\u015ftii din jude\u0163ul Alba ac\u0163ioneaz\u0103, \u00een sistem integrat, \u00een baza unui plan elaborat la nivel na\u0163ional. S\u00e2mb\u0103t\u0103, 13 mai, 200 de\" \/>\n<meta name=\"robots\" content=\"index, follow, max-snippet:-1, max-image-preview:large, max-video-preview:-1\" \/>\n<link rel=\"canonical\" href=\"https:\/\/urbeamea.ro\/albaiulia\/foto-amenzi-de-peste-77-000-lei-si-bunuri-confiscate-in-urma-actiunilor-de-weekend-ale-politistilor-din-alba\/\" \/>\n<meta name=\"twitter:card\" content=\"summary_large_image\" \/>\n<meta name=\"twitter:title\" content=\"FOTO: Amenzi de peste 77.000 lei \u0219i bunuri confiscate \u00een urma ac\u0163iunilor de weekend ale poli\u0163i\u015ftilor din Alba - Revista Urbea Mea - Revista de Alba\" \/>\n<meta name=\"twitter:description\" content=\"\u00cen perioada 12 \u2013 14 mai, poli\u0163i\u015ftii din jude\u0163ul Alba ac\u0163ioneaz\u0103, \u00een sistem integrat, \u00een baza unui plan elaborat la nivel na\u0163ional. S\u00e2mb\u0103t\u0103, 13 mai, 200 de\" \/>\n<meta name=\"twitter:image\" content=\"https:\/\/urbeamea.ro\/albaiulia\/wp-content\/uploads\/2017\/05\/18518491_1488021217935164_659022727_n.jpg\" \/>\n<meta name=\"twitter:creator\" content=\"@urbeameaweb\" \/>\n<meta name=\"twitter:site\" content=\"@urbeameaweb\" \/>\n<script type=\"application\/ld+json\" class=\"yoast-schema-graph\">{\"@context\":\"https:\\\/\\\/schema.org\",\"@graph\":[{\"@type\":\"Article\",\"@id\":\"https:\\\/\\\/urbeamea.ro\\\/albaiulia\\\/foto-amenzi-de-peste-77-000-lei-si-bunuri-confiscate-in-urma-actiunilor-de-weekend-ale-politistilor-din-alba\\\/#article\",\"isPartOf\":{\"@id\":\"https:\\\/\\\/urbeamea.ro\\\/albaiulia\\\/foto-amenzi-de-peste-77-000-lei-si-bunuri-confiscate-in-urma-actiunilor-de-weekend-ale-politistilor-din-alba\\\/\"},\"author\":{\"name\":\"Cristina Ganga\",\"@id\":\"https:\\\/\\\/urbeamea.ro\\\/albaiulia\\\/#\\\/schema\\\/person\\\/9700d21fae21c4f038b0b56f4506264a\"},\"headline\":\"FOTO: Amenzi de peste 77.000 lei \u0219i bunuri confiscate \u00een urma ac\u0163iunilor de weekend ale poli\u0163i\u015ftilor din Alba\",\"datePublished\":\"2017-05-14T17:21:40+00:00\",\"mainEntityOfPage\":{\"@id\":\"https:\\\/\\\/urbeamea.ro\\\/albaiulia\\\/foto-amenzi-de-peste-77-000-lei-si-bunuri-confiscate-in-urma-actiunilor-de-weekend-ale-politistilor-din-alba\\\/\"},\"wordCount\":489,\"commentCount\":0,\"image\":{\"@id\":\"https:\\\/\\\/urbeamea.ro\\\/albaiulia\\\/foto-amenzi-de-peste-77-000-lei-si-bunuri-confiscate-in-urma-actiunilor-de-weekend-ale-politistilor-din-alba\\\/#primaryimage\"},\"thumbnailUrl\":\"https:\\\/\\\/urbeamea.ro\\\/albaiulia\\\/wp-content\\\/uploads\\\/2017\\\/05\\\/18518491_1488021217935164_659022727_n.jpg\",\"keywords\":[\"abateri contraventionale\",\"actiune\",\"actiuni punctuale\",\"alba\",\"amenzi\",\"circulatie\",\"drumuri publice\",\"infractiuni\",\"politisti\",\"stiri\",\"Urbea Mea\"],\"articleSection\":[\"Social\"],\"inLanguage\":\"ro-RO\",\"potentialAction\":[{\"@type\":\"CommentAction\",\"name\":\"Comment\",\"target\":[\"https:\\\/\\\/urbeamea.ro\\\/albaiulia\\\/foto-amenzi-de-peste-77-000-lei-si-bunuri-confiscate-in-urma-actiunilor-de-weekend-ale-politistilor-din-alba\\\/#respond\"]}]},{\"@type\":\"WebPage\",\"@id\":\"https:\\\/\\\/urbeamea.ro\\\/albaiulia\\\/foto-amenzi-de-peste-77-000-lei-si-bunuri-confiscate-in-urma-actiunilor-de-weekend-ale-politistilor-din-alba\\\/\",\"url\":\"https:\\\/\\\/urbeamea.ro\\\/albaiulia\\\/foto-amenzi-de-peste-77-000-lei-si-bunuri-confiscate-in-urma-actiunilor-de-weekend-ale-politistilor-din-alba\\\/\",\"name\":\"FOTO: Amenzi de peste 77.000 lei \u0219i bunuri confiscate \u00een urma ac\u0163iunilor de weekend ale poli\u0163i\u015ftilor din Alba - Revista Urbea Mea - Revista de Alba\",\"isPartOf\":{\"@id\":\"https:\\\/\\\/urbeamea.ro\\\/albaiulia\\\/#website\"},\"primaryImageOfPage\":{\"@id\":\"https:\\\/\\\/urbeamea.ro\\\/albaiulia\\\/foto-amenzi-de-peste-77-000-lei-si-bunuri-confiscate-in-urma-actiunilor-de-weekend-ale-politistilor-din-alba\\\/#primaryimage\"},\"image\":{\"@id\":\"https:\\\/\\\/urbeamea.ro\\\/albaiulia\\\/foto-amenzi-de-peste-77-000-lei-si-bunuri-confiscate-in-urma-actiunilor-de-weekend-ale-politistilor-din-alba\\\/#primaryimage\"},\"thumbnailUrl\":\"https:\\\/\\\/urbeamea.ro\\\/albaiulia\\\/wp-content\\\/uploads\\\/2017\\\/05\\\/18518491_1488021217935164_659022727_n.jpg\",\"datePublished\":\"2017-05-14T17:21:40+00:00\",\"author\":{\"@id\":\"https:\\\/\\\/urbeamea.ro\\\/albaiulia\\\/#\\\/schema\\\/person\\\/9700d21fae21c4f038b0b56f4506264a\"},\"description\":\"\u00cen perioada 12 \u2013 14 mai, poli\u0163i\u015ftii din jude\u0163ul Alba ac\u0163ioneaz\u0103, \u00een sistem integrat, \u00een baza unui plan elaborat la nivel na\u0163ional. S\u00e2mb\u0103t\u0103, 13 mai, 200 de\",\"breadcrumb\":{\"@id\":\"https:\\\/\\\/urbeamea.ro\\\/albaiulia\\\/foto-amenzi-de-peste-77-000-lei-si-bunuri-confiscate-in-urma-actiunilor-de-weekend-ale-politistilor-din-alba\\\/#breadcrumb\"},\"inLanguage\":\"ro-RO\",\"potentialAction\":[{\"@type\":\"ReadAction\",\"target\":[\"https:\\\/\\\/urbeamea.ro\\\/albaiulia\\\/foto-amenzi-de-peste-77-000-lei-si-bunuri-confiscate-in-urma-actiunilor-de-weekend-ale-politistilor-din-alba\\\/\"]}]},{\"@type\":\"ImageObject\",\"inLanguage\":\"ro-RO\",\"@id\":\"https:\\\/\\\/urbeamea.ro\\\/albaiulia\\\/foto-amenzi-de-peste-77-000-lei-si-bunuri-confiscate-in-urma-actiunilor-de-weekend-ale-politistilor-din-alba\\\/#primaryimage\",\"url\":\"https:\\\/\\\/urbeamea.ro\\\/albaiulia\\\/wp-content\\\/uploads\\\/2017\\\/05\\\/18518491_1488021217935164_659022727_n.jpg\",\"contentUrl\":\"https:\\\/\\\/urbeamea.ro\\\/albaiulia\\\/wp-content\\\/uploads\\\/2017\\\/05\\\/18518491_1488021217935164_659022727_n.jpg\",\"width\":854,\"height\":641},{\"@type\":\"BreadcrumbList\",\"@id\":\"https:\\\/\\\/urbeamea.ro\\\/albaiulia\\\/foto-amenzi-de-peste-77-000-lei-si-bunuri-confiscate-in-urma-actiunilor-de-weekend-ale-politistilor-din-alba\\\/#breadcrumb\",\"itemListElement\":[{\"@type\":\"ListItem\",\"position\":1,\"name\":\"Prima pagin\u0103\",\"item\":\"https:\\\/\\\/urbeamea.ro\\\/albaiulia\\\/\"},{\"@type\":\"ListItem\",\"position\":2,\"name\":\"FOTO: Amenzi de peste 77.000 lei \u0219i bunuri confiscate \u00een urma ac\u0163iunilor de weekend ale poli\u0163i\u015ftilor din Alba\"}]},{\"@type\":\"WebSite\",\"@id\":\"https:\\\/\\\/urbeamea.ro\\\/albaiulia\\\/#website\",\"url\":\"https:\\\/\\\/urbeamea.ro\\\/albaiulia\\\/\",\"name\":\"Revista Urbea Mea, Stiri urbane\",\"description\":\"Evenimente \u0219i \u0219tiri din Alba Iulia, Sebe\u0219, Aiud, Blaj\",\"potentialAction\":[{\"@type\":\"SearchAction\",\"target\":{\"@type\":\"EntryPoint\",\"urlTemplate\":\"https:\\\/\\\/urbeamea.ro\\\/albaiulia\\\/?s={search_term_string}\"},\"query-input\":{\"@type\":\"PropertyValueSpecification\",\"valueRequired\":true,\"valueName\":\"search_term_string\"}}],\"inLanguage\":\"ro-RO\"},{\"@type\":\"Person\",\"@id\":\"https:\\\/\\\/urbeamea.ro\\\/albaiulia\\\/#\\\/schema\\\/person\\\/9700d21fae21c4f038b0b56f4506264a\",\"name\":\"Cristina Ganga\",\"image\":{\"@type\":\"ImageObject\",\"inLanguage\":\"ro-RO\",\"@id\":\"https:\\\/\\\/secure.gravatar.com\\\/avatar\\\/5a67661041f057b4a8ccaf26f5a8e86e2689372006d01faf3dd9eeb10b654bb4?s=96&d=mm&r=g\",\"url\":\"https:\\\/\\\/secure.gravatar.com\\\/avatar\\\/5a67661041f057b4a8ccaf26f5a8e86e2689372006d01faf3dd9eeb10b654bb4?s=96&d=mm&r=g\",\"contentUrl\":\"https:\\\/\\\/secure.gravatar.com\\\/avatar\\\/5a67661041f057b4a8ccaf26f5a8e86e2689372006d01faf3dd9eeb10b654bb4?s=96&d=mm&r=g\",\"caption\":\"Cristina Ganga\"},\"description\":\"Jurnalist\",\"sameAs\":[\"https:\\\/\\\/www.facebook.com\\\/cristina.nicola.587\"],\"url\":\"https:\\\/\\\/urbeamea.ro\\\/albaiulia\\\/author\\\/cristina-nicola\\\/\"}]}<\/script>\n<!-- \/ Yoast SEO plugin. -->","yoast_head_json":{"title":"FOTO: Amenzi de peste 77.000 lei \u0219i bunuri confiscate \u00een urma ac\u0163iunilor de weekend ale poli\u0163i\u015ftilor din Alba - Revista Urbea Mea - Revista de Alba","description":"\u00cen perioada 12 \u2013 14 mai, poli\u0163i\u015ftii din jude\u0163ul Alba ac\u0163ioneaz\u0103, \u00een sistem integrat, \u00een baza unui plan elaborat la nivel na\u0163ional. S\u00e2mb\u0103t\u0103, 13 mai, 200 de","robots":{"index":"index","follow":"follow","max-snippet":"max-snippet:-1","max-image-preview":"max-image-preview:large","max-video-preview":"max-video-preview:-1"},"canonical":"https:\/\/urbeamea.ro\/albaiulia\/foto-amenzi-de-peste-77-000-lei-si-bunuri-confiscate-in-urma-actiunilor-de-weekend-ale-politistilor-din-alba\/","twitter_card":"summary_large_image","twitter_title":"FOTO: Amenzi de peste 77.000 lei \u0219i bunuri confiscate \u00een urma ac\u0163iunilor de weekend ale poli\u0163i\u015ftilor din Alba - Revista Urbea Mea - Revista de Alba","twitter_description":"\u00cen perioada 12 \u2013 14 mai, poli\u0163i\u015ftii din jude\u0163ul Alba ac\u0163ioneaz\u0103, \u00een sistem integrat, \u00een baza unui plan elaborat la nivel na\u0163ional. S\u00e2mb\u0103t\u0103, 13 mai, 200 de","twitter_image":"https:\/\/urbeamea.ro\/albaiulia\/wp-content\/uploads\/2017\/05\/18518491_1488021217935164_659022727_n.jpg","twitter_creator":"@urbeameaweb","twitter_site":"@urbeameaweb","schema":{"@context":"https:\/\/schema.org","@graph":[{"@type":"Article","@id":"https:\/\/urbeamea.ro\/albaiulia\/foto-amenzi-de-peste-77-000-lei-si-bunuri-confiscate-in-urma-actiunilor-de-weekend-ale-politistilor-din-alba\/#article","isPartOf":{"@id":"https:\/\/urbeamea.ro\/albaiulia\/foto-amenzi-de-peste-77-000-lei-si-bunuri-confiscate-in-urma-actiunilor-de-weekend-ale-politistilor-din-alba\/"},"author":{"name":"Cristina Ganga","@id":"https:\/\/urbeamea.ro\/albaiulia\/#\/schema\/person\/9700d21fae21c4f038b0b56f4506264a"},"headline":"FOTO: Amenzi de peste 77.000 lei \u0219i bunuri confiscate \u00een urma ac\u0163iunilor de weekend ale poli\u0163i\u015ftilor din Alba","datePublished":"2017-05-14T17:21:40+00:00","mainEntityOfPage":{"@id":"https:\/\/urbeamea.ro\/albaiulia\/foto-amenzi-de-peste-77-000-lei-si-bunuri-confiscate-in-urma-actiunilor-de-weekend-ale-politistilor-din-alba\/"},"wordCount":489,"commentCount":0,"image":{"@id":"https:\/\/urbeamea.ro\/albaiulia\/foto-amenzi-de-peste-77-000-lei-si-bunuri-confiscate-in-urma-actiunilor-de-weekend-ale-politistilor-din-alba\/#primaryimage"},"thumbnailUrl":"https:\/\/urbeamea.ro\/albaiulia\/wp-content\/uploads\/2017\/05\/18518491_1488021217935164_659022727_n.jpg","keywords":["abateri contraventionale","actiune","actiuni punctuale","alba","amenzi","circulatie","drumuri publice","infractiuni","politisti","stiri","Urbea Mea"],"articleSection":["Social"],"inLanguage":"ro-RO","potentialAction":[{"@type":"CommentAction","name":"Comment","target":["https:\/\/urbeamea.ro\/albaiulia\/foto-amenzi-de-peste-77-000-lei-si-bunuri-confiscate-in-urma-actiunilor-de-weekend-ale-politistilor-din-alba\/#respond"]}]},{"@type":"WebPage","@id":"https:\/\/urbeamea.ro\/albaiulia\/foto-amenzi-de-peste-77-000-lei-si-bunuri-confiscate-in-urma-actiunilor-de-weekend-ale-politistilor-din-alba\/","url":"https:\/\/urbeamea.ro\/albaiulia\/foto-amenzi-de-peste-77-000-lei-si-bunuri-confiscate-in-urma-actiunilor-de-weekend-ale-politistilor-din-alba\/","name":"FOTO: Amenzi de peste 77.000 lei \u0219i bunuri confiscate \u00een urma ac\u0163iunilor de weekend ale poli\u0163i\u015ftilor din Alba - Revista Urbea Mea - Revista de Alba","isPartOf":{"@id":"https:\/\/urbeamea.ro\/albaiulia\/#website"},"primaryImageOfPage":{"@id":"https:\/\/urbeamea.ro\/albaiulia\/foto-amenzi-de-peste-77-000-lei-si-bunuri-confiscate-in-urma-actiunilor-de-weekend-ale-politistilor-din-alba\/#primaryimage"},"image":{"@id":"https:\/\/urbeamea.ro\/albaiulia\/foto-amenzi-de-peste-77-000-lei-si-bunuri-confiscate-in-urma-actiunilor-de-weekend-ale-politistilor-din-alba\/#primaryimage"},"thumbnailUrl":"https:\/\/urbeamea.ro\/albaiulia\/wp-content\/uploads\/2017\/05\/18518491_1488021217935164_659022727_n.jpg","datePublished":"2017-05-14T17:21:40+00:00","author":{"@id":"https:\/\/urbeamea.ro\/albaiulia\/#\/schema\/person\/9700d21fae21c4f038b0b56f4506264a"},"description":"\u00cen perioada 12 \u2013 14 mai, poli\u0163i\u015ftii din jude\u0163ul Alba ac\u0163ioneaz\u0103, \u00een sistem integrat, \u00een baza unui plan elaborat la nivel na\u0163ional. S\u00e2mb\u0103t\u0103, 13 mai, 200 de","breadcrumb":{"@id":"https:\/\/urbeamea.ro\/albaiulia\/foto-amenzi-de-peste-77-000-lei-si-bunuri-confiscate-in-urma-actiunilor-de-weekend-ale-politistilor-din-alba\/#breadcrumb"},"inLanguage":"ro-RO","potentialAction":[{"@type":"ReadAction","target":["https:\/\/urbeamea.ro\/albaiulia\/foto-amenzi-de-peste-77-000-lei-si-bunuri-confiscate-in-urma-actiunilor-de-weekend-ale-politistilor-din-alba\/"]}]},{"@type":"ImageObject","inLanguage":"ro-RO","@id":"https:\/\/urbeamea.ro\/albaiulia\/foto-amenzi-de-peste-77-000-lei-si-bunuri-confiscate-in-urma-actiunilor-de-weekend-ale-politistilor-din-alba\/#primaryimage","url":"https:\/\/urbeamea.ro\/albaiulia\/wp-content\/uploads\/2017\/05\/18518491_1488021217935164_659022727_n.jpg","contentUrl":"https:\/\/urbeamea.ro\/albaiulia\/wp-content\/uploads\/2017\/05\/18518491_1488021217935164_659022727_n.jpg","width":854,"height":641},{"@type":"BreadcrumbList","@id":"https:\/\/urbeamea.ro\/albaiulia\/foto-amenzi-de-peste-77-000-lei-si-bunuri-confiscate-in-urma-actiunilor-de-weekend-ale-politistilor-din-alba\/#breadcrumb","itemListElement":[{"@type":"ListItem","position":1,"name":"Prima pagin\u0103","item":"https:\/\/urbeamea.ro\/albaiulia\/"},{"@type":"ListItem","position":2,"name":"FOTO: Amenzi de peste 77.000 lei \u0219i bunuri confiscate \u00een urma ac\u0163iunilor de weekend ale poli\u0163i\u015ftilor din Alba"}]},{"@type":"WebSite","@id":"https:\/\/urbeamea.ro\/albaiulia\/#website","url":"https:\/\/urbeamea.ro\/albaiulia\/","name":"Revista Urbea Mea, Stiri urbane","description":"Evenimente \u0219i \u0219tiri din Alba Iulia, Sebe\u0219, Aiud, Blaj","potentialAction":[{"@type":"SearchAction","target":{"@type":"EntryPoint","urlTemplate":"https:\/\/urbeamea.ro\/albaiulia\/?s={search_term_string}"},"query-input":{"@type":"PropertyValueSpecification","valueRequired":true,"valueName":"search_term_string"}}],"inLanguage":"ro-RO"},{"@type":"Person","@id":"https:\/\/urbeamea.ro\/albaiulia\/#\/schema\/person\/9700d21fae21c4f038b0b56f4506264a","name":"Cristina Ganga","image":{"@type":"ImageObject","inLanguage":"ro-RO","@id":"https:\/\/secure.gravatar.com\/avatar\/5a67661041f057b4a8ccaf26f5a8e86e2689372006d01faf3dd9eeb10b654bb4?s=96&d=mm&r=g","url":"https:\/\/secure.gravatar.com\/avatar\/5a67661041f057b4a8ccaf26f5a8e86e2689372006d01faf3dd9eeb10b654bb4?s=96&d=mm&r=g","contentUrl":"https:\/\/secure.gravatar.com\/avatar\/5a67661041f057b4a8ccaf26f5a8e86e2689372006d01faf3dd9eeb10b654bb4?s=96&d=mm&r=g","caption":"Cristina Ganga"},"description":"Jurnalist","sameAs":["https:\/\/www.facebook.com\/cristina.nicola.587"],"url":"https:\/\/urbeamea.ro\/albaiulia\/author\/cristina-nicola\/"}]}},"_links":{"self":[{"href":"https:\/\/urbeamea.ro\/albaiulia\/wp-json\/wp\/v2\/posts\/44842","targetHints":{"allow":["GET"]}}],"collection":[{"href":"https:\/\/urbeamea.ro\/albaiulia\/wp-json\/wp\/v2\/posts"}],"about":[{"href":"https:\/\/urbeamea.ro\/albaiulia\/wp-json\/wp\/v2\/types\/post"}],"author":[{"embeddable":true,"href":"https:\/\/urbeamea.ro\/albaiulia\/wp-json\/wp\/v2\/users\/17"}],"replies":[{"embeddable":true,"href":"https:\/\/urbeamea.ro\/albaiulia\/wp-json\/wp\/v2\/comments?post=44842"}],"version-history":[{"count":0,"href":"https:\/\/urbeamea.ro\/albaiulia\/wp-json\/wp\/v2\/posts\/44842\/revisions"}],"wp:featuredmedia":[{"embeddable":true,"href":"https:\/\/urbeamea.ro\/albaiulia\/wp-json\/wp\/v2\/media\/44844"}],"wp:attachment":[{"href":"https:\/\/urbeamea.ro\/albaiulia\/wp-json\/wp\/v2\/media?parent=44842"}],"wp:term":[{"taxonomy":"category","embeddable":true,"href":"https:\/\/urbeamea.ro\/albaiulia\/wp-json\/wp\/v2\/categories?post=44842"},{"taxonomy":"post_tag","embeddable":true,"href":"https:\/\/urbeamea.ro\/albaiulia\/wp-json\/wp\/v2\/tags?post=44842"}],"curies":[{"name":"wp","href":"https:\/\/api.w.org\/{rel}","templated":true}]}}