{"id":45464,"date":"2017-05-22T14:00:27","date_gmt":"2017-05-22T11:00:27","guid":{"rendered":"http:\/\/urbeamea.ro\/albaiulia\/?p=45464"},"modified":"2017-05-22T14:00:27","modified_gmt":"2017-05-22T11:00:27","slug":"marti-ada-milea-si-bobio-burlacianu-sustin-un-concert-la-centrul-cultural-iacob-muresianu-din-blaj","status":"publish","type":"post","link":"https:\/\/urbeamea.ro\/albaiulia\/marti-ada-milea-si-bobio-burlacianu-sustin-un-concert-la-centrul-cultural-iacob-muresianu-din-blaj\/","title":{"rendered":"Mar\u0163i: Ada Milea \u015fi Bobio Burl\u0103cianu sus\u0163in un concert la Centrul cultural \u201eIacob Mure\u0219ianu\u201d din Blaj"},"content":{"rendered":"<p><strong>Ada Milea \u0219i Bobo Burl\u0103cianu vin la Blaj pentru un Concert \u00een Doi, mar\u0163i, 23 mai, 2017, \u00eencep\u00e2nd cu ora 19.00, la Centrul cultural \u201eIacob Mure\u0219ianu\u201d. <\/strong><\/p>\n<p>Ada Milea, creatoarea de muzic\u0103 de teatru, este cunoscut\u0103 \u00een mod special pentru spectacolele cu texte de Gelu Naum, Apollodor \u0219i Insula sau pentru versiunea inedit\u0103 cu Don Quijote.<\/p>\n<p>Aceasta va c\u00e2nta la Blaj \u00eempreun\u0103 cu Bobo Burl\u0103cianu, interpret \u0219i compozitor, fondator al forma\u021biei F\u0103r\u0103 Zah\u0103r.<\/p>\n","protected":false},"excerpt":{"rendered":"<p>Ada Milea \u0219i Bobo Burl\u0103cianu vin la Blaj pentru un Concert \u00een Doi, mar\u0163i, 23 mai, 2017, \u00eencep\u00e2nd cu ora 19.00, la Centrul cultural \u201eIacob Mure\u0219ianu\u201d. Ada Milea, creatoarea de muzic\u0103 de teatru, este cunoscut\u0103 \u00een mod special pentru spectacolele cu texte de Gelu Naum, Apollodor \u0219i Insula sau pentru versiunea inedit\u0103 cu Don Quijote. &hellip;<\/p>\n","protected":false},"author":17,"featured_media":45465,"comment_status":"open","ping_status":"open","sticky":false,"template":"","format":"standard","meta":{"inline_featured_image":false,"footnotes":""},"categories":[2034],"tags":[11089,307,170,11090,9147,11088,308,76],"class_list":["post-45464","post","type-post","status-publish","format-standard","has-post-thumbnail","hentry","category-social","tag-ada-milea","tag-alba","tag-blaj","tag-bobo-burlacianu","tag-centrul-cultural-iacob-muresianu","tag-concert-in-doi","tag-stiri","tag-urbea-mea"],"yoast_head":"<!-- This site is optimized with the Yoast SEO plugin v28.3 - https:\/\/yoast.com\/product\/yoast-seo-wordpress\/ -->\n<title>Mar\u0163i: Ada Milea \u015fi Bobio Burl\u0103cianu sus\u0163in un concert la Centrul cultural \u201eIacob Mure\u0219ianu\u201d din Blaj - Revista Urbea Mea - Revista de Alba<\/title>\n<meta name=\"description\" content=\"Ada Milea \u0219i Bobo Burl\u0103cianu vin la Blaj pentru un Concert \u00een Doi, mar\u0163i, 23 mai, 2017, \u00eencep\u00e2nd cu ora 19.00, la Centrul cultural \u201eIacob Mure\u0219ianu\u201d. Ada\" \/>\n<meta name=\"robots\" content=\"index, follow, max-snippet:-1, max-image-preview:large, max-video-preview:-1\" \/>\n<link rel=\"canonical\" href=\"https:\/\/urbeamea.ro\/albaiulia\/marti-ada-milea-si-bobio-burlacianu-sustin-un-concert-la-centrul-cultural-iacob-muresianu-din-blaj\/\" \/>\n<meta name=\"twitter:card\" content=\"summary_large_image\" \/>\n<meta name=\"twitter:title\" content=\"Mar\u0163i: Ada Milea \u015fi Bobio Burl\u0103cianu sus\u0163in un concert la Centrul cultural \u201eIacob Mure\u0219ianu\u201d din Blaj - Revista Urbea Mea - Revista de Alba\" \/>\n<meta name=\"twitter:description\" content=\"Ada Milea \u0219i Bobo Burl\u0103cianu vin la Blaj pentru un Concert \u00een Doi, mar\u0163i, 23 mai, 2017, \u00eencep\u00e2nd cu ora 19.00, la Centrul cultural \u201eIacob Mure\u0219ianu\u201d. Ada\" \/>\n<meta name=\"twitter:image\" content=\"https:\/\/urbeamea.ro\/albaiulia\/wp-content\/uploads\/2017\/05\/afis-ada-milea-blaj.jpg\" \/>\n<meta name=\"twitter:creator\" content=\"@urbeameaweb\" \/>\n<meta name=\"twitter:site\" content=\"@urbeameaweb\" \/>\n<script type=\"application\/ld+json\" class=\"yoast-schema-graph\">{\"@context\":\"https:\\\/\\\/schema.org\",\"@graph\":[{\"@type\":\"Article\",\"@id\":\"https:\\\/\\\/urbeamea.ro\\\/albaiulia\\\/marti-ada-milea-si-bobio-burlacianu-sustin-un-concert-la-centrul-cultural-iacob-muresianu-din-blaj\\\/#article\",\"isPartOf\":{\"@id\":\"https:\\\/\\\/urbeamea.ro\\\/albaiulia\\\/marti-ada-milea-si-bobio-burlacianu-sustin-un-concert-la-centrul-cultural-iacob-muresianu-din-blaj\\\/\"},\"author\":{\"name\":\"Cristina Ganga\",\"@id\":\"https:\\\/\\\/urbeamea.ro\\\/albaiulia\\\/#\\\/schema\\\/person\\\/9700d21fae21c4f038b0b56f4506264a\"},\"headline\":\"Mar\u0163i: Ada Milea \u015fi Bobio Burl\u0103cianu sus\u0163in un concert la Centrul cultural \u201eIacob Mure\u0219ianu\u201d din Blaj\",\"datePublished\":\"2017-05-22T11:00:27+00:00\",\"mainEntityOfPage\":{\"@id\":\"https:\\\/\\\/urbeamea.ro\\\/albaiulia\\\/marti-ada-milea-si-bobio-burlacianu-sustin-un-concert-la-centrul-cultural-iacob-muresianu-din-blaj\\\/\"},\"wordCount\":98,\"commentCount\":0,\"image\":{\"@id\":\"https:\\\/\\\/urbeamea.ro\\\/albaiulia\\\/marti-ada-milea-si-bobio-burlacianu-sustin-un-concert-la-centrul-cultural-iacob-muresianu-din-blaj\\\/#primaryimage\"},\"thumbnailUrl\":\"https:\\\/\\\/urbeamea.ro\\\/albaiulia\\\/wp-content\\\/uploads\\\/2017\\\/05\\\/afis-ada-milea-blaj.jpg\",\"keywords\":[\"ada milea\",\"alba\",\"blaj\",\"bobo burlacianu\",\"Centrul Cultural \u201eIacob Mure\u015fianu\u201d\",\"concert in doi\",\"stiri\",\"Urbea Mea\"],\"articleSection\":[\"Social\"],\"inLanguage\":\"ro-RO\",\"potentialAction\":[{\"@type\":\"CommentAction\",\"name\":\"Comment\",\"target\":[\"https:\\\/\\\/urbeamea.ro\\\/albaiulia\\\/marti-ada-milea-si-bobio-burlacianu-sustin-un-concert-la-centrul-cultural-iacob-muresianu-din-blaj\\\/#respond\"]}]},{\"@type\":\"WebPage\",\"@id\":\"https:\\\/\\\/urbeamea.ro\\\/albaiulia\\\/marti-ada-milea-si-bobio-burlacianu-sustin-un-concert-la-centrul-cultural-iacob-muresianu-din-blaj\\\/\",\"url\":\"https:\\\/\\\/urbeamea.ro\\\/albaiulia\\\/marti-ada-milea-si-bobio-burlacianu-sustin-un-concert-la-centrul-cultural-iacob-muresianu-din-blaj\\\/\",\"name\":\"Mar\u0163i: Ada Milea \u015fi Bobio Burl\u0103cianu sus\u0163in un concert la Centrul cultural \u201eIacob Mure\u0219ianu\u201d din Blaj - Revista Urbea Mea - Revista de Alba\",\"isPartOf\":{\"@id\":\"https:\\\/\\\/urbeamea.ro\\\/albaiulia\\\/#website\"},\"primaryImageOfPage\":{\"@id\":\"https:\\\/\\\/urbeamea.ro\\\/albaiulia\\\/marti-ada-milea-si-bobio-burlacianu-sustin-un-concert-la-centrul-cultural-iacob-muresianu-din-blaj\\\/#primaryimage\"},\"image\":{\"@id\":\"https:\\\/\\\/urbeamea.ro\\\/albaiulia\\\/marti-ada-milea-si-bobio-burlacianu-sustin-un-concert-la-centrul-cultural-iacob-muresianu-din-blaj\\\/#primaryimage\"},\"thumbnailUrl\":\"https:\\\/\\\/urbeamea.ro\\\/albaiulia\\\/wp-content\\\/uploads\\\/2017\\\/05\\\/afis-ada-milea-blaj.jpg\",\"datePublished\":\"2017-05-22T11:00:27+00:00\",\"author\":{\"@id\":\"https:\\\/\\\/urbeamea.ro\\\/albaiulia\\\/#\\\/schema\\\/person\\\/9700d21fae21c4f038b0b56f4506264a\"},\"description\":\"Ada Milea \u0219i Bobo Burl\u0103cianu vin la Blaj pentru un Concert \u00een Doi, mar\u0163i, 23 mai, 2017, \u00eencep\u00e2nd cu ora 19.00, la Centrul cultural \u201eIacob Mure\u0219ianu\u201d. Ada\",\"breadcrumb\":{\"@id\":\"https:\\\/\\\/urbeamea.ro\\\/albaiulia\\\/marti-ada-milea-si-bobio-burlacianu-sustin-un-concert-la-centrul-cultural-iacob-muresianu-din-blaj\\\/#breadcrumb\"},\"inLanguage\":\"ro-RO\",\"potentialAction\":[{\"@type\":\"ReadAction\",\"target\":[\"https:\\\/\\\/urbeamea.ro\\\/albaiulia\\\/marti-ada-milea-si-bobio-burlacianu-sustin-un-concert-la-centrul-cultural-iacob-muresianu-din-blaj\\\/\"]}]},{\"@type\":\"ImageObject\",\"inLanguage\":\"ro-RO\",\"@id\":\"https:\\\/\\\/urbeamea.ro\\\/albaiulia\\\/marti-ada-milea-si-bobio-burlacianu-sustin-un-concert-la-centrul-cultural-iacob-muresianu-din-blaj\\\/#primaryimage\",\"url\":\"https:\\\/\\\/urbeamea.ro\\\/albaiulia\\\/wp-content\\\/uploads\\\/2017\\\/05\\\/afis-ada-milea-blaj.jpg\",\"contentUrl\":\"https:\\\/\\\/urbeamea.ro\\\/albaiulia\\\/wp-content\\\/uploads\\\/2017\\\/05\\\/afis-ada-milea-blaj.jpg\",\"width\":597,\"height\":800},{\"@type\":\"BreadcrumbList\",\"@id\":\"https:\\\/\\\/urbeamea.ro\\\/albaiulia\\\/marti-ada-milea-si-bobio-burlacianu-sustin-un-concert-la-centrul-cultural-iacob-muresianu-din-blaj\\\/#breadcrumb\",\"itemListElement\":[{\"@type\":\"ListItem\",\"position\":1,\"name\":\"Prima pagin\u0103\",\"item\":\"https:\\\/\\\/urbeamea.ro\\\/albaiulia\\\/\"},{\"@type\":\"ListItem\",\"position\":2,\"name\":\"Mar\u0163i: Ada Milea \u015fi Bobio Burl\u0103cianu sus\u0163in un concert la Centrul cultural \u201eIacob Mure\u0219ianu\u201d din Blaj\"}]},{\"@type\":\"WebSite\",\"@id\":\"https:\\\/\\\/urbeamea.ro\\\/albaiulia\\\/#website\",\"url\":\"https:\\\/\\\/urbeamea.ro\\\/albaiulia\\\/\",\"name\":\"Revista Urbea Mea, Stiri urbane\",\"description\":\"Evenimente \u0219i \u0219tiri din Alba Iulia, Sebe\u0219, Aiud, Blaj\",\"potentialAction\":[{\"@type\":\"SearchAction\",\"target\":{\"@type\":\"EntryPoint\",\"urlTemplate\":\"https:\\\/\\\/urbeamea.ro\\\/albaiulia\\\/?s={search_term_string}\"},\"query-input\":{\"@type\":\"PropertyValueSpecification\",\"valueRequired\":true,\"valueName\":\"search_term_string\"}}],\"inLanguage\":\"ro-RO\"},{\"@type\":\"Person\",\"@id\":\"https:\\\/\\\/urbeamea.ro\\\/albaiulia\\\/#\\\/schema\\\/person\\\/9700d21fae21c4f038b0b56f4506264a\",\"name\":\"Cristina Ganga\",\"image\":{\"@type\":\"ImageObject\",\"inLanguage\":\"ro-RO\",\"@id\":\"https:\\\/\\\/secure.gravatar.com\\\/avatar\\\/5a67661041f057b4a8ccaf26f5a8e86e2689372006d01faf3dd9eeb10b654bb4?s=96&d=mm&r=g\",\"url\":\"https:\\\/\\\/secure.gravatar.com\\\/avatar\\\/5a67661041f057b4a8ccaf26f5a8e86e2689372006d01faf3dd9eeb10b654bb4?s=96&d=mm&r=g\",\"contentUrl\":\"https:\\\/\\\/secure.gravatar.com\\\/avatar\\\/5a67661041f057b4a8ccaf26f5a8e86e2689372006d01faf3dd9eeb10b654bb4?s=96&d=mm&r=g\",\"caption\":\"Cristina Ganga\"},\"description\":\"Jurnalist\",\"sameAs\":[\"https:\\\/\\\/www.facebook.com\\\/cristina.nicola.587\"],\"url\":\"https:\\\/\\\/urbeamea.ro\\\/albaiulia\\\/author\\\/cristina-nicola\\\/\"}]}<\/script>\n<!-- \/ Yoast SEO plugin. -->","yoast_head_json":{"title":"Mar\u0163i: Ada Milea \u015fi Bobio Burl\u0103cianu sus\u0163in un concert la Centrul cultural \u201eIacob Mure\u0219ianu\u201d din Blaj - Revista Urbea Mea - Revista de Alba","description":"Ada Milea \u0219i Bobo Burl\u0103cianu vin la Blaj pentru un Concert \u00een Doi, mar\u0163i, 23 mai, 2017, \u00eencep\u00e2nd cu ora 19.00, la Centrul cultural \u201eIacob Mure\u0219ianu\u201d. Ada","robots":{"index":"index","follow":"follow","max-snippet":"max-snippet:-1","max-image-preview":"max-image-preview:large","max-video-preview":"max-video-preview:-1"},"canonical":"https:\/\/urbeamea.ro\/albaiulia\/marti-ada-milea-si-bobio-burlacianu-sustin-un-concert-la-centrul-cultural-iacob-muresianu-din-blaj\/","twitter_card":"summary_large_image","twitter_title":"Mar\u0163i: Ada Milea \u015fi Bobio Burl\u0103cianu sus\u0163in un concert la Centrul cultural \u201eIacob Mure\u0219ianu\u201d din Blaj - Revista Urbea Mea - Revista de Alba","twitter_description":"Ada Milea \u0219i Bobo Burl\u0103cianu vin la Blaj pentru un Concert \u00een Doi, mar\u0163i, 23 mai, 2017, \u00eencep\u00e2nd cu ora 19.00, la Centrul cultural \u201eIacob Mure\u0219ianu\u201d. Ada","twitter_image":"https:\/\/urbeamea.ro\/albaiulia\/wp-content\/uploads\/2017\/05\/afis-ada-milea-blaj.jpg","twitter_creator":"@urbeameaweb","twitter_site":"@urbeameaweb","schema":{"@context":"https:\/\/schema.org","@graph":[{"@type":"Article","@id":"https:\/\/urbeamea.ro\/albaiulia\/marti-ada-milea-si-bobio-burlacianu-sustin-un-concert-la-centrul-cultural-iacob-muresianu-din-blaj\/#article","isPartOf":{"@id":"https:\/\/urbeamea.ro\/albaiulia\/marti-ada-milea-si-bobio-burlacianu-sustin-un-concert-la-centrul-cultural-iacob-muresianu-din-blaj\/"},"author":{"name":"Cristina Ganga","@id":"https:\/\/urbeamea.ro\/albaiulia\/#\/schema\/person\/9700d21fae21c4f038b0b56f4506264a"},"headline":"Mar\u0163i: Ada Milea \u015fi Bobio Burl\u0103cianu sus\u0163in un concert la Centrul cultural \u201eIacob Mure\u0219ianu\u201d din Blaj","datePublished":"2017-05-22T11:00:27+00:00","mainEntityOfPage":{"@id":"https:\/\/urbeamea.ro\/albaiulia\/marti-ada-milea-si-bobio-burlacianu-sustin-un-concert-la-centrul-cultural-iacob-muresianu-din-blaj\/"},"wordCount":98,"commentCount":0,"image":{"@id":"https:\/\/urbeamea.ro\/albaiulia\/marti-ada-milea-si-bobio-burlacianu-sustin-un-concert-la-centrul-cultural-iacob-muresianu-din-blaj\/#primaryimage"},"thumbnailUrl":"https:\/\/urbeamea.ro\/albaiulia\/wp-content\/uploads\/2017\/05\/afis-ada-milea-blaj.jpg","keywords":["ada milea","alba","blaj","bobo burlacianu","Centrul Cultural \u201eIacob Mure\u015fianu\u201d","concert in doi","stiri","Urbea Mea"],"articleSection":["Social"],"inLanguage":"ro-RO","potentialAction":[{"@type":"CommentAction","name":"Comment","target":["https:\/\/urbeamea.ro\/albaiulia\/marti-ada-milea-si-bobio-burlacianu-sustin-un-concert-la-centrul-cultural-iacob-muresianu-din-blaj\/#respond"]}]},{"@type":"WebPage","@id":"https:\/\/urbeamea.ro\/albaiulia\/marti-ada-milea-si-bobio-burlacianu-sustin-un-concert-la-centrul-cultural-iacob-muresianu-din-blaj\/","url":"https:\/\/urbeamea.ro\/albaiulia\/marti-ada-milea-si-bobio-burlacianu-sustin-un-concert-la-centrul-cultural-iacob-muresianu-din-blaj\/","name":"Mar\u0163i: Ada Milea \u015fi Bobio Burl\u0103cianu sus\u0163in un concert la Centrul cultural \u201eIacob Mure\u0219ianu\u201d din Blaj - Revista Urbea Mea - Revista de Alba","isPartOf":{"@id":"https:\/\/urbeamea.ro\/albaiulia\/#website"},"primaryImageOfPage":{"@id":"https:\/\/urbeamea.ro\/albaiulia\/marti-ada-milea-si-bobio-burlacianu-sustin-un-concert-la-centrul-cultural-iacob-muresianu-din-blaj\/#primaryimage"},"image":{"@id":"https:\/\/urbeamea.ro\/albaiulia\/marti-ada-milea-si-bobio-burlacianu-sustin-un-concert-la-centrul-cultural-iacob-muresianu-din-blaj\/#primaryimage"},"thumbnailUrl":"https:\/\/urbeamea.ro\/albaiulia\/wp-content\/uploads\/2017\/05\/afis-ada-milea-blaj.jpg","datePublished":"2017-05-22T11:00:27+00:00","author":{"@id":"https:\/\/urbeamea.ro\/albaiulia\/#\/schema\/person\/9700d21fae21c4f038b0b56f4506264a"},"description":"Ada Milea \u0219i Bobo Burl\u0103cianu vin la Blaj pentru un Concert \u00een Doi, mar\u0163i, 23 mai, 2017, \u00eencep\u00e2nd cu ora 19.00, la Centrul cultural \u201eIacob Mure\u0219ianu\u201d. Ada","breadcrumb":{"@id":"https:\/\/urbeamea.ro\/albaiulia\/marti-ada-milea-si-bobio-burlacianu-sustin-un-concert-la-centrul-cultural-iacob-muresianu-din-blaj\/#breadcrumb"},"inLanguage":"ro-RO","potentialAction":[{"@type":"ReadAction","target":["https:\/\/urbeamea.ro\/albaiulia\/marti-ada-milea-si-bobio-burlacianu-sustin-un-concert-la-centrul-cultural-iacob-muresianu-din-blaj\/"]}]},{"@type":"ImageObject","inLanguage":"ro-RO","@id":"https:\/\/urbeamea.ro\/albaiulia\/marti-ada-milea-si-bobio-burlacianu-sustin-un-concert-la-centrul-cultural-iacob-muresianu-din-blaj\/#primaryimage","url":"https:\/\/urbeamea.ro\/albaiulia\/wp-content\/uploads\/2017\/05\/afis-ada-milea-blaj.jpg","contentUrl":"https:\/\/urbeamea.ro\/albaiulia\/wp-content\/uploads\/2017\/05\/afis-ada-milea-blaj.jpg","width":597,"height":800},{"@type":"BreadcrumbList","@id":"https:\/\/urbeamea.ro\/albaiulia\/marti-ada-milea-si-bobio-burlacianu-sustin-un-concert-la-centrul-cultural-iacob-muresianu-din-blaj\/#breadcrumb","itemListElement":[{"@type":"ListItem","position":1,"name":"Prima pagin\u0103","item":"https:\/\/urbeamea.ro\/albaiulia\/"},{"@type":"ListItem","position":2,"name":"Mar\u0163i: Ada Milea \u015fi Bobio Burl\u0103cianu sus\u0163in un concert la Centrul cultural \u201eIacob Mure\u0219ianu\u201d din Blaj"}]},{"@type":"WebSite","@id":"https:\/\/urbeamea.ro\/albaiulia\/#website","url":"https:\/\/urbeamea.ro\/albaiulia\/","name":"Revista Urbea Mea, Stiri urbane","description":"Evenimente \u0219i \u0219tiri din Alba Iulia, Sebe\u0219, Aiud, Blaj","potentialAction":[{"@type":"SearchAction","target":{"@type":"EntryPoint","urlTemplate":"https:\/\/urbeamea.ro\/albaiulia\/?s={search_term_string}"},"query-input":{"@type":"PropertyValueSpecification","valueRequired":true,"valueName":"search_term_string"}}],"inLanguage":"ro-RO"},{"@type":"Person","@id":"https:\/\/urbeamea.ro\/albaiulia\/#\/schema\/person\/9700d21fae21c4f038b0b56f4506264a","name":"Cristina Ganga","image":{"@type":"ImageObject","inLanguage":"ro-RO","@id":"https:\/\/secure.gravatar.com\/avatar\/5a67661041f057b4a8ccaf26f5a8e86e2689372006d01faf3dd9eeb10b654bb4?s=96&d=mm&r=g","url":"https:\/\/secure.gravatar.com\/avatar\/5a67661041f057b4a8ccaf26f5a8e86e2689372006d01faf3dd9eeb10b654bb4?s=96&d=mm&r=g","contentUrl":"https:\/\/secure.gravatar.com\/avatar\/5a67661041f057b4a8ccaf26f5a8e86e2689372006d01faf3dd9eeb10b654bb4?s=96&d=mm&r=g","caption":"Cristina Ganga"},"description":"Jurnalist","sameAs":["https:\/\/www.facebook.com\/cristina.nicola.587"],"url":"https:\/\/urbeamea.ro\/albaiulia\/author\/cristina-nicola\/"}]}},"_links":{"self":[{"href":"https:\/\/urbeamea.ro\/albaiulia\/wp-json\/wp\/v2\/posts\/45464","targetHints":{"allow":["GET"]}}],"collection":[{"href":"https:\/\/urbeamea.ro\/albaiulia\/wp-json\/wp\/v2\/posts"}],"about":[{"href":"https:\/\/urbeamea.ro\/albaiulia\/wp-json\/wp\/v2\/types\/post"}],"author":[{"embeddable":true,"href":"https:\/\/urbeamea.ro\/albaiulia\/wp-json\/wp\/v2\/users\/17"}],"replies":[{"embeddable":true,"href":"https:\/\/urbeamea.ro\/albaiulia\/wp-json\/wp\/v2\/comments?post=45464"}],"version-history":[{"count":0,"href":"https:\/\/urbeamea.ro\/albaiulia\/wp-json\/wp\/v2\/posts\/45464\/revisions"}],"wp:featuredmedia":[{"embeddable":true,"href":"https:\/\/urbeamea.ro\/albaiulia\/wp-json\/wp\/v2\/media\/45465"}],"wp:attachment":[{"href":"https:\/\/urbeamea.ro\/albaiulia\/wp-json\/wp\/v2\/media?parent=45464"}],"wp:term":[{"taxonomy":"category","embeddable":true,"href":"https:\/\/urbeamea.ro\/albaiulia\/wp-json\/wp\/v2\/categories?post=45464"},{"taxonomy":"post_tag","embeddable":true,"href":"https:\/\/urbeamea.ro\/albaiulia\/wp-json\/wp\/v2\/tags?post=45464"}],"curies":[{"name":"wp","href":"https:\/\/api.w.org\/{rel}","templated":true}]}}