{"id":45691,"date":"2017-05-24T09:41:45","date_gmt":"2017-05-24T06:41:45","guid":{"rendered":"http:\/\/urbeamea.ro\/albaiulia\/?p=45691"},"modified":"2017-05-24T13:33:57","modified_gmt":"2017-05-24T10:33:57","slug":"accident-rutier-pe-soseaua-de-centura-din-alba-iulia-o-persoana-ranita-dupa-un-impact-intre-un-autoturism-si-o-camioneta","status":"publish","type":"post","link":"https:\/\/urbeamea.ro\/albaiulia\/accident-rutier-pe-soseaua-de-centura-din-alba-iulia-o-persoana-ranita-dupa-un-impact-intre-un-autoturism-si-o-camioneta\/","title":{"rendered":"Accident rutier pe \u015foseaua de centur\u0103 din Alba Iulia. O persoan\u0103 r\u0103nit\u0103 dup\u0103 un impact \u00eentre un autoturism \u015fi o camionet\u0103"},"content":{"rendered":"<p><strong>O persoan\u0103 a fost r\u0103nit\u0103 \u00een urma unui accident rutier petrecut miercuri diminea\u0163a pe \u015foseaua de centur\u0103 a ora\u015fului Alba Iulia. <\/strong><\/p>\n<p><strong>Din primele informa\u0163ii, \u00een accident au fost implicate un autoturism Skoda Octavia \u015fi o camionet\u0103.<\/strong><\/p>\n<p>Accidentul s-a petrecut \u00een zona intersec\u0163iei dintre strada M\u0103r\u0103\u015fe\u015fti \u015fi drumul spre Dr\u00e2mbar.<\/p>\n<p>UPDATE: La data de 24.05.2017, \u00een jurul orelor 08.50, pe \u00a0\u015foseaua de ocolire a municipiului Alba Iulia, V.N., un b\u0103rbat de 58 de ani din comuna Ohaba, jude\u0163ul Alba, \u00een timp ce conducea o autospecializat\u0103 \u00een direc\u0163ia Sebe\u015f \u2013 Teiu\u015f, la intersec\u0163ia cu strada M\u0103r\u0103\u015fe\u015fti, a efectuat o manevr\u0103 de \u00eentoarcere, f\u0103r\u0103 s\u0103 se asigure \u015fi \u00eenc\u0103lc\u00e2nd marcajul dublu continuu, \u00eemprejurare \u00een care a intrat \u00een coliziune cu un autoturism, condus regulamentar, \u00een aceea\u015fi direc\u0163ie de mers, de o femeie de 32 de ani, din municipiul Sebe\u015f.<\/p>\n<p>\u00cen urma accidentului, conduc\u0103toarea autoturismului, un b\u0103rbat de 30 de ani, pasager \u00een autoturismul condus de aceasta \u015fi un b\u0103rbat de 39 de ani, pasager \u00een autospecializat\u0103, au suferit leziuni corporale u\u015foare \u015fi au fost transporta\u0163i la spitalul din Alba Iulia.<\/p>\n<p>Ambii conduc\u0103tori auto au fost testa\u0163i cu aparatul etilotest, rezultatul fiind negativ.<\/p>\n<p>Cercet\u0103rile sunt continuate.<\/p>\n","protected":false},"excerpt":{"rendered":"<p>O persoan\u0103 a fost r\u0103nit\u0103 \u00een urma unui accident rutier petrecut miercuri diminea\u0163a pe \u015foseaua de centur\u0103 a ora\u015fului Alba Iulia. Din primele informa\u0163ii, \u00een accident au fost implicate un autoturism Skoda Octavia \u015fi o camionet\u0103. Accidentul s-a petrecut \u00een zona intersec\u0163iei dintre strada M\u0103r\u0103\u015fe\u015fti \u015fi drumul spre Dr\u00e2mbar. UPDATE: La data de 24.05.2017, \u00een &hellip;<\/p>\n","protected":false},"author":17,"featured_media":31665,"comment_status":"open","ping_status":"open","sticky":false,"template":"","format":"standard","meta":{"inline_featured_image":false,"footnotes":""},"categories":[1],"tags":[2443,31,11010,11124,308,4391,76,11125],"class_list":["post-45691","post","type-post","status-publish","format-standard","has-post-thumbnail","hentry","category-stiri-urbane","tag-accident-rutier","tag-alba-iulia","tag-persoana-ranita","tag-soseaua-de-centrura","tag-stiri","tag-trafic-ingreunat","tag-urbea-mea","tag-zona-drambar"],"yoast_head":"<!-- This site is optimized with the Yoast SEO plugin v28.3 - https:\/\/yoast.com\/product\/yoast-seo-wordpress\/ -->\n<title>Accident rutier pe \u015foseaua de centur\u0103 din Alba Iulia. O persoan\u0103 r\u0103nit\u0103 dup\u0103 un impact \u00eentre un autoturism \u015fi o camionet\u0103 - Revista Urbea Mea - Revista de Alba<\/title>\n<meta name=\"description\" content=\"O persoan\u0103 a fost r\u0103nit\u0103 \u00een urma unui accident rutier petrecut miercuri diminea\u0163a pe \u015foseaua de centur\u0103 a ora\u015fului Alba Iulia. Din primele informa\u0163ii, \u00een\" \/>\n<meta name=\"robots\" content=\"index, follow, max-snippet:-1, max-image-preview:large, max-video-preview:-1\" \/>\n<link rel=\"canonical\" href=\"https:\/\/urbeamea.ro\/albaiulia\/accident-rutier-pe-soseaua-de-centura-din-alba-iulia-o-persoana-ranita-dupa-un-impact-intre-un-autoturism-si-o-camioneta\/\" \/>\n<meta name=\"twitter:card\" content=\"summary_large_image\" \/>\n<meta name=\"twitter:title\" content=\"Accident rutier pe \u015foseaua de centur\u0103 din Alba Iulia. O persoan\u0103 r\u0103nit\u0103 dup\u0103 un impact \u00eentre un autoturism \u015fi o camionet\u0103 - Revista Urbea Mea - Revista de Alba\" \/>\n<meta name=\"twitter:description\" content=\"O persoan\u0103 a fost r\u0103nit\u0103 \u00een urma unui accident rutier petrecut miercuri diminea\u0163a pe \u015foseaua de centur\u0103 a ora\u015fului Alba Iulia. Din primele informa\u0163ii, \u00een\" \/>\n<meta name=\"twitter:image\" content=\"https:\/\/urbeamea.ro\/albaiulia\/wp-content\/uploads\/2016\/09\/IMG-20160912-WA0003.jpg\" \/>\n<meta name=\"twitter:creator\" content=\"@urbeameaweb\" \/>\n<meta name=\"twitter:site\" content=\"@urbeameaweb\" \/>\n<script type=\"application\/ld+json\" class=\"yoast-schema-graph\">{\"@context\":\"https:\\\/\\\/schema.org\",\"@graph\":[{\"@type\":\"Article\",\"@id\":\"https:\\\/\\\/urbeamea.ro\\\/albaiulia\\\/accident-rutier-pe-soseaua-de-centura-din-alba-iulia-o-persoana-ranita-dupa-un-impact-intre-un-autoturism-si-o-camioneta\\\/#article\",\"isPartOf\":{\"@id\":\"https:\\\/\\\/urbeamea.ro\\\/albaiulia\\\/accident-rutier-pe-soseaua-de-centura-din-alba-iulia-o-persoana-ranita-dupa-un-impact-intre-un-autoturism-si-o-camioneta\\\/\"},\"author\":{\"name\":\"Cristina Ganga\",\"@id\":\"https:\\\/\\\/urbeamea.ro\\\/albaiulia\\\/#\\\/schema\\\/person\\\/9700d21fae21c4f038b0b56f4506264a\"},\"headline\":\"Accident rutier pe \u015foseaua de centur\u0103 din Alba Iulia. O persoan\u0103 r\u0103nit\u0103 dup\u0103 un impact \u00eentre un autoturism \u015fi o camionet\u0103\",\"datePublished\":\"2017-05-24T06:41:45+00:00\",\"dateModified\":\"2017-05-24T10:33:57+00:00\",\"mainEntityOfPage\":{\"@id\":\"https:\\\/\\\/urbeamea.ro\\\/albaiulia\\\/accident-rutier-pe-soseaua-de-centura-din-alba-iulia-o-persoana-ranita-dupa-un-impact-intre-un-autoturism-si-o-camioneta\\\/\"},\"wordCount\":237,\"commentCount\":0,\"image\":{\"@id\":\"https:\\\/\\\/urbeamea.ro\\\/albaiulia\\\/accident-rutier-pe-soseaua-de-centura-din-alba-iulia-o-persoana-ranita-dupa-un-impact-intre-un-autoturism-si-o-camioneta\\\/#primaryimage\"},\"thumbnailUrl\":\"https:\\\/\\\/urbeamea.ro\\\/albaiulia\\\/wp-content\\\/uploads\\\/2016\\\/09\\\/IMG-20160912-WA0003.jpg\",\"keywords\":[\"accident rutier\",\"Alba Iulia\",\"persoana ranita\",\"soseaua de centrura\",\"stiri\",\"trafic ingreunat\",\"Urbea Mea\",\"zona drambar\"],\"articleSection\":[\"\u015etiri Urbane\"],\"inLanguage\":\"ro-RO\",\"potentialAction\":[{\"@type\":\"CommentAction\",\"name\":\"Comment\",\"target\":[\"https:\\\/\\\/urbeamea.ro\\\/albaiulia\\\/accident-rutier-pe-soseaua-de-centura-din-alba-iulia-o-persoana-ranita-dupa-un-impact-intre-un-autoturism-si-o-camioneta\\\/#respond\"]}]},{\"@type\":\"WebPage\",\"@id\":\"https:\\\/\\\/urbeamea.ro\\\/albaiulia\\\/accident-rutier-pe-soseaua-de-centura-din-alba-iulia-o-persoana-ranita-dupa-un-impact-intre-un-autoturism-si-o-camioneta\\\/\",\"url\":\"https:\\\/\\\/urbeamea.ro\\\/albaiulia\\\/accident-rutier-pe-soseaua-de-centura-din-alba-iulia-o-persoana-ranita-dupa-un-impact-intre-un-autoturism-si-o-camioneta\\\/\",\"name\":\"Accident rutier pe \u015foseaua de centur\u0103 din Alba Iulia. O persoan\u0103 r\u0103nit\u0103 dup\u0103 un impact \u00eentre un autoturism \u015fi o camionet\u0103 - Revista Urbea Mea - Revista de Alba\",\"isPartOf\":{\"@id\":\"https:\\\/\\\/urbeamea.ro\\\/albaiulia\\\/#website\"},\"primaryImageOfPage\":{\"@id\":\"https:\\\/\\\/urbeamea.ro\\\/albaiulia\\\/accident-rutier-pe-soseaua-de-centura-din-alba-iulia-o-persoana-ranita-dupa-un-impact-intre-un-autoturism-si-o-camioneta\\\/#primaryimage\"},\"image\":{\"@id\":\"https:\\\/\\\/urbeamea.ro\\\/albaiulia\\\/accident-rutier-pe-soseaua-de-centura-din-alba-iulia-o-persoana-ranita-dupa-un-impact-intre-un-autoturism-si-o-camioneta\\\/#primaryimage\"},\"thumbnailUrl\":\"https:\\\/\\\/urbeamea.ro\\\/albaiulia\\\/wp-content\\\/uploads\\\/2016\\\/09\\\/IMG-20160912-WA0003.jpg\",\"datePublished\":\"2017-05-24T06:41:45+00:00\",\"dateModified\":\"2017-05-24T10:33:57+00:00\",\"author\":{\"@id\":\"https:\\\/\\\/urbeamea.ro\\\/albaiulia\\\/#\\\/schema\\\/person\\\/9700d21fae21c4f038b0b56f4506264a\"},\"description\":\"O persoan\u0103 a fost r\u0103nit\u0103 \u00een urma unui accident rutier petrecut miercuri diminea\u0163a pe \u015foseaua de centur\u0103 a ora\u015fului Alba Iulia. Din primele informa\u0163ii, \u00een\",\"breadcrumb\":{\"@id\":\"https:\\\/\\\/urbeamea.ro\\\/albaiulia\\\/accident-rutier-pe-soseaua-de-centura-din-alba-iulia-o-persoana-ranita-dupa-un-impact-intre-un-autoturism-si-o-camioneta\\\/#breadcrumb\"},\"inLanguage\":\"ro-RO\",\"potentialAction\":[{\"@type\":\"ReadAction\",\"target\":[\"https:\\\/\\\/urbeamea.ro\\\/albaiulia\\\/accident-rutier-pe-soseaua-de-centura-din-alba-iulia-o-persoana-ranita-dupa-un-impact-intre-un-autoturism-si-o-camioneta\\\/\"]}]},{\"@type\":\"ImageObject\",\"inLanguage\":\"ro-RO\",\"@id\":\"https:\\\/\\\/urbeamea.ro\\\/albaiulia\\\/accident-rutier-pe-soseaua-de-centura-din-alba-iulia-o-persoana-ranita-dupa-un-impact-intre-un-autoturism-si-o-camioneta\\\/#primaryimage\",\"url\":\"https:\\\/\\\/urbeamea.ro\\\/albaiulia\\\/wp-content\\\/uploads\\\/2016\\\/09\\\/IMG-20160912-WA0003.jpg\",\"contentUrl\":\"https:\\\/\\\/urbeamea.ro\\\/albaiulia\\\/wp-content\\\/uploads\\\/2016\\\/09\\\/IMG-20160912-WA0003.jpg\",\"width\":960,\"height\":1280},{\"@type\":\"BreadcrumbList\",\"@id\":\"https:\\\/\\\/urbeamea.ro\\\/albaiulia\\\/accident-rutier-pe-soseaua-de-centura-din-alba-iulia-o-persoana-ranita-dupa-un-impact-intre-un-autoturism-si-o-camioneta\\\/#breadcrumb\",\"itemListElement\":[{\"@type\":\"ListItem\",\"position\":1,\"name\":\"Prima pagin\u0103\",\"item\":\"https:\\\/\\\/urbeamea.ro\\\/albaiulia\\\/\"},{\"@type\":\"ListItem\",\"position\":2,\"name\":\"Accident rutier pe \u015foseaua de centur\u0103 din Alba Iulia. O persoan\u0103 r\u0103nit\u0103 dup\u0103 un impact \u00eentre un autoturism \u015fi o camionet\u0103\"}]},{\"@type\":\"WebSite\",\"@id\":\"https:\\\/\\\/urbeamea.ro\\\/albaiulia\\\/#website\",\"url\":\"https:\\\/\\\/urbeamea.ro\\\/albaiulia\\\/\",\"name\":\"Revista Urbea Mea, Stiri urbane\",\"description\":\"Evenimente \u0219i \u0219tiri din Alba Iulia, Sebe\u0219, Aiud, Blaj\",\"potentialAction\":[{\"@type\":\"SearchAction\",\"target\":{\"@type\":\"EntryPoint\",\"urlTemplate\":\"https:\\\/\\\/urbeamea.ro\\\/albaiulia\\\/?s={search_term_string}\"},\"query-input\":{\"@type\":\"PropertyValueSpecification\",\"valueRequired\":true,\"valueName\":\"search_term_string\"}}],\"inLanguage\":\"ro-RO\"},{\"@type\":\"Person\",\"@id\":\"https:\\\/\\\/urbeamea.ro\\\/albaiulia\\\/#\\\/schema\\\/person\\\/9700d21fae21c4f038b0b56f4506264a\",\"name\":\"Cristina Ganga\",\"image\":{\"@type\":\"ImageObject\",\"inLanguage\":\"ro-RO\",\"@id\":\"https:\\\/\\\/secure.gravatar.com\\\/avatar\\\/5a67661041f057b4a8ccaf26f5a8e86e2689372006d01faf3dd9eeb10b654bb4?s=96&d=mm&r=g\",\"url\":\"https:\\\/\\\/secure.gravatar.com\\\/avatar\\\/5a67661041f057b4a8ccaf26f5a8e86e2689372006d01faf3dd9eeb10b654bb4?s=96&d=mm&r=g\",\"contentUrl\":\"https:\\\/\\\/secure.gravatar.com\\\/avatar\\\/5a67661041f057b4a8ccaf26f5a8e86e2689372006d01faf3dd9eeb10b654bb4?s=96&d=mm&r=g\",\"caption\":\"Cristina Ganga\"},\"description\":\"Jurnalist\",\"sameAs\":[\"https:\\\/\\\/www.facebook.com\\\/cristina.nicola.587\"],\"url\":\"https:\\\/\\\/urbeamea.ro\\\/albaiulia\\\/author\\\/cristina-nicola\\\/\"}]}<\/script>\n<!-- \/ Yoast SEO plugin. -->","yoast_head_json":{"title":"Accident rutier pe \u015foseaua de centur\u0103 din Alba Iulia. O persoan\u0103 r\u0103nit\u0103 dup\u0103 un impact \u00eentre un autoturism \u015fi o camionet\u0103 - Revista Urbea Mea - Revista de Alba","description":"O persoan\u0103 a fost r\u0103nit\u0103 \u00een urma unui accident rutier petrecut miercuri diminea\u0163a pe \u015foseaua de centur\u0103 a ora\u015fului Alba Iulia. Din primele informa\u0163ii, \u00een","robots":{"index":"index","follow":"follow","max-snippet":"max-snippet:-1","max-image-preview":"max-image-preview:large","max-video-preview":"max-video-preview:-1"},"canonical":"https:\/\/urbeamea.ro\/albaiulia\/accident-rutier-pe-soseaua-de-centura-din-alba-iulia-o-persoana-ranita-dupa-un-impact-intre-un-autoturism-si-o-camioneta\/","twitter_card":"summary_large_image","twitter_title":"Accident rutier pe \u015foseaua de centur\u0103 din Alba Iulia. O persoan\u0103 r\u0103nit\u0103 dup\u0103 un impact \u00eentre un autoturism \u015fi o camionet\u0103 - Revista Urbea Mea - Revista de Alba","twitter_description":"O persoan\u0103 a fost r\u0103nit\u0103 \u00een urma unui accident rutier petrecut miercuri diminea\u0163a pe \u015foseaua de centur\u0103 a ora\u015fului Alba Iulia. Din primele informa\u0163ii, \u00een","twitter_image":"https:\/\/urbeamea.ro\/albaiulia\/wp-content\/uploads\/2016\/09\/IMG-20160912-WA0003.jpg","twitter_creator":"@urbeameaweb","twitter_site":"@urbeameaweb","schema":{"@context":"https:\/\/schema.org","@graph":[{"@type":"Article","@id":"https:\/\/urbeamea.ro\/albaiulia\/accident-rutier-pe-soseaua-de-centura-din-alba-iulia-o-persoana-ranita-dupa-un-impact-intre-un-autoturism-si-o-camioneta\/#article","isPartOf":{"@id":"https:\/\/urbeamea.ro\/albaiulia\/accident-rutier-pe-soseaua-de-centura-din-alba-iulia-o-persoana-ranita-dupa-un-impact-intre-un-autoturism-si-o-camioneta\/"},"author":{"name":"Cristina Ganga","@id":"https:\/\/urbeamea.ro\/albaiulia\/#\/schema\/person\/9700d21fae21c4f038b0b56f4506264a"},"headline":"Accident rutier pe \u015foseaua de centur\u0103 din Alba Iulia. O persoan\u0103 r\u0103nit\u0103 dup\u0103 un impact \u00eentre un autoturism \u015fi o camionet\u0103","datePublished":"2017-05-24T06:41:45+00:00","dateModified":"2017-05-24T10:33:57+00:00","mainEntityOfPage":{"@id":"https:\/\/urbeamea.ro\/albaiulia\/accident-rutier-pe-soseaua-de-centura-din-alba-iulia-o-persoana-ranita-dupa-un-impact-intre-un-autoturism-si-o-camioneta\/"},"wordCount":237,"commentCount":0,"image":{"@id":"https:\/\/urbeamea.ro\/albaiulia\/accident-rutier-pe-soseaua-de-centura-din-alba-iulia-o-persoana-ranita-dupa-un-impact-intre-un-autoturism-si-o-camioneta\/#primaryimage"},"thumbnailUrl":"https:\/\/urbeamea.ro\/albaiulia\/wp-content\/uploads\/2016\/09\/IMG-20160912-WA0003.jpg","keywords":["accident rutier","Alba Iulia","persoana ranita","soseaua de centrura","stiri","trafic ingreunat","Urbea Mea","zona drambar"],"articleSection":["\u015etiri Urbane"],"inLanguage":"ro-RO","potentialAction":[{"@type":"CommentAction","name":"Comment","target":["https:\/\/urbeamea.ro\/albaiulia\/accident-rutier-pe-soseaua-de-centura-din-alba-iulia-o-persoana-ranita-dupa-un-impact-intre-un-autoturism-si-o-camioneta\/#respond"]}]},{"@type":"WebPage","@id":"https:\/\/urbeamea.ro\/albaiulia\/accident-rutier-pe-soseaua-de-centura-din-alba-iulia-o-persoana-ranita-dupa-un-impact-intre-un-autoturism-si-o-camioneta\/","url":"https:\/\/urbeamea.ro\/albaiulia\/accident-rutier-pe-soseaua-de-centura-din-alba-iulia-o-persoana-ranita-dupa-un-impact-intre-un-autoturism-si-o-camioneta\/","name":"Accident rutier pe \u015foseaua de centur\u0103 din Alba Iulia. O persoan\u0103 r\u0103nit\u0103 dup\u0103 un impact \u00eentre un autoturism \u015fi o camionet\u0103 - Revista Urbea Mea - Revista de Alba","isPartOf":{"@id":"https:\/\/urbeamea.ro\/albaiulia\/#website"},"primaryImageOfPage":{"@id":"https:\/\/urbeamea.ro\/albaiulia\/accident-rutier-pe-soseaua-de-centura-din-alba-iulia-o-persoana-ranita-dupa-un-impact-intre-un-autoturism-si-o-camioneta\/#primaryimage"},"image":{"@id":"https:\/\/urbeamea.ro\/albaiulia\/accident-rutier-pe-soseaua-de-centura-din-alba-iulia-o-persoana-ranita-dupa-un-impact-intre-un-autoturism-si-o-camioneta\/#primaryimage"},"thumbnailUrl":"https:\/\/urbeamea.ro\/albaiulia\/wp-content\/uploads\/2016\/09\/IMG-20160912-WA0003.jpg","datePublished":"2017-05-24T06:41:45+00:00","dateModified":"2017-05-24T10:33:57+00:00","author":{"@id":"https:\/\/urbeamea.ro\/albaiulia\/#\/schema\/person\/9700d21fae21c4f038b0b56f4506264a"},"description":"O persoan\u0103 a fost r\u0103nit\u0103 \u00een urma unui accident rutier petrecut miercuri diminea\u0163a pe \u015foseaua de centur\u0103 a ora\u015fului Alba Iulia. Din primele informa\u0163ii, \u00een","breadcrumb":{"@id":"https:\/\/urbeamea.ro\/albaiulia\/accident-rutier-pe-soseaua-de-centura-din-alba-iulia-o-persoana-ranita-dupa-un-impact-intre-un-autoturism-si-o-camioneta\/#breadcrumb"},"inLanguage":"ro-RO","potentialAction":[{"@type":"ReadAction","target":["https:\/\/urbeamea.ro\/albaiulia\/accident-rutier-pe-soseaua-de-centura-din-alba-iulia-o-persoana-ranita-dupa-un-impact-intre-un-autoturism-si-o-camioneta\/"]}]},{"@type":"ImageObject","inLanguage":"ro-RO","@id":"https:\/\/urbeamea.ro\/albaiulia\/accident-rutier-pe-soseaua-de-centura-din-alba-iulia-o-persoana-ranita-dupa-un-impact-intre-un-autoturism-si-o-camioneta\/#primaryimage","url":"https:\/\/urbeamea.ro\/albaiulia\/wp-content\/uploads\/2016\/09\/IMG-20160912-WA0003.jpg","contentUrl":"https:\/\/urbeamea.ro\/albaiulia\/wp-content\/uploads\/2016\/09\/IMG-20160912-WA0003.jpg","width":960,"height":1280},{"@type":"BreadcrumbList","@id":"https:\/\/urbeamea.ro\/albaiulia\/accident-rutier-pe-soseaua-de-centura-din-alba-iulia-o-persoana-ranita-dupa-un-impact-intre-un-autoturism-si-o-camioneta\/#breadcrumb","itemListElement":[{"@type":"ListItem","position":1,"name":"Prima pagin\u0103","item":"https:\/\/urbeamea.ro\/albaiulia\/"},{"@type":"ListItem","position":2,"name":"Accident rutier pe \u015foseaua de centur\u0103 din Alba Iulia. O persoan\u0103 r\u0103nit\u0103 dup\u0103 un impact \u00eentre un autoturism \u015fi o camionet\u0103"}]},{"@type":"WebSite","@id":"https:\/\/urbeamea.ro\/albaiulia\/#website","url":"https:\/\/urbeamea.ro\/albaiulia\/","name":"Revista Urbea Mea, Stiri urbane","description":"Evenimente \u0219i \u0219tiri din Alba Iulia, Sebe\u0219, Aiud, Blaj","potentialAction":[{"@type":"SearchAction","target":{"@type":"EntryPoint","urlTemplate":"https:\/\/urbeamea.ro\/albaiulia\/?s={search_term_string}"},"query-input":{"@type":"PropertyValueSpecification","valueRequired":true,"valueName":"search_term_string"}}],"inLanguage":"ro-RO"},{"@type":"Person","@id":"https:\/\/urbeamea.ro\/albaiulia\/#\/schema\/person\/9700d21fae21c4f038b0b56f4506264a","name":"Cristina Ganga","image":{"@type":"ImageObject","inLanguage":"ro-RO","@id":"https:\/\/secure.gravatar.com\/avatar\/5a67661041f057b4a8ccaf26f5a8e86e2689372006d01faf3dd9eeb10b654bb4?s=96&d=mm&r=g","url":"https:\/\/secure.gravatar.com\/avatar\/5a67661041f057b4a8ccaf26f5a8e86e2689372006d01faf3dd9eeb10b654bb4?s=96&d=mm&r=g","contentUrl":"https:\/\/secure.gravatar.com\/avatar\/5a67661041f057b4a8ccaf26f5a8e86e2689372006d01faf3dd9eeb10b654bb4?s=96&d=mm&r=g","caption":"Cristina Ganga"},"description":"Jurnalist","sameAs":["https:\/\/www.facebook.com\/cristina.nicola.587"],"url":"https:\/\/urbeamea.ro\/albaiulia\/author\/cristina-nicola\/"}]}},"_links":{"self":[{"href":"https:\/\/urbeamea.ro\/albaiulia\/wp-json\/wp\/v2\/posts\/45691","targetHints":{"allow":["GET"]}}],"collection":[{"href":"https:\/\/urbeamea.ro\/albaiulia\/wp-json\/wp\/v2\/posts"}],"about":[{"href":"https:\/\/urbeamea.ro\/albaiulia\/wp-json\/wp\/v2\/types\/post"}],"author":[{"embeddable":true,"href":"https:\/\/urbeamea.ro\/albaiulia\/wp-json\/wp\/v2\/users\/17"}],"replies":[{"embeddable":true,"href":"https:\/\/urbeamea.ro\/albaiulia\/wp-json\/wp\/v2\/comments?post=45691"}],"version-history":[{"count":0,"href":"https:\/\/urbeamea.ro\/albaiulia\/wp-json\/wp\/v2\/posts\/45691\/revisions"}],"wp:featuredmedia":[{"embeddable":true,"href":"https:\/\/urbeamea.ro\/albaiulia\/wp-json\/wp\/v2\/media\/31665"}],"wp:attachment":[{"href":"https:\/\/urbeamea.ro\/albaiulia\/wp-json\/wp\/v2\/media?parent=45691"}],"wp:term":[{"taxonomy":"category","embeddable":true,"href":"https:\/\/urbeamea.ro\/albaiulia\/wp-json\/wp\/v2\/categories?post=45691"},{"taxonomy":"post_tag","embeddable":true,"href":"https:\/\/urbeamea.ro\/albaiulia\/wp-json\/wp\/v2\/tags?post=45691"}],"curies":[{"name":"wp","href":"https:\/\/api.w.org\/{rel}","templated":true}]}}