{"id":45725,"date":"2017-05-24T12:59:01","date_gmt":"2017-05-24T09:59:01","guid":{"rendered":"http:\/\/urbeamea.ro\/albaiulia\/?p=45725"},"modified":"2017-05-24T12:59:01","modified_gmt":"2017-05-24T09:59:01","slug":"joi-sedinta-ordinara-la-consiliul-local-sebes-34-de-proiecte-pe-ordinea-de-zi","status":"publish","type":"post","link":"https:\/\/urbeamea.ro\/albaiulia\/joi-sedinta-ordinara-la-consiliul-local-sebes-34-de-proiecte-pe-ordinea-de-zi\/","title":{"rendered":"JOI: \u0218edin\u021b\u0103 ordinar\u0103 la Consiliul Local Sebe\u0219. 34 de proiecte pe ordinea de zi"},"content":{"rendered":"<p><strong>Consilierii locali din Sebe\u0219 sunt convoca\u021bi joi, 25 mai 2017, de la ora 14.00, \u00een \u0219edin\u021ba ordinar\u0103, cu 34 de proiecte pe ordinea de zi. <\/strong><\/p>\n<p><strong>Se vor supune la vot, printre altele, mai multe proiecte cu privire la acordul Consiliului Local pentru lucr\u0103ri de s\u0103p\u0103tur\u0103 pe domeniul public \u00een vederea realiz\u0103rii unor investi\u021bii precum extindere conduct\u0103 de gaze naturale sau alimentare cu energie electric\u0103, \u00a0aprobarea unor teme pentru poiectarea mai multor investi\u021bii, printre care semnalistiz\u0103 intr\u0103ri \u00een municipiu, reabilitare \u015fi revitalizare Parc\u00a0 Arini, reabilitare cl\u0103dire maternitate sau modernizare str\u0103zi, dar \u0219i un proiect de hot\u0103t\u00e2re privind acordarea unor\u00a0stimulente financiare medicilor din cadrul Spitalului Municipal\u00a0Sebe\u0219.<\/strong><\/p>\n<p>Ordinea de zi:<\/p>\n<ol>\n<li>Proiect de hot\u0103r\u00e2re cu privire la\u00a0 acordul Consiliului Local al Municipiului\u00a0 Sebe\u015f pentru lucr\u0103ri de s\u0103p\u0103tura executate pe domeniul public, \u00een vederea\u00a0 realiz\u0103rii investi\u0163iei \u201eLucr\u0103ri\u00a0 de interven\u0163ie pentru instalarea\u00a0 cablului magistral de fibre optice \u00een conducta existent\u0103 proprietate Telekom \/Ericsson din localitatea Lancr\u0103m, jud. Alba\u201d.<strong><br \/>\n<\/strong><\/li>\n<\/ol>\n<ol start=\"2\">\n<li>Proiect de hot\u0103r\u00e2re cu privire la acordul Consiliului Local\u00a0 al Municipiului Sebe\u015f\u00a0 pentru lucr\u0103ri de s\u0103p\u0103tur\u0103\u00a0 pe domeniul\u00a0 public,\u00een vederea realiz\u0103rii investi\u0163iei \u201eExtindere conduct\u0103 de gaze naturale\u00a0 presiune redus\u0103 \u015fi dou\u0103 bran\u015famente\u201d \u2013 Petre\u015fti, strada Fagului nr. 5, bl. 5F-5E, municipiul Sebe\u0219<\/li>\n<\/ol>\n<ol start=\"3\">\n<li>Proiect de hot\u0103r\u00e2re privind exercitarea\/neexercitarea dreptului de preem\u0163iune privitor la cump\u0103rarea imobilului situat administrativ \u00een Municipiul Sebe\u015f, str. Lucian Blaga , nr. 6, jud. Alba , imobil monument\u00a0 istoric conform Listei Monumentelor\u00a0 Istorice 2015 nr. crt. 548 cod AB-II-m-B-00334.<strong>\u00a0\u00a0\u00a0\u00a0\u00a0\u00a0\u00a0\u00a0\u00a0 <\/strong><\/li>\n<\/ol>\n<ol start=\"4\">\n<li>Proiect de hot\u0103r\u00e2re cu privire la acordul Consiliului Local al Municipiului Sebe\u015f pentru lucr\u0103ri de s\u0103p\u0103tur\u0103 pe domeniul\u00a0 public,\u00een vederea realiz\u0103rii investi\u0163iei \u201eExtindere\u00a0 conduct\u0103 \u015fi bran\u015fament\u00a0 gaze naturale presiune redus\u0103\u201d- strada Tineretului nr. 1 A,Municipiul Sebe\u015f .<strong>\u00a0\u00a0\u00a0\u00a0\u00a0 <\/strong><\/li>\n<\/ol>\n<ol start=\"11\">\n<li>Proiect de hot\u0103r\u00e2re privind stabilirea\u00a0 situa\u0163iilor deosebite, a\u00a0 metodologiei \u00een vederea acord\u0103rii ajutoarelor de urgen\u0163\u0103 din bugetul local, persoanelor singure sau\u00a0 familiilor din Municipiul Sebe\u015f \u015fi a localit\u0103\u0163ilor apartin\u0103toare.<\/li>\n<li>Proiect de hotarare privind aprobarea aliment\u0103rii cu gaze naturale a locuin\u0163ei \u2013 apartament 17, bloc. 2, str. Progresului, loc. Petre\u015fti \u2013 Sebe\u015f, proprietate privat\u0103 a Municipiului Sebe\u015f, locuin\u0163\u0103 ce formeaz\u0103 obiectul Contractului de \u00eenchiriere nr. 100\/29.07.2005, titular GROZAV\u00a0 Anamaria \u2013 Bianca.<\/li>\n<li>Proiect de hotarare cu privire la\u00a0 acordul Consiliului Local\u00a0 al Municipiului\u00a0 Sebe\u015f pentru lucr\u0103ri\u00a0 de s\u0103p\u0103tur\u0103 pe domeniul public, \u00een vederea realiz\u0103rii investi\u0163iei \u201eAlimentare cu energie electric\u0103\u00a0 spa\u0163iu comercial Profi str. Lucian Blaga, Sebe\u015f, Alba\u201d.<\/li>\n<li>Proiect de hot\u0103r\u00e2re privind retragerea din administrarea \u015ecolii Gimnaziale Petre\u015fti a imobilului Sc. Gimnaziala Petresti \u2013 Valea Sebesului nr. 9, identificat prin CF 79500, nr. Cad 79500-C1, inscris in domeniul public al Municipiului Sebes cu nr. de inventar 10910 \u015fi darea \u00een administrare c\u0103tre Serviciul Public de Administrarea Patrimoniului Sebes.<\/li>\n<li>Poiect de hot\u0103r\u00e2re privind introducerea\u00a0 \u00een inventarul domeniului public\u00a0 al Municipiului Sebe\u015f a unei suprafe\u0163e de teren \u00eenscrise \u00een CF nr. 84413 \u2013 262 mp,\u00a0 situat\u0103 \u00een intravilanul Mun. Sebe\u015f conform PUZ nr. 28\/2013, aprobat prin HCL 363\/2013 \u015fi darea \u00een administrare c\u0103tre Serviciul Public de Administrarea Patrimoniului Sebe\u015f .<\/li>\n<li>Proiect de hot\u0103r\u00e2re privind modificarea Inventarului bunurilor care apar\u0163in domneiului public al Municipiului Sebe\u015f .<strong>\u00a0\u00a0\u00a0\u00a0\u00a0\u00a0 <\/strong><\/li>\n<li>Proiect de hot\u0103r\u00e2re privind aprobarea\u00a0 Regulamentului\u00a0 referitor la condi\u0163iile \u00een care se realizeaz\u0103 accesul pe proprietatea public\u0103 sau privat\u0103 a Municipiului Sebe\u015f \u00een vederea instal\u0103rii,\u00eentre\u0163inerii,\u00eenlocuirii sau mut\u0103rii re\u0163elelor de comunica\u0163ii electronice sau a elementelor de infrastructur\u0103\u00a0 necesare sus\u0163inerii acestora, modul de utilizare\u00a0 partajat\u0103 a elementelor de infrastructur\u0103,precum \u015fi m\u0103surile privind construirea de re\u0163ele de comunica\u0163ii electronice\u00a0 \u00een subteran.<\/li>\n<li>Proiect de hot\u0103r\u00e2re cu privire la modificarea anexei 23 a H.C.L. 24\/2009 privind Aprobarea Regulamentului de transport taxi \u015fi Regulamentul de organizare a Activit\u0103\u021bii de dispecerat la transport \u00een regim de taxi\u00a0 pe raza administrativ teritorial\u0103 a Municipiului Sebe\u015f, modificat\u0103 prin HCL nr. 228\/2013\u00a0\u015fi HCL nr. 73\/2017, \u00een sensul introducerii punctajelor pentru autovehiculele hibride \u0219i electrice<strong>.<\/strong><\/li>\n<li>Proiect de hot\u0103r\u00e2re privind modificarea\u00a0 denumirii unor obiective de investi\u0163ii din cadrul Cap.66 S\u0103n\u0103tate \u015fi Cap. 84 Transporturi, din Programul de investi\u0163ii publice\u00a0 pe obiective de investi\u0163ii,pe grupe de investi\u0163ii, pe surse de finan\u0163are pe anul 2017 \u015fi estim\u0103ri 2018 \u2013 2020.<\/li>\n<li>Proiect de hot\u0103r\u00e2re privind aprobarea\u00a0 Temei de proiectare\u00a0 17764\/10.05.2017 pentru\u00a0 proiectarea obiectivului de investi\u0163ii \u201eModernizare\u00a0 drumuri de exploatare\u00a0 agricol\u0103\u201d- faza\u00a0 D.A.L.I.<\/li>\n<li>Proiect de hot\u0103r\u00e2re privind aprobarea Temei de proiectare 15638\/21.04.2017 pentru proiectarea obiectivului de investi\u0163ii \u201eSemnalistic\u0103 intr\u0103ri \u00een Municipiul Sebe\u015f \u201e- faza SF.<\/li>\n<li>Proiect de hot\u0103r\u00e2re privind aprobarea temei de proiectare nr. 15673\/24.04.2017 pentru proiectarea obiectivului de investi\u0163ii\u00a0 \u201eReabilitare \u015fi revitalizare Parc\u00a0 Arini \u201e \u2013 faza D.A.L.I.<\/li>\n<li>Proiect de hot\u0103r\u00e2re privind aprobarea Temei de proiectare\u00a0 2450\/08.05.2017 pentru proiectarea obiectivului de investi\u0163ii \u201eReabilitare cl\u0103dire maternitate \u201e- faza D.A.L.I.<\/li>\n<li>Proiect de hot\u0103r\u00e2re privind aprobarea temei de proiectare 15601\/21.04.2017 pentru proiectarea obiectivului de investi\u0163ii \u201eModernizare str\u0103zi : Lucian Blaga, Mihai Viteazul,9 Mai, Miori\u0163ei ,24 Ianuarie, Pia\u0163a Prim\u0103riei , Pia\u0163a Libert\u0103\u0163ii, Municipiul Sebe\u015f \u201e- faza D.A.L.I.<\/li>\n<li>Proiect de hot\u0103r\u00e2re privind aprobarea Studiului de Fezabilitate pentru obiectivul de investi\u0163ii \u201eReabilitare re\u0163ea\u00a0 ap\u0103 strada Doroban\u0163i , Municipiul Sebe\u015f \u201e<\/li>\n<li>Proiect de hot\u0103r\u00e2re privind aprobarea situa\u0163iilor\u00a0 financiare\u00a0 la Ocolul Silvic Sebe\u015f RA pe anul 2016.<\/li>\n<li>Proiect de hot\u0103r\u00e2re privind aprobarea documenta\u0163iei P.U.Z.\u00a0 \u015fi a R.L.U. Proiect nr. 9\/2017\u201dPUZ sta\u0163ie de Epurare R\u0103h\u0103u \u201e,loc. R\u0103h\u0103u, Municipiul Sebe\u015f,- Extravilan , nr. FN, jud. Alba, beneficiar Municipiul Sebe\u015f .<\/li>\n<li>Proiect de hot\u0103r\u00e2re privind Studiul de fundamentare a deciziei de concesionare a gestiunii unor activit\u0103\u021bi componente ale Serviciului de salubrizare \u00een jude\u021bul Alba, respectiv colectare \u0219i transport de\u0219euri municipale \u0219i a unor fluxuri speciale de de\u0219euri pe LOTUL 2, ZONA 2 de operare precum \u0219i caietul de sarcini al licita\u021biei de colectare \u0219i transport de\u0219euri, \u00eentocmit \u00een baza acestuia.<\/li>\n<li>Proiect de hotarare privind retragerea din administrarea Serviciului Public de Administrarea Patrimoniului Sebe\u015f a locuin\u0163ei \u201eApartament bl. 70\/8 M. Kog\u0103lniceanu\u201d din Municipiul Sebe\u015f \u015fi repartizarea \u00een regim de chirie c\u0103tre dl. Todor Nicolae Valentin.<\/li>\n<li>Proiect de hot\u0103r\u00e2re privind aprobarea\u00a0 \u00eentocmirii amenajamentului pastoral\u00a0 pentru paji\u015ftile aflate pe teritoriul\u00a0 UAT Sebe\u015f .<\/li>\n<li>Proiect de hot\u0103r\u00e2re privind reorganizarea\u00a0 activit\u0103\u0163ii Serviciului Voluntar\u00a0 pentru Situa\u0163ii de Urgen\u0163\u0103 Sebe\u015f, cu modificarea organigramei \u015fi statului de func\u0163ii\u00a0 ale Serviciului Voluntar pentru Situa\u0163ii de Urgen\u0163\u0103 Sebe\u015f\u00a0 din subordinea Consiliului Local Sebe\u015f .<\/li>\n<li>Proiect de hot\u0103r\u00e2re privind aprobarea modific\u0103rii\u00a0 organigramei \u015fi a statului de func\u0163ii al Serviciului\u00a0 Public de Administrarea Patrimoniului , cu\u00a0 privire la transformarea \u015fi mutarea unor posturi vacante.<\/li>\n<li>Proiect de hot\u0103r\u00e2re referitor la acordul Municipiului Sebe\u015f, prin Consiliul Local al Municipiului Sebe\u015f, cu privire la modificarea Contractului de asociere\u00a0 46064\/30.12.2011 ca urmare a retragerii Comunei \u015epring din cadrul asocierii\u00a0 \u015fi aprobarea intr\u0103rii \u00een asociere a Municipiului Alba \u2013 Iulia.<\/li>\n<li>Proiect de hot\u0103r\u00e2re privind\u00a0 aprobarea Temei de proiectare\u00a0 1767\/18.05.2017\u00a0 pentru servicii \u00eentocmire Studiu de fezabilitate \u201eReabilitare \u015fi eficientizare\u00a0 sistem iluminat stradal \u00een Municipiul Sebe\u015f \u201e.<strong><br \/>\n<\/strong><\/li>\n<\/ol>\n<ol start=\"29\">\n<li>Proiect de hot\u0103r\u00e2re privind aprobarea Temei de proiectare\u00a0 2633\/16.05.2017 pentru proiectarea obiectivului de investi\u0163ii \u201eExtindere Spitalul Municipal\u00a0 Sebe\u015f\u201d- faza S.F.<\/li>\n<li>Proiect de hot\u0103r\u00e2re privind aprobarea Temei de proiectare\u00a0 2680\/18.05.2017 pentru proiectarea obiectivului de investi\u0163ii \u201eReabilitare\u00a0 termic\u0103 cl\u0103dire\u00a0 spital \u201e- faza D.A.L.I.<\/li>\n<li>Proiect de hot\u0103r\u00e2re privind aprobarea Temei de proiectare\u00a0 2681\/18.05.2017 pentru proiectarea obiectivului de investi\u0163ii \u201eReabilitare\u00a0 termic\u0103 cl\u0103dire\u00a0 contagioase \u201e- faza D.A.L.I.<\/li>\n<li>Proiect de hot\u0103r\u00e2re privind aprobarea Temei de proiectare\u00a0 2677\/18.05.2017 pentru proiectarea obiectivului de investi\u0163ii \u201eReabilitare\u00a0 termic\u0103 cl\u0103dire\u00a0 neuropsihiatrie \u201e- faza D.A.L.I.<\/li>\n<li>Proiect de hot\u0103r\u00e2re privind\u00a0 acordul Consiliului local al Municipiului Sebe\u015f\u00a0 pentru lucr\u0103ri de s\u0103p\u0103tur\u0103 pe domeniul public\u00a0 \u00een vederea realiz\u0103rii investi\u0163iei \u201eRelocare \u015fi protejare conducte de distribu\u0163ie gaze naturale\u00a0 de presiune redus\u0103 \u015fi joas\u0103 afectate de traseul\u00a0 autostr\u0103zii Sebe\u015f \u2013 Turda,Lotul 1, km 0 +300-14+000\u201d, jude\u0163ul Alba.<\/li>\n<li>Proiect de hot\u0103r\u00e2re privind acordarea unor\u00a0 stimulente financiare medicilor din cadrul Spitalului Municipal<\/li>\n<li>Informarea nr. 17788\/11.05.2017- Raportul delega\u0163iei Municipiului Sebe\u015f la Komarom \u2013 Ungaria , din perioada 21.04.2017 \u2013 24.04.2017.<\/li>\n<li>Informarea nr. 18.640\/19.05.2017- Raportul delega\u0163iei Municipiului Sebe\u015f la Komarom \u2013 Ungaria , din perioada 26.04.2017 \u2013 01.05.2017.<\/li>\n<li>Informarea nr. 17043\/04.05.2017 \u2013 Raport anual al Consiliului de Administra\u0163ie al Ocolului Silvic Sebe\u015f R.A. pe anul 2016.<\/li>\n<li>Informarea nr. 17816\/11.05.2017 \u2013 adresa completare Bilant SC ECOSTAR GROUP SRL. (A.M.)<\/li>\n<\/ol>\n<p class=\"WW-Default1\" align=\"center\">\n","protected":false},"excerpt":{"rendered":"<p>Consilierii locali din Sebe\u0219 sunt convoca\u021bi joi, 25 mai 2017, de la ora 14.00, \u00een \u0219edin\u021ba ordinar\u0103, cu 34 de proiecte pe ordinea de zi. Se vor supune la vot, printre altele, mai multe proiecte cu privire la acordul Consiliului Local pentru lucr\u0103ri de s\u0103p\u0103tur\u0103 pe domeniul public \u00een vederea realiz\u0103rii unor investi\u021bii precum extindere &hellip;<\/p>\n","protected":false},"author":17,"featured_media":44802,"comment_status":"open","ping_status":"open","sticky":false,"template":"","format":"standard","meta":{"inline_featured_image":false,"footnotes":""},"categories":[2035],"tags":[2726,2132,625,1223,3243,308,76],"class_list":["post-45725","post","type-post","status-publish","format-standard","has-post-thumbnail","hentry","category-administratie","tag-consiliul-local","tag-ordinea-de-zi","tag-proiecte","tag-sebes","tag-sedinta-ordinara","tag-stiri","tag-urbea-mea"],"yoast_head":"<!-- This site is optimized with the Yoast SEO plugin v28.3 - https:\/\/yoast.com\/product\/yoast-seo-wordpress\/ -->\n<title>JOI: \u0218edin\u021b\u0103 ordinar\u0103 la Consiliul Local Sebe\u0219. 34 de proiecte pe ordinea de zi - Revista Urbea Mea - Revista de Alba<\/title>\n<meta name=\"description\" content=\"Consilierii locali din Sebe\u0219 sunt convoca\u021bi joi, 25 mai 2017, de la ora 14.00, \u00een \u0219edin\u021ba ordinar\u0103, cu 34 de proiecte pe ordinea de zi. Se vor supune la\" \/>\n<meta name=\"robots\" content=\"index, follow, max-snippet:-1, max-image-preview:large, max-video-preview:-1\" \/>\n<link rel=\"canonical\" href=\"https:\/\/urbeamea.ro\/albaiulia\/joi-sedinta-ordinara-la-consiliul-local-sebes-34-de-proiecte-pe-ordinea-de-zi\/\" \/>\n<meta name=\"twitter:card\" content=\"summary_large_image\" \/>\n<meta name=\"twitter:title\" content=\"JOI: \u0218edin\u021b\u0103 ordinar\u0103 la Consiliul Local Sebe\u0219. 34 de proiecte pe ordinea de zi - Revista Urbea Mea - Revista de Alba\" \/>\n<meta name=\"twitter:description\" content=\"Consilierii locali din Sebe\u0219 sunt convoca\u021bi joi, 25 mai 2017, de la ora 14.00, \u00een \u0219edin\u021ba ordinar\u0103, cu 34 de proiecte pe ordinea de zi. Se vor supune la\" \/>\n<meta name=\"twitter:image\" content=\"https:\/\/urbeamea.ro\/albaiulia\/wp-content\/uploads\/2017\/05\/Foto-Sebes-panoramic-1.jpg\" \/>\n<meta name=\"twitter:creator\" content=\"@urbeameaweb\" \/>\n<meta name=\"twitter:site\" content=\"@urbeameaweb\" \/>\n<script type=\"application\/ld+json\" class=\"yoast-schema-graph\">{\"@context\":\"https:\\\/\\\/schema.org\",\"@graph\":[{\"@type\":\"Article\",\"@id\":\"https:\\\/\\\/urbeamea.ro\\\/albaiulia\\\/joi-sedinta-ordinara-la-consiliul-local-sebes-34-de-proiecte-pe-ordinea-de-zi\\\/#article\",\"isPartOf\":{\"@id\":\"https:\\\/\\\/urbeamea.ro\\\/albaiulia\\\/joi-sedinta-ordinara-la-consiliul-local-sebes-34-de-proiecte-pe-ordinea-de-zi\\\/\"},\"author\":{\"name\":\"Cristina Ganga\",\"@id\":\"https:\\\/\\\/urbeamea.ro\\\/albaiulia\\\/#\\\/schema\\\/person\\\/9700d21fae21c4f038b0b56f4506264a\"},\"headline\":\"JOI: \u0218edin\u021b\u0103 ordinar\u0103 la Consiliul Local Sebe\u0219. 34 de proiecte pe ordinea de zi\",\"datePublished\":\"2017-05-24T09:59:01+00:00\",\"mainEntityOfPage\":{\"@id\":\"https:\\\/\\\/urbeamea.ro\\\/albaiulia\\\/joi-sedinta-ordinara-la-consiliul-local-sebes-34-de-proiecte-pe-ordinea-de-zi\\\/\"},\"wordCount\":1446,\"commentCount\":0,\"image\":{\"@id\":\"https:\\\/\\\/urbeamea.ro\\\/albaiulia\\\/joi-sedinta-ordinara-la-consiliul-local-sebes-34-de-proiecte-pe-ordinea-de-zi\\\/#primaryimage\"},\"thumbnailUrl\":\"https:\\\/\\\/urbeamea.ro\\\/albaiulia\\\/wp-content\\\/uploads\\\/2017\\\/05\\\/Foto-Sebes-panoramic-1.jpg\",\"keywords\":[\"consiliul local\",\"ordinea de zi\",\"proiecte\",\"sebes\",\"sedinta ordinara\",\"stiri\",\"Urbea Mea\"],\"articleSection\":[\"Administra\u021bie\"],\"inLanguage\":\"ro-RO\",\"potentialAction\":[{\"@type\":\"CommentAction\",\"name\":\"Comment\",\"target\":[\"https:\\\/\\\/urbeamea.ro\\\/albaiulia\\\/joi-sedinta-ordinara-la-consiliul-local-sebes-34-de-proiecte-pe-ordinea-de-zi\\\/#respond\"]}]},{\"@type\":\"WebPage\",\"@id\":\"https:\\\/\\\/urbeamea.ro\\\/albaiulia\\\/joi-sedinta-ordinara-la-consiliul-local-sebes-34-de-proiecte-pe-ordinea-de-zi\\\/\",\"url\":\"https:\\\/\\\/urbeamea.ro\\\/albaiulia\\\/joi-sedinta-ordinara-la-consiliul-local-sebes-34-de-proiecte-pe-ordinea-de-zi\\\/\",\"name\":\"JOI: \u0218edin\u021b\u0103 ordinar\u0103 la Consiliul Local Sebe\u0219. 34 de proiecte pe ordinea de zi - Revista Urbea Mea - Revista de Alba\",\"isPartOf\":{\"@id\":\"https:\\\/\\\/urbeamea.ro\\\/albaiulia\\\/#website\"},\"primaryImageOfPage\":{\"@id\":\"https:\\\/\\\/urbeamea.ro\\\/albaiulia\\\/joi-sedinta-ordinara-la-consiliul-local-sebes-34-de-proiecte-pe-ordinea-de-zi\\\/#primaryimage\"},\"image\":{\"@id\":\"https:\\\/\\\/urbeamea.ro\\\/albaiulia\\\/joi-sedinta-ordinara-la-consiliul-local-sebes-34-de-proiecte-pe-ordinea-de-zi\\\/#primaryimage\"},\"thumbnailUrl\":\"https:\\\/\\\/urbeamea.ro\\\/albaiulia\\\/wp-content\\\/uploads\\\/2017\\\/05\\\/Foto-Sebes-panoramic-1.jpg\",\"datePublished\":\"2017-05-24T09:59:01+00:00\",\"author\":{\"@id\":\"https:\\\/\\\/urbeamea.ro\\\/albaiulia\\\/#\\\/schema\\\/person\\\/9700d21fae21c4f038b0b56f4506264a\"},\"description\":\"Consilierii locali din Sebe\u0219 sunt convoca\u021bi joi, 25 mai 2017, de la ora 14.00, \u00een \u0219edin\u021ba ordinar\u0103, cu 34 de proiecte pe ordinea de zi. Se vor supune la\",\"breadcrumb\":{\"@id\":\"https:\\\/\\\/urbeamea.ro\\\/albaiulia\\\/joi-sedinta-ordinara-la-consiliul-local-sebes-34-de-proiecte-pe-ordinea-de-zi\\\/#breadcrumb\"},\"inLanguage\":\"ro-RO\",\"potentialAction\":[{\"@type\":\"ReadAction\",\"target\":[\"https:\\\/\\\/urbeamea.ro\\\/albaiulia\\\/joi-sedinta-ordinara-la-consiliul-local-sebes-34-de-proiecte-pe-ordinea-de-zi\\\/\"]}]},{\"@type\":\"ImageObject\",\"inLanguage\":\"ro-RO\",\"@id\":\"https:\\\/\\\/urbeamea.ro\\\/albaiulia\\\/joi-sedinta-ordinara-la-consiliul-local-sebes-34-de-proiecte-pe-ordinea-de-zi\\\/#primaryimage\",\"url\":\"https:\\\/\\\/urbeamea.ro\\\/albaiulia\\\/wp-content\\\/uploads\\\/2017\\\/05\\\/Foto-Sebes-panoramic-1.jpg\",\"contentUrl\":\"https:\\\/\\\/urbeamea.ro\\\/albaiulia\\\/wp-content\\\/uploads\\\/2017\\\/05\\\/Foto-Sebes-panoramic-1.jpg\",\"width\":1024,\"height\":576},{\"@type\":\"BreadcrumbList\",\"@id\":\"https:\\\/\\\/urbeamea.ro\\\/albaiulia\\\/joi-sedinta-ordinara-la-consiliul-local-sebes-34-de-proiecte-pe-ordinea-de-zi\\\/#breadcrumb\",\"itemListElement\":[{\"@type\":\"ListItem\",\"position\":1,\"name\":\"Prima pagin\u0103\",\"item\":\"https:\\\/\\\/urbeamea.ro\\\/albaiulia\\\/\"},{\"@type\":\"ListItem\",\"position\":2,\"name\":\"JOI: \u0218edin\u021b\u0103 ordinar\u0103 la Consiliul Local Sebe\u0219. 34 de proiecte pe ordinea de zi\"}]},{\"@type\":\"WebSite\",\"@id\":\"https:\\\/\\\/urbeamea.ro\\\/albaiulia\\\/#website\",\"url\":\"https:\\\/\\\/urbeamea.ro\\\/albaiulia\\\/\",\"name\":\"Revista Urbea Mea, Stiri urbane\",\"description\":\"Evenimente \u0219i \u0219tiri din Alba Iulia, Sebe\u0219, Aiud, Blaj\",\"potentialAction\":[{\"@type\":\"SearchAction\",\"target\":{\"@type\":\"EntryPoint\",\"urlTemplate\":\"https:\\\/\\\/urbeamea.ro\\\/albaiulia\\\/?s={search_term_string}\"},\"query-input\":{\"@type\":\"PropertyValueSpecification\",\"valueRequired\":true,\"valueName\":\"search_term_string\"}}],\"inLanguage\":\"ro-RO\"},{\"@type\":\"Person\",\"@id\":\"https:\\\/\\\/urbeamea.ro\\\/albaiulia\\\/#\\\/schema\\\/person\\\/9700d21fae21c4f038b0b56f4506264a\",\"name\":\"Cristina Ganga\",\"image\":{\"@type\":\"ImageObject\",\"inLanguage\":\"ro-RO\",\"@id\":\"https:\\\/\\\/secure.gravatar.com\\\/avatar\\\/5a67661041f057b4a8ccaf26f5a8e86e2689372006d01faf3dd9eeb10b654bb4?s=96&d=mm&r=g\",\"url\":\"https:\\\/\\\/secure.gravatar.com\\\/avatar\\\/5a67661041f057b4a8ccaf26f5a8e86e2689372006d01faf3dd9eeb10b654bb4?s=96&d=mm&r=g\",\"contentUrl\":\"https:\\\/\\\/secure.gravatar.com\\\/avatar\\\/5a67661041f057b4a8ccaf26f5a8e86e2689372006d01faf3dd9eeb10b654bb4?s=96&d=mm&r=g\",\"caption\":\"Cristina Ganga\"},\"description\":\"Jurnalist\",\"sameAs\":[\"https:\\\/\\\/www.facebook.com\\\/cristina.nicola.587\"],\"url\":\"https:\\\/\\\/urbeamea.ro\\\/albaiulia\\\/author\\\/cristina-nicola\\\/\"}]}<\/script>\n<!-- \/ Yoast SEO plugin. -->","yoast_head_json":{"title":"JOI: \u0218edin\u021b\u0103 ordinar\u0103 la Consiliul Local Sebe\u0219. 34 de proiecte pe ordinea de zi - Revista Urbea Mea - Revista de Alba","description":"Consilierii locali din Sebe\u0219 sunt convoca\u021bi joi, 25 mai 2017, de la ora 14.00, \u00een \u0219edin\u021ba ordinar\u0103, cu 34 de proiecte pe ordinea de zi. Se vor supune la","robots":{"index":"index","follow":"follow","max-snippet":"max-snippet:-1","max-image-preview":"max-image-preview:large","max-video-preview":"max-video-preview:-1"},"canonical":"https:\/\/urbeamea.ro\/albaiulia\/joi-sedinta-ordinara-la-consiliul-local-sebes-34-de-proiecte-pe-ordinea-de-zi\/","twitter_card":"summary_large_image","twitter_title":"JOI: \u0218edin\u021b\u0103 ordinar\u0103 la Consiliul Local Sebe\u0219. 34 de proiecte pe ordinea de zi - Revista Urbea Mea - Revista de Alba","twitter_description":"Consilierii locali din Sebe\u0219 sunt convoca\u021bi joi, 25 mai 2017, de la ora 14.00, \u00een \u0219edin\u021ba ordinar\u0103, cu 34 de proiecte pe ordinea de zi. Se vor supune la","twitter_image":"https:\/\/urbeamea.ro\/albaiulia\/wp-content\/uploads\/2017\/05\/Foto-Sebes-panoramic-1.jpg","twitter_creator":"@urbeameaweb","twitter_site":"@urbeameaweb","schema":{"@context":"https:\/\/schema.org","@graph":[{"@type":"Article","@id":"https:\/\/urbeamea.ro\/albaiulia\/joi-sedinta-ordinara-la-consiliul-local-sebes-34-de-proiecte-pe-ordinea-de-zi\/#article","isPartOf":{"@id":"https:\/\/urbeamea.ro\/albaiulia\/joi-sedinta-ordinara-la-consiliul-local-sebes-34-de-proiecte-pe-ordinea-de-zi\/"},"author":{"name":"Cristina Ganga","@id":"https:\/\/urbeamea.ro\/albaiulia\/#\/schema\/person\/9700d21fae21c4f038b0b56f4506264a"},"headline":"JOI: \u0218edin\u021b\u0103 ordinar\u0103 la Consiliul Local Sebe\u0219. 34 de proiecte pe ordinea de zi","datePublished":"2017-05-24T09:59:01+00:00","mainEntityOfPage":{"@id":"https:\/\/urbeamea.ro\/albaiulia\/joi-sedinta-ordinara-la-consiliul-local-sebes-34-de-proiecte-pe-ordinea-de-zi\/"},"wordCount":1446,"commentCount":0,"image":{"@id":"https:\/\/urbeamea.ro\/albaiulia\/joi-sedinta-ordinara-la-consiliul-local-sebes-34-de-proiecte-pe-ordinea-de-zi\/#primaryimage"},"thumbnailUrl":"https:\/\/urbeamea.ro\/albaiulia\/wp-content\/uploads\/2017\/05\/Foto-Sebes-panoramic-1.jpg","keywords":["consiliul local","ordinea de zi","proiecte","sebes","sedinta ordinara","stiri","Urbea Mea"],"articleSection":["Administra\u021bie"],"inLanguage":"ro-RO","potentialAction":[{"@type":"CommentAction","name":"Comment","target":["https:\/\/urbeamea.ro\/albaiulia\/joi-sedinta-ordinara-la-consiliul-local-sebes-34-de-proiecte-pe-ordinea-de-zi\/#respond"]}]},{"@type":"WebPage","@id":"https:\/\/urbeamea.ro\/albaiulia\/joi-sedinta-ordinara-la-consiliul-local-sebes-34-de-proiecte-pe-ordinea-de-zi\/","url":"https:\/\/urbeamea.ro\/albaiulia\/joi-sedinta-ordinara-la-consiliul-local-sebes-34-de-proiecte-pe-ordinea-de-zi\/","name":"JOI: \u0218edin\u021b\u0103 ordinar\u0103 la Consiliul Local Sebe\u0219. 34 de proiecte pe ordinea de zi - Revista Urbea Mea - Revista de Alba","isPartOf":{"@id":"https:\/\/urbeamea.ro\/albaiulia\/#website"},"primaryImageOfPage":{"@id":"https:\/\/urbeamea.ro\/albaiulia\/joi-sedinta-ordinara-la-consiliul-local-sebes-34-de-proiecte-pe-ordinea-de-zi\/#primaryimage"},"image":{"@id":"https:\/\/urbeamea.ro\/albaiulia\/joi-sedinta-ordinara-la-consiliul-local-sebes-34-de-proiecte-pe-ordinea-de-zi\/#primaryimage"},"thumbnailUrl":"https:\/\/urbeamea.ro\/albaiulia\/wp-content\/uploads\/2017\/05\/Foto-Sebes-panoramic-1.jpg","datePublished":"2017-05-24T09:59:01+00:00","author":{"@id":"https:\/\/urbeamea.ro\/albaiulia\/#\/schema\/person\/9700d21fae21c4f038b0b56f4506264a"},"description":"Consilierii locali din Sebe\u0219 sunt convoca\u021bi joi, 25 mai 2017, de la ora 14.00, \u00een \u0219edin\u021ba ordinar\u0103, cu 34 de proiecte pe ordinea de zi. Se vor supune la","breadcrumb":{"@id":"https:\/\/urbeamea.ro\/albaiulia\/joi-sedinta-ordinara-la-consiliul-local-sebes-34-de-proiecte-pe-ordinea-de-zi\/#breadcrumb"},"inLanguage":"ro-RO","potentialAction":[{"@type":"ReadAction","target":["https:\/\/urbeamea.ro\/albaiulia\/joi-sedinta-ordinara-la-consiliul-local-sebes-34-de-proiecte-pe-ordinea-de-zi\/"]}]},{"@type":"ImageObject","inLanguage":"ro-RO","@id":"https:\/\/urbeamea.ro\/albaiulia\/joi-sedinta-ordinara-la-consiliul-local-sebes-34-de-proiecte-pe-ordinea-de-zi\/#primaryimage","url":"https:\/\/urbeamea.ro\/albaiulia\/wp-content\/uploads\/2017\/05\/Foto-Sebes-panoramic-1.jpg","contentUrl":"https:\/\/urbeamea.ro\/albaiulia\/wp-content\/uploads\/2017\/05\/Foto-Sebes-panoramic-1.jpg","width":1024,"height":576},{"@type":"BreadcrumbList","@id":"https:\/\/urbeamea.ro\/albaiulia\/joi-sedinta-ordinara-la-consiliul-local-sebes-34-de-proiecte-pe-ordinea-de-zi\/#breadcrumb","itemListElement":[{"@type":"ListItem","position":1,"name":"Prima pagin\u0103","item":"https:\/\/urbeamea.ro\/albaiulia\/"},{"@type":"ListItem","position":2,"name":"JOI: \u0218edin\u021b\u0103 ordinar\u0103 la Consiliul Local Sebe\u0219. 34 de proiecte pe ordinea de zi"}]},{"@type":"WebSite","@id":"https:\/\/urbeamea.ro\/albaiulia\/#website","url":"https:\/\/urbeamea.ro\/albaiulia\/","name":"Revista Urbea Mea, Stiri urbane","description":"Evenimente \u0219i \u0219tiri din Alba Iulia, Sebe\u0219, Aiud, Blaj","potentialAction":[{"@type":"SearchAction","target":{"@type":"EntryPoint","urlTemplate":"https:\/\/urbeamea.ro\/albaiulia\/?s={search_term_string}"},"query-input":{"@type":"PropertyValueSpecification","valueRequired":true,"valueName":"search_term_string"}}],"inLanguage":"ro-RO"},{"@type":"Person","@id":"https:\/\/urbeamea.ro\/albaiulia\/#\/schema\/person\/9700d21fae21c4f038b0b56f4506264a","name":"Cristina Ganga","image":{"@type":"ImageObject","inLanguage":"ro-RO","@id":"https:\/\/secure.gravatar.com\/avatar\/5a67661041f057b4a8ccaf26f5a8e86e2689372006d01faf3dd9eeb10b654bb4?s=96&d=mm&r=g","url":"https:\/\/secure.gravatar.com\/avatar\/5a67661041f057b4a8ccaf26f5a8e86e2689372006d01faf3dd9eeb10b654bb4?s=96&d=mm&r=g","contentUrl":"https:\/\/secure.gravatar.com\/avatar\/5a67661041f057b4a8ccaf26f5a8e86e2689372006d01faf3dd9eeb10b654bb4?s=96&d=mm&r=g","caption":"Cristina Ganga"},"description":"Jurnalist","sameAs":["https:\/\/www.facebook.com\/cristina.nicola.587"],"url":"https:\/\/urbeamea.ro\/albaiulia\/author\/cristina-nicola\/"}]}},"_links":{"self":[{"href":"https:\/\/urbeamea.ro\/albaiulia\/wp-json\/wp\/v2\/posts\/45725","targetHints":{"allow":["GET"]}}],"collection":[{"href":"https:\/\/urbeamea.ro\/albaiulia\/wp-json\/wp\/v2\/posts"}],"about":[{"href":"https:\/\/urbeamea.ro\/albaiulia\/wp-json\/wp\/v2\/types\/post"}],"author":[{"embeddable":true,"href":"https:\/\/urbeamea.ro\/albaiulia\/wp-json\/wp\/v2\/users\/17"}],"replies":[{"embeddable":true,"href":"https:\/\/urbeamea.ro\/albaiulia\/wp-json\/wp\/v2\/comments?post=45725"}],"version-history":[{"count":0,"href":"https:\/\/urbeamea.ro\/albaiulia\/wp-json\/wp\/v2\/posts\/45725\/revisions"}],"wp:featuredmedia":[{"embeddable":true,"href":"https:\/\/urbeamea.ro\/albaiulia\/wp-json\/wp\/v2\/media\/44802"}],"wp:attachment":[{"href":"https:\/\/urbeamea.ro\/albaiulia\/wp-json\/wp\/v2\/media?parent=45725"}],"wp:term":[{"taxonomy":"category","embeddable":true,"href":"https:\/\/urbeamea.ro\/albaiulia\/wp-json\/wp\/v2\/categories?post=45725"},{"taxonomy":"post_tag","embeddable":true,"href":"https:\/\/urbeamea.ro\/albaiulia\/wp-json\/wp\/v2\/tags?post=45725"}],"curies":[{"name":"wp","href":"https:\/\/api.w.org\/{rel}","templated":true}]}}