{"id":45893,"date":"2017-05-26T09:49:20","date_gmt":"2017-05-26T06:49:20","guid":{"rendered":"http:\/\/urbeamea.ro\/albaiulia\/?p=45893"},"modified":"2017-05-26T09:49:20","modified_gmt":"2017-05-26T06:49:20","slug":"duminica-provocare-muzicala-pentru-albaiulienii-simfonia-a-v-a-destinul-de-beethoven-pusa-in-scena-pentru-prima-data-la-alba-iulia","status":"publish","type":"post","link":"https:\/\/urbeamea.ro\/albaiulia\/duminica-provocare-muzicala-pentru-albaiulienii-simfonia-a-v-a-destinul-de-beethoven-pusa-in-scena-pentru-prima-data-la-alba-iulia\/","title":{"rendered":"Duminic\u0103: Provocare muzical\u0103 pentru albaiulienii: Simfonia a V-a \u201eDestinul\u201d de Beethoven pus\u0103 \u00een scen\u0103 pentru prima dat\u0103 la Alba Iulia"},"content":{"rendered":"<p><strong>Iubitorii muzicii clasice au parte, duminic\u0103, de o adev\u0103rat\u0103 provocare muzical\u0103 fiind invita\u0163i la un concert simfonic extraordinar al Orchestrei de Camer\u0103 \u201eAugustin Bena\u201d a jude\u0163ului Alba \u00een cadrul c\u0103ruia va fi pus\u0103 pentru prima dat\u0103 \u00een scen\u0103 \u00een Alba Iulia Simfonia a V-a \u201eDestinul\u201d de Ludwig van Beethoven.<\/strong><\/p>\n<p>Evenimentul va avea loc duminic\u0103, 28 mai 2017, de la ora 19.00, la Casa de Cultur\u0103 a Sindicatelor din Alba Iulia, iar \u00een program vor evolua Orchestra de Camer\u0103 a Jude\u0163ului Alba al\u0103turi de soli\u015ftii Dan Liviu Cernat (viol\u0103) \u0219i Ovidiu P\u00e2rjol (pian), iar dirijorul concertului va fi Cristian Sandu. \u00cen program se va reg\u0103si Max Bruch \u2013 \u201eRomanze pentru viol\u0103 \u0219i orchestr\u0103\u201d, Ludwig van Beethoven &#8211; Concertul nr. 5 op. 73 \u201eImperial\u201d pentru pian \u0219i orchestr\u0103 \u015fi Simfonia a V-a \u201eDestinul\u201d.<\/p>\n<p>Pre\u021bul biletului este de 20 de lei, iar pentru copii \u015fi tineri intrarea este GRATUIT\u0102, \u00een limita locurilor disponibile. Biletele se pot achizi\u021biona de la sediul Centrului de Cultur\u0103 \u201eAugustin Bena\u201d din str. Mihai Viteazul nr. 2, Alba Iulia. Rezerv\u0103ri la tel 0258 826 410 sau pe adresa <a href=\"mailto:augustinbena@mail.com\">augustinbena@mail.com<\/a>.<\/p>\n<p>Concertul de duminic\u0103 este o adev\u0103rat\u0103 provocare muzical\u0103 pentru albaiulieni deoarece pune \u00een scen\u0103 pentru prima dat\u0103 la Alba Iulia celebra Simfonie a V-a \u201eDestinul\u201d de Ludwig van Beethoven \u015fi Concertul nr. 5 pentru pian \u015fi orchestr\u0103. Unul dintre cei mai importan\u021bi compozitori ai Clasicismului muzical, Ludwig van Beethoven, este totodat\u0103 un precursor al Romantismului. \u00cen concertele pentru pian remarc\u0103m o evolu\u021bie extraordinar de vast\u0103, de la forma clasic\u0103 mo\u015ftenit\u0103 la capodopera de o monumentalitate neatins\u0103 p\u00e2n\u0103 atunci. Concertul nr. 5 \u00een Mi bemol major pentru pian \u0219i orchestr\u0103, supranumit \u201eImperialul\u201d, las\u0103 \u00een urm\u0103 tradi\u021bia introducerii orchestrale, \u00eencep\u00e2nd cu o caden\u021b\u0103 solistic\u0103 cu pasaje energice pe toat\u0103 claviatura. Prin integrarea instrumentului solist \u00een simfonie, prin densificarea orchestra\u0163iei, printr-o scriitur\u0103 pianistic\u0103 ce urm\u0103re\u015fte \u00een primul r\u00e2nd str\u0103lucirea \u015fi amploarea sonor\u0103, Beethoven va crea o estetic\u0103 ce va fi urmat\u0103 de toat\u0103 literatura de gen romantic\u0103 \u015fi modern\u0103. \u00cen genul simfonic a compus 9 lucr\u0103ri, fiecare simfonie demonstr\u00e2nd o continu\u0103 cre\u0219tere a posibilit\u0103\u021bilor expresive \u0219i o tot mai mare distan\u021bare de tipul simfonic creat de Haydn \u0219i Mozart. Simfonia a V-a \u00een do minor, supranumit\u0103 \u201eSimfonia destinului\u201d, este o lucrare de maturitate care propune o nou\u0103 perspectiv\u0103, conduc\u00e2ndu-\u0219i ascult\u0103torii c\u0103tre un t\u0103r\u00eem al suspansului \u0219i al \u00eentreb\u0103rilor. Dramaturgia interioar\u0103 a partiturii, \u00eentemeiat\u0103 pe contraste puternice \u015fi pe tensiuni tulbur\u0103toare, pe gesturi sonore frapante, vizeaz\u0103 lupta omului cu propriul destin.<\/p>\n<p><strong>Cristian Sandu<\/strong> este absolvent al Academiei de Muzic\u0103 \u201eGheorghe Dima\u201d din Cluj-Napoca, iar activitatea artistic\u0103 \u015fi-a \u00eenceput-o \u00eenc\u0103 din vremea studen\u0163iei, de ace\u015fti ani fiind legat \u015fi debutul s\u0103u la pupitrul Operei Na\u0163ionale Rom\u00e2ne din Cluj-Napoca (Il Barbiere di Siviglia, 2004) institu\u0163ie cu care colaboreaz\u0103 \u015fi \u00een prezent. Specializat \u00een Pedagogie Muzical\u0103, Dirijat Cor, Muzicologie \u015fi Dirijat Orchestr\u0103, Cristian Sandu s-a format sub \u00eendrumarea unor ilu\u015ftrii maestri ai baghetei precum Victor Dum\u0103nescu si Petre Sb\u00e2rcea (Cluj Napoca) dar \u015fi Leonid Korchmar (Sankt Petersburg). Absolvirea cursurilor din cadrul \u201eInternational Academy of Advanced Conducting after Ilia Musin\u201d (2007) de la Sankt-Petersburg, i-au permis acestuia asistarea unor mari dirijori precum Valery Gergiev, Tugan Sokhiev, Gianandrea Noseda, Pavel Bubelnikov, Yuri Temirkanov. \u00cent\u00e2lnirea cu maestrul Maurizio Arena \u00een cadrul cursurilor de masterclass de la Orvieto (2008), a reprezentat un moment important \u00een devenirea sa ca dirijor de oper\u0103, o specialitate \u00een care s-a bucurat \u015fi de \u00eendrum\u0103rile marelui dirijor\u00a0 Nello Santi, prin asistarea acestuia \u00een 2015-2016 la premierele spectacolelor Norma, Rigoletto (Teatro San Carlo) \u015fi La Traviata (Teatro La Fenice, Teatro alla Scala).<\/p>\n<p>Afirmarea sa interna\u0163ional\u0103 s-a produs \u00een anul 2006 \u00een cadrul Festivalului Interna\u0163ional de Oper\u0103 din Daegu (Coreea de Sud) cu opera Il Matrimonio segreto de Cimarosa, la pupitrul Orchestrei Radio din Kiev, artistul fiind recompensat cu generoase aprecieri ale criticii \u015fi publicului.<\/p>\n<p>\u00cen prezent, Cristian Sandu este lector universitar doctor \u00een cadrul Academiei de Muzica \u201eGheorghe Dima\u201d din Cluj, dirijor al Orchestrei \u201eAntonin Ciolan\u201d \u015fi al cursului de Oper\u0103.<\/p>\n<p><strong>Ovidiu P\u00e2rjol<\/strong> s-a n\u0103scut la Alba Iulia \u00een anul 1982. A p\u0103\u015fit spre tainele pianului la clasa prof. Rita Vr\u00eenceanu \u00een 1990 \u015fi apoi a continuat studiul pianului cu profesorii Stela Avesalon \u0219i conf.univ.dr. Vlad Dimulescu \u00een Bucure\u0219ti, iar \u00een Bra\u0219ov cu prof.univ.dr. Stela Dr\u0103gulin \u0219i pianistul Horia Mihail, la Facultatea de Muzic\u0103 din cadrul Universit\u0103\u021bii \u201eTransilvania\u201d.<\/p>\n<p>A ob\u021binut premii importante \u00een concursuri na\u021bionale \u0219i interna\u021bionale de interpretare instrumental\u0103, printre care men\u021bion\u0103m Premiul II la Concursul Interna\u021bional \u201eCarl Flitsch\u201d Sibiu \u00een anul 1998, Premiul I la Concursul Interna\u021bional \u201ePro Piano\u201d Bucure\u0219ti \u00een anul 2000 \u0219i Premiul I la Olimpiada Na\u021bional\u0103 Boto\u0219ani \u00een anul 2002.<\/p>\n<p>Activitatea artistic\u0103 a pianistului s-a concretizat din anul 1998 cu participarea la numeroase recitaluri, festivaluri, emisiuni radio \u0219i TV dar \u0219i numeroase concerte. Recitaluri radiodifuzate \u00een direct \u00een cadrul emisiunii \u201eMuzicienii de azi, muzicienii de m\u00e2ine&#8230;\u201d pe postul Radio Rom\u00e2nia Cultural, recitaluri la Sala Mic\u0103 a Ateneului Rom\u00e2n \u015fi concerte cu orchestrele filarmonicilor din Ploie\u0219ti, Bra\u0219ov, T\u00e2rgu Mure\u0219 \u0219i R\u00e2mnicu V\u00e2lcea. \u00cen prezent Ovidiu P\u00e2rjol este profesor la Liceul de Arte \u201eRegina Maria\u201d din Alba Iulia \u015fi colaborator al Orchestrei de Camer\u0103 \u201cAugustin Bena\u201d a jude\u0163ului Alba.<\/p>\n<p><strong>Dan Liviu Cernat<\/strong> a absolvit Liceul de Arte \u201eRegina Maria\u201d din Alba Iulia fiind unul dintre cei mai merituo\u015fi elevi ai acestei \u015fcoli, ob\u0163in\u00e2nd numeroase performan\u0163e notabile la olimpiadele na\u0163ionale \u015fi concursurile de muzic\u0103. Acest lucru a f\u0103cut s\u0103 fie remarcat de baroneasa Emma Nicholson, care i-a oferit oportunitatea unei burse de studiu la Academia Regal\u0103 din Londra. Dup\u0103 absolvirea Academiei Regale s-a re\u00eentors \u00een \u0163ar\u0103 \u015fi a \u00eenceput colaborarea cu Centrul de Cultur\u0103 \u201eAugustin Bena\u201d Alba ca solist instrumentist, urm\u00e2nd \u015fi studii muzicale la Academia \u201eGheorghe Dima\u201d din Cluj-Napoca. \u00cencep\u00e2nd din 2013 este dirijorul Orchestrei de Camer\u0103 \u201eAugustin Bena\u201d.<\/p>\n<p><strong>Orchestra de Camer\u0103 \u201eAugustin Bena\u201d<\/strong>\u00a0 a fost \u00eenfiin\u0163at\u0103 \u00een Iulie 2013 ca \u015fi departament \u00een cadrul Centrului de Cultur\u0103 \u201eAugustin Bena\u201d Alba. Orchestra abordeaz\u0103 lucr\u0103ri din crea\u0163ia marilor compozitori cu preponderen\u0163\u0103 din perioada barocului. Orchestra a sus\u0163inut p\u00e2n\u0103 \u00een prezent numeroase concerte \u00een Alba Iulia \u015fi \u00een jude\u0163ul Alba av\u00e2nd\u00a0 invita\u0163i de renume printre care amintim pe soprana\u00a0 Daniela Vl\u0103descu, Tadashi Imai, pianist de renume japonez, sau dirijorul Federico Crisanaz (Italia).<\/p>\n","protected":false},"excerpt":{"rendered":"<p>Iubitorii muzicii clasice au parte, duminic\u0103, de o adev\u0103rat\u0103 provocare muzical\u0103 fiind invita\u0163i la un concert simfonic extraordinar al Orchestrei de Camer\u0103 \u201eAugustin Bena\u201d a jude\u0163ului Alba \u00een cadrul c\u0103ruia va fi pus\u0103 pentru prima dat\u0103 \u00een scen\u0103 \u00een Alba Iulia Simfonia a V-a \u201eDestinul\u201d de Ludwig van Beethoven. Evenimentul va avea loc duminic\u0103, 28 &hellip;<\/p>\n","protected":false},"author":17,"featured_media":45894,"comment_status":"open","ping_status":"open","sticky":false,"template":"","format":"standard","meta":{"inline_featured_image":false,"footnotes":""},"categories":[2038],"tags":[31,468,11164,11167,11165,11166,308,76],"class_list":["post-45893","post","type-post","status-publish","format-standard","has-post-thumbnail","hentry","category-cultura","tag-alba-iulia","tag-casa-de-cultura-a-sindicatelor","tag-concert-simfonic","tag-ludwig-van-beethoven","tag-orchestra-de-camara-augustin-bena-alba","tag-simfonia-a-v-a-destinul","tag-stiri","tag-urbea-mea"],"yoast_head":"<!-- This site is optimized with the Yoast SEO plugin v28.3 - https:\/\/yoast.com\/product\/yoast-seo-wordpress\/ -->\n<title>Duminic\u0103: Provocare muzical\u0103 pentru albaiulienii: Simfonia a V-a \u201eDestinul\u201d de Beethoven pus\u0103 \u00een scen\u0103 pentru prima dat\u0103 la Alba Iulia - Revista Urbea Mea - Revista de Alba<\/title>\n<meta name=\"description\" content=\"Iubitorii muzicii clasice au parte, duminic\u0103, de o adev\u0103rat\u0103 provocare muzical\u0103 fiind invita\u0163i la un concert simfonic extraordinar al Orchestrei de Camer\u0103\" \/>\n<meta name=\"robots\" content=\"index, follow, max-snippet:-1, max-image-preview:large, max-video-preview:-1\" \/>\n<link rel=\"canonical\" href=\"https:\/\/urbeamea.ro\/albaiulia\/duminica-provocare-muzicala-pentru-albaiulienii-simfonia-a-v-a-destinul-de-beethoven-pusa-in-scena-pentru-prima-data-la-alba-iulia\/\" \/>\n<meta name=\"twitter:card\" content=\"summary_large_image\" \/>\n<meta name=\"twitter:title\" content=\"Duminic\u0103: Provocare muzical\u0103 pentru albaiulienii: Simfonia a V-a \u201eDestinul\u201d de Beethoven pus\u0103 \u00een scen\u0103 pentru prima dat\u0103 la Alba Iulia - Revista Urbea Mea - Revista de Alba\" \/>\n<meta name=\"twitter:description\" content=\"Iubitorii muzicii clasice au parte, duminic\u0103, de o adev\u0103rat\u0103 provocare muzical\u0103 fiind invita\u0163i la un concert simfonic extraordinar al Orchestrei de Camer\u0103\" \/>\n<meta name=\"twitter:image\" content=\"https:\/\/urbeamea.ro\/albaiulia\/wp-content\/uploads\/2017\/05\/afis-concert-simfonic-mai-2017.jpg\" \/>\n<meta name=\"twitter:creator\" content=\"@urbeameaweb\" \/>\n<meta name=\"twitter:site\" content=\"@urbeameaweb\" \/>\n<script type=\"application\/ld+json\" class=\"yoast-schema-graph\">{\"@context\":\"https:\\\/\\\/schema.org\",\"@graph\":[{\"@type\":\"Article\",\"@id\":\"https:\\\/\\\/urbeamea.ro\\\/albaiulia\\\/duminica-provocare-muzicala-pentru-albaiulienii-simfonia-a-v-a-destinul-de-beethoven-pusa-in-scena-pentru-prima-data-la-alba-iulia\\\/#article\",\"isPartOf\":{\"@id\":\"https:\\\/\\\/urbeamea.ro\\\/albaiulia\\\/duminica-provocare-muzicala-pentru-albaiulienii-simfonia-a-v-a-destinul-de-beethoven-pusa-in-scena-pentru-prima-data-la-alba-iulia\\\/\"},\"author\":{\"name\":\"Cristina Ganga\",\"@id\":\"https:\\\/\\\/urbeamea.ro\\\/albaiulia\\\/#\\\/schema\\\/person\\\/9700d21fae21c4f038b0b56f4506264a\"},\"headline\":\"Duminic\u0103: Provocare muzical\u0103 pentru albaiulienii: Simfonia a V-a \u201eDestinul\u201d de Beethoven pus\u0103 \u00een scen\u0103 pentru prima dat\u0103 la Alba Iulia\",\"datePublished\":\"2017-05-26T06:49:20+00:00\",\"mainEntityOfPage\":{\"@id\":\"https:\\\/\\\/urbeamea.ro\\\/albaiulia\\\/duminica-provocare-muzicala-pentru-albaiulienii-simfonia-a-v-a-destinul-de-beethoven-pusa-in-scena-pentru-prima-data-la-alba-iulia\\\/\"},\"wordCount\":1113,\"commentCount\":0,\"image\":{\"@id\":\"https:\\\/\\\/urbeamea.ro\\\/albaiulia\\\/duminica-provocare-muzicala-pentru-albaiulienii-simfonia-a-v-a-destinul-de-beethoven-pusa-in-scena-pentru-prima-data-la-alba-iulia\\\/#primaryimage\"},\"thumbnailUrl\":\"https:\\\/\\\/urbeamea.ro\\\/albaiulia\\\/wp-content\\\/uploads\\\/2017\\\/05\\\/afis-concert-simfonic-mai-2017.jpg\",\"keywords\":[\"Alba Iulia\",\"casa de cultura a sindicatelor\",\"concert simfonic\",\"Ludwig van Beethoven\",\"orchestra de camara augustin bena alba\",\"Simfonia a V-a \u201eDestinul\u201d\",\"stiri\",\"Urbea Mea\"],\"articleSection\":[\"Cultur\u0103\"],\"inLanguage\":\"ro-RO\",\"potentialAction\":[{\"@type\":\"CommentAction\",\"name\":\"Comment\",\"target\":[\"https:\\\/\\\/urbeamea.ro\\\/albaiulia\\\/duminica-provocare-muzicala-pentru-albaiulienii-simfonia-a-v-a-destinul-de-beethoven-pusa-in-scena-pentru-prima-data-la-alba-iulia\\\/#respond\"]}]},{\"@type\":\"WebPage\",\"@id\":\"https:\\\/\\\/urbeamea.ro\\\/albaiulia\\\/duminica-provocare-muzicala-pentru-albaiulienii-simfonia-a-v-a-destinul-de-beethoven-pusa-in-scena-pentru-prima-data-la-alba-iulia\\\/\",\"url\":\"https:\\\/\\\/urbeamea.ro\\\/albaiulia\\\/duminica-provocare-muzicala-pentru-albaiulienii-simfonia-a-v-a-destinul-de-beethoven-pusa-in-scena-pentru-prima-data-la-alba-iulia\\\/\",\"name\":\"Duminic\u0103: Provocare muzical\u0103 pentru albaiulienii: Simfonia a V-a \u201eDestinul\u201d de Beethoven pus\u0103 \u00een scen\u0103 pentru prima dat\u0103 la Alba Iulia - Revista Urbea Mea - Revista de Alba\",\"isPartOf\":{\"@id\":\"https:\\\/\\\/urbeamea.ro\\\/albaiulia\\\/#website\"},\"primaryImageOfPage\":{\"@id\":\"https:\\\/\\\/urbeamea.ro\\\/albaiulia\\\/duminica-provocare-muzicala-pentru-albaiulienii-simfonia-a-v-a-destinul-de-beethoven-pusa-in-scena-pentru-prima-data-la-alba-iulia\\\/#primaryimage\"},\"image\":{\"@id\":\"https:\\\/\\\/urbeamea.ro\\\/albaiulia\\\/duminica-provocare-muzicala-pentru-albaiulienii-simfonia-a-v-a-destinul-de-beethoven-pusa-in-scena-pentru-prima-data-la-alba-iulia\\\/#primaryimage\"},\"thumbnailUrl\":\"https:\\\/\\\/urbeamea.ro\\\/albaiulia\\\/wp-content\\\/uploads\\\/2017\\\/05\\\/afis-concert-simfonic-mai-2017.jpg\",\"datePublished\":\"2017-05-26T06:49:20+00:00\",\"author\":{\"@id\":\"https:\\\/\\\/urbeamea.ro\\\/albaiulia\\\/#\\\/schema\\\/person\\\/9700d21fae21c4f038b0b56f4506264a\"},\"description\":\"Iubitorii muzicii clasice au parte, duminic\u0103, de o adev\u0103rat\u0103 provocare muzical\u0103 fiind invita\u0163i la un concert simfonic extraordinar al Orchestrei de Camer\u0103\",\"breadcrumb\":{\"@id\":\"https:\\\/\\\/urbeamea.ro\\\/albaiulia\\\/duminica-provocare-muzicala-pentru-albaiulienii-simfonia-a-v-a-destinul-de-beethoven-pusa-in-scena-pentru-prima-data-la-alba-iulia\\\/#breadcrumb\"},\"inLanguage\":\"ro-RO\",\"potentialAction\":[{\"@type\":\"ReadAction\",\"target\":[\"https:\\\/\\\/urbeamea.ro\\\/albaiulia\\\/duminica-provocare-muzicala-pentru-albaiulienii-simfonia-a-v-a-destinul-de-beethoven-pusa-in-scena-pentru-prima-data-la-alba-iulia\\\/\"]}]},{\"@type\":\"ImageObject\",\"inLanguage\":\"ro-RO\",\"@id\":\"https:\\\/\\\/urbeamea.ro\\\/albaiulia\\\/duminica-provocare-muzicala-pentru-albaiulienii-simfonia-a-v-a-destinul-de-beethoven-pusa-in-scena-pentru-prima-data-la-alba-iulia\\\/#primaryimage\",\"url\":\"https:\\\/\\\/urbeamea.ro\\\/albaiulia\\\/wp-content\\\/uploads\\\/2017\\\/05\\\/afis-concert-simfonic-mai-2017.jpg\",\"contentUrl\":\"https:\\\/\\\/urbeamea.ro\\\/albaiulia\\\/wp-content\\\/uploads\\\/2017\\\/05\\\/afis-concert-simfonic-mai-2017.jpg\",\"width\":480,\"height\":672},{\"@type\":\"BreadcrumbList\",\"@id\":\"https:\\\/\\\/urbeamea.ro\\\/albaiulia\\\/duminica-provocare-muzicala-pentru-albaiulienii-simfonia-a-v-a-destinul-de-beethoven-pusa-in-scena-pentru-prima-data-la-alba-iulia\\\/#breadcrumb\",\"itemListElement\":[{\"@type\":\"ListItem\",\"position\":1,\"name\":\"Prima pagin\u0103\",\"item\":\"https:\\\/\\\/urbeamea.ro\\\/albaiulia\\\/\"},{\"@type\":\"ListItem\",\"position\":2,\"name\":\"Duminic\u0103: Provocare muzical\u0103 pentru albaiulienii: Simfonia a V-a \u201eDestinul\u201d de Beethoven pus\u0103 \u00een scen\u0103 pentru prima dat\u0103 la Alba Iulia\"}]},{\"@type\":\"WebSite\",\"@id\":\"https:\\\/\\\/urbeamea.ro\\\/albaiulia\\\/#website\",\"url\":\"https:\\\/\\\/urbeamea.ro\\\/albaiulia\\\/\",\"name\":\"Revista Urbea Mea, Stiri urbane\",\"description\":\"Evenimente \u0219i \u0219tiri din Alba Iulia, Sebe\u0219, Aiud, Blaj\",\"potentialAction\":[{\"@type\":\"SearchAction\",\"target\":{\"@type\":\"EntryPoint\",\"urlTemplate\":\"https:\\\/\\\/urbeamea.ro\\\/albaiulia\\\/?s={search_term_string}\"},\"query-input\":{\"@type\":\"PropertyValueSpecification\",\"valueRequired\":true,\"valueName\":\"search_term_string\"}}],\"inLanguage\":\"ro-RO\"},{\"@type\":\"Person\",\"@id\":\"https:\\\/\\\/urbeamea.ro\\\/albaiulia\\\/#\\\/schema\\\/person\\\/9700d21fae21c4f038b0b56f4506264a\",\"name\":\"Cristina Ganga\",\"image\":{\"@type\":\"ImageObject\",\"inLanguage\":\"ro-RO\",\"@id\":\"https:\\\/\\\/secure.gravatar.com\\\/avatar\\\/5a67661041f057b4a8ccaf26f5a8e86e2689372006d01faf3dd9eeb10b654bb4?s=96&d=mm&r=g\",\"url\":\"https:\\\/\\\/secure.gravatar.com\\\/avatar\\\/5a67661041f057b4a8ccaf26f5a8e86e2689372006d01faf3dd9eeb10b654bb4?s=96&d=mm&r=g\",\"contentUrl\":\"https:\\\/\\\/secure.gravatar.com\\\/avatar\\\/5a67661041f057b4a8ccaf26f5a8e86e2689372006d01faf3dd9eeb10b654bb4?s=96&d=mm&r=g\",\"caption\":\"Cristina Ganga\"},\"description\":\"Jurnalist\",\"sameAs\":[\"https:\\\/\\\/www.facebook.com\\\/cristina.nicola.587\"],\"url\":\"https:\\\/\\\/urbeamea.ro\\\/albaiulia\\\/author\\\/cristina-nicola\\\/\"}]}<\/script>\n<!-- \/ Yoast SEO plugin. -->","yoast_head_json":{"title":"Duminic\u0103: Provocare muzical\u0103 pentru albaiulienii: Simfonia a V-a \u201eDestinul\u201d de Beethoven pus\u0103 \u00een scen\u0103 pentru prima dat\u0103 la Alba Iulia - Revista Urbea Mea - Revista de Alba","description":"Iubitorii muzicii clasice au parte, duminic\u0103, de o adev\u0103rat\u0103 provocare muzical\u0103 fiind invita\u0163i la un concert simfonic extraordinar al Orchestrei de Camer\u0103","robots":{"index":"index","follow":"follow","max-snippet":"max-snippet:-1","max-image-preview":"max-image-preview:large","max-video-preview":"max-video-preview:-1"},"canonical":"https:\/\/urbeamea.ro\/albaiulia\/duminica-provocare-muzicala-pentru-albaiulienii-simfonia-a-v-a-destinul-de-beethoven-pusa-in-scena-pentru-prima-data-la-alba-iulia\/","twitter_card":"summary_large_image","twitter_title":"Duminic\u0103: Provocare muzical\u0103 pentru albaiulienii: Simfonia a V-a \u201eDestinul\u201d de Beethoven pus\u0103 \u00een scen\u0103 pentru prima dat\u0103 la Alba Iulia - Revista Urbea Mea - Revista de Alba","twitter_description":"Iubitorii muzicii clasice au parte, duminic\u0103, de o adev\u0103rat\u0103 provocare muzical\u0103 fiind invita\u0163i la un concert simfonic extraordinar al Orchestrei de Camer\u0103","twitter_image":"https:\/\/urbeamea.ro\/albaiulia\/wp-content\/uploads\/2017\/05\/afis-concert-simfonic-mai-2017.jpg","twitter_creator":"@urbeameaweb","twitter_site":"@urbeameaweb","schema":{"@context":"https:\/\/schema.org","@graph":[{"@type":"Article","@id":"https:\/\/urbeamea.ro\/albaiulia\/duminica-provocare-muzicala-pentru-albaiulienii-simfonia-a-v-a-destinul-de-beethoven-pusa-in-scena-pentru-prima-data-la-alba-iulia\/#article","isPartOf":{"@id":"https:\/\/urbeamea.ro\/albaiulia\/duminica-provocare-muzicala-pentru-albaiulienii-simfonia-a-v-a-destinul-de-beethoven-pusa-in-scena-pentru-prima-data-la-alba-iulia\/"},"author":{"name":"Cristina Ganga","@id":"https:\/\/urbeamea.ro\/albaiulia\/#\/schema\/person\/9700d21fae21c4f038b0b56f4506264a"},"headline":"Duminic\u0103: Provocare muzical\u0103 pentru albaiulienii: Simfonia a V-a \u201eDestinul\u201d de Beethoven pus\u0103 \u00een scen\u0103 pentru prima dat\u0103 la Alba Iulia","datePublished":"2017-05-26T06:49:20+00:00","mainEntityOfPage":{"@id":"https:\/\/urbeamea.ro\/albaiulia\/duminica-provocare-muzicala-pentru-albaiulienii-simfonia-a-v-a-destinul-de-beethoven-pusa-in-scena-pentru-prima-data-la-alba-iulia\/"},"wordCount":1113,"commentCount":0,"image":{"@id":"https:\/\/urbeamea.ro\/albaiulia\/duminica-provocare-muzicala-pentru-albaiulienii-simfonia-a-v-a-destinul-de-beethoven-pusa-in-scena-pentru-prima-data-la-alba-iulia\/#primaryimage"},"thumbnailUrl":"https:\/\/urbeamea.ro\/albaiulia\/wp-content\/uploads\/2017\/05\/afis-concert-simfonic-mai-2017.jpg","keywords":["Alba Iulia","casa de cultura a sindicatelor","concert simfonic","Ludwig van Beethoven","orchestra de camara augustin bena alba","Simfonia a V-a \u201eDestinul\u201d","stiri","Urbea Mea"],"articleSection":["Cultur\u0103"],"inLanguage":"ro-RO","potentialAction":[{"@type":"CommentAction","name":"Comment","target":["https:\/\/urbeamea.ro\/albaiulia\/duminica-provocare-muzicala-pentru-albaiulienii-simfonia-a-v-a-destinul-de-beethoven-pusa-in-scena-pentru-prima-data-la-alba-iulia\/#respond"]}]},{"@type":"WebPage","@id":"https:\/\/urbeamea.ro\/albaiulia\/duminica-provocare-muzicala-pentru-albaiulienii-simfonia-a-v-a-destinul-de-beethoven-pusa-in-scena-pentru-prima-data-la-alba-iulia\/","url":"https:\/\/urbeamea.ro\/albaiulia\/duminica-provocare-muzicala-pentru-albaiulienii-simfonia-a-v-a-destinul-de-beethoven-pusa-in-scena-pentru-prima-data-la-alba-iulia\/","name":"Duminic\u0103: Provocare muzical\u0103 pentru albaiulienii: Simfonia a V-a \u201eDestinul\u201d de Beethoven pus\u0103 \u00een scen\u0103 pentru prima dat\u0103 la Alba Iulia - Revista Urbea Mea - Revista de Alba","isPartOf":{"@id":"https:\/\/urbeamea.ro\/albaiulia\/#website"},"primaryImageOfPage":{"@id":"https:\/\/urbeamea.ro\/albaiulia\/duminica-provocare-muzicala-pentru-albaiulienii-simfonia-a-v-a-destinul-de-beethoven-pusa-in-scena-pentru-prima-data-la-alba-iulia\/#primaryimage"},"image":{"@id":"https:\/\/urbeamea.ro\/albaiulia\/duminica-provocare-muzicala-pentru-albaiulienii-simfonia-a-v-a-destinul-de-beethoven-pusa-in-scena-pentru-prima-data-la-alba-iulia\/#primaryimage"},"thumbnailUrl":"https:\/\/urbeamea.ro\/albaiulia\/wp-content\/uploads\/2017\/05\/afis-concert-simfonic-mai-2017.jpg","datePublished":"2017-05-26T06:49:20+00:00","author":{"@id":"https:\/\/urbeamea.ro\/albaiulia\/#\/schema\/person\/9700d21fae21c4f038b0b56f4506264a"},"description":"Iubitorii muzicii clasice au parte, duminic\u0103, de o adev\u0103rat\u0103 provocare muzical\u0103 fiind invita\u0163i la un concert simfonic extraordinar al Orchestrei de Camer\u0103","breadcrumb":{"@id":"https:\/\/urbeamea.ro\/albaiulia\/duminica-provocare-muzicala-pentru-albaiulienii-simfonia-a-v-a-destinul-de-beethoven-pusa-in-scena-pentru-prima-data-la-alba-iulia\/#breadcrumb"},"inLanguage":"ro-RO","potentialAction":[{"@type":"ReadAction","target":["https:\/\/urbeamea.ro\/albaiulia\/duminica-provocare-muzicala-pentru-albaiulienii-simfonia-a-v-a-destinul-de-beethoven-pusa-in-scena-pentru-prima-data-la-alba-iulia\/"]}]},{"@type":"ImageObject","inLanguage":"ro-RO","@id":"https:\/\/urbeamea.ro\/albaiulia\/duminica-provocare-muzicala-pentru-albaiulienii-simfonia-a-v-a-destinul-de-beethoven-pusa-in-scena-pentru-prima-data-la-alba-iulia\/#primaryimage","url":"https:\/\/urbeamea.ro\/albaiulia\/wp-content\/uploads\/2017\/05\/afis-concert-simfonic-mai-2017.jpg","contentUrl":"https:\/\/urbeamea.ro\/albaiulia\/wp-content\/uploads\/2017\/05\/afis-concert-simfonic-mai-2017.jpg","width":480,"height":672},{"@type":"BreadcrumbList","@id":"https:\/\/urbeamea.ro\/albaiulia\/duminica-provocare-muzicala-pentru-albaiulienii-simfonia-a-v-a-destinul-de-beethoven-pusa-in-scena-pentru-prima-data-la-alba-iulia\/#breadcrumb","itemListElement":[{"@type":"ListItem","position":1,"name":"Prima pagin\u0103","item":"https:\/\/urbeamea.ro\/albaiulia\/"},{"@type":"ListItem","position":2,"name":"Duminic\u0103: Provocare muzical\u0103 pentru albaiulienii: Simfonia a V-a \u201eDestinul\u201d de Beethoven pus\u0103 \u00een scen\u0103 pentru prima dat\u0103 la Alba Iulia"}]},{"@type":"WebSite","@id":"https:\/\/urbeamea.ro\/albaiulia\/#website","url":"https:\/\/urbeamea.ro\/albaiulia\/","name":"Revista Urbea Mea, Stiri urbane","description":"Evenimente \u0219i \u0219tiri din Alba Iulia, Sebe\u0219, Aiud, Blaj","potentialAction":[{"@type":"SearchAction","target":{"@type":"EntryPoint","urlTemplate":"https:\/\/urbeamea.ro\/albaiulia\/?s={search_term_string}"},"query-input":{"@type":"PropertyValueSpecification","valueRequired":true,"valueName":"search_term_string"}}],"inLanguage":"ro-RO"},{"@type":"Person","@id":"https:\/\/urbeamea.ro\/albaiulia\/#\/schema\/person\/9700d21fae21c4f038b0b56f4506264a","name":"Cristina Ganga","image":{"@type":"ImageObject","inLanguage":"ro-RO","@id":"https:\/\/secure.gravatar.com\/avatar\/5a67661041f057b4a8ccaf26f5a8e86e2689372006d01faf3dd9eeb10b654bb4?s=96&d=mm&r=g","url":"https:\/\/secure.gravatar.com\/avatar\/5a67661041f057b4a8ccaf26f5a8e86e2689372006d01faf3dd9eeb10b654bb4?s=96&d=mm&r=g","contentUrl":"https:\/\/secure.gravatar.com\/avatar\/5a67661041f057b4a8ccaf26f5a8e86e2689372006d01faf3dd9eeb10b654bb4?s=96&d=mm&r=g","caption":"Cristina Ganga"},"description":"Jurnalist","sameAs":["https:\/\/www.facebook.com\/cristina.nicola.587"],"url":"https:\/\/urbeamea.ro\/albaiulia\/author\/cristina-nicola\/"}]}},"_links":{"self":[{"href":"https:\/\/urbeamea.ro\/albaiulia\/wp-json\/wp\/v2\/posts\/45893","targetHints":{"allow":["GET"]}}],"collection":[{"href":"https:\/\/urbeamea.ro\/albaiulia\/wp-json\/wp\/v2\/posts"}],"about":[{"href":"https:\/\/urbeamea.ro\/albaiulia\/wp-json\/wp\/v2\/types\/post"}],"author":[{"embeddable":true,"href":"https:\/\/urbeamea.ro\/albaiulia\/wp-json\/wp\/v2\/users\/17"}],"replies":[{"embeddable":true,"href":"https:\/\/urbeamea.ro\/albaiulia\/wp-json\/wp\/v2\/comments?post=45893"}],"version-history":[{"count":0,"href":"https:\/\/urbeamea.ro\/albaiulia\/wp-json\/wp\/v2\/posts\/45893\/revisions"}],"wp:featuredmedia":[{"embeddable":true,"href":"https:\/\/urbeamea.ro\/albaiulia\/wp-json\/wp\/v2\/media\/45894"}],"wp:attachment":[{"href":"https:\/\/urbeamea.ro\/albaiulia\/wp-json\/wp\/v2\/media?parent=45893"}],"wp:term":[{"taxonomy":"category","embeddable":true,"href":"https:\/\/urbeamea.ro\/albaiulia\/wp-json\/wp\/v2\/categories?post=45893"},{"taxonomy":"post_tag","embeddable":true,"href":"https:\/\/urbeamea.ro\/albaiulia\/wp-json\/wp\/v2\/tags?post=45893"}],"curies":[{"name":"wp","href":"https:\/\/api.w.org\/{rel}","templated":true}]}}