{"id":45896,"date":"2017-05-25T16:00:10","date_gmt":"2017-05-25T13:00:10","guid":{"rendered":"http:\/\/urbeamea.ro\/albaiulia\/?p=45896"},"modified":"2017-05-26T10:00:32","modified_gmt":"2017-05-26T07:00:32","slug":"foto-ploaia-torentiala-a-adus-potopul-pe-strazile-din-alba-iulia-subsoluri-de-case-inundate-la-schit-paclisa-si-langa-parcul-dendrologic","status":"publish","type":"post","link":"https:\/\/urbeamea.ro\/albaiulia\/foto-ploaia-torentiala-a-adus-potopul-pe-strazile-din-alba-iulia-subsoluri-de-case-inundate-la-schit-paclisa-si-langa-parcul-dendrologic\/","title":{"rendered":"FOTO: Ploaia toren\u0163ial\u0103 a adus potopul pe str\u0103zile din Alba Iulia. subsoluri de case inundate la Schit, P\u00e2cli\u015fa \u015fi l\u00e2ng\u0103 Parcul dendrologic"},"content":{"rendered":"<p><strong>Rafalele de ploi de joi, de la Alba Iulia au transformat ora\u015ful \u00eentr-un r\u00e2u. Potrivit ISU Alba, noi zone din ora\u015f au fost afectate de cantit\u0103\u0163ile mari de ap\u0103 \u015fi de aluviuni. Echipaje ale pompierilor au intervenit pentru evacuarea apei de pe str\u0103zi de la Schit \u015fi din P\u00e2cli\u015fa.<\/strong><\/p>\n<p>\u015eapte str\u0103zi au fost inundate cu ap\u0103 \u015fi aluviuni, \u00een zonele men\u0163ionate, iar apa a ajuns \u015fi \u00een subsolurile unor case.<\/p>\n<p>La fa\u0163a locului au fost chemate s\u0103 intervin\u0103 echipaje de la ISU Alba, SVSU Alba Iulia \u015fi Apa CTTA.<\/p>\n<p>Locuitori de pe str\u0103zile afectate spun c\u0103 zona reziden\u0163ial\u0103 de la Schit nu are re\u0163ea de canalizare care s\u0103 poat\u0103 prelua cantit\u0103\u0163ile mari de ap\u0103. \u00cen plus, arterele au fost colmatate cu aluviuni aduse de ape, de pe deal.<\/p>\n<p>De asemenea, pompierii din Alba Iulia au intervenit pentru evacuarea apei din trei subsoluri de case de pe str\u0103zile Valea Popii, Mircea Eliade, Ana Aslan.<\/p>\n<div id='gallery-1' class='gallery galleryid-45896 gallery-columns-3 gallery-size-thumbnail'><figure class='gallery-item'>\n\t\t\t<div class='gallery-icon landscape'>\n\t\t\t\t<a href='https:\/\/urbeamea.ro\/albaiulia\/wp-content\/uploads\/2017\/05\/18721193_1376778139064431_1230749462_o.jpg'><img decoding=\"async\" width=\"150\" height=\"84\" src=\"data:image\/png;base64,iVBORw0KGgoAAAANSUhEUgAAAYYAAADcAQMAAABOLJSDAAAAA1BMVEUAAACnej3aAAAAAXRSTlMAQObYZgAAACJJREFUaIHtwTEBAAAAwqD1T20ND6AAAAAAAAAAAAAA4N8AKvgAAUFIrrEAAAAASUVORK5CYII=\" class=\"attachment-thumbnail size-thumbnail lazy-img\" alt=\"\" srcset=\"https:\/\/urbeamea.ro\/albaiulia\/wp-content\/uploads\/2017\/05\/18721193_1376778139064431_1230749462_o-150x84.jpg 150w, https:\/\/urbeamea.ro\/albaiulia\/wp-content\/uploads\/2017\/05\/18721193_1376778139064431_1230749462_o-640x360.jpg 640w, https:\/\/urbeamea.ro\/albaiulia\/wp-content\/uploads\/2017\/05\/18721193_1376778139064431_1230749462_o-768x432.jpg 768w, https:\/\/urbeamea.ro\/albaiulia\/wp-content\/uploads\/2017\/05\/18721193_1376778139064431_1230749462_o-819x452.jpg 819w, https:\/\/urbeamea.ro\/albaiulia\/wp-content\/uploads\/2017\/05\/18721193_1376778139064431_1230749462_o.jpg 1200w\" sizes=\"auto, (max-width: 150px) 100vw, 150px\" data-src=\"https:\/\/urbeamea.ro\/albaiulia\/wp-content\/uploads\/2017\/05\/18721193_1376778139064431_1230749462_o-150x84.jpg\" loading=\"lazy\" \/><\/a>\n\t\t\t<\/div><\/figure><figure class='gallery-item'>\n\t\t\t<div class='gallery-icon landscape'>\n\t\t\t\t<a href='https:\/\/urbeamea.ro\/albaiulia\/wp-content\/uploads\/2017\/05\/18742433_1376778145731097_90532617_o.jpg'><img decoding=\"async\" width=\"150\" height=\"84\" src=\"data:image\/png;base64,iVBORw0KGgoAAAANSUhEUgAAAYYAAADcAQMAAABOLJSDAAAAA1BMVEUAAACnej3aAAAAAXRSTlMAQObYZgAAACJJREFUaIHtwTEBAAAAwqD1T20ND6AAAAAAAAAAAAAA4N8AKvgAAUFIrrEAAAAASUVORK5CYII=\" class=\"attachment-thumbnail size-thumbnail lazy-img\" alt=\"\" srcset=\"https:\/\/urbeamea.ro\/albaiulia\/wp-content\/uploads\/2017\/05\/18742433_1376778145731097_90532617_o-150x84.jpg 150w, https:\/\/urbeamea.ro\/albaiulia\/wp-content\/uploads\/2017\/05\/18742433_1376778145731097_90532617_o-640x360.jpg 640w, https:\/\/urbeamea.ro\/albaiulia\/wp-content\/uploads\/2017\/05\/18742433_1376778145731097_90532617_o-768x432.jpg 768w, https:\/\/urbeamea.ro\/albaiulia\/wp-content\/uploads\/2017\/05\/18742433_1376778145731097_90532617_o-819x452.jpg 819w, https:\/\/urbeamea.ro\/albaiulia\/wp-content\/uploads\/2017\/05\/18742433_1376778145731097_90532617_o.jpg 1200w\" sizes=\"auto, (max-width: 150px) 100vw, 150px\" data-src=\"https:\/\/urbeamea.ro\/albaiulia\/wp-content\/uploads\/2017\/05\/18742433_1376778145731097_90532617_o-150x84.jpg\" loading=\"lazy\" \/><\/a>\n\t\t\t<\/div><\/figure><figure class='gallery-item'>\n\t\t\t<div class='gallery-icon landscape'>\n\t\t\t\t<a href='https:\/\/urbeamea.ro\/albaiulia\/wp-content\/uploads\/2017\/05\/18742571_1376778135731098_1262291097_o.jpg'><img decoding=\"async\" width=\"150\" height=\"84\" src=\"data:image\/png;base64,iVBORw0KGgoAAAANSUhEUgAAAYYAAADcAQMAAABOLJSDAAAAA1BMVEUAAACnej3aAAAAAXRSTlMAQObYZgAAACJJREFUaIHtwTEBAAAAwqD1T20ND6AAAAAAAAAAAAAA4N8AKvgAAUFIrrEAAAAASUVORK5CYII=\" class=\"attachment-thumbnail size-thumbnail lazy-img\" alt=\"\" srcset=\"https:\/\/urbeamea.ro\/albaiulia\/wp-content\/uploads\/2017\/05\/18742571_1376778135731098_1262291097_o-150x84.jpg 150w, https:\/\/urbeamea.ro\/albaiulia\/wp-content\/uploads\/2017\/05\/18742571_1376778135731098_1262291097_o-640x360.jpg 640w, https:\/\/urbeamea.ro\/albaiulia\/wp-content\/uploads\/2017\/05\/18742571_1376778135731098_1262291097_o-768x432.jpg 768w, https:\/\/urbeamea.ro\/albaiulia\/wp-content\/uploads\/2017\/05\/18742571_1376778135731098_1262291097_o-819x452.jpg 819w, https:\/\/urbeamea.ro\/albaiulia\/wp-content\/uploads\/2017\/05\/18742571_1376778135731098_1262291097_o.jpg 1200w\" sizes=\"auto, (max-width: 150px) 100vw, 150px\" data-src=\"https:\/\/urbeamea.ro\/albaiulia\/wp-content\/uploads\/2017\/05\/18742571_1376778135731098_1262291097_o-150x84.jpg\" loading=\"lazy\" \/><\/a>\n\t\t\t<\/div><\/figure>\n\t\t<\/div>\n\n","protected":false},"excerpt":{"rendered":"<p>Rafalele de ploi de joi, de la Alba Iulia au transformat ora\u015ful \u00eentr-un r\u00e2u. Potrivit ISU Alba, noi zone din ora\u015f au fost afectate de cantit\u0103\u0163ile mari de ap\u0103 \u015fi de aluviuni. Echipaje ale pompierilor au intervenit pentru evacuarea apei de pe str\u0103zi de la Schit \u015fi din P\u00e2cli\u015fa. \u015eapte str\u0103zi au fost inundate cu &hellip;<\/p>\n","protected":false},"author":17,"featured_media":45898,"comment_status":"open","ping_status":"open","sticky":false,"template":"","format":"standard","meta":{"inline_featured_image":false,"footnotes":""},"categories":[1],"tags":[31,3931,6327,312,11168,11169,308,1232,11170,76],"class_list":["post-45896","post","type-post","status-publish","format-standard","has-post-thumbnail","hentry","category-stiri-urbane","tag-alba-iulia","tag-paclisa","tag-ploi-torentiale","tag-pompieri","tag-potop","tag-schit","tag-stiri","tag-strazi","tag-subsoluri-inundate","tag-urbea-mea"],"yoast_head":"<!-- This site is optimized with the Yoast SEO plugin v28.3 - https:\/\/yoast.com\/product\/yoast-seo-wordpress\/ -->\n<title>FOTO: Ploaia toren\u0163ial\u0103 a adus potopul pe str\u0103zile din Alba Iulia. subsoluri de case inundate la Schit, P\u00e2cli\u015fa \u015fi l\u00e2ng\u0103 Parcul dendrologic - Revista Urbea Mea - Revista de Alba<\/title>\n<meta name=\"description\" content=\"Rafalele de ploi de joi, de la Alba Iulia au transformat ora\u015ful \u00eentr-un r\u00e2u. Potrivit ISU Alba, noi zone din ora\u015f au fost afectate de cantit\u0103\u0163ile mari de\" \/>\n<meta name=\"robots\" content=\"index, follow, max-snippet:-1, max-image-preview:large, max-video-preview:-1\" \/>\n<link rel=\"canonical\" href=\"https:\/\/urbeamea.ro\/albaiulia\/foto-ploaia-torentiala-a-adus-potopul-pe-strazile-din-alba-iulia-subsoluri-de-case-inundate-la-schit-paclisa-si-langa-parcul-dendrologic\/\" \/>\n<meta name=\"twitter:card\" content=\"summary_large_image\" \/>\n<meta name=\"twitter:title\" content=\"FOTO: Ploaia toren\u0163ial\u0103 a adus potopul pe str\u0103zile din Alba Iulia. subsoluri de case inundate la Schit, P\u00e2cli\u015fa \u015fi l\u00e2ng\u0103 Parcul dendrologic - Revista Urbea Mea - Revista de Alba\" \/>\n<meta name=\"twitter:description\" content=\"Rafalele de ploi de joi, de la Alba Iulia au transformat ora\u015ful \u00eentr-un r\u00e2u. Potrivit ISU Alba, noi zone din ora\u015f au fost afectate de cantit\u0103\u0163ile mari de\" \/>\n<meta name=\"twitter:image\" content=\"https:\/\/urbeamea.ro\/albaiulia\/wp-content\/uploads\/2017\/05\/18742433_1376778145731097_90532617_o.jpg\" \/>\n<meta name=\"twitter:creator\" content=\"@urbeameaweb\" \/>\n<meta name=\"twitter:site\" content=\"@urbeameaweb\" \/>\n<script type=\"application\/ld+json\" class=\"yoast-schema-graph\">{\"@context\":\"https:\\\/\\\/schema.org\",\"@graph\":[{\"@type\":\"Article\",\"@id\":\"https:\\\/\\\/urbeamea.ro\\\/albaiulia\\\/foto-ploaia-torentiala-a-adus-potopul-pe-strazile-din-alba-iulia-subsoluri-de-case-inundate-la-schit-paclisa-si-langa-parcul-dendrologic\\\/#article\",\"isPartOf\":{\"@id\":\"https:\\\/\\\/urbeamea.ro\\\/albaiulia\\\/foto-ploaia-torentiala-a-adus-potopul-pe-strazile-din-alba-iulia-subsoluri-de-case-inundate-la-schit-paclisa-si-langa-parcul-dendrologic\\\/\"},\"author\":{\"name\":\"Cristina Ganga\",\"@id\":\"https:\\\/\\\/urbeamea.ro\\\/albaiulia\\\/#\\\/schema\\\/person\\\/9700d21fae21c4f038b0b56f4506264a\"},\"headline\":\"FOTO: Ploaia toren\u0163ial\u0103 a adus potopul pe str\u0103zile din Alba Iulia. subsoluri de case inundate la Schit, P\u00e2cli\u015fa \u015fi l\u00e2ng\u0103 Parcul dendrologic\",\"datePublished\":\"2017-05-25T13:00:10+00:00\",\"dateModified\":\"2017-05-26T07:00:32+00:00\",\"mainEntityOfPage\":{\"@id\":\"https:\\\/\\\/urbeamea.ro\\\/albaiulia\\\/foto-ploaia-torentiala-a-adus-potopul-pe-strazile-din-alba-iulia-subsoluri-de-case-inundate-la-schit-paclisa-si-langa-parcul-dendrologic\\\/\"},\"wordCount\":198,\"commentCount\":0,\"image\":{\"@id\":\"https:\\\/\\\/urbeamea.ro\\\/albaiulia\\\/foto-ploaia-torentiala-a-adus-potopul-pe-strazile-din-alba-iulia-subsoluri-de-case-inundate-la-schit-paclisa-si-langa-parcul-dendrologic\\\/#primaryimage\"},\"thumbnailUrl\":\"https:\\\/\\\/urbeamea.ro\\\/albaiulia\\\/wp-content\\\/uploads\\\/2017\\\/05\\\/18742433_1376778145731097_90532617_o.jpg\",\"keywords\":[\"Alba Iulia\",\"paclisa\",\"ploi torentiale\",\"pompieri\",\"potop\",\"schit\",\"stiri\",\"strazi\",\"subsoluri inundate\",\"Urbea Mea\"],\"articleSection\":[\"\u015etiri Urbane\"],\"inLanguage\":\"ro-RO\",\"potentialAction\":[{\"@type\":\"CommentAction\",\"name\":\"Comment\",\"target\":[\"https:\\\/\\\/urbeamea.ro\\\/albaiulia\\\/foto-ploaia-torentiala-a-adus-potopul-pe-strazile-din-alba-iulia-subsoluri-de-case-inundate-la-schit-paclisa-si-langa-parcul-dendrologic\\\/#respond\"]}]},{\"@type\":\"WebPage\",\"@id\":\"https:\\\/\\\/urbeamea.ro\\\/albaiulia\\\/foto-ploaia-torentiala-a-adus-potopul-pe-strazile-din-alba-iulia-subsoluri-de-case-inundate-la-schit-paclisa-si-langa-parcul-dendrologic\\\/\",\"url\":\"https:\\\/\\\/urbeamea.ro\\\/albaiulia\\\/foto-ploaia-torentiala-a-adus-potopul-pe-strazile-din-alba-iulia-subsoluri-de-case-inundate-la-schit-paclisa-si-langa-parcul-dendrologic\\\/\",\"name\":\"FOTO: Ploaia toren\u0163ial\u0103 a adus potopul pe str\u0103zile din Alba Iulia. subsoluri de case inundate la Schit, P\u00e2cli\u015fa \u015fi l\u00e2ng\u0103 Parcul dendrologic - Revista Urbea Mea - Revista de Alba\",\"isPartOf\":{\"@id\":\"https:\\\/\\\/urbeamea.ro\\\/albaiulia\\\/#website\"},\"primaryImageOfPage\":{\"@id\":\"https:\\\/\\\/urbeamea.ro\\\/albaiulia\\\/foto-ploaia-torentiala-a-adus-potopul-pe-strazile-din-alba-iulia-subsoluri-de-case-inundate-la-schit-paclisa-si-langa-parcul-dendrologic\\\/#primaryimage\"},\"image\":{\"@id\":\"https:\\\/\\\/urbeamea.ro\\\/albaiulia\\\/foto-ploaia-torentiala-a-adus-potopul-pe-strazile-din-alba-iulia-subsoluri-de-case-inundate-la-schit-paclisa-si-langa-parcul-dendrologic\\\/#primaryimage\"},\"thumbnailUrl\":\"https:\\\/\\\/urbeamea.ro\\\/albaiulia\\\/wp-content\\\/uploads\\\/2017\\\/05\\\/18742433_1376778145731097_90532617_o.jpg\",\"datePublished\":\"2017-05-25T13:00:10+00:00\",\"dateModified\":\"2017-05-26T07:00:32+00:00\",\"author\":{\"@id\":\"https:\\\/\\\/urbeamea.ro\\\/albaiulia\\\/#\\\/schema\\\/person\\\/9700d21fae21c4f038b0b56f4506264a\"},\"description\":\"Rafalele de ploi de joi, de la Alba Iulia au transformat ora\u015ful \u00eentr-un r\u00e2u. Potrivit ISU Alba, noi zone din ora\u015f au fost afectate de cantit\u0103\u0163ile mari de\",\"breadcrumb\":{\"@id\":\"https:\\\/\\\/urbeamea.ro\\\/albaiulia\\\/foto-ploaia-torentiala-a-adus-potopul-pe-strazile-din-alba-iulia-subsoluri-de-case-inundate-la-schit-paclisa-si-langa-parcul-dendrologic\\\/#breadcrumb\"},\"inLanguage\":\"ro-RO\",\"potentialAction\":[{\"@type\":\"ReadAction\",\"target\":[\"https:\\\/\\\/urbeamea.ro\\\/albaiulia\\\/foto-ploaia-torentiala-a-adus-potopul-pe-strazile-din-alba-iulia-subsoluri-de-case-inundate-la-schit-paclisa-si-langa-parcul-dendrologic\\\/\"]}]},{\"@type\":\"ImageObject\",\"inLanguage\":\"ro-RO\",\"@id\":\"https:\\\/\\\/urbeamea.ro\\\/albaiulia\\\/foto-ploaia-torentiala-a-adus-potopul-pe-strazile-din-alba-iulia-subsoluri-de-case-inundate-la-schit-paclisa-si-langa-parcul-dendrologic\\\/#primaryimage\",\"url\":\"https:\\\/\\\/urbeamea.ro\\\/albaiulia\\\/wp-content\\\/uploads\\\/2017\\\/05\\\/18742433_1376778145731097_90532617_o.jpg\",\"contentUrl\":\"https:\\\/\\\/urbeamea.ro\\\/albaiulia\\\/wp-content\\\/uploads\\\/2017\\\/05\\\/18742433_1376778145731097_90532617_o.jpg\",\"width\":1200,\"height\":675},{\"@type\":\"BreadcrumbList\",\"@id\":\"https:\\\/\\\/urbeamea.ro\\\/albaiulia\\\/foto-ploaia-torentiala-a-adus-potopul-pe-strazile-din-alba-iulia-subsoluri-de-case-inundate-la-schit-paclisa-si-langa-parcul-dendrologic\\\/#breadcrumb\",\"itemListElement\":[{\"@type\":\"ListItem\",\"position\":1,\"name\":\"Prima pagin\u0103\",\"item\":\"https:\\\/\\\/urbeamea.ro\\\/albaiulia\\\/\"},{\"@type\":\"ListItem\",\"position\":2,\"name\":\"FOTO: Ploaia toren\u0163ial\u0103 a adus potopul pe str\u0103zile din Alba Iulia. subsoluri de case inundate la Schit, P\u00e2cli\u015fa \u015fi l\u00e2ng\u0103 Parcul dendrologic\"}]},{\"@type\":\"WebSite\",\"@id\":\"https:\\\/\\\/urbeamea.ro\\\/albaiulia\\\/#website\",\"url\":\"https:\\\/\\\/urbeamea.ro\\\/albaiulia\\\/\",\"name\":\"Revista Urbea Mea, Stiri urbane\",\"description\":\"Evenimente \u0219i \u0219tiri din Alba Iulia, Sebe\u0219, Aiud, Blaj\",\"potentialAction\":[{\"@type\":\"SearchAction\",\"target\":{\"@type\":\"EntryPoint\",\"urlTemplate\":\"https:\\\/\\\/urbeamea.ro\\\/albaiulia\\\/?s={search_term_string}\"},\"query-input\":{\"@type\":\"PropertyValueSpecification\",\"valueRequired\":true,\"valueName\":\"search_term_string\"}}],\"inLanguage\":\"ro-RO\"},{\"@type\":\"Person\",\"@id\":\"https:\\\/\\\/urbeamea.ro\\\/albaiulia\\\/#\\\/schema\\\/person\\\/9700d21fae21c4f038b0b56f4506264a\",\"name\":\"Cristina Ganga\",\"image\":{\"@type\":\"ImageObject\",\"inLanguage\":\"ro-RO\",\"@id\":\"https:\\\/\\\/secure.gravatar.com\\\/avatar\\\/5a67661041f057b4a8ccaf26f5a8e86e2689372006d01faf3dd9eeb10b654bb4?s=96&d=mm&r=g\",\"url\":\"https:\\\/\\\/secure.gravatar.com\\\/avatar\\\/5a67661041f057b4a8ccaf26f5a8e86e2689372006d01faf3dd9eeb10b654bb4?s=96&d=mm&r=g\",\"contentUrl\":\"https:\\\/\\\/secure.gravatar.com\\\/avatar\\\/5a67661041f057b4a8ccaf26f5a8e86e2689372006d01faf3dd9eeb10b654bb4?s=96&d=mm&r=g\",\"caption\":\"Cristina Ganga\"},\"description\":\"Jurnalist\",\"sameAs\":[\"https:\\\/\\\/www.facebook.com\\\/cristina.nicola.587\"],\"url\":\"https:\\\/\\\/urbeamea.ro\\\/albaiulia\\\/author\\\/cristina-nicola\\\/\"}]}<\/script>\n<!-- \/ Yoast SEO plugin. -->","yoast_head_json":{"title":"FOTO: Ploaia toren\u0163ial\u0103 a adus potopul pe str\u0103zile din Alba Iulia. subsoluri de case inundate la Schit, P\u00e2cli\u015fa \u015fi l\u00e2ng\u0103 Parcul dendrologic - Revista Urbea Mea - Revista de Alba","description":"Rafalele de ploi de joi, de la Alba Iulia au transformat ora\u015ful \u00eentr-un r\u00e2u. Potrivit ISU Alba, noi zone din ora\u015f au fost afectate de cantit\u0103\u0163ile mari de","robots":{"index":"index","follow":"follow","max-snippet":"max-snippet:-1","max-image-preview":"max-image-preview:large","max-video-preview":"max-video-preview:-1"},"canonical":"https:\/\/urbeamea.ro\/albaiulia\/foto-ploaia-torentiala-a-adus-potopul-pe-strazile-din-alba-iulia-subsoluri-de-case-inundate-la-schit-paclisa-si-langa-parcul-dendrologic\/","twitter_card":"summary_large_image","twitter_title":"FOTO: Ploaia toren\u0163ial\u0103 a adus potopul pe str\u0103zile din Alba Iulia. subsoluri de case inundate la Schit, P\u00e2cli\u015fa \u015fi l\u00e2ng\u0103 Parcul dendrologic - Revista Urbea Mea - Revista de Alba","twitter_description":"Rafalele de ploi de joi, de la Alba Iulia au transformat ora\u015ful \u00eentr-un r\u00e2u. Potrivit ISU Alba, noi zone din ora\u015f au fost afectate de cantit\u0103\u0163ile mari de","twitter_image":"https:\/\/urbeamea.ro\/albaiulia\/wp-content\/uploads\/2017\/05\/18742433_1376778145731097_90532617_o.jpg","twitter_creator":"@urbeameaweb","twitter_site":"@urbeameaweb","schema":{"@context":"https:\/\/schema.org","@graph":[{"@type":"Article","@id":"https:\/\/urbeamea.ro\/albaiulia\/foto-ploaia-torentiala-a-adus-potopul-pe-strazile-din-alba-iulia-subsoluri-de-case-inundate-la-schit-paclisa-si-langa-parcul-dendrologic\/#article","isPartOf":{"@id":"https:\/\/urbeamea.ro\/albaiulia\/foto-ploaia-torentiala-a-adus-potopul-pe-strazile-din-alba-iulia-subsoluri-de-case-inundate-la-schit-paclisa-si-langa-parcul-dendrologic\/"},"author":{"name":"Cristina Ganga","@id":"https:\/\/urbeamea.ro\/albaiulia\/#\/schema\/person\/9700d21fae21c4f038b0b56f4506264a"},"headline":"FOTO: Ploaia toren\u0163ial\u0103 a adus potopul pe str\u0103zile din Alba Iulia. subsoluri de case inundate la Schit, P\u00e2cli\u015fa \u015fi l\u00e2ng\u0103 Parcul dendrologic","datePublished":"2017-05-25T13:00:10+00:00","dateModified":"2017-05-26T07:00:32+00:00","mainEntityOfPage":{"@id":"https:\/\/urbeamea.ro\/albaiulia\/foto-ploaia-torentiala-a-adus-potopul-pe-strazile-din-alba-iulia-subsoluri-de-case-inundate-la-schit-paclisa-si-langa-parcul-dendrologic\/"},"wordCount":198,"commentCount":0,"image":{"@id":"https:\/\/urbeamea.ro\/albaiulia\/foto-ploaia-torentiala-a-adus-potopul-pe-strazile-din-alba-iulia-subsoluri-de-case-inundate-la-schit-paclisa-si-langa-parcul-dendrologic\/#primaryimage"},"thumbnailUrl":"https:\/\/urbeamea.ro\/albaiulia\/wp-content\/uploads\/2017\/05\/18742433_1376778145731097_90532617_o.jpg","keywords":["Alba Iulia","paclisa","ploi torentiale","pompieri","potop","schit","stiri","strazi","subsoluri inundate","Urbea Mea"],"articleSection":["\u015etiri Urbane"],"inLanguage":"ro-RO","potentialAction":[{"@type":"CommentAction","name":"Comment","target":["https:\/\/urbeamea.ro\/albaiulia\/foto-ploaia-torentiala-a-adus-potopul-pe-strazile-din-alba-iulia-subsoluri-de-case-inundate-la-schit-paclisa-si-langa-parcul-dendrologic\/#respond"]}]},{"@type":"WebPage","@id":"https:\/\/urbeamea.ro\/albaiulia\/foto-ploaia-torentiala-a-adus-potopul-pe-strazile-din-alba-iulia-subsoluri-de-case-inundate-la-schit-paclisa-si-langa-parcul-dendrologic\/","url":"https:\/\/urbeamea.ro\/albaiulia\/foto-ploaia-torentiala-a-adus-potopul-pe-strazile-din-alba-iulia-subsoluri-de-case-inundate-la-schit-paclisa-si-langa-parcul-dendrologic\/","name":"FOTO: Ploaia toren\u0163ial\u0103 a adus potopul pe str\u0103zile din Alba Iulia. subsoluri de case inundate la Schit, P\u00e2cli\u015fa \u015fi l\u00e2ng\u0103 Parcul dendrologic - Revista Urbea Mea - Revista de Alba","isPartOf":{"@id":"https:\/\/urbeamea.ro\/albaiulia\/#website"},"primaryImageOfPage":{"@id":"https:\/\/urbeamea.ro\/albaiulia\/foto-ploaia-torentiala-a-adus-potopul-pe-strazile-din-alba-iulia-subsoluri-de-case-inundate-la-schit-paclisa-si-langa-parcul-dendrologic\/#primaryimage"},"image":{"@id":"https:\/\/urbeamea.ro\/albaiulia\/foto-ploaia-torentiala-a-adus-potopul-pe-strazile-din-alba-iulia-subsoluri-de-case-inundate-la-schit-paclisa-si-langa-parcul-dendrologic\/#primaryimage"},"thumbnailUrl":"https:\/\/urbeamea.ro\/albaiulia\/wp-content\/uploads\/2017\/05\/18742433_1376778145731097_90532617_o.jpg","datePublished":"2017-05-25T13:00:10+00:00","dateModified":"2017-05-26T07:00:32+00:00","author":{"@id":"https:\/\/urbeamea.ro\/albaiulia\/#\/schema\/person\/9700d21fae21c4f038b0b56f4506264a"},"description":"Rafalele de ploi de joi, de la Alba Iulia au transformat ora\u015ful \u00eentr-un r\u00e2u. Potrivit ISU Alba, noi zone din ora\u015f au fost afectate de cantit\u0103\u0163ile mari de","breadcrumb":{"@id":"https:\/\/urbeamea.ro\/albaiulia\/foto-ploaia-torentiala-a-adus-potopul-pe-strazile-din-alba-iulia-subsoluri-de-case-inundate-la-schit-paclisa-si-langa-parcul-dendrologic\/#breadcrumb"},"inLanguage":"ro-RO","potentialAction":[{"@type":"ReadAction","target":["https:\/\/urbeamea.ro\/albaiulia\/foto-ploaia-torentiala-a-adus-potopul-pe-strazile-din-alba-iulia-subsoluri-de-case-inundate-la-schit-paclisa-si-langa-parcul-dendrologic\/"]}]},{"@type":"ImageObject","inLanguage":"ro-RO","@id":"https:\/\/urbeamea.ro\/albaiulia\/foto-ploaia-torentiala-a-adus-potopul-pe-strazile-din-alba-iulia-subsoluri-de-case-inundate-la-schit-paclisa-si-langa-parcul-dendrologic\/#primaryimage","url":"https:\/\/urbeamea.ro\/albaiulia\/wp-content\/uploads\/2017\/05\/18742433_1376778145731097_90532617_o.jpg","contentUrl":"https:\/\/urbeamea.ro\/albaiulia\/wp-content\/uploads\/2017\/05\/18742433_1376778145731097_90532617_o.jpg","width":1200,"height":675},{"@type":"BreadcrumbList","@id":"https:\/\/urbeamea.ro\/albaiulia\/foto-ploaia-torentiala-a-adus-potopul-pe-strazile-din-alba-iulia-subsoluri-de-case-inundate-la-schit-paclisa-si-langa-parcul-dendrologic\/#breadcrumb","itemListElement":[{"@type":"ListItem","position":1,"name":"Prima pagin\u0103","item":"https:\/\/urbeamea.ro\/albaiulia\/"},{"@type":"ListItem","position":2,"name":"FOTO: Ploaia toren\u0163ial\u0103 a adus potopul pe str\u0103zile din Alba Iulia. subsoluri de case inundate la Schit, P\u00e2cli\u015fa \u015fi l\u00e2ng\u0103 Parcul dendrologic"}]},{"@type":"WebSite","@id":"https:\/\/urbeamea.ro\/albaiulia\/#website","url":"https:\/\/urbeamea.ro\/albaiulia\/","name":"Revista Urbea Mea, Stiri urbane","description":"Evenimente \u0219i \u0219tiri din Alba Iulia, Sebe\u0219, Aiud, Blaj","potentialAction":[{"@type":"SearchAction","target":{"@type":"EntryPoint","urlTemplate":"https:\/\/urbeamea.ro\/albaiulia\/?s={search_term_string}"},"query-input":{"@type":"PropertyValueSpecification","valueRequired":true,"valueName":"search_term_string"}}],"inLanguage":"ro-RO"},{"@type":"Person","@id":"https:\/\/urbeamea.ro\/albaiulia\/#\/schema\/person\/9700d21fae21c4f038b0b56f4506264a","name":"Cristina Ganga","image":{"@type":"ImageObject","inLanguage":"ro-RO","@id":"https:\/\/secure.gravatar.com\/avatar\/5a67661041f057b4a8ccaf26f5a8e86e2689372006d01faf3dd9eeb10b654bb4?s=96&d=mm&r=g","url":"https:\/\/secure.gravatar.com\/avatar\/5a67661041f057b4a8ccaf26f5a8e86e2689372006d01faf3dd9eeb10b654bb4?s=96&d=mm&r=g","contentUrl":"https:\/\/secure.gravatar.com\/avatar\/5a67661041f057b4a8ccaf26f5a8e86e2689372006d01faf3dd9eeb10b654bb4?s=96&d=mm&r=g","caption":"Cristina Ganga"},"description":"Jurnalist","sameAs":["https:\/\/www.facebook.com\/cristina.nicola.587"],"url":"https:\/\/urbeamea.ro\/albaiulia\/author\/cristina-nicola\/"}]}},"_links":{"self":[{"href":"https:\/\/urbeamea.ro\/albaiulia\/wp-json\/wp\/v2\/posts\/45896","targetHints":{"allow":["GET"]}}],"collection":[{"href":"https:\/\/urbeamea.ro\/albaiulia\/wp-json\/wp\/v2\/posts"}],"about":[{"href":"https:\/\/urbeamea.ro\/albaiulia\/wp-json\/wp\/v2\/types\/post"}],"author":[{"embeddable":true,"href":"https:\/\/urbeamea.ro\/albaiulia\/wp-json\/wp\/v2\/users\/17"}],"replies":[{"embeddable":true,"href":"https:\/\/urbeamea.ro\/albaiulia\/wp-json\/wp\/v2\/comments?post=45896"}],"version-history":[{"count":0,"href":"https:\/\/urbeamea.ro\/albaiulia\/wp-json\/wp\/v2\/posts\/45896\/revisions"}],"wp:featuredmedia":[{"embeddable":true,"href":"https:\/\/urbeamea.ro\/albaiulia\/wp-json\/wp\/v2\/media\/45898"}],"wp:attachment":[{"href":"https:\/\/urbeamea.ro\/albaiulia\/wp-json\/wp\/v2\/media?parent=45896"}],"wp:term":[{"taxonomy":"category","embeddable":true,"href":"https:\/\/urbeamea.ro\/albaiulia\/wp-json\/wp\/v2\/categories?post=45896"},{"taxonomy":"post_tag","embeddable":true,"href":"https:\/\/urbeamea.ro\/albaiulia\/wp-json\/wp\/v2\/tags?post=45896"}],"curies":[{"name":"wp","href":"https:\/\/api.w.org\/{rel}","templated":true}]}}