{"id":46099,"date":"2017-05-28T10:09:34","date_gmt":"2017-05-28T07:09:34","guid":{"rendered":"http:\/\/urbeamea.ro\/albaiulia\/?p=46099"},"modified":"2017-05-28T10:09:34","modified_gmt":"2017-05-28T07:09:34","slug":"electrica-anunta-care-sunt-localitatile-din-alba-fara-curent-electric-in-perioada-29-31-mai","status":"publish","type":"post","link":"https:\/\/urbeamea.ro\/albaiulia\/electrica-anunta-care-sunt-localitatile-din-alba-fara-curent-electric-in-perioada-29-31-mai\/","title":{"rendered":"Electrica anun\u0163\u0103 care sunt localit\u0103\u0163ile din Alba f\u0103r\u0103 curent electric, \u00een perioada 29-31 mai"},"content":{"rendered":"<p><strong>Electrica anun\u0163\u0103 \u00eentreruperi programate \u00een alimentarea cu energie \u00een jude\u0163ul Alba, \u00een perioada 29-31 mai, din cauza lucr\u0103rilor de \u00eentre\u0163inere a re\u0163elei.<\/strong><\/p>\n<p><strong>\u00cen func\u0163ie de condi\u0163iile meteo, lucr\u0103rile ar putea fi reprogramate.<\/strong><\/p>\n<p>Luni, 29 mai 2017<\/p>\n<p>Orele 9.00-17.00: Fa\u0163a Pietrii, M\u0103n\u0103stire R\u00e2me\u0163, Vl\u0103de\u015fti, R\u00e2me\u0163, Cabane R\u00e2me\u0163, C\u0103p\u00e2lna de Jos (par\u0163ial), R\u0103icani<br \/>\nOrele 11.00-14.00: M\u0103h\u0103ceni, inclusiv F-ca Leier, \u00a0Dumbrava (Unirea), inclusiv pilon Orange, pilon Cosmote<\/p>\n<p>Mar\u021bi, 30 mai 2017<\/p>\n<p>Orele 9.00-17.00: C\u0103p\u00e2lna de Jos (par\u0163ial),\u00a0Galda de Jos, str.Principal\u0103, nr.176-249, \u00eentre orele 9.00-17.00<br \/>\nOrele 9.30-17.30: Aiud, str.I.Creang\u0103 (nr.109-119 \u015fi 119-126), str.G\u0103rii (nr.2-12)<\/p>\n<p>Miercuri, 31 mai 2017<\/p>\n<p>Orele 9.00-17.00: Lopadea Nou\u0103, nr.12-220,\u00a0 Galda de Jos, str.Principal\u0103, nr.380-566<\/p>\n<p>Orele 9.30-17.30: Aiud, str.I.Creang\u0103 (nr.109-119 \u015fi 119-126), str.G\u0103rii (nr.2-12), \u00eentre<\/p>\n","protected":false},"excerpt":{"rendered":"<p>Electrica anun\u0163\u0103 \u00eentreruperi programate \u00een alimentarea cu energie \u00een jude\u0163ul Alba, \u00een perioada 29-31 mai, din cauza lucr\u0103rilor de \u00eentre\u0163inere a re\u0163elei. \u00cen func\u0163ie de condi\u0163iile meteo, lucr\u0103rile ar putea fi reprogramate. Luni, 29 mai 2017 Orele 9.00-17.00: Fa\u0163a Pietrii, M\u0103n\u0103stire R\u00e2me\u0163, Vl\u0103de\u015fti, R\u00e2me\u0163, Cabane R\u00e2me\u0163, C\u0103p\u00e2lna de Jos (par\u0163ial), R\u0103icani Orele 11.00-14.00: M\u0103h\u0103ceni, inclusiv &hellip;<\/p>\n","protected":false},"author":17,"featured_media":5703,"comment_status":"open","ping_status":"open","sticky":false,"template":"","format":"standard","meta":{"inline_featured_image":false,"footnotes":""},"categories":[2034],"tags":[307,7997,3714,7693,5037,605,1816,308,76],"class_list":["post-46099","post","type-post","status-publish","format-standard","has-post-thumbnail","hentry","category-social","tag-alba","tag-energie-electrica","tag-furnizare","tag-intreruperi","tag-localitati","tag-lucrari","tag-retea","tag-stiri","tag-urbea-mea"],"yoast_head":"<!-- This site is optimized with the Yoast SEO plugin v28.3 - https:\/\/yoast.com\/product\/yoast-seo-wordpress\/ -->\n<title>Electrica anun\u0163\u0103 care sunt localit\u0103\u0163ile din Alba f\u0103r\u0103 curent electric, \u00een perioada 29-31 mai - Revista Urbea Mea - Revista de Alba<\/title>\n<meta name=\"description\" content=\"Electrica anun\u0163\u0103 \u00eentreruperi programate \u00een alimentarea cu energie \u00een jude\u0163ul Alba, \u00een perioada 29-31 mai, din cauza lucr\u0103rilor de \u00eentre\u0163inere a re\u0163elei.\" \/>\n<meta name=\"robots\" content=\"index, follow, max-snippet:-1, max-image-preview:large, max-video-preview:-1\" \/>\n<link rel=\"canonical\" href=\"https:\/\/urbeamea.ro\/albaiulia\/electrica-anunta-care-sunt-localitatile-din-alba-fara-curent-electric-in-perioada-29-31-mai\/\" \/>\n<meta name=\"twitter:card\" content=\"summary_large_image\" \/>\n<meta name=\"twitter:title\" content=\"Electrica anun\u0163\u0103 care sunt localit\u0103\u0163ile din Alba f\u0103r\u0103 curent electric, \u00een perioada 29-31 mai - Revista Urbea Mea - Revista de Alba\" \/>\n<meta name=\"twitter:description\" content=\"Electrica anun\u0163\u0103 \u00eentreruperi programate \u00een alimentarea cu energie \u00een jude\u0163ul Alba, \u00een perioada 29-31 mai, din cauza lucr\u0103rilor de \u00eentre\u0163inere a re\u0163elei.\" \/>\n<meta name=\"twitter:image\" content=\"https:\/\/urbeamea.ro\/albaiulia\/wp-content\/uploads\/2015\/06\/intreruperi-curent-electric.jpg\" \/>\n<meta name=\"twitter:creator\" content=\"@urbeameaweb\" \/>\n<meta name=\"twitter:site\" content=\"@urbeameaweb\" \/>\n<script type=\"application\/ld+json\" class=\"yoast-schema-graph\">{\"@context\":\"https:\\\/\\\/schema.org\",\"@graph\":[{\"@type\":\"Article\",\"@id\":\"https:\\\/\\\/urbeamea.ro\\\/albaiulia\\\/electrica-anunta-care-sunt-localitatile-din-alba-fara-curent-electric-in-perioada-29-31-mai\\\/#article\",\"isPartOf\":{\"@id\":\"https:\\\/\\\/urbeamea.ro\\\/albaiulia\\\/electrica-anunta-care-sunt-localitatile-din-alba-fara-curent-electric-in-perioada-29-31-mai\\\/\"},\"author\":{\"name\":\"Cristina Ganga\",\"@id\":\"https:\\\/\\\/urbeamea.ro\\\/albaiulia\\\/#\\\/schema\\\/person\\\/9700d21fae21c4f038b0b56f4506264a\"},\"headline\":\"Electrica anun\u0163\u0103 care sunt localit\u0103\u0163ile din Alba f\u0103r\u0103 curent electric, \u00een perioada 29-31 mai\",\"datePublished\":\"2017-05-28T07:09:34+00:00\",\"mainEntityOfPage\":{\"@id\":\"https:\\\/\\\/urbeamea.ro\\\/albaiulia\\\/electrica-anunta-care-sunt-localitatile-din-alba-fara-curent-electric-in-perioada-29-31-mai\\\/\"},\"wordCount\":167,\"commentCount\":0,\"image\":{\"@id\":\"https:\\\/\\\/urbeamea.ro\\\/albaiulia\\\/electrica-anunta-care-sunt-localitatile-din-alba-fara-curent-electric-in-perioada-29-31-mai\\\/#primaryimage\"},\"thumbnailUrl\":\"https:\\\/\\\/urbeamea.ro\\\/albaiulia\\\/wp-content\\\/uploads\\\/2015\\\/06\\\/intreruperi-curent-electric.jpg\",\"keywords\":[\"alba\",\"energie electrica\",\"furnizare\",\"intreruperi\",\"localitati\",\"lucrari\",\"retea\",\"stiri\",\"Urbea Mea\"],\"articleSection\":[\"Social\"],\"inLanguage\":\"ro-RO\",\"potentialAction\":[{\"@type\":\"CommentAction\",\"name\":\"Comment\",\"target\":[\"https:\\\/\\\/urbeamea.ro\\\/albaiulia\\\/electrica-anunta-care-sunt-localitatile-din-alba-fara-curent-electric-in-perioada-29-31-mai\\\/#respond\"]}]},{\"@type\":\"WebPage\",\"@id\":\"https:\\\/\\\/urbeamea.ro\\\/albaiulia\\\/electrica-anunta-care-sunt-localitatile-din-alba-fara-curent-electric-in-perioada-29-31-mai\\\/\",\"url\":\"https:\\\/\\\/urbeamea.ro\\\/albaiulia\\\/electrica-anunta-care-sunt-localitatile-din-alba-fara-curent-electric-in-perioada-29-31-mai\\\/\",\"name\":\"Electrica anun\u0163\u0103 care sunt localit\u0103\u0163ile din Alba f\u0103r\u0103 curent electric, \u00een perioada 29-31 mai - Revista Urbea Mea - Revista de Alba\",\"isPartOf\":{\"@id\":\"https:\\\/\\\/urbeamea.ro\\\/albaiulia\\\/#website\"},\"primaryImageOfPage\":{\"@id\":\"https:\\\/\\\/urbeamea.ro\\\/albaiulia\\\/electrica-anunta-care-sunt-localitatile-din-alba-fara-curent-electric-in-perioada-29-31-mai\\\/#primaryimage\"},\"image\":{\"@id\":\"https:\\\/\\\/urbeamea.ro\\\/albaiulia\\\/electrica-anunta-care-sunt-localitatile-din-alba-fara-curent-electric-in-perioada-29-31-mai\\\/#primaryimage\"},\"thumbnailUrl\":\"https:\\\/\\\/urbeamea.ro\\\/albaiulia\\\/wp-content\\\/uploads\\\/2015\\\/06\\\/intreruperi-curent-electric.jpg\",\"datePublished\":\"2017-05-28T07:09:34+00:00\",\"author\":{\"@id\":\"https:\\\/\\\/urbeamea.ro\\\/albaiulia\\\/#\\\/schema\\\/person\\\/9700d21fae21c4f038b0b56f4506264a\"},\"description\":\"Electrica anun\u0163\u0103 \u00eentreruperi programate \u00een alimentarea cu energie \u00een jude\u0163ul Alba, \u00een perioada 29-31 mai, din cauza lucr\u0103rilor de \u00eentre\u0163inere a re\u0163elei.\",\"breadcrumb\":{\"@id\":\"https:\\\/\\\/urbeamea.ro\\\/albaiulia\\\/electrica-anunta-care-sunt-localitatile-din-alba-fara-curent-electric-in-perioada-29-31-mai\\\/#breadcrumb\"},\"inLanguage\":\"ro-RO\",\"potentialAction\":[{\"@type\":\"ReadAction\",\"target\":[\"https:\\\/\\\/urbeamea.ro\\\/albaiulia\\\/electrica-anunta-care-sunt-localitatile-din-alba-fara-curent-electric-in-perioada-29-31-mai\\\/\"]}]},{\"@type\":\"ImageObject\",\"inLanguage\":\"ro-RO\",\"@id\":\"https:\\\/\\\/urbeamea.ro\\\/albaiulia\\\/electrica-anunta-care-sunt-localitatile-din-alba-fara-curent-electric-in-perioada-29-31-mai\\\/#primaryimage\",\"url\":\"https:\\\/\\\/urbeamea.ro\\\/albaiulia\\\/wp-content\\\/uploads\\\/2015\\\/06\\\/intreruperi-curent-electric.jpg\",\"contentUrl\":\"https:\\\/\\\/urbeamea.ro\\\/albaiulia\\\/wp-content\\\/uploads\\\/2015\\\/06\\\/intreruperi-curent-electric.jpg\",\"width\":455,\"height\":280},{\"@type\":\"BreadcrumbList\",\"@id\":\"https:\\\/\\\/urbeamea.ro\\\/albaiulia\\\/electrica-anunta-care-sunt-localitatile-din-alba-fara-curent-electric-in-perioada-29-31-mai\\\/#breadcrumb\",\"itemListElement\":[{\"@type\":\"ListItem\",\"position\":1,\"name\":\"Prima pagin\u0103\",\"item\":\"https:\\\/\\\/urbeamea.ro\\\/albaiulia\\\/\"},{\"@type\":\"ListItem\",\"position\":2,\"name\":\"Electrica anun\u0163\u0103 care sunt localit\u0103\u0163ile din Alba f\u0103r\u0103 curent electric, \u00een perioada 29-31 mai\"}]},{\"@type\":\"WebSite\",\"@id\":\"https:\\\/\\\/urbeamea.ro\\\/albaiulia\\\/#website\",\"url\":\"https:\\\/\\\/urbeamea.ro\\\/albaiulia\\\/\",\"name\":\"Revista Urbea Mea, Stiri urbane\",\"description\":\"Evenimente \u0219i \u0219tiri din Alba Iulia, Sebe\u0219, Aiud, Blaj\",\"potentialAction\":[{\"@type\":\"SearchAction\",\"target\":{\"@type\":\"EntryPoint\",\"urlTemplate\":\"https:\\\/\\\/urbeamea.ro\\\/albaiulia\\\/?s={search_term_string}\"},\"query-input\":{\"@type\":\"PropertyValueSpecification\",\"valueRequired\":true,\"valueName\":\"search_term_string\"}}],\"inLanguage\":\"ro-RO\"},{\"@type\":\"Person\",\"@id\":\"https:\\\/\\\/urbeamea.ro\\\/albaiulia\\\/#\\\/schema\\\/person\\\/9700d21fae21c4f038b0b56f4506264a\",\"name\":\"Cristina Ganga\",\"image\":{\"@type\":\"ImageObject\",\"inLanguage\":\"ro-RO\",\"@id\":\"https:\\\/\\\/secure.gravatar.com\\\/avatar\\\/5a67661041f057b4a8ccaf26f5a8e86e2689372006d01faf3dd9eeb10b654bb4?s=96&d=mm&r=g\",\"url\":\"https:\\\/\\\/secure.gravatar.com\\\/avatar\\\/5a67661041f057b4a8ccaf26f5a8e86e2689372006d01faf3dd9eeb10b654bb4?s=96&d=mm&r=g\",\"contentUrl\":\"https:\\\/\\\/secure.gravatar.com\\\/avatar\\\/5a67661041f057b4a8ccaf26f5a8e86e2689372006d01faf3dd9eeb10b654bb4?s=96&d=mm&r=g\",\"caption\":\"Cristina Ganga\"},\"description\":\"Jurnalist\",\"sameAs\":[\"https:\\\/\\\/www.facebook.com\\\/cristina.nicola.587\"],\"url\":\"https:\\\/\\\/urbeamea.ro\\\/albaiulia\\\/author\\\/cristina-nicola\\\/\"}]}<\/script>\n<!-- \/ Yoast SEO plugin. -->","yoast_head_json":{"title":"Electrica anun\u0163\u0103 care sunt localit\u0103\u0163ile din Alba f\u0103r\u0103 curent electric, \u00een perioada 29-31 mai - Revista Urbea Mea - Revista de Alba","description":"Electrica anun\u0163\u0103 \u00eentreruperi programate \u00een alimentarea cu energie \u00een jude\u0163ul Alba, \u00een perioada 29-31 mai, din cauza lucr\u0103rilor de \u00eentre\u0163inere a re\u0163elei.","robots":{"index":"index","follow":"follow","max-snippet":"max-snippet:-1","max-image-preview":"max-image-preview:large","max-video-preview":"max-video-preview:-1"},"canonical":"https:\/\/urbeamea.ro\/albaiulia\/electrica-anunta-care-sunt-localitatile-din-alba-fara-curent-electric-in-perioada-29-31-mai\/","twitter_card":"summary_large_image","twitter_title":"Electrica anun\u0163\u0103 care sunt localit\u0103\u0163ile din Alba f\u0103r\u0103 curent electric, \u00een perioada 29-31 mai - Revista Urbea Mea - Revista de Alba","twitter_description":"Electrica anun\u0163\u0103 \u00eentreruperi programate \u00een alimentarea cu energie \u00een jude\u0163ul Alba, \u00een perioada 29-31 mai, din cauza lucr\u0103rilor de \u00eentre\u0163inere a re\u0163elei.","twitter_image":"https:\/\/urbeamea.ro\/albaiulia\/wp-content\/uploads\/2015\/06\/intreruperi-curent-electric.jpg","twitter_creator":"@urbeameaweb","twitter_site":"@urbeameaweb","schema":{"@context":"https:\/\/schema.org","@graph":[{"@type":"Article","@id":"https:\/\/urbeamea.ro\/albaiulia\/electrica-anunta-care-sunt-localitatile-din-alba-fara-curent-electric-in-perioada-29-31-mai\/#article","isPartOf":{"@id":"https:\/\/urbeamea.ro\/albaiulia\/electrica-anunta-care-sunt-localitatile-din-alba-fara-curent-electric-in-perioada-29-31-mai\/"},"author":{"name":"Cristina Ganga","@id":"https:\/\/urbeamea.ro\/albaiulia\/#\/schema\/person\/9700d21fae21c4f038b0b56f4506264a"},"headline":"Electrica anun\u0163\u0103 care sunt localit\u0103\u0163ile din Alba f\u0103r\u0103 curent electric, \u00een perioada 29-31 mai","datePublished":"2017-05-28T07:09:34+00:00","mainEntityOfPage":{"@id":"https:\/\/urbeamea.ro\/albaiulia\/electrica-anunta-care-sunt-localitatile-din-alba-fara-curent-electric-in-perioada-29-31-mai\/"},"wordCount":167,"commentCount":0,"image":{"@id":"https:\/\/urbeamea.ro\/albaiulia\/electrica-anunta-care-sunt-localitatile-din-alba-fara-curent-electric-in-perioada-29-31-mai\/#primaryimage"},"thumbnailUrl":"https:\/\/urbeamea.ro\/albaiulia\/wp-content\/uploads\/2015\/06\/intreruperi-curent-electric.jpg","keywords":["alba","energie electrica","furnizare","intreruperi","localitati","lucrari","retea","stiri","Urbea Mea"],"articleSection":["Social"],"inLanguage":"ro-RO","potentialAction":[{"@type":"CommentAction","name":"Comment","target":["https:\/\/urbeamea.ro\/albaiulia\/electrica-anunta-care-sunt-localitatile-din-alba-fara-curent-electric-in-perioada-29-31-mai\/#respond"]}]},{"@type":"WebPage","@id":"https:\/\/urbeamea.ro\/albaiulia\/electrica-anunta-care-sunt-localitatile-din-alba-fara-curent-electric-in-perioada-29-31-mai\/","url":"https:\/\/urbeamea.ro\/albaiulia\/electrica-anunta-care-sunt-localitatile-din-alba-fara-curent-electric-in-perioada-29-31-mai\/","name":"Electrica anun\u0163\u0103 care sunt localit\u0103\u0163ile din Alba f\u0103r\u0103 curent electric, \u00een perioada 29-31 mai - Revista Urbea Mea - Revista de Alba","isPartOf":{"@id":"https:\/\/urbeamea.ro\/albaiulia\/#website"},"primaryImageOfPage":{"@id":"https:\/\/urbeamea.ro\/albaiulia\/electrica-anunta-care-sunt-localitatile-din-alba-fara-curent-electric-in-perioada-29-31-mai\/#primaryimage"},"image":{"@id":"https:\/\/urbeamea.ro\/albaiulia\/electrica-anunta-care-sunt-localitatile-din-alba-fara-curent-electric-in-perioada-29-31-mai\/#primaryimage"},"thumbnailUrl":"https:\/\/urbeamea.ro\/albaiulia\/wp-content\/uploads\/2015\/06\/intreruperi-curent-electric.jpg","datePublished":"2017-05-28T07:09:34+00:00","author":{"@id":"https:\/\/urbeamea.ro\/albaiulia\/#\/schema\/person\/9700d21fae21c4f038b0b56f4506264a"},"description":"Electrica anun\u0163\u0103 \u00eentreruperi programate \u00een alimentarea cu energie \u00een jude\u0163ul Alba, \u00een perioada 29-31 mai, din cauza lucr\u0103rilor de \u00eentre\u0163inere a re\u0163elei.","breadcrumb":{"@id":"https:\/\/urbeamea.ro\/albaiulia\/electrica-anunta-care-sunt-localitatile-din-alba-fara-curent-electric-in-perioada-29-31-mai\/#breadcrumb"},"inLanguage":"ro-RO","potentialAction":[{"@type":"ReadAction","target":["https:\/\/urbeamea.ro\/albaiulia\/electrica-anunta-care-sunt-localitatile-din-alba-fara-curent-electric-in-perioada-29-31-mai\/"]}]},{"@type":"ImageObject","inLanguage":"ro-RO","@id":"https:\/\/urbeamea.ro\/albaiulia\/electrica-anunta-care-sunt-localitatile-din-alba-fara-curent-electric-in-perioada-29-31-mai\/#primaryimage","url":"https:\/\/urbeamea.ro\/albaiulia\/wp-content\/uploads\/2015\/06\/intreruperi-curent-electric.jpg","contentUrl":"https:\/\/urbeamea.ro\/albaiulia\/wp-content\/uploads\/2015\/06\/intreruperi-curent-electric.jpg","width":455,"height":280},{"@type":"BreadcrumbList","@id":"https:\/\/urbeamea.ro\/albaiulia\/electrica-anunta-care-sunt-localitatile-din-alba-fara-curent-electric-in-perioada-29-31-mai\/#breadcrumb","itemListElement":[{"@type":"ListItem","position":1,"name":"Prima pagin\u0103","item":"https:\/\/urbeamea.ro\/albaiulia\/"},{"@type":"ListItem","position":2,"name":"Electrica anun\u0163\u0103 care sunt localit\u0103\u0163ile din Alba f\u0103r\u0103 curent electric, \u00een perioada 29-31 mai"}]},{"@type":"WebSite","@id":"https:\/\/urbeamea.ro\/albaiulia\/#website","url":"https:\/\/urbeamea.ro\/albaiulia\/","name":"Revista Urbea Mea, Stiri urbane","description":"Evenimente \u0219i \u0219tiri din Alba Iulia, Sebe\u0219, Aiud, Blaj","potentialAction":[{"@type":"SearchAction","target":{"@type":"EntryPoint","urlTemplate":"https:\/\/urbeamea.ro\/albaiulia\/?s={search_term_string}"},"query-input":{"@type":"PropertyValueSpecification","valueRequired":true,"valueName":"search_term_string"}}],"inLanguage":"ro-RO"},{"@type":"Person","@id":"https:\/\/urbeamea.ro\/albaiulia\/#\/schema\/person\/9700d21fae21c4f038b0b56f4506264a","name":"Cristina Ganga","image":{"@type":"ImageObject","inLanguage":"ro-RO","@id":"https:\/\/secure.gravatar.com\/avatar\/5a67661041f057b4a8ccaf26f5a8e86e2689372006d01faf3dd9eeb10b654bb4?s=96&d=mm&r=g","url":"https:\/\/secure.gravatar.com\/avatar\/5a67661041f057b4a8ccaf26f5a8e86e2689372006d01faf3dd9eeb10b654bb4?s=96&d=mm&r=g","contentUrl":"https:\/\/secure.gravatar.com\/avatar\/5a67661041f057b4a8ccaf26f5a8e86e2689372006d01faf3dd9eeb10b654bb4?s=96&d=mm&r=g","caption":"Cristina Ganga"},"description":"Jurnalist","sameAs":["https:\/\/www.facebook.com\/cristina.nicola.587"],"url":"https:\/\/urbeamea.ro\/albaiulia\/author\/cristina-nicola\/"}]}},"_links":{"self":[{"href":"https:\/\/urbeamea.ro\/albaiulia\/wp-json\/wp\/v2\/posts\/46099","targetHints":{"allow":["GET"]}}],"collection":[{"href":"https:\/\/urbeamea.ro\/albaiulia\/wp-json\/wp\/v2\/posts"}],"about":[{"href":"https:\/\/urbeamea.ro\/albaiulia\/wp-json\/wp\/v2\/types\/post"}],"author":[{"embeddable":true,"href":"https:\/\/urbeamea.ro\/albaiulia\/wp-json\/wp\/v2\/users\/17"}],"replies":[{"embeddable":true,"href":"https:\/\/urbeamea.ro\/albaiulia\/wp-json\/wp\/v2\/comments?post=46099"}],"version-history":[{"count":0,"href":"https:\/\/urbeamea.ro\/albaiulia\/wp-json\/wp\/v2\/posts\/46099\/revisions"}],"wp:featuredmedia":[{"embeddable":true,"href":"https:\/\/urbeamea.ro\/albaiulia\/wp-json\/wp\/v2\/media\/5703"}],"wp:attachment":[{"href":"https:\/\/urbeamea.ro\/albaiulia\/wp-json\/wp\/v2\/media?parent=46099"}],"wp:term":[{"taxonomy":"category","embeddable":true,"href":"https:\/\/urbeamea.ro\/albaiulia\/wp-json\/wp\/v2\/categories?post=46099"},{"taxonomy":"post_tag","embeddable":true,"href":"https:\/\/urbeamea.ro\/albaiulia\/wp-json\/wp\/v2\/tags?post=46099"}],"curies":[{"name":"wp","href":"https:\/\/api.w.org\/{rel}","templated":true}]}}