{"id":46438,"date":"2017-06-01T12:17:54","date_gmt":"2017-06-01T09:17:54","guid":{"rendered":"http:\/\/urbeamea.ro\/albaiulia\/?p=46438"},"modified":"2017-06-01T12:17:54","modified_gmt":"2017-06-01T09:17:54","slug":"caravana-smurd-fii-pregatit-ajunge-in-weekend-la-alba-iulia-si-aiud-cursuri-de-instruire-pentru-acordarea-de-prim-ajutor-in-situatii-de-urgenta","status":"publish","type":"post","link":"https:\/\/urbeamea.ro\/albaiulia\/caravana-smurd-fii-pregatit-ajunge-in-weekend-la-alba-iulia-si-aiud-cursuri-de-instruire-pentru-acordarea-de-prim-ajutor-in-situatii-de-urgenta\/","title":{"rendered":"Caravana SMURD \u201eFii preg\u0103tit!\u201d, ajunge \u00een weekend la Alba Iulia \u015fi Aiud. Cursuri de instruire pentru acordarea de prim ajutor \u00een situa\u0163ii de urgen\u0163\u0103"},"content":{"rendered":"<p lang=\"ro-RO\" align=\"JUSTIFY\"><strong>Caravana \u201eFii preg\u0103tit!\u201d va ajunge s\u00e2mb\u0103t\u0103, 3 iunie, la Alba Iulia \u015fi va fi amplasat\u0103 \u00een fa\u0163a Casei de Cultur\u0103 a Sindicatelor, iar \u00een ziua de duminic\u0103, 4 iunie, va fi amplasat\u0103 \u00een ora\u0219ul Aiud, \u00een fa\u021ba Prim\u0103riei Aiud.<\/strong><\/p>\n<p lang=\"ro-RO\" align=\"JUSTIFY\"><strong>Cu aceast\u0103 ocazie, ISU Alba va organiza un punct de informare, unde cet\u0103\u021benii vor putea ob\u021bine informa\u021bii despre cariera de pompier dar \u0219i despre programul de voluntariat \u201cSalvator din Pasiune\u201d.<\/strong><\/p>\n<p lang=\"ro-RO\" align=\"JUSTIFY\">Timp de dou\u0103 zile, \u00een intervalul orar 10.00 -18.00, personalul ISU Alba va organiza cursuri de preg\u0103tire a popula\u021biei pentru acordarea de prim ajutor \u00een situa\u021bii de urgen\u021b\u0103. Cursurile oferite vor include prezentarea principalelor dezastre naturale care pot afecta Rom\u00e2nia \u2013 cutremure, inunda\u021bii, incendii \u2013 \u0219i modul \u00een care popula\u021bia se poate preg\u0103ti pentru a le face fa\u021b\u0103.<\/p>\n<p lang=\"ro-RO\" align=\"JUSTIFY\">Centrul mobil are o sal\u0103 de \u0219colarizare cu o capacitate de 40 de persoane \u0219i este dotat cu toate echipamentele medicale \u0219i de prim ajutor, dispozitive portabile, inclusiv simulatoare, ce permit instruirea eficient\u0103 a cursan\u021bilor.<\/p>\n<p lang=\"fr-FR\" align=\"JUSTIFY\">Aceasta este al doilea an c\u00e2nd Caravana \u201eFii preg\u0103tit!\u201d porne\u0219te la drum, pentru cursuri de instruire a popula\u021biei.<\/p>\n<p lang=\"fr-FR\" align=\"JUSTIFY\">Dup\u0103 oprirea din Alba, Caravana \u201eFii preg\u0103tit!\u201d va ajunge \u00een luna iunie, la One\u015fti, Com\u0103ne\u015fti (10-11 iunie), R\u00e2\u015fnov, Bra\u015fov (17-18 iunie), T\u00e2rgu-Neam\u021b, Roman, Piatra-Neam\u021b (23, 24, 25 iunie).<\/p>\n<p lang=\"ro-RO\" align=\"JUSTIFY\">Cei care doresc s\u0103 participe la cursurile organizate \u00een Caravana \u201cFii preg\u0103tit!\u201d se pot \u00eenscrie pe pagina de internet a Funda\u021biei pentru SMURD \u2013 http:\/\/fundatiapentrusmurd.ro\/centrul-mobil-de-instruire-smurd\/, unde se g\u0103se\u0219te calendarul deplas\u0103rilor p\u00e2n\u0103 \u00een luna august.<\/p>\n<p lang=\"ro-RO\" align=\"JUSTIFY\">Anul trecut, Caravana <span lang=\"fr-FR\">\u201cFii preg\u0103tit!\u201d a parcurs peste 17.000 de kilometri, a ajuns \u00een 29 de ora\u0219e \u0219i peste 10.200 de personae au fost instruite de personalul IGSU.<\/span><\/p>\n<p lang=\"ro-RO\" align=\"JUSTIFY\">Caravana \u201cFii preg\u0103tit!\u201d este un proiect al Departamentului pentru Situa\u0163ii de Urgen\u0163\u0103, operat de Inspectoratul General pentru Situa\u0163ii de Urgen\u0163\u0103 \u015fi care a fost sus\u0163inut financiar de Funda\u0163ia pentru SMURD, cu sprijinul Funda\u021biei Vodafone Rom\u00e2nia.<\/p>\n<p lang=\"en-US\" align=\"JUSTIFY\">Cu aceast\u0103 ocazie, Inspectoratul pentru Situa\u021bii de Urgen\u021b\u0103 \u201cUnirea\u201d al jude\u021bului Alba va organiza un <strong>punct de informare<\/strong>, unde cet\u0103\u021benii vor putea ob\u021bine informa\u021bii despre cariera de pompier \u2013 despre \u0219colile ce le pot urma pentru a \u00eembr\u0103\u021bi\u0219a nobila meserie de salvator, dar \u0219i informa\u021bii despre programul de voluntariat \u201cSalvator din Pasiune\u201d din cadrul Inspectoratului pentru Situa\u021bii de Urgen\u021b\u0103 \u201cUnirea\u201d al jude\u021bului Alba.<\/p>\n<p lang=\"en-US\" align=\"JUSTIFY\">Ofi\u021beri \u0219i subofi\u021beri din cadrul Inspec\u021biei de Prevenire vor distribui pliante, bro\u015furi, flyere \u015fi afi\u015fe cuprinz\u00e2nd m\u0103suri de prevenire specifice diferitelor tipuri de situa\u0163ii de urgen\u0163\u0103. Aceast\u0103 activitate se\u00a0adreseaz\u0103 tuturor celor care vor vizita punctul de informare, pentru a le oferi modalit\u0103\u0163i de comportare \u00eenainte, \u00een timpul \u015fi dup\u0103 producerea situa\u0163iilor de urgen\u0163\u0103.<\/p>\n<p lang=\"en-US\" align=\"JUSTIFY\">Pe de alt\u0103 parte, pompieri, medici \u015fi paramedici ce \u00eencadreaz\u0103 echipajele SMURD vor desf\u0103\u015fura activit\u0103\u0163i interactive cu cet\u0103\u0163enii.<\/p>\n","protected":false},"excerpt":{"rendered":"<p>Caravana \u201eFii preg\u0103tit!\u201d va ajunge s\u00e2mb\u0103t\u0103, 3 iunie, la Alba Iulia \u015fi va fi amplasat\u0103 \u00een fa\u0163a Casei de Cultur\u0103 a Sindicatelor, iar \u00een ziua de duminic\u0103, 4 iunie, va fi amplasat\u0103 \u00een ora\u0219ul Aiud, \u00een fa\u021ba Prim\u0103riei Aiud. Cu aceast\u0103 ocazie, ISU Alba va organiza un punct de informare, unde cet\u0103\u021benii vor putea ob\u021bine &hellip;<\/p>\n","protected":false},"author":17,"featured_media":46439,"comment_status":"open","ping_status":"open","sticky":false,"template":"","format":"standard","meta":{"inline_featured_image":false,"footnotes":""},"categories":[2034],"tags":[31,11249,11250,468,308,76,5925],"class_list":["post-46438","post","type-post","status-publish","format-standard","has-post-thumbnail","hentry","category-social","tag-alba-iulia","tag-caravana-fii-pregatit","tag-cariera-de-pompier","tag-casa-de-cultura-a-sindicatelor","tag-stiri","tag-urbea-mea","tag-voluntariat"],"yoast_head":"<!-- This site is optimized with the Yoast SEO plugin v27.4 - https:\/\/yoast.com\/product\/yoast-seo-wordpress\/ -->\n<title>Caravana SMURD \u201eFii preg\u0103tit!\u201d, ajunge \u00een weekend la Alba Iulia \u015fi Aiud. Cursuri de instruire pentru acordarea de prim ajutor \u00een situa\u0163ii de urgen\u0163\u0103 - Revista Urbea Mea - Revista de Alba<\/title>\n<meta name=\"description\" content=\"Caravana \u201eFii preg\u0103tit!\u201d va ajunge s\u00e2mb\u0103t\u0103, 3 iunie, la Alba Iulia \u015fi va fi amplasat\u0103 \u00een fa\u0163a Casei de Cultur\u0103 a Sindicatelor, iar \u00een ziua de duminic\u0103, 4\" \/>\n<meta name=\"robots\" content=\"index, follow, max-snippet:-1, max-image-preview:large, max-video-preview:-1\" \/>\n<link rel=\"canonical\" href=\"https:\/\/urbeamea.ro\/albaiulia\/caravana-smurd-fii-pregatit-ajunge-in-weekend-la-alba-iulia-si-aiud-cursuri-de-instruire-pentru-acordarea-de-prim-ajutor-in-situatii-de-urgenta\/\" \/>\n<meta name=\"twitter:card\" content=\"summary_large_image\" \/>\n<meta name=\"twitter:title\" content=\"Caravana SMURD \u201eFii preg\u0103tit!\u201d, ajunge \u00een weekend la Alba Iulia \u015fi Aiud. Cursuri de instruire pentru acordarea de prim ajutor \u00een situa\u0163ii de urgen\u0163\u0103 - Revista Urbea Mea - Revista de Alba\" \/>\n<meta name=\"twitter:description\" content=\"Caravana \u201eFii preg\u0103tit!\u201d va ajunge s\u00e2mb\u0103t\u0103, 3 iunie, la Alba Iulia \u015fi va fi amplasat\u0103 \u00een fa\u0163a Casei de Cultur\u0103 a Sindicatelor, iar \u00een ziua de duminic\u0103, 4\" \/>\n<meta name=\"twitter:image\" content=\"https:\/\/urbeamea.ro\/albaiulia\/wp-content\/uploads\/2017\/06\/centru-mobil-instruire-SMURD-caravana1.jpg\" \/>\n<meta name=\"twitter:creator\" content=\"@urbeameaweb\" \/>\n<meta name=\"twitter:site\" content=\"@urbeameaweb\" \/>\n<script type=\"application\/ld+json\" class=\"yoast-schema-graph\">{\"@context\":\"https:\\\/\\\/schema.org\",\"@graph\":[{\"@type\":\"Article\",\"@id\":\"https:\\\/\\\/urbeamea.ro\\\/albaiulia\\\/caravana-smurd-fii-pregatit-ajunge-in-weekend-la-alba-iulia-si-aiud-cursuri-de-instruire-pentru-acordarea-de-prim-ajutor-in-situatii-de-urgenta\\\/#article\",\"isPartOf\":{\"@id\":\"https:\\\/\\\/urbeamea.ro\\\/albaiulia\\\/caravana-smurd-fii-pregatit-ajunge-in-weekend-la-alba-iulia-si-aiud-cursuri-de-instruire-pentru-acordarea-de-prim-ajutor-in-situatii-de-urgenta\\\/\"},\"author\":{\"name\":\"Cristina Ganga\",\"@id\":\"https:\\\/\\\/urbeamea.ro\\\/albaiulia\\\/#\\\/schema\\\/person\\\/9700d21fae21c4f038b0b56f4506264a\"},\"headline\":\"Caravana SMURD \u201eFii preg\u0103tit!\u201d, ajunge \u00een weekend la Alba Iulia \u015fi Aiud. Cursuri de instruire pentru acordarea de prim ajutor \u00een situa\u0163ii de urgen\u0163\u0103\",\"datePublished\":\"2017-06-01T09:17:54+00:00\",\"mainEntityOfPage\":{\"@id\":\"https:\\\/\\\/urbeamea.ro\\\/albaiulia\\\/caravana-smurd-fii-pregatit-ajunge-in-weekend-la-alba-iulia-si-aiud-cursuri-de-instruire-pentru-acordarea-de-prim-ajutor-in-situatii-de-urgenta\\\/\"},\"wordCount\":522,\"commentCount\":0,\"image\":{\"@id\":\"https:\\\/\\\/urbeamea.ro\\\/albaiulia\\\/caravana-smurd-fii-pregatit-ajunge-in-weekend-la-alba-iulia-si-aiud-cursuri-de-instruire-pentru-acordarea-de-prim-ajutor-in-situatii-de-urgenta\\\/#primaryimage\"},\"thumbnailUrl\":\"https:\\\/\\\/urbeamea.ro\\\/albaiulia\\\/wp-content\\\/uploads\\\/2017\\\/06\\\/centru-mobil-instruire-SMURD-caravana1.jpg\",\"keywords\":[\"Alba Iulia\",\"caravana fii pregatit\",\"cariera de pompier\",\"casa de cultura a sindicatelor\",\"stiri\",\"Urbea Mea\",\"voluntariat\"],\"articleSection\":[\"Social\"],\"inLanguage\":\"ro-RO\",\"potentialAction\":[{\"@type\":\"CommentAction\",\"name\":\"Comment\",\"target\":[\"https:\\\/\\\/urbeamea.ro\\\/albaiulia\\\/caravana-smurd-fii-pregatit-ajunge-in-weekend-la-alba-iulia-si-aiud-cursuri-de-instruire-pentru-acordarea-de-prim-ajutor-in-situatii-de-urgenta\\\/#respond\"]}]},{\"@type\":\"WebPage\",\"@id\":\"https:\\\/\\\/urbeamea.ro\\\/albaiulia\\\/caravana-smurd-fii-pregatit-ajunge-in-weekend-la-alba-iulia-si-aiud-cursuri-de-instruire-pentru-acordarea-de-prim-ajutor-in-situatii-de-urgenta\\\/\",\"url\":\"https:\\\/\\\/urbeamea.ro\\\/albaiulia\\\/caravana-smurd-fii-pregatit-ajunge-in-weekend-la-alba-iulia-si-aiud-cursuri-de-instruire-pentru-acordarea-de-prim-ajutor-in-situatii-de-urgenta\\\/\",\"name\":\"Caravana SMURD \u201eFii preg\u0103tit!\u201d, ajunge \u00een weekend la Alba Iulia \u015fi Aiud. Cursuri de instruire pentru acordarea de prim ajutor \u00een situa\u0163ii de urgen\u0163\u0103 - Revista Urbea Mea - Revista de Alba\",\"isPartOf\":{\"@id\":\"https:\\\/\\\/urbeamea.ro\\\/albaiulia\\\/#website\"},\"primaryImageOfPage\":{\"@id\":\"https:\\\/\\\/urbeamea.ro\\\/albaiulia\\\/caravana-smurd-fii-pregatit-ajunge-in-weekend-la-alba-iulia-si-aiud-cursuri-de-instruire-pentru-acordarea-de-prim-ajutor-in-situatii-de-urgenta\\\/#primaryimage\"},\"image\":{\"@id\":\"https:\\\/\\\/urbeamea.ro\\\/albaiulia\\\/caravana-smurd-fii-pregatit-ajunge-in-weekend-la-alba-iulia-si-aiud-cursuri-de-instruire-pentru-acordarea-de-prim-ajutor-in-situatii-de-urgenta\\\/#primaryimage\"},\"thumbnailUrl\":\"https:\\\/\\\/urbeamea.ro\\\/albaiulia\\\/wp-content\\\/uploads\\\/2017\\\/06\\\/centru-mobil-instruire-SMURD-caravana1.jpg\",\"datePublished\":\"2017-06-01T09:17:54+00:00\",\"author\":{\"@id\":\"https:\\\/\\\/urbeamea.ro\\\/albaiulia\\\/#\\\/schema\\\/person\\\/9700d21fae21c4f038b0b56f4506264a\"},\"description\":\"Caravana \u201eFii preg\u0103tit!\u201d va ajunge s\u00e2mb\u0103t\u0103, 3 iunie, la Alba Iulia \u015fi va fi amplasat\u0103 \u00een fa\u0163a Casei de Cultur\u0103 a Sindicatelor, iar \u00een ziua de duminic\u0103, 4\",\"breadcrumb\":{\"@id\":\"https:\\\/\\\/urbeamea.ro\\\/albaiulia\\\/caravana-smurd-fii-pregatit-ajunge-in-weekend-la-alba-iulia-si-aiud-cursuri-de-instruire-pentru-acordarea-de-prim-ajutor-in-situatii-de-urgenta\\\/#breadcrumb\"},\"inLanguage\":\"ro-RO\",\"potentialAction\":[{\"@type\":\"ReadAction\",\"target\":[\"https:\\\/\\\/urbeamea.ro\\\/albaiulia\\\/caravana-smurd-fii-pregatit-ajunge-in-weekend-la-alba-iulia-si-aiud-cursuri-de-instruire-pentru-acordarea-de-prim-ajutor-in-situatii-de-urgenta\\\/\"]}]},{\"@type\":\"ImageObject\",\"inLanguage\":\"ro-RO\",\"@id\":\"https:\\\/\\\/urbeamea.ro\\\/albaiulia\\\/caravana-smurd-fii-pregatit-ajunge-in-weekend-la-alba-iulia-si-aiud-cursuri-de-instruire-pentru-acordarea-de-prim-ajutor-in-situatii-de-urgenta\\\/#primaryimage\",\"url\":\"https:\\\/\\\/urbeamea.ro\\\/albaiulia\\\/wp-content\\\/uploads\\\/2017\\\/06\\\/centru-mobil-instruire-SMURD-caravana1.jpg\",\"contentUrl\":\"https:\\\/\\\/urbeamea.ro\\\/albaiulia\\\/wp-content\\\/uploads\\\/2017\\\/06\\\/centru-mobil-instruire-SMURD-caravana1.jpg\",\"width\":800,\"height\":539},{\"@type\":\"BreadcrumbList\",\"@id\":\"https:\\\/\\\/urbeamea.ro\\\/albaiulia\\\/caravana-smurd-fii-pregatit-ajunge-in-weekend-la-alba-iulia-si-aiud-cursuri-de-instruire-pentru-acordarea-de-prim-ajutor-in-situatii-de-urgenta\\\/#breadcrumb\",\"itemListElement\":[{\"@type\":\"ListItem\",\"position\":1,\"name\":\"Prima pagin\u0103\",\"item\":\"https:\\\/\\\/urbeamea.ro\\\/albaiulia\\\/\"},{\"@type\":\"ListItem\",\"position\":2,\"name\":\"Caravana SMURD \u201eFii preg\u0103tit!\u201d, ajunge \u00een weekend la Alba Iulia \u015fi Aiud. Cursuri de instruire pentru acordarea de prim ajutor \u00een situa\u0163ii de urgen\u0163\u0103\"}]},{\"@type\":\"WebSite\",\"@id\":\"https:\\\/\\\/urbeamea.ro\\\/albaiulia\\\/#website\",\"url\":\"https:\\\/\\\/urbeamea.ro\\\/albaiulia\\\/\",\"name\":\"Revista Urbea Mea, Stiri urbane\",\"description\":\"Evenimente \u0219i \u0219tiri din Alba Iulia, Sebe\u0219, Aiud, Blaj\",\"potentialAction\":[{\"@type\":\"SearchAction\",\"target\":{\"@type\":\"EntryPoint\",\"urlTemplate\":\"https:\\\/\\\/urbeamea.ro\\\/albaiulia\\\/?s={search_term_string}\"},\"query-input\":{\"@type\":\"PropertyValueSpecification\",\"valueRequired\":true,\"valueName\":\"search_term_string\"}}],\"inLanguage\":\"ro-RO\"},{\"@type\":\"Person\",\"@id\":\"https:\\\/\\\/urbeamea.ro\\\/albaiulia\\\/#\\\/schema\\\/person\\\/9700d21fae21c4f038b0b56f4506264a\",\"name\":\"Cristina Ganga\",\"image\":{\"@type\":\"ImageObject\",\"inLanguage\":\"ro-RO\",\"@id\":\"https:\\\/\\\/secure.gravatar.com\\\/avatar\\\/5a67661041f057b4a8ccaf26f5a8e86e2689372006d01faf3dd9eeb10b654bb4?s=96&d=mm&r=g\",\"url\":\"https:\\\/\\\/secure.gravatar.com\\\/avatar\\\/5a67661041f057b4a8ccaf26f5a8e86e2689372006d01faf3dd9eeb10b654bb4?s=96&d=mm&r=g\",\"contentUrl\":\"https:\\\/\\\/secure.gravatar.com\\\/avatar\\\/5a67661041f057b4a8ccaf26f5a8e86e2689372006d01faf3dd9eeb10b654bb4?s=96&d=mm&r=g\",\"caption\":\"Cristina Ganga\"},\"description\":\"Jurnalist\",\"sameAs\":[\"https:\\\/\\\/www.facebook.com\\\/cristina.nicola.587\"],\"url\":\"https:\\\/\\\/urbeamea.ro\\\/albaiulia\\\/author\\\/cristina-nicola\\\/\"}]}<\/script>\n<!-- \/ Yoast SEO plugin. -->","yoast_head_json":{"title":"Caravana SMURD \u201eFii preg\u0103tit!\u201d, ajunge \u00een weekend la Alba Iulia \u015fi Aiud. Cursuri de instruire pentru acordarea de prim ajutor \u00een situa\u0163ii de urgen\u0163\u0103 - Revista Urbea Mea - Revista de Alba","description":"Caravana \u201eFii preg\u0103tit!\u201d va ajunge s\u00e2mb\u0103t\u0103, 3 iunie, la Alba Iulia \u015fi va fi amplasat\u0103 \u00een fa\u0163a Casei de Cultur\u0103 a Sindicatelor, iar \u00een ziua de duminic\u0103, 4","robots":{"index":"index","follow":"follow","max-snippet":"max-snippet:-1","max-image-preview":"max-image-preview:large","max-video-preview":"max-video-preview:-1"},"canonical":"https:\/\/urbeamea.ro\/albaiulia\/caravana-smurd-fii-pregatit-ajunge-in-weekend-la-alba-iulia-si-aiud-cursuri-de-instruire-pentru-acordarea-de-prim-ajutor-in-situatii-de-urgenta\/","twitter_card":"summary_large_image","twitter_title":"Caravana SMURD \u201eFii preg\u0103tit!\u201d, ajunge \u00een weekend la Alba Iulia \u015fi Aiud. Cursuri de instruire pentru acordarea de prim ajutor \u00een situa\u0163ii de urgen\u0163\u0103 - Revista Urbea Mea - Revista de Alba","twitter_description":"Caravana \u201eFii preg\u0103tit!\u201d va ajunge s\u00e2mb\u0103t\u0103, 3 iunie, la Alba Iulia \u015fi va fi amplasat\u0103 \u00een fa\u0163a Casei de Cultur\u0103 a Sindicatelor, iar \u00een ziua de duminic\u0103, 4","twitter_image":"https:\/\/urbeamea.ro\/albaiulia\/wp-content\/uploads\/2017\/06\/centru-mobil-instruire-SMURD-caravana1.jpg","twitter_creator":"@urbeameaweb","twitter_site":"@urbeameaweb","schema":{"@context":"https:\/\/schema.org","@graph":[{"@type":"Article","@id":"https:\/\/urbeamea.ro\/albaiulia\/caravana-smurd-fii-pregatit-ajunge-in-weekend-la-alba-iulia-si-aiud-cursuri-de-instruire-pentru-acordarea-de-prim-ajutor-in-situatii-de-urgenta\/#article","isPartOf":{"@id":"https:\/\/urbeamea.ro\/albaiulia\/caravana-smurd-fii-pregatit-ajunge-in-weekend-la-alba-iulia-si-aiud-cursuri-de-instruire-pentru-acordarea-de-prim-ajutor-in-situatii-de-urgenta\/"},"author":{"name":"Cristina Ganga","@id":"https:\/\/urbeamea.ro\/albaiulia\/#\/schema\/person\/9700d21fae21c4f038b0b56f4506264a"},"headline":"Caravana SMURD \u201eFii preg\u0103tit!\u201d, ajunge \u00een weekend la Alba Iulia \u015fi Aiud. Cursuri de instruire pentru acordarea de prim ajutor \u00een situa\u0163ii de urgen\u0163\u0103","datePublished":"2017-06-01T09:17:54+00:00","mainEntityOfPage":{"@id":"https:\/\/urbeamea.ro\/albaiulia\/caravana-smurd-fii-pregatit-ajunge-in-weekend-la-alba-iulia-si-aiud-cursuri-de-instruire-pentru-acordarea-de-prim-ajutor-in-situatii-de-urgenta\/"},"wordCount":522,"commentCount":0,"image":{"@id":"https:\/\/urbeamea.ro\/albaiulia\/caravana-smurd-fii-pregatit-ajunge-in-weekend-la-alba-iulia-si-aiud-cursuri-de-instruire-pentru-acordarea-de-prim-ajutor-in-situatii-de-urgenta\/#primaryimage"},"thumbnailUrl":"https:\/\/urbeamea.ro\/albaiulia\/wp-content\/uploads\/2017\/06\/centru-mobil-instruire-SMURD-caravana1.jpg","keywords":["Alba Iulia","caravana fii pregatit","cariera de pompier","casa de cultura a sindicatelor","stiri","Urbea Mea","voluntariat"],"articleSection":["Social"],"inLanguage":"ro-RO","potentialAction":[{"@type":"CommentAction","name":"Comment","target":["https:\/\/urbeamea.ro\/albaiulia\/caravana-smurd-fii-pregatit-ajunge-in-weekend-la-alba-iulia-si-aiud-cursuri-de-instruire-pentru-acordarea-de-prim-ajutor-in-situatii-de-urgenta\/#respond"]}]},{"@type":"WebPage","@id":"https:\/\/urbeamea.ro\/albaiulia\/caravana-smurd-fii-pregatit-ajunge-in-weekend-la-alba-iulia-si-aiud-cursuri-de-instruire-pentru-acordarea-de-prim-ajutor-in-situatii-de-urgenta\/","url":"https:\/\/urbeamea.ro\/albaiulia\/caravana-smurd-fii-pregatit-ajunge-in-weekend-la-alba-iulia-si-aiud-cursuri-de-instruire-pentru-acordarea-de-prim-ajutor-in-situatii-de-urgenta\/","name":"Caravana SMURD \u201eFii preg\u0103tit!\u201d, ajunge \u00een weekend la Alba Iulia \u015fi Aiud. Cursuri de instruire pentru acordarea de prim ajutor \u00een situa\u0163ii de urgen\u0163\u0103 - Revista Urbea Mea - Revista de Alba","isPartOf":{"@id":"https:\/\/urbeamea.ro\/albaiulia\/#website"},"primaryImageOfPage":{"@id":"https:\/\/urbeamea.ro\/albaiulia\/caravana-smurd-fii-pregatit-ajunge-in-weekend-la-alba-iulia-si-aiud-cursuri-de-instruire-pentru-acordarea-de-prim-ajutor-in-situatii-de-urgenta\/#primaryimage"},"image":{"@id":"https:\/\/urbeamea.ro\/albaiulia\/caravana-smurd-fii-pregatit-ajunge-in-weekend-la-alba-iulia-si-aiud-cursuri-de-instruire-pentru-acordarea-de-prim-ajutor-in-situatii-de-urgenta\/#primaryimage"},"thumbnailUrl":"https:\/\/urbeamea.ro\/albaiulia\/wp-content\/uploads\/2017\/06\/centru-mobil-instruire-SMURD-caravana1.jpg","datePublished":"2017-06-01T09:17:54+00:00","author":{"@id":"https:\/\/urbeamea.ro\/albaiulia\/#\/schema\/person\/9700d21fae21c4f038b0b56f4506264a"},"description":"Caravana \u201eFii preg\u0103tit!\u201d va ajunge s\u00e2mb\u0103t\u0103, 3 iunie, la Alba Iulia \u015fi va fi amplasat\u0103 \u00een fa\u0163a Casei de Cultur\u0103 a Sindicatelor, iar \u00een ziua de duminic\u0103, 4","breadcrumb":{"@id":"https:\/\/urbeamea.ro\/albaiulia\/caravana-smurd-fii-pregatit-ajunge-in-weekend-la-alba-iulia-si-aiud-cursuri-de-instruire-pentru-acordarea-de-prim-ajutor-in-situatii-de-urgenta\/#breadcrumb"},"inLanguage":"ro-RO","potentialAction":[{"@type":"ReadAction","target":["https:\/\/urbeamea.ro\/albaiulia\/caravana-smurd-fii-pregatit-ajunge-in-weekend-la-alba-iulia-si-aiud-cursuri-de-instruire-pentru-acordarea-de-prim-ajutor-in-situatii-de-urgenta\/"]}]},{"@type":"ImageObject","inLanguage":"ro-RO","@id":"https:\/\/urbeamea.ro\/albaiulia\/caravana-smurd-fii-pregatit-ajunge-in-weekend-la-alba-iulia-si-aiud-cursuri-de-instruire-pentru-acordarea-de-prim-ajutor-in-situatii-de-urgenta\/#primaryimage","url":"https:\/\/urbeamea.ro\/albaiulia\/wp-content\/uploads\/2017\/06\/centru-mobil-instruire-SMURD-caravana1.jpg","contentUrl":"https:\/\/urbeamea.ro\/albaiulia\/wp-content\/uploads\/2017\/06\/centru-mobil-instruire-SMURD-caravana1.jpg","width":800,"height":539},{"@type":"BreadcrumbList","@id":"https:\/\/urbeamea.ro\/albaiulia\/caravana-smurd-fii-pregatit-ajunge-in-weekend-la-alba-iulia-si-aiud-cursuri-de-instruire-pentru-acordarea-de-prim-ajutor-in-situatii-de-urgenta\/#breadcrumb","itemListElement":[{"@type":"ListItem","position":1,"name":"Prima pagin\u0103","item":"https:\/\/urbeamea.ro\/albaiulia\/"},{"@type":"ListItem","position":2,"name":"Caravana SMURD \u201eFii preg\u0103tit!\u201d, ajunge \u00een weekend la Alba Iulia \u015fi Aiud. Cursuri de instruire pentru acordarea de prim ajutor \u00een situa\u0163ii de urgen\u0163\u0103"}]},{"@type":"WebSite","@id":"https:\/\/urbeamea.ro\/albaiulia\/#website","url":"https:\/\/urbeamea.ro\/albaiulia\/","name":"Revista Urbea Mea, Stiri urbane","description":"Evenimente \u0219i \u0219tiri din Alba Iulia, Sebe\u0219, Aiud, Blaj","potentialAction":[{"@type":"SearchAction","target":{"@type":"EntryPoint","urlTemplate":"https:\/\/urbeamea.ro\/albaiulia\/?s={search_term_string}"},"query-input":{"@type":"PropertyValueSpecification","valueRequired":true,"valueName":"search_term_string"}}],"inLanguage":"ro-RO"},{"@type":"Person","@id":"https:\/\/urbeamea.ro\/albaiulia\/#\/schema\/person\/9700d21fae21c4f038b0b56f4506264a","name":"Cristina Ganga","image":{"@type":"ImageObject","inLanguage":"ro-RO","@id":"https:\/\/secure.gravatar.com\/avatar\/5a67661041f057b4a8ccaf26f5a8e86e2689372006d01faf3dd9eeb10b654bb4?s=96&d=mm&r=g","url":"https:\/\/secure.gravatar.com\/avatar\/5a67661041f057b4a8ccaf26f5a8e86e2689372006d01faf3dd9eeb10b654bb4?s=96&d=mm&r=g","contentUrl":"https:\/\/secure.gravatar.com\/avatar\/5a67661041f057b4a8ccaf26f5a8e86e2689372006d01faf3dd9eeb10b654bb4?s=96&d=mm&r=g","caption":"Cristina Ganga"},"description":"Jurnalist","sameAs":["https:\/\/www.facebook.com\/cristina.nicola.587"],"url":"https:\/\/urbeamea.ro\/albaiulia\/author\/cristina-nicola\/"}]}},"_links":{"self":[{"href":"https:\/\/urbeamea.ro\/albaiulia\/wp-json\/wp\/v2\/posts\/46438","targetHints":{"allow":["GET"]}}],"collection":[{"href":"https:\/\/urbeamea.ro\/albaiulia\/wp-json\/wp\/v2\/posts"}],"about":[{"href":"https:\/\/urbeamea.ro\/albaiulia\/wp-json\/wp\/v2\/types\/post"}],"author":[{"embeddable":true,"href":"https:\/\/urbeamea.ro\/albaiulia\/wp-json\/wp\/v2\/users\/17"}],"replies":[{"embeddable":true,"href":"https:\/\/urbeamea.ro\/albaiulia\/wp-json\/wp\/v2\/comments?post=46438"}],"version-history":[{"count":0,"href":"https:\/\/urbeamea.ro\/albaiulia\/wp-json\/wp\/v2\/posts\/46438\/revisions"}],"wp:featuredmedia":[{"embeddable":true,"href":"https:\/\/urbeamea.ro\/albaiulia\/wp-json\/wp\/v2\/media\/46439"}],"wp:attachment":[{"href":"https:\/\/urbeamea.ro\/albaiulia\/wp-json\/wp\/v2\/media?parent=46438"}],"wp:term":[{"taxonomy":"category","embeddable":true,"href":"https:\/\/urbeamea.ro\/albaiulia\/wp-json\/wp\/v2\/categories?post=46438"},{"taxonomy":"post_tag","embeddable":true,"href":"https:\/\/urbeamea.ro\/albaiulia\/wp-json\/wp\/v2\/tags?post=46438"}],"curies":[{"name":"wp","href":"https:\/\/api.w.org\/{rel}","templated":true}]}}