{"id":4755,"date":"2015-06-04T09:16:19","date_gmt":"2015-06-04T06:16:19","guid":{"rendered":"http:\/\/urbeamea.ro\/albaiulia\/?p=4755"},"modified":"2015-06-06T22:27:27","modified_gmt":"2015-06-06T19:27:27","slug":"4-7-iunie-in-alba-iulia-weekend-ul-incepe-de-joi","status":"publish","type":"post","link":"https:\/\/urbeamea.ro\/albaiulia\/4-7-iunie-in-alba-iulia-weekend-ul-incepe-de-joi\/","title":{"rendered":"4 &#8211; 7 Iunie: \u00cen Alba Iulia weekend-ul \u00eencepe de joi!"},"content":{"rendered":"<p>\u00cen Alba Iulia weekend-ul \u00eencepe de joi. Afl\u0103 unde te po\u0163i distra \u00een ora\u015ful t\u0103u doar pe\u00a0<a href=\"http:\/\/www.urbeamea.ro\">www.urbeamea.ro<\/a>.<\/p>\n<h3 style=\"text-align: center;\">Joi<\/h3>\n<hr \/>\n<p>&nbsp;<\/p>\n\n\t\t<div class=\"tabs-shortcode tabs-wrapper container-wrapper tabs-horizontal flex-tabs is-flex-tabs-shortcodes\">\n[tabcontainer]\n[tabtext]<em>Joi @ Allegria<\/em>[\/tabtext]\n[tabtext]<em>Joi @ Irish Pub<\/em>[\/tabtext]\n[tabtext]<em>Joi @ Casa de Cultur\u0103 a Sindicatelor<\/em>[\/tabtext]\n[\/tabcontainer]\n[tabcontent]\n\n\t\t<div class=\"tab-content\" id=\"tab-content-1\">\n\t\t\t<div class=\"tab-content-wrap\">\n<p><a href=\"http:\/\/urbeamea.ro\/albaiulia\/wp-content\/uploads\/2015\/05\/joiLadiesNight.jpg\"><img loading=\"lazy\" decoding=\"async\" class=\"alignleft size-medium wp-image-3986\" src=\"http:\/\/urbeamea.ro\/albaiulia\/wp-content\/uploads\/2015\/05\/joiLadiesNight-200x300.jpg\" alt=\"joiLadiesNight\" width=\"200\" height=\"300\" \/><\/a>\u00ceN FIECARE JOI I LADIES NIGHT<\/p>\n<p>DJ RADU &amp; MC KOTTO<\/p>\n<p>ORA 22:00 | INTRARE LIBER\u0102<\/p>\n<p>RSVP: 0749 385 013<\/p>\n<p>&nbsp;<\/p>\n<p>&nbsp;<\/p>\n<p>&nbsp;<\/p>\n<p>&nbsp;<\/p>\n<p>&nbsp;<\/p>\n<p>&nbsp;<\/p>\n\n\t\t\t<\/div>\n\t\t<\/div>\n\t\n\n\t\t<div class=\"tab-content\" id=\"tab-content-2\">\n\t\t\t<div class=\"tab-content-wrap\">\n<p><em><a href=\"http:\/\/urbeamea.ro\/albaiulia\/wp-content\/uploads\/2015\/02\/erolkaraoke.jpg\"><img loading=\"lazy\" decoding=\"async\" class=\" size-medium wp-image-1557 alignright\" src=\"http:\/\/urbeamea.ro\/albaiulia\/wp-content\/uploads\/2015\/02\/erolkaraoke-300x212.jpg\" alt=\"erolkaraoke\" width=\"300\" height=\"212\" srcset=\"https:\/\/urbeamea.ro\/albaiulia\/wp-content\/uploads\/2015\/02\/erolkaraoke-300x212.jpg 300w, https:\/\/urbeamea.ro\/albaiulia\/wp-content\/uploads\/2015\/02\/erolkaraoke-142x100.jpg 142w, https:\/\/urbeamea.ro\/albaiulia\/wp-content\/uploads\/2015\/02\/erolkaraoke.jpg 720w\" sizes=\"auto, (max-width: 300px) 100vw, 300px\" \/><\/a><\/em><\/p>\n<p><em>Joi, <\/em>preg\u0103te\u015fte melodiile preferate \u015fi vino al\u0103turi de prietenii t\u0103i la Karaoke Party\u00a0\u00een\u00a0Irish Pub Erol.<\/p>\n<p>&nbsp;<\/p>\n<p>&nbsp;<\/p>\n<p>&nbsp;<\/p>\n<p>&nbsp;<\/p>\n<p>&nbsp;<\/p>\n\n\t\t\t<\/div>\n\t\t<\/div>\n\t\n\n\t\t<div class=\"tab-content\" id=\"tab-content-3\">\n\t\t\t<div class=\"tab-content-wrap\">\n<p><a href=\"http:\/\/urbeamea.ro\/albaiulia\/wp-content\/uploads\/2015\/06\/fcmuvc.jpg\"><img loading=\"lazy\" decoding=\"async\" class=\"alignleft size-medium wp-image-4737\" src=\"http:\/\/urbeamea.ro\/albaiulia\/wp-content\/uploads\/2015\/06\/fcmuvc-212x300.jpg\" alt=\"fcmuvc\" width=\"212\" height=\"300\" \/><\/a>\u00cen perioada 4-5 Iunie 2015 la Alba Iulia are loc a patra edi\u0163ie a Festivalului Concurs de Muzic\u0103 U\u015foar\u0103 Vocile Cet\u0103\u0163ii.<\/p>\n<p>Concursul \u00eencepe \u00een fiecare zi la ora 19.00, la Casa de Cultur\u0103 a Sindicatelor.<\/p>\n<p>Evenimentul este organizat de Prim\u0103ria Alba Iulia Consiliul Jude\u0163ean Alba \u015fi Casa de Cultur\u0103 a Sindicatelor din Alba Iulia.<\/p>\n\n\t\t\t<\/div>\n\t\t<\/div>\n\t\n<p>&nbsp;<\/p>\n[\/tabcontent]\n\n\t\t\t<div class=\"clearfix\"><\/div>\n\t\t<\/div>\n\t\n<h3 style=\"text-align: center;\">Vineri<\/h3>\n<hr \/>\n<p>&nbsp;<\/p>\n\n\t\t<div class=\"tabs-shortcode tabs-wrapper container-wrapper tabs-horizontal flex-tabs is-flex-tabs-shortcodes\">\n[tabcontainer]\n[tabtext]Vineri<em>\u00a0@ Cetatea Alba Carolina<\/em>[\/tabtext]\n[tabtext]Vineri<em>\u00a0@ Social Pub<\/em>[\/tabtext]\n[tabtext]Vineri<em>\u00a0@ Mira Summer<\/em>[\/tabtext]\n[tabtext]Vineri<em>\u00a0@ Irish Pub Erol<\/em>[\/tabtext]\n[tabtext]Vineri<em>\u00a0@\u00a0Tabu<\/em>[\/tabtext]\n[tabtext]Vineri<em>\u00a0@ Framm&#8217;s<\/em>[\/tabtext]\n[\/tabcontainer]\n[tabcontent]\n\n\t\t<div class=\"tab-content\" id=\"tab-content-4\">\n\t\t\t<div class=\"tab-content-wrap\">\n<a href=\"http:\/\/urbeamea.ro\/albaiulia\/wp-content\/uploads\/2015\/06\/fcmuvc.jpg\"><img loading=\"lazy\" decoding=\"async\" class=\" size-medium wp-image-4737 alignright\" src=\"http:\/\/urbeamea.ro\/albaiulia\/wp-content\/uploads\/2015\/06\/fcmuvc-212x300.jpg\" alt=\"fcmuvc\" width=\"212\" height=\"300\" \/><\/a>VINERI, 5 iunie 2015<\/p>\n<p>17:00 ALBA IULIA, O ISTORIE A ORA\u0218ULUI \u00ceN IMAGINI, PRIN STR\u0102ZILE \u0218I MONUMENTELE SALE<\/p>\n<p>Expozi\u021bie fotografie \u2013 Muzeul Principia<\/p>\n<p>19:00 SPECTACOL GARDA ROMAN\u0102 &#8211; T\u00c2RG DE SCLAVI<\/p>\n<p>Reenactment antic \u2013 Garda Roman\u0103 \u0219i Lupii Apoulonului \/ Poarta a IV-a a Cet\u0103\u021bii Alba Carolina<\/p>\n<p>19:00 VOCILE CET\u0102\u021aII<\/p>\n<p>Finala festivalului concurs de muzic\u0103 u\u0219oar\u0103 \/ Casa de Cultur\u0103 a Sindicatelor Alba Iulia<\/p>\n\n\t\t\t<\/div>\n\t\t<\/div>\n\t\n\n\t\t<div class=\"tab-content\" id=\"tab-content-5\">\n\t\t\t<div class=\"tab-content-wrap\">\n<p><a href=\"http:\/\/urbeamea.ro\/albaiulia\/wp-content\/uploads\/2015\/06\/ssocialpub.jpg\"><img loading=\"lazy\" decoding=\"async\" class=\"alignleft size-medium wp-image-4783\" src=\"http:\/\/urbeamea.ro\/albaiulia\/wp-content\/uploads\/2015\/06\/ssocialpub-212x300.jpg\" alt=\"ssocialpub\" width=\"212\" height=\"300\" \/><\/a>Social Pub 1880 d\u0103\u00a0startul petrecerilor \u00een AER LIBER!<\/p>\n<p>\u201cV\u0103 a\u015ftept\u0103m Vineri \u015fi S\u00e2mb\u0103ta \u00eencep\u00e2nd cu ora 22 la singurul party din ora\u015f \u00een AER LIBER al\u0103turi de DJ Rare\u015f (Moving Elements)\u201d<\/p>\n<p>Rezerv\u0103ri la num\u0103rul de telefon: 0744774542<\/p>\n<div id=\"u_jsonp_6_f\" class=\"ellipsis _c24 _50f3\" data-hover=\"tooltip\">Strada Teilor nr. 2,\u00a0Alba Iulia (vis-a-vis Hotel Transilvania)<\/div>\n\n\t\t\t<\/div>\n\t\t<\/div>\n\t\n\n\t\t<div class=\"tab-content\" id=\"tab-content-6\">\n\t\t\t<div class=\"tab-content-wrap\">\n<p><a href=\"http:\/\/urbeamea.ro\/albaiulia\/wp-content\/uploads\/2015\/05\/terasamirrasummer.jpg\"><img loading=\"lazy\" decoding=\"async\" class=\" size-medium wp-image-4212 alignright\" src=\"http:\/\/urbeamea.ro\/albaiulia\/wp-content\/uploads\/2015\/05\/terasamirrasummer-300x131.jpg\" alt=\"terasamirrasummer\" width=\"300\" height=\"131\" srcset=\"https:\/\/urbeamea.ro\/albaiulia\/wp-content\/uploads\/2015\/05\/terasamirrasummer-300x131.jpg 300w, https:\/\/urbeamea.ro\/albaiulia\/wp-content\/uploads\/2015\/05\/terasamirrasummer-150x66.jpg 150w, https:\/\/urbeamea.ro\/albaiulia\/wp-content\/uploads\/2015\/05\/terasamirrasummer.jpg 600w\" sizes=\"auto, (max-width: 300px) 100vw, 300px\" \/><\/a>Vineri, \u00eencep\u00e2nd cu orele 22:00 terasa Mira Summer v\u0103 a\u015fteapt\u0103 la o super petrecere de karaoke cu cele mai frumoase melodii \u015fi cele mai bune oferte.<\/p>\n<p>RSVP: 0749077069<\/p>\n\n\t\t\t<\/div>\n\t\t<\/div>\n\t\n\n\t\t<div class=\"tab-content\" id=\"tab-content-7\">\n\t\t\t<div class=\"tab-content-wrap\"><a href=\"http:\/\/urbeamea.ro\/albaiulia\/wp-content\/uploads\/2015\/04\/puzzles.jpg\"><img loading=\"lazy\" decoding=\"async\" class=\" size-medium wp-image-3377 alignleft\" src=\"http:\/\/urbeamea.ro\/albaiulia\/wp-content\/uploads\/2015\/04\/puzzles-212x300.jpg\" alt=\"puzzles\" width=\"212\" height=\"300\" \/><\/a>Forma\u0163ia The PuZzLeS a fost \u00eenfiin\u0163at\u0103 \u00een anul 2011 \u00een Alba Iulia, \u00een scopul declarat de a c\u00e2nta exclusiv cover-uri, \u00eens\u0103 chimia format\u0103 \u00eentre membrii trupei a dat na\u015ftere \u015fi unor piese proprii \u015fi unui stil propriu, inimitabil \u015fi u\u015for de recunoscut.<\/p>\n<p><em>Forma\u0163ia este format\u0103 din:<\/em><\/p>\n<p>\u2013 Robert Gavrila\u0219 \u2013 leaderul \u015fi solistul vocal al trupei, cel mai bun entertainer, cel care \u00eembina toate genurile muzicale cu succes, liantul intre personalit\u0103\u0163ile \u015fi stilurile diverse ale celorlal\u0163i membri ai trupei. Este o prezenta constant\u0103 pe scen\u0103 muzical\u0103 local\u0103 \u015fi nu numai, particip\u00e2nd de nenum\u0103rate ori ca artist solo sau ca invitat special\/colaborator al evenimentelor importante.<\/p>\n<p>\u2013 Ovidiu P\u00e2rjol \u2013 un pianist clasic de excep\u021bie, un profesor, un artist complet care \u00eentotdeauna \u00ee\u0219i las\u0103 propria amprent\u0103 \u00een interpretarea fiec\u0103rei piese din orice stil muzical. Activeaz\u0103 \u00een prezent \u015fi \u00een Duo Aurae.<\/p>\n<p>\u2013 Andrei P\u00e2rjol \u2013 bassistul trupei, omul pe care se poate baza fiecare membru al trupei, un instrumentist cu o interpretare exact\u0103, al c\u0103rui repertoriu variaz\u0103 \u00eentre muzica comercial\u0103 \u015fi muzica bun\u0103.<\/p>\n<p>\u2013 C\u0103lin Paraschiv \u2013 un chitarist de o virtuozitate ie\u015fit\u0103 din comun \u015fi dotat \u00een acela\u015fi timp cu o sensibilitate muzical\u0103 pe m\u0103sur\u0103, profesor de chitar\u0103, fiind membrul trupelor de renume interna\u0163ional Necrovile \u015fi Clitgore.<\/p>\n<p>\u2013 Laur F\u0103g\u0103dar \u2013 bateristul trupei, un adev\u0103rat metronom cu un extraordinar sim\u021b ritmic \u015fi o sensibilitate muzical\u0103 aparte, cu o vast\u0103 experien\u0163\u0103 muzical\u0103 pe scen\u0103 na\u0163ional\u0103 a muzicii rock, \u00een prezent este \u015fi membru al legendarului grup RIFF.<\/p>\n<p>Trupa The PuZzLeS are un portofoliu foarte bogat, format at\u00e2t din piese din repertoriul na\u0163ional \u015fi interna\u0163ional, c\u00e2t \u015fi c\u00e2teva piese din repertoriul propriu, din care una a fost deja \u00eenregistrat\u0103 \u00eentr-un studio profesional.\u00a0<a href=\"http:\/\/www.youtube.com\/user\/thepuzzles2011\" target=\"_blank\">http:\/\/www.youtube.com\/user\/thepuzzles2011<\/a><\/p>\n\n\t\t\t<\/div>\n\t\t<\/div>\n\t\n\n\t\t<div class=\"tab-content\" id=\"tab-content-8\">\n\t\t\t<div class=\"tab-content-wrap\">\n<p><a href=\"http:\/\/urbeamea.ro\/albaiulia\/wp-content\/uploads\/2015\/05\/tabu.jpg\"><img loading=\"lazy\" decoding=\"async\" class=\" size-medium wp-image-4447 alignright\" src=\"http:\/\/urbeamea.ro\/albaiulia\/wp-content\/uploads\/2015\/05\/tabu-300x300.jpg\" alt=\"tabu\" width=\"300\" height=\"300\" \/><\/a>Vinerea se petrece la Tabu!<\/p>\n<p>\u00cen fiecare vineri seara v\u0103 a\u015ftept\u0103m cu c\u00e2te un show diferit!!<\/p>\n\n\t\t\t<\/div>\n\t\t<\/div>\n\t\n\n\t\t<div class=\"tab-content\" id=\"tab-content-9\">\n\t\t\t<div class=\"tab-content-wrap\">\n<p><a href=\"http:\/\/urbeamea.ro\/albaiulia\/wp-content\/uploads\/2015\/01\/framms12.jpg\"><img loading=\"lazy\" decoding=\"async\" class=\" size-medium wp-image-993 alignleft\" src=\"http:\/\/urbeamea.ro\/albaiulia\/wp-content\/uploads\/2015\/01\/framms12-300x200.jpg\" alt=\"framms12\" width=\"300\" height=\"200\" srcset=\"https:\/\/urbeamea.ro\/albaiulia\/wp-content\/uploads\/2015\/01\/framms12-300x200.jpg 300w, https:\/\/urbeamea.ro\/albaiulia\/wp-content\/uploads\/2015\/01\/framms12-1024x684.jpg 1024w, https:\/\/urbeamea.ro\/albaiulia\/wp-content\/uploads\/2015\/01\/framms12-321x214.jpg 321w, https:\/\/urbeamea.ro\/albaiulia\/wp-content\/uploads\/2015\/01\/framms12-140x94.jpg 140w, https:\/\/urbeamea.ro\/albaiulia\/wp-content\/uploads\/2015\/01\/framms12-150x100.jpg 150w, https:\/\/urbeamea.ro\/albaiulia\/wp-content\/uploads\/2015\/01\/framms12.jpg 1000w\" sizes=\"auto, (max-width: 300px) 100vw, 300px\" \/><\/a>Seria de petreceri Ursus continu\u0103 la Framm\u2019s<\/p>\n<p>\u00cen fiecare vineri vom avea c\u00e2te un invitat surpriz\u0103 \u0219i bine\u00een\u0163eles ofert\u0103 special\u0103 la berea Ursus.<\/p>\n\n\t\t\t<\/div>\n\t\t<\/div>\n\t\n[\/tabcontent]\n\n\t\t\t<div class=\"clearfix\"><\/div>\n\t\t<\/div>\n\t\n<h3 style=\"text-align: center;\">S\u00e2mb\u0103t\u0103<\/h3>\n<hr \/>\n<p>&nbsp;<\/p>\n\n\t\t<div class=\"tabs-shortcode tabs-wrapper container-wrapper tabs-horizontal flex-tabs is-flex-tabs-shortcodes\">\n[tabcontainer]\n[tabtext]S\u00e2mb\u0103t\u0103\u00a0<em>@ Cetatea Alba Carolina<\/em>[\/tabtext]\n[tabtext]S\u00e2mb\u0103t\u0103\u00a0<em>@ Club Stage<\/em>[\/tabtext]\n[tabtext]S\u00e2mb\u0103t\u0103<em>\u00a0@ Club Allegria<\/em>[\/tabtext]\n[tabtext]S\u00e2mb\u0103t\u0103\u00a0<em>@ Club Enjoy Life<\/em>[\/tabtext]\n[tabtext]S\u00e2mb\u0103t\u0103\u00a0<em>@\u00a0Irish Pub Erol<\/em>[\/tabtext]\n[tabtext]S\u00e2mb\u0103t\u0103\u00a0<em>@ Social\u00a0Pub<\/em>[\/tabtext]\n[\/tabcontainer]\n[tabcontent]\n\n\t\t<div class=\"tab-content\" id=\"tab-content-10\">\n\t\t\t<div class=\"tab-content-wrap\">\n<p><em><img loading=\"lazy\" decoding=\"async\" class=\" size-medium wp-image-4617 alignright\" src=\"http:\/\/urbeamea.ro\/albaiulia\/wp-content\/uploads\/2015\/05\/goran-200x300.jpg\" alt=\"goran\" width=\"200\" height=\"300\" \/>S\u00c2MB\u0102T\u0102, 6 iunie 2015<\/em><\/p>\n<p>09:30 PARADA ABSOLVEN\u0162ILOR UNIVERSIT\u0102\u0162II \u201e1 DECEMBRIE 1918\u201d ALBA IULIA<br \/>\nTraseu: Casa de Cultur\u0103 a Studen\u0163ilor \u2013 Pia\u0163a Cet\u0103\u0163ii<\/p>\n<p>10:00 CEREMONIA DE ABSOLVIRE A PROMO\u0162IEI 2015 A UNIVERSIT\u0102\u0162II \u201e1 DECEMBRIE 1918\u201d ALBA IULIA<br \/>\nScena Pia\u0163a Cet\u0103\u0163ii<\/p>\n<p>12:00 CEREMONIALUL SCHIMBULUI DE GARD\u0102<br \/>\nGarda Cet\u0103\u021bii Alba Carolina \/ Poarta a IV-a &#8211; Poarta a III-a<\/p>\n<p>19:00 GORAN BREGOVIC &amp; WEDDING AND FUNERAL BAND<br \/>\nConcert Goran Bregovic. \u00cen deschidere Mahala Rai Banda \/ Scena Pia\u021ba Cet\u0103\u021bii<\/p>\n<p>22:15 ALBA CAROLINA 300<br \/>\nSpectacol artificii \/ Traseul celor Trei Fortifica\u021bii<\/p>\n<p>00:00 AFTER PARTY<br \/>\nClub Stage<\/p>\n<p>Goran Bregovic, unul dintre cei mai cunoscu\u0163i muzicieni din Balcani, s-a n\u0103scut pe data de 22 martie 1950, \u00eentr-o familie cu origini mixte.<\/p>\n<p>Dup\u0103 zece ani de muzic\u0103 rock, Bregovic a renun\u0163at la acest gen pentru a se dedica stilului care l-a f\u0103cut cunoscut \u00een \u00eentreaga lume: o combina\u0163ie de ritmuri tradi\u0163ionale balcanice, cu sonorit\u0103\u0163i rock.<\/p>\n<p>A colaborat \u015fi cu Emir Kusturica, pentru coloanele sonore ale filmelor &#8222;Time of the Gypsies&#8221;, &#8222;Queen Margot&#8221;, &#8222;Underground&#8221; \u015fi &#8222;Arizona Dream\u201d.<\/p>\n<p>\u00cen 2011, Goran Bregovic a colaborat cu Florin Salam, c\u00e2nt\u0103re\u0163 roman de manele, pentru albumul &#8216;Gipsy Champagne&#8217;.<\/p>\n<p><iframe loading=\"lazy\" src=\"https:\/\/www.youtube.com\/embed\/UqOL7LOR6ko\" width=\"420\" height=\"315\" frameborder=\"0\" allowfullscreen=\"allowfullscreen\"><\/iframe><\/p>\n<p>\u00cen 2009, imediat dup\u0103 lansarea celui de-al doilea album al trupei, \u201eGhetto Blasters\u201d, un cronicar al ziarului britanic \u201eThe Independent\u201d scria \u00een publica\u0163ia online despre l\u0103utarii de la Mahala Rai Banda:<\/p>\n<p>\u201e<em>Excelenta muzica \u0163ig\u0103neasc\u0103 rom\u00e2neasc\u0103 a ren\u0103scut plec\u00e2nd din dou\u0103 sate: Clejani, care a trimis \u00een lume Taraful Haiducilor \u015fi satul Zece Pr\u0103jini, de unde a r\u0103s\u0103rit fanfara Cioc\u00e2rlia. Mahala Rai Banda este o fuziune \u00eentre cele dou\u0103 sate, cu riffuri minunante de trompet\u0103, saxofon, trombon \u015fi voci s\u0103lbatice<\/em>\u201d.<\/p>\n<p><iframe loading=\"lazy\" src=\"https:\/\/www.youtube.com\/embed\/m2ZPvgUlgeo\" width=\"560\" height=\"315\" frameborder=\"0\" allowfullscreen=\"allowfullscreen\"><\/iframe><\/p>\n<p>Mahala Rai Banda a trecut de la nun\u0163i \u00een Rom\u00e2nia pe scena Operei din Paris.<\/p>\n<p>Uimitor mix de stiluri \u015fi genuri muzicale, un beat modern, caracteristic, stil ce a condus trupa c\u0103tre o pozi\u0163ie ce o deta\u015feaz\u0103 net de celelalte din categoria ei.<\/p>\n<p><iframe loading=\"lazy\" src=\"https:\/\/www.youtube.com\/embed\/Q85QN0X1dnk\" width=\"560\" height=\"315\" frameborder=\"0\" allowfullscreen=\"allowfullscreen\"><\/iframe><br \/>\n\n\t\t\t<\/div>\n\t\t<\/div>\n\t\n\n\t\t<div class=\"tab-content\" id=\"tab-content-11\">\n\t\t\t<div class=\"tab-content-wrap\">\n<p><a href=\"http:\/\/urbeamea.ro\/albaiulia\/wp-content\/uploads\/2015\/05\/afterpartyAlbaFest.jpg\"><img loading=\"lazy\" decoding=\"async\" class=\"alignleft size-medium wp-image-4399\" src=\"http:\/\/urbeamea.ro\/albaiulia\/wp-content\/uploads\/2015\/05\/afterpartyAlbaFest-212x300.jpg\" alt=\"afterpartyAlbaFest\" width=\"212\" height=\"300\" \/><\/a><\/p>\n<p>S\u00e2mb\u0103t\u0103, 6 iunie, te invit\u0103m la Alba Fest &#8211; Official After-Party hosted by Moving Elements &amp; Adrian Lup (on The mic)<\/p>\n\n\t\t\t<\/div>\n\t\t<\/div>\n\t\n\n\t\t<div class=\"tab-content\" id=\"tab-content-12\">\n\t\t\t<div class=\"tab-content-wrap\">\n<p><a href=\"http:\/\/urbeamea.ro\/albaiulia\/wp-content\/uploads\/2015\/06\/evenstevenAllegria.jpg\"><img loading=\"lazy\" decoding=\"async\" class=\" size-medium wp-image-4649 alignright\" src=\"http:\/\/urbeamea.ro\/albaiulia\/wp-content\/uploads\/2015\/06\/evenstevenAllegria-200x300.jpg\" alt=\"evenstevenAllegria\" width=\"200\" height=\"300\" \/><\/a>#10 CLUB SESSION \/\/ CLUB ALLEGRIA<\/p>\n<p>S\u00c2MB\u0102T\u0102, 06 IUNIE 2015 \/\/ ORA 23:00<\/p>\n<p>GUEST: EVEN STEVEN (CJ)<\/p>\n<p>HOSTED BY: DJ RADU &amp; MC KOTTO<\/p>\n<p>INTRARE LIBER\u0102!<\/p>\n<p><span class=\"text_exposed_show\">RSVP:0749 385 013<\/span><\/p>\n\n\t\t\t<\/div>\n\t\t<\/div>\n\t\n\n\t\t<div class=\"tab-content\" id=\"tab-content-13\">\n\t\t\t<div class=\"tab-content-wrap\">\n<a href=\"http:\/\/urbeamea.ro\/albaiulia\/wp-content\/uploads\/2015\/04\/SatPartyEnjoy.jpg\"><img loading=\"lazy\" decoding=\"async\" class=\"alignleft size-medium wp-image-3579\" src=\"http:\/\/urbeamea.ro\/albaiulia\/wp-content\/uploads\/2015\/04\/SatPartyEnjoy-264x300.jpg\" alt=\"SatPartyEnjoy\" width=\"264\" height=\"300\" \/><\/a>Club Enjoy Life v\u0103\u00a0invit\u0103 S\u00e2mb\u0103t\u0103 la cea mai tare petrecere din ora\u015f.<\/p>\n<p>\u201cV\u0103 a\u015ftept\u00e2m cu cea mai bun\u0103 muzic\u0103 \u015fi cu cele mai tari oferte la b\u0103uturi .\u201d<\/p>\n<p>RSVP: 0742055328.<\/p>\n<p>&nbsp;<\/p>\n<p>&nbsp;<\/p>\n<p>&nbsp;<\/p>\n<p>&nbsp;<\/p>\n<p>&nbsp;<\/p>\n<p>&nbsp;<\/p>\n<p>&nbsp;<\/p>\n\n\t\t\t<\/div>\n\t\t<\/div>\n\t\n\n\t\t<div class=\"tab-content\" id=\"tab-content-14\">\n\t\t\t<div class=\"tab-content-wrap\">\n<a href=\"http:\/\/urbeamea.ro\/albaiulia\/wp-content\/uploads\/2015\/02\/erolkaraoke.jpg\"><img loading=\"lazy\" decoding=\"async\" class=\" size-medium wp-image-1557 alignright\" src=\"http:\/\/urbeamea.ro\/albaiulia\/wp-content\/uploads\/2015\/02\/erolkaraoke-300x212.jpg\" alt=\"erolkaraoke\" width=\"300\" height=\"212\" srcset=\"https:\/\/urbeamea.ro\/albaiulia\/wp-content\/uploads\/2015\/02\/erolkaraoke-300x212.jpg 300w, https:\/\/urbeamea.ro\/albaiulia\/wp-content\/uploads\/2015\/02\/erolkaraoke-142x100.jpg 142w, https:\/\/urbeamea.ro\/albaiulia\/wp-content\/uploads\/2015\/02\/erolkaraoke.jpg 720w\" sizes=\"auto, (max-width: 300px) 100vw, 300px\" \/><\/a>S\u00e2mb\u0103t\u0103 seara\u00a0preg\u0103te\u015fte melodiile preferate \u015fi vino al\u0103turi de prietenii t\u0103i la Karaoke Party\u00a0\u00een\u00a0Irish Pub Erol.<\/p>\n<p>&nbsp;<\/p>\n<p>&nbsp;<\/p>\n\n\t\t\t<\/div>\n\t\t<\/div>\n\t\n\n\t\t<div class=\"tab-content\" id=\"tab-content-15\">\n\t\t\t<div class=\"tab-content-wrap\">\n<p><a href=\"http:\/\/urbeamea.ro\/albaiulia\/wp-content\/uploads\/2015\/06\/ssocialpub.jpg\"><img loading=\"lazy\" decoding=\"async\" class=\"alignleft size-medium wp-image-4783\" src=\"http:\/\/urbeamea.ro\/albaiulia\/wp-content\/uploads\/2015\/06\/ssocialpub-212x300.jpg\" alt=\"ssocialpub\" width=\"212\" height=\"300\" \/><\/a>Social Pub 1880 d\u0103\u00a0startul petrecerilor \u00een AER LIBER!<\/p>\n<p>\u201cV\u0103 a\u015ftept\u0103m Vineri \u015fi S\u00e2mb\u0103ta \u00eencep\u00e2nd cu ora 22 la singurul party din ora\u015f \u00een AER LIBER al\u0103turi de DJ Rare\u015f (Moving Elements)\u201d<\/p>\n<p>Rezerv\u0103ri la num\u0103rul de telefon: 0744774542<\/p>\n<div id=\"u_jsonp_6_f\" class=\"ellipsis _c24 _50f3\" data-hover=\"tooltip\">Strada Teilor nr. 2,\u00a0Alba Iulia (vis-a-vis Hotel Transilvania)<\/div>\n\n\t\t\t<\/div>\n\t\t<\/div>\n\t\n<p>&nbsp;<\/p>\n<p>&nbsp;<\/p>\n[\/tabcontent]\n\n\t\t\t<div class=\"clearfix\"><\/div>\n\t\t<\/div>\n\t\n<h3 style=\"text-align: center;\">Duminic\u0103<\/h3>\n<hr \/>\n<p>&nbsp;<\/p>\n\n\t\t<div class=\"tabs-shortcode tabs-wrapper container-wrapper tabs-horizontal flex-tabs is-flex-tabs-shortcodes\">\n[tabcontainer]\n[tabtext]Duminic\u0103\u00a0<em>@ Cetatea Alba Carolina<\/em>[\/tabtext]\n[\/tabcontainer]\n[tabcontent]\n\n\t\t<div class=\"tab-content\" id=\"tab-content-16\">\n\t\t\t<div class=\"tab-content-wrap\">\n<p><em><img loading=\"lazy\" decoding=\"async\" class=\"alignleft size-medium wp-image-4623\" src=\"http:\/\/urbeamea.ro\/albaiulia\/wp-content\/uploads\/2015\/05\/HaHaHaProduction-200x300.jpg\" alt=\"HaHaHaProduction\" width=\"200\" height=\"300\" \/>DUMINIC\u0102, 7 iunie 2015<\/em><\/p>\n<p>10:00 URBIS GRATES<br \/>\nDecernare diplome de excelen\u0163\u0103 \/ Muzeul Principia<\/p>\n<p>12:00 CEREMONIALUL SCHIMBULUI DE GARD\u0102<br \/>\nGarda Cet\u0103\u021bii Alba Carolina \/ Poarta a IV-a &#8211; Poarta a III-a<\/p>\n<p>14:00 CUPA \u201eZILELE MUNICIPIULUI ALBA IULIA\u201d LA FOTBAL<br \/>\nTurneu de fotbal \u2013 Baz\u0103 sportiv\u0103 Ampoi II<\/p>\n<p>19:00 SMILEY &amp; HAHAHA PRODUCTION<br \/>\nConcerte: Sore, Smiley, Cabron, Dorian, Speak, Alex Velea\/ Scena Pia\u021ba Cet\u0103\u021bii<\/p>\n<p>HaHaHa Production este un label de produc\u021bie muzical\u0103 din Rom\u00e2nia, \u00eenfiin\u021bat \u00een 2009, la ini\u021biativa c\u00e2nt\u0103re\u021bului, compozitorului \u0219i produc\u0103torului Smiley.\u00a0Pe l\u00e2ng\u0103 cei invita\u021bi la Alba Fest, din ga\u0219ca HaHaHa Production mai fac parte: Radio Killer, Doc, Don Baxter, Feli, Jazzy Jo, Mihai Ristea, Peter Pop \u0219i Silviu Pa\u0219ca.<\/p>\n<p><img loading=\"lazy\" decoding=\"async\" class=\" size-medium wp-image-4626 alignright\" src=\"http:\/\/urbeamea.ro\/albaiulia\/wp-content\/uploads\/2015\/05\/maimusic-300x300.jpg\" alt=\"maimusic\" width=\"300\" height=\"300\" \/>HaHaHa Production a s\u0103rb\u0103torit luna mai cu muzic\u0103 \u0219i pasiune. \u00cen fiecare zi a lunii mai cei de la HaHaHa Production au lansat o pies\u0103 nou\u0103 pe <a href=\"http:\/\/www.youtube.com\/HaHaHaProduction\" target=\"_blank\">canalul de YouTube<\/a>, 31 de piese \u00een 31 de zile, 16 arti\u0219ti, dou\u0103 cd-uri, #maimusic.<\/p>\n<p>&#8222;<strong>Nu \u021binem cont de reguli sau trenduri \u0219i cre\u0103m \u00een timp real, pies\u0103 cu pies\u0103, zi de zi, cea mai \u00eennoitoare compila\u021bie muzical\u0103 rom\u00e2neasc\u0103, pe care o lans\u0103m la sf\u00e2r\u0219itul lunii.\u00a0<\/strong><\/p>\n<p><strong>Muzic\u0103 \u00een stare pur\u0103, exact cum o sim\u021bim: mai nou\u0103, mai mult\u0103, mai spontan\u0103, mai adevarat\u0103, mai liber\u0103 \u2013 #maimusic.\u00a0<\/strong><\/p>\n<p><strong>Cele 31 de produc\u021bii muzicale vor fi incluse pe compila\u021bia #maimusic, care va fi lansat\u0103 la finalul lunii mai \u0219i care va fi disponibil\u0103 \u00een magazinele digitale.<\/strong>&#8221;<\/p>\n<p>Smiley<br \/>\n<iframe loading=\"lazy\" src=\"https:\/\/www.youtube.com\/embed\/Jk4-lzxJONY\" width=\"560\" height=\"315\" frameborder=\"0\" allowfullscreen=\"allowfullscreen\"><\/iframe><br \/>\nDup\u0103 cinci albume premiate cu Discul de Aur lansate \u00eempreun\u0103 cu SIMPLU, trupa al\u0103turi de care Smiley a captat aten\u0163ia \u015fi aprecierea publicului, artistul a decis s\u0103 se \u00eendrepte c\u0103tre o carier\u0103 solo. Primul s\u0103u album solo \u2013 \u00cen lipsa mea \u2013 a ap\u0103rut \u00een anul 2008, urm\u00e2nd s\u0103 fie premiat cu Discul de Aur \u015fi apreciat ca Cel mai bun album, \u00een cadrul Romanian Music Awards (RMA). \u00cen anul 2010, Smiley a lansat cel de-al doilea album solo \u2013 Plec pe Marte \u2013 care a fost desemnat Cel mai bun album pop-dance. \u00cen anul 2013, Smiley a lansat cel de-al treilea album intitulat: Acas\u0103.<\/p>\n<p>Alex Velea<br \/>\n<iframe loading=\"lazy\" src=\"https:\/\/www.youtube.com\/embed\/CZOxcss-wLg\" width=\"560\" height=\"315\" frameborder=\"0\" allowfullscreen=\"allowfullscreen\"><\/iframe><br \/>\n\u00cen 2006, Alex a lansat primul s\u0103u album: \u201eYamasha\u201d. Materialul este un mix de R&amp;B cu influen\u021be hip-hop \u0219i pop \u0219i este descris de artist ca fiind un material care reflect\u0103\u0083 g\u00e2ndurile, sentimentele \u0219i experien\u021ba sa de via\u021b\u0103. \u00cen 2010, Alex a lansat albumul Secret. \u00cen septembrie 2011, Alex a lansat \u201eWhisper\u201d, single-ul care anun\u021ba apari\u021bia viitorului s\u0103u album. Materialul con\u021bine 15 melodii \u0219i a fost produs de HaHaHa Production.<\/p>\n<p>Cabron<br \/>\n<iframe loading=\"lazy\" src=\"https:\/\/www.youtube.com\/embed\/fs_arXr7YLU\" width=\"560\" height=\"315\" frameborder=\"0\" allowfullscreen=\"allowfullscreen\"><\/iframe><br \/>\nCabron activeaz\u0103 pe scena hip hop din Rom\u00e2nia \u00eenc\u0103 din 1999 c\u00e2nd \u00eempreun\u0103 cu Shobby a \u00eenfiin\u0163at trupa Codu\u2019 Penal. A lansat 3 albume \u00een aceast\u0103 formul\u0103: \u201e\u00cen Familie (pentru bani)\u201d \u2013 2003, \u201ePe Via\u0163\u0103\u201d \u2013 2004, \u201eApocalipsa\u201d \u2013 2006. \u00cen 2007, a p\u0103r\u0103sit trupa Codu\u2019 Penal, dorindu-\u015fi o carier\u0103 solo. \u00cen acela\u015fi an a produs albumul \u201ePrin ochii mei\u201d, pe care a decis s\u0103 \u00eel ofere gratuit pe internet, la cererea fanilor. \u00cen 2009, a intrat \u00een echipa HaHaHa Production \u015fi a \u00eenceput s\u0103 lucreze la albumul \u201eAL(t)BUM\u201d, de pe acesta fiind extrase \u015fi single-urile: \u201eLetz be friends\u201d \u015fi \u201eFemei\u201d.<\/p>\n<p>Sore<br \/>\n<iframe loading=\"lazy\" src=\"https:\/\/www.youtube.com\/embed\/SrNbm42L11s\" width=\"560\" height=\"315\" frameborder=\"0\" allowfullscreen=\"allowfullscreen\"><\/iframe><br \/>\nLa 11 ani f\u0103cea parte din trupa de fete Dolly, care s-a destr\u0103mat \u00een 2002. \u00cen 2009, Sore a revenit cu proiectul \u201cCrazy Win\u201d, al\u0103turi de doi buni amici \u0219i a \u00eenceput s\u0103 fac\u0103 furori la posturile de radio cu piesa \u201eBeautiful Lover\u201d. Anul 2011 a venit cu o nou\u0103 provocare pentru Sore. C\u00e2nt\u0103rea\u021ba a fost distribuit\u0103 \u00een primul serial muzical din Rom\u00e2nia, \u201ePariu cu via\u021ba\u201d. \u00cen acela\u0219i timp, Sore a intrat \u00een cel mai mare grup muzical din Rom\u00e2nia, La La Band, al\u0103turi de al\u021bi 18 tineri talenta\u021bi. Din 2011, Sore este artist HaHaHa Production \u0219i se concentreaz\u0103 pe cariera sa ca artist solo.<\/p>\n<p>Speak<br \/>\n<iframe loading=\"lazy\" src=\"https:\/\/www.youtube.com\/embed\/uLIRUa7NA-o\" width=\"560\" height=\"315\" frameborder=\"0\" allowfullscreen=\"allowfullscreen\"><\/iframe><br \/>\nCu ajutorul HaHaHa Production \u00ee\u0219i transform\u0103 pasiunea pentru muzic\u0103 \u00eentr-un job full time. \u00cen 2010 s-a decis s\u0103 porneasc\u0103 proiectul Speak, lans\u00e2nd c\u00e2teva remixuri care s-au bucurat de succes. De\u0219i proiectul s\u0103u muzical este relativ recent, Speak este unul dintre cei mai longevivi membri ai echipei HaHaHa Production, unde a activat ca produc\u0103tor \u0219i DJ \u00eenc\u0103 din 2009.<\/p>\n<p>Dorian<br \/>\n<iframe loading=\"lazy\" src=\"https:\/\/www.youtube.com\/embed\/-HzVlrDbY3E\" width=\"560\" height=\"315\" frameborder=\"0\" allowfullscreen=\"allowfullscreen\"><\/iframe><br \/>\nDorian \u0219i-a f\u0103cut debutul pe scena muzical\u0103 rom\u00e2neasc\u0103 al\u0103turi de Jazzy Jo, \u00een aprilie 2013, cu piesa \u201eMi-ai intrat \u00een cap\u201d. Ultimul s\u0103u featuring este piesa \u201eCan I Get A\u2026\u201d, primul track de pe al 3-lea album Smiley \u201eAcas\u0103\u201d, lansat \u00een noiembrie 2013. De-a lungul timpului, Dorian a colaborat \u0219i cu al\u021bi arti\u0219ti HaHaHa, cum ar fi Sore \u0219i Brighi. Pe 10 Iunie 2014, Dorian a lansat primul s\u0103u single intitulat \u201eMare Albastr\u0103\u201d. Refrenul piesei este o reinterpretare a unei melodii clasice rom\u00e2ne\u0219ti. Piesa este un omagiu inspirat \u0219i adus ora\u0219ului s\u0103u natal, Constan\u021ba.<\/p>\n\n\t\t\t<\/div>\n\t\t<\/div>\n\t\n[\/tabcontent]\n\n\t\t\t<div class=\"clearfix\"><\/div>\n\t\t<\/div>\n\t\n","protected":false},"excerpt":{"rendered":"<p>\u00cen Alba Iulia weekend-ul \u00eencepe de joi. Afl\u0103 unde te po\u0163i distra \u00een ora\u015ful t\u0103u doar pe\u00a0www.urbeamea.ro. Joi &nbsp; Vineri &nbsp; S\u00e2mb\u0103t\u0103 &nbsp; Duminic\u0103 &nbsp;<\/p>\n","protected":false},"author":16,"featured_media":4766,"comment_status":"open","ping_status":"open","sticky":false,"template":"","format":"standard","meta":{"inline_featured_image":false,"footnotes":""},"categories":[4],"tags":[],"class_list":["post-4755","post","type-post","status-publish","format-standard","has-post-thumbnail","hentry","category-eveniment"],"yoast_head":"<!-- This site is optimized with the Yoast SEO plugin v27.4 - https:\/\/yoast.com\/product\/yoast-seo-wordpress\/ -->\n<title>4 - 7 Iunie: \u00cen Alba Iulia weekend-ul \u00eencepe de joi! - Revista Urbea Mea - Revista de Alba<\/title>\n<meta name=\"description\" content=\"\u00cen Alba Iulia weekend-ul \u00eencepe de joi. Afl\u0103 unde te po\u0163i distra \u00een ora\u015ful t\u0103u doar pe\u00a0www.urbeamea.ro. Joi &nbsp; Vineri &nbsp; S\u00e2mb\u0103t\u0103 &nbsp;\" \/>\n<meta name=\"robots\" content=\"index, follow, max-snippet:-1, max-image-preview:large, max-video-preview:-1\" \/>\n<link rel=\"canonical\" href=\"https:\/\/urbeamea.ro\/albaiulia\/4-7-iunie-in-alba-iulia-weekend-ul-incepe-de-joi\/\" \/>\n<meta name=\"twitter:card\" content=\"summary_large_image\" \/>\n<meta name=\"twitter:title\" content=\"4 - 7 Iunie: \u00cen Alba Iulia weekend-ul \u00eencepe de joi! - Revista Urbea Mea - Revista de Alba\" \/>\n<meta name=\"twitter:description\" content=\"\u00cen Alba Iulia weekend-ul \u00eencepe de joi. Afl\u0103 unde te po\u0163i distra \u00een ora\u015ful t\u0103u doar pe\u00a0www.urbeamea.ro. Joi &nbsp; Vineri &nbsp; S\u00e2mb\u0103t\u0103 &nbsp;\" \/>\n<meta name=\"twitter:image\" content=\"https:\/\/urbeamea.ro\/albaiulia\/wp-content\/uploads\/2015\/06\/ppjweekend.jpg\" \/>\n<meta name=\"twitter:creator\" content=\"@urbeameaweb\" \/>\n<meta name=\"twitter:site\" content=\"@urbeameaweb\" \/>\n<script type=\"application\/ld+json\" class=\"yoast-schema-graph\">{\"@context\":\"https:\\\/\\\/schema.org\",\"@graph\":[{\"@type\":\"Article\",\"@id\":\"https:\\\/\\\/urbeamea.ro\\\/albaiulia\\\/4-7-iunie-in-alba-iulia-weekend-ul-incepe-de-joi\\\/#article\",\"isPartOf\":{\"@id\":\"https:\\\/\\\/urbeamea.ro\\\/albaiulia\\\/4-7-iunie-in-alba-iulia-weekend-ul-incepe-de-joi\\\/\"},\"author\":{\"name\":\"Redac\u021bia UrbeaMea\",\"@id\":\"https:\\\/\\\/urbeamea.ro\\\/albaiulia\\\/#\\\/schema\\\/person\\\/272ae98052f8ee8980f59848df070247\"},\"headline\":\"4 &#8211; 7 Iunie: \u00cen Alba Iulia weekend-ul \u00eencepe de joi!\",\"datePublished\":\"2015-06-04T06:16:19+00:00\",\"dateModified\":\"2015-06-06T19:27:27+00:00\",\"mainEntityOfPage\":{\"@id\":\"https:\\\/\\\/urbeamea.ro\\\/albaiulia\\\/4-7-iunie-in-alba-iulia-weekend-ul-incepe-de-joi\\\/\"},\"wordCount\":2103,\"commentCount\":0,\"image\":{\"@id\":\"https:\\\/\\\/urbeamea.ro\\\/albaiulia\\\/4-7-iunie-in-alba-iulia-weekend-ul-incepe-de-joi\\\/#primaryimage\"},\"thumbnailUrl\":\"https:\\\/\\\/urbeamea.ro\\\/albaiulia\\\/wp-content\\\/uploads\\\/2015\\\/06\\\/ppjweekend.jpg\",\"articleSection\":[\"Evenimente\"],\"inLanguage\":\"ro-RO\",\"potentialAction\":[{\"@type\":\"CommentAction\",\"name\":\"Comment\",\"target\":[\"https:\\\/\\\/urbeamea.ro\\\/albaiulia\\\/4-7-iunie-in-alba-iulia-weekend-ul-incepe-de-joi\\\/#respond\"]}]},{\"@type\":\"WebPage\",\"@id\":\"https:\\\/\\\/urbeamea.ro\\\/albaiulia\\\/4-7-iunie-in-alba-iulia-weekend-ul-incepe-de-joi\\\/\",\"url\":\"https:\\\/\\\/urbeamea.ro\\\/albaiulia\\\/4-7-iunie-in-alba-iulia-weekend-ul-incepe-de-joi\\\/\",\"name\":\"4 - 7 Iunie: \u00cen Alba Iulia weekend-ul \u00eencepe de joi! - Revista Urbea Mea - Revista de Alba\",\"isPartOf\":{\"@id\":\"https:\\\/\\\/urbeamea.ro\\\/albaiulia\\\/#website\"},\"primaryImageOfPage\":{\"@id\":\"https:\\\/\\\/urbeamea.ro\\\/albaiulia\\\/4-7-iunie-in-alba-iulia-weekend-ul-incepe-de-joi\\\/#primaryimage\"},\"image\":{\"@id\":\"https:\\\/\\\/urbeamea.ro\\\/albaiulia\\\/4-7-iunie-in-alba-iulia-weekend-ul-incepe-de-joi\\\/#primaryimage\"},\"thumbnailUrl\":\"https:\\\/\\\/urbeamea.ro\\\/albaiulia\\\/wp-content\\\/uploads\\\/2015\\\/06\\\/ppjweekend.jpg\",\"datePublished\":\"2015-06-04T06:16:19+00:00\",\"dateModified\":\"2015-06-06T19:27:27+00:00\",\"author\":{\"@id\":\"https:\\\/\\\/urbeamea.ro\\\/albaiulia\\\/#\\\/schema\\\/person\\\/272ae98052f8ee8980f59848df070247\"},\"description\":\"\u00cen Alba Iulia weekend-ul \u00eencepe de joi. Afl\u0103 unde te po\u0163i distra \u00een ora\u015ful t\u0103u doar pe\u00a0www.urbeamea.ro. Joi &nbsp; Vineri &nbsp; S\u00e2mb\u0103t\u0103 &nbsp;\",\"breadcrumb\":{\"@id\":\"https:\\\/\\\/urbeamea.ro\\\/albaiulia\\\/4-7-iunie-in-alba-iulia-weekend-ul-incepe-de-joi\\\/#breadcrumb\"},\"inLanguage\":\"ro-RO\",\"potentialAction\":[{\"@type\":\"ReadAction\",\"target\":[\"https:\\\/\\\/urbeamea.ro\\\/albaiulia\\\/4-7-iunie-in-alba-iulia-weekend-ul-incepe-de-joi\\\/\"]}]},{\"@type\":\"ImageObject\",\"inLanguage\":\"ro-RO\",\"@id\":\"https:\\\/\\\/urbeamea.ro\\\/albaiulia\\\/4-7-iunie-in-alba-iulia-weekend-ul-incepe-de-joi\\\/#primaryimage\",\"url\":\"https:\\\/\\\/urbeamea.ro\\\/albaiulia\\\/wp-content\\\/uploads\\\/2015\\\/06\\\/ppjweekend.jpg\",\"contentUrl\":\"https:\\\/\\\/urbeamea.ro\\\/albaiulia\\\/wp-content\\\/uploads\\\/2015\\\/06\\\/ppjweekend.jpg\",\"width\":969,\"height\":606},{\"@type\":\"BreadcrumbList\",\"@id\":\"https:\\\/\\\/urbeamea.ro\\\/albaiulia\\\/4-7-iunie-in-alba-iulia-weekend-ul-incepe-de-joi\\\/#breadcrumb\",\"itemListElement\":[{\"@type\":\"ListItem\",\"position\":1,\"name\":\"Prima pagin\u0103\",\"item\":\"https:\\\/\\\/urbeamea.ro\\\/albaiulia\\\/\"},{\"@type\":\"ListItem\",\"position\":2,\"name\":\"4 &#8211; 7 Iunie: \u00cen Alba Iulia weekend-ul \u00eencepe de joi!\"}]},{\"@type\":\"WebSite\",\"@id\":\"https:\\\/\\\/urbeamea.ro\\\/albaiulia\\\/#website\",\"url\":\"https:\\\/\\\/urbeamea.ro\\\/albaiulia\\\/\",\"name\":\"Revista Urbea Mea, Stiri urbane\",\"description\":\"Evenimente \u0219i \u0219tiri din Alba Iulia, Sebe\u0219, Aiud, Blaj\",\"potentialAction\":[{\"@type\":\"SearchAction\",\"target\":{\"@type\":\"EntryPoint\",\"urlTemplate\":\"https:\\\/\\\/urbeamea.ro\\\/albaiulia\\\/?s={search_term_string}\"},\"query-input\":{\"@type\":\"PropertyValueSpecification\",\"valueRequired\":true,\"valueName\":\"search_term_string\"}}],\"inLanguage\":\"ro-RO\"},{\"@type\":\"Person\",\"@id\":\"https:\\\/\\\/urbeamea.ro\\\/albaiulia\\\/#\\\/schema\\\/person\\\/272ae98052f8ee8980f59848df070247\",\"name\":\"Redac\u021bia UrbeaMea\",\"image\":{\"@type\":\"ImageObject\",\"inLanguage\":\"ro-RO\",\"@id\":\"https:\\\/\\\/secure.gravatar.com\\\/avatar\\\/9ce5a9435071fa1037e8468053ead8e513dbbff59009d3069aadb85506d85a27?s=96&d=mm&r=g\",\"url\":\"https:\\\/\\\/secure.gravatar.com\\\/avatar\\\/9ce5a9435071fa1037e8468053ead8e513dbbff59009d3069aadb85506d85a27?s=96&d=mm&r=g\",\"contentUrl\":\"https:\\\/\\\/secure.gravatar.com\\\/avatar\\\/9ce5a9435071fa1037e8468053ead8e513dbbff59009d3069aadb85506d85a27?s=96&d=mm&r=g\",\"caption\":\"Redac\u021bia UrbeaMea\"},\"description\":\"contact@urbeamea.ro\",\"sameAs\":[\"https:\\\/\\\/www.urbeamea.ro\"],\"url\":\"https:\\\/\\\/urbeamea.ro\\\/albaiulia\\\/author\\\/redactia-urbeamea\\\/\"}]}<\/script>\n<!-- \/ Yoast SEO plugin. -->","yoast_head_json":{"title":"4 - 7 Iunie: \u00cen Alba Iulia weekend-ul \u00eencepe de joi! - Revista Urbea Mea - Revista de Alba","description":"\u00cen Alba Iulia weekend-ul \u00eencepe de joi. Afl\u0103 unde te po\u0163i distra \u00een ora\u015ful t\u0103u doar pe\u00a0www.urbeamea.ro. Joi &nbsp; Vineri &nbsp; S\u00e2mb\u0103t\u0103 &nbsp;","robots":{"index":"index","follow":"follow","max-snippet":"max-snippet:-1","max-image-preview":"max-image-preview:large","max-video-preview":"max-video-preview:-1"},"canonical":"https:\/\/urbeamea.ro\/albaiulia\/4-7-iunie-in-alba-iulia-weekend-ul-incepe-de-joi\/","twitter_card":"summary_large_image","twitter_title":"4 - 7 Iunie: \u00cen Alba Iulia weekend-ul \u00eencepe de joi! - Revista Urbea Mea - Revista de Alba","twitter_description":"\u00cen Alba Iulia weekend-ul \u00eencepe de joi. Afl\u0103 unde te po\u0163i distra \u00een ora\u015ful t\u0103u doar pe\u00a0www.urbeamea.ro. Joi &nbsp; Vineri &nbsp; S\u00e2mb\u0103t\u0103 &nbsp;","twitter_image":"https:\/\/urbeamea.ro\/albaiulia\/wp-content\/uploads\/2015\/06\/ppjweekend.jpg","twitter_creator":"@urbeameaweb","twitter_site":"@urbeameaweb","schema":{"@context":"https:\/\/schema.org","@graph":[{"@type":"Article","@id":"https:\/\/urbeamea.ro\/albaiulia\/4-7-iunie-in-alba-iulia-weekend-ul-incepe-de-joi\/#article","isPartOf":{"@id":"https:\/\/urbeamea.ro\/albaiulia\/4-7-iunie-in-alba-iulia-weekend-ul-incepe-de-joi\/"},"author":{"name":"Redac\u021bia UrbeaMea","@id":"https:\/\/urbeamea.ro\/albaiulia\/#\/schema\/person\/272ae98052f8ee8980f59848df070247"},"headline":"4 &#8211; 7 Iunie: \u00cen Alba Iulia weekend-ul \u00eencepe de joi!","datePublished":"2015-06-04T06:16:19+00:00","dateModified":"2015-06-06T19:27:27+00:00","mainEntityOfPage":{"@id":"https:\/\/urbeamea.ro\/albaiulia\/4-7-iunie-in-alba-iulia-weekend-ul-incepe-de-joi\/"},"wordCount":2103,"commentCount":0,"image":{"@id":"https:\/\/urbeamea.ro\/albaiulia\/4-7-iunie-in-alba-iulia-weekend-ul-incepe-de-joi\/#primaryimage"},"thumbnailUrl":"https:\/\/urbeamea.ro\/albaiulia\/wp-content\/uploads\/2015\/06\/ppjweekend.jpg","articleSection":["Evenimente"],"inLanguage":"ro-RO","potentialAction":[{"@type":"CommentAction","name":"Comment","target":["https:\/\/urbeamea.ro\/albaiulia\/4-7-iunie-in-alba-iulia-weekend-ul-incepe-de-joi\/#respond"]}]},{"@type":"WebPage","@id":"https:\/\/urbeamea.ro\/albaiulia\/4-7-iunie-in-alba-iulia-weekend-ul-incepe-de-joi\/","url":"https:\/\/urbeamea.ro\/albaiulia\/4-7-iunie-in-alba-iulia-weekend-ul-incepe-de-joi\/","name":"4 - 7 Iunie: \u00cen Alba Iulia weekend-ul \u00eencepe de joi! - Revista Urbea Mea - Revista de Alba","isPartOf":{"@id":"https:\/\/urbeamea.ro\/albaiulia\/#website"},"primaryImageOfPage":{"@id":"https:\/\/urbeamea.ro\/albaiulia\/4-7-iunie-in-alba-iulia-weekend-ul-incepe-de-joi\/#primaryimage"},"image":{"@id":"https:\/\/urbeamea.ro\/albaiulia\/4-7-iunie-in-alba-iulia-weekend-ul-incepe-de-joi\/#primaryimage"},"thumbnailUrl":"https:\/\/urbeamea.ro\/albaiulia\/wp-content\/uploads\/2015\/06\/ppjweekend.jpg","datePublished":"2015-06-04T06:16:19+00:00","dateModified":"2015-06-06T19:27:27+00:00","author":{"@id":"https:\/\/urbeamea.ro\/albaiulia\/#\/schema\/person\/272ae98052f8ee8980f59848df070247"},"description":"\u00cen Alba Iulia weekend-ul \u00eencepe de joi. Afl\u0103 unde te po\u0163i distra \u00een ora\u015ful t\u0103u doar pe\u00a0www.urbeamea.ro. Joi &nbsp; Vineri &nbsp; S\u00e2mb\u0103t\u0103 &nbsp;","breadcrumb":{"@id":"https:\/\/urbeamea.ro\/albaiulia\/4-7-iunie-in-alba-iulia-weekend-ul-incepe-de-joi\/#breadcrumb"},"inLanguage":"ro-RO","potentialAction":[{"@type":"ReadAction","target":["https:\/\/urbeamea.ro\/albaiulia\/4-7-iunie-in-alba-iulia-weekend-ul-incepe-de-joi\/"]}]},{"@type":"ImageObject","inLanguage":"ro-RO","@id":"https:\/\/urbeamea.ro\/albaiulia\/4-7-iunie-in-alba-iulia-weekend-ul-incepe-de-joi\/#primaryimage","url":"https:\/\/urbeamea.ro\/albaiulia\/wp-content\/uploads\/2015\/06\/ppjweekend.jpg","contentUrl":"https:\/\/urbeamea.ro\/albaiulia\/wp-content\/uploads\/2015\/06\/ppjweekend.jpg","width":969,"height":606},{"@type":"BreadcrumbList","@id":"https:\/\/urbeamea.ro\/albaiulia\/4-7-iunie-in-alba-iulia-weekend-ul-incepe-de-joi\/#breadcrumb","itemListElement":[{"@type":"ListItem","position":1,"name":"Prima pagin\u0103","item":"https:\/\/urbeamea.ro\/albaiulia\/"},{"@type":"ListItem","position":2,"name":"4 &#8211; 7 Iunie: \u00cen Alba Iulia weekend-ul \u00eencepe de joi!"}]},{"@type":"WebSite","@id":"https:\/\/urbeamea.ro\/albaiulia\/#website","url":"https:\/\/urbeamea.ro\/albaiulia\/","name":"Revista Urbea Mea, Stiri urbane","description":"Evenimente \u0219i \u0219tiri din Alba Iulia, Sebe\u0219, Aiud, Blaj","potentialAction":[{"@type":"SearchAction","target":{"@type":"EntryPoint","urlTemplate":"https:\/\/urbeamea.ro\/albaiulia\/?s={search_term_string}"},"query-input":{"@type":"PropertyValueSpecification","valueRequired":true,"valueName":"search_term_string"}}],"inLanguage":"ro-RO"},{"@type":"Person","@id":"https:\/\/urbeamea.ro\/albaiulia\/#\/schema\/person\/272ae98052f8ee8980f59848df070247","name":"Redac\u021bia UrbeaMea","image":{"@type":"ImageObject","inLanguage":"ro-RO","@id":"https:\/\/secure.gravatar.com\/avatar\/9ce5a9435071fa1037e8468053ead8e513dbbff59009d3069aadb85506d85a27?s=96&d=mm&r=g","url":"https:\/\/secure.gravatar.com\/avatar\/9ce5a9435071fa1037e8468053ead8e513dbbff59009d3069aadb85506d85a27?s=96&d=mm&r=g","contentUrl":"https:\/\/secure.gravatar.com\/avatar\/9ce5a9435071fa1037e8468053ead8e513dbbff59009d3069aadb85506d85a27?s=96&d=mm&r=g","caption":"Redac\u021bia UrbeaMea"},"description":"contact@urbeamea.ro","sameAs":["https:\/\/www.urbeamea.ro"],"url":"https:\/\/urbeamea.ro\/albaiulia\/author\/redactia-urbeamea\/"}]}},"_links":{"self":[{"href":"https:\/\/urbeamea.ro\/albaiulia\/wp-json\/wp\/v2\/posts\/4755","targetHints":{"allow":["GET"]}}],"collection":[{"href":"https:\/\/urbeamea.ro\/albaiulia\/wp-json\/wp\/v2\/posts"}],"about":[{"href":"https:\/\/urbeamea.ro\/albaiulia\/wp-json\/wp\/v2\/types\/post"}],"author":[{"embeddable":true,"href":"https:\/\/urbeamea.ro\/albaiulia\/wp-json\/wp\/v2\/users\/16"}],"replies":[{"embeddable":true,"href":"https:\/\/urbeamea.ro\/albaiulia\/wp-json\/wp\/v2\/comments?post=4755"}],"version-history":[{"count":0,"href":"https:\/\/urbeamea.ro\/albaiulia\/wp-json\/wp\/v2\/posts\/4755\/revisions"}],"wp:featuredmedia":[{"embeddable":true,"href":"https:\/\/urbeamea.ro\/albaiulia\/wp-json\/wp\/v2\/media\/4766"}],"wp:attachment":[{"href":"https:\/\/urbeamea.ro\/albaiulia\/wp-json\/wp\/v2\/media?parent=4755"}],"wp:term":[{"taxonomy":"category","embeddable":true,"href":"https:\/\/urbeamea.ro\/albaiulia\/wp-json\/wp\/v2\/categories?post=4755"},{"taxonomy":"post_tag","embeddable":true,"href":"https:\/\/urbeamea.ro\/albaiulia\/wp-json\/wp\/v2\/tags?post=4755"}],"curies":[{"name":"wp","href":"https:\/\/api.w.org\/{rel}","templated":true}]}}