{"id":48177,"date":"2017-06-22T09:17:55","date_gmt":"2017-06-22T06:17:55","guid":{"rendered":"https:\/\/urbeamea.ro\/albaiulia\/?p=48177"},"modified":"2017-06-22T09:17:55","modified_gmt":"2017-06-22T06:17:55","slug":"gastronomia-evului-mediu-din-transilvania-abordata-in-cadrul-unor-expozitii-interactive-de-catre-muzeul-municipal-ioan-raica-din-sebes","status":"publish","type":"post","link":"https:\/\/urbeamea.ro\/albaiulia\/gastronomia-evului-mediu-din-transilvania-abordata-in-cadrul-unor-expozitii-interactive-de-catre-muzeul-municipal-ioan-raica-din-sebes\/","title":{"rendered":"Gastronomia Evului Mediu din Transilvania abordat\u0103 \u00een cadrul unor expozi\u0163ii interactive de c\u0103tre Muzeul Municipal Ioan Raica din Sebe\u015f"},"content":{"rendered":"<p><strong><em>Gastronomia istoric\u0103 \u00eentre \u0219tiin\u021b\u0103 \u0219i reenactment. Despre obiceiurile culinare \u00een Transilvania medieval\u0103<\/em><\/strong> este proiectul cultural c\u00e2\u015ftigat de Muzeul Municipal Ioan Raica prin Centrul Cultural Lucian Blaga din Sebe\u015f, \u00een urma competi\u0163iei de proiecte lansate de Administra\u0163ia Fondului Cultural Na\u0163ional \u00een prim\u0103vara acestui an. Valoarea total\u0103 a finan\u0163\u0103rii proiectului este 57.500 lei din care 50.000 finan\u0163are de la AFCN, restul fiind contribu\u0163ia institu\u0163iei beneficiare a proiectului. Parteneri \u00een cadrul proiectului sunt: Universitatea \u201e1 Decembrie 1918\u201d din Alba Iulia \u015fi Institutul de Cercet\u0103ri Socio-Umane al Academiei, cu sediul \u00een Sibiu.<\/p>\n<p>Tema proiectului este una sui-generis, deoarece gastronomia medieval\u0103 din Transilvania nu a mai fost abordat\u0103 din acest punct de vedere, \u00een vederea promov\u0103rii \u00een r\u00e2ndul tradi\u0163iilor culturale \u015fi culinare specifice unei regiuni.<\/p>\n<p>\u00cens\u0103\u015fi perspectiva din care abord\u0103m proiectul, este una inovatoare \u015fi original\u0103. S\u0103 oferi publicului vizitator posibilitatea de a se transpune \u00een lumea medieval\u0103 prin participarea efectiv\u0103 \u00een procesul de reconstituire istoric\u0103 \u015fi culinar\u0103 e ca o \u201epoart\u0103\u201d de trecere \u00een trecut pentru a surprinde \u015fi, de ce nu, pentru a experimenta efectiv via\u0163a cotidian\u0103 a evului mediu transilv\u0103nean. Vizitatorii vor avea ocazia sa p\u0103trund\u0103 \u00eentr-o atmosfera veridic\u0103 medieval\u0103, s\u0103 observe \u015fi s\u0103 guste la propriu din bucatele preg\u0103tite dup\u0103 re\u0163ete specifice epocii, experiment\u00e2nd astfel un \u201estrop de gust\u201d din Evul Mediu, dar si particip\u00e2nd \u00eentr-un mod interactiv la aceast\u0103 reconstituire. Ei vor deveni astfel din vizitatori, protagoni\u015fti \u00een aceasta reconstituire. Consider\u0103m c\u0103 gastronomia medieval\u0103 din Transilvania merit\u0103 s\u0103 fie investigat\u0103\/cercetat\u0103 \u015fi promovat\u0103 al\u0103turi de celelalte forme de manifestare a patrimoniului cultural specific Rom\u00e2niei. Abordarea unei astfel de teme era necesar\u0103, dar \u015fi binevenit\u0103, \u00eentr-o perioad\u0103 \u00een care turismul cultural \u015fi istoric, a \u00eenceput s\u0103 capete o tot mai mare amploare si tot mai mare c\u0103utare la Sebe\u015f \u015fi Alba Iulia, ora\u015fe cu evolu\u0163ie urban\u0103 spectaculoas\u0103 \u00een perioada Evului Mediu.<\/p>\n<p>Proiectul cultural se va derula \u00een perioada 5 iunie -15 noiembrie 2017 \u015fi va include dou\u0103 expozi\u0163ii interactive adresate publicului din cele dou\u0103 ora\u015fe. \u00cen Sebe\u015f pe data de 1 septembrie 2017 la sediul Muzeului Municipal Ioan Raica \u015fi \u00een Alba Iulia pe data 1 octombrie 2017 la Universitatea \u201e1 Decembrie 1918\u201d.<\/p>\n<p>Echipa de proiect este format\u0103 din speciali\u0219ti, arheologi, muzeografi \u015fi istorici medievi\u015fti, a c\u0103ror expertiz\u0103 este recunoscut\u0103 \u00een mediul academic, respectiv Beatrice Ciut\u0103, cercet\u0103tor \u0219tiin\u021bific dr. \u00een cadrul Universit\u0103\u0163ii &#8222;1 Decembrie 1918&#8221;- coordonator al proiectului, muzeografii, drd Radu Totoianu \u015fi dr. C\u0103lin Anghel (Muzeul Municipal Ioan Raica,), lect.univ.dr. Cosmin Popa Gorjanu, istoric, drd. C\u0103lin \u0218uteu, conservator-restaurator Alin C\u0103dan, lect.univ.dr. Cornelia Popa-Gorjanu, Alin Tomu\u0219, sociolog, (Universitatea&#8221;1 Decembrie 1918), Maria \u0162iplic, cercet\u0103tor \u0219tiin\u021bific dr. (Institutul de Cercet\u0103ri Socio-Umane al Academiei din Sibiu).<\/p>\n","protected":false},"excerpt":{"rendered":"<p>Gastronomia istoric\u0103 \u00eentre \u0219tiin\u021b\u0103 \u0219i reenactment. Despre obiceiurile culinare \u00een Transilvania medieval\u0103 este proiectul cultural c\u00e2\u015ftigat de Muzeul Municipal Ioan Raica prin Centrul Cultural Lucian Blaga din Sebe\u015f, \u00een urma competi\u0163iei de proiecte lansate de Administra\u0163ia Fondului Cultural Na\u0163ional \u00een prim\u0103vara acestui an. Valoarea total\u0103 a finan\u0163\u0103rii proiectului este 57.500 lei din care 50.000 finan\u0163are &hellip;<\/p>\n","protected":false},"author":5,"featured_media":48178,"comment_status":"open","ping_status":"open","sticky":false,"template":"","format":"standard","meta":{"inline_featured_image":false,"footnotes":""},"categories":[1],"tags":[],"class_list":["post-48177","post","type-post","status-publish","format-standard","has-post-thumbnail","hentry","category-stiri-urbane"],"yoast_head":"<!-- This site is optimized with the Yoast SEO plugin v28.3 - https:\/\/yoast.com\/product\/yoast-seo-wordpress\/ -->\n<title>Gastronomia Evului Mediu din Transilvania abordat\u0103 \u00een cadrul unor expozi\u0163ii interactive de c\u0103tre Muzeul Municipal Ioan Raica din Sebe\u015f - Revista Urbea Mea - Revista de Alba<\/title>\n<meta name=\"description\" content=\"Gastronomia istoric\u0103 \u00eentre \u0219tiin\u021b\u0103 \u0219i reenactment. Despre obiceiurile culinare \u00een Transilvania medieval\u0103 este proiectul cultural c\u00e2\u015ftigat de Muzeul\" \/>\n<meta name=\"robots\" content=\"index, follow, max-snippet:-1, max-image-preview:large, max-video-preview:-1\" \/>\n<link rel=\"canonical\" href=\"https:\/\/urbeamea.ro\/albaiulia\/gastronomia-evului-mediu-din-transilvania-abordata-in-cadrul-unor-expozitii-interactive-de-catre-muzeul-municipal-ioan-raica-din-sebes\/\" \/>\n<meta name=\"twitter:card\" content=\"summary_large_image\" \/>\n<meta name=\"twitter:title\" content=\"Gastronomia Evului Mediu din Transilvania abordat\u0103 \u00een cadrul unor expozi\u0163ii interactive de c\u0103tre Muzeul Municipal Ioan Raica din Sebe\u015f - Revista Urbea Mea - Revista de Alba\" \/>\n<meta name=\"twitter:description\" content=\"Gastronomia istoric\u0103 \u00eentre \u0219tiin\u021b\u0103 \u0219i reenactment. Despre obiceiurile culinare \u00een Transilvania medieval\u0103 este proiectul cultural c\u00e2\u015ftigat de Muzeul\" \/>\n<meta name=\"twitter:image\" content=\"https:\/\/urbeamea.ro\/albaiulia\/wp-content\/uploads\/2017\/06\/gastronomia.jpg\" \/>\n<meta name=\"twitter:creator\" content=\"@urbeameaweb\" \/>\n<meta name=\"twitter:site\" content=\"@urbeameaweb\" \/>\n<script type=\"application\/ld+json\" class=\"yoast-schema-graph\">{\"@context\":\"https:\\\/\\\/schema.org\",\"@graph\":[{\"@type\":\"Article\",\"@id\":\"https:\\\/\\\/urbeamea.ro\\\/albaiulia\\\/gastronomia-evului-mediu-din-transilvania-abordata-in-cadrul-unor-expozitii-interactive-de-catre-muzeul-municipal-ioan-raica-din-sebes\\\/#article\",\"isPartOf\":{\"@id\":\"https:\\\/\\\/urbeamea.ro\\\/albaiulia\\\/gastronomia-evului-mediu-din-transilvania-abordata-in-cadrul-unor-expozitii-interactive-de-catre-muzeul-municipal-ioan-raica-din-sebes\\\/\"},\"author\":{\"name\":\"Bogdan P\u0103unescu\",\"@id\":\"https:\\\/\\\/urbeamea.ro\\\/albaiulia\\\/#\\\/schema\\\/person\\\/a115373ce8153754c6b084232d985956\"},\"headline\":\"Gastronomia Evului Mediu din Transilvania abordat\u0103 \u00een cadrul unor expozi\u0163ii interactive de c\u0103tre Muzeul Municipal Ioan Raica din Sebe\u015f\",\"datePublished\":\"2017-06-22T06:17:55+00:00\",\"mainEntityOfPage\":{\"@id\":\"https:\\\/\\\/urbeamea.ro\\\/albaiulia\\\/gastronomia-evului-mediu-din-transilvania-abordata-in-cadrul-unor-expozitii-interactive-de-catre-muzeul-municipal-ioan-raica-din-sebes\\\/\"},\"wordCount\":486,\"commentCount\":0,\"image\":{\"@id\":\"https:\\\/\\\/urbeamea.ro\\\/albaiulia\\\/gastronomia-evului-mediu-din-transilvania-abordata-in-cadrul-unor-expozitii-interactive-de-catre-muzeul-municipal-ioan-raica-din-sebes\\\/#primaryimage\"},\"thumbnailUrl\":\"https:\\\/\\\/urbeamea.ro\\\/albaiulia\\\/wp-content\\\/uploads\\\/2017\\\/06\\\/gastronomia.jpg\",\"articleSection\":[\"\u015etiri Urbane\"],\"inLanguage\":\"ro-RO\",\"potentialAction\":[{\"@type\":\"CommentAction\",\"name\":\"Comment\",\"target\":[\"https:\\\/\\\/urbeamea.ro\\\/albaiulia\\\/gastronomia-evului-mediu-din-transilvania-abordata-in-cadrul-unor-expozitii-interactive-de-catre-muzeul-municipal-ioan-raica-din-sebes\\\/#respond\"]}]},{\"@type\":\"WebPage\",\"@id\":\"https:\\\/\\\/urbeamea.ro\\\/albaiulia\\\/gastronomia-evului-mediu-din-transilvania-abordata-in-cadrul-unor-expozitii-interactive-de-catre-muzeul-municipal-ioan-raica-din-sebes\\\/\",\"url\":\"https:\\\/\\\/urbeamea.ro\\\/albaiulia\\\/gastronomia-evului-mediu-din-transilvania-abordata-in-cadrul-unor-expozitii-interactive-de-catre-muzeul-municipal-ioan-raica-din-sebes\\\/\",\"name\":\"Gastronomia Evului Mediu din Transilvania abordat\u0103 \u00een cadrul unor expozi\u0163ii interactive de c\u0103tre Muzeul Municipal Ioan Raica din Sebe\u015f - Revista Urbea Mea - Revista de Alba\",\"isPartOf\":{\"@id\":\"https:\\\/\\\/urbeamea.ro\\\/albaiulia\\\/#website\"},\"primaryImageOfPage\":{\"@id\":\"https:\\\/\\\/urbeamea.ro\\\/albaiulia\\\/gastronomia-evului-mediu-din-transilvania-abordata-in-cadrul-unor-expozitii-interactive-de-catre-muzeul-municipal-ioan-raica-din-sebes\\\/#primaryimage\"},\"image\":{\"@id\":\"https:\\\/\\\/urbeamea.ro\\\/albaiulia\\\/gastronomia-evului-mediu-din-transilvania-abordata-in-cadrul-unor-expozitii-interactive-de-catre-muzeul-municipal-ioan-raica-din-sebes\\\/#primaryimage\"},\"thumbnailUrl\":\"https:\\\/\\\/urbeamea.ro\\\/albaiulia\\\/wp-content\\\/uploads\\\/2017\\\/06\\\/gastronomia.jpg\",\"datePublished\":\"2017-06-22T06:17:55+00:00\",\"author\":{\"@id\":\"https:\\\/\\\/urbeamea.ro\\\/albaiulia\\\/#\\\/schema\\\/person\\\/a115373ce8153754c6b084232d985956\"},\"description\":\"Gastronomia istoric\u0103 \u00eentre \u0219tiin\u021b\u0103 \u0219i reenactment. Despre obiceiurile culinare \u00een Transilvania medieval\u0103 este proiectul cultural c\u00e2\u015ftigat de Muzeul\",\"breadcrumb\":{\"@id\":\"https:\\\/\\\/urbeamea.ro\\\/albaiulia\\\/gastronomia-evului-mediu-din-transilvania-abordata-in-cadrul-unor-expozitii-interactive-de-catre-muzeul-municipal-ioan-raica-din-sebes\\\/#breadcrumb\"},\"inLanguage\":\"ro-RO\",\"potentialAction\":[{\"@type\":\"ReadAction\",\"target\":[\"https:\\\/\\\/urbeamea.ro\\\/albaiulia\\\/gastronomia-evului-mediu-din-transilvania-abordata-in-cadrul-unor-expozitii-interactive-de-catre-muzeul-municipal-ioan-raica-din-sebes\\\/\"]}]},{\"@type\":\"ImageObject\",\"inLanguage\":\"ro-RO\",\"@id\":\"https:\\\/\\\/urbeamea.ro\\\/albaiulia\\\/gastronomia-evului-mediu-din-transilvania-abordata-in-cadrul-unor-expozitii-interactive-de-catre-muzeul-municipal-ioan-raica-din-sebes\\\/#primaryimage\",\"url\":\"https:\\\/\\\/urbeamea.ro\\\/albaiulia\\\/wp-content\\\/uploads\\\/2017\\\/06\\\/gastronomia.jpg\",\"contentUrl\":\"https:\\\/\\\/urbeamea.ro\\\/albaiulia\\\/wp-content\\\/uploads\\\/2017\\\/06\\\/gastronomia.jpg\",\"width\":1200,\"height\":742},{\"@type\":\"BreadcrumbList\",\"@id\":\"https:\\\/\\\/urbeamea.ro\\\/albaiulia\\\/gastronomia-evului-mediu-din-transilvania-abordata-in-cadrul-unor-expozitii-interactive-de-catre-muzeul-municipal-ioan-raica-din-sebes\\\/#breadcrumb\",\"itemListElement\":[{\"@type\":\"ListItem\",\"position\":1,\"name\":\"Prima pagin\u0103\",\"item\":\"https:\\\/\\\/urbeamea.ro\\\/albaiulia\\\/\"},{\"@type\":\"ListItem\",\"position\":2,\"name\":\"Gastronomia Evului Mediu din Transilvania abordat\u0103 \u00een cadrul unor expozi\u0163ii interactive de c\u0103tre Muzeul Municipal Ioan Raica din Sebe\u015f\"}]},{\"@type\":\"WebSite\",\"@id\":\"https:\\\/\\\/urbeamea.ro\\\/albaiulia\\\/#website\",\"url\":\"https:\\\/\\\/urbeamea.ro\\\/albaiulia\\\/\",\"name\":\"Revista Urbea Mea, Stiri urbane\",\"description\":\"Evenimente \u0219i \u0219tiri din Alba Iulia, Sebe\u0219, Aiud, Blaj\",\"potentialAction\":[{\"@type\":\"SearchAction\",\"target\":{\"@type\":\"EntryPoint\",\"urlTemplate\":\"https:\\\/\\\/urbeamea.ro\\\/albaiulia\\\/?s={search_term_string}\"},\"query-input\":{\"@type\":\"PropertyValueSpecification\",\"valueRequired\":true,\"valueName\":\"search_term_string\"}}],\"inLanguage\":\"ro-RO\"},{\"@type\":\"Person\",\"@id\":\"https:\\\/\\\/urbeamea.ro\\\/albaiulia\\\/#\\\/schema\\\/person\\\/a115373ce8153754c6b084232d985956\",\"name\":\"Bogdan P\u0103unescu\",\"image\":{\"@type\":\"ImageObject\",\"inLanguage\":\"ro-RO\",\"@id\":\"https:\\\/\\\/secure.gravatar.com\\\/avatar\\\/f72aa881b5a32ea110a53aabc2049429e3ff68fcb09d283722d01fbf330e9dd9?s=96&d=mm&r=g\",\"url\":\"https:\\\/\\\/secure.gravatar.com\\\/avatar\\\/f72aa881b5a32ea110a53aabc2049429e3ff68fcb09d283722d01fbf330e9dd9?s=96&d=mm&r=g\",\"contentUrl\":\"https:\\\/\\\/secure.gravatar.com\\\/avatar\\\/f72aa881b5a32ea110a53aabc2049429e3ff68fcb09d283722d01fbf330e9dd9?s=96&d=mm&r=g\",\"caption\":\"Bogdan P\u0103unescu\"},\"description\":\"\u00cemi place tot ceea ce este legat de web \u015fi ajut la dezvoltarea \u015fi \u00eembun\u0103t\u0103\u0163irea lui prin tot ceea ce fac.\",\"sameAs\":[\"https:\\\/\\\/www.artonmedia.ro\",\"https:\\\/\\\/www.facebook.com\\\/bogdanvpaunescu\"],\"url\":\"https:\\\/\\\/urbeamea.ro\\\/albaiulia\\\/author\\\/bogdan-paunescu\\\/\"}]}<\/script>\n<!-- \/ Yoast SEO plugin. -->","yoast_head_json":{"title":"Gastronomia Evului Mediu din Transilvania abordat\u0103 \u00een cadrul unor expozi\u0163ii interactive de c\u0103tre Muzeul Municipal Ioan Raica din Sebe\u015f - Revista Urbea Mea - Revista de Alba","description":"Gastronomia istoric\u0103 \u00eentre \u0219tiin\u021b\u0103 \u0219i reenactment. Despre obiceiurile culinare \u00een Transilvania medieval\u0103 este proiectul cultural c\u00e2\u015ftigat de Muzeul","robots":{"index":"index","follow":"follow","max-snippet":"max-snippet:-1","max-image-preview":"max-image-preview:large","max-video-preview":"max-video-preview:-1"},"canonical":"https:\/\/urbeamea.ro\/albaiulia\/gastronomia-evului-mediu-din-transilvania-abordata-in-cadrul-unor-expozitii-interactive-de-catre-muzeul-municipal-ioan-raica-din-sebes\/","twitter_card":"summary_large_image","twitter_title":"Gastronomia Evului Mediu din Transilvania abordat\u0103 \u00een cadrul unor expozi\u0163ii interactive de c\u0103tre Muzeul Municipal Ioan Raica din Sebe\u015f - Revista Urbea Mea - Revista de Alba","twitter_description":"Gastronomia istoric\u0103 \u00eentre \u0219tiin\u021b\u0103 \u0219i reenactment. Despre obiceiurile culinare \u00een Transilvania medieval\u0103 este proiectul cultural c\u00e2\u015ftigat de Muzeul","twitter_image":"https:\/\/urbeamea.ro\/albaiulia\/wp-content\/uploads\/2017\/06\/gastronomia.jpg","twitter_creator":"@urbeameaweb","twitter_site":"@urbeameaweb","schema":{"@context":"https:\/\/schema.org","@graph":[{"@type":"Article","@id":"https:\/\/urbeamea.ro\/albaiulia\/gastronomia-evului-mediu-din-transilvania-abordata-in-cadrul-unor-expozitii-interactive-de-catre-muzeul-municipal-ioan-raica-din-sebes\/#article","isPartOf":{"@id":"https:\/\/urbeamea.ro\/albaiulia\/gastronomia-evului-mediu-din-transilvania-abordata-in-cadrul-unor-expozitii-interactive-de-catre-muzeul-municipal-ioan-raica-din-sebes\/"},"author":{"name":"Bogdan P\u0103unescu","@id":"https:\/\/urbeamea.ro\/albaiulia\/#\/schema\/person\/a115373ce8153754c6b084232d985956"},"headline":"Gastronomia Evului Mediu din Transilvania abordat\u0103 \u00een cadrul unor expozi\u0163ii interactive de c\u0103tre Muzeul Municipal Ioan Raica din Sebe\u015f","datePublished":"2017-06-22T06:17:55+00:00","mainEntityOfPage":{"@id":"https:\/\/urbeamea.ro\/albaiulia\/gastronomia-evului-mediu-din-transilvania-abordata-in-cadrul-unor-expozitii-interactive-de-catre-muzeul-municipal-ioan-raica-din-sebes\/"},"wordCount":486,"commentCount":0,"image":{"@id":"https:\/\/urbeamea.ro\/albaiulia\/gastronomia-evului-mediu-din-transilvania-abordata-in-cadrul-unor-expozitii-interactive-de-catre-muzeul-municipal-ioan-raica-din-sebes\/#primaryimage"},"thumbnailUrl":"https:\/\/urbeamea.ro\/albaiulia\/wp-content\/uploads\/2017\/06\/gastronomia.jpg","articleSection":["\u015etiri Urbane"],"inLanguage":"ro-RO","potentialAction":[{"@type":"CommentAction","name":"Comment","target":["https:\/\/urbeamea.ro\/albaiulia\/gastronomia-evului-mediu-din-transilvania-abordata-in-cadrul-unor-expozitii-interactive-de-catre-muzeul-municipal-ioan-raica-din-sebes\/#respond"]}]},{"@type":"WebPage","@id":"https:\/\/urbeamea.ro\/albaiulia\/gastronomia-evului-mediu-din-transilvania-abordata-in-cadrul-unor-expozitii-interactive-de-catre-muzeul-municipal-ioan-raica-din-sebes\/","url":"https:\/\/urbeamea.ro\/albaiulia\/gastronomia-evului-mediu-din-transilvania-abordata-in-cadrul-unor-expozitii-interactive-de-catre-muzeul-municipal-ioan-raica-din-sebes\/","name":"Gastronomia Evului Mediu din Transilvania abordat\u0103 \u00een cadrul unor expozi\u0163ii interactive de c\u0103tre Muzeul Municipal Ioan Raica din Sebe\u015f - Revista Urbea Mea - Revista de Alba","isPartOf":{"@id":"https:\/\/urbeamea.ro\/albaiulia\/#website"},"primaryImageOfPage":{"@id":"https:\/\/urbeamea.ro\/albaiulia\/gastronomia-evului-mediu-din-transilvania-abordata-in-cadrul-unor-expozitii-interactive-de-catre-muzeul-municipal-ioan-raica-din-sebes\/#primaryimage"},"image":{"@id":"https:\/\/urbeamea.ro\/albaiulia\/gastronomia-evului-mediu-din-transilvania-abordata-in-cadrul-unor-expozitii-interactive-de-catre-muzeul-municipal-ioan-raica-din-sebes\/#primaryimage"},"thumbnailUrl":"https:\/\/urbeamea.ro\/albaiulia\/wp-content\/uploads\/2017\/06\/gastronomia.jpg","datePublished":"2017-06-22T06:17:55+00:00","author":{"@id":"https:\/\/urbeamea.ro\/albaiulia\/#\/schema\/person\/a115373ce8153754c6b084232d985956"},"description":"Gastronomia istoric\u0103 \u00eentre \u0219tiin\u021b\u0103 \u0219i reenactment. Despre obiceiurile culinare \u00een Transilvania medieval\u0103 este proiectul cultural c\u00e2\u015ftigat de Muzeul","breadcrumb":{"@id":"https:\/\/urbeamea.ro\/albaiulia\/gastronomia-evului-mediu-din-transilvania-abordata-in-cadrul-unor-expozitii-interactive-de-catre-muzeul-municipal-ioan-raica-din-sebes\/#breadcrumb"},"inLanguage":"ro-RO","potentialAction":[{"@type":"ReadAction","target":["https:\/\/urbeamea.ro\/albaiulia\/gastronomia-evului-mediu-din-transilvania-abordata-in-cadrul-unor-expozitii-interactive-de-catre-muzeul-municipal-ioan-raica-din-sebes\/"]}]},{"@type":"ImageObject","inLanguage":"ro-RO","@id":"https:\/\/urbeamea.ro\/albaiulia\/gastronomia-evului-mediu-din-transilvania-abordata-in-cadrul-unor-expozitii-interactive-de-catre-muzeul-municipal-ioan-raica-din-sebes\/#primaryimage","url":"https:\/\/urbeamea.ro\/albaiulia\/wp-content\/uploads\/2017\/06\/gastronomia.jpg","contentUrl":"https:\/\/urbeamea.ro\/albaiulia\/wp-content\/uploads\/2017\/06\/gastronomia.jpg","width":1200,"height":742},{"@type":"BreadcrumbList","@id":"https:\/\/urbeamea.ro\/albaiulia\/gastronomia-evului-mediu-din-transilvania-abordata-in-cadrul-unor-expozitii-interactive-de-catre-muzeul-municipal-ioan-raica-din-sebes\/#breadcrumb","itemListElement":[{"@type":"ListItem","position":1,"name":"Prima pagin\u0103","item":"https:\/\/urbeamea.ro\/albaiulia\/"},{"@type":"ListItem","position":2,"name":"Gastronomia Evului Mediu din Transilvania abordat\u0103 \u00een cadrul unor expozi\u0163ii interactive de c\u0103tre Muzeul Municipal Ioan Raica din Sebe\u015f"}]},{"@type":"WebSite","@id":"https:\/\/urbeamea.ro\/albaiulia\/#website","url":"https:\/\/urbeamea.ro\/albaiulia\/","name":"Revista Urbea Mea, Stiri urbane","description":"Evenimente \u0219i \u0219tiri din Alba Iulia, Sebe\u0219, Aiud, Blaj","potentialAction":[{"@type":"SearchAction","target":{"@type":"EntryPoint","urlTemplate":"https:\/\/urbeamea.ro\/albaiulia\/?s={search_term_string}"},"query-input":{"@type":"PropertyValueSpecification","valueRequired":true,"valueName":"search_term_string"}}],"inLanguage":"ro-RO"},{"@type":"Person","@id":"https:\/\/urbeamea.ro\/albaiulia\/#\/schema\/person\/a115373ce8153754c6b084232d985956","name":"Bogdan P\u0103unescu","image":{"@type":"ImageObject","inLanguage":"ro-RO","@id":"https:\/\/secure.gravatar.com\/avatar\/f72aa881b5a32ea110a53aabc2049429e3ff68fcb09d283722d01fbf330e9dd9?s=96&d=mm&r=g","url":"https:\/\/secure.gravatar.com\/avatar\/f72aa881b5a32ea110a53aabc2049429e3ff68fcb09d283722d01fbf330e9dd9?s=96&d=mm&r=g","contentUrl":"https:\/\/secure.gravatar.com\/avatar\/f72aa881b5a32ea110a53aabc2049429e3ff68fcb09d283722d01fbf330e9dd9?s=96&d=mm&r=g","caption":"Bogdan P\u0103unescu"},"description":"\u00cemi place tot ceea ce este legat de web \u015fi ajut la dezvoltarea \u015fi \u00eembun\u0103t\u0103\u0163irea lui prin tot ceea ce fac.","sameAs":["https:\/\/www.artonmedia.ro","https:\/\/www.facebook.com\/bogdanvpaunescu"],"url":"https:\/\/urbeamea.ro\/albaiulia\/author\/bogdan-paunescu\/"}]}},"_links":{"self":[{"href":"https:\/\/urbeamea.ro\/albaiulia\/wp-json\/wp\/v2\/posts\/48177","targetHints":{"allow":["GET"]}}],"collection":[{"href":"https:\/\/urbeamea.ro\/albaiulia\/wp-json\/wp\/v2\/posts"}],"about":[{"href":"https:\/\/urbeamea.ro\/albaiulia\/wp-json\/wp\/v2\/types\/post"}],"author":[{"embeddable":true,"href":"https:\/\/urbeamea.ro\/albaiulia\/wp-json\/wp\/v2\/users\/5"}],"replies":[{"embeddable":true,"href":"https:\/\/urbeamea.ro\/albaiulia\/wp-json\/wp\/v2\/comments?post=48177"}],"version-history":[{"count":0,"href":"https:\/\/urbeamea.ro\/albaiulia\/wp-json\/wp\/v2\/posts\/48177\/revisions"}],"wp:featuredmedia":[{"embeddable":true,"href":"https:\/\/urbeamea.ro\/albaiulia\/wp-json\/wp\/v2\/media\/48178"}],"wp:attachment":[{"href":"https:\/\/urbeamea.ro\/albaiulia\/wp-json\/wp\/v2\/media?parent=48177"}],"wp:term":[{"taxonomy":"category","embeddable":true,"href":"https:\/\/urbeamea.ro\/albaiulia\/wp-json\/wp\/v2\/categories?post=48177"},{"taxonomy":"post_tag","embeddable":true,"href":"https:\/\/urbeamea.ro\/albaiulia\/wp-json\/wp\/v2\/tags?post=48177"}],"curies":[{"name":"wp","href":"https:\/\/api.w.org\/{rel}","templated":true}]}}