{"id":48262,"date":"2017-06-23T14:23:23","date_gmt":"2017-06-23T11:23:23","guid":{"rendered":"https:\/\/urbeamea.ro\/albaiulia\/?p=48262"},"modified":"2017-06-23T14:23:23","modified_gmt":"2017-06-23T11:23:23","slug":"foto-administratia-locala-din-sebes-premiaza-veteranii-si-vaduvele-de-razboi-pemiile-au-fost-inmanate-personal-de-primarul-dorin-nistor","status":"publish","type":"post","link":"https:\/\/urbeamea.ro\/albaiulia\/foto-administratia-locala-din-sebes-premiaza-veteranii-si-vaduvele-de-razboi-pemiile-au-fost-inmanate-personal-de-primarul-dorin-nistor\/","title":{"rendered":"FOTO: Administra\u021bia local\u0103 din Sebe\u0219 premiaz\u0103 veteranii \u0219i v\u0103duvele de r\u0103zboi. Pemiile au fost \u00eenm\u00e2nate personal de primarul Dorin Nistor"},"content":{"rendered":"<p><strong>Printr-un proiect al primarului municipiului Sebe\u0219, Dorin Nistor, supus aprob\u0103rii Consiliului Local, a fost alocat un buget de circa 14.000 lei pentru premierea veteranilor de r\u0103zboi \u015fi a v\u0103duvelor veteranilor de r\u0103zboi.<\/strong><\/p>\n<p>Av\u00e2nd \u00een vedere v\u00e2rsta \u00eenaintat\u0103 \u015fi starea \u015fubred\u0103 de s\u0103n\u0103tate a celor mai mul\u0163i beneficiari, primarul Dorin Nistor a dorit s\u0103 se deplaseze personal la domiciliul acestora pentru a le \u00eenm\u00e2na premiile \u015fi pentru a le transmite un mesaj de mul\u0163umire din partea comunit\u0103\u0163ii, transmite Prim\u0103ria Sebe\u0219.<\/p>\n<p>Premiile se acord\u0103 \u00een baza unor cereri depuse la sediul vechi al Prim\u0103riei Sebe\u015f, situat \u00een Pia\u0163a Prim\u0103riei nr. 1. Cererile trebuie s\u0103 fie \u00eenso\u0163ite de o copie a buletinului sau a c\u0103r\u021bii de identitate \u0219i o copie a legitima\u021biei de veteran de r\u0103zboi.<em>\u00a0<\/em>P\u00e2n\u0103 la aceast\u0103 dat\u0103, au fost \u00eenregistrate 41 de cereri, invita\u0163ia de a depune documentele indicate r\u0103m\u00e2n\u00e2nd deschis\u0103.<\/p>\n<p>Pentru orice alte detalii suplimentare, persoanele interesate se pot adresa biroului de Rela\u0163ii Publice, utiliz\u00e2nd urm\u0103toarele date de contact: telefon: 0258\u00a0 731006, 731004, 0358401146, 0358401147, fax: 0258 734187, www.primariasebes.ro, e-mail: sebespri@yahoo.com, Facebook\/Primaria Municipiului Sebe\u015f.Reamintim programul de lucru cu publicul: Luni: ora 8:30 \u2013 ora 18:30; Mar\u0163i, miercuri, joi: ora 8:30 \u2013 ora 17:00; Vineri: ora 8:30 \u2013 ora 16:30.<\/p>\n<div id='gallery-1' class='gallery galleryid-48262 gallery-columns-3 gallery-size-thumbnail'><figure class='gallery-item'>\n\t\t\t<div class='gallery-icon landscape'>\n\t\t\t\t<a href='https:\/\/urbeamea.ro\/albaiulia\/wp-content\/uploads\/2017\/06\/IMG_3922.jpg'><img decoding=\"async\" width=\"150\" height=\"113\" src=\"data:image\/png;base64,iVBORw0KGgoAAAANSUhEUgAAAYYAAADcAQMAAABOLJSDAAAAA1BMVEUAAACnej3aAAAAAXRSTlMAQObYZgAAACJJREFUaIHtwTEBAAAAwqD1T20ND6AAAAAAAAAAAAAA4N8AKvgAAUFIrrEAAAAASUVORK5CYII=\" class=\"attachment-thumbnail size-thumbnail lazy-img\" alt=\"\" srcset=\"https:\/\/urbeamea.ro\/albaiulia\/wp-content\/uploads\/2017\/06\/IMG_3922-150x113.jpg 150w, https:\/\/urbeamea.ro\/albaiulia\/wp-content\/uploads\/2017\/06\/IMG_3922-640x480.jpg 640w, https:\/\/urbeamea.ro\/albaiulia\/wp-content\/uploads\/2017\/06\/IMG_3922-768x576.jpg 768w, https:\/\/urbeamea.ro\/albaiulia\/wp-content\/uploads\/2017\/06\/IMG_3922.jpg 1200w\" sizes=\"auto, (max-width: 150px) 100vw, 150px\" data-src=\"https:\/\/urbeamea.ro\/albaiulia\/wp-content\/uploads\/2017\/06\/IMG_3922-150x113.jpg\" loading=\"lazy\" \/><\/a>\n\t\t\t<\/div><\/figure><figure class='gallery-item'>\n\t\t\t<div class='gallery-icon portrait'>\n\t\t\t\t<a href='https:\/\/urbeamea.ro\/albaiulia\/wp-content\/uploads\/2017\/06\/IMG_3930.jpg'><img decoding=\"async\" width=\"113\" height=\"150\" src=\"data:image\/png;base64,iVBORw0KGgoAAAANSUhEUgAAAYYAAADcAQMAAABOLJSDAAAAA1BMVEUAAACnej3aAAAAAXRSTlMAQObYZgAAACJJREFUaIHtwTEBAAAAwqD1T20ND6AAAAAAAAAAAAAA4N8AKvgAAUFIrrEAAAAASUVORK5CYII=\" class=\"attachment-thumbnail size-thumbnail lazy-img\" alt=\"\" srcset=\"https:\/\/urbeamea.ro\/albaiulia\/wp-content\/uploads\/2017\/06\/IMG_3930-113x150.jpg 113w, https:\/\/urbeamea.ro\/albaiulia\/wp-content\/uploads\/2017\/06\/IMG_3930-480x640.jpg 480w, https:\/\/urbeamea.ro\/albaiulia\/wp-content\/uploads\/2017\/06\/IMG_3930-768x1024.jpg 768w, https:\/\/urbeamea.ro\/albaiulia\/wp-content\/uploads\/2017\/06\/IMG_3930.jpg 900w\" sizes=\"auto, (max-width: 113px) 100vw, 113px\" data-src=\"https:\/\/urbeamea.ro\/albaiulia\/wp-content\/uploads\/2017\/06\/IMG_3930-113x150.jpg\" loading=\"lazy\" \/><\/a>\n\t\t\t<\/div><\/figure><figure class='gallery-item'>\n\t\t\t<div class='gallery-icon portrait'>\n\t\t\t\t<a href='https:\/\/urbeamea.ro\/albaiulia\/wp-content\/uploads\/2017\/06\/IMG_3933.jpg'><img decoding=\"async\" width=\"113\" height=\"150\" src=\"data:image\/png;base64,iVBORw0KGgoAAAANSUhEUgAAAYYAAADcAQMAAABOLJSDAAAAA1BMVEUAAACnej3aAAAAAXRSTlMAQObYZgAAACJJREFUaIHtwTEBAAAAwqD1T20ND6AAAAAAAAAAAAAA4N8AKvgAAUFIrrEAAAAASUVORK5CYII=\" class=\"attachment-thumbnail size-thumbnail lazy-img\" alt=\"\" srcset=\"https:\/\/urbeamea.ro\/albaiulia\/wp-content\/uploads\/2017\/06\/IMG_3933-113x150.jpg 113w, https:\/\/urbeamea.ro\/albaiulia\/wp-content\/uploads\/2017\/06\/IMG_3933-480x640.jpg 480w, https:\/\/urbeamea.ro\/albaiulia\/wp-content\/uploads\/2017\/06\/IMG_3933-768x1024.jpg 768w, https:\/\/urbeamea.ro\/albaiulia\/wp-content\/uploads\/2017\/06\/IMG_3933.jpg 900w\" sizes=\"auto, (max-width: 113px) 100vw, 113px\" data-src=\"https:\/\/urbeamea.ro\/albaiulia\/wp-content\/uploads\/2017\/06\/IMG_3933-113x150.jpg\" loading=\"lazy\" \/><\/a>\n\t\t\t<\/div><\/figure><figure class='gallery-item'>\n\t\t\t<div class='gallery-icon portrait'>\n\t\t\t\t<a href='https:\/\/urbeamea.ro\/albaiulia\/wp-content\/uploads\/2017\/06\/IMG_3951.jpg'><img decoding=\"async\" width=\"113\" height=\"150\" src=\"data:image\/png;base64,iVBORw0KGgoAAAANSUhEUgAAAYYAAADcAQMAAABOLJSDAAAAA1BMVEUAAACnej3aAAAAAXRSTlMAQObYZgAAACJJREFUaIHtwTEBAAAAwqD1T20ND6AAAAAAAAAAAAAA4N8AKvgAAUFIrrEAAAAASUVORK5CYII=\" class=\"attachment-thumbnail size-thumbnail lazy-img\" alt=\"\" srcset=\"https:\/\/urbeamea.ro\/albaiulia\/wp-content\/uploads\/2017\/06\/IMG_3951-113x150.jpg 113w, https:\/\/urbeamea.ro\/albaiulia\/wp-content\/uploads\/2017\/06\/IMG_3951-480x640.jpg 480w, https:\/\/urbeamea.ro\/albaiulia\/wp-content\/uploads\/2017\/06\/IMG_3951-768x1024.jpg 768w, https:\/\/urbeamea.ro\/albaiulia\/wp-content\/uploads\/2017\/06\/IMG_3951.jpg 900w\" sizes=\"auto, (max-width: 113px) 100vw, 113px\" data-src=\"https:\/\/urbeamea.ro\/albaiulia\/wp-content\/uploads\/2017\/06\/IMG_3951-113x150.jpg\" loading=\"lazy\" \/><\/a>\n\t\t\t<\/div><\/figure><figure class='gallery-item'>\n\t\t\t<div class='gallery-icon portrait'>\n\t\t\t\t<a href='https:\/\/urbeamea.ro\/albaiulia\/wp-content\/uploads\/2017\/06\/IMG_3955.jpg'><img decoding=\"async\" width=\"113\" height=\"150\" src=\"data:image\/png;base64,iVBORw0KGgoAAAANSUhEUgAAAYYAAADcAQMAAABOLJSDAAAAA1BMVEUAAACnej3aAAAAAXRSTlMAQObYZgAAACJJREFUaIHtwTEBAAAAwqD1T20ND6AAAAAAAAAAAAAA4N8AKvgAAUFIrrEAAAAASUVORK5CYII=\" class=\"attachment-thumbnail size-thumbnail lazy-img\" alt=\"\" srcset=\"https:\/\/urbeamea.ro\/albaiulia\/wp-content\/uploads\/2017\/06\/IMG_3955-113x150.jpg 113w, https:\/\/urbeamea.ro\/albaiulia\/wp-content\/uploads\/2017\/06\/IMG_3955-480x640.jpg 480w, https:\/\/urbeamea.ro\/albaiulia\/wp-content\/uploads\/2017\/06\/IMG_3955-768x1024.jpg 768w, https:\/\/urbeamea.ro\/albaiulia\/wp-content\/uploads\/2017\/06\/IMG_3955.jpg 900w\" sizes=\"auto, (max-width: 113px) 100vw, 113px\" data-src=\"https:\/\/urbeamea.ro\/albaiulia\/wp-content\/uploads\/2017\/06\/IMG_3955-113x150.jpg\" loading=\"lazy\" \/><\/a>\n\t\t\t<\/div><\/figure><figure class='gallery-item'>\n\t\t\t<div class='gallery-icon portrait'>\n\t\t\t\t<a href='https:\/\/urbeamea.ro\/albaiulia\/wp-content\/uploads\/2017\/06\/IMG_3956.jpg'><img decoding=\"async\" width=\"113\" height=\"150\" src=\"data:image\/png;base64,iVBORw0KGgoAAAANSUhEUgAAAYYAAADcAQMAAABOLJSDAAAAA1BMVEUAAACnej3aAAAAAXRSTlMAQObYZgAAACJJREFUaIHtwTEBAAAAwqD1T20ND6AAAAAAAAAAAAAA4N8AKvgAAUFIrrEAAAAASUVORK5CYII=\" class=\"attachment-thumbnail size-thumbnail lazy-img\" alt=\"\" srcset=\"https:\/\/urbeamea.ro\/albaiulia\/wp-content\/uploads\/2017\/06\/IMG_3956-113x150.jpg 113w, https:\/\/urbeamea.ro\/albaiulia\/wp-content\/uploads\/2017\/06\/IMG_3956-480x640.jpg 480w, https:\/\/urbeamea.ro\/albaiulia\/wp-content\/uploads\/2017\/06\/IMG_3956-768x1024.jpg 768w, https:\/\/urbeamea.ro\/albaiulia\/wp-content\/uploads\/2017\/06\/IMG_3956.jpg 900w\" sizes=\"auto, (max-width: 113px) 100vw, 113px\" data-src=\"https:\/\/urbeamea.ro\/albaiulia\/wp-content\/uploads\/2017\/06\/IMG_3956-113x150.jpg\" loading=\"lazy\" \/><\/a>\n\t\t\t<\/div><\/figure><figure class='gallery-item'>\n\t\t\t<div class='gallery-icon portrait'>\n\t\t\t\t<a href='https:\/\/urbeamea.ro\/albaiulia\/wp-content\/uploads\/2017\/06\/IMG_3959.jpg'><img decoding=\"async\" width=\"113\" height=\"150\" src=\"data:image\/png;base64,iVBORw0KGgoAAAANSUhEUgAAAYYAAADcAQMAAABOLJSDAAAAA1BMVEUAAACnej3aAAAAAXRSTlMAQObYZgAAACJJREFUaIHtwTEBAAAAwqD1T20ND6AAAAAAAAAAAAAA4N8AKvgAAUFIrrEAAAAASUVORK5CYII=\" class=\"attachment-thumbnail size-thumbnail lazy-img\" alt=\"\" srcset=\"https:\/\/urbeamea.ro\/albaiulia\/wp-content\/uploads\/2017\/06\/IMG_3959-113x150.jpg 113w, https:\/\/urbeamea.ro\/albaiulia\/wp-content\/uploads\/2017\/06\/IMG_3959-480x640.jpg 480w, https:\/\/urbeamea.ro\/albaiulia\/wp-content\/uploads\/2017\/06\/IMG_3959-768x1024.jpg 768w, https:\/\/urbeamea.ro\/albaiulia\/wp-content\/uploads\/2017\/06\/IMG_3959.jpg 900w\" sizes=\"auto, (max-width: 113px) 100vw, 113px\" data-src=\"https:\/\/urbeamea.ro\/albaiulia\/wp-content\/uploads\/2017\/06\/IMG_3959-113x150.jpg\" loading=\"lazy\" \/><\/a>\n\t\t\t<\/div><\/figure><figure class='gallery-item'>\n\t\t\t<div class='gallery-icon portrait'>\n\t\t\t\t<a href='https:\/\/urbeamea.ro\/albaiulia\/wp-content\/uploads\/2017\/06\/IMG_3964.jpg'><img decoding=\"async\" width=\"113\" height=\"150\" src=\"data:image\/png;base64,iVBORw0KGgoAAAANSUhEUgAAAYYAAADcAQMAAABOLJSDAAAAA1BMVEUAAACnej3aAAAAAXRSTlMAQObYZgAAACJJREFUaIHtwTEBAAAAwqD1T20ND6AAAAAAAAAAAAAA4N8AKvgAAUFIrrEAAAAASUVORK5CYII=\" class=\"attachment-thumbnail size-thumbnail lazy-img\" alt=\"\" srcset=\"https:\/\/urbeamea.ro\/albaiulia\/wp-content\/uploads\/2017\/06\/IMG_3964-113x150.jpg 113w, https:\/\/urbeamea.ro\/albaiulia\/wp-content\/uploads\/2017\/06\/IMG_3964-480x640.jpg 480w, https:\/\/urbeamea.ro\/albaiulia\/wp-content\/uploads\/2017\/06\/IMG_3964-768x1024.jpg 768w, https:\/\/urbeamea.ro\/albaiulia\/wp-content\/uploads\/2017\/06\/IMG_3964.jpg 900w\" sizes=\"auto, (max-width: 113px) 100vw, 113px\" data-src=\"https:\/\/urbeamea.ro\/albaiulia\/wp-content\/uploads\/2017\/06\/IMG_3964-113x150.jpg\" loading=\"lazy\" \/><\/a>\n\t\t\t<\/div><\/figure>\n\t\t<\/div>\n\n","protected":false},"excerpt":{"rendered":"<p>Printr-un proiect al primarului municipiului Sebe\u0219, Dorin Nistor, supus aprob\u0103rii Consiliului Local, a fost alocat un buget de circa 14.000 lei pentru premierea veteranilor de r\u0103zboi \u015fi a v\u0103duvelor veteranilor de r\u0103zboi. Av\u00e2nd \u00een vedere v\u00e2rsta \u00eenaintat\u0103 \u015fi starea \u015fubred\u0103 de s\u0103n\u0103tate a celor mai mul\u0163i beneficiari, primarul Dorin Nistor a dorit s\u0103 se deplaseze &hellip;<\/p>\n","protected":false},"author":17,"featured_media":48267,"comment_status":"open","ping_status":"open","sticky":false,"template":"","format":"standard","meta":{"inline_featured_image":false,"footnotes":""},"categories":[2035],"tags":[307,8390,309,489,1223,308,76,11531,11530],"class_list":["post-48262","post","type-post","status-publish","format-standard","has-post-thumbnail","hentry","category-administratie","tag-alba","tag-dorin-nistor","tag-premii","tag-primar","tag-sebes","tag-stiri","tag-urbea-mea","tag-vaduve","tag-veteranii-de-razboi"],"yoast_head":"<!-- This site is optimized with the Yoast SEO plugin v28.3 - https:\/\/yoast.com\/product\/yoast-seo-wordpress\/ -->\n<title>FOTO: Administra\u021bia local\u0103 din Sebe\u0219 premiaz\u0103 veteranii \u0219i v\u0103duvele de r\u0103zboi. Pemiile au fost \u00eenm\u00e2nate personal de primarul Dorin Nistor - Revista Urbea Mea - Revista de Alba<\/title>\n<meta name=\"description\" content=\"Printr-un proiect al primarului municipiului Sebe\u0219, Dorin Nistor, supus aprob\u0103rii Consiliului Local, a fost alocat un buget de circa 14.000 lei pentru\" \/>\n<meta name=\"robots\" content=\"index, follow, max-snippet:-1, max-image-preview:large, max-video-preview:-1\" \/>\n<link rel=\"canonical\" href=\"https:\/\/urbeamea.ro\/albaiulia\/foto-administratia-locala-din-sebes-premiaza-veteranii-si-vaduvele-de-razboi-pemiile-au-fost-inmanate-personal-de-primarul-dorin-nistor\/\" \/>\n<meta name=\"twitter:card\" content=\"summary_large_image\" \/>\n<meta name=\"twitter:title\" content=\"FOTO: Administra\u021bia local\u0103 din Sebe\u0219 premiaz\u0103 veteranii \u0219i v\u0103duvele de r\u0103zboi. Pemiile au fost \u00eenm\u00e2nate personal de primarul Dorin Nistor - Revista Urbea Mea - Revista de Alba\" \/>\n<meta name=\"twitter:description\" content=\"Printr-un proiect al primarului municipiului Sebe\u0219, Dorin Nistor, supus aprob\u0103rii Consiliului Local, a fost alocat un buget de circa 14.000 lei pentru\" \/>\n<meta name=\"twitter:image\" content=\"https:\/\/urbeamea.ro\/albaiulia\/wp-content\/uploads\/2017\/06\/IMG_3955.jpg\" \/>\n<meta name=\"twitter:creator\" content=\"@urbeameaweb\" \/>\n<meta name=\"twitter:site\" content=\"@urbeameaweb\" \/>\n<script type=\"application\/ld+json\" class=\"yoast-schema-graph\">{\"@context\":\"https:\\\/\\\/schema.org\",\"@graph\":[{\"@type\":\"Article\",\"@id\":\"https:\\\/\\\/urbeamea.ro\\\/albaiulia\\\/foto-administratia-locala-din-sebes-premiaza-veteranii-si-vaduvele-de-razboi-pemiile-au-fost-inmanate-personal-de-primarul-dorin-nistor\\\/#article\",\"isPartOf\":{\"@id\":\"https:\\\/\\\/urbeamea.ro\\\/albaiulia\\\/foto-administratia-locala-din-sebes-premiaza-veteranii-si-vaduvele-de-razboi-pemiile-au-fost-inmanate-personal-de-primarul-dorin-nistor\\\/\"},\"author\":{\"name\":\"Cristina Ganga\",\"@id\":\"https:\\\/\\\/urbeamea.ro\\\/albaiulia\\\/#\\\/schema\\\/person\\\/9700d21fae21c4f038b0b56f4506264a\"},\"headline\":\"FOTO: Administra\u021bia local\u0103 din Sebe\u0219 premiaz\u0103 veteranii \u0219i v\u0103duvele de r\u0103zboi. Pemiile au fost \u00eenm\u00e2nate personal de primarul Dorin Nistor\",\"datePublished\":\"2017-06-23T11:23:23+00:00\",\"mainEntityOfPage\":{\"@id\":\"https:\\\/\\\/urbeamea.ro\\\/albaiulia\\\/foto-administratia-locala-din-sebes-premiaza-veteranii-si-vaduvele-de-razboi-pemiile-au-fost-inmanate-personal-de-primarul-dorin-nistor\\\/\"},\"wordCount\":245,\"commentCount\":0,\"image\":{\"@id\":\"https:\\\/\\\/urbeamea.ro\\\/albaiulia\\\/foto-administratia-locala-din-sebes-premiaza-veteranii-si-vaduvele-de-razboi-pemiile-au-fost-inmanate-personal-de-primarul-dorin-nistor\\\/#primaryimage\"},\"thumbnailUrl\":\"https:\\\/\\\/urbeamea.ro\\\/albaiulia\\\/wp-content\\\/uploads\\\/2017\\\/06\\\/IMG_3955.jpg\",\"keywords\":[\"alba\",\"dorin nistor\",\"premii\",\"primar\",\"sebes\",\"stiri\",\"Urbea Mea\",\"vaduve\",\"veteranii de razboi\"],\"articleSection\":[\"Administra\u021bie\"],\"inLanguage\":\"ro-RO\",\"potentialAction\":[{\"@type\":\"CommentAction\",\"name\":\"Comment\",\"target\":[\"https:\\\/\\\/urbeamea.ro\\\/albaiulia\\\/foto-administratia-locala-din-sebes-premiaza-veteranii-si-vaduvele-de-razboi-pemiile-au-fost-inmanate-personal-de-primarul-dorin-nistor\\\/#respond\"]}]},{\"@type\":\"WebPage\",\"@id\":\"https:\\\/\\\/urbeamea.ro\\\/albaiulia\\\/foto-administratia-locala-din-sebes-premiaza-veteranii-si-vaduvele-de-razboi-pemiile-au-fost-inmanate-personal-de-primarul-dorin-nistor\\\/\",\"url\":\"https:\\\/\\\/urbeamea.ro\\\/albaiulia\\\/foto-administratia-locala-din-sebes-premiaza-veteranii-si-vaduvele-de-razboi-pemiile-au-fost-inmanate-personal-de-primarul-dorin-nistor\\\/\",\"name\":\"FOTO: Administra\u021bia local\u0103 din Sebe\u0219 premiaz\u0103 veteranii \u0219i v\u0103duvele de r\u0103zboi. Pemiile au fost \u00eenm\u00e2nate personal de primarul Dorin Nistor - Revista Urbea Mea - Revista de Alba\",\"isPartOf\":{\"@id\":\"https:\\\/\\\/urbeamea.ro\\\/albaiulia\\\/#website\"},\"primaryImageOfPage\":{\"@id\":\"https:\\\/\\\/urbeamea.ro\\\/albaiulia\\\/foto-administratia-locala-din-sebes-premiaza-veteranii-si-vaduvele-de-razboi-pemiile-au-fost-inmanate-personal-de-primarul-dorin-nistor\\\/#primaryimage\"},\"image\":{\"@id\":\"https:\\\/\\\/urbeamea.ro\\\/albaiulia\\\/foto-administratia-locala-din-sebes-premiaza-veteranii-si-vaduvele-de-razboi-pemiile-au-fost-inmanate-personal-de-primarul-dorin-nistor\\\/#primaryimage\"},\"thumbnailUrl\":\"https:\\\/\\\/urbeamea.ro\\\/albaiulia\\\/wp-content\\\/uploads\\\/2017\\\/06\\\/IMG_3955.jpg\",\"datePublished\":\"2017-06-23T11:23:23+00:00\",\"author\":{\"@id\":\"https:\\\/\\\/urbeamea.ro\\\/albaiulia\\\/#\\\/schema\\\/person\\\/9700d21fae21c4f038b0b56f4506264a\"},\"description\":\"Printr-un proiect al primarului municipiului Sebe\u0219, Dorin Nistor, supus aprob\u0103rii Consiliului Local, a fost alocat un buget de circa 14.000 lei pentru\",\"breadcrumb\":{\"@id\":\"https:\\\/\\\/urbeamea.ro\\\/albaiulia\\\/foto-administratia-locala-din-sebes-premiaza-veteranii-si-vaduvele-de-razboi-pemiile-au-fost-inmanate-personal-de-primarul-dorin-nistor\\\/#breadcrumb\"},\"inLanguage\":\"ro-RO\",\"potentialAction\":[{\"@type\":\"ReadAction\",\"target\":[\"https:\\\/\\\/urbeamea.ro\\\/albaiulia\\\/foto-administratia-locala-din-sebes-premiaza-veteranii-si-vaduvele-de-razboi-pemiile-au-fost-inmanate-personal-de-primarul-dorin-nistor\\\/\"]}]},{\"@type\":\"ImageObject\",\"inLanguage\":\"ro-RO\",\"@id\":\"https:\\\/\\\/urbeamea.ro\\\/albaiulia\\\/foto-administratia-locala-din-sebes-premiaza-veteranii-si-vaduvele-de-razboi-pemiile-au-fost-inmanate-personal-de-primarul-dorin-nistor\\\/#primaryimage\",\"url\":\"https:\\\/\\\/urbeamea.ro\\\/albaiulia\\\/wp-content\\\/uploads\\\/2017\\\/06\\\/IMG_3955.jpg\",\"contentUrl\":\"https:\\\/\\\/urbeamea.ro\\\/albaiulia\\\/wp-content\\\/uploads\\\/2017\\\/06\\\/IMG_3955.jpg\",\"width\":900,\"height\":1200},{\"@type\":\"BreadcrumbList\",\"@id\":\"https:\\\/\\\/urbeamea.ro\\\/albaiulia\\\/foto-administratia-locala-din-sebes-premiaza-veteranii-si-vaduvele-de-razboi-pemiile-au-fost-inmanate-personal-de-primarul-dorin-nistor\\\/#breadcrumb\",\"itemListElement\":[{\"@type\":\"ListItem\",\"position\":1,\"name\":\"Prima pagin\u0103\",\"item\":\"https:\\\/\\\/urbeamea.ro\\\/albaiulia\\\/\"},{\"@type\":\"ListItem\",\"position\":2,\"name\":\"FOTO: Administra\u021bia local\u0103 din Sebe\u0219 premiaz\u0103 veteranii \u0219i v\u0103duvele de r\u0103zboi. Pemiile au fost \u00eenm\u00e2nate personal de primarul Dorin Nistor\"}]},{\"@type\":\"WebSite\",\"@id\":\"https:\\\/\\\/urbeamea.ro\\\/albaiulia\\\/#website\",\"url\":\"https:\\\/\\\/urbeamea.ro\\\/albaiulia\\\/\",\"name\":\"Revista Urbea Mea, Stiri urbane\",\"description\":\"Evenimente \u0219i \u0219tiri din Alba Iulia, Sebe\u0219, Aiud, Blaj\",\"potentialAction\":[{\"@type\":\"SearchAction\",\"target\":{\"@type\":\"EntryPoint\",\"urlTemplate\":\"https:\\\/\\\/urbeamea.ro\\\/albaiulia\\\/?s={search_term_string}\"},\"query-input\":{\"@type\":\"PropertyValueSpecification\",\"valueRequired\":true,\"valueName\":\"search_term_string\"}}],\"inLanguage\":\"ro-RO\"},{\"@type\":\"Person\",\"@id\":\"https:\\\/\\\/urbeamea.ro\\\/albaiulia\\\/#\\\/schema\\\/person\\\/9700d21fae21c4f038b0b56f4506264a\",\"name\":\"Cristina Ganga\",\"image\":{\"@type\":\"ImageObject\",\"inLanguage\":\"ro-RO\",\"@id\":\"https:\\\/\\\/secure.gravatar.com\\\/avatar\\\/5a67661041f057b4a8ccaf26f5a8e86e2689372006d01faf3dd9eeb10b654bb4?s=96&d=mm&r=g\",\"url\":\"https:\\\/\\\/secure.gravatar.com\\\/avatar\\\/5a67661041f057b4a8ccaf26f5a8e86e2689372006d01faf3dd9eeb10b654bb4?s=96&d=mm&r=g\",\"contentUrl\":\"https:\\\/\\\/secure.gravatar.com\\\/avatar\\\/5a67661041f057b4a8ccaf26f5a8e86e2689372006d01faf3dd9eeb10b654bb4?s=96&d=mm&r=g\",\"caption\":\"Cristina Ganga\"},\"description\":\"Jurnalist\",\"sameAs\":[\"https:\\\/\\\/www.facebook.com\\\/cristina.nicola.587\"],\"url\":\"https:\\\/\\\/urbeamea.ro\\\/albaiulia\\\/author\\\/cristina-nicola\\\/\"}]}<\/script>\n<!-- \/ Yoast SEO plugin. -->","yoast_head_json":{"title":"FOTO: Administra\u021bia local\u0103 din Sebe\u0219 premiaz\u0103 veteranii \u0219i v\u0103duvele de r\u0103zboi. Pemiile au fost \u00eenm\u00e2nate personal de primarul Dorin Nistor - Revista Urbea Mea - Revista de Alba","description":"Printr-un proiect al primarului municipiului Sebe\u0219, Dorin Nistor, supus aprob\u0103rii Consiliului Local, a fost alocat un buget de circa 14.000 lei pentru","robots":{"index":"index","follow":"follow","max-snippet":"max-snippet:-1","max-image-preview":"max-image-preview:large","max-video-preview":"max-video-preview:-1"},"canonical":"https:\/\/urbeamea.ro\/albaiulia\/foto-administratia-locala-din-sebes-premiaza-veteranii-si-vaduvele-de-razboi-pemiile-au-fost-inmanate-personal-de-primarul-dorin-nistor\/","twitter_card":"summary_large_image","twitter_title":"FOTO: Administra\u021bia local\u0103 din Sebe\u0219 premiaz\u0103 veteranii \u0219i v\u0103duvele de r\u0103zboi. Pemiile au fost \u00eenm\u00e2nate personal de primarul Dorin Nistor - Revista Urbea Mea - Revista de Alba","twitter_description":"Printr-un proiect al primarului municipiului Sebe\u0219, Dorin Nistor, supus aprob\u0103rii Consiliului Local, a fost alocat un buget de circa 14.000 lei pentru","twitter_image":"https:\/\/urbeamea.ro\/albaiulia\/wp-content\/uploads\/2017\/06\/IMG_3955.jpg","twitter_creator":"@urbeameaweb","twitter_site":"@urbeameaweb","schema":{"@context":"https:\/\/schema.org","@graph":[{"@type":"Article","@id":"https:\/\/urbeamea.ro\/albaiulia\/foto-administratia-locala-din-sebes-premiaza-veteranii-si-vaduvele-de-razboi-pemiile-au-fost-inmanate-personal-de-primarul-dorin-nistor\/#article","isPartOf":{"@id":"https:\/\/urbeamea.ro\/albaiulia\/foto-administratia-locala-din-sebes-premiaza-veteranii-si-vaduvele-de-razboi-pemiile-au-fost-inmanate-personal-de-primarul-dorin-nistor\/"},"author":{"name":"Cristina Ganga","@id":"https:\/\/urbeamea.ro\/albaiulia\/#\/schema\/person\/9700d21fae21c4f038b0b56f4506264a"},"headline":"FOTO: Administra\u021bia local\u0103 din Sebe\u0219 premiaz\u0103 veteranii \u0219i v\u0103duvele de r\u0103zboi. Pemiile au fost \u00eenm\u00e2nate personal de primarul Dorin Nistor","datePublished":"2017-06-23T11:23:23+00:00","mainEntityOfPage":{"@id":"https:\/\/urbeamea.ro\/albaiulia\/foto-administratia-locala-din-sebes-premiaza-veteranii-si-vaduvele-de-razboi-pemiile-au-fost-inmanate-personal-de-primarul-dorin-nistor\/"},"wordCount":245,"commentCount":0,"image":{"@id":"https:\/\/urbeamea.ro\/albaiulia\/foto-administratia-locala-din-sebes-premiaza-veteranii-si-vaduvele-de-razboi-pemiile-au-fost-inmanate-personal-de-primarul-dorin-nistor\/#primaryimage"},"thumbnailUrl":"https:\/\/urbeamea.ro\/albaiulia\/wp-content\/uploads\/2017\/06\/IMG_3955.jpg","keywords":["alba","dorin nistor","premii","primar","sebes","stiri","Urbea Mea","vaduve","veteranii de razboi"],"articleSection":["Administra\u021bie"],"inLanguage":"ro-RO","potentialAction":[{"@type":"CommentAction","name":"Comment","target":["https:\/\/urbeamea.ro\/albaiulia\/foto-administratia-locala-din-sebes-premiaza-veteranii-si-vaduvele-de-razboi-pemiile-au-fost-inmanate-personal-de-primarul-dorin-nistor\/#respond"]}]},{"@type":"WebPage","@id":"https:\/\/urbeamea.ro\/albaiulia\/foto-administratia-locala-din-sebes-premiaza-veteranii-si-vaduvele-de-razboi-pemiile-au-fost-inmanate-personal-de-primarul-dorin-nistor\/","url":"https:\/\/urbeamea.ro\/albaiulia\/foto-administratia-locala-din-sebes-premiaza-veteranii-si-vaduvele-de-razboi-pemiile-au-fost-inmanate-personal-de-primarul-dorin-nistor\/","name":"FOTO: Administra\u021bia local\u0103 din Sebe\u0219 premiaz\u0103 veteranii \u0219i v\u0103duvele de r\u0103zboi. Pemiile au fost \u00eenm\u00e2nate personal de primarul Dorin Nistor - Revista Urbea Mea - Revista de Alba","isPartOf":{"@id":"https:\/\/urbeamea.ro\/albaiulia\/#website"},"primaryImageOfPage":{"@id":"https:\/\/urbeamea.ro\/albaiulia\/foto-administratia-locala-din-sebes-premiaza-veteranii-si-vaduvele-de-razboi-pemiile-au-fost-inmanate-personal-de-primarul-dorin-nistor\/#primaryimage"},"image":{"@id":"https:\/\/urbeamea.ro\/albaiulia\/foto-administratia-locala-din-sebes-premiaza-veteranii-si-vaduvele-de-razboi-pemiile-au-fost-inmanate-personal-de-primarul-dorin-nistor\/#primaryimage"},"thumbnailUrl":"https:\/\/urbeamea.ro\/albaiulia\/wp-content\/uploads\/2017\/06\/IMG_3955.jpg","datePublished":"2017-06-23T11:23:23+00:00","author":{"@id":"https:\/\/urbeamea.ro\/albaiulia\/#\/schema\/person\/9700d21fae21c4f038b0b56f4506264a"},"description":"Printr-un proiect al primarului municipiului Sebe\u0219, Dorin Nistor, supus aprob\u0103rii Consiliului Local, a fost alocat un buget de circa 14.000 lei pentru","breadcrumb":{"@id":"https:\/\/urbeamea.ro\/albaiulia\/foto-administratia-locala-din-sebes-premiaza-veteranii-si-vaduvele-de-razboi-pemiile-au-fost-inmanate-personal-de-primarul-dorin-nistor\/#breadcrumb"},"inLanguage":"ro-RO","potentialAction":[{"@type":"ReadAction","target":["https:\/\/urbeamea.ro\/albaiulia\/foto-administratia-locala-din-sebes-premiaza-veteranii-si-vaduvele-de-razboi-pemiile-au-fost-inmanate-personal-de-primarul-dorin-nistor\/"]}]},{"@type":"ImageObject","inLanguage":"ro-RO","@id":"https:\/\/urbeamea.ro\/albaiulia\/foto-administratia-locala-din-sebes-premiaza-veteranii-si-vaduvele-de-razboi-pemiile-au-fost-inmanate-personal-de-primarul-dorin-nistor\/#primaryimage","url":"https:\/\/urbeamea.ro\/albaiulia\/wp-content\/uploads\/2017\/06\/IMG_3955.jpg","contentUrl":"https:\/\/urbeamea.ro\/albaiulia\/wp-content\/uploads\/2017\/06\/IMG_3955.jpg","width":900,"height":1200},{"@type":"BreadcrumbList","@id":"https:\/\/urbeamea.ro\/albaiulia\/foto-administratia-locala-din-sebes-premiaza-veteranii-si-vaduvele-de-razboi-pemiile-au-fost-inmanate-personal-de-primarul-dorin-nistor\/#breadcrumb","itemListElement":[{"@type":"ListItem","position":1,"name":"Prima pagin\u0103","item":"https:\/\/urbeamea.ro\/albaiulia\/"},{"@type":"ListItem","position":2,"name":"FOTO: Administra\u021bia local\u0103 din Sebe\u0219 premiaz\u0103 veteranii \u0219i v\u0103duvele de r\u0103zboi. Pemiile au fost \u00eenm\u00e2nate personal de primarul Dorin Nistor"}]},{"@type":"WebSite","@id":"https:\/\/urbeamea.ro\/albaiulia\/#website","url":"https:\/\/urbeamea.ro\/albaiulia\/","name":"Revista Urbea Mea, Stiri urbane","description":"Evenimente \u0219i \u0219tiri din Alba Iulia, Sebe\u0219, Aiud, Blaj","potentialAction":[{"@type":"SearchAction","target":{"@type":"EntryPoint","urlTemplate":"https:\/\/urbeamea.ro\/albaiulia\/?s={search_term_string}"},"query-input":{"@type":"PropertyValueSpecification","valueRequired":true,"valueName":"search_term_string"}}],"inLanguage":"ro-RO"},{"@type":"Person","@id":"https:\/\/urbeamea.ro\/albaiulia\/#\/schema\/person\/9700d21fae21c4f038b0b56f4506264a","name":"Cristina Ganga","image":{"@type":"ImageObject","inLanguage":"ro-RO","@id":"https:\/\/secure.gravatar.com\/avatar\/5a67661041f057b4a8ccaf26f5a8e86e2689372006d01faf3dd9eeb10b654bb4?s=96&d=mm&r=g","url":"https:\/\/secure.gravatar.com\/avatar\/5a67661041f057b4a8ccaf26f5a8e86e2689372006d01faf3dd9eeb10b654bb4?s=96&d=mm&r=g","contentUrl":"https:\/\/secure.gravatar.com\/avatar\/5a67661041f057b4a8ccaf26f5a8e86e2689372006d01faf3dd9eeb10b654bb4?s=96&d=mm&r=g","caption":"Cristina Ganga"},"description":"Jurnalist","sameAs":["https:\/\/www.facebook.com\/cristina.nicola.587"],"url":"https:\/\/urbeamea.ro\/albaiulia\/author\/cristina-nicola\/"}]}},"_links":{"self":[{"href":"https:\/\/urbeamea.ro\/albaiulia\/wp-json\/wp\/v2\/posts\/48262","targetHints":{"allow":["GET"]}}],"collection":[{"href":"https:\/\/urbeamea.ro\/albaiulia\/wp-json\/wp\/v2\/posts"}],"about":[{"href":"https:\/\/urbeamea.ro\/albaiulia\/wp-json\/wp\/v2\/types\/post"}],"author":[{"embeddable":true,"href":"https:\/\/urbeamea.ro\/albaiulia\/wp-json\/wp\/v2\/users\/17"}],"replies":[{"embeddable":true,"href":"https:\/\/urbeamea.ro\/albaiulia\/wp-json\/wp\/v2\/comments?post=48262"}],"version-history":[{"count":0,"href":"https:\/\/urbeamea.ro\/albaiulia\/wp-json\/wp\/v2\/posts\/48262\/revisions"}],"wp:featuredmedia":[{"embeddable":true,"href":"https:\/\/urbeamea.ro\/albaiulia\/wp-json\/wp\/v2\/media\/48267"}],"wp:attachment":[{"href":"https:\/\/urbeamea.ro\/albaiulia\/wp-json\/wp\/v2\/media?parent=48262"}],"wp:term":[{"taxonomy":"category","embeddable":true,"href":"https:\/\/urbeamea.ro\/albaiulia\/wp-json\/wp\/v2\/categories?post=48262"},{"taxonomy":"post_tag","embeddable":true,"href":"https:\/\/urbeamea.ro\/albaiulia\/wp-json\/wp\/v2\/tags?post=48262"}],"curies":[{"name":"wp","href":"https:\/\/api.w.org\/{rel}","templated":true}]}}