{"id":48877,"date":"2017-07-01T15:36:13","date_gmt":"2017-07-01T12:36:13","guid":{"rendered":"https:\/\/urbeamea.ro\/albaiulia\/?p=48877"},"modified":"2017-07-01T15:36:13","modified_gmt":"2017-07-01T12:36:13","slug":"cod-galben-si-portocaliu-de-furtuni-in-alba-si-alte-judete-pana-luni-seara","status":"publish","type":"post","link":"https:\/\/urbeamea.ro\/albaiulia\/cod-galben-si-portocaliu-de-furtuni-in-alba-si-alte-judete-pana-luni-seara\/","title":{"rendered":"Cod Galben \u015fi Portocaliu de furtuni, \u00een Alba \u015fi alte jude\u0163e, p\u00e2n\u0103 luni seara"},"content":{"rendered":"<p><strong>Administra\u0163ia Na\u0163ional\u0103 de Meteorologie a emis avertiz\u0103ri meteo de furtuni, valabile de s\u00e2mb\u0103t\u0103 seara \u015fi \u00een jude\u0163ul Alba.<\/strong><\/p>\n<p><strong>De s\u00e2mb\u0103t\u0103 1 iulie, ora 21.00 p\u00e2n\u0103 duminic\u0103, 2 iulie, ora 9.00, va fi Cod Galben<\/strong> de instabilitate atmosferic\u0103.<\/p>\n<p>\u00cen sudul Banatului, local \u00een Transilvania \u0219i Moldova, precum \u0219i \u00een zona Carpa\u021bilor Meridionali \u0219i \u00een cea mai mare parte a Orientalilor vor fi intervale cu instabilitate atmosferic\u0103 accentuat\u0103 ce se va manifesta prin intensific\u0103ri ale v\u00e2ntului cu aspect de vijelie, frecvente desc\u0103rc\u0103ri electrice, averse ce vor avea \u0219i caracter toren\u021bial \u0219i c\u0103deri de grindin\u0103.<\/p>\n<p>Cantit\u0103\u0163ile de ap\u0103 vor dep\u0103\u015fi 15-20 l\/mp \u0219i punctiform 35-45 l\/mp.<\/p>\n<p>Astfel de fenomene se vor semnala pe arii mai restr\u00e2nse \u0219i \u00een restul teritoriului, cu prec\u0103dere \u00een nordul Olteniei \u0219i al Munteniei.<\/p>\n<p>Pe arii extinse \u00een sudul \u0219i \u00een sud-estul \u021b\u0103rii valorile termice vor caracteriza \u00een continuare o noapte tropical\u0103, cu temperaturi minime ce nu vor cobor\u00ee sub 20 de grade, iar disconfortul termic va fi \u00eenc\u0103 ridicat.<\/p>\n<p><img loading=\"lazy\" decoding=\"async\" class=\"alignnone size-medium wp-image-48879\" src=\"https:\/\/urbeamea.ro\/albaiulia\/wp-content\/uploads\/2017\/07\/cod-portocaliu-3-iulie-640x449.jpg\" alt=\"\" width=\"640\" height=\"449\" srcset=\"https:\/\/urbeamea.ro\/albaiulia\/wp-content\/uploads\/2017\/07\/cod-portocaliu-3-iulie-640x449.jpg 640w, https:\/\/urbeamea.ro\/albaiulia\/wp-content\/uploads\/2017\/07\/cod-portocaliu-3-iulie-150x105.jpg 150w, https:\/\/urbeamea.ro\/albaiulia\/wp-content\/uploads\/2017\/07\/cod-portocaliu-3-iulie-768x539.jpg 768w, https:\/\/urbeamea.ro\/albaiulia\/wp-content\/uploads\/2017\/07\/cod-portocaliu-3-iulie.jpg 800w\" sizes=\"auto, (max-width: 640px) 100vw, 640px\" \/><\/p>\n<p><strong>De duminic\u0103, 2 iulie, ora 20.00 p\u00e2n\u0103 luni, 3 iulie, ora 23.00, va fi Cod Portocaliu<\/strong> de instabilitate atmosferic\u0103 deosebit de accentuat\u0103 \u015fi ploi \u00eensemnate cantitativ.<\/p>\n<p>\u00cen cursul nop\u021bii de duminic\u0103 spre luni (2\/3 iulie) \u0219i pe parcursul zilei de luni, \u00een jude\u021bele Gorj, V\u00e2lcea, Mehedin\u021bi, Dolj, Olt, Arge\u0219, D\u00e2mbovi\u021ba, Prahova, Teleorman \u0219i zona de munte a jude\u021belor Hunedoara, Alba, Sibiu, Bra\u0219ov, Covasna \u0219i Buz\u0103u instabilitatea atmosferic\u0103 va fi deosebit de accentuat\u0103 \u0219i se va manifesta prin averse toren\u021biale, frecvente desc\u0103rc\u0103ri electrice, intensific\u0103ri ale v\u00e2ntului cu aspect de vijelie \u0219i c\u0103deri de grindin\u0103.<\/p>\n<p>\u00cen intervale scurte de timp sau prin cumulare se vor \u00eenregistra cantit\u0103\u021bi de ap\u0103 de 50-70 l\/mp \u0219i pe arii restr\u00e2nse 80-90 l\/mp.<\/p>\n<p>Duminic\u0103 \u015fi luni, va fi Cod Galben: \u00een sudul Banatului, jum\u0103tatea estic\u0103 a Munteniei, \u00een cea mai mare parte a Moldovei \u0219i local \u00een Transilvania temporar instabilitatea atmosferic\u0103 va fi accentuat\u0103 \u0219i se vor \u00eenregistra, \u00een intervale scurte de timp sau prin cumulare, cantit\u0103\u0163i de ap\u0103 \u00een general \u00eentre 25 \u0219i 50 l\/mp.<\/p>\n<p>Duminic\u0103 2 iulie, \u00een sudul extrem al \u021b\u0103rii indicele temperatur\u0103-umezeal\u0103 (ITU) se va apropia la orele amiezii de pragul critic de 80 de unit\u0103\u021bi.<\/p>\n<p><em>sursa: meteoromania.ro<\/em><\/p>\n","protected":false},"excerpt":{"rendered":"<p>Administra\u0163ia Na\u0163ional\u0103 de Meteorologie a emis avertiz\u0103ri meteo de furtuni, valabile de s\u00e2mb\u0103t\u0103 seara \u015fi \u00een jude\u0163ul Alba. De s\u00e2mb\u0103t\u0103 1 iulie, ora 21.00 p\u00e2n\u0103 duminic\u0103, 2 iulie, ora 9.00, va fi Cod Galben de instabilitate atmosferic\u0103. \u00cen sudul Banatului, local \u00een Transilvania \u0219i Moldova, precum \u0219i \u00een zona Carpa\u021bilor Meridionali \u0219i \u00een cea mai &hellip;<\/p>\n","protected":false},"author":17,"featured_media":48878,"comment_status":"open","ping_status":"open","sticky":false,"template":"","format":"standard","meta":{"inline_featured_image":false,"footnotes":""},"categories":[1],"tags":[307,11627,368,1929,5370,308,76],"class_list":["post-48877","post","type-post","status-publish","format-standard","has-post-thumbnail","hentry","category-stiri-urbane","tag-alba","tag-avertzari-meteo","tag-cod-galben","tag-cod-portocaliu","tag-instabilitate-atmosferica","tag-stiri","tag-urbea-mea"],"yoast_head":"<!-- This site is optimized with the Yoast SEO plugin v27.4 - https:\/\/yoast.com\/product\/yoast-seo-wordpress\/ -->\n<title>Cod Galben \u015fi Portocaliu de furtuni, \u00een Alba \u015fi alte jude\u0163e, p\u00e2n\u0103 luni seara - Revista Urbea Mea - Revista de Alba<\/title>\n<meta name=\"description\" content=\"Administra\u0163ia Na\u0163ional\u0103 de Meteorologie a emis avertiz\u0103ri meteo de furtuni, valabile de s\u00e2mb\u0103t\u0103 seara \u015fi \u00een jude\u0163ul Alba. De s\u00e2mb\u0103t\u0103 1 iulie, ora 21.00\" \/>\n<meta name=\"robots\" content=\"index, follow, max-snippet:-1, max-image-preview:large, max-video-preview:-1\" \/>\n<link rel=\"canonical\" href=\"https:\/\/urbeamea.ro\/albaiulia\/cod-galben-si-portocaliu-de-furtuni-in-alba-si-alte-judete-pana-luni-seara\/\" \/>\n<meta name=\"twitter:card\" content=\"summary_large_image\" \/>\n<meta name=\"twitter:title\" content=\"Cod Galben \u015fi Portocaliu de furtuni, \u00een Alba \u015fi alte jude\u0163e, p\u00e2n\u0103 luni seara - Revista Urbea Mea - Revista de Alba\" \/>\n<meta name=\"twitter:description\" content=\"Administra\u0163ia Na\u0163ional\u0103 de Meteorologie a emis avertiz\u0103ri meteo de furtuni, valabile de s\u00e2mb\u0103t\u0103 seara \u015fi \u00een jude\u0163ul Alba. De s\u00e2mb\u0103t\u0103 1 iulie, ora 21.00\" \/>\n<meta name=\"twitter:image\" content=\"https:\/\/urbeamea.ro\/albaiulia\/wp-content\/uploads\/2017\/07\/cod-galben-2-iulie.jpg\" \/>\n<meta name=\"twitter:creator\" content=\"@urbeameaweb\" \/>\n<meta name=\"twitter:site\" content=\"@urbeameaweb\" \/>\n<script type=\"application\/ld+json\" class=\"yoast-schema-graph\">{\"@context\":\"https:\\\/\\\/schema.org\",\"@graph\":[{\"@type\":\"Article\",\"@id\":\"https:\\\/\\\/urbeamea.ro\\\/albaiulia\\\/cod-galben-si-portocaliu-de-furtuni-in-alba-si-alte-judete-pana-luni-seara\\\/#article\",\"isPartOf\":{\"@id\":\"https:\\\/\\\/urbeamea.ro\\\/albaiulia\\\/cod-galben-si-portocaliu-de-furtuni-in-alba-si-alte-judete-pana-luni-seara\\\/\"},\"author\":{\"name\":\"Cristina Ganga\",\"@id\":\"https:\\\/\\\/urbeamea.ro\\\/albaiulia\\\/#\\\/schema\\\/person\\\/9700d21fae21c4f038b0b56f4506264a\"},\"headline\":\"Cod Galben \u015fi Portocaliu de furtuni, \u00een Alba \u015fi alte jude\u0163e, p\u00e2n\u0103 luni seara\",\"datePublished\":\"2017-07-01T12:36:13+00:00\",\"mainEntityOfPage\":{\"@id\":\"https:\\\/\\\/urbeamea.ro\\\/albaiulia\\\/cod-galben-si-portocaliu-de-furtuni-in-alba-si-alte-judete-pana-luni-seara\\\/\"},\"wordCount\":406,\"commentCount\":0,\"image\":{\"@id\":\"https:\\\/\\\/urbeamea.ro\\\/albaiulia\\\/cod-galben-si-portocaliu-de-furtuni-in-alba-si-alte-judete-pana-luni-seara\\\/#primaryimage\"},\"thumbnailUrl\":\"https:\\\/\\\/urbeamea.ro\\\/albaiulia\\\/wp-content\\\/uploads\\\/2017\\\/07\\\/cod-galben-2-iulie.jpg\",\"keywords\":[\"alba\",\"avertzari meteo\",\"cod galben\",\"cod portocaliu\",\"instabilitate atmosferica\",\"stiri\",\"Urbea Mea\"],\"articleSection\":[\"\u015etiri Urbane\"],\"inLanguage\":\"ro-RO\",\"potentialAction\":[{\"@type\":\"CommentAction\",\"name\":\"Comment\",\"target\":[\"https:\\\/\\\/urbeamea.ro\\\/albaiulia\\\/cod-galben-si-portocaliu-de-furtuni-in-alba-si-alte-judete-pana-luni-seara\\\/#respond\"]}]},{\"@type\":\"WebPage\",\"@id\":\"https:\\\/\\\/urbeamea.ro\\\/albaiulia\\\/cod-galben-si-portocaliu-de-furtuni-in-alba-si-alte-judete-pana-luni-seara\\\/\",\"url\":\"https:\\\/\\\/urbeamea.ro\\\/albaiulia\\\/cod-galben-si-portocaliu-de-furtuni-in-alba-si-alte-judete-pana-luni-seara\\\/\",\"name\":\"Cod Galben \u015fi Portocaliu de furtuni, \u00een Alba \u015fi alte jude\u0163e, p\u00e2n\u0103 luni seara - Revista Urbea Mea - Revista de Alba\",\"isPartOf\":{\"@id\":\"https:\\\/\\\/urbeamea.ro\\\/albaiulia\\\/#website\"},\"primaryImageOfPage\":{\"@id\":\"https:\\\/\\\/urbeamea.ro\\\/albaiulia\\\/cod-galben-si-portocaliu-de-furtuni-in-alba-si-alte-judete-pana-luni-seara\\\/#primaryimage\"},\"image\":{\"@id\":\"https:\\\/\\\/urbeamea.ro\\\/albaiulia\\\/cod-galben-si-portocaliu-de-furtuni-in-alba-si-alte-judete-pana-luni-seara\\\/#primaryimage\"},\"thumbnailUrl\":\"https:\\\/\\\/urbeamea.ro\\\/albaiulia\\\/wp-content\\\/uploads\\\/2017\\\/07\\\/cod-galben-2-iulie.jpg\",\"datePublished\":\"2017-07-01T12:36:13+00:00\",\"author\":{\"@id\":\"https:\\\/\\\/urbeamea.ro\\\/albaiulia\\\/#\\\/schema\\\/person\\\/9700d21fae21c4f038b0b56f4506264a\"},\"description\":\"Administra\u0163ia Na\u0163ional\u0103 de Meteorologie a emis avertiz\u0103ri meteo de furtuni, valabile de s\u00e2mb\u0103t\u0103 seara \u015fi \u00een jude\u0163ul Alba. De s\u00e2mb\u0103t\u0103 1 iulie, ora 21.00\",\"breadcrumb\":{\"@id\":\"https:\\\/\\\/urbeamea.ro\\\/albaiulia\\\/cod-galben-si-portocaliu-de-furtuni-in-alba-si-alte-judete-pana-luni-seara\\\/#breadcrumb\"},\"inLanguage\":\"ro-RO\",\"potentialAction\":[{\"@type\":\"ReadAction\",\"target\":[\"https:\\\/\\\/urbeamea.ro\\\/albaiulia\\\/cod-galben-si-portocaliu-de-furtuni-in-alba-si-alte-judete-pana-luni-seara\\\/\"]}]},{\"@type\":\"ImageObject\",\"inLanguage\":\"ro-RO\",\"@id\":\"https:\\\/\\\/urbeamea.ro\\\/albaiulia\\\/cod-galben-si-portocaliu-de-furtuni-in-alba-si-alte-judete-pana-luni-seara\\\/#primaryimage\",\"url\":\"https:\\\/\\\/urbeamea.ro\\\/albaiulia\\\/wp-content\\\/uploads\\\/2017\\\/07\\\/cod-galben-2-iulie.jpg\",\"contentUrl\":\"https:\\\/\\\/urbeamea.ro\\\/albaiulia\\\/wp-content\\\/uploads\\\/2017\\\/07\\\/cod-galben-2-iulie.jpg\",\"width\":800,\"height\":573},{\"@type\":\"BreadcrumbList\",\"@id\":\"https:\\\/\\\/urbeamea.ro\\\/albaiulia\\\/cod-galben-si-portocaliu-de-furtuni-in-alba-si-alte-judete-pana-luni-seara\\\/#breadcrumb\",\"itemListElement\":[{\"@type\":\"ListItem\",\"position\":1,\"name\":\"Prima pagin\u0103\",\"item\":\"https:\\\/\\\/urbeamea.ro\\\/albaiulia\\\/\"},{\"@type\":\"ListItem\",\"position\":2,\"name\":\"Cod Galben \u015fi Portocaliu de furtuni, \u00een Alba \u015fi alte jude\u0163e, p\u00e2n\u0103 luni seara\"}]},{\"@type\":\"WebSite\",\"@id\":\"https:\\\/\\\/urbeamea.ro\\\/albaiulia\\\/#website\",\"url\":\"https:\\\/\\\/urbeamea.ro\\\/albaiulia\\\/\",\"name\":\"Revista Urbea Mea, Stiri urbane\",\"description\":\"Evenimente \u0219i \u0219tiri din Alba Iulia, Sebe\u0219, Aiud, Blaj\",\"potentialAction\":[{\"@type\":\"SearchAction\",\"target\":{\"@type\":\"EntryPoint\",\"urlTemplate\":\"https:\\\/\\\/urbeamea.ro\\\/albaiulia\\\/?s={search_term_string}\"},\"query-input\":{\"@type\":\"PropertyValueSpecification\",\"valueRequired\":true,\"valueName\":\"search_term_string\"}}],\"inLanguage\":\"ro-RO\"},{\"@type\":\"Person\",\"@id\":\"https:\\\/\\\/urbeamea.ro\\\/albaiulia\\\/#\\\/schema\\\/person\\\/9700d21fae21c4f038b0b56f4506264a\",\"name\":\"Cristina Ganga\",\"image\":{\"@type\":\"ImageObject\",\"inLanguage\":\"ro-RO\",\"@id\":\"https:\\\/\\\/secure.gravatar.com\\\/avatar\\\/5a67661041f057b4a8ccaf26f5a8e86e2689372006d01faf3dd9eeb10b654bb4?s=96&d=mm&r=g\",\"url\":\"https:\\\/\\\/secure.gravatar.com\\\/avatar\\\/5a67661041f057b4a8ccaf26f5a8e86e2689372006d01faf3dd9eeb10b654bb4?s=96&d=mm&r=g\",\"contentUrl\":\"https:\\\/\\\/secure.gravatar.com\\\/avatar\\\/5a67661041f057b4a8ccaf26f5a8e86e2689372006d01faf3dd9eeb10b654bb4?s=96&d=mm&r=g\",\"caption\":\"Cristina Ganga\"},\"description\":\"Jurnalist\",\"sameAs\":[\"https:\\\/\\\/www.facebook.com\\\/cristina.nicola.587\"],\"url\":\"https:\\\/\\\/urbeamea.ro\\\/albaiulia\\\/author\\\/cristina-nicola\\\/\"}]}<\/script>\n<!-- \/ Yoast SEO plugin. -->","yoast_head_json":{"title":"Cod Galben \u015fi Portocaliu de furtuni, \u00een Alba \u015fi alte jude\u0163e, p\u00e2n\u0103 luni seara - Revista Urbea Mea - Revista de Alba","description":"Administra\u0163ia Na\u0163ional\u0103 de Meteorologie a emis avertiz\u0103ri meteo de furtuni, valabile de s\u00e2mb\u0103t\u0103 seara \u015fi \u00een jude\u0163ul Alba. De s\u00e2mb\u0103t\u0103 1 iulie, ora 21.00","robots":{"index":"index","follow":"follow","max-snippet":"max-snippet:-1","max-image-preview":"max-image-preview:large","max-video-preview":"max-video-preview:-1"},"canonical":"https:\/\/urbeamea.ro\/albaiulia\/cod-galben-si-portocaliu-de-furtuni-in-alba-si-alte-judete-pana-luni-seara\/","twitter_card":"summary_large_image","twitter_title":"Cod Galben \u015fi Portocaliu de furtuni, \u00een Alba \u015fi alte jude\u0163e, p\u00e2n\u0103 luni seara - Revista Urbea Mea - Revista de Alba","twitter_description":"Administra\u0163ia Na\u0163ional\u0103 de Meteorologie a emis avertiz\u0103ri meteo de furtuni, valabile de s\u00e2mb\u0103t\u0103 seara \u015fi \u00een jude\u0163ul Alba. De s\u00e2mb\u0103t\u0103 1 iulie, ora 21.00","twitter_image":"https:\/\/urbeamea.ro\/albaiulia\/wp-content\/uploads\/2017\/07\/cod-galben-2-iulie.jpg","twitter_creator":"@urbeameaweb","twitter_site":"@urbeameaweb","schema":{"@context":"https:\/\/schema.org","@graph":[{"@type":"Article","@id":"https:\/\/urbeamea.ro\/albaiulia\/cod-galben-si-portocaliu-de-furtuni-in-alba-si-alte-judete-pana-luni-seara\/#article","isPartOf":{"@id":"https:\/\/urbeamea.ro\/albaiulia\/cod-galben-si-portocaliu-de-furtuni-in-alba-si-alte-judete-pana-luni-seara\/"},"author":{"name":"Cristina Ganga","@id":"https:\/\/urbeamea.ro\/albaiulia\/#\/schema\/person\/9700d21fae21c4f038b0b56f4506264a"},"headline":"Cod Galben \u015fi Portocaliu de furtuni, \u00een Alba \u015fi alte jude\u0163e, p\u00e2n\u0103 luni seara","datePublished":"2017-07-01T12:36:13+00:00","mainEntityOfPage":{"@id":"https:\/\/urbeamea.ro\/albaiulia\/cod-galben-si-portocaliu-de-furtuni-in-alba-si-alte-judete-pana-luni-seara\/"},"wordCount":406,"commentCount":0,"image":{"@id":"https:\/\/urbeamea.ro\/albaiulia\/cod-galben-si-portocaliu-de-furtuni-in-alba-si-alte-judete-pana-luni-seara\/#primaryimage"},"thumbnailUrl":"https:\/\/urbeamea.ro\/albaiulia\/wp-content\/uploads\/2017\/07\/cod-galben-2-iulie.jpg","keywords":["alba","avertzari meteo","cod galben","cod portocaliu","instabilitate atmosferica","stiri","Urbea Mea"],"articleSection":["\u015etiri Urbane"],"inLanguage":"ro-RO","potentialAction":[{"@type":"CommentAction","name":"Comment","target":["https:\/\/urbeamea.ro\/albaiulia\/cod-galben-si-portocaliu-de-furtuni-in-alba-si-alte-judete-pana-luni-seara\/#respond"]}]},{"@type":"WebPage","@id":"https:\/\/urbeamea.ro\/albaiulia\/cod-galben-si-portocaliu-de-furtuni-in-alba-si-alte-judete-pana-luni-seara\/","url":"https:\/\/urbeamea.ro\/albaiulia\/cod-galben-si-portocaliu-de-furtuni-in-alba-si-alte-judete-pana-luni-seara\/","name":"Cod Galben \u015fi Portocaliu de furtuni, \u00een Alba \u015fi alte jude\u0163e, p\u00e2n\u0103 luni seara - Revista Urbea Mea - Revista de Alba","isPartOf":{"@id":"https:\/\/urbeamea.ro\/albaiulia\/#website"},"primaryImageOfPage":{"@id":"https:\/\/urbeamea.ro\/albaiulia\/cod-galben-si-portocaliu-de-furtuni-in-alba-si-alte-judete-pana-luni-seara\/#primaryimage"},"image":{"@id":"https:\/\/urbeamea.ro\/albaiulia\/cod-galben-si-portocaliu-de-furtuni-in-alba-si-alte-judete-pana-luni-seara\/#primaryimage"},"thumbnailUrl":"https:\/\/urbeamea.ro\/albaiulia\/wp-content\/uploads\/2017\/07\/cod-galben-2-iulie.jpg","datePublished":"2017-07-01T12:36:13+00:00","author":{"@id":"https:\/\/urbeamea.ro\/albaiulia\/#\/schema\/person\/9700d21fae21c4f038b0b56f4506264a"},"description":"Administra\u0163ia Na\u0163ional\u0103 de Meteorologie a emis avertiz\u0103ri meteo de furtuni, valabile de s\u00e2mb\u0103t\u0103 seara \u015fi \u00een jude\u0163ul Alba. De s\u00e2mb\u0103t\u0103 1 iulie, ora 21.00","breadcrumb":{"@id":"https:\/\/urbeamea.ro\/albaiulia\/cod-galben-si-portocaliu-de-furtuni-in-alba-si-alte-judete-pana-luni-seara\/#breadcrumb"},"inLanguage":"ro-RO","potentialAction":[{"@type":"ReadAction","target":["https:\/\/urbeamea.ro\/albaiulia\/cod-galben-si-portocaliu-de-furtuni-in-alba-si-alte-judete-pana-luni-seara\/"]}]},{"@type":"ImageObject","inLanguage":"ro-RO","@id":"https:\/\/urbeamea.ro\/albaiulia\/cod-galben-si-portocaliu-de-furtuni-in-alba-si-alte-judete-pana-luni-seara\/#primaryimage","url":"https:\/\/urbeamea.ro\/albaiulia\/wp-content\/uploads\/2017\/07\/cod-galben-2-iulie.jpg","contentUrl":"https:\/\/urbeamea.ro\/albaiulia\/wp-content\/uploads\/2017\/07\/cod-galben-2-iulie.jpg","width":800,"height":573},{"@type":"BreadcrumbList","@id":"https:\/\/urbeamea.ro\/albaiulia\/cod-galben-si-portocaliu-de-furtuni-in-alba-si-alte-judete-pana-luni-seara\/#breadcrumb","itemListElement":[{"@type":"ListItem","position":1,"name":"Prima pagin\u0103","item":"https:\/\/urbeamea.ro\/albaiulia\/"},{"@type":"ListItem","position":2,"name":"Cod Galben \u015fi Portocaliu de furtuni, \u00een Alba \u015fi alte jude\u0163e, p\u00e2n\u0103 luni seara"}]},{"@type":"WebSite","@id":"https:\/\/urbeamea.ro\/albaiulia\/#website","url":"https:\/\/urbeamea.ro\/albaiulia\/","name":"Revista Urbea Mea, Stiri urbane","description":"Evenimente \u0219i \u0219tiri din Alba Iulia, Sebe\u0219, Aiud, Blaj","potentialAction":[{"@type":"SearchAction","target":{"@type":"EntryPoint","urlTemplate":"https:\/\/urbeamea.ro\/albaiulia\/?s={search_term_string}"},"query-input":{"@type":"PropertyValueSpecification","valueRequired":true,"valueName":"search_term_string"}}],"inLanguage":"ro-RO"},{"@type":"Person","@id":"https:\/\/urbeamea.ro\/albaiulia\/#\/schema\/person\/9700d21fae21c4f038b0b56f4506264a","name":"Cristina Ganga","image":{"@type":"ImageObject","inLanguage":"ro-RO","@id":"https:\/\/secure.gravatar.com\/avatar\/5a67661041f057b4a8ccaf26f5a8e86e2689372006d01faf3dd9eeb10b654bb4?s=96&d=mm&r=g","url":"https:\/\/secure.gravatar.com\/avatar\/5a67661041f057b4a8ccaf26f5a8e86e2689372006d01faf3dd9eeb10b654bb4?s=96&d=mm&r=g","contentUrl":"https:\/\/secure.gravatar.com\/avatar\/5a67661041f057b4a8ccaf26f5a8e86e2689372006d01faf3dd9eeb10b654bb4?s=96&d=mm&r=g","caption":"Cristina Ganga"},"description":"Jurnalist","sameAs":["https:\/\/www.facebook.com\/cristina.nicola.587"],"url":"https:\/\/urbeamea.ro\/albaiulia\/author\/cristina-nicola\/"}]}},"_links":{"self":[{"href":"https:\/\/urbeamea.ro\/albaiulia\/wp-json\/wp\/v2\/posts\/48877","targetHints":{"allow":["GET"]}}],"collection":[{"href":"https:\/\/urbeamea.ro\/albaiulia\/wp-json\/wp\/v2\/posts"}],"about":[{"href":"https:\/\/urbeamea.ro\/albaiulia\/wp-json\/wp\/v2\/types\/post"}],"author":[{"embeddable":true,"href":"https:\/\/urbeamea.ro\/albaiulia\/wp-json\/wp\/v2\/users\/17"}],"replies":[{"embeddable":true,"href":"https:\/\/urbeamea.ro\/albaiulia\/wp-json\/wp\/v2\/comments?post=48877"}],"version-history":[{"count":0,"href":"https:\/\/urbeamea.ro\/albaiulia\/wp-json\/wp\/v2\/posts\/48877\/revisions"}],"wp:featuredmedia":[{"embeddable":true,"href":"https:\/\/urbeamea.ro\/albaiulia\/wp-json\/wp\/v2\/media\/48878"}],"wp:attachment":[{"href":"https:\/\/urbeamea.ro\/albaiulia\/wp-json\/wp\/v2\/media?parent=48877"}],"wp:term":[{"taxonomy":"category","embeddable":true,"href":"https:\/\/urbeamea.ro\/albaiulia\/wp-json\/wp\/v2\/categories?post=48877"},{"taxonomy":"post_tag","embeddable":true,"href":"https:\/\/urbeamea.ro\/albaiulia\/wp-json\/wp\/v2\/tags?post=48877"}],"curies":[{"name":"wp","href":"https:\/\/api.w.org\/{rel}","templated":true}]}}