{"id":48950,"date":"2017-07-03T12:47:46","date_gmt":"2017-07-03T09:47:46","guid":{"rendered":"https:\/\/urbeamea.ro\/albaiulia\/?p=48950"},"modified":"2017-07-03T12:48:34","modified_gmt":"2017-07-03T09:48:34","slug":"cod-portocaliu-de-ploi-abundente-si-furtuni-in-zona-de-sud-a-judetului-alba-pana-marti-dimineata","status":"publish","type":"post","link":"https:\/\/urbeamea.ro\/albaiulia\/cod-portocaliu-de-ploi-abundente-si-furtuni-in-zona-de-sud-a-judetului-alba-pana-marti-dimineata\/","title":{"rendered":"Cod Portocaliu de ploi abundente \u0219i furtuni \u00een zona de sud a jude\u021bului Alba, p\u00e2n\u0103 mar\u0163i diminea\u0163a"},"content":{"rendered":"<p><strong>Meteorologii au emis Cod Portocaliu de ploi abundente \u0219i instabilitate atmosferic\u0103 p\u00e2n\u0103 mar\u021bi, la ora 10:00. Intervalul men\u021bionat vizeaz\u0103 sudul \u0219i centrul \u021b\u0103rii, inclusiv jude\u021bul Alba.<\/strong><\/p>\n<p>De luni, 3 iulie, ora 10.00 p\u00e2n\u0103 mar\u021bi, 4 iulie, ora 10.00 vor fi averse ce vor avea \u0219i caracter toren\u021bial. Pe parcursul zilei de luni (3 iulie), mai ales \u00een Oltenia, Muntenia, sudul Banatului \u0219i local \u00een Transilvania \u0219i Moldova, iar noaptea, cu prec\u0103dere \u00een Dobrogea, cea mai mare parte a Munteniei \u0219i \u00een sudul Moldovei. Ploile vor fi \u00eenso\u021bite de desc\u0103rc\u0103ri electrice, intensific\u0103ri ale v\u00e2ntului \u0219i izolat grindin\u0103.<\/p>\n<p>\u00cen intervale scurte de timp sau prin cumulare, \u00een jude\u021bele Gorj, Valcea, Dolj, Olt, Arge\u0219, D\u00e2mbovi\u021ba, Prahova, Buz\u0103u, Covasna, Vrancea, Teleorman, Giurgiu, Ilfov, Ialomi\u021ba \u0219i C\u0103l\u0103ra\u0219i, \u00een municipiul Bucure\u0219ti \u0219i \u00een zona de munte a jude\u021belor Hunedoara, Alba, Sibiu, Bra\u0219ov se vor \u00eenregistra cantit\u0103\u021bi de ap\u0103 de 50 \u2013 70 l\/mp \u0219i pe arii restr\u00e2nse peste 80 \u2013 90 l\/mp, \u00eendeosebi \u00een jude\u021bele Teleorman, Giurgiu, Olt, Arge\u0219 \u0219i V\u00e2lcea.<\/p>\n<p>Avertizarea Cod Galben este valabil\u0103 \u00ee<span lang=\"RO\">n Dobrogea, local \u00een Moldova, Transilvania, sudul Banatului, vestul Olteniei \u0219i nord-estul Munteniei, unde <\/span><span lang=\"RO\">se vor \u00eenregistra, \u00een intervale scurte de timp sau prin cumulare, cantit\u0103\u0163i de ap\u0103 de 25 \u2013 50 l\/mp.<\/span><\/p>\n<p><em>sursa: meteoromania.ro<\/em><\/p>\n","protected":false},"excerpt":{"rendered":"<p>Meteorologii au emis Cod Portocaliu de ploi abundente \u0219i instabilitate atmosferic\u0103 p\u00e2n\u0103 mar\u021bi, la ora 10:00. Intervalul men\u021bionat vizeaz\u0103 sudul \u0219i centrul \u021b\u0103rii, inclusiv jude\u021bul Alba. De luni, 3 iulie, ora 10.00 p\u00e2n\u0103 mar\u021bi, 4 iulie, ora 10.00 vor fi averse ce vor avea \u0219i caracter toren\u021bial. Pe parcursul zilei de luni (3 iulie), mai &hellip;<\/p>\n","protected":false},"author":17,"featured_media":48951,"comment_status":"open","ping_status":"open","sticky":false,"template":"","format":"standard","meta":{"inline_featured_image":false,"footnotes":""},"categories":[1],"tags":[307,6338,1929,5370,392,5584,308,76],"class_list":["post-48950","post","type-post","status-publish","format-standard","has-post-thumbnail","hentry","category-stiri-urbane","tag-alba","tag-avertizare","tag-cod-portocaliu","tag-instabilitate-atmosferica","tag-meteorologi","tag-ploi-abundente","tag-stiri","tag-urbea-mea"],"yoast_head":"<!-- This site is optimized with the Yoast SEO plugin v28.3 - https:\/\/yoast.com\/product\/yoast-seo-wordpress\/ -->\n<title>Cod Portocaliu de ploi abundente \u0219i furtuni \u00een zona de sud a jude\u021bului Alba, p\u00e2n\u0103 mar\u0163i diminea\u0163a - Revista Urbea Mea - Revista de Alba<\/title>\n<meta name=\"description\" content=\"Meteorologii au emis Cod Portocaliu de ploi abundente \u0219i instabilitate atmosferic\u0103 p\u00e2n\u0103 mar\u021bi, la ora 10:00. Intervalul men\u021bionat vizeaz\u0103 sudul \u0219i centrul\" \/>\n<meta name=\"robots\" content=\"index, follow, max-snippet:-1, max-image-preview:large, max-video-preview:-1\" \/>\n<link rel=\"canonical\" href=\"https:\/\/urbeamea.ro\/albaiulia\/cod-portocaliu-de-ploi-abundente-si-furtuni-in-zona-de-sud-a-judetului-alba-pana-marti-dimineata\/\" \/>\n<meta name=\"twitter:card\" content=\"summary_large_image\" \/>\n<meta name=\"twitter:title\" content=\"Cod Portocaliu de ploi abundente \u0219i furtuni \u00een zona de sud a jude\u021bului Alba, p\u00e2n\u0103 mar\u0163i diminea\u0163a - Revista Urbea Mea - Revista de Alba\" \/>\n<meta name=\"twitter:description\" content=\"Meteorologii au emis Cod Portocaliu de ploi abundente \u0219i instabilitate atmosferic\u0103 p\u00e2n\u0103 mar\u021bi, la ora 10:00. Intervalul men\u021bionat vizeaz\u0103 sudul \u0219i centrul\" \/>\n<meta name=\"twitter:image\" content=\"https:\/\/urbeamea.ro\/albaiulia\/wp-content\/uploads\/2017\/07\/meteo.jpg\" \/>\n<meta name=\"twitter:creator\" content=\"@urbeameaweb\" \/>\n<meta name=\"twitter:site\" content=\"@urbeameaweb\" \/>\n<script type=\"application\/ld+json\" class=\"yoast-schema-graph\">{\"@context\":\"https:\\\/\\\/schema.org\",\"@graph\":[{\"@type\":\"Article\",\"@id\":\"https:\\\/\\\/urbeamea.ro\\\/albaiulia\\\/cod-portocaliu-de-ploi-abundente-si-furtuni-in-zona-de-sud-a-judetului-alba-pana-marti-dimineata\\\/#article\",\"isPartOf\":{\"@id\":\"https:\\\/\\\/urbeamea.ro\\\/albaiulia\\\/cod-portocaliu-de-ploi-abundente-si-furtuni-in-zona-de-sud-a-judetului-alba-pana-marti-dimineata\\\/\"},\"author\":{\"name\":\"Cristina Ganga\",\"@id\":\"https:\\\/\\\/urbeamea.ro\\\/albaiulia\\\/#\\\/schema\\\/person\\\/9700d21fae21c4f038b0b56f4506264a\"},\"headline\":\"Cod Portocaliu de ploi abundente \u0219i furtuni \u00een zona de sud a jude\u021bului Alba, p\u00e2n\u0103 mar\u0163i diminea\u0163a\",\"datePublished\":\"2017-07-03T09:47:46+00:00\",\"dateModified\":\"2017-07-03T09:48:34+00:00\",\"mainEntityOfPage\":{\"@id\":\"https:\\\/\\\/urbeamea.ro\\\/albaiulia\\\/cod-portocaliu-de-ploi-abundente-si-furtuni-in-zona-de-sud-a-judetului-alba-pana-marti-dimineata\\\/\"},\"wordCount\":244,\"commentCount\":0,\"image\":{\"@id\":\"https:\\\/\\\/urbeamea.ro\\\/albaiulia\\\/cod-portocaliu-de-ploi-abundente-si-furtuni-in-zona-de-sud-a-judetului-alba-pana-marti-dimineata\\\/#primaryimage\"},\"thumbnailUrl\":\"https:\\\/\\\/urbeamea.ro\\\/albaiulia\\\/wp-content\\\/uploads\\\/2017\\\/07\\\/meteo.jpg\",\"keywords\":[\"alba\",\"avertizare\",\"cod portocaliu\",\"instabilitate atmosferica\",\"meteorologi\",\"ploi abundente\",\"stiri\",\"Urbea Mea\"],\"articleSection\":[\"\u015etiri Urbane\"],\"inLanguage\":\"ro-RO\",\"potentialAction\":[{\"@type\":\"CommentAction\",\"name\":\"Comment\",\"target\":[\"https:\\\/\\\/urbeamea.ro\\\/albaiulia\\\/cod-portocaliu-de-ploi-abundente-si-furtuni-in-zona-de-sud-a-judetului-alba-pana-marti-dimineata\\\/#respond\"]}]},{\"@type\":\"WebPage\",\"@id\":\"https:\\\/\\\/urbeamea.ro\\\/albaiulia\\\/cod-portocaliu-de-ploi-abundente-si-furtuni-in-zona-de-sud-a-judetului-alba-pana-marti-dimineata\\\/\",\"url\":\"https:\\\/\\\/urbeamea.ro\\\/albaiulia\\\/cod-portocaliu-de-ploi-abundente-si-furtuni-in-zona-de-sud-a-judetului-alba-pana-marti-dimineata\\\/\",\"name\":\"Cod Portocaliu de ploi abundente \u0219i furtuni \u00een zona de sud a jude\u021bului Alba, p\u00e2n\u0103 mar\u0163i diminea\u0163a - Revista Urbea Mea - Revista de Alba\",\"isPartOf\":{\"@id\":\"https:\\\/\\\/urbeamea.ro\\\/albaiulia\\\/#website\"},\"primaryImageOfPage\":{\"@id\":\"https:\\\/\\\/urbeamea.ro\\\/albaiulia\\\/cod-portocaliu-de-ploi-abundente-si-furtuni-in-zona-de-sud-a-judetului-alba-pana-marti-dimineata\\\/#primaryimage\"},\"image\":{\"@id\":\"https:\\\/\\\/urbeamea.ro\\\/albaiulia\\\/cod-portocaliu-de-ploi-abundente-si-furtuni-in-zona-de-sud-a-judetului-alba-pana-marti-dimineata\\\/#primaryimage\"},\"thumbnailUrl\":\"https:\\\/\\\/urbeamea.ro\\\/albaiulia\\\/wp-content\\\/uploads\\\/2017\\\/07\\\/meteo.jpg\",\"datePublished\":\"2017-07-03T09:47:46+00:00\",\"dateModified\":\"2017-07-03T09:48:34+00:00\",\"author\":{\"@id\":\"https:\\\/\\\/urbeamea.ro\\\/albaiulia\\\/#\\\/schema\\\/person\\\/9700d21fae21c4f038b0b56f4506264a\"},\"description\":\"Meteorologii au emis Cod Portocaliu de ploi abundente \u0219i instabilitate atmosferic\u0103 p\u00e2n\u0103 mar\u021bi, la ora 10:00. Intervalul men\u021bionat vizeaz\u0103 sudul \u0219i centrul\",\"breadcrumb\":{\"@id\":\"https:\\\/\\\/urbeamea.ro\\\/albaiulia\\\/cod-portocaliu-de-ploi-abundente-si-furtuni-in-zona-de-sud-a-judetului-alba-pana-marti-dimineata\\\/#breadcrumb\"},\"inLanguage\":\"ro-RO\",\"potentialAction\":[{\"@type\":\"ReadAction\",\"target\":[\"https:\\\/\\\/urbeamea.ro\\\/albaiulia\\\/cod-portocaliu-de-ploi-abundente-si-furtuni-in-zona-de-sud-a-judetului-alba-pana-marti-dimineata\\\/\"]}]},{\"@type\":\"ImageObject\",\"inLanguage\":\"ro-RO\",\"@id\":\"https:\\\/\\\/urbeamea.ro\\\/albaiulia\\\/cod-portocaliu-de-ploi-abundente-si-furtuni-in-zona-de-sud-a-judetului-alba-pana-marti-dimineata\\\/#primaryimage\",\"url\":\"https:\\\/\\\/urbeamea.ro\\\/albaiulia\\\/wp-content\\\/uploads\\\/2017\\\/07\\\/meteo.jpg\",\"contentUrl\":\"https:\\\/\\\/urbeamea.ro\\\/albaiulia\\\/wp-content\\\/uploads\\\/2017\\\/07\\\/meteo.jpg\",\"width\":330,\"height\":230},{\"@type\":\"BreadcrumbList\",\"@id\":\"https:\\\/\\\/urbeamea.ro\\\/albaiulia\\\/cod-portocaliu-de-ploi-abundente-si-furtuni-in-zona-de-sud-a-judetului-alba-pana-marti-dimineata\\\/#breadcrumb\",\"itemListElement\":[{\"@type\":\"ListItem\",\"position\":1,\"name\":\"Prima pagin\u0103\",\"item\":\"https:\\\/\\\/urbeamea.ro\\\/albaiulia\\\/\"},{\"@type\":\"ListItem\",\"position\":2,\"name\":\"Cod Portocaliu de ploi abundente \u0219i furtuni \u00een zona de sud a jude\u021bului Alba, p\u00e2n\u0103 mar\u0163i diminea\u0163a\"}]},{\"@type\":\"WebSite\",\"@id\":\"https:\\\/\\\/urbeamea.ro\\\/albaiulia\\\/#website\",\"url\":\"https:\\\/\\\/urbeamea.ro\\\/albaiulia\\\/\",\"name\":\"Revista Urbea Mea, Stiri urbane\",\"description\":\"Evenimente \u0219i \u0219tiri din Alba Iulia, Sebe\u0219, Aiud, Blaj\",\"potentialAction\":[{\"@type\":\"SearchAction\",\"target\":{\"@type\":\"EntryPoint\",\"urlTemplate\":\"https:\\\/\\\/urbeamea.ro\\\/albaiulia\\\/?s={search_term_string}\"},\"query-input\":{\"@type\":\"PropertyValueSpecification\",\"valueRequired\":true,\"valueName\":\"search_term_string\"}}],\"inLanguage\":\"ro-RO\"},{\"@type\":\"Person\",\"@id\":\"https:\\\/\\\/urbeamea.ro\\\/albaiulia\\\/#\\\/schema\\\/person\\\/9700d21fae21c4f038b0b56f4506264a\",\"name\":\"Cristina Ganga\",\"image\":{\"@type\":\"ImageObject\",\"inLanguage\":\"ro-RO\",\"@id\":\"https:\\\/\\\/secure.gravatar.com\\\/avatar\\\/5a67661041f057b4a8ccaf26f5a8e86e2689372006d01faf3dd9eeb10b654bb4?s=96&d=mm&r=g\",\"url\":\"https:\\\/\\\/secure.gravatar.com\\\/avatar\\\/5a67661041f057b4a8ccaf26f5a8e86e2689372006d01faf3dd9eeb10b654bb4?s=96&d=mm&r=g\",\"contentUrl\":\"https:\\\/\\\/secure.gravatar.com\\\/avatar\\\/5a67661041f057b4a8ccaf26f5a8e86e2689372006d01faf3dd9eeb10b654bb4?s=96&d=mm&r=g\",\"caption\":\"Cristina Ganga\"},\"description\":\"Jurnalist\",\"sameAs\":[\"https:\\\/\\\/www.facebook.com\\\/cristina.nicola.587\"],\"url\":\"https:\\\/\\\/urbeamea.ro\\\/albaiulia\\\/author\\\/cristina-nicola\\\/\"}]}<\/script>\n<!-- \/ Yoast SEO plugin. -->","yoast_head_json":{"title":"Cod Portocaliu de ploi abundente \u0219i furtuni \u00een zona de sud a jude\u021bului Alba, p\u00e2n\u0103 mar\u0163i diminea\u0163a - Revista Urbea Mea - Revista de Alba","description":"Meteorologii au emis Cod Portocaliu de ploi abundente \u0219i instabilitate atmosferic\u0103 p\u00e2n\u0103 mar\u021bi, la ora 10:00. Intervalul men\u021bionat vizeaz\u0103 sudul \u0219i centrul","robots":{"index":"index","follow":"follow","max-snippet":"max-snippet:-1","max-image-preview":"max-image-preview:large","max-video-preview":"max-video-preview:-1"},"canonical":"https:\/\/urbeamea.ro\/albaiulia\/cod-portocaliu-de-ploi-abundente-si-furtuni-in-zona-de-sud-a-judetului-alba-pana-marti-dimineata\/","twitter_card":"summary_large_image","twitter_title":"Cod Portocaliu de ploi abundente \u0219i furtuni \u00een zona de sud a jude\u021bului Alba, p\u00e2n\u0103 mar\u0163i diminea\u0163a - Revista Urbea Mea - Revista de Alba","twitter_description":"Meteorologii au emis Cod Portocaliu de ploi abundente \u0219i instabilitate atmosferic\u0103 p\u00e2n\u0103 mar\u021bi, la ora 10:00. Intervalul men\u021bionat vizeaz\u0103 sudul \u0219i centrul","twitter_image":"https:\/\/urbeamea.ro\/albaiulia\/wp-content\/uploads\/2017\/07\/meteo.jpg","twitter_creator":"@urbeameaweb","twitter_site":"@urbeameaweb","schema":{"@context":"https:\/\/schema.org","@graph":[{"@type":"Article","@id":"https:\/\/urbeamea.ro\/albaiulia\/cod-portocaliu-de-ploi-abundente-si-furtuni-in-zona-de-sud-a-judetului-alba-pana-marti-dimineata\/#article","isPartOf":{"@id":"https:\/\/urbeamea.ro\/albaiulia\/cod-portocaliu-de-ploi-abundente-si-furtuni-in-zona-de-sud-a-judetului-alba-pana-marti-dimineata\/"},"author":{"name":"Cristina Ganga","@id":"https:\/\/urbeamea.ro\/albaiulia\/#\/schema\/person\/9700d21fae21c4f038b0b56f4506264a"},"headline":"Cod Portocaliu de ploi abundente \u0219i furtuni \u00een zona de sud a jude\u021bului Alba, p\u00e2n\u0103 mar\u0163i diminea\u0163a","datePublished":"2017-07-03T09:47:46+00:00","dateModified":"2017-07-03T09:48:34+00:00","mainEntityOfPage":{"@id":"https:\/\/urbeamea.ro\/albaiulia\/cod-portocaliu-de-ploi-abundente-si-furtuni-in-zona-de-sud-a-judetului-alba-pana-marti-dimineata\/"},"wordCount":244,"commentCount":0,"image":{"@id":"https:\/\/urbeamea.ro\/albaiulia\/cod-portocaliu-de-ploi-abundente-si-furtuni-in-zona-de-sud-a-judetului-alba-pana-marti-dimineata\/#primaryimage"},"thumbnailUrl":"https:\/\/urbeamea.ro\/albaiulia\/wp-content\/uploads\/2017\/07\/meteo.jpg","keywords":["alba","avertizare","cod portocaliu","instabilitate atmosferica","meteorologi","ploi abundente","stiri","Urbea Mea"],"articleSection":["\u015etiri Urbane"],"inLanguage":"ro-RO","potentialAction":[{"@type":"CommentAction","name":"Comment","target":["https:\/\/urbeamea.ro\/albaiulia\/cod-portocaliu-de-ploi-abundente-si-furtuni-in-zona-de-sud-a-judetului-alba-pana-marti-dimineata\/#respond"]}]},{"@type":"WebPage","@id":"https:\/\/urbeamea.ro\/albaiulia\/cod-portocaliu-de-ploi-abundente-si-furtuni-in-zona-de-sud-a-judetului-alba-pana-marti-dimineata\/","url":"https:\/\/urbeamea.ro\/albaiulia\/cod-portocaliu-de-ploi-abundente-si-furtuni-in-zona-de-sud-a-judetului-alba-pana-marti-dimineata\/","name":"Cod Portocaliu de ploi abundente \u0219i furtuni \u00een zona de sud a jude\u021bului Alba, p\u00e2n\u0103 mar\u0163i diminea\u0163a - Revista Urbea Mea - Revista de Alba","isPartOf":{"@id":"https:\/\/urbeamea.ro\/albaiulia\/#website"},"primaryImageOfPage":{"@id":"https:\/\/urbeamea.ro\/albaiulia\/cod-portocaliu-de-ploi-abundente-si-furtuni-in-zona-de-sud-a-judetului-alba-pana-marti-dimineata\/#primaryimage"},"image":{"@id":"https:\/\/urbeamea.ro\/albaiulia\/cod-portocaliu-de-ploi-abundente-si-furtuni-in-zona-de-sud-a-judetului-alba-pana-marti-dimineata\/#primaryimage"},"thumbnailUrl":"https:\/\/urbeamea.ro\/albaiulia\/wp-content\/uploads\/2017\/07\/meteo.jpg","datePublished":"2017-07-03T09:47:46+00:00","dateModified":"2017-07-03T09:48:34+00:00","author":{"@id":"https:\/\/urbeamea.ro\/albaiulia\/#\/schema\/person\/9700d21fae21c4f038b0b56f4506264a"},"description":"Meteorologii au emis Cod Portocaliu de ploi abundente \u0219i instabilitate atmosferic\u0103 p\u00e2n\u0103 mar\u021bi, la ora 10:00. Intervalul men\u021bionat vizeaz\u0103 sudul \u0219i centrul","breadcrumb":{"@id":"https:\/\/urbeamea.ro\/albaiulia\/cod-portocaliu-de-ploi-abundente-si-furtuni-in-zona-de-sud-a-judetului-alba-pana-marti-dimineata\/#breadcrumb"},"inLanguage":"ro-RO","potentialAction":[{"@type":"ReadAction","target":["https:\/\/urbeamea.ro\/albaiulia\/cod-portocaliu-de-ploi-abundente-si-furtuni-in-zona-de-sud-a-judetului-alba-pana-marti-dimineata\/"]}]},{"@type":"ImageObject","inLanguage":"ro-RO","@id":"https:\/\/urbeamea.ro\/albaiulia\/cod-portocaliu-de-ploi-abundente-si-furtuni-in-zona-de-sud-a-judetului-alba-pana-marti-dimineata\/#primaryimage","url":"https:\/\/urbeamea.ro\/albaiulia\/wp-content\/uploads\/2017\/07\/meteo.jpg","contentUrl":"https:\/\/urbeamea.ro\/albaiulia\/wp-content\/uploads\/2017\/07\/meteo.jpg","width":330,"height":230},{"@type":"BreadcrumbList","@id":"https:\/\/urbeamea.ro\/albaiulia\/cod-portocaliu-de-ploi-abundente-si-furtuni-in-zona-de-sud-a-judetului-alba-pana-marti-dimineata\/#breadcrumb","itemListElement":[{"@type":"ListItem","position":1,"name":"Prima pagin\u0103","item":"https:\/\/urbeamea.ro\/albaiulia\/"},{"@type":"ListItem","position":2,"name":"Cod Portocaliu de ploi abundente \u0219i furtuni \u00een zona de sud a jude\u021bului Alba, p\u00e2n\u0103 mar\u0163i diminea\u0163a"}]},{"@type":"WebSite","@id":"https:\/\/urbeamea.ro\/albaiulia\/#website","url":"https:\/\/urbeamea.ro\/albaiulia\/","name":"Revista Urbea Mea, Stiri urbane","description":"Evenimente \u0219i \u0219tiri din Alba Iulia, Sebe\u0219, Aiud, Blaj","potentialAction":[{"@type":"SearchAction","target":{"@type":"EntryPoint","urlTemplate":"https:\/\/urbeamea.ro\/albaiulia\/?s={search_term_string}"},"query-input":{"@type":"PropertyValueSpecification","valueRequired":true,"valueName":"search_term_string"}}],"inLanguage":"ro-RO"},{"@type":"Person","@id":"https:\/\/urbeamea.ro\/albaiulia\/#\/schema\/person\/9700d21fae21c4f038b0b56f4506264a","name":"Cristina Ganga","image":{"@type":"ImageObject","inLanguage":"ro-RO","@id":"https:\/\/secure.gravatar.com\/avatar\/5a67661041f057b4a8ccaf26f5a8e86e2689372006d01faf3dd9eeb10b654bb4?s=96&d=mm&r=g","url":"https:\/\/secure.gravatar.com\/avatar\/5a67661041f057b4a8ccaf26f5a8e86e2689372006d01faf3dd9eeb10b654bb4?s=96&d=mm&r=g","contentUrl":"https:\/\/secure.gravatar.com\/avatar\/5a67661041f057b4a8ccaf26f5a8e86e2689372006d01faf3dd9eeb10b654bb4?s=96&d=mm&r=g","caption":"Cristina Ganga"},"description":"Jurnalist","sameAs":["https:\/\/www.facebook.com\/cristina.nicola.587"],"url":"https:\/\/urbeamea.ro\/albaiulia\/author\/cristina-nicola\/"}]}},"_links":{"self":[{"href":"https:\/\/urbeamea.ro\/albaiulia\/wp-json\/wp\/v2\/posts\/48950","targetHints":{"allow":["GET"]}}],"collection":[{"href":"https:\/\/urbeamea.ro\/albaiulia\/wp-json\/wp\/v2\/posts"}],"about":[{"href":"https:\/\/urbeamea.ro\/albaiulia\/wp-json\/wp\/v2\/types\/post"}],"author":[{"embeddable":true,"href":"https:\/\/urbeamea.ro\/albaiulia\/wp-json\/wp\/v2\/users\/17"}],"replies":[{"embeddable":true,"href":"https:\/\/urbeamea.ro\/albaiulia\/wp-json\/wp\/v2\/comments?post=48950"}],"version-history":[{"count":0,"href":"https:\/\/urbeamea.ro\/albaiulia\/wp-json\/wp\/v2\/posts\/48950\/revisions"}],"wp:featuredmedia":[{"embeddable":true,"href":"https:\/\/urbeamea.ro\/albaiulia\/wp-json\/wp\/v2\/media\/48951"}],"wp:attachment":[{"href":"https:\/\/urbeamea.ro\/albaiulia\/wp-json\/wp\/v2\/media?parent=48950"}],"wp:term":[{"taxonomy":"category","embeddable":true,"href":"https:\/\/urbeamea.ro\/albaiulia\/wp-json\/wp\/v2\/categories?post=48950"},{"taxonomy":"post_tag","embeddable":true,"href":"https:\/\/urbeamea.ro\/albaiulia\/wp-json\/wp\/v2\/tags?post=48950"}],"curies":[{"name":"wp","href":"https:\/\/api.w.org\/{rel}","templated":true}]}}