{"id":48988,"date":"2017-07-04T13:19:40","date_gmt":"2017-07-04T10:19:40","guid":{"rendered":"https:\/\/urbeamea.ro\/albaiulia\/?p=48988"},"modified":"2017-07-04T13:51:36","modified_gmt":"2017-07-04T10:51:36","slug":"foto-trei-tineri-amndati-de-jandarmii-blajeni-cu-2-500-de-lei-fiecare-pentru-furt-de-lemne","status":"publish","type":"post","link":"https:\/\/urbeamea.ro\/albaiulia\/foto-trei-tineri-amndati-de-jandarmii-blajeni-cu-2-500-de-lei-fiecare-pentru-furt-de-lemne\/","title":{"rendered":"FOTO: Trei tineri, amenda\u0163i de jandarmii bl\u0103jeni cu 2.500 de lei fiecare pentru furt de lemne"},"content":{"rendered":"<p><strong>Echipaje de jandarmerie din cadrul Sec\u021biei de jandarmi Blaj au depistat, luni, trei b\u0103rba\u021bi ce transportau lemn, f\u0103r\u0103 a avea asupra lor documente justificative.<br \/>\n<\/strong><\/p>\n<p>B\u0103rba\u021bii cu v\u00e2rste cuprinse \u00eentre 24 \u0219i 27 de ani, au fost surprin\u0219i \u00een jurul orei 12:00, \u00een zona P\u0103durea C\u0103rbunari \u00een timp ce transporta cu ajutorul unui atelaj tras de cai, aproximativ 4 metri cubi lemn din specia Carpen, f\u0103r\u0103 \u00eens\u0103 a putea prezenta documentele legale de provenien\u021b\u0103.<\/p>\n<p>Jandarmii au procedat la legitimarea acestora \u0219i la sanc\u021bionarea contraven\u021bional\u0103 a fiec\u0103ruia dintre cei trei b\u0103rba\u021bi, cu c\u00e2te 2.500 de lei, \u00een conformitate cu Legea nr. 171\/2010, privind stabilirea \u0219i sanc\u021bionarea contraven\u021biilor silvice. Totodat\u0103 lemnul a fost confiscat precum \u0219i atelajul hipo \u0219i predat \u00een custodie la Ocolul Silvic Valea Pianului R. A.<\/p>\n<p>Ca de fiecare dat\u0103, recomand\u0103m celor care au cuno\u0219tin\u021b\u0103 de astfel de fapte s\u0103 le semnaleze \u00een continuare cu aceea\u0219i promptitudine \u0219i \u00eei asigur\u0103m de \u00eentreaga noastr\u0103 disponibilitate de interven\u021bie pentru depistarea \u0219i sanc\u021bionarea vinova\u021bilor.<\/p>\n","protected":false},"excerpt":{"rendered":"<p>Echipaje de jandarmerie din cadrul Sec\u021biei de jandarmi Blaj au depistat, luni, trei b\u0103rba\u021bi ce transportau lemn, f\u0103r\u0103 a avea asupra lor documente justificative. B\u0103rba\u021bii cu v\u00e2rste cuprinse \u00eentre 24 \u0219i 27 de ani, au fost surprin\u0219i \u00een jurul orei 12:00, \u00een zona P\u0103durea C\u0103rbunari \u00een timp ce transporta cu ajutorul unui atelaj tras de &hellip;<\/p>\n","protected":false},"author":17,"featured_media":48989,"comment_status":"open","ping_status":"open","sticky":false,"template":"","format":"standard","meta":{"inline_featured_image":false,"footnotes":""},"categories":[2034],"tags":[307,2382,170,3653,2465,1200,6702,308,76],"class_list":["post-48988","post","type-post","status-publish","format-standard","has-post-thumbnail","hentry","category-social","tag-alba","tag-amenda","tag-blaj","tag-confiscat","tag-furt","tag-jandarmi","tag-lemne","tag-stiri","tag-urbea-mea"],"yoast_head":"<!-- This site is optimized with the Yoast SEO plugin v28.3 - https:\/\/yoast.com\/product\/yoast-seo-wordpress\/ -->\n<title>FOTO: Trei tineri, amenda\u0163i de jandarmii bl\u0103jeni cu 2.500 de lei fiecare pentru furt de lemne - Revista Urbea Mea - Revista de Alba<\/title>\n<meta name=\"description\" content=\"Echipaje de jandarmerie din cadrul Sec\u021biei de jandarmi Blaj au depistat, luni, trei b\u0103rba\u021bi ce transportau lemn, f\u0103r\u0103 a avea asupra lor documente\" \/>\n<meta name=\"robots\" content=\"index, follow, max-snippet:-1, max-image-preview:large, max-video-preview:-1\" \/>\n<link rel=\"canonical\" href=\"https:\/\/urbeamea.ro\/albaiulia\/foto-trei-tineri-amndati-de-jandarmii-blajeni-cu-2-500-de-lei-fiecare-pentru-furt-de-lemne\/\" \/>\n<meta name=\"twitter:card\" content=\"summary_large_image\" \/>\n<meta name=\"twitter:title\" content=\"FOTO: Trei tineri, amenda\u0163i de jandarmii bl\u0103jeni cu 2.500 de lei fiecare pentru furt de lemne - Revista Urbea Mea - Revista de Alba\" \/>\n<meta name=\"twitter:description\" content=\"Echipaje de jandarmerie din cadrul Sec\u021biei de jandarmi Blaj au depistat, luni, trei b\u0103rba\u021bi ce transportau lemn, f\u0103r\u0103 a avea asupra lor documente\" \/>\n<meta name=\"twitter:image\" content=\"https:\/\/urbeamea.ro\/albaiulia\/wp-content\/uploads\/2017\/07\/IMG-20170704-WA0001.jpg\" \/>\n<meta name=\"twitter:creator\" content=\"@urbeameaweb\" \/>\n<meta name=\"twitter:site\" content=\"@urbeameaweb\" \/>\n<script type=\"application\/ld+json\" class=\"yoast-schema-graph\">{\"@context\":\"https:\\\/\\\/schema.org\",\"@graph\":[{\"@type\":\"Article\",\"@id\":\"https:\\\/\\\/urbeamea.ro\\\/albaiulia\\\/foto-trei-tineri-amndati-de-jandarmii-blajeni-cu-2-500-de-lei-fiecare-pentru-furt-de-lemne\\\/#article\",\"isPartOf\":{\"@id\":\"https:\\\/\\\/urbeamea.ro\\\/albaiulia\\\/foto-trei-tineri-amndati-de-jandarmii-blajeni-cu-2-500-de-lei-fiecare-pentru-furt-de-lemne\\\/\"},\"author\":{\"name\":\"Cristina Ganga\",\"@id\":\"https:\\\/\\\/urbeamea.ro\\\/albaiulia\\\/#\\\/schema\\\/person\\\/9700d21fae21c4f038b0b56f4506264a\"},\"headline\":\"FOTO: Trei tineri, amenda\u0163i de jandarmii bl\u0103jeni cu 2.500 de lei fiecare pentru furt de lemne\",\"datePublished\":\"2017-07-04T10:19:40+00:00\",\"dateModified\":\"2017-07-04T10:51:36+00:00\",\"mainEntityOfPage\":{\"@id\":\"https:\\\/\\\/urbeamea.ro\\\/albaiulia\\\/foto-trei-tineri-amndati-de-jandarmii-blajeni-cu-2-500-de-lei-fiecare-pentru-furt-de-lemne\\\/\"},\"wordCount\":198,\"commentCount\":0,\"image\":{\"@id\":\"https:\\\/\\\/urbeamea.ro\\\/albaiulia\\\/foto-trei-tineri-amndati-de-jandarmii-blajeni-cu-2-500-de-lei-fiecare-pentru-furt-de-lemne\\\/#primaryimage\"},\"thumbnailUrl\":\"https:\\\/\\\/urbeamea.ro\\\/albaiulia\\\/wp-content\\\/uploads\\\/2017\\\/07\\\/IMG-20170704-WA0001.jpg\",\"keywords\":[\"alba\",\"amenda\",\"blaj\",\"confiscat\",\"furt\",\"jandarmi\",\"lemne\",\"stiri\",\"Urbea Mea\"],\"articleSection\":[\"Social\"],\"inLanguage\":\"ro-RO\",\"potentialAction\":[{\"@type\":\"CommentAction\",\"name\":\"Comment\",\"target\":[\"https:\\\/\\\/urbeamea.ro\\\/albaiulia\\\/foto-trei-tineri-amndati-de-jandarmii-blajeni-cu-2-500-de-lei-fiecare-pentru-furt-de-lemne\\\/#respond\"]}]},{\"@type\":\"WebPage\",\"@id\":\"https:\\\/\\\/urbeamea.ro\\\/albaiulia\\\/foto-trei-tineri-amndati-de-jandarmii-blajeni-cu-2-500-de-lei-fiecare-pentru-furt-de-lemne\\\/\",\"url\":\"https:\\\/\\\/urbeamea.ro\\\/albaiulia\\\/foto-trei-tineri-amndati-de-jandarmii-blajeni-cu-2-500-de-lei-fiecare-pentru-furt-de-lemne\\\/\",\"name\":\"FOTO: Trei tineri, amenda\u0163i de jandarmii bl\u0103jeni cu 2.500 de lei fiecare pentru furt de lemne - Revista Urbea Mea - Revista de Alba\",\"isPartOf\":{\"@id\":\"https:\\\/\\\/urbeamea.ro\\\/albaiulia\\\/#website\"},\"primaryImageOfPage\":{\"@id\":\"https:\\\/\\\/urbeamea.ro\\\/albaiulia\\\/foto-trei-tineri-amndati-de-jandarmii-blajeni-cu-2-500-de-lei-fiecare-pentru-furt-de-lemne\\\/#primaryimage\"},\"image\":{\"@id\":\"https:\\\/\\\/urbeamea.ro\\\/albaiulia\\\/foto-trei-tineri-amndati-de-jandarmii-blajeni-cu-2-500-de-lei-fiecare-pentru-furt-de-lemne\\\/#primaryimage\"},\"thumbnailUrl\":\"https:\\\/\\\/urbeamea.ro\\\/albaiulia\\\/wp-content\\\/uploads\\\/2017\\\/07\\\/IMG-20170704-WA0001.jpg\",\"datePublished\":\"2017-07-04T10:19:40+00:00\",\"dateModified\":\"2017-07-04T10:51:36+00:00\",\"author\":{\"@id\":\"https:\\\/\\\/urbeamea.ro\\\/albaiulia\\\/#\\\/schema\\\/person\\\/9700d21fae21c4f038b0b56f4506264a\"},\"description\":\"Echipaje de jandarmerie din cadrul Sec\u021biei de jandarmi Blaj au depistat, luni, trei b\u0103rba\u021bi ce transportau lemn, f\u0103r\u0103 a avea asupra lor documente\",\"breadcrumb\":{\"@id\":\"https:\\\/\\\/urbeamea.ro\\\/albaiulia\\\/foto-trei-tineri-amndati-de-jandarmii-blajeni-cu-2-500-de-lei-fiecare-pentru-furt-de-lemne\\\/#breadcrumb\"},\"inLanguage\":\"ro-RO\",\"potentialAction\":[{\"@type\":\"ReadAction\",\"target\":[\"https:\\\/\\\/urbeamea.ro\\\/albaiulia\\\/foto-trei-tineri-amndati-de-jandarmii-blajeni-cu-2-500-de-lei-fiecare-pentru-furt-de-lemne\\\/\"]}]},{\"@type\":\"ImageObject\",\"inLanguage\":\"ro-RO\",\"@id\":\"https:\\\/\\\/urbeamea.ro\\\/albaiulia\\\/foto-trei-tineri-amndati-de-jandarmii-blajeni-cu-2-500-de-lei-fiecare-pentru-furt-de-lemne\\\/#primaryimage\",\"url\":\"https:\\\/\\\/urbeamea.ro\\\/albaiulia\\\/wp-content\\\/uploads\\\/2017\\\/07\\\/IMG-20170704-WA0001.jpg\",\"contentUrl\":\"https:\\\/\\\/urbeamea.ro\\\/albaiulia\\\/wp-content\\\/uploads\\\/2017\\\/07\\\/IMG-20170704-WA0001.jpg\",\"width\":900,\"height\":1200},{\"@type\":\"BreadcrumbList\",\"@id\":\"https:\\\/\\\/urbeamea.ro\\\/albaiulia\\\/foto-trei-tineri-amndati-de-jandarmii-blajeni-cu-2-500-de-lei-fiecare-pentru-furt-de-lemne\\\/#breadcrumb\",\"itemListElement\":[{\"@type\":\"ListItem\",\"position\":1,\"name\":\"Prima pagin\u0103\",\"item\":\"https:\\\/\\\/urbeamea.ro\\\/albaiulia\\\/\"},{\"@type\":\"ListItem\",\"position\":2,\"name\":\"FOTO: Trei tineri, amenda\u0163i de jandarmii bl\u0103jeni cu 2.500 de lei fiecare pentru furt de lemne\"}]},{\"@type\":\"WebSite\",\"@id\":\"https:\\\/\\\/urbeamea.ro\\\/albaiulia\\\/#website\",\"url\":\"https:\\\/\\\/urbeamea.ro\\\/albaiulia\\\/\",\"name\":\"Revista Urbea Mea, Stiri urbane\",\"description\":\"Evenimente \u0219i \u0219tiri din Alba Iulia, Sebe\u0219, Aiud, Blaj\",\"potentialAction\":[{\"@type\":\"SearchAction\",\"target\":{\"@type\":\"EntryPoint\",\"urlTemplate\":\"https:\\\/\\\/urbeamea.ro\\\/albaiulia\\\/?s={search_term_string}\"},\"query-input\":{\"@type\":\"PropertyValueSpecification\",\"valueRequired\":true,\"valueName\":\"search_term_string\"}}],\"inLanguage\":\"ro-RO\"},{\"@type\":\"Person\",\"@id\":\"https:\\\/\\\/urbeamea.ro\\\/albaiulia\\\/#\\\/schema\\\/person\\\/9700d21fae21c4f038b0b56f4506264a\",\"name\":\"Cristina Ganga\",\"image\":{\"@type\":\"ImageObject\",\"inLanguage\":\"ro-RO\",\"@id\":\"https:\\\/\\\/secure.gravatar.com\\\/avatar\\\/5a67661041f057b4a8ccaf26f5a8e86e2689372006d01faf3dd9eeb10b654bb4?s=96&d=mm&r=g\",\"url\":\"https:\\\/\\\/secure.gravatar.com\\\/avatar\\\/5a67661041f057b4a8ccaf26f5a8e86e2689372006d01faf3dd9eeb10b654bb4?s=96&d=mm&r=g\",\"contentUrl\":\"https:\\\/\\\/secure.gravatar.com\\\/avatar\\\/5a67661041f057b4a8ccaf26f5a8e86e2689372006d01faf3dd9eeb10b654bb4?s=96&d=mm&r=g\",\"caption\":\"Cristina Ganga\"},\"description\":\"Jurnalist\",\"sameAs\":[\"https:\\\/\\\/www.facebook.com\\\/cristina.nicola.587\"],\"url\":\"https:\\\/\\\/urbeamea.ro\\\/albaiulia\\\/author\\\/cristina-nicola\\\/\"}]}<\/script>\n<!-- \/ Yoast SEO plugin. -->","yoast_head_json":{"title":"FOTO: Trei tineri, amenda\u0163i de jandarmii bl\u0103jeni cu 2.500 de lei fiecare pentru furt de lemne - Revista Urbea Mea - Revista de Alba","description":"Echipaje de jandarmerie din cadrul Sec\u021biei de jandarmi Blaj au depistat, luni, trei b\u0103rba\u021bi ce transportau lemn, f\u0103r\u0103 a avea asupra lor documente","robots":{"index":"index","follow":"follow","max-snippet":"max-snippet:-1","max-image-preview":"max-image-preview:large","max-video-preview":"max-video-preview:-1"},"canonical":"https:\/\/urbeamea.ro\/albaiulia\/foto-trei-tineri-amndati-de-jandarmii-blajeni-cu-2-500-de-lei-fiecare-pentru-furt-de-lemne\/","twitter_card":"summary_large_image","twitter_title":"FOTO: Trei tineri, amenda\u0163i de jandarmii bl\u0103jeni cu 2.500 de lei fiecare pentru furt de lemne - Revista Urbea Mea - Revista de Alba","twitter_description":"Echipaje de jandarmerie din cadrul Sec\u021biei de jandarmi Blaj au depistat, luni, trei b\u0103rba\u021bi ce transportau lemn, f\u0103r\u0103 a avea asupra lor documente","twitter_image":"https:\/\/urbeamea.ro\/albaiulia\/wp-content\/uploads\/2017\/07\/IMG-20170704-WA0001.jpg","twitter_creator":"@urbeameaweb","twitter_site":"@urbeameaweb","schema":{"@context":"https:\/\/schema.org","@graph":[{"@type":"Article","@id":"https:\/\/urbeamea.ro\/albaiulia\/foto-trei-tineri-amndati-de-jandarmii-blajeni-cu-2-500-de-lei-fiecare-pentru-furt-de-lemne\/#article","isPartOf":{"@id":"https:\/\/urbeamea.ro\/albaiulia\/foto-trei-tineri-amndati-de-jandarmii-blajeni-cu-2-500-de-lei-fiecare-pentru-furt-de-lemne\/"},"author":{"name":"Cristina Ganga","@id":"https:\/\/urbeamea.ro\/albaiulia\/#\/schema\/person\/9700d21fae21c4f038b0b56f4506264a"},"headline":"FOTO: Trei tineri, amenda\u0163i de jandarmii bl\u0103jeni cu 2.500 de lei fiecare pentru furt de lemne","datePublished":"2017-07-04T10:19:40+00:00","dateModified":"2017-07-04T10:51:36+00:00","mainEntityOfPage":{"@id":"https:\/\/urbeamea.ro\/albaiulia\/foto-trei-tineri-amndati-de-jandarmii-blajeni-cu-2-500-de-lei-fiecare-pentru-furt-de-lemne\/"},"wordCount":198,"commentCount":0,"image":{"@id":"https:\/\/urbeamea.ro\/albaiulia\/foto-trei-tineri-amndati-de-jandarmii-blajeni-cu-2-500-de-lei-fiecare-pentru-furt-de-lemne\/#primaryimage"},"thumbnailUrl":"https:\/\/urbeamea.ro\/albaiulia\/wp-content\/uploads\/2017\/07\/IMG-20170704-WA0001.jpg","keywords":["alba","amenda","blaj","confiscat","furt","jandarmi","lemne","stiri","Urbea Mea"],"articleSection":["Social"],"inLanguage":"ro-RO","potentialAction":[{"@type":"CommentAction","name":"Comment","target":["https:\/\/urbeamea.ro\/albaiulia\/foto-trei-tineri-amndati-de-jandarmii-blajeni-cu-2-500-de-lei-fiecare-pentru-furt-de-lemne\/#respond"]}]},{"@type":"WebPage","@id":"https:\/\/urbeamea.ro\/albaiulia\/foto-trei-tineri-amndati-de-jandarmii-blajeni-cu-2-500-de-lei-fiecare-pentru-furt-de-lemne\/","url":"https:\/\/urbeamea.ro\/albaiulia\/foto-trei-tineri-amndati-de-jandarmii-blajeni-cu-2-500-de-lei-fiecare-pentru-furt-de-lemne\/","name":"FOTO: Trei tineri, amenda\u0163i de jandarmii bl\u0103jeni cu 2.500 de lei fiecare pentru furt de lemne - Revista Urbea Mea - Revista de Alba","isPartOf":{"@id":"https:\/\/urbeamea.ro\/albaiulia\/#website"},"primaryImageOfPage":{"@id":"https:\/\/urbeamea.ro\/albaiulia\/foto-trei-tineri-amndati-de-jandarmii-blajeni-cu-2-500-de-lei-fiecare-pentru-furt-de-lemne\/#primaryimage"},"image":{"@id":"https:\/\/urbeamea.ro\/albaiulia\/foto-trei-tineri-amndati-de-jandarmii-blajeni-cu-2-500-de-lei-fiecare-pentru-furt-de-lemne\/#primaryimage"},"thumbnailUrl":"https:\/\/urbeamea.ro\/albaiulia\/wp-content\/uploads\/2017\/07\/IMG-20170704-WA0001.jpg","datePublished":"2017-07-04T10:19:40+00:00","dateModified":"2017-07-04T10:51:36+00:00","author":{"@id":"https:\/\/urbeamea.ro\/albaiulia\/#\/schema\/person\/9700d21fae21c4f038b0b56f4506264a"},"description":"Echipaje de jandarmerie din cadrul Sec\u021biei de jandarmi Blaj au depistat, luni, trei b\u0103rba\u021bi ce transportau lemn, f\u0103r\u0103 a avea asupra lor documente","breadcrumb":{"@id":"https:\/\/urbeamea.ro\/albaiulia\/foto-trei-tineri-amndati-de-jandarmii-blajeni-cu-2-500-de-lei-fiecare-pentru-furt-de-lemne\/#breadcrumb"},"inLanguage":"ro-RO","potentialAction":[{"@type":"ReadAction","target":["https:\/\/urbeamea.ro\/albaiulia\/foto-trei-tineri-amndati-de-jandarmii-blajeni-cu-2-500-de-lei-fiecare-pentru-furt-de-lemne\/"]}]},{"@type":"ImageObject","inLanguage":"ro-RO","@id":"https:\/\/urbeamea.ro\/albaiulia\/foto-trei-tineri-amndati-de-jandarmii-blajeni-cu-2-500-de-lei-fiecare-pentru-furt-de-lemne\/#primaryimage","url":"https:\/\/urbeamea.ro\/albaiulia\/wp-content\/uploads\/2017\/07\/IMG-20170704-WA0001.jpg","contentUrl":"https:\/\/urbeamea.ro\/albaiulia\/wp-content\/uploads\/2017\/07\/IMG-20170704-WA0001.jpg","width":900,"height":1200},{"@type":"BreadcrumbList","@id":"https:\/\/urbeamea.ro\/albaiulia\/foto-trei-tineri-amndati-de-jandarmii-blajeni-cu-2-500-de-lei-fiecare-pentru-furt-de-lemne\/#breadcrumb","itemListElement":[{"@type":"ListItem","position":1,"name":"Prima pagin\u0103","item":"https:\/\/urbeamea.ro\/albaiulia\/"},{"@type":"ListItem","position":2,"name":"FOTO: Trei tineri, amenda\u0163i de jandarmii bl\u0103jeni cu 2.500 de lei fiecare pentru furt de lemne"}]},{"@type":"WebSite","@id":"https:\/\/urbeamea.ro\/albaiulia\/#website","url":"https:\/\/urbeamea.ro\/albaiulia\/","name":"Revista Urbea Mea, Stiri urbane","description":"Evenimente \u0219i \u0219tiri din Alba Iulia, Sebe\u0219, Aiud, Blaj","potentialAction":[{"@type":"SearchAction","target":{"@type":"EntryPoint","urlTemplate":"https:\/\/urbeamea.ro\/albaiulia\/?s={search_term_string}"},"query-input":{"@type":"PropertyValueSpecification","valueRequired":true,"valueName":"search_term_string"}}],"inLanguage":"ro-RO"},{"@type":"Person","@id":"https:\/\/urbeamea.ro\/albaiulia\/#\/schema\/person\/9700d21fae21c4f038b0b56f4506264a","name":"Cristina Ganga","image":{"@type":"ImageObject","inLanguage":"ro-RO","@id":"https:\/\/secure.gravatar.com\/avatar\/5a67661041f057b4a8ccaf26f5a8e86e2689372006d01faf3dd9eeb10b654bb4?s=96&d=mm&r=g","url":"https:\/\/secure.gravatar.com\/avatar\/5a67661041f057b4a8ccaf26f5a8e86e2689372006d01faf3dd9eeb10b654bb4?s=96&d=mm&r=g","contentUrl":"https:\/\/secure.gravatar.com\/avatar\/5a67661041f057b4a8ccaf26f5a8e86e2689372006d01faf3dd9eeb10b654bb4?s=96&d=mm&r=g","caption":"Cristina Ganga"},"description":"Jurnalist","sameAs":["https:\/\/www.facebook.com\/cristina.nicola.587"],"url":"https:\/\/urbeamea.ro\/albaiulia\/author\/cristina-nicola\/"}]}},"_links":{"self":[{"href":"https:\/\/urbeamea.ro\/albaiulia\/wp-json\/wp\/v2\/posts\/48988","targetHints":{"allow":["GET"]}}],"collection":[{"href":"https:\/\/urbeamea.ro\/albaiulia\/wp-json\/wp\/v2\/posts"}],"about":[{"href":"https:\/\/urbeamea.ro\/albaiulia\/wp-json\/wp\/v2\/types\/post"}],"author":[{"embeddable":true,"href":"https:\/\/urbeamea.ro\/albaiulia\/wp-json\/wp\/v2\/users\/17"}],"replies":[{"embeddable":true,"href":"https:\/\/urbeamea.ro\/albaiulia\/wp-json\/wp\/v2\/comments?post=48988"}],"version-history":[{"count":0,"href":"https:\/\/urbeamea.ro\/albaiulia\/wp-json\/wp\/v2\/posts\/48988\/revisions"}],"wp:featuredmedia":[{"embeddable":true,"href":"https:\/\/urbeamea.ro\/albaiulia\/wp-json\/wp\/v2\/media\/48989"}],"wp:attachment":[{"href":"https:\/\/urbeamea.ro\/albaiulia\/wp-json\/wp\/v2\/media?parent=48988"}],"wp:term":[{"taxonomy":"category","embeddable":true,"href":"https:\/\/urbeamea.ro\/albaiulia\/wp-json\/wp\/v2\/categories?post=48988"},{"taxonomy":"post_tag","embeddable":true,"href":"https:\/\/urbeamea.ro\/albaiulia\/wp-json\/wp\/v2\/tags?post=48988"}],"curies":[{"name":"wp","href":"https:\/\/api.w.org\/{rel}","templated":true}]}}