{"id":49073,"date":"2017-07-06T10:57:20","date_gmt":"2017-07-06T07:57:20","guid":{"rendered":"https:\/\/urbeamea.ro\/albaiulia\/?p=49073"},"modified":"2017-07-06T10:57:20","modified_gmt":"2017-07-06T07:57:20","slug":"foto-accident-rutier-la-santimbru-sase-persoane-au-fost-ranite-dupa-ce-un-autoturism-nu-a-dat-prioritate-unui-microbuz","status":"publish","type":"post","link":"https:\/\/urbeamea.ro\/albaiulia\/foto-accident-rutier-la-santimbru-sase-persoane-au-fost-ranite-dupa-ce-un-autoturism-nu-a-dat-prioritate-unui-microbuz\/","title":{"rendered":"FOTO: Accident rutier la S\u00e2ntimbru. \u015ease persoane au fost r\u0103nite dup\u0103 ce un autoturism nu a dat prioritate unui microbuz"},"content":{"rendered":"<p><strong>\u0218ase persoane s-au ales cu r\u0103ni u\u015foare joi diminea\u021b\u0103, \u00een urma unui accident petrecut pe DN1 \u00een apropierea benzin\u0103riei Florea din S\u00eentimbru. Potrivit IPJ Alba, un autoturism nu a acordat prioritate unui microbuz cu pasageri.<br \/>\n<\/strong><\/p>\n<p>La fa\u021ba locului s-au deplasat echipaje de poli\u021bie \u0219i echipe ale Inspectoratului pentru Situa\u021bii de Urgen\u021b\u0103.<\/p>\n<p>Victimele se aflau \u00eentr-un microbuz care transporta muncitori. Ace\u0219tia au fost\u00a0transporta\u021bi la spitalul din Alba Iulia pentru \u00eengrijiri medicale \u0219i investiga\u021bii de specialitate.<\/p>\n<p>Revenim cu am\u0103nunte<strong>.\u00a0<\/strong><\/p>\n<p><em>Sursa foto: FB Infotrafic Alba<\/em><\/p>\n","protected":false},"excerpt":{"rendered":"<p>\u0218ase persoane s-au ales cu r\u0103ni u\u015foare joi diminea\u021b\u0103, \u00een urma unui accident petrecut pe DN1 \u00een apropierea benzin\u0103riei Florea din S\u00eentimbru. Potrivit IPJ Alba, un autoturism nu a acordat prioritate unui microbuz cu pasageri. La fa\u021ba locului s-au deplasat echipaje de poli\u021bie \u0219i echipe ale Inspectoratului pentru Situa\u021bii de Urgen\u021b\u0103. Victimele se aflau \u00eentr-un &hellip;<\/p>\n","protected":false},"author":17,"featured_media":49074,"comment_status":"open","ping_status":"open","sticky":false,"template":"","format":"standard","meta":{"inline_featured_image":false,"footnotes":""},"categories":[1],"tags":[31,2416,11681,3934,3437,3319,2532,308,76],"class_list":["post-49073","post","type-post","status-publish","format-standard","has-post-thumbnail","hentry","category-stiri-urbane","tag-alba-iulia","tag-autoturism","tag-benzinarie","tag-microbuz","tag-pasageri","tag-prioritate","tag-santimbru","tag-stiri","tag-urbea-mea"],"yoast_head":"<!-- This site is optimized with the Yoast SEO plugin v28.3 - https:\/\/yoast.com\/product\/yoast-seo-wordpress\/ -->\n<title>FOTO: Accident rutier la S\u00e2ntimbru. \u015ease persoane au fost r\u0103nite dup\u0103 ce un autoturism nu a dat prioritate unui microbuz - Revista Urbea Mea - Revista de Alba<\/title>\n<meta name=\"description\" content=\"\u0218ase persoane s-au ales cu r\u0103ni u\u015foare joi diminea\u021b\u0103, \u00een urma unui accident petrecut pe DN1 \u00een apropierea benzin\u0103riei Florea din S\u00eentimbru. Potrivit IPJ\" \/>\n<meta name=\"robots\" content=\"index, follow, max-snippet:-1, max-image-preview:large, max-video-preview:-1\" \/>\n<link rel=\"canonical\" href=\"https:\/\/urbeamea.ro\/albaiulia\/foto-accident-rutier-la-santimbru-sase-persoane-au-fost-ranite-dupa-ce-un-autoturism-nu-a-dat-prioritate-unui-microbuz\/\" \/>\n<meta name=\"twitter:card\" content=\"summary_large_image\" \/>\n<meta name=\"twitter:title\" content=\"FOTO: Accident rutier la S\u00e2ntimbru. \u015ease persoane au fost r\u0103nite dup\u0103 ce un autoturism nu a dat prioritate unui microbuz - Revista Urbea Mea - Revista de Alba\" \/>\n<meta name=\"twitter:description\" content=\"\u0218ase persoane s-au ales cu r\u0103ni u\u015foare joi diminea\u021b\u0103, \u00een urma unui accident petrecut pe DN1 \u00een apropierea benzin\u0103riei Florea din S\u00eentimbru. Potrivit IPJ\" \/>\n<meta name=\"twitter:image\" content=\"https:\/\/urbeamea.ro\/albaiulia\/wp-content\/uploads\/2017\/07\/accident-1.jpg\" \/>\n<meta name=\"twitter:creator\" content=\"@urbeameaweb\" \/>\n<meta name=\"twitter:site\" content=\"@urbeameaweb\" \/>\n<script type=\"application\/ld+json\" class=\"yoast-schema-graph\">{\"@context\":\"https:\\\/\\\/schema.org\",\"@graph\":[{\"@type\":\"Article\",\"@id\":\"https:\\\/\\\/urbeamea.ro\\\/albaiulia\\\/foto-accident-rutier-la-santimbru-sase-persoane-au-fost-ranite-dupa-ce-un-autoturism-nu-a-dat-prioritate-unui-microbuz\\\/#article\",\"isPartOf\":{\"@id\":\"https:\\\/\\\/urbeamea.ro\\\/albaiulia\\\/foto-accident-rutier-la-santimbru-sase-persoane-au-fost-ranite-dupa-ce-un-autoturism-nu-a-dat-prioritate-unui-microbuz\\\/\"},\"author\":{\"name\":\"Cristina Ganga\",\"@id\":\"https:\\\/\\\/urbeamea.ro\\\/albaiulia\\\/#\\\/schema\\\/person\\\/9700d21fae21c4f038b0b56f4506264a\"},\"headline\":\"FOTO: Accident rutier la S\u00e2ntimbru. \u015ease persoane au fost r\u0103nite dup\u0103 ce un autoturism nu a dat prioritate unui microbuz\",\"datePublished\":\"2017-07-06T07:57:20+00:00\",\"mainEntityOfPage\":{\"@id\":\"https:\\\/\\\/urbeamea.ro\\\/albaiulia\\\/foto-accident-rutier-la-santimbru-sase-persoane-au-fost-ranite-dupa-ce-un-autoturism-nu-a-dat-prioritate-unui-microbuz\\\/\"},\"wordCount\":116,\"commentCount\":0,\"image\":{\"@id\":\"https:\\\/\\\/urbeamea.ro\\\/albaiulia\\\/foto-accident-rutier-la-santimbru-sase-persoane-au-fost-ranite-dupa-ce-un-autoturism-nu-a-dat-prioritate-unui-microbuz\\\/#primaryimage\"},\"thumbnailUrl\":\"https:\\\/\\\/urbeamea.ro\\\/albaiulia\\\/wp-content\\\/uploads\\\/2017\\\/07\\\/accident-1.jpg\",\"keywords\":[\"Alba Iulia\",\"autoturism\",\"benzinarie\",\"microbuz\",\"pasageri\",\"prioritate\",\"santimbru\",\"stiri\",\"Urbea Mea\"],\"articleSection\":[\"\u015etiri Urbane\"],\"inLanguage\":\"ro-RO\",\"potentialAction\":[{\"@type\":\"CommentAction\",\"name\":\"Comment\",\"target\":[\"https:\\\/\\\/urbeamea.ro\\\/albaiulia\\\/foto-accident-rutier-la-santimbru-sase-persoane-au-fost-ranite-dupa-ce-un-autoturism-nu-a-dat-prioritate-unui-microbuz\\\/#respond\"]}]},{\"@type\":\"WebPage\",\"@id\":\"https:\\\/\\\/urbeamea.ro\\\/albaiulia\\\/foto-accident-rutier-la-santimbru-sase-persoane-au-fost-ranite-dupa-ce-un-autoturism-nu-a-dat-prioritate-unui-microbuz\\\/\",\"url\":\"https:\\\/\\\/urbeamea.ro\\\/albaiulia\\\/foto-accident-rutier-la-santimbru-sase-persoane-au-fost-ranite-dupa-ce-un-autoturism-nu-a-dat-prioritate-unui-microbuz\\\/\",\"name\":\"FOTO: Accident rutier la S\u00e2ntimbru. \u015ease persoane au fost r\u0103nite dup\u0103 ce un autoturism nu a dat prioritate unui microbuz - Revista Urbea Mea - Revista de Alba\",\"isPartOf\":{\"@id\":\"https:\\\/\\\/urbeamea.ro\\\/albaiulia\\\/#website\"},\"primaryImageOfPage\":{\"@id\":\"https:\\\/\\\/urbeamea.ro\\\/albaiulia\\\/foto-accident-rutier-la-santimbru-sase-persoane-au-fost-ranite-dupa-ce-un-autoturism-nu-a-dat-prioritate-unui-microbuz\\\/#primaryimage\"},\"image\":{\"@id\":\"https:\\\/\\\/urbeamea.ro\\\/albaiulia\\\/foto-accident-rutier-la-santimbru-sase-persoane-au-fost-ranite-dupa-ce-un-autoturism-nu-a-dat-prioritate-unui-microbuz\\\/#primaryimage\"},\"thumbnailUrl\":\"https:\\\/\\\/urbeamea.ro\\\/albaiulia\\\/wp-content\\\/uploads\\\/2017\\\/07\\\/accident-1.jpg\",\"datePublished\":\"2017-07-06T07:57:20+00:00\",\"author\":{\"@id\":\"https:\\\/\\\/urbeamea.ro\\\/albaiulia\\\/#\\\/schema\\\/person\\\/9700d21fae21c4f038b0b56f4506264a\"},\"description\":\"\u0218ase persoane s-au ales cu r\u0103ni u\u015foare joi diminea\u021b\u0103, \u00een urma unui accident petrecut pe DN1 \u00een apropierea benzin\u0103riei Florea din S\u00eentimbru. Potrivit IPJ\",\"breadcrumb\":{\"@id\":\"https:\\\/\\\/urbeamea.ro\\\/albaiulia\\\/foto-accident-rutier-la-santimbru-sase-persoane-au-fost-ranite-dupa-ce-un-autoturism-nu-a-dat-prioritate-unui-microbuz\\\/#breadcrumb\"},\"inLanguage\":\"ro-RO\",\"potentialAction\":[{\"@type\":\"ReadAction\",\"target\":[\"https:\\\/\\\/urbeamea.ro\\\/albaiulia\\\/foto-accident-rutier-la-santimbru-sase-persoane-au-fost-ranite-dupa-ce-un-autoturism-nu-a-dat-prioritate-unui-microbuz\\\/\"]}]},{\"@type\":\"ImageObject\",\"inLanguage\":\"ro-RO\",\"@id\":\"https:\\\/\\\/urbeamea.ro\\\/albaiulia\\\/foto-accident-rutier-la-santimbru-sase-persoane-au-fost-ranite-dupa-ce-un-autoturism-nu-a-dat-prioritate-unui-microbuz\\\/#primaryimage\",\"url\":\"https:\\\/\\\/urbeamea.ro\\\/albaiulia\\\/wp-content\\\/uploads\\\/2017\\\/07\\\/accident-1.jpg\",\"contentUrl\":\"https:\\\/\\\/urbeamea.ro\\\/albaiulia\\\/wp-content\\\/uploads\\\/2017\\\/07\\\/accident-1.jpg\",\"width\":960,\"height\":720},{\"@type\":\"BreadcrumbList\",\"@id\":\"https:\\\/\\\/urbeamea.ro\\\/albaiulia\\\/foto-accident-rutier-la-santimbru-sase-persoane-au-fost-ranite-dupa-ce-un-autoturism-nu-a-dat-prioritate-unui-microbuz\\\/#breadcrumb\",\"itemListElement\":[{\"@type\":\"ListItem\",\"position\":1,\"name\":\"Prima pagin\u0103\",\"item\":\"https:\\\/\\\/urbeamea.ro\\\/albaiulia\\\/\"},{\"@type\":\"ListItem\",\"position\":2,\"name\":\"FOTO: Accident rutier la S\u00e2ntimbru. \u015ease persoane au fost r\u0103nite dup\u0103 ce un autoturism nu a dat prioritate unui microbuz\"}]},{\"@type\":\"WebSite\",\"@id\":\"https:\\\/\\\/urbeamea.ro\\\/albaiulia\\\/#website\",\"url\":\"https:\\\/\\\/urbeamea.ro\\\/albaiulia\\\/\",\"name\":\"Revista Urbea Mea, Stiri urbane\",\"description\":\"Evenimente \u0219i \u0219tiri din Alba Iulia, Sebe\u0219, Aiud, Blaj\",\"potentialAction\":[{\"@type\":\"SearchAction\",\"target\":{\"@type\":\"EntryPoint\",\"urlTemplate\":\"https:\\\/\\\/urbeamea.ro\\\/albaiulia\\\/?s={search_term_string}\"},\"query-input\":{\"@type\":\"PropertyValueSpecification\",\"valueRequired\":true,\"valueName\":\"search_term_string\"}}],\"inLanguage\":\"ro-RO\"},{\"@type\":\"Person\",\"@id\":\"https:\\\/\\\/urbeamea.ro\\\/albaiulia\\\/#\\\/schema\\\/person\\\/9700d21fae21c4f038b0b56f4506264a\",\"name\":\"Cristina Ganga\",\"image\":{\"@type\":\"ImageObject\",\"inLanguage\":\"ro-RO\",\"@id\":\"https:\\\/\\\/secure.gravatar.com\\\/avatar\\\/5a67661041f057b4a8ccaf26f5a8e86e2689372006d01faf3dd9eeb10b654bb4?s=96&d=mm&r=g\",\"url\":\"https:\\\/\\\/secure.gravatar.com\\\/avatar\\\/5a67661041f057b4a8ccaf26f5a8e86e2689372006d01faf3dd9eeb10b654bb4?s=96&d=mm&r=g\",\"contentUrl\":\"https:\\\/\\\/secure.gravatar.com\\\/avatar\\\/5a67661041f057b4a8ccaf26f5a8e86e2689372006d01faf3dd9eeb10b654bb4?s=96&d=mm&r=g\",\"caption\":\"Cristina Ganga\"},\"description\":\"Jurnalist\",\"sameAs\":[\"https:\\\/\\\/www.facebook.com\\\/cristina.nicola.587\"],\"url\":\"https:\\\/\\\/urbeamea.ro\\\/albaiulia\\\/author\\\/cristina-nicola\\\/\"}]}<\/script>\n<!-- \/ Yoast SEO plugin. -->","yoast_head_json":{"title":"FOTO: Accident rutier la S\u00e2ntimbru. \u015ease persoane au fost r\u0103nite dup\u0103 ce un autoturism nu a dat prioritate unui microbuz - Revista Urbea Mea - Revista de Alba","description":"\u0218ase persoane s-au ales cu r\u0103ni u\u015foare joi diminea\u021b\u0103, \u00een urma unui accident petrecut pe DN1 \u00een apropierea benzin\u0103riei Florea din S\u00eentimbru. Potrivit IPJ","robots":{"index":"index","follow":"follow","max-snippet":"max-snippet:-1","max-image-preview":"max-image-preview:large","max-video-preview":"max-video-preview:-1"},"canonical":"https:\/\/urbeamea.ro\/albaiulia\/foto-accident-rutier-la-santimbru-sase-persoane-au-fost-ranite-dupa-ce-un-autoturism-nu-a-dat-prioritate-unui-microbuz\/","twitter_card":"summary_large_image","twitter_title":"FOTO: Accident rutier la S\u00e2ntimbru. \u015ease persoane au fost r\u0103nite dup\u0103 ce un autoturism nu a dat prioritate unui microbuz - Revista Urbea Mea - Revista de Alba","twitter_description":"\u0218ase persoane s-au ales cu r\u0103ni u\u015foare joi diminea\u021b\u0103, \u00een urma unui accident petrecut pe DN1 \u00een apropierea benzin\u0103riei Florea din S\u00eentimbru. Potrivit IPJ","twitter_image":"https:\/\/urbeamea.ro\/albaiulia\/wp-content\/uploads\/2017\/07\/accident-1.jpg","twitter_creator":"@urbeameaweb","twitter_site":"@urbeameaweb","schema":{"@context":"https:\/\/schema.org","@graph":[{"@type":"Article","@id":"https:\/\/urbeamea.ro\/albaiulia\/foto-accident-rutier-la-santimbru-sase-persoane-au-fost-ranite-dupa-ce-un-autoturism-nu-a-dat-prioritate-unui-microbuz\/#article","isPartOf":{"@id":"https:\/\/urbeamea.ro\/albaiulia\/foto-accident-rutier-la-santimbru-sase-persoane-au-fost-ranite-dupa-ce-un-autoturism-nu-a-dat-prioritate-unui-microbuz\/"},"author":{"name":"Cristina Ganga","@id":"https:\/\/urbeamea.ro\/albaiulia\/#\/schema\/person\/9700d21fae21c4f038b0b56f4506264a"},"headline":"FOTO: Accident rutier la S\u00e2ntimbru. \u015ease persoane au fost r\u0103nite dup\u0103 ce un autoturism nu a dat prioritate unui microbuz","datePublished":"2017-07-06T07:57:20+00:00","mainEntityOfPage":{"@id":"https:\/\/urbeamea.ro\/albaiulia\/foto-accident-rutier-la-santimbru-sase-persoane-au-fost-ranite-dupa-ce-un-autoturism-nu-a-dat-prioritate-unui-microbuz\/"},"wordCount":116,"commentCount":0,"image":{"@id":"https:\/\/urbeamea.ro\/albaiulia\/foto-accident-rutier-la-santimbru-sase-persoane-au-fost-ranite-dupa-ce-un-autoturism-nu-a-dat-prioritate-unui-microbuz\/#primaryimage"},"thumbnailUrl":"https:\/\/urbeamea.ro\/albaiulia\/wp-content\/uploads\/2017\/07\/accident-1.jpg","keywords":["Alba Iulia","autoturism","benzinarie","microbuz","pasageri","prioritate","santimbru","stiri","Urbea Mea"],"articleSection":["\u015etiri Urbane"],"inLanguage":"ro-RO","potentialAction":[{"@type":"CommentAction","name":"Comment","target":["https:\/\/urbeamea.ro\/albaiulia\/foto-accident-rutier-la-santimbru-sase-persoane-au-fost-ranite-dupa-ce-un-autoturism-nu-a-dat-prioritate-unui-microbuz\/#respond"]}]},{"@type":"WebPage","@id":"https:\/\/urbeamea.ro\/albaiulia\/foto-accident-rutier-la-santimbru-sase-persoane-au-fost-ranite-dupa-ce-un-autoturism-nu-a-dat-prioritate-unui-microbuz\/","url":"https:\/\/urbeamea.ro\/albaiulia\/foto-accident-rutier-la-santimbru-sase-persoane-au-fost-ranite-dupa-ce-un-autoturism-nu-a-dat-prioritate-unui-microbuz\/","name":"FOTO: Accident rutier la S\u00e2ntimbru. \u015ease persoane au fost r\u0103nite dup\u0103 ce un autoturism nu a dat prioritate unui microbuz - Revista Urbea Mea - Revista de Alba","isPartOf":{"@id":"https:\/\/urbeamea.ro\/albaiulia\/#website"},"primaryImageOfPage":{"@id":"https:\/\/urbeamea.ro\/albaiulia\/foto-accident-rutier-la-santimbru-sase-persoane-au-fost-ranite-dupa-ce-un-autoturism-nu-a-dat-prioritate-unui-microbuz\/#primaryimage"},"image":{"@id":"https:\/\/urbeamea.ro\/albaiulia\/foto-accident-rutier-la-santimbru-sase-persoane-au-fost-ranite-dupa-ce-un-autoturism-nu-a-dat-prioritate-unui-microbuz\/#primaryimage"},"thumbnailUrl":"https:\/\/urbeamea.ro\/albaiulia\/wp-content\/uploads\/2017\/07\/accident-1.jpg","datePublished":"2017-07-06T07:57:20+00:00","author":{"@id":"https:\/\/urbeamea.ro\/albaiulia\/#\/schema\/person\/9700d21fae21c4f038b0b56f4506264a"},"description":"\u0218ase persoane s-au ales cu r\u0103ni u\u015foare joi diminea\u021b\u0103, \u00een urma unui accident petrecut pe DN1 \u00een apropierea benzin\u0103riei Florea din S\u00eentimbru. Potrivit IPJ","breadcrumb":{"@id":"https:\/\/urbeamea.ro\/albaiulia\/foto-accident-rutier-la-santimbru-sase-persoane-au-fost-ranite-dupa-ce-un-autoturism-nu-a-dat-prioritate-unui-microbuz\/#breadcrumb"},"inLanguage":"ro-RO","potentialAction":[{"@type":"ReadAction","target":["https:\/\/urbeamea.ro\/albaiulia\/foto-accident-rutier-la-santimbru-sase-persoane-au-fost-ranite-dupa-ce-un-autoturism-nu-a-dat-prioritate-unui-microbuz\/"]}]},{"@type":"ImageObject","inLanguage":"ro-RO","@id":"https:\/\/urbeamea.ro\/albaiulia\/foto-accident-rutier-la-santimbru-sase-persoane-au-fost-ranite-dupa-ce-un-autoturism-nu-a-dat-prioritate-unui-microbuz\/#primaryimage","url":"https:\/\/urbeamea.ro\/albaiulia\/wp-content\/uploads\/2017\/07\/accident-1.jpg","contentUrl":"https:\/\/urbeamea.ro\/albaiulia\/wp-content\/uploads\/2017\/07\/accident-1.jpg","width":960,"height":720},{"@type":"BreadcrumbList","@id":"https:\/\/urbeamea.ro\/albaiulia\/foto-accident-rutier-la-santimbru-sase-persoane-au-fost-ranite-dupa-ce-un-autoturism-nu-a-dat-prioritate-unui-microbuz\/#breadcrumb","itemListElement":[{"@type":"ListItem","position":1,"name":"Prima pagin\u0103","item":"https:\/\/urbeamea.ro\/albaiulia\/"},{"@type":"ListItem","position":2,"name":"FOTO: Accident rutier la S\u00e2ntimbru. \u015ease persoane au fost r\u0103nite dup\u0103 ce un autoturism nu a dat prioritate unui microbuz"}]},{"@type":"WebSite","@id":"https:\/\/urbeamea.ro\/albaiulia\/#website","url":"https:\/\/urbeamea.ro\/albaiulia\/","name":"Revista Urbea Mea, Stiri urbane","description":"Evenimente \u0219i \u0219tiri din Alba Iulia, Sebe\u0219, Aiud, Blaj","potentialAction":[{"@type":"SearchAction","target":{"@type":"EntryPoint","urlTemplate":"https:\/\/urbeamea.ro\/albaiulia\/?s={search_term_string}"},"query-input":{"@type":"PropertyValueSpecification","valueRequired":true,"valueName":"search_term_string"}}],"inLanguage":"ro-RO"},{"@type":"Person","@id":"https:\/\/urbeamea.ro\/albaiulia\/#\/schema\/person\/9700d21fae21c4f038b0b56f4506264a","name":"Cristina Ganga","image":{"@type":"ImageObject","inLanguage":"ro-RO","@id":"https:\/\/secure.gravatar.com\/avatar\/5a67661041f057b4a8ccaf26f5a8e86e2689372006d01faf3dd9eeb10b654bb4?s=96&d=mm&r=g","url":"https:\/\/secure.gravatar.com\/avatar\/5a67661041f057b4a8ccaf26f5a8e86e2689372006d01faf3dd9eeb10b654bb4?s=96&d=mm&r=g","contentUrl":"https:\/\/secure.gravatar.com\/avatar\/5a67661041f057b4a8ccaf26f5a8e86e2689372006d01faf3dd9eeb10b654bb4?s=96&d=mm&r=g","caption":"Cristina Ganga"},"description":"Jurnalist","sameAs":["https:\/\/www.facebook.com\/cristina.nicola.587"],"url":"https:\/\/urbeamea.ro\/albaiulia\/author\/cristina-nicola\/"}]}},"_links":{"self":[{"href":"https:\/\/urbeamea.ro\/albaiulia\/wp-json\/wp\/v2\/posts\/49073","targetHints":{"allow":["GET"]}}],"collection":[{"href":"https:\/\/urbeamea.ro\/albaiulia\/wp-json\/wp\/v2\/posts"}],"about":[{"href":"https:\/\/urbeamea.ro\/albaiulia\/wp-json\/wp\/v2\/types\/post"}],"author":[{"embeddable":true,"href":"https:\/\/urbeamea.ro\/albaiulia\/wp-json\/wp\/v2\/users\/17"}],"replies":[{"embeddable":true,"href":"https:\/\/urbeamea.ro\/albaiulia\/wp-json\/wp\/v2\/comments?post=49073"}],"version-history":[{"count":0,"href":"https:\/\/urbeamea.ro\/albaiulia\/wp-json\/wp\/v2\/posts\/49073\/revisions"}],"wp:featuredmedia":[{"embeddable":true,"href":"https:\/\/urbeamea.ro\/albaiulia\/wp-json\/wp\/v2\/media\/49074"}],"wp:attachment":[{"href":"https:\/\/urbeamea.ro\/albaiulia\/wp-json\/wp\/v2\/media?parent=49073"}],"wp:term":[{"taxonomy":"category","embeddable":true,"href":"https:\/\/urbeamea.ro\/albaiulia\/wp-json\/wp\/v2\/categories?post=49073"},{"taxonomy":"post_tag","embeddable":true,"href":"https:\/\/urbeamea.ro\/albaiulia\/wp-json\/wp\/v2\/tags?post=49073"}],"curies":[{"name":"wp","href":"https:\/\/api.w.org\/{rel}","templated":true}]}}