{"id":4911,"date":"2015-06-09T22:07:37","date_gmt":"2015-06-09T19:07:37","guid":{"rendered":"http:\/\/urbeamea.ro\/albaiulia\/?p=4911"},"modified":"2015-06-09T22:16:21","modified_gmt":"2015-06-09T19:16:21","slug":"avertizare-meteo-ploi-descarcari-electrice-si-vijelii","status":"publish","type":"post","link":"https:\/\/urbeamea.ro\/albaiulia\/avertizare-meteo-ploi-descarcari-electrice-si-vijelii\/","title":{"rendered":"Avertizare meteo: Ploi, desc\u0103rc\u0103ri electrice \u015fi vijelii!"},"content":{"rendered":"<p><a href=\"http:\/\/urbeamea.ro\/albaiulia\/wp-content\/uploads\/2015\/06\/avertizarimeteo.jpg\"><img loading=\"lazy\" decoding=\"async\" class=\"alignleft size-medium wp-image-4912\" src=\"http:\/\/urbeamea.ro\/albaiulia\/wp-content\/uploads\/2015\/06\/avertizarimeteo-300x225.jpg\" alt=\"avertizarimeteo\" width=\"300\" height=\"225\" srcset=\"https:\/\/urbeamea.ro\/albaiulia\/wp-content\/uploads\/2015\/06\/avertizarimeteo-300x225.jpg 300w, https:\/\/urbeamea.ro\/albaiulia\/wp-content\/uploads\/2015\/06\/avertizarimeteo-150x113.jpg 150w, https:\/\/urbeamea.ro\/albaiulia\/wp-content\/uploads\/2015\/06\/avertizarimeteo.jpg 504w\" sizes=\"auto, (max-width: 300px) 100vw, 300px\" \/><\/a>Administra\u021bia Na\u021bional\u0103 de Meteorologie a emis o informare meteo de instabilitate atmosferic\u0103 accentuat\u0103 \u00eencep\u00e2nd de miercuri, 10 iunie de la ora 12:00 p\u00e2n\u0103 joi, 11 iunie la ora 03:00!<\/p>\n<p>\u00cen intervalul men\u0163ionat, instabilitatea atmosferic\u0103 se va accentua \u00een sudul \u015fi \u00een centrul \u0163\u0103rii, precum \u015fi la munte, unde vor fi averse, frecvente desc\u0103rc\u0103ri electrice \u015fi intensific\u0103ri de scurt\u0103 durat\u0103 ale v\u00e2ntului, ce vor avea trec\u0103tor aspect de vijelie.<\/p>\n<p>Ploile vor avea \u015fi caracter toren\u0163ial, cantit\u0103\u0163ile de ap\u0103 vor dep\u0103\u015fi local 15 l\/mp \u015fi izolat 30&#8230;40 l\/mp, cu prec\u0103dere \u00een zona Carpa\u0163ilor de Curbur\u0103, Carpa\u0163ilor Meridionali \u015fi a Mun\u0163ilor Banatului.<\/p>\n<p>Pe arii restr\u00e2nse va c\u0103dea grindin\u0103. \u00cen restul teritoriului instabilitatea atmosferic\u0103 se va manifesta izolat, mai ales \u00een orele serii.<\/p>\n<p><strong>\u00cen aceast\u0103 sear\u0103\u00a0\u00een jude\u0163ul Alba, mai ales \u00een jum\u0103tatea nordic\u0103, \u00een zona localit\u0103\u0163iilor : Cetatea de Balt\u0103, Jidvei, \u015eona, S\u00e2ncel, Blaj se vor semnala averse de ploaie ce pot cumula 25-30 l\/mp, grindin\u0103 de dimensiune mic\u0103 \u015fi medie, desc\u0103rc\u0103ri electrice, intensific\u0103ri ale v\u00e2ntului!<\/strong><\/p>\n","protected":false},"excerpt":{"rendered":"<p>Administra\u021bia Na\u021bional\u0103 de Meteorologie a emis o informare meteo de instabilitate atmosferic\u0103 accentuat\u0103 \u00eencep\u00e2nd de miercuri, 10 iunie de la ora 12:00 p\u00e2n\u0103 joi, 11 iunie la ora 03:00! \u00cen intervalul men\u0163ionat, instabilitatea atmosferic\u0103 se va accentua \u00een sudul \u015fi \u00een centrul \u0163\u0103rii, precum \u015fi la munte, unde vor fi averse, frecvente desc\u0103rc\u0103ri electrice \u015fi &hellip;<\/p>\n","protected":false},"author":16,"featured_media":4912,"comment_status":"open","ping_status":"open","sticky":false,"template":"","format":"standard","meta":{"inline_featured_image":false,"footnotes":""},"categories":[1],"tags":[],"class_list":["post-4911","post","type-post","status-publish","format-standard","has-post-thumbnail","hentry","category-stiri-urbane"],"yoast_head":"<!-- This site is optimized with the Yoast SEO plugin v27.4 - https:\/\/yoast.com\/product\/yoast-seo-wordpress\/ -->\n<title>Avertizare meteo: Ploi, desc\u0103rc\u0103ri electrice \u015fi vijelii! - Revista Urbea Mea - Revista de Alba<\/title>\n<meta name=\"description\" content=\"Administra\u021bia Na\u021bional\u0103 de Meteorologie a emis o informare meteo de instabilitate atmosferic\u0103 accentuat\u0103 \u00eencep\u00e2nd de miercuri, 10 iunie de la ora 12:00\" \/>\n<meta name=\"robots\" content=\"index, follow, max-snippet:-1, max-image-preview:large, max-video-preview:-1\" \/>\n<link rel=\"canonical\" href=\"https:\/\/urbeamea.ro\/albaiulia\/avertizare-meteo-ploi-descarcari-electrice-si-vijelii\/\" \/>\n<meta name=\"twitter:card\" content=\"summary_large_image\" \/>\n<meta name=\"twitter:title\" content=\"Avertizare meteo: Ploi, desc\u0103rc\u0103ri electrice \u015fi vijelii! - Revista Urbea Mea - Revista de Alba\" \/>\n<meta name=\"twitter:description\" content=\"Administra\u021bia Na\u021bional\u0103 de Meteorologie a emis o informare meteo de instabilitate atmosferic\u0103 accentuat\u0103 \u00eencep\u00e2nd de miercuri, 10 iunie de la ora 12:00\" \/>\n<meta name=\"twitter:image\" content=\"https:\/\/urbeamea.ro\/albaiulia\/wp-content\/uploads\/2015\/06\/avertizarimeteo.jpg\" \/>\n<meta name=\"twitter:creator\" content=\"@urbeameaweb\" \/>\n<meta name=\"twitter:site\" content=\"@urbeameaweb\" \/>\n<script type=\"application\/ld+json\" class=\"yoast-schema-graph\">{\"@context\":\"https:\\\/\\\/schema.org\",\"@graph\":[{\"@type\":\"Article\",\"@id\":\"https:\\\/\\\/urbeamea.ro\\\/albaiulia\\\/avertizare-meteo-ploi-descarcari-electrice-si-vijelii\\\/#article\",\"isPartOf\":{\"@id\":\"https:\\\/\\\/urbeamea.ro\\\/albaiulia\\\/avertizare-meteo-ploi-descarcari-electrice-si-vijelii\\\/\"},\"author\":{\"name\":\"Redac\u021bia UrbeaMea\",\"@id\":\"https:\\\/\\\/urbeamea.ro\\\/albaiulia\\\/#\\\/schema\\\/person\\\/272ae98052f8ee8980f59848df070247\"},\"headline\":\"Avertizare meteo: Ploi, desc\u0103rc\u0103ri electrice \u015fi vijelii!\",\"datePublished\":\"2015-06-09T19:07:37+00:00\",\"dateModified\":\"2015-06-09T19:16:21+00:00\",\"mainEntityOfPage\":{\"@id\":\"https:\\\/\\\/urbeamea.ro\\\/albaiulia\\\/avertizare-meteo-ploi-descarcari-electrice-si-vijelii\\\/\"},\"wordCount\":195,\"commentCount\":0,\"image\":{\"@id\":\"https:\\\/\\\/urbeamea.ro\\\/albaiulia\\\/avertizare-meteo-ploi-descarcari-electrice-si-vijelii\\\/#primaryimage\"},\"thumbnailUrl\":\"https:\\\/\\\/urbeamea.ro\\\/albaiulia\\\/wp-content\\\/uploads\\\/2015\\\/06\\\/avertizarimeteo.jpg\",\"articleSection\":[\"\u015etiri Urbane\"],\"inLanguage\":\"ro-RO\",\"potentialAction\":[{\"@type\":\"CommentAction\",\"name\":\"Comment\",\"target\":[\"https:\\\/\\\/urbeamea.ro\\\/albaiulia\\\/avertizare-meteo-ploi-descarcari-electrice-si-vijelii\\\/#respond\"]}]},{\"@type\":\"WebPage\",\"@id\":\"https:\\\/\\\/urbeamea.ro\\\/albaiulia\\\/avertizare-meteo-ploi-descarcari-electrice-si-vijelii\\\/\",\"url\":\"https:\\\/\\\/urbeamea.ro\\\/albaiulia\\\/avertizare-meteo-ploi-descarcari-electrice-si-vijelii\\\/\",\"name\":\"Avertizare meteo: Ploi, desc\u0103rc\u0103ri electrice \u015fi vijelii! - Revista Urbea Mea - Revista de Alba\",\"isPartOf\":{\"@id\":\"https:\\\/\\\/urbeamea.ro\\\/albaiulia\\\/#website\"},\"primaryImageOfPage\":{\"@id\":\"https:\\\/\\\/urbeamea.ro\\\/albaiulia\\\/avertizare-meteo-ploi-descarcari-electrice-si-vijelii\\\/#primaryimage\"},\"image\":{\"@id\":\"https:\\\/\\\/urbeamea.ro\\\/albaiulia\\\/avertizare-meteo-ploi-descarcari-electrice-si-vijelii\\\/#primaryimage\"},\"thumbnailUrl\":\"https:\\\/\\\/urbeamea.ro\\\/albaiulia\\\/wp-content\\\/uploads\\\/2015\\\/06\\\/avertizarimeteo.jpg\",\"datePublished\":\"2015-06-09T19:07:37+00:00\",\"dateModified\":\"2015-06-09T19:16:21+00:00\",\"author\":{\"@id\":\"https:\\\/\\\/urbeamea.ro\\\/albaiulia\\\/#\\\/schema\\\/person\\\/272ae98052f8ee8980f59848df070247\"},\"description\":\"Administra\u021bia Na\u021bional\u0103 de Meteorologie a emis o informare meteo de instabilitate atmosferic\u0103 accentuat\u0103 \u00eencep\u00e2nd de miercuri, 10 iunie de la ora 12:00\",\"breadcrumb\":{\"@id\":\"https:\\\/\\\/urbeamea.ro\\\/albaiulia\\\/avertizare-meteo-ploi-descarcari-electrice-si-vijelii\\\/#breadcrumb\"},\"inLanguage\":\"ro-RO\",\"potentialAction\":[{\"@type\":\"ReadAction\",\"target\":[\"https:\\\/\\\/urbeamea.ro\\\/albaiulia\\\/avertizare-meteo-ploi-descarcari-electrice-si-vijelii\\\/\"]}]},{\"@type\":\"ImageObject\",\"inLanguage\":\"ro-RO\",\"@id\":\"https:\\\/\\\/urbeamea.ro\\\/albaiulia\\\/avertizare-meteo-ploi-descarcari-electrice-si-vijelii\\\/#primaryimage\",\"url\":\"https:\\\/\\\/urbeamea.ro\\\/albaiulia\\\/wp-content\\\/uploads\\\/2015\\\/06\\\/avertizarimeteo.jpg\",\"contentUrl\":\"https:\\\/\\\/urbeamea.ro\\\/albaiulia\\\/wp-content\\\/uploads\\\/2015\\\/06\\\/avertizarimeteo.jpg\",\"width\":504,\"height\":378},{\"@type\":\"BreadcrumbList\",\"@id\":\"https:\\\/\\\/urbeamea.ro\\\/albaiulia\\\/avertizare-meteo-ploi-descarcari-electrice-si-vijelii\\\/#breadcrumb\",\"itemListElement\":[{\"@type\":\"ListItem\",\"position\":1,\"name\":\"Prima pagin\u0103\",\"item\":\"https:\\\/\\\/urbeamea.ro\\\/albaiulia\\\/\"},{\"@type\":\"ListItem\",\"position\":2,\"name\":\"Avertizare meteo: Ploi, desc\u0103rc\u0103ri electrice \u015fi vijelii!\"}]},{\"@type\":\"WebSite\",\"@id\":\"https:\\\/\\\/urbeamea.ro\\\/albaiulia\\\/#website\",\"url\":\"https:\\\/\\\/urbeamea.ro\\\/albaiulia\\\/\",\"name\":\"Revista Urbea Mea, Stiri urbane\",\"description\":\"Evenimente \u0219i \u0219tiri din Alba Iulia, Sebe\u0219, Aiud, Blaj\",\"potentialAction\":[{\"@type\":\"SearchAction\",\"target\":{\"@type\":\"EntryPoint\",\"urlTemplate\":\"https:\\\/\\\/urbeamea.ro\\\/albaiulia\\\/?s={search_term_string}\"},\"query-input\":{\"@type\":\"PropertyValueSpecification\",\"valueRequired\":true,\"valueName\":\"search_term_string\"}}],\"inLanguage\":\"ro-RO\"},{\"@type\":\"Person\",\"@id\":\"https:\\\/\\\/urbeamea.ro\\\/albaiulia\\\/#\\\/schema\\\/person\\\/272ae98052f8ee8980f59848df070247\",\"name\":\"Redac\u021bia UrbeaMea\",\"image\":{\"@type\":\"ImageObject\",\"inLanguage\":\"ro-RO\",\"@id\":\"https:\\\/\\\/secure.gravatar.com\\\/avatar\\\/9ce5a9435071fa1037e8468053ead8e513dbbff59009d3069aadb85506d85a27?s=96&d=mm&r=g\",\"url\":\"https:\\\/\\\/secure.gravatar.com\\\/avatar\\\/9ce5a9435071fa1037e8468053ead8e513dbbff59009d3069aadb85506d85a27?s=96&d=mm&r=g\",\"contentUrl\":\"https:\\\/\\\/secure.gravatar.com\\\/avatar\\\/9ce5a9435071fa1037e8468053ead8e513dbbff59009d3069aadb85506d85a27?s=96&d=mm&r=g\",\"caption\":\"Redac\u021bia UrbeaMea\"},\"description\":\"contact@urbeamea.ro\",\"sameAs\":[\"https:\\\/\\\/www.urbeamea.ro\"],\"url\":\"https:\\\/\\\/urbeamea.ro\\\/albaiulia\\\/author\\\/redactia-urbeamea\\\/\"}]}<\/script>\n<!-- \/ Yoast SEO plugin. -->","yoast_head_json":{"title":"Avertizare meteo: Ploi, desc\u0103rc\u0103ri electrice \u015fi vijelii! - Revista Urbea Mea - Revista de Alba","description":"Administra\u021bia Na\u021bional\u0103 de Meteorologie a emis o informare meteo de instabilitate atmosferic\u0103 accentuat\u0103 \u00eencep\u00e2nd de miercuri, 10 iunie de la ora 12:00","robots":{"index":"index","follow":"follow","max-snippet":"max-snippet:-1","max-image-preview":"max-image-preview:large","max-video-preview":"max-video-preview:-1"},"canonical":"https:\/\/urbeamea.ro\/albaiulia\/avertizare-meteo-ploi-descarcari-electrice-si-vijelii\/","twitter_card":"summary_large_image","twitter_title":"Avertizare meteo: Ploi, desc\u0103rc\u0103ri electrice \u015fi vijelii! - Revista Urbea Mea - Revista de Alba","twitter_description":"Administra\u021bia Na\u021bional\u0103 de Meteorologie a emis o informare meteo de instabilitate atmosferic\u0103 accentuat\u0103 \u00eencep\u00e2nd de miercuri, 10 iunie de la ora 12:00","twitter_image":"https:\/\/urbeamea.ro\/albaiulia\/wp-content\/uploads\/2015\/06\/avertizarimeteo.jpg","twitter_creator":"@urbeameaweb","twitter_site":"@urbeameaweb","schema":{"@context":"https:\/\/schema.org","@graph":[{"@type":"Article","@id":"https:\/\/urbeamea.ro\/albaiulia\/avertizare-meteo-ploi-descarcari-electrice-si-vijelii\/#article","isPartOf":{"@id":"https:\/\/urbeamea.ro\/albaiulia\/avertizare-meteo-ploi-descarcari-electrice-si-vijelii\/"},"author":{"name":"Redac\u021bia UrbeaMea","@id":"https:\/\/urbeamea.ro\/albaiulia\/#\/schema\/person\/272ae98052f8ee8980f59848df070247"},"headline":"Avertizare meteo: Ploi, desc\u0103rc\u0103ri electrice \u015fi vijelii!","datePublished":"2015-06-09T19:07:37+00:00","dateModified":"2015-06-09T19:16:21+00:00","mainEntityOfPage":{"@id":"https:\/\/urbeamea.ro\/albaiulia\/avertizare-meteo-ploi-descarcari-electrice-si-vijelii\/"},"wordCount":195,"commentCount":0,"image":{"@id":"https:\/\/urbeamea.ro\/albaiulia\/avertizare-meteo-ploi-descarcari-electrice-si-vijelii\/#primaryimage"},"thumbnailUrl":"https:\/\/urbeamea.ro\/albaiulia\/wp-content\/uploads\/2015\/06\/avertizarimeteo.jpg","articleSection":["\u015etiri Urbane"],"inLanguage":"ro-RO","potentialAction":[{"@type":"CommentAction","name":"Comment","target":["https:\/\/urbeamea.ro\/albaiulia\/avertizare-meteo-ploi-descarcari-electrice-si-vijelii\/#respond"]}]},{"@type":"WebPage","@id":"https:\/\/urbeamea.ro\/albaiulia\/avertizare-meteo-ploi-descarcari-electrice-si-vijelii\/","url":"https:\/\/urbeamea.ro\/albaiulia\/avertizare-meteo-ploi-descarcari-electrice-si-vijelii\/","name":"Avertizare meteo: Ploi, desc\u0103rc\u0103ri electrice \u015fi vijelii! - Revista Urbea Mea - Revista de Alba","isPartOf":{"@id":"https:\/\/urbeamea.ro\/albaiulia\/#website"},"primaryImageOfPage":{"@id":"https:\/\/urbeamea.ro\/albaiulia\/avertizare-meteo-ploi-descarcari-electrice-si-vijelii\/#primaryimage"},"image":{"@id":"https:\/\/urbeamea.ro\/albaiulia\/avertizare-meteo-ploi-descarcari-electrice-si-vijelii\/#primaryimage"},"thumbnailUrl":"https:\/\/urbeamea.ro\/albaiulia\/wp-content\/uploads\/2015\/06\/avertizarimeteo.jpg","datePublished":"2015-06-09T19:07:37+00:00","dateModified":"2015-06-09T19:16:21+00:00","author":{"@id":"https:\/\/urbeamea.ro\/albaiulia\/#\/schema\/person\/272ae98052f8ee8980f59848df070247"},"description":"Administra\u021bia Na\u021bional\u0103 de Meteorologie a emis o informare meteo de instabilitate atmosferic\u0103 accentuat\u0103 \u00eencep\u00e2nd de miercuri, 10 iunie de la ora 12:00","breadcrumb":{"@id":"https:\/\/urbeamea.ro\/albaiulia\/avertizare-meteo-ploi-descarcari-electrice-si-vijelii\/#breadcrumb"},"inLanguage":"ro-RO","potentialAction":[{"@type":"ReadAction","target":["https:\/\/urbeamea.ro\/albaiulia\/avertizare-meteo-ploi-descarcari-electrice-si-vijelii\/"]}]},{"@type":"ImageObject","inLanguage":"ro-RO","@id":"https:\/\/urbeamea.ro\/albaiulia\/avertizare-meteo-ploi-descarcari-electrice-si-vijelii\/#primaryimage","url":"https:\/\/urbeamea.ro\/albaiulia\/wp-content\/uploads\/2015\/06\/avertizarimeteo.jpg","contentUrl":"https:\/\/urbeamea.ro\/albaiulia\/wp-content\/uploads\/2015\/06\/avertizarimeteo.jpg","width":504,"height":378},{"@type":"BreadcrumbList","@id":"https:\/\/urbeamea.ro\/albaiulia\/avertizare-meteo-ploi-descarcari-electrice-si-vijelii\/#breadcrumb","itemListElement":[{"@type":"ListItem","position":1,"name":"Prima pagin\u0103","item":"https:\/\/urbeamea.ro\/albaiulia\/"},{"@type":"ListItem","position":2,"name":"Avertizare meteo: Ploi, desc\u0103rc\u0103ri electrice \u015fi vijelii!"}]},{"@type":"WebSite","@id":"https:\/\/urbeamea.ro\/albaiulia\/#website","url":"https:\/\/urbeamea.ro\/albaiulia\/","name":"Revista Urbea Mea, Stiri urbane","description":"Evenimente \u0219i \u0219tiri din Alba Iulia, Sebe\u0219, Aiud, Blaj","potentialAction":[{"@type":"SearchAction","target":{"@type":"EntryPoint","urlTemplate":"https:\/\/urbeamea.ro\/albaiulia\/?s={search_term_string}"},"query-input":{"@type":"PropertyValueSpecification","valueRequired":true,"valueName":"search_term_string"}}],"inLanguage":"ro-RO"},{"@type":"Person","@id":"https:\/\/urbeamea.ro\/albaiulia\/#\/schema\/person\/272ae98052f8ee8980f59848df070247","name":"Redac\u021bia UrbeaMea","image":{"@type":"ImageObject","inLanguage":"ro-RO","@id":"https:\/\/secure.gravatar.com\/avatar\/9ce5a9435071fa1037e8468053ead8e513dbbff59009d3069aadb85506d85a27?s=96&d=mm&r=g","url":"https:\/\/secure.gravatar.com\/avatar\/9ce5a9435071fa1037e8468053ead8e513dbbff59009d3069aadb85506d85a27?s=96&d=mm&r=g","contentUrl":"https:\/\/secure.gravatar.com\/avatar\/9ce5a9435071fa1037e8468053ead8e513dbbff59009d3069aadb85506d85a27?s=96&d=mm&r=g","caption":"Redac\u021bia UrbeaMea"},"description":"contact@urbeamea.ro","sameAs":["https:\/\/www.urbeamea.ro"],"url":"https:\/\/urbeamea.ro\/albaiulia\/author\/redactia-urbeamea\/"}]}},"_links":{"self":[{"href":"https:\/\/urbeamea.ro\/albaiulia\/wp-json\/wp\/v2\/posts\/4911","targetHints":{"allow":["GET"]}}],"collection":[{"href":"https:\/\/urbeamea.ro\/albaiulia\/wp-json\/wp\/v2\/posts"}],"about":[{"href":"https:\/\/urbeamea.ro\/albaiulia\/wp-json\/wp\/v2\/types\/post"}],"author":[{"embeddable":true,"href":"https:\/\/urbeamea.ro\/albaiulia\/wp-json\/wp\/v2\/users\/16"}],"replies":[{"embeddable":true,"href":"https:\/\/urbeamea.ro\/albaiulia\/wp-json\/wp\/v2\/comments?post=4911"}],"version-history":[{"count":0,"href":"https:\/\/urbeamea.ro\/albaiulia\/wp-json\/wp\/v2\/posts\/4911\/revisions"}],"wp:featuredmedia":[{"embeddable":true,"href":"https:\/\/urbeamea.ro\/albaiulia\/wp-json\/wp\/v2\/media\/4912"}],"wp:attachment":[{"href":"https:\/\/urbeamea.ro\/albaiulia\/wp-json\/wp\/v2\/media?parent=4911"}],"wp:term":[{"taxonomy":"category","embeddable":true,"href":"https:\/\/urbeamea.ro\/albaiulia\/wp-json\/wp\/v2\/categories?post=4911"},{"taxonomy":"post_tag","embeddable":true,"href":"https:\/\/urbeamea.ro\/albaiulia\/wp-json\/wp\/v2\/tags?post=4911"}],"curies":[{"name":"wp","href":"https:\/\/api.w.org\/{rel}","templated":true}]}}