{"id":49148,"date":"2017-07-09T11:26:36","date_gmt":"2017-07-09T08:26:36","guid":{"rendered":"https:\/\/urbeamea.ro\/albaiulia\/?p=49148"},"modified":"2017-07-09T11:26:36","modified_gmt":"2017-07-09T08:26:36","slug":"electrica-anunta-intreruperile-programate-in-alimentarea-cu-energie-in-judetul-alba-in-perioada-10-15-iulie","status":"publish","type":"post","link":"https:\/\/urbeamea.ro\/albaiulia\/electrica-anunta-intreruperile-programate-in-alimentarea-cu-energie-in-judetul-alba-in-perioada-10-15-iulie\/","title":{"rendered":"Electrica anun\u0163\u0103 \u00eentreruperile programate  \u00een alimentarea cu energie \u00een jude\u0163ul Alba, \u00een perioada 10-15 iulie"},"content":{"rendered":"<p><strong>Electrica anun\u0163\u0103 \u00eentreruperi programate \u00een alimentarea cu energie \u00een jude\u0163ul Alba, \u00een perioada 10-15 iulie, din cauza lucr\u0103rilor de \u00eentre\u0163inere a re\u0163elei.<\/strong><\/p>\n<p>Sunt vizate str\u0103zi din Alba Iulia, \u0218ard, Ighiu, Sebe\u0219, Unirea, Aiud, Livezile \u0219i Ocoli\u0219.<\/p>\n<p>\u00cen func\u0163ie de condi\u0163iile meteo, lucr\u0103rile ar putea fi reprogramate.<\/p>\n<p><strong>Luni, 10 iulie<\/strong><\/p>\n<p>Orele 07.00- 11.00: Ighiu, Sard, Sat Principala Partial, Ighiel, Sat Principala, Ighiu, , Sat Principala, Alba Iulia, , Strada Magurei Partial<\/p>\n<p>Orele 08.00- 16.00: Unirea, Unirea, Strada Str. Traian<\/p>\n<p>Orele 09.00-17.00: Aiud, Garbovita, Sat Garbovita<\/p>\n<p>Orele: 18.00- 20.00: Ighiu, Telna, Sat Principala, Sard, Sat Principala Partial, Ighiel, Sat Principala, Ighiu, , Sat Principala<\/p>\n<p><strong>Mar\u021bi, 11 iulie<\/strong><\/p>\n<p>Orele 07.00-09.00: Sebes, , Strada Mihai Viteazul, \u00a0strada Lucian Blaga<\/p>\n<p>Orele 08.00-16.00: Unirea, Unirea, Strada Str. Uiorii, \u00a0str. Traian,\u00a0str. Scolii, Str. Carausilor, Ighiu, Sard, Strada Principala.<\/p>\n<p>Orele 09.00-11.00: Sebes, , Strada Pietii, Strada Aviator Ghe. Olteanu<\/p>\n<p>Orele 09.00-17.00: Aiud, Garbova De Sus, Sat Garbova De Sus<\/p>\n<p>Orele 11.00- 13.00: Sebes, , Strada Decebal<\/p>\n<p>Orele 13.00- 15.00: Sebes, , Strada Valea Frumoasei<\/p>\n<p><strong>Miercuri, 12 iulie<\/strong><\/p>\n<p>Orele 09.00-17.00: Livezile, Poiana Aiudului, Sat Poiana Aiudului<\/p>\n<p><strong>Joi, 13 iulie<\/strong><\/p>\n<p>Orele 08.00-16.00: Ighiu, \u0218ard, Strada Principala<\/p>\n<p>Orele: 09.00-17.00: Livezile, Poiana Aiudului, Sat Poiana Aiudului<\/p>\n<p><strong>Vineri, 14 iulie<\/strong><\/p>\n<p>Orele 08.00-16.00: Unirea, Unirea 2, Strada Str. Traian<\/p>\n<p><strong>S\u00e2mb\u0103t\u0103, 15 iulie<\/strong><\/p>\n<p>Orele 09.00-16.00: Ocolis, Runc(Ocolis), Strada Principala, Lunca Larga(Ocolis), Strada Principala,<\/p>\n","protected":false},"excerpt":{"rendered":"<p>Electrica anun\u0163\u0103 \u00eentreruperi programate \u00een alimentarea cu energie \u00een jude\u0163ul Alba, \u00een perioada 10-15 iulie, din cauza lucr\u0103rilor de \u00eentre\u0163inere a re\u0163elei. Sunt vizate str\u0103zi din Alba Iulia, \u0218ard, Ighiu, Sebe\u0219, Unirea, Aiud, Livezile \u0219i Ocoli\u0219. \u00cen func\u0163ie de condi\u0163iile meteo, lucr\u0103rile ar putea fi reprogramate. Luni, 10 iulie Orele 07.00- 11.00: Ighiu, Sard, Sat &hellip;<\/p>\n","protected":false},"author":17,"featured_media":5703,"comment_status":"open","ping_status":"open","sticky":false,"template":"","format":"standard","meta":{"inline_featured_image":false,"footnotes":""},"categories":[2034],"tags":[307,7997,7693,9001,308,76],"class_list":["post-49148","post","type-post","status-publish","format-standard","has-post-thumbnail","hentry","category-social","tag-alba","tag-energie-electrica","tag-intreruperi","tag-lucrari-la-retea","tag-stiri","tag-urbea-mea"],"yoast_head":"<!-- This site is optimized with the Yoast SEO plugin v28.3 - https:\/\/yoast.com\/product\/yoast-seo-wordpress\/ -->\n<title>Electrica anun\u0163\u0103 \u00eentreruperile programate \u00een alimentarea cu energie \u00een jude\u0163ul Alba, \u00een perioada 10-15 iulie - Revista Urbea Mea - Revista de Alba<\/title>\n<meta name=\"description\" content=\"Electrica anun\u0163\u0103 \u00eentreruperi programate \u00een alimentarea cu energie \u00een jude\u0163ul Alba, \u00een perioada 10-15 iulie, din cauza lucr\u0103rilor de \u00eentre\u0163inere a re\u0163elei.\" \/>\n<meta name=\"robots\" content=\"index, follow, max-snippet:-1, max-image-preview:large, max-video-preview:-1\" \/>\n<link rel=\"canonical\" href=\"https:\/\/urbeamea.ro\/albaiulia\/electrica-anunta-intreruperile-programate-in-alimentarea-cu-energie-in-judetul-alba-in-perioada-10-15-iulie\/\" \/>\n<meta name=\"twitter:card\" content=\"summary_large_image\" \/>\n<meta name=\"twitter:title\" content=\"Electrica anun\u0163\u0103 \u00eentreruperile programate \u00een alimentarea cu energie \u00een jude\u0163ul Alba, \u00een perioada 10-15 iulie - Revista Urbea Mea - Revista de Alba\" \/>\n<meta name=\"twitter:description\" content=\"Electrica anun\u0163\u0103 \u00eentreruperi programate \u00een alimentarea cu energie \u00een jude\u0163ul Alba, \u00een perioada 10-15 iulie, din cauza lucr\u0103rilor de \u00eentre\u0163inere a re\u0163elei.\" \/>\n<meta name=\"twitter:image\" content=\"https:\/\/urbeamea.ro\/albaiulia\/wp-content\/uploads\/2015\/06\/intreruperi-curent-electric.jpg\" \/>\n<meta name=\"twitter:creator\" content=\"@urbeameaweb\" \/>\n<meta name=\"twitter:site\" content=\"@urbeameaweb\" \/>\n<script type=\"application\/ld+json\" class=\"yoast-schema-graph\">{\"@context\":\"https:\\\/\\\/schema.org\",\"@graph\":[{\"@type\":\"Article\",\"@id\":\"https:\\\/\\\/urbeamea.ro\\\/albaiulia\\\/electrica-anunta-intreruperile-programate-in-alimentarea-cu-energie-in-judetul-alba-in-perioada-10-15-iulie\\\/#article\",\"isPartOf\":{\"@id\":\"https:\\\/\\\/urbeamea.ro\\\/albaiulia\\\/electrica-anunta-intreruperile-programate-in-alimentarea-cu-energie-in-judetul-alba-in-perioada-10-15-iulie\\\/\"},\"author\":{\"name\":\"Cristina Ganga\",\"@id\":\"https:\\\/\\\/urbeamea.ro\\\/albaiulia\\\/#\\\/schema\\\/person\\\/9700d21fae21c4f038b0b56f4506264a\"},\"headline\":\"Electrica anun\u0163\u0103 \u00eentreruperile programate \u00een alimentarea cu energie \u00een jude\u0163ul Alba, \u00een perioada 10-15 iulie\",\"datePublished\":\"2017-07-09T08:26:36+00:00\",\"mainEntityOfPage\":{\"@id\":\"https:\\\/\\\/urbeamea.ro\\\/albaiulia\\\/electrica-anunta-intreruperile-programate-in-alimentarea-cu-energie-in-judetul-alba-in-perioada-10-15-iulie\\\/\"},\"wordCount\":229,\"commentCount\":0,\"image\":{\"@id\":\"https:\\\/\\\/urbeamea.ro\\\/albaiulia\\\/electrica-anunta-intreruperile-programate-in-alimentarea-cu-energie-in-judetul-alba-in-perioada-10-15-iulie\\\/#primaryimage\"},\"thumbnailUrl\":\"https:\\\/\\\/urbeamea.ro\\\/albaiulia\\\/wp-content\\\/uploads\\\/2015\\\/06\\\/intreruperi-curent-electric.jpg\",\"keywords\":[\"alba\",\"energie electrica\",\"intreruperi\",\"lucrari la retea\",\"stiri\",\"Urbea Mea\"],\"articleSection\":[\"Social\"],\"inLanguage\":\"ro-RO\",\"potentialAction\":[{\"@type\":\"CommentAction\",\"name\":\"Comment\",\"target\":[\"https:\\\/\\\/urbeamea.ro\\\/albaiulia\\\/electrica-anunta-intreruperile-programate-in-alimentarea-cu-energie-in-judetul-alba-in-perioada-10-15-iulie\\\/#respond\"]}]},{\"@type\":\"WebPage\",\"@id\":\"https:\\\/\\\/urbeamea.ro\\\/albaiulia\\\/electrica-anunta-intreruperile-programate-in-alimentarea-cu-energie-in-judetul-alba-in-perioada-10-15-iulie\\\/\",\"url\":\"https:\\\/\\\/urbeamea.ro\\\/albaiulia\\\/electrica-anunta-intreruperile-programate-in-alimentarea-cu-energie-in-judetul-alba-in-perioada-10-15-iulie\\\/\",\"name\":\"Electrica anun\u0163\u0103 \u00eentreruperile programate \u00een alimentarea cu energie \u00een jude\u0163ul Alba, \u00een perioada 10-15 iulie - Revista Urbea Mea - Revista de Alba\",\"isPartOf\":{\"@id\":\"https:\\\/\\\/urbeamea.ro\\\/albaiulia\\\/#website\"},\"primaryImageOfPage\":{\"@id\":\"https:\\\/\\\/urbeamea.ro\\\/albaiulia\\\/electrica-anunta-intreruperile-programate-in-alimentarea-cu-energie-in-judetul-alba-in-perioada-10-15-iulie\\\/#primaryimage\"},\"image\":{\"@id\":\"https:\\\/\\\/urbeamea.ro\\\/albaiulia\\\/electrica-anunta-intreruperile-programate-in-alimentarea-cu-energie-in-judetul-alba-in-perioada-10-15-iulie\\\/#primaryimage\"},\"thumbnailUrl\":\"https:\\\/\\\/urbeamea.ro\\\/albaiulia\\\/wp-content\\\/uploads\\\/2015\\\/06\\\/intreruperi-curent-electric.jpg\",\"datePublished\":\"2017-07-09T08:26:36+00:00\",\"author\":{\"@id\":\"https:\\\/\\\/urbeamea.ro\\\/albaiulia\\\/#\\\/schema\\\/person\\\/9700d21fae21c4f038b0b56f4506264a\"},\"description\":\"Electrica anun\u0163\u0103 \u00eentreruperi programate \u00een alimentarea cu energie \u00een jude\u0163ul Alba, \u00een perioada 10-15 iulie, din cauza lucr\u0103rilor de \u00eentre\u0163inere a re\u0163elei.\",\"breadcrumb\":{\"@id\":\"https:\\\/\\\/urbeamea.ro\\\/albaiulia\\\/electrica-anunta-intreruperile-programate-in-alimentarea-cu-energie-in-judetul-alba-in-perioada-10-15-iulie\\\/#breadcrumb\"},\"inLanguage\":\"ro-RO\",\"potentialAction\":[{\"@type\":\"ReadAction\",\"target\":[\"https:\\\/\\\/urbeamea.ro\\\/albaiulia\\\/electrica-anunta-intreruperile-programate-in-alimentarea-cu-energie-in-judetul-alba-in-perioada-10-15-iulie\\\/\"]}]},{\"@type\":\"ImageObject\",\"inLanguage\":\"ro-RO\",\"@id\":\"https:\\\/\\\/urbeamea.ro\\\/albaiulia\\\/electrica-anunta-intreruperile-programate-in-alimentarea-cu-energie-in-judetul-alba-in-perioada-10-15-iulie\\\/#primaryimage\",\"url\":\"https:\\\/\\\/urbeamea.ro\\\/albaiulia\\\/wp-content\\\/uploads\\\/2015\\\/06\\\/intreruperi-curent-electric.jpg\",\"contentUrl\":\"https:\\\/\\\/urbeamea.ro\\\/albaiulia\\\/wp-content\\\/uploads\\\/2015\\\/06\\\/intreruperi-curent-electric.jpg\",\"width\":455,\"height\":280},{\"@type\":\"BreadcrumbList\",\"@id\":\"https:\\\/\\\/urbeamea.ro\\\/albaiulia\\\/electrica-anunta-intreruperile-programate-in-alimentarea-cu-energie-in-judetul-alba-in-perioada-10-15-iulie\\\/#breadcrumb\",\"itemListElement\":[{\"@type\":\"ListItem\",\"position\":1,\"name\":\"Prima pagin\u0103\",\"item\":\"https:\\\/\\\/urbeamea.ro\\\/albaiulia\\\/\"},{\"@type\":\"ListItem\",\"position\":2,\"name\":\"Electrica anun\u0163\u0103 \u00eentreruperile programate \u00een alimentarea cu energie \u00een jude\u0163ul Alba, \u00een perioada 10-15 iulie\"}]},{\"@type\":\"WebSite\",\"@id\":\"https:\\\/\\\/urbeamea.ro\\\/albaiulia\\\/#website\",\"url\":\"https:\\\/\\\/urbeamea.ro\\\/albaiulia\\\/\",\"name\":\"Revista Urbea Mea, Stiri urbane\",\"description\":\"Evenimente \u0219i \u0219tiri din Alba Iulia, Sebe\u0219, Aiud, Blaj\",\"potentialAction\":[{\"@type\":\"SearchAction\",\"target\":{\"@type\":\"EntryPoint\",\"urlTemplate\":\"https:\\\/\\\/urbeamea.ro\\\/albaiulia\\\/?s={search_term_string}\"},\"query-input\":{\"@type\":\"PropertyValueSpecification\",\"valueRequired\":true,\"valueName\":\"search_term_string\"}}],\"inLanguage\":\"ro-RO\"},{\"@type\":\"Person\",\"@id\":\"https:\\\/\\\/urbeamea.ro\\\/albaiulia\\\/#\\\/schema\\\/person\\\/9700d21fae21c4f038b0b56f4506264a\",\"name\":\"Cristina Ganga\",\"image\":{\"@type\":\"ImageObject\",\"inLanguage\":\"ro-RO\",\"@id\":\"https:\\\/\\\/secure.gravatar.com\\\/avatar\\\/5a67661041f057b4a8ccaf26f5a8e86e2689372006d01faf3dd9eeb10b654bb4?s=96&d=mm&r=g\",\"url\":\"https:\\\/\\\/secure.gravatar.com\\\/avatar\\\/5a67661041f057b4a8ccaf26f5a8e86e2689372006d01faf3dd9eeb10b654bb4?s=96&d=mm&r=g\",\"contentUrl\":\"https:\\\/\\\/secure.gravatar.com\\\/avatar\\\/5a67661041f057b4a8ccaf26f5a8e86e2689372006d01faf3dd9eeb10b654bb4?s=96&d=mm&r=g\",\"caption\":\"Cristina Ganga\"},\"description\":\"Jurnalist\",\"sameAs\":[\"https:\\\/\\\/www.facebook.com\\\/cristina.nicola.587\"],\"url\":\"https:\\\/\\\/urbeamea.ro\\\/albaiulia\\\/author\\\/cristina-nicola\\\/\"}]}<\/script>\n<!-- \/ Yoast SEO plugin. -->","yoast_head_json":{"title":"Electrica anun\u0163\u0103 \u00eentreruperile programate \u00een alimentarea cu energie \u00een jude\u0163ul Alba, \u00een perioada 10-15 iulie - Revista Urbea Mea - Revista de Alba","description":"Electrica anun\u0163\u0103 \u00eentreruperi programate \u00een alimentarea cu energie \u00een jude\u0163ul Alba, \u00een perioada 10-15 iulie, din cauza lucr\u0103rilor de \u00eentre\u0163inere a re\u0163elei.","robots":{"index":"index","follow":"follow","max-snippet":"max-snippet:-1","max-image-preview":"max-image-preview:large","max-video-preview":"max-video-preview:-1"},"canonical":"https:\/\/urbeamea.ro\/albaiulia\/electrica-anunta-intreruperile-programate-in-alimentarea-cu-energie-in-judetul-alba-in-perioada-10-15-iulie\/","twitter_card":"summary_large_image","twitter_title":"Electrica anun\u0163\u0103 \u00eentreruperile programate \u00een alimentarea cu energie \u00een jude\u0163ul Alba, \u00een perioada 10-15 iulie - Revista Urbea Mea - Revista de Alba","twitter_description":"Electrica anun\u0163\u0103 \u00eentreruperi programate \u00een alimentarea cu energie \u00een jude\u0163ul Alba, \u00een perioada 10-15 iulie, din cauza lucr\u0103rilor de \u00eentre\u0163inere a re\u0163elei.","twitter_image":"https:\/\/urbeamea.ro\/albaiulia\/wp-content\/uploads\/2015\/06\/intreruperi-curent-electric.jpg","twitter_creator":"@urbeameaweb","twitter_site":"@urbeameaweb","schema":{"@context":"https:\/\/schema.org","@graph":[{"@type":"Article","@id":"https:\/\/urbeamea.ro\/albaiulia\/electrica-anunta-intreruperile-programate-in-alimentarea-cu-energie-in-judetul-alba-in-perioada-10-15-iulie\/#article","isPartOf":{"@id":"https:\/\/urbeamea.ro\/albaiulia\/electrica-anunta-intreruperile-programate-in-alimentarea-cu-energie-in-judetul-alba-in-perioada-10-15-iulie\/"},"author":{"name":"Cristina Ganga","@id":"https:\/\/urbeamea.ro\/albaiulia\/#\/schema\/person\/9700d21fae21c4f038b0b56f4506264a"},"headline":"Electrica anun\u0163\u0103 \u00eentreruperile programate \u00een alimentarea cu energie \u00een jude\u0163ul Alba, \u00een perioada 10-15 iulie","datePublished":"2017-07-09T08:26:36+00:00","mainEntityOfPage":{"@id":"https:\/\/urbeamea.ro\/albaiulia\/electrica-anunta-intreruperile-programate-in-alimentarea-cu-energie-in-judetul-alba-in-perioada-10-15-iulie\/"},"wordCount":229,"commentCount":0,"image":{"@id":"https:\/\/urbeamea.ro\/albaiulia\/electrica-anunta-intreruperile-programate-in-alimentarea-cu-energie-in-judetul-alba-in-perioada-10-15-iulie\/#primaryimage"},"thumbnailUrl":"https:\/\/urbeamea.ro\/albaiulia\/wp-content\/uploads\/2015\/06\/intreruperi-curent-electric.jpg","keywords":["alba","energie electrica","intreruperi","lucrari la retea","stiri","Urbea Mea"],"articleSection":["Social"],"inLanguage":"ro-RO","potentialAction":[{"@type":"CommentAction","name":"Comment","target":["https:\/\/urbeamea.ro\/albaiulia\/electrica-anunta-intreruperile-programate-in-alimentarea-cu-energie-in-judetul-alba-in-perioada-10-15-iulie\/#respond"]}]},{"@type":"WebPage","@id":"https:\/\/urbeamea.ro\/albaiulia\/electrica-anunta-intreruperile-programate-in-alimentarea-cu-energie-in-judetul-alba-in-perioada-10-15-iulie\/","url":"https:\/\/urbeamea.ro\/albaiulia\/electrica-anunta-intreruperile-programate-in-alimentarea-cu-energie-in-judetul-alba-in-perioada-10-15-iulie\/","name":"Electrica anun\u0163\u0103 \u00eentreruperile programate \u00een alimentarea cu energie \u00een jude\u0163ul Alba, \u00een perioada 10-15 iulie - Revista Urbea Mea - Revista de Alba","isPartOf":{"@id":"https:\/\/urbeamea.ro\/albaiulia\/#website"},"primaryImageOfPage":{"@id":"https:\/\/urbeamea.ro\/albaiulia\/electrica-anunta-intreruperile-programate-in-alimentarea-cu-energie-in-judetul-alba-in-perioada-10-15-iulie\/#primaryimage"},"image":{"@id":"https:\/\/urbeamea.ro\/albaiulia\/electrica-anunta-intreruperile-programate-in-alimentarea-cu-energie-in-judetul-alba-in-perioada-10-15-iulie\/#primaryimage"},"thumbnailUrl":"https:\/\/urbeamea.ro\/albaiulia\/wp-content\/uploads\/2015\/06\/intreruperi-curent-electric.jpg","datePublished":"2017-07-09T08:26:36+00:00","author":{"@id":"https:\/\/urbeamea.ro\/albaiulia\/#\/schema\/person\/9700d21fae21c4f038b0b56f4506264a"},"description":"Electrica anun\u0163\u0103 \u00eentreruperi programate \u00een alimentarea cu energie \u00een jude\u0163ul Alba, \u00een perioada 10-15 iulie, din cauza lucr\u0103rilor de \u00eentre\u0163inere a re\u0163elei.","breadcrumb":{"@id":"https:\/\/urbeamea.ro\/albaiulia\/electrica-anunta-intreruperile-programate-in-alimentarea-cu-energie-in-judetul-alba-in-perioada-10-15-iulie\/#breadcrumb"},"inLanguage":"ro-RO","potentialAction":[{"@type":"ReadAction","target":["https:\/\/urbeamea.ro\/albaiulia\/electrica-anunta-intreruperile-programate-in-alimentarea-cu-energie-in-judetul-alba-in-perioada-10-15-iulie\/"]}]},{"@type":"ImageObject","inLanguage":"ro-RO","@id":"https:\/\/urbeamea.ro\/albaiulia\/electrica-anunta-intreruperile-programate-in-alimentarea-cu-energie-in-judetul-alba-in-perioada-10-15-iulie\/#primaryimage","url":"https:\/\/urbeamea.ro\/albaiulia\/wp-content\/uploads\/2015\/06\/intreruperi-curent-electric.jpg","contentUrl":"https:\/\/urbeamea.ro\/albaiulia\/wp-content\/uploads\/2015\/06\/intreruperi-curent-electric.jpg","width":455,"height":280},{"@type":"BreadcrumbList","@id":"https:\/\/urbeamea.ro\/albaiulia\/electrica-anunta-intreruperile-programate-in-alimentarea-cu-energie-in-judetul-alba-in-perioada-10-15-iulie\/#breadcrumb","itemListElement":[{"@type":"ListItem","position":1,"name":"Prima pagin\u0103","item":"https:\/\/urbeamea.ro\/albaiulia\/"},{"@type":"ListItem","position":2,"name":"Electrica anun\u0163\u0103 \u00eentreruperile programate \u00een alimentarea cu energie \u00een jude\u0163ul Alba, \u00een perioada 10-15 iulie"}]},{"@type":"WebSite","@id":"https:\/\/urbeamea.ro\/albaiulia\/#website","url":"https:\/\/urbeamea.ro\/albaiulia\/","name":"Revista Urbea Mea, Stiri urbane","description":"Evenimente \u0219i \u0219tiri din Alba Iulia, Sebe\u0219, Aiud, Blaj","potentialAction":[{"@type":"SearchAction","target":{"@type":"EntryPoint","urlTemplate":"https:\/\/urbeamea.ro\/albaiulia\/?s={search_term_string}"},"query-input":{"@type":"PropertyValueSpecification","valueRequired":true,"valueName":"search_term_string"}}],"inLanguage":"ro-RO"},{"@type":"Person","@id":"https:\/\/urbeamea.ro\/albaiulia\/#\/schema\/person\/9700d21fae21c4f038b0b56f4506264a","name":"Cristina Ganga","image":{"@type":"ImageObject","inLanguage":"ro-RO","@id":"https:\/\/secure.gravatar.com\/avatar\/5a67661041f057b4a8ccaf26f5a8e86e2689372006d01faf3dd9eeb10b654bb4?s=96&d=mm&r=g","url":"https:\/\/secure.gravatar.com\/avatar\/5a67661041f057b4a8ccaf26f5a8e86e2689372006d01faf3dd9eeb10b654bb4?s=96&d=mm&r=g","contentUrl":"https:\/\/secure.gravatar.com\/avatar\/5a67661041f057b4a8ccaf26f5a8e86e2689372006d01faf3dd9eeb10b654bb4?s=96&d=mm&r=g","caption":"Cristina Ganga"},"description":"Jurnalist","sameAs":["https:\/\/www.facebook.com\/cristina.nicola.587"],"url":"https:\/\/urbeamea.ro\/albaiulia\/author\/cristina-nicola\/"}]}},"_links":{"self":[{"href":"https:\/\/urbeamea.ro\/albaiulia\/wp-json\/wp\/v2\/posts\/49148","targetHints":{"allow":["GET"]}}],"collection":[{"href":"https:\/\/urbeamea.ro\/albaiulia\/wp-json\/wp\/v2\/posts"}],"about":[{"href":"https:\/\/urbeamea.ro\/albaiulia\/wp-json\/wp\/v2\/types\/post"}],"author":[{"embeddable":true,"href":"https:\/\/urbeamea.ro\/albaiulia\/wp-json\/wp\/v2\/users\/17"}],"replies":[{"embeddable":true,"href":"https:\/\/urbeamea.ro\/albaiulia\/wp-json\/wp\/v2\/comments?post=49148"}],"version-history":[{"count":0,"href":"https:\/\/urbeamea.ro\/albaiulia\/wp-json\/wp\/v2\/posts\/49148\/revisions"}],"wp:featuredmedia":[{"embeddable":true,"href":"https:\/\/urbeamea.ro\/albaiulia\/wp-json\/wp\/v2\/media\/5703"}],"wp:attachment":[{"href":"https:\/\/urbeamea.ro\/albaiulia\/wp-json\/wp\/v2\/media?parent=49148"}],"wp:term":[{"taxonomy":"category","embeddable":true,"href":"https:\/\/urbeamea.ro\/albaiulia\/wp-json\/wp\/v2\/categories?post=49148"},{"taxonomy":"post_tag","embeddable":true,"href":"https:\/\/urbeamea.ro\/albaiulia\/wp-json\/wp\/v2\/tags?post=49148"}],"curies":[{"name":"wp","href":"https:\/\/api.w.org\/{rel}","templated":true}]}}