{"id":49153,"date":"2017-07-10T10:29:32","date_gmt":"2017-07-10T07:29:32","guid":{"rendered":"https:\/\/urbeamea.ro\/albaiulia\/?p=49153"},"modified":"2017-07-10T10:29:32","modified_gmt":"2017-07-10T07:29:32","slug":"cod-galben-de-canicula-in-alba-si-alte-judete-pana-marti-temperaturile-depasesc-33-de-grade-celsius","status":"publish","type":"post","link":"https:\/\/urbeamea.ro\/albaiulia\/cod-galben-de-canicula-in-alba-si-alte-judete-pana-marti-temperaturile-depasesc-33-de-grade-celsius\/","title":{"rendered":"Cod Galben de canicul\u0103 \u00een Alba \u015fi alte jude\u0163e, p\u00e2n\u0103 mar\u0163i. Temperaturile dep\u0103\u015fesc 33 de grade Celsius"},"content":{"rendered":"<p><strong>Administra\u021bia Na\u021bional\u0103 de Meteorologie (ANM) a emis un cod galben de canicul\u0103 valabil de luni, 10 iulie \u0219i p\u00e2n\u0103 mar\u021bi, 11 iulie.<br \/>\n<\/strong><\/p>\n<p><span lang=\"RO\">Potrivit ANM, \u00een cursul zilelor de luni \u0219i mar\u021bi, valul de c\u0103ldur\u0103 se va extinde, iar disconfortul termic va fi \u00een accentuare \u00een vestul \u0219i local \u00een sudul \u0219i centrul \u021b\u0103rii, unde i<\/span><span lang=\"RO\">ndicele temperatur\u0103-umezeal\u0103 (ITU) va atinge pe arii relativ extinse pragul critic de 80 de unit\u0103\u0163i \u0219i local \u00eel va dep\u0103\u0219i u\u0219or.<\/span><\/p>\n<p>Luni temperaturile maxime se vor situa frecvent \u00eentre 33 \u0219i 36 de grade, mai ridicate \u2013 spre 37 \u2013 38 de grade \u2013 \u00een Banat, sudul Cri\u0219anei \u0219i vestul Olteniei.<\/p>\n<p>Mar\u021bi valorile termice diurne vor fi cuprinse \u00eentre 34 \u0219i 37 de grade, izolat mai ridicate, \u00een jurul a 38 de grade \u00een Banat \u0219i vestul Olteniei.<\/p>\n<p><span lang=\"RO\">\u00cen intervalul men\u021bionat, temperaturile minime nocturne se vor situa, local, <\/span><span lang=\"RO\">peste 20 de grade.<\/span><\/p>\n<p><span lang=\"RO\">Not\u0103: \u00cen jum\u0103tatea de nord-vest a \u021b\u0103rii, luni \u0219i mar\u021bi, vor fi intervale cu instabilitate atmosferic\u0103 temporar accentuat\u0103. \u00ce<\/span><span lang=\"RO\">n cursul zilei de miercuri disconfortul termic se va men\u021bine ridicat \u00een regiunile sudice \u0219i sud-estice, \u00een timp ce \u00een restul teritoriului se vor semnala frecvent manifest\u0103ri specifice instabilit\u0103\u021bii atmosferice.<\/span><\/p>\n<p><em>sursa: meteoromania.ro<\/em><\/p>\n","protected":false},"excerpt":{"rendered":"<p>Administra\u021bia Na\u021bional\u0103 de Meteorologie (ANM) a emis un cod galben de canicul\u0103 valabil de luni, 10 iulie \u0219i p\u00e2n\u0103 mar\u021bi, 11 iulie. Potrivit ANM, \u00een cursul zilelor de luni \u0219i mar\u021bi, valul de c\u0103ldur\u0103 se va extinde, iar disconfortul termic va fi \u00een accentuare \u00een vestul \u0219i local \u00een sudul \u0219i centrul \u021b\u0103rii, unde indicele &hellip;<\/p>\n","protected":false},"author":17,"featured_media":4976,"comment_status":"open","ping_status":"open","sticky":false,"template":"","format":"standard","meta":{"inline_featured_image":false,"footnotes":""},"categories":[1],"tags":[307,338,368,11700,308,339,76],"class_list":["post-49153","post","type-post","status-publish","format-standard","has-post-thumbnail","hentry","category-stiri-urbane","tag-alba","tag-canicula","tag-cod-galben","tag-fiscomfort-termic","tag-stiri","tag-temperaturi","tag-urbea-mea"],"yoast_head":"<!-- This site is optimized with the Yoast SEO plugin v27.4 - https:\/\/yoast.com\/product\/yoast-seo-wordpress\/ -->\n<title>Cod Galben de canicul\u0103 \u00een Alba \u015fi alte jude\u0163e, p\u00e2n\u0103 mar\u0163i. Temperaturile dep\u0103\u015fesc 33 de grade Celsius - Revista Urbea Mea - Revista de Alba<\/title>\n<meta name=\"description\" content=\"Administra\u021bia Na\u021bional\u0103 de Meteorologie (ANM) a emis un cod galben de canicul\u0103 valabil de luni, 10 iulie \u0219i p\u00e2n\u0103 mar\u021bi, 11 iulie. Potrivit ANM, \u00een cursul\" \/>\n<meta name=\"robots\" content=\"index, follow, max-snippet:-1, max-image-preview:large, max-video-preview:-1\" \/>\n<link rel=\"canonical\" href=\"https:\/\/urbeamea.ro\/albaiulia\/cod-galben-de-canicula-in-alba-si-alte-judete-pana-marti-temperaturile-depasesc-33-de-grade-celsius\/\" \/>\n<meta name=\"twitter:card\" content=\"summary_large_image\" \/>\n<meta name=\"twitter:title\" content=\"Cod Galben de canicul\u0103 \u00een Alba \u015fi alte jude\u0163e, p\u00e2n\u0103 mar\u0163i. Temperaturile dep\u0103\u015fesc 33 de grade Celsius - Revista Urbea Mea - Revista de Alba\" \/>\n<meta name=\"twitter:description\" content=\"Administra\u021bia Na\u021bional\u0103 de Meteorologie (ANM) a emis un cod galben de canicul\u0103 valabil de luni, 10 iulie \u0219i p\u00e2n\u0103 mar\u021bi, 11 iulie. Potrivit ANM, \u00een cursul\" \/>\n<meta name=\"twitter:image\" content=\"https:\/\/urbeamea.ro\/albaiulia\/wp-content\/uploads\/2015\/06\/canicula.jpg\" \/>\n<meta name=\"twitter:creator\" content=\"@urbeameaweb\" \/>\n<meta name=\"twitter:site\" content=\"@urbeameaweb\" \/>\n<script type=\"application\/ld+json\" class=\"yoast-schema-graph\">{\"@context\":\"https:\\\/\\\/schema.org\",\"@graph\":[{\"@type\":\"Article\",\"@id\":\"https:\\\/\\\/urbeamea.ro\\\/albaiulia\\\/cod-galben-de-canicula-in-alba-si-alte-judete-pana-marti-temperaturile-depasesc-33-de-grade-celsius\\\/#article\",\"isPartOf\":{\"@id\":\"https:\\\/\\\/urbeamea.ro\\\/albaiulia\\\/cod-galben-de-canicula-in-alba-si-alte-judete-pana-marti-temperaturile-depasesc-33-de-grade-celsius\\\/\"},\"author\":{\"name\":\"Cristina Ganga\",\"@id\":\"https:\\\/\\\/urbeamea.ro\\\/albaiulia\\\/#\\\/schema\\\/person\\\/9700d21fae21c4f038b0b56f4506264a\"},\"headline\":\"Cod Galben de canicul\u0103 \u00een Alba \u015fi alte jude\u0163e, p\u00e2n\u0103 mar\u0163i. Temperaturile dep\u0103\u015fesc 33 de grade Celsius\",\"datePublished\":\"2017-07-10T07:29:32+00:00\",\"mainEntityOfPage\":{\"@id\":\"https:\\\/\\\/urbeamea.ro\\\/albaiulia\\\/cod-galben-de-canicula-in-alba-si-alte-judete-pana-marti-temperaturile-depasesc-33-de-grade-celsius\\\/\"},\"wordCount\":222,\"commentCount\":0,\"image\":{\"@id\":\"https:\\\/\\\/urbeamea.ro\\\/albaiulia\\\/cod-galben-de-canicula-in-alba-si-alte-judete-pana-marti-temperaturile-depasesc-33-de-grade-celsius\\\/#primaryimage\"},\"thumbnailUrl\":\"https:\\\/\\\/urbeamea.ro\\\/albaiulia\\\/wp-content\\\/uploads\\\/2015\\\/06\\\/canicula.jpg\",\"keywords\":[\"alba\",\"canicula\",\"cod galben\",\"fiscomfort termic\",\"stiri\",\"temperaturi\",\"Urbea Mea\"],\"articleSection\":[\"\u015etiri Urbane\"],\"inLanguage\":\"ro-RO\",\"potentialAction\":[{\"@type\":\"CommentAction\",\"name\":\"Comment\",\"target\":[\"https:\\\/\\\/urbeamea.ro\\\/albaiulia\\\/cod-galben-de-canicula-in-alba-si-alte-judete-pana-marti-temperaturile-depasesc-33-de-grade-celsius\\\/#respond\"]}]},{\"@type\":\"WebPage\",\"@id\":\"https:\\\/\\\/urbeamea.ro\\\/albaiulia\\\/cod-galben-de-canicula-in-alba-si-alte-judete-pana-marti-temperaturile-depasesc-33-de-grade-celsius\\\/\",\"url\":\"https:\\\/\\\/urbeamea.ro\\\/albaiulia\\\/cod-galben-de-canicula-in-alba-si-alte-judete-pana-marti-temperaturile-depasesc-33-de-grade-celsius\\\/\",\"name\":\"Cod Galben de canicul\u0103 \u00een Alba \u015fi alte jude\u0163e, p\u00e2n\u0103 mar\u0163i. Temperaturile dep\u0103\u015fesc 33 de grade Celsius - Revista Urbea Mea - Revista de Alba\",\"isPartOf\":{\"@id\":\"https:\\\/\\\/urbeamea.ro\\\/albaiulia\\\/#website\"},\"primaryImageOfPage\":{\"@id\":\"https:\\\/\\\/urbeamea.ro\\\/albaiulia\\\/cod-galben-de-canicula-in-alba-si-alte-judete-pana-marti-temperaturile-depasesc-33-de-grade-celsius\\\/#primaryimage\"},\"image\":{\"@id\":\"https:\\\/\\\/urbeamea.ro\\\/albaiulia\\\/cod-galben-de-canicula-in-alba-si-alte-judete-pana-marti-temperaturile-depasesc-33-de-grade-celsius\\\/#primaryimage\"},\"thumbnailUrl\":\"https:\\\/\\\/urbeamea.ro\\\/albaiulia\\\/wp-content\\\/uploads\\\/2015\\\/06\\\/canicula.jpg\",\"datePublished\":\"2017-07-10T07:29:32+00:00\",\"author\":{\"@id\":\"https:\\\/\\\/urbeamea.ro\\\/albaiulia\\\/#\\\/schema\\\/person\\\/9700d21fae21c4f038b0b56f4506264a\"},\"description\":\"Administra\u021bia Na\u021bional\u0103 de Meteorologie (ANM) a emis un cod galben de canicul\u0103 valabil de luni, 10 iulie \u0219i p\u00e2n\u0103 mar\u021bi, 11 iulie. Potrivit ANM, \u00een cursul\",\"breadcrumb\":{\"@id\":\"https:\\\/\\\/urbeamea.ro\\\/albaiulia\\\/cod-galben-de-canicula-in-alba-si-alte-judete-pana-marti-temperaturile-depasesc-33-de-grade-celsius\\\/#breadcrumb\"},\"inLanguage\":\"ro-RO\",\"potentialAction\":[{\"@type\":\"ReadAction\",\"target\":[\"https:\\\/\\\/urbeamea.ro\\\/albaiulia\\\/cod-galben-de-canicula-in-alba-si-alte-judete-pana-marti-temperaturile-depasesc-33-de-grade-celsius\\\/\"]}]},{\"@type\":\"ImageObject\",\"inLanguage\":\"ro-RO\",\"@id\":\"https:\\\/\\\/urbeamea.ro\\\/albaiulia\\\/cod-galben-de-canicula-in-alba-si-alte-judete-pana-marti-temperaturile-depasesc-33-de-grade-celsius\\\/#primaryimage\",\"url\":\"https:\\\/\\\/urbeamea.ro\\\/albaiulia\\\/wp-content\\\/uploads\\\/2015\\\/06\\\/canicula.jpg\",\"contentUrl\":\"https:\\\/\\\/urbeamea.ro\\\/albaiulia\\\/wp-content\\\/uploads\\\/2015\\\/06\\\/canicula.jpg\",\"width\":620,\"height\":349},{\"@type\":\"BreadcrumbList\",\"@id\":\"https:\\\/\\\/urbeamea.ro\\\/albaiulia\\\/cod-galben-de-canicula-in-alba-si-alte-judete-pana-marti-temperaturile-depasesc-33-de-grade-celsius\\\/#breadcrumb\",\"itemListElement\":[{\"@type\":\"ListItem\",\"position\":1,\"name\":\"Prima pagin\u0103\",\"item\":\"https:\\\/\\\/urbeamea.ro\\\/albaiulia\\\/\"},{\"@type\":\"ListItem\",\"position\":2,\"name\":\"Cod Galben de canicul\u0103 \u00een Alba \u015fi alte jude\u0163e, p\u00e2n\u0103 mar\u0163i. Temperaturile dep\u0103\u015fesc 33 de grade Celsius\"}]},{\"@type\":\"WebSite\",\"@id\":\"https:\\\/\\\/urbeamea.ro\\\/albaiulia\\\/#website\",\"url\":\"https:\\\/\\\/urbeamea.ro\\\/albaiulia\\\/\",\"name\":\"Revista Urbea Mea, Stiri urbane\",\"description\":\"Evenimente \u0219i \u0219tiri din Alba Iulia, Sebe\u0219, Aiud, Blaj\",\"potentialAction\":[{\"@type\":\"SearchAction\",\"target\":{\"@type\":\"EntryPoint\",\"urlTemplate\":\"https:\\\/\\\/urbeamea.ro\\\/albaiulia\\\/?s={search_term_string}\"},\"query-input\":{\"@type\":\"PropertyValueSpecification\",\"valueRequired\":true,\"valueName\":\"search_term_string\"}}],\"inLanguage\":\"ro-RO\"},{\"@type\":\"Person\",\"@id\":\"https:\\\/\\\/urbeamea.ro\\\/albaiulia\\\/#\\\/schema\\\/person\\\/9700d21fae21c4f038b0b56f4506264a\",\"name\":\"Cristina Ganga\",\"image\":{\"@type\":\"ImageObject\",\"inLanguage\":\"ro-RO\",\"@id\":\"https:\\\/\\\/secure.gravatar.com\\\/avatar\\\/5a67661041f057b4a8ccaf26f5a8e86e2689372006d01faf3dd9eeb10b654bb4?s=96&d=mm&r=g\",\"url\":\"https:\\\/\\\/secure.gravatar.com\\\/avatar\\\/5a67661041f057b4a8ccaf26f5a8e86e2689372006d01faf3dd9eeb10b654bb4?s=96&d=mm&r=g\",\"contentUrl\":\"https:\\\/\\\/secure.gravatar.com\\\/avatar\\\/5a67661041f057b4a8ccaf26f5a8e86e2689372006d01faf3dd9eeb10b654bb4?s=96&d=mm&r=g\",\"caption\":\"Cristina Ganga\"},\"description\":\"Jurnalist\",\"sameAs\":[\"https:\\\/\\\/www.facebook.com\\\/cristina.nicola.587\"],\"url\":\"https:\\\/\\\/urbeamea.ro\\\/albaiulia\\\/author\\\/cristina-nicola\\\/\"}]}<\/script>\n<!-- \/ Yoast SEO plugin. -->","yoast_head_json":{"title":"Cod Galben de canicul\u0103 \u00een Alba \u015fi alte jude\u0163e, p\u00e2n\u0103 mar\u0163i. Temperaturile dep\u0103\u015fesc 33 de grade Celsius - Revista Urbea Mea - Revista de Alba","description":"Administra\u021bia Na\u021bional\u0103 de Meteorologie (ANM) a emis un cod galben de canicul\u0103 valabil de luni, 10 iulie \u0219i p\u00e2n\u0103 mar\u021bi, 11 iulie. Potrivit ANM, \u00een cursul","robots":{"index":"index","follow":"follow","max-snippet":"max-snippet:-1","max-image-preview":"max-image-preview:large","max-video-preview":"max-video-preview:-1"},"canonical":"https:\/\/urbeamea.ro\/albaiulia\/cod-galben-de-canicula-in-alba-si-alte-judete-pana-marti-temperaturile-depasesc-33-de-grade-celsius\/","twitter_card":"summary_large_image","twitter_title":"Cod Galben de canicul\u0103 \u00een Alba \u015fi alte jude\u0163e, p\u00e2n\u0103 mar\u0163i. Temperaturile dep\u0103\u015fesc 33 de grade Celsius - Revista Urbea Mea - Revista de Alba","twitter_description":"Administra\u021bia Na\u021bional\u0103 de Meteorologie (ANM) a emis un cod galben de canicul\u0103 valabil de luni, 10 iulie \u0219i p\u00e2n\u0103 mar\u021bi, 11 iulie. Potrivit ANM, \u00een cursul","twitter_image":"https:\/\/urbeamea.ro\/albaiulia\/wp-content\/uploads\/2015\/06\/canicula.jpg","twitter_creator":"@urbeameaweb","twitter_site":"@urbeameaweb","schema":{"@context":"https:\/\/schema.org","@graph":[{"@type":"Article","@id":"https:\/\/urbeamea.ro\/albaiulia\/cod-galben-de-canicula-in-alba-si-alte-judete-pana-marti-temperaturile-depasesc-33-de-grade-celsius\/#article","isPartOf":{"@id":"https:\/\/urbeamea.ro\/albaiulia\/cod-galben-de-canicula-in-alba-si-alte-judete-pana-marti-temperaturile-depasesc-33-de-grade-celsius\/"},"author":{"name":"Cristina Ganga","@id":"https:\/\/urbeamea.ro\/albaiulia\/#\/schema\/person\/9700d21fae21c4f038b0b56f4506264a"},"headline":"Cod Galben de canicul\u0103 \u00een Alba \u015fi alte jude\u0163e, p\u00e2n\u0103 mar\u0163i. Temperaturile dep\u0103\u015fesc 33 de grade Celsius","datePublished":"2017-07-10T07:29:32+00:00","mainEntityOfPage":{"@id":"https:\/\/urbeamea.ro\/albaiulia\/cod-galben-de-canicula-in-alba-si-alte-judete-pana-marti-temperaturile-depasesc-33-de-grade-celsius\/"},"wordCount":222,"commentCount":0,"image":{"@id":"https:\/\/urbeamea.ro\/albaiulia\/cod-galben-de-canicula-in-alba-si-alte-judete-pana-marti-temperaturile-depasesc-33-de-grade-celsius\/#primaryimage"},"thumbnailUrl":"https:\/\/urbeamea.ro\/albaiulia\/wp-content\/uploads\/2015\/06\/canicula.jpg","keywords":["alba","canicula","cod galben","fiscomfort termic","stiri","temperaturi","Urbea Mea"],"articleSection":["\u015etiri Urbane"],"inLanguage":"ro-RO","potentialAction":[{"@type":"CommentAction","name":"Comment","target":["https:\/\/urbeamea.ro\/albaiulia\/cod-galben-de-canicula-in-alba-si-alte-judete-pana-marti-temperaturile-depasesc-33-de-grade-celsius\/#respond"]}]},{"@type":"WebPage","@id":"https:\/\/urbeamea.ro\/albaiulia\/cod-galben-de-canicula-in-alba-si-alte-judete-pana-marti-temperaturile-depasesc-33-de-grade-celsius\/","url":"https:\/\/urbeamea.ro\/albaiulia\/cod-galben-de-canicula-in-alba-si-alte-judete-pana-marti-temperaturile-depasesc-33-de-grade-celsius\/","name":"Cod Galben de canicul\u0103 \u00een Alba \u015fi alte jude\u0163e, p\u00e2n\u0103 mar\u0163i. Temperaturile dep\u0103\u015fesc 33 de grade Celsius - Revista Urbea Mea - Revista de Alba","isPartOf":{"@id":"https:\/\/urbeamea.ro\/albaiulia\/#website"},"primaryImageOfPage":{"@id":"https:\/\/urbeamea.ro\/albaiulia\/cod-galben-de-canicula-in-alba-si-alte-judete-pana-marti-temperaturile-depasesc-33-de-grade-celsius\/#primaryimage"},"image":{"@id":"https:\/\/urbeamea.ro\/albaiulia\/cod-galben-de-canicula-in-alba-si-alte-judete-pana-marti-temperaturile-depasesc-33-de-grade-celsius\/#primaryimage"},"thumbnailUrl":"https:\/\/urbeamea.ro\/albaiulia\/wp-content\/uploads\/2015\/06\/canicula.jpg","datePublished":"2017-07-10T07:29:32+00:00","author":{"@id":"https:\/\/urbeamea.ro\/albaiulia\/#\/schema\/person\/9700d21fae21c4f038b0b56f4506264a"},"description":"Administra\u021bia Na\u021bional\u0103 de Meteorologie (ANM) a emis un cod galben de canicul\u0103 valabil de luni, 10 iulie \u0219i p\u00e2n\u0103 mar\u021bi, 11 iulie. Potrivit ANM, \u00een cursul","breadcrumb":{"@id":"https:\/\/urbeamea.ro\/albaiulia\/cod-galben-de-canicula-in-alba-si-alte-judete-pana-marti-temperaturile-depasesc-33-de-grade-celsius\/#breadcrumb"},"inLanguage":"ro-RO","potentialAction":[{"@type":"ReadAction","target":["https:\/\/urbeamea.ro\/albaiulia\/cod-galben-de-canicula-in-alba-si-alte-judete-pana-marti-temperaturile-depasesc-33-de-grade-celsius\/"]}]},{"@type":"ImageObject","inLanguage":"ro-RO","@id":"https:\/\/urbeamea.ro\/albaiulia\/cod-galben-de-canicula-in-alba-si-alte-judete-pana-marti-temperaturile-depasesc-33-de-grade-celsius\/#primaryimage","url":"https:\/\/urbeamea.ro\/albaiulia\/wp-content\/uploads\/2015\/06\/canicula.jpg","contentUrl":"https:\/\/urbeamea.ro\/albaiulia\/wp-content\/uploads\/2015\/06\/canicula.jpg","width":620,"height":349},{"@type":"BreadcrumbList","@id":"https:\/\/urbeamea.ro\/albaiulia\/cod-galben-de-canicula-in-alba-si-alte-judete-pana-marti-temperaturile-depasesc-33-de-grade-celsius\/#breadcrumb","itemListElement":[{"@type":"ListItem","position":1,"name":"Prima pagin\u0103","item":"https:\/\/urbeamea.ro\/albaiulia\/"},{"@type":"ListItem","position":2,"name":"Cod Galben de canicul\u0103 \u00een Alba \u015fi alte jude\u0163e, p\u00e2n\u0103 mar\u0163i. Temperaturile dep\u0103\u015fesc 33 de grade Celsius"}]},{"@type":"WebSite","@id":"https:\/\/urbeamea.ro\/albaiulia\/#website","url":"https:\/\/urbeamea.ro\/albaiulia\/","name":"Revista Urbea Mea, Stiri urbane","description":"Evenimente \u0219i \u0219tiri din Alba Iulia, Sebe\u0219, Aiud, Blaj","potentialAction":[{"@type":"SearchAction","target":{"@type":"EntryPoint","urlTemplate":"https:\/\/urbeamea.ro\/albaiulia\/?s={search_term_string}"},"query-input":{"@type":"PropertyValueSpecification","valueRequired":true,"valueName":"search_term_string"}}],"inLanguage":"ro-RO"},{"@type":"Person","@id":"https:\/\/urbeamea.ro\/albaiulia\/#\/schema\/person\/9700d21fae21c4f038b0b56f4506264a","name":"Cristina Ganga","image":{"@type":"ImageObject","inLanguage":"ro-RO","@id":"https:\/\/secure.gravatar.com\/avatar\/5a67661041f057b4a8ccaf26f5a8e86e2689372006d01faf3dd9eeb10b654bb4?s=96&d=mm&r=g","url":"https:\/\/secure.gravatar.com\/avatar\/5a67661041f057b4a8ccaf26f5a8e86e2689372006d01faf3dd9eeb10b654bb4?s=96&d=mm&r=g","contentUrl":"https:\/\/secure.gravatar.com\/avatar\/5a67661041f057b4a8ccaf26f5a8e86e2689372006d01faf3dd9eeb10b654bb4?s=96&d=mm&r=g","caption":"Cristina Ganga"},"description":"Jurnalist","sameAs":["https:\/\/www.facebook.com\/cristina.nicola.587"],"url":"https:\/\/urbeamea.ro\/albaiulia\/author\/cristina-nicola\/"}]}},"_links":{"self":[{"href":"https:\/\/urbeamea.ro\/albaiulia\/wp-json\/wp\/v2\/posts\/49153","targetHints":{"allow":["GET"]}}],"collection":[{"href":"https:\/\/urbeamea.ro\/albaiulia\/wp-json\/wp\/v2\/posts"}],"about":[{"href":"https:\/\/urbeamea.ro\/albaiulia\/wp-json\/wp\/v2\/types\/post"}],"author":[{"embeddable":true,"href":"https:\/\/urbeamea.ro\/albaiulia\/wp-json\/wp\/v2\/users\/17"}],"replies":[{"embeddable":true,"href":"https:\/\/urbeamea.ro\/albaiulia\/wp-json\/wp\/v2\/comments?post=49153"}],"version-history":[{"count":0,"href":"https:\/\/urbeamea.ro\/albaiulia\/wp-json\/wp\/v2\/posts\/49153\/revisions"}],"wp:featuredmedia":[{"embeddable":true,"href":"https:\/\/urbeamea.ro\/albaiulia\/wp-json\/wp\/v2\/media\/4976"}],"wp:attachment":[{"href":"https:\/\/urbeamea.ro\/albaiulia\/wp-json\/wp\/v2\/media?parent=49153"}],"wp:term":[{"taxonomy":"category","embeddable":true,"href":"https:\/\/urbeamea.ro\/albaiulia\/wp-json\/wp\/v2\/categories?post=49153"},{"taxonomy":"post_tag","embeddable":true,"href":"https:\/\/urbeamea.ro\/albaiulia\/wp-json\/wp\/v2\/tags?post=49153"}],"curies":[{"name":"wp","href":"https:\/\/api.w.org\/{rel}","templated":true}]}}