{"id":4917,"date":"2015-06-10T15:26:43","date_gmt":"2015-06-10T12:26:43","guid":{"rendered":"http:\/\/urbeamea.ro\/albaiulia\/?p=4917"},"modified":"2015-06-10T15:27:17","modified_gmt":"2015-06-10T12:27:17","slug":"7-519-persoane-au-vizitat-expozitia-aurul-si-argintul-antic-al-romaniei-in-perioada-4-9-iunie","status":"publish","type":"post","link":"https:\/\/urbeamea.ro\/albaiulia\/7-519-persoane-au-vizitat-expozitia-aurul-si-argintul-antic-al-romaniei-in-perioada-4-9-iunie\/","title":{"rendered":"7.519 persoane au vizitat expozi\u0163ia Aurul \u015fi argintul antic al Rom\u00e2niei \u00een perioada 4-9 Iunie"},"content":{"rendered":"<p><a href=\"http:\/\/urbeamea.ro\/albaiulia\/wp-content\/uploads\/2015\/06\/0167_1_inv_11432_11433_Pietroasa_IMG_9427.jpg\"><img loading=\"lazy\" decoding=\"async\" class=\"alignleft size-medium wp-image-4718\" src=\"http:\/\/urbeamea.ro\/albaiulia\/wp-content\/uploads\/2015\/06\/0167_1_inv_11432_11433_Pietroasa_IMG_9427-200x300.jpg\" alt=\"0167_1_inv_11432_11433_Pietroasa_IMG_9427\" width=\"200\" height=\"300\" \/><\/a>Expozi\u021bia Aurul \u0219i argintul antic al Rom\u00e2niei g\u0103zduit\u0103 \u00een aceast\u0103 perioad\u0103 de Sala Unirii din Alba Iulia se bucur\u0103 de un succes deosebit.<\/p>\n<p>Deschis\u0103 publicului de nici o s\u0103pt\u0103m\u00e2n\u0103, mai exact de joi, 4 iunie, expozi\u021bia a str\u00e2ns deja un num\u0103r impresionant de vizitatori.<\/p>\n<p>Astfel, p\u00e2n\u0103 mar\u021bi, 9 iunie, nu mai pu\u021bin de 7.519 persoane au p\u0103\u0219it pragul muzeului pentru a admira cele peste 1.000 de exponate din aur \u0219i argint.<\/p>\n<p>De remarcat c\u0103 ziua cea mai aglomerat\u0103 a fost s\u00e2mb\u0103t\u0103, 6 iunie, cu cei 2.718 vizitatori.<\/p>\n<p>Reamintim c\u0103 expozi\u021bia va putea fi v\u0103zut\u0103 la Sala Unirii din Alba Iulia p\u00e2n\u0103 \u00een data de 12 iulie 2015, de mar\u021bi p\u00e2n\u0103 duminic\u0103, \u00eentre orele 10-19.<\/p>\n","protected":false},"excerpt":{"rendered":"<p>Expozi\u021bia Aurul \u0219i argintul antic al Rom\u00e2niei g\u0103zduit\u0103 \u00een aceast\u0103 perioad\u0103 de Sala Unirii din Alba Iulia se bucur\u0103 de un succes deosebit. Deschis\u0103 publicului de nici o s\u0103pt\u0103m\u00e2n\u0103, mai exact de joi, 4 iunie, expozi\u021bia a str\u00e2ns deja un num\u0103r impresionant de vizitatori. Astfel, p\u00e2n\u0103 mar\u021bi, 9 iunie, nu mai pu\u021bin de 7.519 persoane &hellip;<\/p>\n","protected":false},"author":16,"featured_media":4718,"comment_status":"open","ping_status":"open","sticky":false,"template":"","format":"standard","meta":{"inline_featured_image":false,"footnotes":""},"categories":[1],"tags":[],"class_list":["post-4917","post","type-post","status-publish","format-standard","has-post-thumbnail","hentry","category-stiri-urbane"],"yoast_head":"<!-- This site is optimized with the Yoast SEO plugin v27.4 - https:\/\/yoast.com\/product\/yoast-seo-wordpress\/ -->\n<title>7.519 persoane au vizitat expozi\u0163ia Aurul \u015fi argintul antic al Rom\u00e2niei \u00een perioada 4-9 Iunie - Revista Urbea Mea - Revista de Alba<\/title>\n<meta name=\"description\" content=\"Expozi\u021bia Aurul \u0219i argintul antic al Rom\u00e2niei g\u0103zduit\u0103 \u00een aceast\u0103 perioad\u0103 de Sala Unirii din Alba Iulia se bucur\u0103 de un succes deosebit. Deschis\u0103\" \/>\n<meta name=\"robots\" content=\"index, follow, max-snippet:-1, max-image-preview:large, max-video-preview:-1\" \/>\n<link rel=\"canonical\" href=\"https:\/\/urbeamea.ro\/albaiulia\/7-519-persoane-au-vizitat-expozitia-aurul-si-argintul-antic-al-romaniei-in-perioada-4-9-iunie\/\" \/>\n<meta name=\"twitter:card\" content=\"summary_large_image\" \/>\n<meta name=\"twitter:title\" content=\"7.519 persoane au vizitat expozi\u0163ia Aurul \u015fi argintul antic al Rom\u00e2niei \u00een perioada 4-9 Iunie - Revista Urbea Mea - Revista de Alba\" \/>\n<meta name=\"twitter:description\" content=\"Expozi\u021bia Aurul \u0219i argintul antic al Rom\u00e2niei g\u0103zduit\u0103 \u00een aceast\u0103 perioad\u0103 de Sala Unirii din Alba Iulia se bucur\u0103 de un succes deosebit. Deschis\u0103\" \/>\n<meta name=\"twitter:image\" content=\"https:\/\/urbeamea.ro\/albaiulia\/wp-content\/uploads\/2015\/06\/0167_1_inv_11432_11433_Pietroasa_IMG_9427.jpg\" \/>\n<meta name=\"twitter:creator\" content=\"@urbeameaweb\" \/>\n<meta name=\"twitter:site\" content=\"@urbeameaweb\" \/>\n<script type=\"application\/ld+json\" class=\"yoast-schema-graph\">{\"@context\":\"https:\\\/\\\/schema.org\",\"@graph\":[{\"@type\":\"Article\",\"@id\":\"https:\\\/\\\/urbeamea.ro\\\/albaiulia\\\/7-519-persoane-au-vizitat-expozitia-aurul-si-argintul-antic-al-romaniei-in-perioada-4-9-iunie\\\/#article\",\"isPartOf\":{\"@id\":\"https:\\\/\\\/urbeamea.ro\\\/albaiulia\\\/7-519-persoane-au-vizitat-expozitia-aurul-si-argintul-antic-al-romaniei-in-perioada-4-9-iunie\\\/\"},\"author\":{\"name\":\"Redac\u021bia UrbeaMea\",\"@id\":\"https:\\\/\\\/urbeamea.ro\\\/albaiulia\\\/#\\\/schema\\\/person\\\/272ae98052f8ee8980f59848df070247\"},\"headline\":\"7.519 persoane au vizitat expozi\u0163ia Aurul \u015fi argintul antic al Rom\u00e2niei \u00een perioada 4-9 Iunie\",\"datePublished\":\"2015-06-10T12:26:43+00:00\",\"dateModified\":\"2015-06-10T12:27:17+00:00\",\"mainEntityOfPage\":{\"@id\":\"https:\\\/\\\/urbeamea.ro\\\/albaiulia\\\/7-519-persoane-au-vizitat-expozitia-aurul-si-argintul-antic-al-romaniei-in-perioada-4-9-iunie\\\/\"},\"wordCount\":142,\"commentCount\":0,\"image\":{\"@id\":\"https:\\\/\\\/urbeamea.ro\\\/albaiulia\\\/7-519-persoane-au-vizitat-expozitia-aurul-si-argintul-antic-al-romaniei-in-perioada-4-9-iunie\\\/#primaryimage\"},\"thumbnailUrl\":\"https:\\\/\\\/urbeamea.ro\\\/albaiulia\\\/wp-content\\\/uploads\\\/2015\\\/06\\\/0167_1_inv_11432_11433_Pietroasa_IMG_9427.jpg\",\"articleSection\":[\"\u015etiri Urbane\"],\"inLanguage\":\"ro-RO\",\"potentialAction\":[{\"@type\":\"CommentAction\",\"name\":\"Comment\",\"target\":[\"https:\\\/\\\/urbeamea.ro\\\/albaiulia\\\/7-519-persoane-au-vizitat-expozitia-aurul-si-argintul-antic-al-romaniei-in-perioada-4-9-iunie\\\/#respond\"]}]},{\"@type\":\"WebPage\",\"@id\":\"https:\\\/\\\/urbeamea.ro\\\/albaiulia\\\/7-519-persoane-au-vizitat-expozitia-aurul-si-argintul-antic-al-romaniei-in-perioada-4-9-iunie\\\/\",\"url\":\"https:\\\/\\\/urbeamea.ro\\\/albaiulia\\\/7-519-persoane-au-vizitat-expozitia-aurul-si-argintul-antic-al-romaniei-in-perioada-4-9-iunie\\\/\",\"name\":\"7.519 persoane au vizitat expozi\u0163ia Aurul \u015fi argintul antic al Rom\u00e2niei \u00een perioada 4-9 Iunie - Revista Urbea Mea - Revista de Alba\",\"isPartOf\":{\"@id\":\"https:\\\/\\\/urbeamea.ro\\\/albaiulia\\\/#website\"},\"primaryImageOfPage\":{\"@id\":\"https:\\\/\\\/urbeamea.ro\\\/albaiulia\\\/7-519-persoane-au-vizitat-expozitia-aurul-si-argintul-antic-al-romaniei-in-perioada-4-9-iunie\\\/#primaryimage\"},\"image\":{\"@id\":\"https:\\\/\\\/urbeamea.ro\\\/albaiulia\\\/7-519-persoane-au-vizitat-expozitia-aurul-si-argintul-antic-al-romaniei-in-perioada-4-9-iunie\\\/#primaryimage\"},\"thumbnailUrl\":\"https:\\\/\\\/urbeamea.ro\\\/albaiulia\\\/wp-content\\\/uploads\\\/2015\\\/06\\\/0167_1_inv_11432_11433_Pietroasa_IMG_9427.jpg\",\"datePublished\":\"2015-06-10T12:26:43+00:00\",\"dateModified\":\"2015-06-10T12:27:17+00:00\",\"author\":{\"@id\":\"https:\\\/\\\/urbeamea.ro\\\/albaiulia\\\/#\\\/schema\\\/person\\\/272ae98052f8ee8980f59848df070247\"},\"description\":\"Expozi\u021bia Aurul \u0219i argintul antic al Rom\u00e2niei g\u0103zduit\u0103 \u00een aceast\u0103 perioad\u0103 de Sala Unirii din Alba Iulia se bucur\u0103 de un succes deosebit. Deschis\u0103\",\"breadcrumb\":{\"@id\":\"https:\\\/\\\/urbeamea.ro\\\/albaiulia\\\/7-519-persoane-au-vizitat-expozitia-aurul-si-argintul-antic-al-romaniei-in-perioada-4-9-iunie\\\/#breadcrumb\"},\"inLanguage\":\"ro-RO\",\"potentialAction\":[{\"@type\":\"ReadAction\",\"target\":[\"https:\\\/\\\/urbeamea.ro\\\/albaiulia\\\/7-519-persoane-au-vizitat-expozitia-aurul-si-argintul-antic-al-romaniei-in-perioada-4-9-iunie\\\/\"]}]},{\"@type\":\"ImageObject\",\"inLanguage\":\"ro-RO\",\"@id\":\"https:\\\/\\\/urbeamea.ro\\\/albaiulia\\\/7-519-persoane-au-vizitat-expozitia-aurul-si-argintul-antic-al-romaniei-in-perioada-4-9-iunie\\\/#primaryimage\",\"url\":\"https:\\\/\\\/urbeamea.ro\\\/albaiulia\\\/wp-content\\\/uploads\\\/2015\\\/06\\\/0167_1_inv_11432_11433_Pietroasa_IMG_9427.jpg\",\"contentUrl\":\"https:\\\/\\\/urbeamea.ro\\\/albaiulia\\\/wp-content\\\/uploads\\\/2015\\\/06\\\/0167_1_inv_11432_11433_Pietroasa_IMG_9427.jpg\",\"width\":853,\"height\":1280},{\"@type\":\"BreadcrumbList\",\"@id\":\"https:\\\/\\\/urbeamea.ro\\\/albaiulia\\\/7-519-persoane-au-vizitat-expozitia-aurul-si-argintul-antic-al-romaniei-in-perioada-4-9-iunie\\\/#breadcrumb\",\"itemListElement\":[{\"@type\":\"ListItem\",\"position\":1,\"name\":\"Prima pagin\u0103\",\"item\":\"https:\\\/\\\/urbeamea.ro\\\/albaiulia\\\/\"},{\"@type\":\"ListItem\",\"position\":2,\"name\":\"7.519 persoane au vizitat expozi\u0163ia Aurul \u015fi argintul antic al Rom\u00e2niei \u00een perioada 4-9 Iunie\"}]},{\"@type\":\"WebSite\",\"@id\":\"https:\\\/\\\/urbeamea.ro\\\/albaiulia\\\/#website\",\"url\":\"https:\\\/\\\/urbeamea.ro\\\/albaiulia\\\/\",\"name\":\"Revista Urbea Mea, Stiri urbane\",\"description\":\"Evenimente \u0219i \u0219tiri din Alba Iulia, Sebe\u0219, Aiud, Blaj\",\"potentialAction\":[{\"@type\":\"SearchAction\",\"target\":{\"@type\":\"EntryPoint\",\"urlTemplate\":\"https:\\\/\\\/urbeamea.ro\\\/albaiulia\\\/?s={search_term_string}\"},\"query-input\":{\"@type\":\"PropertyValueSpecification\",\"valueRequired\":true,\"valueName\":\"search_term_string\"}}],\"inLanguage\":\"ro-RO\"},{\"@type\":\"Person\",\"@id\":\"https:\\\/\\\/urbeamea.ro\\\/albaiulia\\\/#\\\/schema\\\/person\\\/272ae98052f8ee8980f59848df070247\",\"name\":\"Redac\u021bia UrbeaMea\",\"image\":{\"@type\":\"ImageObject\",\"inLanguage\":\"ro-RO\",\"@id\":\"https:\\\/\\\/secure.gravatar.com\\\/avatar\\\/9ce5a9435071fa1037e8468053ead8e513dbbff59009d3069aadb85506d85a27?s=96&d=mm&r=g\",\"url\":\"https:\\\/\\\/secure.gravatar.com\\\/avatar\\\/9ce5a9435071fa1037e8468053ead8e513dbbff59009d3069aadb85506d85a27?s=96&d=mm&r=g\",\"contentUrl\":\"https:\\\/\\\/secure.gravatar.com\\\/avatar\\\/9ce5a9435071fa1037e8468053ead8e513dbbff59009d3069aadb85506d85a27?s=96&d=mm&r=g\",\"caption\":\"Redac\u021bia UrbeaMea\"},\"description\":\"contact@urbeamea.ro\",\"sameAs\":[\"https:\\\/\\\/www.urbeamea.ro\"],\"url\":\"https:\\\/\\\/urbeamea.ro\\\/albaiulia\\\/author\\\/redactia-urbeamea\\\/\"}]}<\/script>\n<!-- \/ Yoast SEO plugin. -->","yoast_head_json":{"title":"7.519 persoane au vizitat expozi\u0163ia Aurul \u015fi argintul antic al Rom\u00e2niei \u00een perioada 4-9 Iunie - Revista Urbea Mea - Revista de Alba","description":"Expozi\u021bia Aurul \u0219i argintul antic al Rom\u00e2niei g\u0103zduit\u0103 \u00een aceast\u0103 perioad\u0103 de Sala Unirii din Alba Iulia se bucur\u0103 de un succes deosebit. Deschis\u0103","robots":{"index":"index","follow":"follow","max-snippet":"max-snippet:-1","max-image-preview":"max-image-preview:large","max-video-preview":"max-video-preview:-1"},"canonical":"https:\/\/urbeamea.ro\/albaiulia\/7-519-persoane-au-vizitat-expozitia-aurul-si-argintul-antic-al-romaniei-in-perioada-4-9-iunie\/","twitter_card":"summary_large_image","twitter_title":"7.519 persoane au vizitat expozi\u0163ia Aurul \u015fi argintul antic al Rom\u00e2niei \u00een perioada 4-9 Iunie - Revista Urbea Mea - Revista de Alba","twitter_description":"Expozi\u021bia Aurul \u0219i argintul antic al Rom\u00e2niei g\u0103zduit\u0103 \u00een aceast\u0103 perioad\u0103 de Sala Unirii din Alba Iulia se bucur\u0103 de un succes deosebit. Deschis\u0103","twitter_image":"https:\/\/urbeamea.ro\/albaiulia\/wp-content\/uploads\/2015\/06\/0167_1_inv_11432_11433_Pietroasa_IMG_9427.jpg","twitter_creator":"@urbeameaweb","twitter_site":"@urbeameaweb","schema":{"@context":"https:\/\/schema.org","@graph":[{"@type":"Article","@id":"https:\/\/urbeamea.ro\/albaiulia\/7-519-persoane-au-vizitat-expozitia-aurul-si-argintul-antic-al-romaniei-in-perioada-4-9-iunie\/#article","isPartOf":{"@id":"https:\/\/urbeamea.ro\/albaiulia\/7-519-persoane-au-vizitat-expozitia-aurul-si-argintul-antic-al-romaniei-in-perioada-4-9-iunie\/"},"author":{"name":"Redac\u021bia UrbeaMea","@id":"https:\/\/urbeamea.ro\/albaiulia\/#\/schema\/person\/272ae98052f8ee8980f59848df070247"},"headline":"7.519 persoane au vizitat expozi\u0163ia Aurul \u015fi argintul antic al Rom\u00e2niei \u00een perioada 4-9 Iunie","datePublished":"2015-06-10T12:26:43+00:00","dateModified":"2015-06-10T12:27:17+00:00","mainEntityOfPage":{"@id":"https:\/\/urbeamea.ro\/albaiulia\/7-519-persoane-au-vizitat-expozitia-aurul-si-argintul-antic-al-romaniei-in-perioada-4-9-iunie\/"},"wordCount":142,"commentCount":0,"image":{"@id":"https:\/\/urbeamea.ro\/albaiulia\/7-519-persoane-au-vizitat-expozitia-aurul-si-argintul-antic-al-romaniei-in-perioada-4-9-iunie\/#primaryimage"},"thumbnailUrl":"https:\/\/urbeamea.ro\/albaiulia\/wp-content\/uploads\/2015\/06\/0167_1_inv_11432_11433_Pietroasa_IMG_9427.jpg","articleSection":["\u015etiri Urbane"],"inLanguage":"ro-RO","potentialAction":[{"@type":"CommentAction","name":"Comment","target":["https:\/\/urbeamea.ro\/albaiulia\/7-519-persoane-au-vizitat-expozitia-aurul-si-argintul-antic-al-romaniei-in-perioada-4-9-iunie\/#respond"]}]},{"@type":"WebPage","@id":"https:\/\/urbeamea.ro\/albaiulia\/7-519-persoane-au-vizitat-expozitia-aurul-si-argintul-antic-al-romaniei-in-perioada-4-9-iunie\/","url":"https:\/\/urbeamea.ro\/albaiulia\/7-519-persoane-au-vizitat-expozitia-aurul-si-argintul-antic-al-romaniei-in-perioada-4-9-iunie\/","name":"7.519 persoane au vizitat expozi\u0163ia Aurul \u015fi argintul antic al Rom\u00e2niei \u00een perioada 4-9 Iunie - Revista Urbea Mea - Revista de Alba","isPartOf":{"@id":"https:\/\/urbeamea.ro\/albaiulia\/#website"},"primaryImageOfPage":{"@id":"https:\/\/urbeamea.ro\/albaiulia\/7-519-persoane-au-vizitat-expozitia-aurul-si-argintul-antic-al-romaniei-in-perioada-4-9-iunie\/#primaryimage"},"image":{"@id":"https:\/\/urbeamea.ro\/albaiulia\/7-519-persoane-au-vizitat-expozitia-aurul-si-argintul-antic-al-romaniei-in-perioada-4-9-iunie\/#primaryimage"},"thumbnailUrl":"https:\/\/urbeamea.ro\/albaiulia\/wp-content\/uploads\/2015\/06\/0167_1_inv_11432_11433_Pietroasa_IMG_9427.jpg","datePublished":"2015-06-10T12:26:43+00:00","dateModified":"2015-06-10T12:27:17+00:00","author":{"@id":"https:\/\/urbeamea.ro\/albaiulia\/#\/schema\/person\/272ae98052f8ee8980f59848df070247"},"description":"Expozi\u021bia Aurul \u0219i argintul antic al Rom\u00e2niei g\u0103zduit\u0103 \u00een aceast\u0103 perioad\u0103 de Sala Unirii din Alba Iulia se bucur\u0103 de un succes deosebit. Deschis\u0103","breadcrumb":{"@id":"https:\/\/urbeamea.ro\/albaiulia\/7-519-persoane-au-vizitat-expozitia-aurul-si-argintul-antic-al-romaniei-in-perioada-4-9-iunie\/#breadcrumb"},"inLanguage":"ro-RO","potentialAction":[{"@type":"ReadAction","target":["https:\/\/urbeamea.ro\/albaiulia\/7-519-persoane-au-vizitat-expozitia-aurul-si-argintul-antic-al-romaniei-in-perioada-4-9-iunie\/"]}]},{"@type":"ImageObject","inLanguage":"ro-RO","@id":"https:\/\/urbeamea.ro\/albaiulia\/7-519-persoane-au-vizitat-expozitia-aurul-si-argintul-antic-al-romaniei-in-perioada-4-9-iunie\/#primaryimage","url":"https:\/\/urbeamea.ro\/albaiulia\/wp-content\/uploads\/2015\/06\/0167_1_inv_11432_11433_Pietroasa_IMG_9427.jpg","contentUrl":"https:\/\/urbeamea.ro\/albaiulia\/wp-content\/uploads\/2015\/06\/0167_1_inv_11432_11433_Pietroasa_IMG_9427.jpg","width":853,"height":1280},{"@type":"BreadcrumbList","@id":"https:\/\/urbeamea.ro\/albaiulia\/7-519-persoane-au-vizitat-expozitia-aurul-si-argintul-antic-al-romaniei-in-perioada-4-9-iunie\/#breadcrumb","itemListElement":[{"@type":"ListItem","position":1,"name":"Prima pagin\u0103","item":"https:\/\/urbeamea.ro\/albaiulia\/"},{"@type":"ListItem","position":2,"name":"7.519 persoane au vizitat expozi\u0163ia Aurul \u015fi argintul antic al Rom\u00e2niei \u00een perioada 4-9 Iunie"}]},{"@type":"WebSite","@id":"https:\/\/urbeamea.ro\/albaiulia\/#website","url":"https:\/\/urbeamea.ro\/albaiulia\/","name":"Revista Urbea Mea, Stiri urbane","description":"Evenimente \u0219i \u0219tiri din Alba Iulia, Sebe\u0219, Aiud, Blaj","potentialAction":[{"@type":"SearchAction","target":{"@type":"EntryPoint","urlTemplate":"https:\/\/urbeamea.ro\/albaiulia\/?s={search_term_string}"},"query-input":{"@type":"PropertyValueSpecification","valueRequired":true,"valueName":"search_term_string"}}],"inLanguage":"ro-RO"},{"@type":"Person","@id":"https:\/\/urbeamea.ro\/albaiulia\/#\/schema\/person\/272ae98052f8ee8980f59848df070247","name":"Redac\u021bia UrbeaMea","image":{"@type":"ImageObject","inLanguage":"ro-RO","@id":"https:\/\/secure.gravatar.com\/avatar\/9ce5a9435071fa1037e8468053ead8e513dbbff59009d3069aadb85506d85a27?s=96&d=mm&r=g","url":"https:\/\/secure.gravatar.com\/avatar\/9ce5a9435071fa1037e8468053ead8e513dbbff59009d3069aadb85506d85a27?s=96&d=mm&r=g","contentUrl":"https:\/\/secure.gravatar.com\/avatar\/9ce5a9435071fa1037e8468053ead8e513dbbff59009d3069aadb85506d85a27?s=96&d=mm&r=g","caption":"Redac\u021bia UrbeaMea"},"description":"contact@urbeamea.ro","sameAs":["https:\/\/www.urbeamea.ro"],"url":"https:\/\/urbeamea.ro\/albaiulia\/author\/redactia-urbeamea\/"}]}},"_links":{"self":[{"href":"https:\/\/urbeamea.ro\/albaiulia\/wp-json\/wp\/v2\/posts\/4917","targetHints":{"allow":["GET"]}}],"collection":[{"href":"https:\/\/urbeamea.ro\/albaiulia\/wp-json\/wp\/v2\/posts"}],"about":[{"href":"https:\/\/urbeamea.ro\/albaiulia\/wp-json\/wp\/v2\/types\/post"}],"author":[{"embeddable":true,"href":"https:\/\/urbeamea.ro\/albaiulia\/wp-json\/wp\/v2\/users\/16"}],"replies":[{"embeddable":true,"href":"https:\/\/urbeamea.ro\/albaiulia\/wp-json\/wp\/v2\/comments?post=4917"}],"version-history":[{"count":0,"href":"https:\/\/urbeamea.ro\/albaiulia\/wp-json\/wp\/v2\/posts\/4917\/revisions"}],"wp:featuredmedia":[{"embeddable":true,"href":"https:\/\/urbeamea.ro\/albaiulia\/wp-json\/wp\/v2\/media\/4718"}],"wp:attachment":[{"href":"https:\/\/urbeamea.ro\/albaiulia\/wp-json\/wp\/v2\/media?parent=4917"}],"wp:term":[{"taxonomy":"category","embeddable":true,"href":"https:\/\/urbeamea.ro\/albaiulia\/wp-json\/wp\/v2\/categories?post=4917"},{"taxonomy":"post_tag","embeddable":true,"href":"https:\/\/urbeamea.ro\/albaiulia\/wp-json\/wp\/v2\/tags?post=4917"}],"curies":[{"name":"wp","href":"https:\/\/api.w.org\/{rel}","templated":true}]}}