{"id":49315,"date":"2017-07-11T14:35:12","date_gmt":"2017-07-11T11:35:12","guid":{"rendered":"https:\/\/urbeamea.ro\/albaiulia\/?p=49315"},"modified":"2017-07-11T15:05:24","modified_gmt":"2017-07-11T12:05:24","slug":"tragedie-pe-santierul-autostrazii-sebes-turda-un-tanar-de-28-de-ani-si-a-pierdut-viata-dupa-ce-a-fost-lovit-de-un-utilaj","status":"publish","type":"post","link":"https:\/\/urbeamea.ro\/albaiulia\/tragedie-pe-santierul-autostrazii-sebes-turda-un-tanar-de-28-de-ani-si-a-pierdut-viata-dupa-ce-a-fost-lovit-de-un-utilaj\/","title":{"rendered":"Tragedie pe \u0219antierul Autostr\u0103zii Sebe\u0219-Turda: Un t\u00e2n\u0103r de 28 de ani \u015fi-a pierdut via\u0163a dup\u0103 ce a fost lovit de un utilaj"},"content":{"rendered":"<p><strong>Un t\u00e2n\u0103r \u00een v\u00e2rst\u0103 de aproximativ 28 de ani \u015fi-a pierdut via\u0163a \u00eentr-un accident de munc\u0103, \u00a0mar\u021bi, \u00een jurul orei 14.00, pe \u0219antierul Autostr\u0103zii Sebe\u0219-Turda. <\/strong><\/p>\n<p><strong>Potrivit ISU Alba, b\u0103rbatul a fost lovit de un buldoexcavator \u00een timpul lucr\u0103rilor din zona Teiu\u0219-C\u0103pud.\u00a0<\/strong><\/p>\n<p><strong>UPDATE:<\/strong> Victima este S.A., un t\u00e2n\u0103r de 27 de ani, din Teiu\u015f. Lucra cu o autobasculant\u0103 proprietatea firmei sale, pe \u015fantierul autostr\u0103zii. Transporta balast \u015fi p\u0103m\u00e2nt. \u00cen momentul accidentului, acesta s-ar fi aflat \u00een spatele benei \u015fi a fost surprins de un buldoexcavator ce efectua o manevr\u0103 de mers cu spatele. A fost strivit \u00eentre cele dou\u0103 utilaje.<\/p>\n<p>Accidentul s-a petrecut \u00een apropiere de Teiu\u015f.<\/p>\n<p>Revenim cu am\u0103nunte.<\/p>\n<p>foto: arhiv\u0103<\/p>\n","protected":false},"excerpt":{"rendered":"<p>Un t\u00e2n\u0103r \u00een v\u00e2rst\u0103 de aproximativ 28 de ani \u015fi-a pierdut via\u0163a \u00eentr-un accident de munc\u0103, \u00a0mar\u021bi, \u00een jurul orei 14.00, pe \u0219antierul Autostr\u0103zii Sebe\u0219-Turda. Potrivit ISU Alba, b\u0103rbatul a fost lovit de un buldoexcavator \u00een timpul lucr\u0103rilor din zona Teiu\u0219-C\u0103pud.\u00a0 UPDATE: Victima este S.A., un t\u00e2n\u0103r de 27 de ani, din Teiu\u015f. Lucra cu &hellip;<\/p>\n","protected":false},"author":17,"featured_media":40118,"comment_status":"open","ping_status":"open","sticky":false,"template":"","format":"standard","meta":{"inline_featured_image":false,"footnotes":""},"categories":[1],"tags":[10424,307,11460,2408,2560,5614,3989,308,2533,76,6991],"class_list":["post-49315","post","type-post","status-publish","format-standard","has-post-thumbnail","hentry","category-stiri-urbane","tag-accident-de-munca","tag-alba","tag-autostrada-sebes-turda","tag-decedat","tag-isu-alba","tag-lovit","tag-santier","tag-stiri","tag-tanar","tag-urbea-mea","tag-utilaj"],"yoast_head":"<!-- This site is optimized with the Yoast SEO plugin v28.3 - https:\/\/yoast.com\/product\/yoast-seo-wordpress\/ -->\n<title>Tragedie pe \u0219antierul Autostr\u0103zii Sebe\u0219-Turda: Un t\u00e2n\u0103r de 28 de ani \u015fi-a pierdut via\u0163a dup\u0103 ce a fost lovit de un utilaj - Revista Urbea Mea - Revista de Alba<\/title>\n<meta name=\"description\" content=\"Un t\u00e2n\u0103r \u00een v\u00e2rst\u0103 de aproximativ 28 de ani \u015fi-a pierdut via\u0163a \u00eentr-un accident de munc\u0103, \u00a0mar\u021bi, \u00een jurul orei 14.00, pe \u0219antierul Autostr\u0103zii\" \/>\n<meta name=\"robots\" content=\"index, follow, max-snippet:-1, max-image-preview:large, max-video-preview:-1\" \/>\n<link rel=\"canonical\" href=\"https:\/\/urbeamea.ro\/albaiulia\/tragedie-pe-santierul-autostrazii-sebes-turda-un-tanar-de-28-de-ani-si-a-pierdut-viata-dupa-ce-a-fost-lovit-de-un-utilaj\/\" \/>\n<meta name=\"twitter:card\" content=\"summary_large_image\" \/>\n<meta name=\"twitter:title\" content=\"Tragedie pe \u0219antierul Autostr\u0103zii Sebe\u0219-Turda: Un t\u00e2n\u0103r de 28 de ani \u015fi-a pierdut via\u0163a dup\u0103 ce a fost lovit de un utilaj - Revista Urbea Mea - Revista de Alba\" \/>\n<meta name=\"twitter:description\" content=\"Un t\u00e2n\u0103r \u00een v\u00e2rst\u0103 de aproximativ 28 de ani \u015fi-a pierdut via\u0163a \u00eentr-un accident de munc\u0103, \u00a0mar\u021bi, \u00een jurul orei 14.00, pe \u0219antierul Autostr\u0103zii\" \/>\n<meta name=\"twitter:image\" content=\"https:\/\/urbeamea.ro\/albaiulia\/wp-content\/uploads\/2017\/02\/SMURD-ISU-raniti-2.jpg\" \/>\n<meta name=\"twitter:creator\" content=\"@urbeameaweb\" \/>\n<meta name=\"twitter:site\" content=\"@urbeameaweb\" \/>\n<script type=\"application\/ld+json\" class=\"yoast-schema-graph\">{\"@context\":\"https:\\\/\\\/schema.org\",\"@graph\":[{\"@type\":\"Article\",\"@id\":\"https:\\\/\\\/urbeamea.ro\\\/albaiulia\\\/tragedie-pe-santierul-autostrazii-sebes-turda-un-tanar-de-28-de-ani-si-a-pierdut-viata-dupa-ce-a-fost-lovit-de-un-utilaj\\\/#article\",\"isPartOf\":{\"@id\":\"https:\\\/\\\/urbeamea.ro\\\/albaiulia\\\/tragedie-pe-santierul-autostrazii-sebes-turda-un-tanar-de-28-de-ani-si-a-pierdut-viata-dupa-ce-a-fost-lovit-de-un-utilaj\\\/\"},\"author\":{\"name\":\"Cristina Ganga\",\"@id\":\"https:\\\/\\\/urbeamea.ro\\\/albaiulia\\\/#\\\/schema\\\/person\\\/9700d21fae21c4f038b0b56f4506264a\"},\"headline\":\"Tragedie pe \u0219antierul Autostr\u0103zii Sebe\u0219-Turda: Un t\u00e2n\u0103r de 28 de ani \u015fi-a pierdut via\u0163a dup\u0103 ce a fost lovit de un utilaj\",\"datePublished\":\"2017-07-11T11:35:12+00:00\",\"dateModified\":\"2017-07-11T12:05:24+00:00\",\"mainEntityOfPage\":{\"@id\":\"https:\\\/\\\/urbeamea.ro\\\/albaiulia\\\/tragedie-pe-santierul-autostrazii-sebes-turda-un-tanar-de-28-de-ani-si-a-pierdut-viata-dupa-ce-a-fost-lovit-de-un-utilaj\\\/\"},\"wordCount\":152,\"commentCount\":0,\"image\":{\"@id\":\"https:\\\/\\\/urbeamea.ro\\\/albaiulia\\\/tragedie-pe-santierul-autostrazii-sebes-turda-un-tanar-de-28-de-ani-si-a-pierdut-viata-dupa-ce-a-fost-lovit-de-un-utilaj\\\/#primaryimage\"},\"thumbnailUrl\":\"https:\\\/\\\/urbeamea.ro\\\/albaiulia\\\/wp-content\\\/uploads\\\/2017\\\/02\\\/SMURD-ISU-raniti-2.jpg\",\"keywords\":[\"accident de munca\",\"alba\",\"autostrada sebes-turda\",\"decedat\",\"ISU Alba\",\"lovit\",\"santier\",\"stiri\",\"tanar\",\"Urbea Mea\",\"utilaj\"],\"articleSection\":[\"\u015etiri Urbane\"],\"inLanguage\":\"ro-RO\",\"potentialAction\":[{\"@type\":\"CommentAction\",\"name\":\"Comment\",\"target\":[\"https:\\\/\\\/urbeamea.ro\\\/albaiulia\\\/tragedie-pe-santierul-autostrazii-sebes-turda-un-tanar-de-28-de-ani-si-a-pierdut-viata-dupa-ce-a-fost-lovit-de-un-utilaj\\\/#respond\"]}]},{\"@type\":\"WebPage\",\"@id\":\"https:\\\/\\\/urbeamea.ro\\\/albaiulia\\\/tragedie-pe-santierul-autostrazii-sebes-turda-un-tanar-de-28-de-ani-si-a-pierdut-viata-dupa-ce-a-fost-lovit-de-un-utilaj\\\/\",\"url\":\"https:\\\/\\\/urbeamea.ro\\\/albaiulia\\\/tragedie-pe-santierul-autostrazii-sebes-turda-un-tanar-de-28-de-ani-si-a-pierdut-viata-dupa-ce-a-fost-lovit-de-un-utilaj\\\/\",\"name\":\"Tragedie pe \u0219antierul Autostr\u0103zii Sebe\u0219-Turda: Un t\u00e2n\u0103r de 28 de ani \u015fi-a pierdut via\u0163a dup\u0103 ce a fost lovit de un utilaj - Revista Urbea Mea - Revista de Alba\",\"isPartOf\":{\"@id\":\"https:\\\/\\\/urbeamea.ro\\\/albaiulia\\\/#website\"},\"primaryImageOfPage\":{\"@id\":\"https:\\\/\\\/urbeamea.ro\\\/albaiulia\\\/tragedie-pe-santierul-autostrazii-sebes-turda-un-tanar-de-28-de-ani-si-a-pierdut-viata-dupa-ce-a-fost-lovit-de-un-utilaj\\\/#primaryimage\"},\"image\":{\"@id\":\"https:\\\/\\\/urbeamea.ro\\\/albaiulia\\\/tragedie-pe-santierul-autostrazii-sebes-turda-un-tanar-de-28-de-ani-si-a-pierdut-viata-dupa-ce-a-fost-lovit-de-un-utilaj\\\/#primaryimage\"},\"thumbnailUrl\":\"https:\\\/\\\/urbeamea.ro\\\/albaiulia\\\/wp-content\\\/uploads\\\/2017\\\/02\\\/SMURD-ISU-raniti-2.jpg\",\"datePublished\":\"2017-07-11T11:35:12+00:00\",\"dateModified\":\"2017-07-11T12:05:24+00:00\",\"author\":{\"@id\":\"https:\\\/\\\/urbeamea.ro\\\/albaiulia\\\/#\\\/schema\\\/person\\\/9700d21fae21c4f038b0b56f4506264a\"},\"description\":\"Un t\u00e2n\u0103r \u00een v\u00e2rst\u0103 de aproximativ 28 de ani \u015fi-a pierdut via\u0163a \u00eentr-un accident de munc\u0103, \u00a0mar\u021bi, \u00een jurul orei 14.00, pe \u0219antierul Autostr\u0103zii\",\"breadcrumb\":{\"@id\":\"https:\\\/\\\/urbeamea.ro\\\/albaiulia\\\/tragedie-pe-santierul-autostrazii-sebes-turda-un-tanar-de-28-de-ani-si-a-pierdut-viata-dupa-ce-a-fost-lovit-de-un-utilaj\\\/#breadcrumb\"},\"inLanguage\":\"ro-RO\",\"potentialAction\":[{\"@type\":\"ReadAction\",\"target\":[\"https:\\\/\\\/urbeamea.ro\\\/albaiulia\\\/tragedie-pe-santierul-autostrazii-sebes-turda-un-tanar-de-28-de-ani-si-a-pierdut-viata-dupa-ce-a-fost-lovit-de-un-utilaj\\\/\"]}]},{\"@type\":\"ImageObject\",\"inLanguage\":\"ro-RO\",\"@id\":\"https:\\\/\\\/urbeamea.ro\\\/albaiulia\\\/tragedie-pe-santierul-autostrazii-sebes-turda-un-tanar-de-28-de-ani-si-a-pierdut-viata-dupa-ce-a-fost-lovit-de-un-utilaj\\\/#primaryimage\",\"url\":\"https:\\\/\\\/urbeamea.ro\\\/albaiulia\\\/wp-content\\\/uploads\\\/2017\\\/02\\\/SMURD-ISU-raniti-2.jpg\",\"contentUrl\":\"https:\\\/\\\/urbeamea.ro\\\/albaiulia\\\/wp-content\\\/uploads\\\/2017\\\/02\\\/SMURD-ISU-raniti-2.jpg\",\"width\":800,\"height\":531},{\"@type\":\"BreadcrumbList\",\"@id\":\"https:\\\/\\\/urbeamea.ro\\\/albaiulia\\\/tragedie-pe-santierul-autostrazii-sebes-turda-un-tanar-de-28-de-ani-si-a-pierdut-viata-dupa-ce-a-fost-lovit-de-un-utilaj\\\/#breadcrumb\",\"itemListElement\":[{\"@type\":\"ListItem\",\"position\":1,\"name\":\"Prima pagin\u0103\",\"item\":\"https:\\\/\\\/urbeamea.ro\\\/albaiulia\\\/\"},{\"@type\":\"ListItem\",\"position\":2,\"name\":\"Tragedie pe \u0219antierul Autostr\u0103zii Sebe\u0219-Turda: Un t\u00e2n\u0103r de 28 de ani \u015fi-a pierdut via\u0163a dup\u0103 ce a fost lovit de un utilaj\"}]},{\"@type\":\"WebSite\",\"@id\":\"https:\\\/\\\/urbeamea.ro\\\/albaiulia\\\/#website\",\"url\":\"https:\\\/\\\/urbeamea.ro\\\/albaiulia\\\/\",\"name\":\"Revista Urbea Mea, Stiri urbane\",\"description\":\"Evenimente \u0219i \u0219tiri din Alba Iulia, Sebe\u0219, Aiud, Blaj\",\"potentialAction\":[{\"@type\":\"SearchAction\",\"target\":{\"@type\":\"EntryPoint\",\"urlTemplate\":\"https:\\\/\\\/urbeamea.ro\\\/albaiulia\\\/?s={search_term_string}\"},\"query-input\":{\"@type\":\"PropertyValueSpecification\",\"valueRequired\":true,\"valueName\":\"search_term_string\"}}],\"inLanguage\":\"ro-RO\"},{\"@type\":\"Person\",\"@id\":\"https:\\\/\\\/urbeamea.ro\\\/albaiulia\\\/#\\\/schema\\\/person\\\/9700d21fae21c4f038b0b56f4506264a\",\"name\":\"Cristina Ganga\",\"image\":{\"@type\":\"ImageObject\",\"inLanguage\":\"ro-RO\",\"@id\":\"https:\\\/\\\/secure.gravatar.com\\\/avatar\\\/5a67661041f057b4a8ccaf26f5a8e86e2689372006d01faf3dd9eeb10b654bb4?s=96&d=mm&r=g\",\"url\":\"https:\\\/\\\/secure.gravatar.com\\\/avatar\\\/5a67661041f057b4a8ccaf26f5a8e86e2689372006d01faf3dd9eeb10b654bb4?s=96&d=mm&r=g\",\"contentUrl\":\"https:\\\/\\\/secure.gravatar.com\\\/avatar\\\/5a67661041f057b4a8ccaf26f5a8e86e2689372006d01faf3dd9eeb10b654bb4?s=96&d=mm&r=g\",\"caption\":\"Cristina Ganga\"},\"description\":\"Jurnalist\",\"sameAs\":[\"https:\\\/\\\/www.facebook.com\\\/cristina.nicola.587\"],\"url\":\"https:\\\/\\\/urbeamea.ro\\\/albaiulia\\\/author\\\/cristina-nicola\\\/\"}]}<\/script>\n<!-- \/ Yoast SEO plugin. -->","yoast_head_json":{"title":"Tragedie pe \u0219antierul Autostr\u0103zii Sebe\u0219-Turda: Un t\u00e2n\u0103r de 28 de ani \u015fi-a pierdut via\u0163a dup\u0103 ce a fost lovit de un utilaj - Revista Urbea Mea - Revista de Alba","description":"Un t\u00e2n\u0103r \u00een v\u00e2rst\u0103 de aproximativ 28 de ani \u015fi-a pierdut via\u0163a \u00eentr-un accident de munc\u0103, \u00a0mar\u021bi, \u00een jurul orei 14.00, pe \u0219antierul Autostr\u0103zii","robots":{"index":"index","follow":"follow","max-snippet":"max-snippet:-1","max-image-preview":"max-image-preview:large","max-video-preview":"max-video-preview:-1"},"canonical":"https:\/\/urbeamea.ro\/albaiulia\/tragedie-pe-santierul-autostrazii-sebes-turda-un-tanar-de-28-de-ani-si-a-pierdut-viata-dupa-ce-a-fost-lovit-de-un-utilaj\/","twitter_card":"summary_large_image","twitter_title":"Tragedie pe \u0219antierul Autostr\u0103zii Sebe\u0219-Turda: Un t\u00e2n\u0103r de 28 de ani \u015fi-a pierdut via\u0163a dup\u0103 ce a fost lovit de un utilaj - Revista Urbea Mea - Revista de Alba","twitter_description":"Un t\u00e2n\u0103r \u00een v\u00e2rst\u0103 de aproximativ 28 de ani \u015fi-a pierdut via\u0163a \u00eentr-un accident de munc\u0103, \u00a0mar\u021bi, \u00een jurul orei 14.00, pe \u0219antierul Autostr\u0103zii","twitter_image":"https:\/\/urbeamea.ro\/albaiulia\/wp-content\/uploads\/2017\/02\/SMURD-ISU-raniti-2.jpg","twitter_creator":"@urbeameaweb","twitter_site":"@urbeameaweb","schema":{"@context":"https:\/\/schema.org","@graph":[{"@type":"Article","@id":"https:\/\/urbeamea.ro\/albaiulia\/tragedie-pe-santierul-autostrazii-sebes-turda-un-tanar-de-28-de-ani-si-a-pierdut-viata-dupa-ce-a-fost-lovit-de-un-utilaj\/#article","isPartOf":{"@id":"https:\/\/urbeamea.ro\/albaiulia\/tragedie-pe-santierul-autostrazii-sebes-turda-un-tanar-de-28-de-ani-si-a-pierdut-viata-dupa-ce-a-fost-lovit-de-un-utilaj\/"},"author":{"name":"Cristina Ganga","@id":"https:\/\/urbeamea.ro\/albaiulia\/#\/schema\/person\/9700d21fae21c4f038b0b56f4506264a"},"headline":"Tragedie pe \u0219antierul Autostr\u0103zii Sebe\u0219-Turda: Un t\u00e2n\u0103r de 28 de ani \u015fi-a pierdut via\u0163a dup\u0103 ce a fost lovit de un utilaj","datePublished":"2017-07-11T11:35:12+00:00","dateModified":"2017-07-11T12:05:24+00:00","mainEntityOfPage":{"@id":"https:\/\/urbeamea.ro\/albaiulia\/tragedie-pe-santierul-autostrazii-sebes-turda-un-tanar-de-28-de-ani-si-a-pierdut-viata-dupa-ce-a-fost-lovit-de-un-utilaj\/"},"wordCount":152,"commentCount":0,"image":{"@id":"https:\/\/urbeamea.ro\/albaiulia\/tragedie-pe-santierul-autostrazii-sebes-turda-un-tanar-de-28-de-ani-si-a-pierdut-viata-dupa-ce-a-fost-lovit-de-un-utilaj\/#primaryimage"},"thumbnailUrl":"https:\/\/urbeamea.ro\/albaiulia\/wp-content\/uploads\/2017\/02\/SMURD-ISU-raniti-2.jpg","keywords":["accident de munca","alba","autostrada sebes-turda","decedat","ISU Alba","lovit","santier","stiri","tanar","Urbea Mea","utilaj"],"articleSection":["\u015etiri Urbane"],"inLanguage":"ro-RO","potentialAction":[{"@type":"CommentAction","name":"Comment","target":["https:\/\/urbeamea.ro\/albaiulia\/tragedie-pe-santierul-autostrazii-sebes-turda-un-tanar-de-28-de-ani-si-a-pierdut-viata-dupa-ce-a-fost-lovit-de-un-utilaj\/#respond"]}]},{"@type":"WebPage","@id":"https:\/\/urbeamea.ro\/albaiulia\/tragedie-pe-santierul-autostrazii-sebes-turda-un-tanar-de-28-de-ani-si-a-pierdut-viata-dupa-ce-a-fost-lovit-de-un-utilaj\/","url":"https:\/\/urbeamea.ro\/albaiulia\/tragedie-pe-santierul-autostrazii-sebes-turda-un-tanar-de-28-de-ani-si-a-pierdut-viata-dupa-ce-a-fost-lovit-de-un-utilaj\/","name":"Tragedie pe \u0219antierul Autostr\u0103zii Sebe\u0219-Turda: Un t\u00e2n\u0103r de 28 de ani \u015fi-a pierdut via\u0163a dup\u0103 ce a fost lovit de un utilaj - Revista Urbea Mea - Revista de Alba","isPartOf":{"@id":"https:\/\/urbeamea.ro\/albaiulia\/#website"},"primaryImageOfPage":{"@id":"https:\/\/urbeamea.ro\/albaiulia\/tragedie-pe-santierul-autostrazii-sebes-turda-un-tanar-de-28-de-ani-si-a-pierdut-viata-dupa-ce-a-fost-lovit-de-un-utilaj\/#primaryimage"},"image":{"@id":"https:\/\/urbeamea.ro\/albaiulia\/tragedie-pe-santierul-autostrazii-sebes-turda-un-tanar-de-28-de-ani-si-a-pierdut-viata-dupa-ce-a-fost-lovit-de-un-utilaj\/#primaryimage"},"thumbnailUrl":"https:\/\/urbeamea.ro\/albaiulia\/wp-content\/uploads\/2017\/02\/SMURD-ISU-raniti-2.jpg","datePublished":"2017-07-11T11:35:12+00:00","dateModified":"2017-07-11T12:05:24+00:00","author":{"@id":"https:\/\/urbeamea.ro\/albaiulia\/#\/schema\/person\/9700d21fae21c4f038b0b56f4506264a"},"description":"Un t\u00e2n\u0103r \u00een v\u00e2rst\u0103 de aproximativ 28 de ani \u015fi-a pierdut via\u0163a \u00eentr-un accident de munc\u0103, \u00a0mar\u021bi, \u00een jurul orei 14.00, pe \u0219antierul Autostr\u0103zii","breadcrumb":{"@id":"https:\/\/urbeamea.ro\/albaiulia\/tragedie-pe-santierul-autostrazii-sebes-turda-un-tanar-de-28-de-ani-si-a-pierdut-viata-dupa-ce-a-fost-lovit-de-un-utilaj\/#breadcrumb"},"inLanguage":"ro-RO","potentialAction":[{"@type":"ReadAction","target":["https:\/\/urbeamea.ro\/albaiulia\/tragedie-pe-santierul-autostrazii-sebes-turda-un-tanar-de-28-de-ani-si-a-pierdut-viata-dupa-ce-a-fost-lovit-de-un-utilaj\/"]}]},{"@type":"ImageObject","inLanguage":"ro-RO","@id":"https:\/\/urbeamea.ro\/albaiulia\/tragedie-pe-santierul-autostrazii-sebes-turda-un-tanar-de-28-de-ani-si-a-pierdut-viata-dupa-ce-a-fost-lovit-de-un-utilaj\/#primaryimage","url":"https:\/\/urbeamea.ro\/albaiulia\/wp-content\/uploads\/2017\/02\/SMURD-ISU-raniti-2.jpg","contentUrl":"https:\/\/urbeamea.ro\/albaiulia\/wp-content\/uploads\/2017\/02\/SMURD-ISU-raniti-2.jpg","width":800,"height":531},{"@type":"BreadcrumbList","@id":"https:\/\/urbeamea.ro\/albaiulia\/tragedie-pe-santierul-autostrazii-sebes-turda-un-tanar-de-28-de-ani-si-a-pierdut-viata-dupa-ce-a-fost-lovit-de-un-utilaj\/#breadcrumb","itemListElement":[{"@type":"ListItem","position":1,"name":"Prima pagin\u0103","item":"https:\/\/urbeamea.ro\/albaiulia\/"},{"@type":"ListItem","position":2,"name":"Tragedie pe \u0219antierul Autostr\u0103zii Sebe\u0219-Turda: Un t\u00e2n\u0103r de 28 de ani \u015fi-a pierdut via\u0163a dup\u0103 ce a fost lovit de un utilaj"}]},{"@type":"WebSite","@id":"https:\/\/urbeamea.ro\/albaiulia\/#website","url":"https:\/\/urbeamea.ro\/albaiulia\/","name":"Revista Urbea Mea, Stiri urbane","description":"Evenimente \u0219i \u0219tiri din Alba Iulia, Sebe\u0219, Aiud, Blaj","potentialAction":[{"@type":"SearchAction","target":{"@type":"EntryPoint","urlTemplate":"https:\/\/urbeamea.ro\/albaiulia\/?s={search_term_string}"},"query-input":{"@type":"PropertyValueSpecification","valueRequired":true,"valueName":"search_term_string"}}],"inLanguage":"ro-RO"},{"@type":"Person","@id":"https:\/\/urbeamea.ro\/albaiulia\/#\/schema\/person\/9700d21fae21c4f038b0b56f4506264a","name":"Cristina Ganga","image":{"@type":"ImageObject","inLanguage":"ro-RO","@id":"https:\/\/secure.gravatar.com\/avatar\/5a67661041f057b4a8ccaf26f5a8e86e2689372006d01faf3dd9eeb10b654bb4?s=96&d=mm&r=g","url":"https:\/\/secure.gravatar.com\/avatar\/5a67661041f057b4a8ccaf26f5a8e86e2689372006d01faf3dd9eeb10b654bb4?s=96&d=mm&r=g","contentUrl":"https:\/\/secure.gravatar.com\/avatar\/5a67661041f057b4a8ccaf26f5a8e86e2689372006d01faf3dd9eeb10b654bb4?s=96&d=mm&r=g","caption":"Cristina Ganga"},"description":"Jurnalist","sameAs":["https:\/\/www.facebook.com\/cristina.nicola.587"],"url":"https:\/\/urbeamea.ro\/albaiulia\/author\/cristina-nicola\/"}]}},"_links":{"self":[{"href":"https:\/\/urbeamea.ro\/albaiulia\/wp-json\/wp\/v2\/posts\/49315","targetHints":{"allow":["GET"]}}],"collection":[{"href":"https:\/\/urbeamea.ro\/albaiulia\/wp-json\/wp\/v2\/posts"}],"about":[{"href":"https:\/\/urbeamea.ro\/albaiulia\/wp-json\/wp\/v2\/types\/post"}],"author":[{"embeddable":true,"href":"https:\/\/urbeamea.ro\/albaiulia\/wp-json\/wp\/v2\/users\/17"}],"replies":[{"embeddable":true,"href":"https:\/\/urbeamea.ro\/albaiulia\/wp-json\/wp\/v2\/comments?post=49315"}],"version-history":[{"count":0,"href":"https:\/\/urbeamea.ro\/albaiulia\/wp-json\/wp\/v2\/posts\/49315\/revisions"}],"wp:featuredmedia":[{"embeddable":true,"href":"https:\/\/urbeamea.ro\/albaiulia\/wp-json\/wp\/v2\/media\/40118"}],"wp:attachment":[{"href":"https:\/\/urbeamea.ro\/albaiulia\/wp-json\/wp\/v2\/media?parent=49315"}],"wp:term":[{"taxonomy":"category","embeddable":true,"href":"https:\/\/urbeamea.ro\/albaiulia\/wp-json\/wp\/v2\/categories?post=49315"},{"taxonomy":"post_tag","embeddable":true,"href":"https:\/\/urbeamea.ro\/albaiulia\/wp-json\/wp\/v2\/tags?post=49315"}],"curies":[{"name":"wp","href":"https:\/\/api.w.org\/{rel}","templated":true}]}}