{"id":49318,"date":"2017-07-11T15:11:03","date_gmt":"2017-07-11T12:11:03","guid":{"rendered":"https:\/\/urbeamea.ro\/albaiulia\/?p=49318"},"modified":"2017-07-11T15:11:03","modified_gmt":"2017-07-11T12:11:03","slug":"disconfort-termic-accentuat-in-alba-iulia-blaj-sebes-si-cimpeni","status":"publish","type":"post","link":"https:\/\/urbeamea.ro\/albaiulia\/disconfort-termic-accentuat-in-alba-iulia-blaj-sebes-si-cimpeni\/","title":{"rendered":"Disconfort termic accentuat \u00een Alba Iulia, Blaj, Sebe\u015f \u015fi C\u00eempeni"},"content":{"rendered":"<p><strong>Temperaturile ridicate \u00ee\u015fi fac sim\u0163it\u0103 prezen\u0163a \u00een Alba Iulia, Blaj, Sebe\u015f \u015fi C\u00eempeni, unde se resimte un disconfort termic accentuat, potrivit ISU Alba.<\/strong><\/p>\n<p>La Alba Iulia, mar\u0163i, temperaturile maxime anun\u0163ate sunt de 34 de grade Celsius, \u00eens\u0103 indicele de confort termic este la 81 de unit\u0103\u0163i, la fel ca la Blaj.<\/p>\n<p>La Sebe\u015f, maximele sunt de 33 de grade, iar valoarea ITU este de 80 de unit\u0103\u0163i. O situa\u0163ie similar\u0103 este \u015fi la C\u00eempeni, transmite ISU Alba.<\/p>\n<p>Pe timp de var\u0103, este considerat\u0103 o temperatur\u0103 confortabil\u0103 \u00eentre 25-30 grade Celsius, \u00eens\u0103 lu\u00e2nd \u00een considerare \u015fi umiditatea relativ\u0103 din aer, se creeaz\u0103 disconfort termic.<\/p>\n<p>Ca umiditate relativ\u0103, \u00een zona continental\u0103 este considerat\u0103 o umiditate normal\u0103 \u00eentre 40% \u015fi 60%. Peste aceste valori, apare disconfort termic.<\/p>\n","protected":false},"excerpt":{"rendered":"<p>Temperaturile ridicate \u00ee\u015fi fac sim\u0163it\u0103 prezen\u0163a \u00een Alba Iulia, Blaj, Sebe\u015f \u015fi C\u00eempeni, unde se resimte un disconfort termic accentuat, potrivit ISU Alba. La Alba Iulia, mar\u0163i, temperaturile maxime anun\u0163ate sunt de 34 de grade Celsius, \u00eens\u0103 indicele de confort termic este la 81 de unit\u0103\u0163i, la fel ca la Blaj. La Sebe\u015f, maximele sunt &hellip;<\/p>\n","protected":false},"author":17,"featured_media":48721,"comment_status":"open","ping_status":"open","sticky":false,"template":"","format":"standard","meta":{"inline_featured_image":false,"footnotes":""},"categories":[2034],"tags":[307,31,170,338,1931,5878,2560,1223,308,11563,76],"class_list":["post-49318","post","type-post","status-publish","format-standard","has-post-thumbnail","hentry","category-social","tag-alba","tag-alba-iulia","tag-blaj","tag-canicula","tag-cimpeni","tag-disconfort-termic","tag-isu-alba","tag-sebes","tag-stiri","tag-temperaturi-ridicate","tag-urbea-mea"],"yoast_head":"<!-- This site is optimized with the Yoast SEO plugin v28.3 - https:\/\/yoast.com\/product\/yoast-seo-wordpress\/ -->\n<title>Disconfort termic accentuat \u00een Alba Iulia, Blaj, Sebe\u015f \u015fi C\u00eempeni - Revista Urbea Mea - Revista de Alba<\/title>\n<meta name=\"description\" content=\"Temperaturile ridicate \u00ee\u015fi fac sim\u0163it\u0103 prezen\u0163a \u00een Alba Iulia, Blaj, Sebe\u015f \u015fi C\u00eempeni, unde se resimte un disconfort termic accentuat, potrivit ISU Alba.\" \/>\n<meta name=\"robots\" content=\"index, follow, max-snippet:-1, max-image-preview:large, max-video-preview:-1\" \/>\n<link rel=\"canonical\" href=\"https:\/\/urbeamea.ro\/albaiulia\/disconfort-termic-accentuat-in-alba-iulia-blaj-sebes-si-cimpeni\/\" \/>\n<meta name=\"twitter:card\" content=\"summary_large_image\" \/>\n<meta name=\"twitter:title\" content=\"Disconfort termic accentuat \u00een Alba Iulia, Blaj, Sebe\u015f \u015fi C\u00eempeni - Revista Urbea Mea - Revista de Alba\" \/>\n<meta name=\"twitter:description\" content=\"Temperaturile ridicate \u00ee\u015fi fac sim\u0163it\u0103 prezen\u0163a \u00een Alba Iulia, Blaj, Sebe\u015f \u015fi C\u00eempeni, unde se resimte un disconfort termic accentuat, potrivit ISU Alba.\" \/>\n<meta name=\"twitter:image\" content=\"https:\/\/urbeamea.ro\/albaiulia\/wp-content\/uploads\/2017\/06\/val_canicula_76380400_17138700.jpg\" \/>\n<meta name=\"twitter:creator\" content=\"@urbeameaweb\" \/>\n<meta name=\"twitter:site\" content=\"@urbeameaweb\" \/>\n<script type=\"application\/ld+json\" class=\"yoast-schema-graph\">{\"@context\":\"https:\\\/\\\/schema.org\",\"@graph\":[{\"@type\":\"Article\",\"@id\":\"https:\\\/\\\/urbeamea.ro\\\/albaiulia\\\/disconfort-termic-accentuat-in-alba-iulia-blaj-sebes-si-cimpeni\\\/#article\",\"isPartOf\":{\"@id\":\"https:\\\/\\\/urbeamea.ro\\\/albaiulia\\\/disconfort-termic-accentuat-in-alba-iulia-blaj-sebes-si-cimpeni\\\/\"},\"author\":{\"name\":\"Cristina Ganga\",\"@id\":\"https:\\\/\\\/urbeamea.ro\\\/albaiulia\\\/#\\\/schema\\\/person\\\/9700d21fae21c4f038b0b56f4506264a\"},\"headline\":\"Disconfort termic accentuat \u00een Alba Iulia, Blaj, Sebe\u015f \u015fi C\u00eempeni\",\"datePublished\":\"2017-07-11T12:11:03+00:00\",\"mainEntityOfPage\":{\"@id\":\"https:\\\/\\\/urbeamea.ro\\\/albaiulia\\\/disconfort-termic-accentuat-in-alba-iulia-blaj-sebes-si-cimpeni\\\/\"},\"wordCount\":139,\"commentCount\":0,\"image\":{\"@id\":\"https:\\\/\\\/urbeamea.ro\\\/albaiulia\\\/disconfort-termic-accentuat-in-alba-iulia-blaj-sebes-si-cimpeni\\\/#primaryimage\"},\"thumbnailUrl\":\"https:\\\/\\\/urbeamea.ro\\\/albaiulia\\\/wp-content\\\/uploads\\\/2017\\\/06\\\/val_canicula_76380400_17138700.jpg\",\"keywords\":[\"alba\",\"Alba Iulia\",\"blaj\",\"canicula\",\"c\u00eempeni\",\"disconfort termic\",\"ISU Alba\",\"sebes\",\"stiri\",\"temperaturi ridicate\",\"Urbea Mea\"],\"articleSection\":[\"Social\"],\"inLanguage\":\"ro-RO\",\"potentialAction\":[{\"@type\":\"CommentAction\",\"name\":\"Comment\",\"target\":[\"https:\\\/\\\/urbeamea.ro\\\/albaiulia\\\/disconfort-termic-accentuat-in-alba-iulia-blaj-sebes-si-cimpeni\\\/#respond\"]}]},{\"@type\":\"WebPage\",\"@id\":\"https:\\\/\\\/urbeamea.ro\\\/albaiulia\\\/disconfort-termic-accentuat-in-alba-iulia-blaj-sebes-si-cimpeni\\\/\",\"url\":\"https:\\\/\\\/urbeamea.ro\\\/albaiulia\\\/disconfort-termic-accentuat-in-alba-iulia-blaj-sebes-si-cimpeni\\\/\",\"name\":\"Disconfort termic accentuat \u00een Alba Iulia, Blaj, Sebe\u015f \u015fi C\u00eempeni - Revista Urbea Mea - Revista de Alba\",\"isPartOf\":{\"@id\":\"https:\\\/\\\/urbeamea.ro\\\/albaiulia\\\/#website\"},\"primaryImageOfPage\":{\"@id\":\"https:\\\/\\\/urbeamea.ro\\\/albaiulia\\\/disconfort-termic-accentuat-in-alba-iulia-blaj-sebes-si-cimpeni\\\/#primaryimage\"},\"image\":{\"@id\":\"https:\\\/\\\/urbeamea.ro\\\/albaiulia\\\/disconfort-termic-accentuat-in-alba-iulia-blaj-sebes-si-cimpeni\\\/#primaryimage\"},\"thumbnailUrl\":\"https:\\\/\\\/urbeamea.ro\\\/albaiulia\\\/wp-content\\\/uploads\\\/2017\\\/06\\\/val_canicula_76380400_17138700.jpg\",\"datePublished\":\"2017-07-11T12:11:03+00:00\",\"author\":{\"@id\":\"https:\\\/\\\/urbeamea.ro\\\/albaiulia\\\/#\\\/schema\\\/person\\\/9700d21fae21c4f038b0b56f4506264a\"},\"description\":\"Temperaturile ridicate \u00ee\u015fi fac sim\u0163it\u0103 prezen\u0163a \u00een Alba Iulia, Blaj, Sebe\u015f \u015fi C\u00eempeni, unde se resimte un disconfort termic accentuat, potrivit ISU Alba.\",\"breadcrumb\":{\"@id\":\"https:\\\/\\\/urbeamea.ro\\\/albaiulia\\\/disconfort-termic-accentuat-in-alba-iulia-blaj-sebes-si-cimpeni\\\/#breadcrumb\"},\"inLanguage\":\"ro-RO\",\"potentialAction\":[{\"@type\":\"ReadAction\",\"target\":[\"https:\\\/\\\/urbeamea.ro\\\/albaiulia\\\/disconfort-termic-accentuat-in-alba-iulia-blaj-sebes-si-cimpeni\\\/\"]}]},{\"@type\":\"ImageObject\",\"inLanguage\":\"ro-RO\",\"@id\":\"https:\\\/\\\/urbeamea.ro\\\/albaiulia\\\/disconfort-termic-accentuat-in-alba-iulia-blaj-sebes-si-cimpeni\\\/#primaryimage\",\"url\":\"https:\\\/\\\/urbeamea.ro\\\/albaiulia\\\/wp-content\\\/uploads\\\/2017\\\/06\\\/val_canicula_76380400_17138700.jpg\",\"contentUrl\":\"https:\\\/\\\/urbeamea.ro\\\/albaiulia\\\/wp-content\\\/uploads\\\/2017\\\/06\\\/val_canicula_76380400_17138700.jpg\",\"width\":728,\"height\":409},{\"@type\":\"BreadcrumbList\",\"@id\":\"https:\\\/\\\/urbeamea.ro\\\/albaiulia\\\/disconfort-termic-accentuat-in-alba-iulia-blaj-sebes-si-cimpeni\\\/#breadcrumb\",\"itemListElement\":[{\"@type\":\"ListItem\",\"position\":1,\"name\":\"Prima pagin\u0103\",\"item\":\"https:\\\/\\\/urbeamea.ro\\\/albaiulia\\\/\"},{\"@type\":\"ListItem\",\"position\":2,\"name\":\"Disconfort termic accentuat \u00een Alba Iulia, Blaj, Sebe\u015f \u015fi C\u00eempeni\"}]},{\"@type\":\"WebSite\",\"@id\":\"https:\\\/\\\/urbeamea.ro\\\/albaiulia\\\/#website\",\"url\":\"https:\\\/\\\/urbeamea.ro\\\/albaiulia\\\/\",\"name\":\"Revista Urbea Mea, Stiri urbane\",\"description\":\"Evenimente \u0219i \u0219tiri din Alba Iulia, Sebe\u0219, Aiud, Blaj\",\"potentialAction\":[{\"@type\":\"SearchAction\",\"target\":{\"@type\":\"EntryPoint\",\"urlTemplate\":\"https:\\\/\\\/urbeamea.ro\\\/albaiulia\\\/?s={search_term_string}\"},\"query-input\":{\"@type\":\"PropertyValueSpecification\",\"valueRequired\":true,\"valueName\":\"search_term_string\"}}],\"inLanguage\":\"ro-RO\"},{\"@type\":\"Person\",\"@id\":\"https:\\\/\\\/urbeamea.ro\\\/albaiulia\\\/#\\\/schema\\\/person\\\/9700d21fae21c4f038b0b56f4506264a\",\"name\":\"Cristina Ganga\",\"image\":{\"@type\":\"ImageObject\",\"inLanguage\":\"ro-RO\",\"@id\":\"https:\\\/\\\/secure.gravatar.com\\\/avatar\\\/5a67661041f057b4a8ccaf26f5a8e86e2689372006d01faf3dd9eeb10b654bb4?s=96&d=mm&r=g\",\"url\":\"https:\\\/\\\/secure.gravatar.com\\\/avatar\\\/5a67661041f057b4a8ccaf26f5a8e86e2689372006d01faf3dd9eeb10b654bb4?s=96&d=mm&r=g\",\"contentUrl\":\"https:\\\/\\\/secure.gravatar.com\\\/avatar\\\/5a67661041f057b4a8ccaf26f5a8e86e2689372006d01faf3dd9eeb10b654bb4?s=96&d=mm&r=g\",\"caption\":\"Cristina Ganga\"},\"description\":\"Jurnalist\",\"sameAs\":[\"https:\\\/\\\/www.facebook.com\\\/cristina.nicola.587\"],\"url\":\"https:\\\/\\\/urbeamea.ro\\\/albaiulia\\\/author\\\/cristina-nicola\\\/\"}]}<\/script>\n<!-- \/ Yoast SEO plugin. -->","yoast_head_json":{"title":"Disconfort termic accentuat \u00een Alba Iulia, Blaj, Sebe\u015f \u015fi C\u00eempeni - Revista Urbea Mea - Revista de Alba","description":"Temperaturile ridicate \u00ee\u015fi fac sim\u0163it\u0103 prezen\u0163a \u00een Alba Iulia, Blaj, Sebe\u015f \u015fi C\u00eempeni, unde se resimte un disconfort termic accentuat, potrivit ISU Alba.","robots":{"index":"index","follow":"follow","max-snippet":"max-snippet:-1","max-image-preview":"max-image-preview:large","max-video-preview":"max-video-preview:-1"},"canonical":"https:\/\/urbeamea.ro\/albaiulia\/disconfort-termic-accentuat-in-alba-iulia-blaj-sebes-si-cimpeni\/","twitter_card":"summary_large_image","twitter_title":"Disconfort termic accentuat \u00een Alba Iulia, Blaj, Sebe\u015f \u015fi C\u00eempeni - Revista Urbea Mea - Revista de Alba","twitter_description":"Temperaturile ridicate \u00ee\u015fi fac sim\u0163it\u0103 prezen\u0163a \u00een Alba Iulia, Blaj, Sebe\u015f \u015fi C\u00eempeni, unde se resimte un disconfort termic accentuat, potrivit ISU Alba.","twitter_image":"https:\/\/urbeamea.ro\/albaiulia\/wp-content\/uploads\/2017\/06\/val_canicula_76380400_17138700.jpg","twitter_creator":"@urbeameaweb","twitter_site":"@urbeameaweb","schema":{"@context":"https:\/\/schema.org","@graph":[{"@type":"Article","@id":"https:\/\/urbeamea.ro\/albaiulia\/disconfort-termic-accentuat-in-alba-iulia-blaj-sebes-si-cimpeni\/#article","isPartOf":{"@id":"https:\/\/urbeamea.ro\/albaiulia\/disconfort-termic-accentuat-in-alba-iulia-blaj-sebes-si-cimpeni\/"},"author":{"name":"Cristina Ganga","@id":"https:\/\/urbeamea.ro\/albaiulia\/#\/schema\/person\/9700d21fae21c4f038b0b56f4506264a"},"headline":"Disconfort termic accentuat \u00een Alba Iulia, Blaj, Sebe\u015f \u015fi C\u00eempeni","datePublished":"2017-07-11T12:11:03+00:00","mainEntityOfPage":{"@id":"https:\/\/urbeamea.ro\/albaiulia\/disconfort-termic-accentuat-in-alba-iulia-blaj-sebes-si-cimpeni\/"},"wordCount":139,"commentCount":0,"image":{"@id":"https:\/\/urbeamea.ro\/albaiulia\/disconfort-termic-accentuat-in-alba-iulia-blaj-sebes-si-cimpeni\/#primaryimage"},"thumbnailUrl":"https:\/\/urbeamea.ro\/albaiulia\/wp-content\/uploads\/2017\/06\/val_canicula_76380400_17138700.jpg","keywords":["alba","Alba Iulia","blaj","canicula","c\u00eempeni","disconfort termic","ISU Alba","sebes","stiri","temperaturi ridicate","Urbea Mea"],"articleSection":["Social"],"inLanguage":"ro-RO","potentialAction":[{"@type":"CommentAction","name":"Comment","target":["https:\/\/urbeamea.ro\/albaiulia\/disconfort-termic-accentuat-in-alba-iulia-blaj-sebes-si-cimpeni\/#respond"]}]},{"@type":"WebPage","@id":"https:\/\/urbeamea.ro\/albaiulia\/disconfort-termic-accentuat-in-alba-iulia-blaj-sebes-si-cimpeni\/","url":"https:\/\/urbeamea.ro\/albaiulia\/disconfort-termic-accentuat-in-alba-iulia-blaj-sebes-si-cimpeni\/","name":"Disconfort termic accentuat \u00een Alba Iulia, Blaj, Sebe\u015f \u015fi C\u00eempeni - Revista Urbea Mea - Revista de Alba","isPartOf":{"@id":"https:\/\/urbeamea.ro\/albaiulia\/#website"},"primaryImageOfPage":{"@id":"https:\/\/urbeamea.ro\/albaiulia\/disconfort-termic-accentuat-in-alba-iulia-blaj-sebes-si-cimpeni\/#primaryimage"},"image":{"@id":"https:\/\/urbeamea.ro\/albaiulia\/disconfort-termic-accentuat-in-alba-iulia-blaj-sebes-si-cimpeni\/#primaryimage"},"thumbnailUrl":"https:\/\/urbeamea.ro\/albaiulia\/wp-content\/uploads\/2017\/06\/val_canicula_76380400_17138700.jpg","datePublished":"2017-07-11T12:11:03+00:00","author":{"@id":"https:\/\/urbeamea.ro\/albaiulia\/#\/schema\/person\/9700d21fae21c4f038b0b56f4506264a"},"description":"Temperaturile ridicate \u00ee\u015fi fac sim\u0163it\u0103 prezen\u0163a \u00een Alba Iulia, Blaj, Sebe\u015f \u015fi C\u00eempeni, unde se resimte un disconfort termic accentuat, potrivit ISU Alba.","breadcrumb":{"@id":"https:\/\/urbeamea.ro\/albaiulia\/disconfort-termic-accentuat-in-alba-iulia-blaj-sebes-si-cimpeni\/#breadcrumb"},"inLanguage":"ro-RO","potentialAction":[{"@type":"ReadAction","target":["https:\/\/urbeamea.ro\/albaiulia\/disconfort-termic-accentuat-in-alba-iulia-blaj-sebes-si-cimpeni\/"]}]},{"@type":"ImageObject","inLanguage":"ro-RO","@id":"https:\/\/urbeamea.ro\/albaiulia\/disconfort-termic-accentuat-in-alba-iulia-blaj-sebes-si-cimpeni\/#primaryimage","url":"https:\/\/urbeamea.ro\/albaiulia\/wp-content\/uploads\/2017\/06\/val_canicula_76380400_17138700.jpg","contentUrl":"https:\/\/urbeamea.ro\/albaiulia\/wp-content\/uploads\/2017\/06\/val_canicula_76380400_17138700.jpg","width":728,"height":409},{"@type":"BreadcrumbList","@id":"https:\/\/urbeamea.ro\/albaiulia\/disconfort-termic-accentuat-in-alba-iulia-blaj-sebes-si-cimpeni\/#breadcrumb","itemListElement":[{"@type":"ListItem","position":1,"name":"Prima pagin\u0103","item":"https:\/\/urbeamea.ro\/albaiulia\/"},{"@type":"ListItem","position":2,"name":"Disconfort termic accentuat \u00een Alba Iulia, Blaj, Sebe\u015f \u015fi C\u00eempeni"}]},{"@type":"WebSite","@id":"https:\/\/urbeamea.ro\/albaiulia\/#website","url":"https:\/\/urbeamea.ro\/albaiulia\/","name":"Revista Urbea Mea, Stiri urbane","description":"Evenimente \u0219i \u0219tiri din Alba Iulia, Sebe\u0219, Aiud, Blaj","potentialAction":[{"@type":"SearchAction","target":{"@type":"EntryPoint","urlTemplate":"https:\/\/urbeamea.ro\/albaiulia\/?s={search_term_string}"},"query-input":{"@type":"PropertyValueSpecification","valueRequired":true,"valueName":"search_term_string"}}],"inLanguage":"ro-RO"},{"@type":"Person","@id":"https:\/\/urbeamea.ro\/albaiulia\/#\/schema\/person\/9700d21fae21c4f038b0b56f4506264a","name":"Cristina Ganga","image":{"@type":"ImageObject","inLanguage":"ro-RO","@id":"https:\/\/secure.gravatar.com\/avatar\/5a67661041f057b4a8ccaf26f5a8e86e2689372006d01faf3dd9eeb10b654bb4?s=96&d=mm&r=g","url":"https:\/\/secure.gravatar.com\/avatar\/5a67661041f057b4a8ccaf26f5a8e86e2689372006d01faf3dd9eeb10b654bb4?s=96&d=mm&r=g","contentUrl":"https:\/\/secure.gravatar.com\/avatar\/5a67661041f057b4a8ccaf26f5a8e86e2689372006d01faf3dd9eeb10b654bb4?s=96&d=mm&r=g","caption":"Cristina Ganga"},"description":"Jurnalist","sameAs":["https:\/\/www.facebook.com\/cristina.nicola.587"],"url":"https:\/\/urbeamea.ro\/albaiulia\/author\/cristina-nicola\/"}]}},"_links":{"self":[{"href":"https:\/\/urbeamea.ro\/albaiulia\/wp-json\/wp\/v2\/posts\/49318","targetHints":{"allow":["GET"]}}],"collection":[{"href":"https:\/\/urbeamea.ro\/albaiulia\/wp-json\/wp\/v2\/posts"}],"about":[{"href":"https:\/\/urbeamea.ro\/albaiulia\/wp-json\/wp\/v2\/types\/post"}],"author":[{"embeddable":true,"href":"https:\/\/urbeamea.ro\/albaiulia\/wp-json\/wp\/v2\/users\/17"}],"replies":[{"embeddable":true,"href":"https:\/\/urbeamea.ro\/albaiulia\/wp-json\/wp\/v2\/comments?post=49318"}],"version-history":[{"count":0,"href":"https:\/\/urbeamea.ro\/albaiulia\/wp-json\/wp\/v2\/posts\/49318\/revisions"}],"wp:featuredmedia":[{"embeddable":true,"href":"https:\/\/urbeamea.ro\/albaiulia\/wp-json\/wp\/v2\/media\/48721"}],"wp:attachment":[{"href":"https:\/\/urbeamea.ro\/albaiulia\/wp-json\/wp\/v2\/media?parent=49318"}],"wp:term":[{"taxonomy":"category","embeddable":true,"href":"https:\/\/urbeamea.ro\/albaiulia\/wp-json\/wp\/v2\/categories?post=49318"},{"taxonomy":"post_tag","embeddable":true,"href":"https:\/\/urbeamea.ro\/albaiulia\/wp-json\/wp\/v2\/tags?post=49318"}],"curies":[{"name":"wp","href":"https:\/\/api.w.org\/{rel}","templated":true}]}}