{"id":49428,"date":"2017-07-13T17:52:20","date_gmt":"2017-07-13T14:52:20","guid":{"rendered":"https:\/\/urbeamea.ro\/albaiulia\/?p=49428"},"modified":"2017-07-13T17:52:20","modified_gmt":"2017-07-13T14:52:20","slug":"dsp-alba-a-cerut-ministerului-sanatatii-suplimentarea-dozelor-de-ser-antiviperin-pentru-spitalele-din-judet","status":"publish","type":"post","link":"https:\/\/urbeamea.ro\/albaiulia\/dsp-alba-a-cerut-ministerului-sanatatii-suplimentarea-dozelor-de-ser-antiviperin-pentru-spitalele-din-judet\/","title":{"rendered":"DSP Alba a cerut Ministerului S\u0103n\u0103t\u0103\u0163ii, suplimentarea dozelor de ser antiviperin pentru spitalele din jude\u0163"},"content":{"rendered":"<p><strong>Spitalele din jude\u021bul Alba, situate \u00een zone \u00een care s-a semnalat prezen\u021ba viperelor, dar \u0219i Spitalul Jude\u021bean de Urgen\u021b\u0103 din Alba Iulia, au \u00een stoc cel pu\u021bin 1-2 doze de ser antiviperin, potrivit DSP Alba, \u00een contexul \u00een care \u00een aceast\u0103 perioad\u0103 au loc mai multe evenimente \u00een aer liber, \u00een special \u00een zona de munte. Pentru a se asigura c\u0103 s\u0103n\u0103tatea popula\u021biei nu va fi pus\u0103 \u00een pericol, \u00een caz de astfel de incidente, Direc\u021bia de S\u0103n\u0103tate Public\u0103 (DSP) Alba a solicitat Ministerului S\u0103n\u0103t\u0103\u021bii alte 21 de doze.<\/strong><\/p>\n<p>Av\u00e2nd \u00een vedere evenimentele sociale \u0219i culturale ce au loc \u00een perioada de var\u0103 \u00een zone \u00een care tr\u0103iesc vipere, precum Mun\u021bii Apuseni \u0219i Valea Sebe\u0219ului, DSP Alba a solicitat Ministerului S\u0103n\u0103t\u0103\u021bii pentru spitalele din jude\u021b alte 21 de doze de ser antiviperin.<\/p>\n<p>De asemenea, \u00een situa\u021bia \u00een care un spital r\u0103m\u00e2ne f\u0103r\u0103 ser antiviperin, exist\u0103 posibilitatea de redistribuire a acestuia, \u00een condi\u021biile sanitare prev\u0103zute de lege, potrivit DSP.<\/p>\n<p>Doza de ser antiviperin se administreaz\u0103 imediat dup\u0103 mu\u0219c\u0103tur\u0103, iar DSP Alba recomand\u0103 cet\u0103\u021benilor s\u0103 se adreseze celui mai apropiat spital sau s\u0103 anun\u021be incidentele la num\u0103rul de urgen\u021b\u0103 112 \u00een cazul \u00een care astfel tratamentul se poate administra \u00eentr-un timp mai scurt.<\/p>\n<p>Despre situa\u021bia serului antiviperin a cerut informa\u021bii \u0219i prefectul jude\u021bului, D\u0103nu\u021b H\u0103l\u0103lai, reprezentantul guvernului \u00een teritoriu, \u00een condi\u021biile \u00een care \u00een zonele de munte, vara, sunt organizate serb\u0103ri c\u00e2mpene\u0219ti, precizeaz\u0103 DSP Alba.<\/p>\n","protected":false},"excerpt":{"rendered":"<p>Spitalele din jude\u021bul Alba, situate \u00een zone \u00een care s-a semnalat prezen\u021ba viperelor, dar \u0219i Spitalul Jude\u021bean de Urgen\u021b\u0103 din Alba Iulia, au \u00een stoc cel pu\u021bin 1-2 doze de ser antiviperin, potrivit DSP Alba, \u00een contexul \u00een care \u00een aceast\u0103 perioad\u0103 au loc mai multe evenimente \u00een aer liber, \u00een special \u00een zona de &hellip;<\/p>\n","protected":false},"author":17,"featured_media":21844,"comment_status":"open","ping_status":"open","sticky":false,"template":"","format":"standard","meta":{"inline_featured_image":false,"footnotes":""},"categories":[255],"tags":[11745,2111,11746,2110,9089,308,76,11744,11747],"class_list":["post-49428","post","type-post","status-publish","format-standard","has-post-thumbnail","hentry","category-sanatate","tag-doze-de-ser-antiviperin","tag-dsp-alba","tag-evenimente-in-aer-liber","tag-ministerul-sanatatii","tag-spitalul-judetean-de-urgenta-alba-iulia","tag-stiri","tag-urbea-mea","tag-vipere","tag-zona-de-munte"],"yoast_head":"<!-- This site is optimized with the Yoast SEO plugin v28.3 - https:\/\/yoast.com\/product\/yoast-seo-wordpress\/ -->\n<title>DSP Alba a cerut Ministerului S\u0103n\u0103t\u0103\u0163ii, suplimentarea dozelor de ser antiviperin pentru spitalele din jude\u0163 - Revista Urbea Mea - Revista de Alba<\/title>\n<meta name=\"description\" content=\"Spitalele din jude\u021bul Alba, situate \u00een zone \u00een care s-a semnalat prezen\u021ba viperelor, dar \u0219i Spitalul Jude\u021bean de Urgen\u021b\u0103 din Alba Iulia, au \u00een stoc cel\" \/>\n<meta name=\"robots\" content=\"index, follow, max-snippet:-1, max-image-preview:large, max-video-preview:-1\" \/>\n<link rel=\"canonical\" href=\"https:\/\/urbeamea.ro\/albaiulia\/dsp-alba-a-cerut-ministerului-sanatatii-suplimentarea-dozelor-de-ser-antiviperin-pentru-spitalele-din-judet\/\" \/>\n<meta name=\"twitter:card\" content=\"summary_large_image\" \/>\n<meta name=\"twitter:title\" content=\"DSP Alba a cerut Ministerului S\u0103n\u0103t\u0103\u0163ii, suplimentarea dozelor de ser antiviperin pentru spitalele din jude\u0163 - Revista Urbea Mea - Revista de Alba\" \/>\n<meta name=\"twitter:description\" content=\"Spitalele din jude\u021bul Alba, situate \u00een zone \u00een care s-a semnalat prezen\u021ba viperelor, dar \u0219i Spitalul Jude\u021bean de Urgen\u021b\u0103 din Alba Iulia, au \u00een stoc cel\" \/>\n<meta name=\"twitter:image\" content=\"https:\/\/urbeamea.ro\/albaiulia\/wp-content\/uploads\/2016\/04\/dsp-alba.jpg\" \/>\n<meta name=\"twitter:creator\" content=\"@urbeameaweb\" \/>\n<meta name=\"twitter:site\" content=\"@urbeameaweb\" \/>\n<script type=\"application\/ld+json\" class=\"yoast-schema-graph\">{\"@context\":\"https:\\\/\\\/schema.org\",\"@graph\":[{\"@type\":\"Article\",\"@id\":\"https:\\\/\\\/urbeamea.ro\\\/albaiulia\\\/dsp-alba-a-cerut-ministerului-sanatatii-suplimentarea-dozelor-de-ser-antiviperin-pentru-spitalele-din-judet\\\/#article\",\"isPartOf\":{\"@id\":\"https:\\\/\\\/urbeamea.ro\\\/albaiulia\\\/dsp-alba-a-cerut-ministerului-sanatatii-suplimentarea-dozelor-de-ser-antiviperin-pentru-spitalele-din-judet\\\/\"},\"author\":{\"name\":\"Cristina Ganga\",\"@id\":\"https:\\\/\\\/urbeamea.ro\\\/albaiulia\\\/#\\\/schema\\\/person\\\/9700d21fae21c4f038b0b56f4506264a\"},\"headline\":\"DSP Alba a cerut Ministerului S\u0103n\u0103t\u0103\u0163ii, suplimentarea dozelor de ser antiviperin pentru spitalele din jude\u0163\",\"datePublished\":\"2017-07-13T14:52:20+00:00\",\"mainEntityOfPage\":{\"@id\":\"https:\\\/\\\/urbeamea.ro\\\/albaiulia\\\/dsp-alba-a-cerut-ministerului-sanatatii-suplimentarea-dozelor-de-ser-antiviperin-pentru-spitalele-din-judet\\\/\"},\"wordCount\":289,\"commentCount\":0,\"image\":{\"@id\":\"https:\\\/\\\/urbeamea.ro\\\/albaiulia\\\/dsp-alba-a-cerut-ministerului-sanatatii-suplimentarea-dozelor-de-ser-antiviperin-pentru-spitalele-din-judet\\\/#primaryimage\"},\"thumbnailUrl\":\"https:\\\/\\\/urbeamea.ro\\\/albaiulia\\\/wp-content\\\/uploads\\\/2016\\\/04\\\/dsp-alba.jpg\",\"keywords\":[\"doze de ser antiviperin\",\"DSP Alba\",\"evenimente in aer liber\",\"ministerul sanatatii\",\"spitalul judetean de urgenta alba iulia\",\"stiri\",\"Urbea Mea\",\"vipere\",\"zona de munte\"],\"articleSection\":[\"S\u0103n\u0103tate\"],\"inLanguage\":\"ro-RO\",\"potentialAction\":[{\"@type\":\"CommentAction\",\"name\":\"Comment\",\"target\":[\"https:\\\/\\\/urbeamea.ro\\\/albaiulia\\\/dsp-alba-a-cerut-ministerului-sanatatii-suplimentarea-dozelor-de-ser-antiviperin-pentru-spitalele-din-judet\\\/#respond\"]}]},{\"@type\":\"WebPage\",\"@id\":\"https:\\\/\\\/urbeamea.ro\\\/albaiulia\\\/dsp-alba-a-cerut-ministerului-sanatatii-suplimentarea-dozelor-de-ser-antiviperin-pentru-spitalele-din-judet\\\/\",\"url\":\"https:\\\/\\\/urbeamea.ro\\\/albaiulia\\\/dsp-alba-a-cerut-ministerului-sanatatii-suplimentarea-dozelor-de-ser-antiviperin-pentru-spitalele-din-judet\\\/\",\"name\":\"DSP Alba a cerut Ministerului S\u0103n\u0103t\u0103\u0163ii, suplimentarea dozelor de ser antiviperin pentru spitalele din jude\u0163 - Revista Urbea Mea - Revista de Alba\",\"isPartOf\":{\"@id\":\"https:\\\/\\\/urbeamea.ro\\\/albaiulia\\\/#website\"},\"primaryImageOfPage\":{\"@id\":\"https:\\\/\\\/urbeamea.ro\\\/albaiulia\\\/dsp-alba-a-cerut-ministerului-sanatatii-suplimentarea-dozelor-de-ser-antiviperin-pentru-spitalele-din-judet\\\/#primaryimage\"},\"image\":{\"@id\":\"https:\\\/\\\/urbeamea.ro\\\/albaiulia\\\/dsp-alba-a-cerut-ministerului-sanatatii-suplimentarea-dozelor-de-ser-antiviperin-pentru-spitalele-din-judet\\\/#primaryimage\"},\"thumbnailUrl\":\"https:\\\/\\\/urbeamea.ro\\\/albaiulia\\\/wp-content\\\/uploads\\\/2016\\\/04\\\/dsp-alba.jpg\",\"datePublished\":\"2017-07-13T14:52:20+00:00\",\"author\":{\"@id\":\"https:\\\/\\\/urbeamea.ro\\\/albaiulia\\\/#\\\/schema\\\/person\\\/9700d21fae21c4f038b0b56f4506264a\"},\"description\":\"Spitalele din jude\u021bul Alba, situate \u00een zone \u00een care s-a semnalat prezen\u021ba viperelor, dar \u0219i Spitalul Jude\u021bean de Urgen\u021b\u0103 din Alba Iulia, au \u00een stoc cel\",\"breadcrumb\":{\"@id\":\"https:\\\/\\\/urbeamea.ro\\\/albaiulia\\\/dsp-alba-a-cerut-ministerului-sanatatii-suplimentarea-dozelor-de-ser-antiviperin-pentru-spitalele-din-judet\\\/#breadcrumb\"},\"inLanguage\":\"ro-RO\",\"potentialAction\":[{\"@type\":\"ReadAction\",\"target\":[\"https:\\\/\\\/urbeamea.ro\\\/albaiulia\\\/dsp-alba-a-cerut-ministerului-sanatatii-suplimentarea-dozelor-de-ser-antiviperin-pentru-spitalele-din-judet\\\/\"]}]},{\"@type\":\"ImageObject\",\"inLanguage\":\"ro-RO\",\"@id\":\"https:\\\/\\\/urbeamea.ro\\\/albaiulia\\\/dsp-alba-a-cerut-ministerului-sanatatii-suplimentarea-dozelor-de-ser-antiviperin-pentru-spitalele-din-judet\\\/#primaryimage\",\"url\":\"https:\\\/\\\/urbeamea.ro\\\/albaiulia\\\/wp-content\\\/uploads\\\/2016\\\/04\\\/dsp-alba.jpg\",\"contentUrl\":\"https:\\\/\\\/urbeamea.ro\\\/albaiulia\\\/wp-content\\\/uploads\\\/2016\\\/04\\\/dsp-alba.jpg\",\"width\":640,\"height\":531},{\"@type\":\"BreadcrumbList\",\"@id\":\"https:\\\/\\\/urbeamea.ro\\\/albaiulia\\\/dsp-alba-a-cerut-ministerului-sanatatii-suplimentarea-dozelor-de-ser-antiviperin-pentru-spitalele-din-judet\\\/#breadcrumb\",\"itemListElement\":[{\"@type\":\"ListItem\",\"position\":1,\"name\":\"Prima pagin\u0103\",\"item\":\"https:\\\/\\\/urbeamea.ro\\\/albaiulia\\\/\"},{\"@type\":\"ListItem\",\"position\":2,\"name\":\"DSP Alba a cerut Ministerului S\u0103n\u0103t\u0103\u0163ii, suplimentarea dozelor de ser antiviperin pentru spitalele din jude\u0163\"}]},{\"@type\":\"WebSite\",\"@id\":\"https:\\\/\\\/urbeamea.ro\\\/albaiulia\\\/#website\",\"url\":\"https:\\\/\\\/urbeamea.ro\\\/albaiulia\\\/\",\"name\":\"Revista Urbea Mea, Stiri urbane\",\"description\":\"Evenimente \u0219i \u0219tiri din Alba Iulia, Sebe\u0219, Aiud, Blaj\",\"potentialAction\":[{\"@type\":\"SearchAction\",\"target\":{\"@type\":\"EntryPoint\",\"urlTemplate\":\"https:\\\/\\\/urbeamea.ro\\\/albaiulia\\\/?s={search_term_string}\"},\"query-input\":{\"@type\":\"PropertyValueSpecification\",\"valueRequired\":true,\"valueName\":\"search_term_string\"}}],\"inLanguage\":\"ro-RO\"},{\"@type\":\"Person\",\"@id\":\"https:\\\/\\\/urbeamea.ro\\\/albaiulia\\\/#\\\/schema\\\/person\\\/9700d21fae21c4f038b0b56f4506264a\",\"name\":\"Cristina Ganga\",\"image\":{\"@type\":\"ImageObject\",\"inLanguage\":\"ro-RO\",\"@id\":\"https:\\\/\\\/secure.gravatar.com\\\/avatar\\\/5a67661041f057b4a8ccaf26f5a8e86e2689372006d01faf3dd9eeb10b654bb4?s=96&d=mm&r=g\",\"url\":\"https:\\\/\\\/secure.gravatar.com\\\/avatar\\\/5a67661041f057b4a8ccaf26f5a8e86e2689372006d01faf3dd9eeb10b654bb4?s=96&d=mm&r=g\",\"contentUrl\":\"https:\\\/\\\/secure.gravatar.com\\\/avatar\\\/5a67661041f057b4a8ccaf26f5a8e86e2689372006d01faf3dd9eeb10b654bb4?s=96&d=mm&r=g\",\"caption\":\"Cristina Ganga\"},\"description\":\"Jurnalist\",\"sameAs\":[\"https:\\\/\\\/www.facebook.com\\\/cristina.nicola.587\"],\"url\":\"https:\\\/\\\/urbeamea.ro\\\/albaiulia\\\/author\\\/cristina-nicola\\\/\"}]}<\/script>\n<!-- \/ Yoast SEO plugin. -->","yoast_head_json":{"title":"DSP Alba a cerut Ministerului S\u0103n\u0103t\u0103\u0163ii, suplimentarea dozelor de ser antiviperin pentru spitalele din jude\u0163 - Revista Urbea Mea - Revista de Alba","description":"Spitalele din jude\u021bul Alba, situate \u00een zone \u00een care s-a semnalat prezen\u021ba viperelor, dar \u0219i Spitalul Jude\u021bean de Urgen\u021b\u0103 din Alba Iulia, au \u00een stoc cel","robots":{"index":"index","follow":"follow","max-snippet":"max-snippet:-1","max-image-preview":"max-image-preview:large","max-video-preview":"max-video-preview:-1"},"canonical":"https:\/\/urbeamea.ro\/albaiulia\/dsp-alba-a-cerut-ministerului-sanatatii-suplimentarea-dozelor-de-ser-antiviperin-pentru-spitalele-din-judet\/","twitter_card":"summary_large_image","twitter_title":"DSP Alba a cerut Ministerului S\u0103n\u0103t\u0103\u0163ii, suplimentarea dozelor de ser antiviperin pentru spitalele din jude\u0163 - Revista Urbea Mea - Revista de Alba","twitter_description":"Spitalele din jude\u021bul Alba, situate \u00een zone \u00een care s-a semnalat prezen\u021ba viperelor, dar \u0219i Spitalul Jude\u021bean de Urgen\u021b\u0103 din Alba Iulia, au \u00een stoc cel","twitter_image":"https:\/\/urbeamea.ro\/albaiulia\/wp-content\/uploads\/2016\/04\/dsp-alba.jpg","twitter_creator":"@urbeameaweb","twitter_site":"@urbeameaweb","schema":{"@context":"https:\/\/schema.org","@graph":[{"@type":"Article","@id":"https:\/\/urbeamea.ro\/albaiulia\/dsp-alba-a-cerut-ministerului-sanatatii-suplimentarea-dozelor-de-ser-antiviperin-pentru-spitalele-din-judet\/#article","isPartOf":{"@id":"https:\/\/urbeamea.ro\/albaiulia\/dsp-alba-a-cerut-ministerului-sanatatii-suplimentarea-dozelor-de-ser-antiviperin-pentru-spitalele-din-judet\/"},"author":{"name":"Cristina Ganga","@id":"https:\/\/urbeamea.ro\/albaiulia\/#\/schema\/person\/9700d21fae21c4f038b0b56f4506264a"},"headline":"DSP Alba a cerut Ministerului S\u0103n\u0103t\u0103\u0163ii, suplimentarea dozelor de ser antiviperin pentru spitalele din jude\u0163","datePublished":"2017-07-13T14:52:20+00:00","mainEntityOfPage":{"@id":"https:\/\/urbeamea.ro\/albaiulia\/dsp-alba-a-cerut-ministerului-sanatatii-suplimentarea-dozelor-de-ser-antiviperin-pentru-spitalele-din-judet\/"},"wordCount":289,"commentCount":0,"image":{"@id":"https:\/\/urbeamea.ro\/albaiulia\/dsp-alba-a-cerut-ministerului-sanatatii-suplimentarea-dozelor-de-ser-antiviperin-pentru-spitalele-din-judet\/#primaryimage"},"thumbnailUrl":"https:\/\/urbeamea.ro\/albaiulia\/wp-content\/uploads\/2016\/04\/dsp-alba.jpg","keywords":["doze de ser antiviperin","DSP Alba","evenimente in aer liber","ministerul sanatatii","spitalul judetean de urgenta alba iulia","stiri","Urbea Mea","vipere","zona de munte"],"articleSection":["S\u0103n\u0103tate"],"inLanguage":"ro-RO","potentialAction":[{"@type":"CommentAction","name":"Comment","target":["https:\/\/urbeamea.ro\/albaiulia\/dsp-alba-a-cerut-ministerului-sanatatii-suplimentarea-dozelor-de-ser-antiviperin-pentru-spitalele-din-judet\/#respond"]}]},{"@type":"WebPage","@id":"https:\/\/urbeamea.ro\/albaiulia\/dsp-alba-a-cerut-ministerului-sanatatii-suplimentarea-dozelor-de-ser-antiviperin-pentru-spitalele-din-judet\/","url":"https:\/\/urbeamea.ro\/albaiulia\/dsp-alba-a-cerut-ministerului-sanatatii-suplimentarea-dozelor-de-ser-antiviperin-pentru-spitalele-din-judet\/","name":"DSP Alba a cerut Ministerului S\u0103n\u0103t\u0103\u0163ii, suplimentarea dozelor de ser antiviperin pentru spitalele din jude\u0163 - Revista Urbea Mea - Revista de Alba","isPartOf":{"@id":"https:\/\/urbeamea.ro\/albaiulia\/#website"},"primaryImageOfPage":{"@id":"https:\/\/urbeamea.ro\/albaiulia\/dsp-alba-a-cerut-ministerului-sanatatii-suplimentarea-dozelor-de-ser-antiviperin-pentru-spitalele-din-judet\/#primaryimage"},"image":{"@id":"https:\/\/urbeamea.ro\/albaiulia\/dsp-alba-a-cerut-ministerului-sanatatii-suplimentarea-dozelor-de-ser-antiviperin-pentru-spitalele-din-judet\/#primaryimage"},"thumbnailUrl":"https:\/\/urbeamea.ro\/albaiulia\/wp-content\/uploads\/2016\/04\/dsp-alba.jpg","datePublished":"2017-07-13T14:52:20+00:00","author":{"@id":"https:\/\/urbeamea.ro\/albaiulia\/#\/schema\/person\/9700d21fae21c4f038b0b56f4506264a"},"description":"Spitalele din jude\u021bul Alba, situate \u00een zone \u00een care s-a semnalat prezen\u021ba viperelor, dar \u0219i Spitalul Jude\u021bean de Urgen\u021b\u0103 din Alba Iulia, au \u00een stoc cel","breadcrumb":{"@id":"https:\/\/urbeamea.ro\/albaiulia\/dsp-alba-a-cerut-ministerului-sanatatii-suplimentarea-dozelor-de-ser-antiviperin-pentru-spitalele-din-judet\/#breadcrumb"},"inLanguage":"ro-RO","potentialAction":[{"@type":"ReadAction","target":["https:\/\/urbeamea.ro\/albaiulia\/dsp-alba-a-cerut-ministerului-sanatatii-suplimentarea-dozelor-de-ser-antiviperin-pentru-spitalele-din-judet\/"]}]},{"@type":"ImageObject","inLanguage":"ro-RO","@id":"https:\/\/urbeamea.ro\/albaiulia\/dsp-alba-a-cerut-ministerului-sanatatii-suplimentarea-dozelor-de-ser-antiviperin-pentru-spitalele-din-judet\/#primaryimage","url":"https:\/\/urbeamea.ro\/albaiulia\/wp-content\/uploads\/2016\/04\/dsp-alba.jpg","contentUrl":"https:\/\/urbeamea.ro\/albaiulia\/wp-content\/uploads\/2016\/04\/dsp-alba.jpg","width":640,"height":531},{"@type":"BreadcrumbList","@id":"https:\/\/urbeamea.ro\/albaiulia\/dsp-alba-a-cerut-ministerului-sanatatii-suplimentarea-dozelor-de-ser-antiviperin-pentru-spitalele-din-judet\/#breadcrumb","itemListElement":[{"@type":"ListItem","position":1,"name":"Prima pagin\u0103","item":"https:\/\/urbeamea.ro\/albaiulia\/"},{"@type":"ListItem","position":2,"name":"DSP Alba a cerut Ministerului S\u0103n\u0103t\u0103\u0163ii, suplimentarea dozelor de ser antiviperin pentru spitalele din jude\u0163"}]},{"@type":"WebSite","@id":"https:\/\/urbeamea.ro\/albaiulia\/#website","url":"https:\/\/urbeamea.ro\/albaiulia\/","name":"Revista Urbea Mea, Stiri urbane","description":"Evenimente \u0219i \u0219tiri din Alba Iulia, Sebe\u0219, Aiud, Blaj","potentialAction":[{"@type":"SearchAction","target":{"@type":"EntryPoint","urlTemplate":"https:\/\/urbeamea.ro\/albaiulia\/?s={search_term_string}"},"query-input":{"@type":"PropertyValueSpecification","valueRequired":true,"valueName":"search_term_string"}}],"inLanguage":"ro-RO"},{"@type":"Person","@id":"https:\/\/urbeamea.ro\/albaiulia\/#\/schema\/person\/9700d21fae21c4f038b0b56f4506264a","name":"Cristina Ganga","image":{"@type":"ImageObject","inLanguage":"ro-RO","@id":"https:\/\/secure.gravatar.com\/avatar\/5a67661041f057b4a8ccaf26f5a8e86e2689372006d01faf3dd9eeb10b654bb4?s=96&d=mm&r=g","url":"https:\/\/secure.gravatar.com\/avatar\/5a67661041f057b4a8ccaf26f5a8e86e2689372006d01faf3dd9eeb10b654bb4?s=96&d=mm&r=g","contentUrl":"https:\/\/secure.gravatar.com\/avatar\/5a67661041f057b4a8ccaf26f5a8e86e2689372006d01faf3dd9eeb10b654bb4?s=96&d=mm&r=g","caption":"Cristina Ganga"},"description":"Jurnalist","sameAs":["https:\/\/www.facebook.com\/cristina.nicola.587"],"url":"https:\/\/urbeamea.ro\/albaiulia\/author\/cristina-nicola\/"}]}},"_links":{"self":[{"href":"https:\/\/urbeamea.ro\/albaiulia\/wp-json\/wp\/v2\/posts\/49428","targetHints":{"allow":["GET"]}}],"collection":[{"href":"https:\/\/urbeamea.ro\/albaiulia\/wp-json\/wp\/v2\/posts"}],"about":[{"href":"https:\/\/urbeamea.ro\/albaiulia\/wp-json\/wp\/v2\/types\/post"}],"author":[{"embeddable":true,"href":"https:\/\/urbeamea.ro\/albaiulia\/wp-json\/wp\/v2\/users\/17"}],"replies":[{"embeddable":true,"href":"https:\/\/urbeamea.ro\/albaiulia\/wp-json\/wp\/v2\/comments?post=49428"}],"version-history":[{"count":0,"href":"https:\/\/urbeamea.ro\/albaiulia\/wp-json\/wp\/v2\/posts\/49428\/revisions"}],"wp:featuredmedia":[{"embeddable":true,"href":"https:\/\/urbeamea.ro\/albaiulia\/wp-json\/wp\/v2\/media\/21844"}],"wp:attachment":[{"href":"https:\/\/urbeamea.ro\/albaiulia\/wp-json\/wp\/v2\/media?parent=49428"}],"wp:term":[{"taxonomy":"category","embeddable":true,"href":"https:\/\/urbeamea.ro\/albaiulia\/wp-json\/wp\/v2\/categories?post=49428"},{"taxonomy":"post_tag","embeddable":true,"href":"https:\/\/urbeamea.ro\/albaiulia\/wp-json\/wp\/v2\/tags?post=49428"}],"curies":[{"name":"wp","href":"https:\/\/api.w.org\/{rel}","templated":true}]}}