{"id":49868,"date":"2017-07-23T21:29:25","date_gmt":"2017-07-23T18:29:25","guid":{"rendered":"https:\/\/urbeamea.ro\/albaiulia\/?p=49868"},"modified":"2017-07-23T21:29:25","modified_gmt":"2017-07-23T18:29:25","slug":"foto-targul-de-fete-de-pe-muntele-gaina-ceremonii-solemne-la-crucea-iancului-concerte-de-muzica-populara-si-targul-mesterilor-populari-organizate-la-cea-mai-mare-sarbatoare-populara-din-romania","status":"publish","type":"post","link":"https:\/\/urbeamea.ro\/albaiulia\/foto-targul-de-fete-de-pe-muntele-gaina-ceremonii-solemne-la-crucea-iancului-concerte-de-muzica-populara-si-targul-mesterilor-populari-organizate-la-cea-mai-mare-sarbatoare-populara-din-romania\/","title":{"rendered":"FOTO: T\u00e2rgul de Fete de pe Muntele G\u0103ina. Ceremonii solemne la Crucea Iancului, concerte de muzic\u0103 popular\u0103 \u015fi t\u00e2rgul me\u015fterilor populari, organizate la cea mai mare s\u0103rb\u0103toare popular\u0103 din Rom\u00e2nia"},"content":{"rendered":"<p><strong>Mii de oameni veni\u0163i din \u00eentreaga \u0163ar\u0103, dar \u015fi turi\u015fti veni\u0163i din str\u0103in\u0103tate particip\u0103 la T\u00e2rgul de Fete de pe Muntele G\u0103ina, cea mai mare \u015fi mai cunoscut\u0103 s\u0103rb\u0103toare popular\u0103 din Rom\u00e2nia.<\/strong> <strong>Cea de-a doua zi a s\u0103rb\u0103torii a \u00eenceput diminea\u0163a cu un ceremonial solemn organizat la \u201eCrucea Iancului\u201d, sus pe Muntele G\u0103ina, prin care oficialit\u0103\u0163i sau oameni simpli au cinstit memoria \u00eenainta\u015filor care au luptat pentru neamul rom\u00e2nesc. \u00cen cursul zilei sunt programate concerte \u00een aer liber cu nume mari ale muzicii populare rom\u00e2ne\u015fti. <\/strong><\/p>\n<p>Cea de-a doua zi a T\u00e2rgului de Fete a continuat, duminic\u0103, pe Muntele G\u0103ina, unde a avut loc ceremonialul tradi\u0163ional prin care, an de an, se aduce un omagiu \u201eCr\u0103i\u015forului Mun\u0163ilor\u201d \u2013 Avram Iancu &#8211;\u00a0 dar \u015fi tuturor celor care au lupta pentru libertatea neamului rom\u00e2nesc. La \u201eCrucea Iancului\u201d de pe Muntele G\u0103ina a avut loc o slujb\u0103 Te Deum oficiat\u0103 de un sobor de preo\u0163i la care oficialit\u0103\u0163ile prezente la eveniment au depus coroane de flori. Momentul solemn a fost accentuat de Tulnic\u0103resele din Avram Iancu \u0219i Fanfara \u201eAugustin Bena\u201d a Jude\u021bului Alba. Ceremonialul este o tradi\u0163ie care se p\u0103streaz\u0103 cu sfin\u0163enie \u00een fiecare an, fiind momentul simbolic prin care participan\u0163ii la T\u00e2rgul de Fete cinstesc memoria \u00eenainta\u015filor care au luptat pentru neamul rom\u00e2nesc. Personalitatea cea mai cunoscut\u0103 a \u0162\u0103rii Mo\u0163ilor este Avram Iancu, un avocat transilv\u0103nean \u015fi revolu\u0163ionar rom\u00e2n pa\u015foptist, care a jucat un rol extrem de important \u00een Revolu\u0163ia de la 1848. Avram Iancu, denumit \u015fi \u201eCr\u0103i\u015forul Mun\u0163ilor\u201d, a fost de fapt conduc\u0103torul \u0162\u0103rii Mo\u0163ilor \u00een timpul revolu\u0163iei, cel care \u00een 1849 a comandat armata rom\u00e2nilor transilv\u0103neni \u00eempotriva trupelor ungare. \u201eCrucea Iancului\u201d aflat\u0103 \u00een cel mai \u00eenalt punct de pe Muntele G\u0103ina a fost construit\u0103 \u00een 1924, la \u00eemplinirea a 100 de ani de la na\u015fterea eroului na\u0163ional Avram Iancu, iar monumentul a fost sfin\u0163it \u00een acel an chiar \u00een timpul T\u00e2rgului de Fete \u00een prezen\u0163a Regelui Ferdinand I.<\/p>\n<p>Pe Muntele G\u0103ina a fost deschis \u015fi T\u00e2rgul Me\u015fterilor Populari la care me\u015fteri iscusi\u0163i \u00ee\u015fi prezint\u0103 roadele muncii lor, respectiv obiecte tradi\u0163ionale pe care continu\u0103 s\u0103 le fabrice prin tehnici vechi de sute de ani.<\/p>\n<p>La ora 11,00 a \u00eenceput un spectacol maraton de folclor care dureaz\u0103 peste \u015fase ore \u015fi \u00een care evolueaz\u0103 Ansamblul Folcloric \u201eUrma\u0219ii Magherilor\u201d din Albeni (Gorj), Ansamblul Folcloric \u201eDoina Mure\u0219ului\u201d din Arad, Ansamblul Folcloric \u201eFloarea Barc\u0103ului\u201d din Marghita (Bihor), Ansamblul Folcloric din Cluj, Ansamblul Folcloric \u201eAugustin Bena\u201d al jude\u021bului Alba, al\u0103turi de: Nicolae Furdui Iancu, Ioana Ardelean, Mirela M\u0103nescu, Leontina F\u0103rca\u0219, Nicolae Tuhu\u021b, Roxana Reche, Nicolae Plut\u0103, C\u0103t\u0103lin Ha\u0219a, Maria Filimon, Floricica Moga, Dorina Nari\u021ba. De asemenea, va evolua \u015fi Ansamblul de dansuri al Centrului de Cultur\u0103 \u201eAugustin Bena\u201d Alba, coordonat de Alexandra Oarg\u0103 \u0219i Flaviu M\u00e2rza, iar conducerea muzical\u0103 a \u00eentregului spectacol va fi asigurat\u0103 de Alexandru Pal.<\/p>\n<p>T\u00e2rgul de Fete de pe Muntele G\u0103ina, cea mai mare \u015fi mai cunoscut\u0103 s\u0103rb\u0103toare popular\u0103 din Rom\u00e2nia, se desf\u0103\u015foar\u0103 la sf\u00e2r\u015fitul acestei s\u0103pt\u0103m\u00e2ni, \u00een comuna Avram Iancu \u015fi pe Muntele G\u0103ina. \u00cen prima zi, s\u0103rb\u0103toarea a avut loc \u015fi un moment evocator \u00een memoria lui Avram Iancu cel care a fost declarat de Parlamentul Rom\u00e2niei erou al na\u021biunii rom\u00e2ne. \u00cen centrul comunei Avram Iancu a avut loc un t\u00e2rg al me\u0219terilor populari dar \u015fi o expozi\u0163ie de fotografie etnografic\u0103 denumit\u0103 \u201eTimp Str\u0103vechi\u201d semnat\u0103 Vasile S\u00e2rb \u0219i elevii s\u0103i de la Clasa de Arte Vizuale Moderne din cadrul Centrului de Cultur\u0103 \u201eAugustin Bena\u201d. \u00cen program au fost incluse apoi activit\u0103\u0163i de educa\u0163ie artistic\u0103 \u015fi cultural\u0103 pentru copii realizate de reprezentan\u0163ii \u015ecolii de Arte \u015fi Me\u015fte\u015fuguri din cadrul Centrului de Cultur\u0103 \u201eAugustin Bena\u201d Alba.<\/p>\n<p>S\u00e2mb\u0103t\u0103 seara, \u00een centrul comunei Avram Iancu a avut loc un spectacol folcloric \u00een care au evoluat\u00a0: Ansamblul Folcloric \u201eArie\u0219ul\u201d din C\u00eempeni \u2013 instructor Gheorghe B\u0103d\u0103u, Ansamblul Folcloric \u201eBr\u0103deana\u201d din Sohodol \u2013 instructor Oana Jolde\u0219, Ansamblul Folcloric \u201eTradi\u021bii Uiorene\u201d din Ocna Mure\u0219 \u2013 coordonator Liliana Stoica, Ansamblul Folcloric \u201eAugustin Bena\u201d al jude\u0163ului Alba \u015fi Ansamblul de dansuri coordonat de Alexandra Oarg\u0103 \u0219i Flaviu M\u00e2rza. De asemenea pe scen\u0103 au urcat \u015fi maestrul Dumitru F\u0103rca\u015f dar \u015fi soli\u015ftii Roxana Reche, Nicolae Plut\u0103, Floricica Moga, Nicolae Tuhu\u021b, Dorina Nari\u021ba, Maria Filimon, C\u0103t\u0103lin Ha\u0219a. Conducerea muzical\u0103 a fost asigurat\u0103 de Alexandru Pal. La ora 20,00 a avut loc un foc de artificii \u00een Avram Iancu \u015fi apoi participan\u0163ii au urcat pe Muntele G\u0103ina.<\/p>\n<p>S\u00e2mb\u0103t\u0103 seara &#8211; T\u00e2rgul de Fete a acuprins pe Muntele G\u0103ina un recital sus\u021binut de trupa RE-BORN, iar de la ora 21,40 un concert extraordinar de muzic\u0103 folk cu Vasile \u0218eicaru, Mircea Vintil\u0103, Vali \u0218erban, Florin S\u0103s\u0103rman. Petrecerea a continuat pe Muntele G\u0103ina p\u00e2n\u0103 t\u00e2rziu \u00een noapte cu discotec\u0103 \u00een aer liber, focuri de tab\u0103r\u0103 \u015fi focuri de artificii, atmosfera fiind \u00eentre\u0163inut\u0103 de MC \u0219i DJ SEGA, \u00eentr-un show unic de lumini \u0219i efecte speciale.<\/p>\n<p>T\u00e2rgul de Fete de pe Muntele G\u0103ina este organizat de Consiliul Jude\u0163ean Alba, Centrul de Cultur\u0103 \u201eAugustin Bena\u201d Alba, Prim\u0103ria comunei Avram Iancu, \u00een parteneriat cu consiliile jude\u0163ene din Arad, Bihor, Cluj \u015fi Hunedoara.<\/p>\n<p><em>sursa foto: ARHIV\u0102 Centrul de Cultur\u0103 \u201eAugustin Bena\u201d<\/em><\/p>\n<div id='gallery-1' class='gallery galleryid-49868 gallery-columns-3 gallery-size-thumbnail'><figure class='gallery-item'>\n\t\t\t<div class='gallery-icon landscape'>\n\t\t\t\t<a href='https:\/\/urbeamea.ro\/albaiulia\/wp-content\/uploads\/2017\/07\/DSC_0303.jpg'><img decoding=\"async\" width=\"150\" height=\"100\" src=\"data:image\/png;base64,iVBORw0KGgoAAAANSUhEUgAAAYYAAADcAQMAAABOLJSDAAAAA1BMVEUAAACnej3aAAAAAXRSTlMAQObYZgAAACJJREFUaIHtwTEBAAAAwqD1T20ND6AAAAAAAAAAAAAA4N8AKvgAAUFIrrEAAAAASUVORK5CYII=\" class=\"attachment-thumbnail size-thumbnail lazy-img\" alt=\"\" srcset=\"https:\/\/urbeamea.ro\/albaiulia\/wp-content\/uploads\/2017\/07\/DSC_0303-150x100.jpg 150w, https:\/\/urbeamea.ro\/albaiulia\/wp-content\/uploads\/2017\/07\/DSC_0303.jpg 640w\" sizes=\"auto, (max-width: 150px) 100vw, 150px\" data-src=\"https:\/\/urbeamea.ro\/albaiulia\/wp-content\/uploads\/2017\/07\/DSC_0303-150x100.jpg\" loading=\"lazy\" \/><\/a>\n\t\t\t<\/div><\/figure><figure class='gallery-item'>\n\t\t\t<div class='gallery-icon landscape'>\n\t\t\t\t<a href='https:\/\/urbeamea.ro\/albaiulia\/wp-content\/uploads\/2017\/07\/DSC_0310.jpg'><img decoding=\"async\" width=\"150\" height=\"100\" src=\"data:image\/png;base64,iVBORw0KGgoAAAANSUhEUgAAAYYAAADcAQMAAABOLJSDAAAAA1BMVEUAAACnej3aAAAAAXRSTlMAQObYZgAAACJJREFUaIHtwTEBAAAAwqD1T20ND6AAAAAAAAAAAAAA4N8AKvgAAUFIrrEAAAAASUVORK5CYII=\" class=\"attachment-thumbnail size-thumbnail lazy-img\" alt=\"\" srcset=\"https:\/\/urbeamea.ro\/albaiulia\/wp-content\/uploads\/2017\/07\/DSC_0310-150x100.jpg 150w, https:\/\/urbeamea.ro\/albaiulia\/wp-content\/uploads\/2017\/07\/DSC_0310.jpg 640w\" sizes=\"auto, (max-width: 150px) 100vw, 150px\" data-src=\"https:\/\/urbeamea.ro\/albaiulia\/wp-content\/uploads\/2017\/07\/DSC_0310-150x100.jpg\" loading=\"lazy\" \/><\/a>\n\t\t\t<\/div><\/figure><figure class='gallery-item'>\n\t\t\t<div class='gallery-icon landscape'>\n\t\t\t\t<a href='https:\/\/urbeamea.ro\/albaiulia\/wp-content\/uploads\/2017\/07\/DSC_0543.jpg'><img decoding=\"async\" width=\"150\" height=\"100\" src=\"data:image\/png;base64,iVBORw0KGgoAAAANSUhEUgAAAYYAAADcAQMAAABOLJSDAAAAA1BMVEUAAACnej3aAAAAAXRSTlMAQObYZgAAACJJREFUaIHtwTEBAAAAwqD1T20ND6AAAAAAAAAAAAAA4N8AKvgAAUFIrrEAAAAASUVORK5CYII=\" class=\"attachment-thumbnail size-thumbnail lazy-img\" alt=\"\" srcset=\"https:\/\/urbeamea.ro\/albaiulia\/wp-content\/uploads\/2017\/07\/DSC_0543-150x100.jpg 150w, https:\/\/urbeamea.ro\/albaiulia\/wp-content\/uploads\/2017\/07\/DSC_0543.jpg 640w\" sizes=\"auto, (max-width: 150px) 100vw, 150px\" data-src=\"https:\/\/urbeamea.ro\/albaiulia\/wp-content\/uploads\/2017\/07\/DSC_0543-150x100.jpg\" loading=\"lazy\" \/><\/a>\n\t\t\t<\/div><\/figure><figure class='gallery-item'>\n\t\t\t<div class='gallery-icon landscape'>\n\t\t\t\t<a href='https:\/\/urbeamea.ro\/albaiulia\/wp-content\/uploads\/2017\/07\/gaina-concert.jpg'><img decoding=\"async\" width=\"150\" height=\"100\" src=\"data:image\/png;base64,iVBORw0KGgoAAAANSUhEUgAAAYYAAADcAQMAAABOLJSDAAAAA1BMVEUAAACnej3aAAAAAXRSTlMAQObYZgAAACJJREFUaIHtwTEBAAAAwqD1T20ND6AAAAAAAAAAAAAA4N8AKvgAAUFIrrEAAAAASUVORK5CYII=\" class=\"attachment-thumbnail size-thumbnail lazy-img\" alt=\"\" srcset=\"https:\/\/urbeamea.ro\/albaiulia\/wp-content\/uploads\/2017\/07\/gaina-concert-150x100.jpg 150w, https:\/\/urbeamea.ro\/albaiulia\/wp-content\/uploads\/2017\/07\/gaina-concert-640x428.jpg 640w, https:\/\/urbeamea.ro\/albaiulia\/wp-content\/uploads\/2017\/07\/gaina-concert-768x514.jpg 768w, https:\/\/urbeamea.ro\/albaiulia\/wp-content\/uploads\/2017\/07\/gaina-concert.jpg 1200w\" sizes=\"auto, (max-width: 150px) 100vw, 150px\" data-src=\"https:\/\/urbeamea.ro\/albaiulia\/wp-content\/uploads\/2017\/07\/gaina-concert-150x100.jpg\" loading=\"lazy\" \/><\/a>\n\t\t\t<\/div><\/figure><figure class='gallery-item'>\n\t\t\t<div class='gallery-icon landscape'>\n\t\t\t\t<a href='https:\/\/urbeamea.ro\/albaiulia\/wp-content\/uploads\/2017\/07\/gaina-crucea-iancului.jpg'><img decoding=\"async\" width=\"150\" height=\"100\" src=\"data:image\/png;base64,iVBORw0KGgoAAAANSUhEUgAAAYYAAADcAQMAAABOLJSDAAAAA1BMVEUAAACnej3aAAAAAXRSTlMAQObYZgAAACJJREFUaIHtwTEBAAAAwqD1T20ND6AAAAAAAAAAAAAA4N8AKvgAAUFIrrEAAAAASUVORK5CYII=\" class=\"attachment-thumbnail size-thumbnail lazy-img\" alt=\"\" srcset=\"https:\/\/urbeamea.ro\/albaiulia\/wp-content\/uploads\/2017\/07\/gaina-crucea-iancului-150x100.jpg 150w, https:\/\/urbeamea.ro\/albaiulia\/wp-content\/uploads\/2017\/07\/gaina-crucea-iancului-640x428.jpg 640w, https:\/\/urbeamea.ro\/albaiulia\/wp-content\/uploads\/2017\/07\/gaina-crucea-iancului-768x514.jpg 768w, https:\/\/urbeamea.ro\/albaiulia\/wp-content\/uploads\/2017\/07\/gaina-crucea-iancului.jpg 1200w\" sizes=\"auto, (max-width: 150px) 100vw, 150px\" data-src=\"https:\/\/urbeamea.ro\/albaiulia\/wp-content\/uploads\/2017\/07\/gaina-crucea-iancului-150x100.jpg\" loading=\"lazy\" \/><\/a>\n\t\t\t<\/div><\/figure><figure class='gallery-item'>\n\t\t\t<div class='gallery-icon landscape'>\n\t\t\t\t<a href='https:\/\/urbeamea.ro\/albaiulia\/wp-content\/uploads\/2017\/07\/gaina-tulnicarese.jpg'><img decoding=\"async\" width=\"150\" height=\"100\" src=\"data:image\/png;base64,iVBORw0KGgoAAAANSUhEUgAAAYYAAADcAQMAAABOLJSDAAAAA1BMVEUAAACnej3aAAAAAXRSTlMAQObYZgAAACJJREFUaIHtwTEBAAAAwqD1T20ND6AAAAAAAAAAAAAA4N8AKvgAAUFIrrEAAAAASUVORK5CYII=\" class=\"attachment-thumbnail size-thumbnail lazy-img\" alt=\"\" srcset=\"https:\/\/urbeamea.ro\/albaiulia\/wp-content\/uploads\/2017\/07\/gaina-tulnicarese-150x100.jpg 150w, https:\/\/urbeamea.ro\/albaiulia\/wp-content\/uploads\/2017\/07\/gaina-tulnicarese-640x428.jpg 640w, https:\/\/urbeamea.ro\/albaiulia\/wp-content\/uploads\/2017\/07\/gaina-tulnicarese-768x514.jpg 768w, https:\/\/urbeamea.ro\/albaiulia\/wp-content\/uploads\/2017\/07\/gaina-tulnicarese.jpg 1200w\" sizes=\"auto, (max-width: 150px) 100vw, 150px\" data-src=\"https:\/\/urbeamea.ro\/albaiulia\/wp-content\/uploads\/2017\/07\/gaina-tulnicarese-150x100.jpg\" loading=\"lazy\" \/><\/a>\n\t\t\t<\/div><\/figure>\n\t\t<\/div>\n\n","protected":false},"excerpt":{"rendered":"<p>Mii de oameni veni\u0163i din \u00eentreaga \u0163ar\u0103, dar \u015fi turi\u015fti veni\u0163i din str\u0103in\u0103tate particip\u0103 la T\u00e2rgul de Fete de pe Muntele G\u0103ina, cea mai mare \u015fi mai cunoscut\u0103 s\u0103rb\u0103toare popular\u0103 din Rom\u00e2nia. Cea de-a doua zi a s\u0103rb\u0103torii a \u00eenceput diminea\u0163a cu un ceremonial solemn organizat la \u201eCrucea Iancului\u201d, sus pe Muntele G\u0103ina, prin care &hellip;<\/p>\n","protected":false},"author":17,"featured_media":49869,"comment_status":"open","ping_status":"open","sticky":false,"template":"","format":"standard","meta":{"inline_featured_image":false,"footnotes":""},"categories":[4],"tags":[307,11855,11822,1238,10069,6185,5681,308,6184,76],"class_list":["post-49868","post","type-post","status-publish","format-standard","has-post-thumbnail","hentry","category-eveniment","tag-alba","tag-ceremonii-religioase","tag-comuna-avram-iancu","tag-concerte","tag-expozitie-de-fotografie","tag-muntele-gaina","tag-statuie","tag-stiri","tag-targul-de-fete","tag-urbea-mea"],"yoast_head":"<!-- This site is optimized with the Yoast SEO plugin v28.3 - https:\/\/yoast.com\/product\/yoast-seo-wordpress\/ -->\n<title>FOTO: T\u00e2rgul de Fete de pe Muntele G\u0103ina. Ceremonii solemne la Crucea Iancului, concerte de muzic\u0103 popular\u0103 \u015fi t\u00e2rgul me\u015fterilor populari, organizate la cea mai mare s\u0103rb\u0103toare popular\u0103 din Rom\u00e2nia - Revista Urbea Mea - Revista de Alba<\/title>\n<meta name=\"description\" content=\"Mii de oameni veni\u0163i din \u00eentreaga \u0163ar\u0103, dar \u015fi turi\u015fti veni\u0163i din str\u0103in\u0103tate particip\u0103 la T\u00e2rgul de Fete de pe Muntele G\u0103ina, cea mai mare \u015fi mai\" \/>\n<meta name=\"robots\" content=\"index, follow, max-snippet:-1, max-image-preview:large, max-video-preview:-1\" \/>\n<link rel=\"canonical\" href=\"https:\/\/urbeamea.ro\/albaiulia\/foto-targul-de-fete-de-pe-muntele-gaina-ceremonii-solemne-la-crucea-iancului-concerte-de-muzica-populara-si-targul-mesterilor-populari-organizate-la-cea-mai-mare-sarbatoare-populara-din-romania\/\" \/>\n<meta name=\"twitter:card\" content=\"summary_large_image\" \/>\n<meta name=\"twitter:title\" content=\"FOTO: T\u00e2rgul de Fete de pe Muntele G\u0103ina. Ceremonii solemne la Crucea Iancului, concerte de muzic\u0103 popular\u0103 \u015fi t\u00e2rgul me\u015fterilor populari, organizate la cea mai mare s\u0103rb\u0103toare popular\u0103 din Rom\u00e2nia - Revista Urbea Mea - Revista de Alba\" \/>\n<meta name=\"twitter:description\" content=\"Mii de oameni veni\u0163i din \u00eentreaga \u0163ar\u0103, dar \u015fi turi\u015fti veni\u0163i din str\u0103in\u0103tate particip\u0103 la T\u00e2rgul de Fete de pe Muntele G\u0103ina, cea mai mare \u015fi mai\" \/>\n<meta name=\"twitter:image\" content=\"https:\/\/urbeamea.ro\/albaiulia\/wp-content\/uploads\/2017\/07\/DSC_0303.jpg\" \/>\n<meta name=\"twitter:creator\" content=\"@urbeameaweb\" \/>\n<meta name=\"twitter:site\" content=\"@urbeameaweb\" \/>\n<script type=\"application\/ld+json\" class=\"yoast-schema-graph\">{\"@context\":\"https:\\\/\\\/schema.org\",\"@graph\":[{\"@type\":\"Article\",\"@id\":\"https:\\\/\\\/urbeamea.ro\\\/albaiulia\\\/foto-targul-de-fete-de-pe-muntele-gaina-ceremonii-solemne-la-crucea-iancului-concerte-de-muzica-populara-si-targul-mesterilor-populari-organizate-la-cea-mai-mare-sarbatoare-populara-din-romania\\\/#article\",\"isPartOf\":{\"@id\":\"https:\\\/\\\/urbeamea.ro\\\/albaiulia\\\/foto-targul-de-fete-de-pe-muntele-gaina-ceremonii-solemne-la-crucea-iancului-concerte-de-muzica-populara-si-targul-mesterilor-populari-organizate-la-cea-mai-mare-sarbatoare-populara-din-romania\\\/\"},\"author\":{\"name\":\"Cristina Ganga\",\"@id\":\"https:\\\/\\\/urbeamea.ro\\\/albaiulia\\\/#\\\/schema\\\/person\\\/9700d21fae21c4f038b0b56f4506264a\"},\"headline\":\"FOTO: T\u00e2rgul de Fete de pe Muntele G\u0103ina. Ceremonii solemne la Crucea Iancului, concerte de muzic\u0103 popular\u0103 \u015fi t\u00e2rgul me\u015fterilor populari, organizate la cea mai mare s\u0103rb\u0103toare popular\u0103 din Rom\u00e2nia\",\"datePublished\":\"2017-07-23T18:29:25+00:00\",\"mainEntityOfPage\":{\"@id\":\"https:\\\/\\\/urbeamea.ro\\\/albaiulia\\\/foto-targul-de-fete-de-pe-muntele-gaina-ceremonii-solemne-la-crucea-iancului-concerte-de-muzica-populara-si-targul-mesterilor-populari-organizate-la-cea-mai-mare-sarbatoare-populara-din-romania\\\/\"},\"wordCount\":999,\"commentCount\":0,\"image\":{\"@id\":\"https:\\\/\\\/urbeamea.ro\\\/albaiulia\\\/foto-targul-de-fete-de-pe-muntele-gaina-ceremonii-solemne-la-crucea-iancului-concerte-de-muzica-populara-si-targul-mesterilor-populari-organizate-la-cea-mai-mare-sarbatoare-populara-din-romania\\\/#primaryimage\"},\"thumbnailUrl\":\"https:\\\/\\\/urbeamea.ro\\\/albaiulia\\\/wp-content\\\/uploads\\\/2017\\\/07\\\/DSC_0303.jpg\",\"keywords\":[\"alba\",\"ceremonii religioase\",\"comuna avram iancu\",\"concerte\",\"expozitie de fotografie\",\"muntele gaina\",\"statuie\",\"stiri\",\"targul de fete\",\"Urbea Mea\"],\"articleSection\":[\"Evenimente\"],\"inLanguage\":\"ro-RO\",\"potentialAction\":[{\"@type\":\"CommentAction\",\"name\":\"Comment\",\"target\":[\"https:\\\/\\\/urbeamea.ro\\\/albaiulia\\\/foto-targul-de-fete-de-pe-muntele-gaina-ceremonii-solemne-la-crucea-iancului-concerte-de-muzica-populara-si-targul-mesterilor-populari-organizate-la-cea-mai-mare-sarbatoare-populara-din-romania\\\/#respond\"]}]},{\"@type\":\"WebPage\",\"@id\":\"https:\\\/\\\/urbeamea.ro\\\/albaiulia\\\/foto-targul-de-fete-de-pe-muntele-gaina-ceremonii-solemne-la-crucea-iancului-concerte-de-muzica-populara-si-targul-mesterilor-populari-organizate-la-cea-mai-mare-sarbatoare-populara-din-romania\\\/\",\"url\":\"https:\\\/\\\/urbeamea.ro\\\/albaiulia\\\/foto-targul-de-fete-de-pe-muntele-gaina-ceremonii-solemne-la-crucea-iancului-concerte-de-muzica-populara-si-targul-mesterilor-populari-organizate-la-cea-mai-mare-sarbatoare-populara-din-romania\\\/\",\"name\":\"FOTO: T\u00e2rgul de Fete de pe Muntele G\u0103ina. Ceremonii solemne la Crucea Iancului, concerte de muzic\u0103 popular\u0103 \u015fi t\u00e2rgul me\u015fterilor populari, organizate la cea mai mare s\u0103rb\u0103toare popular\u0103 din Rom\u00e2nia - Revista Urbea Mea - Revista de Alba\",\"isPartOf\":{\"@id\":\"https:\\\/\\\/urbeamea.ro\\\/albaiulia\\\/#website\"},\"primaryImageOfPage\":{\"@id\":\"https:\\\/\\\/urbeamea.ro\\\/albaiulia\\\/foto-targul-de-fete-de-pe-muntele-gaina-ceremonii-solemne-la-crucea-iancului-concerte-de-muzica-populara-si-targul-mesterilor-populari-organizate-la-cea-mai-mare-sarbatoare-populara-din-romania\\\/#primaryimage\"},\"image\":{\"@id\":\"https:\\\/\\\/urbeamea.ro\\\/albaiulia\\\/foto-targul-de-fete-de-pe-muntele-gaina-ceremonii-solemne-la-crucea-iancului-concerte-de-muzica-populara-si-targul-mesterilor-populari-organizate-la-cea-mai-mare-sarbatoare-populara-din-romania\\\/#primaryimage\"},\"thumbnailUrl\":\"https:\\\/\\\/urbeamea.ro\\\/albaiulia\\\/wp-content\\\/uploads\\\/2017\\\/07\\\/DSC_0303.jpg\",\"datePublished\":\"2017-07-23T18:29:25+00:00\",\"author\":{\"@id\":\"https:\\\/\\\/urbeamea.ro\\\/albaiulia\\\/#\\\/schema\\\/person\\\/9700d21fae21c4f038b0b56f4506264a\"},\"description\":\"Mii de oameni veni\u0163i din \u00eentreaga \u0163ar\u0103, dar \u015fi turi\u015fti veni\u0163i din str\u0103in\u0103tate particip\u0103 la T\u00e2rgul de Fete de pe Muntele G\u0103ina, cea mai mare \u015fi mai\",\"breadcrumb\":{\"@id\":\"https:\\\/\\\/urbeamea.ro\\\/albaiulia\\\/foto-targul-de-fete-de-pe-muntele-gaina-ceremonii-solemne-la-crucea-iancului-concerte-de-muzica-populara-si-targul-mesterilor-populari-organizate-la-cea-mai-mare-sarbatoare-populara-din-romania\\\/#breadcrumb\"},\"inLanguage\":\"ro-RO\",\"potentialAction\":[{\"@type\":\"ReadAction\",\"target\":[\"https:\\\/\\\/urbeamea.ro\\\/albaiulia\\\/foto-targul-de-fete-de-pe-muntele-gaina-ceremonii-solemne-la-crucea-iancului-concerte-de-muzica-populara-si-targul-mesterilor-populari-organizate-la-cea-mai-mare-sarbatoare-populara-din-romania\\\/\"]}]},{\"@type\":\"ImageObject\",\"inLanguage\":\"ro-RO\",\"@id\":\"https:\\\/\\\/urbeamea.ro\\\/albaiulia\\\/foto-targul-de-fete-de-pe-muntele-gaina-ceremonii-solemne-la-crucea-iancului-concerte-de-muzica-populara-si-targul-mesterilor-populari-organizate-la-cea-mai-mare-sarbatoare-populara-din-romania\\\/#primaryimage\",\"url\":\"https:\\\/\\\/urbeamea.ro\\\/albaiulia\\\/wp-content\\\/uploads\\\/2017\\\/07\\\/DSC_0303.jpg\",\"contentUrl\":\"https:\\\/\\\/urbeamea.ro\\\/albaiulia\\\/wp-content\\\/uploads\\\/2017\\\/07\\\/DSC_0303.jpg\",\"width\":640,\"height\":428},{\"@type\":\"BreadcrumbList\",\"@id\":\"https:\\\/\\\/urbeamea.ro\\\/albaiulia\\\/foto-targul-de-fete-de-pe-muntele-gaina-ceremonii-solemne-la-crucea-iancului-concerte-de-muzica-populara-si-targul-mesterilor-populari-organizate-la-cea-mai-mare-sarbatoare-populara-din-romania\\\/#breadcrumb\",\"itemListElement\":[{\"@type\":\"ListItem\",\"position\":1,\"name\":\"Prima pagin\u0103\",\"item\":\"https:\\\/\\\/urbeamea.ro\\\/albaiulia\\\/\"},{\"@type\":\"ListItem\",\"position\":2,\"name\":\"FOTO: T\u00e2rgul de Fete de pe Muntele G\u0103ina. Ceremonii solemne la Crucea Iancului, concerte de muzic\u0103 popular\u0103 \u015fi t\u00e2rgul me\u015fterilor populari, organizate la cea mai mare s\u0103rb\u0103toare popular\u0103 din Rom\u00e2nia\"}]},{\"@type\":\"WebSite\",\"@id\":\"https:\\\/\\\/urbeamea.ro\\\/albaiulia\\\/#website\",\"url\":\"https:\\\/\\\/urbeamea.ro\\\/albaiulia\\\/\",\"name\":\"Revista Urbea Mea, Stiri urbane\",\"description\":\"Evenimente \u0219i \u0219tiri din Alba Iulia, Sebe\u0219, Aiud, Blaj\",\"potentialAction\":[{\"@type\":\"SearchAction\",\"target\":{\"@type\":\"EntryPoint\",\"urlTemplate\":\"https:\\\/\\\/urbeamea.ro\\\/albaiulia\\\/?s={search_term_string}\"},\"query-input\":{\"@type\":\"PropertyValueSpecification\",\"valueRequired\":true,\"valueName\":\"search_term_string\"}}],\"inLanguage\":\"ro-RO\"},{\"@type\":\"Person\",\"@id\":\"https:\\\/\\\/urbeamea.ro\\\/albaiulia\\\/#\\\/schema\\\/person\\\/9700d21fae21c4f038b0b56f4506264a\",\"name\":\"Cristina Ganga\",\"image\":{\"@type\":\"ImageObject\",\"inLanguage\":\"ro-RO\",\"@id\":\"https:\\\/\\\/secure.gravatar.com\\\/avatar\\\/5a67661041f057b4a8ccaf26f5a8e86e2689372006d01faf3dd9eeb10b654bb4?s=96&d=mm&r=g\",\"url\":\"https:\\\/\\\/secure.gravatar.com\\\/avatar\\\/5a67661041f057b4a8ccaf26f5a8e86e2689372006d01faf3dd9eeb10b654bb4?s=96&d=mm&r=g\",\"contentUrl\":\"https:\\\/\\\/secure.gravatar.com\\\/avatar\\\/5a67661041f057b4a8ccaf26f5a8e86e2689372006d01faf3dd9eeb10b654bb4?s=96&d=mm&r=g\",\"caption\":\"Cristina Ganga\"},\"description\":\"Jurnalist\",\"sameAs\":[\"https:\\\/\\\/www.facebook.com\\\/cristina.nicola.587\"],\"url\":\"https:\\\/\\\/urbeamea.ro\\\/albaiulia\\\/author\\\/cristina-nicola\\\/\"}]}<\/script>\n<!-- \/ Yoast SEO plugin. -->","yoast_head_json":{"title":"FOTO: T\u00e2rgul de Fete de pe Muntele G\u0103ina. Ceremonii solemne la Crucea Iancului, concerte de muzic\u0103 popular\u0103 \u015fi t\u00e2rgul me\u015fterilor populari, organizate la cea mai mare s\u0103rb\u0103toare popular\u0103 din Rom\u00e2nia - Revista Urbea Mea - Revista de Alba","description":"Mii de oameni veni\u0163i din \u00eentreaga \u0163ar\u0103, dar \u015fi turi\u015fti veni\u0163i din str\u0103in\u0103tate particip\u0103 la T\u00e2rgul de Fete de pe Muntele G\u0103ina, cea mai mare \u015fi mai","robots":{"index":"index","follow":"follow","max-snippet":"max-snippet:-1","max-image-preview":"max-image-preview:large","max-video-preview":"max-video-preview:-1"},"canonical":"https:\/\/urbeamea.ro\/albaiulia\/foto-targul-de-fete-de-pe-muntele-gaina-ceremonii-solemne-la-crucea-iancului-concerte-de-muzica-populara-si-targul-mesterilor-populari-organizate-la-cea-mai-mare-sarbatoare-populara-din-romania\/","twitter_card":"summary_large_image","twitter_title":"FOTO: T\u00e2rgul de Fete de pe Muntele G\u0103ina. Ceremonii solemne la Crucea Iancului, concerte de muzic\u0103 popular\u0103 \u015fi t\u00e2rgul me\u015fterilor populari, organizate la cea mai mare s\u0103rb\u0103toare popular\u0103 din Rom\u00e2nia - Revista Urbea Mea - Revista de Alba","twitter_description":"Mii de oameni veni\u0163i din \u00eentreaga \u0163ar\u0103, dar \u015fi turi\u015fti veni\u0163i din str\u0103in\u0103tate particip\u0103 la T\u00e2rgul de Fete de pe Muntele G\u0103ina, cea mai mare \u015fi mai","twitter_image":"https:\/\/urbeamea.ro\/albaiulia\/wp-content\/uploads\/2017\/07\/DSC_0303.jpg","twitter_creator":"@urbeameaweb","twitter_site":"@urbeameaweb","schema":{"@context":"https:\/\/schema.org","@graph":[{"@type":"Article","@id":"https:\/\/urbeamea.ro\/albaiulia\/foto-targul-de-fete-de-pe-muntele-gaina-ceremonii-solemne-la-crucea-iancului-concerte-de-muzica-populara-si-targul-mesterilor-populari-organizate-la-cea-mai-mare-sarbatoare-populara-din-romania\/#article","isPartOf":{"@id":"https:\/\/urbeamea.ro\/albaiulia\/foto-targul-de-fete-de-pe-muntele-gaina-ceremonii-solemne-la-crucea-iancului-concerte-de-muzica-populara-si-targul-mesterilor-populari-organizate-la-cea-mai-mare-sarbatoare-populara-din-romania\/"},"author":{"name":"Cristina Ganga","@id":"https:\/\/urbeamea.ro\/albaiulia\/#\/schema\/person\/9700d21fae21c4f038b0b56f4506264a"},"headline":"FOTO: T\u00e2rgul de Fete de pe Muntele G\u0103ina. Ceremonii solemne la Crucea Iancului, concerte de muzic\u0103 popular\u0103 \u015fi t\u00e2rgul me\u015fterilor populari, organizate la cea mai mare s\u0103rb\u0103toare popular\u0103 din Rom\u00e2nia","datePublished":"2017-07-23T18:29:25+00:00","mainEntityOfPage":{"@id":"https:\/\/urbeamea.ro\/albaiulia\/foto-targul-de-fete-de-pe-muntele-gaina-ceremonii-solemne-la-crucea-iancului-concerte-de-muzica-populara-si-targul-mesterilor-populari-organizate-la-cea-mai-mare-sarbatoare-populara-din-romania\/"},"wordCount":999,"commentCount":0,"image":{"@id":"https:\/\/urbeamea.ro\/albaiulia\/foto-targul-de-fete-de-pe-muntele-gaina-ceremonii-solemne-la-crucea-iancului-concerte-de-muzica-populara-si-targul-mesterilor-populari-organizate-la-cea-mai-mare-sarbatoare-populara-din-romania\/#primaryimage"},"thumbnailUrl":"https:\/\/urbeamea.ro\/albaiulia\/wp-content\/uploads\/2017\/07\/DSC_0303.jpg","keywords":["alba","ceremonii religioase","comuna avram iancu","concerte","expozitie de fotografie","muntele gaina","statuie","stiri","targul de fete","Urbea Mea"],"articleSection":["Evenimente"],"inLanguage":"ro-RO","potentialAction":[{"@type":"CommentAction","name":"Comment","target":["https:\/\/urbeamea.ro\/albaiulia\/foto-targul-de-fete-de-pe-muntele-gaina-ceremonii-solemne-la-crucea-iancului-concerte-de-muzica-populara-si-targul-mesterilor-populari-organizate-la-cea-mai-mare-sarbatoare-populara-din-romania\/#respond"]}]},{"@type":"WebPage","@id":"https:\/\/urbeamea.ro\/albaiulia\/foto-targul-de-fete-de-pe-muntele-gaina-ceremonii-solemne-la-crucea-iancului-concerte-de-muzica-populara-si-targul-mesterilor-populari-organizate-la-cea-mai-mare-sarbatoare-populara-din-romania\/","url":"https:\/\/urbeamea.ro\/albaiulia\/foto-targul-de-fete-de-pe-muntele-gaina-ceremonii-solemne-la-crucea-iancului-concerte-de-muzica-populara-si-targul-mesterilor-populari-organizate-la-cea-mai-mare-sarbatoare-populara-din-romania\/","name":"FOTO: T\u00e2rgul de Fete de pe Muntele G\u0103ina. Ceremonii solemne la Crucea Iancului, concerte de muzic\u0103 popular\u0103 \u015fi t\u00e2rgul me\u015fterilor populari, organizate la cea mai mare s\u0103rb\u0103toare popular\u0103 din Rom\u00e2nia - Revista Urbea Mea - Revista de Alba","isPartOf":{"@id":"https:\/\/urbeamea.ro\/albaiulia\/#website"},"primaryImageOfPage":{"@id":"https:\/\/urbeamea.ro\/albaiulia\/foto-targul-de-fete-de-pe-muntele-gaina-ceremonii-solemne-la-crucea-iancului-concerte-de-muzica-populara-si-targul-mesterilor-populari-organizate-la-cea-mai-mare-sarbatoare-populara-din-romania\/#primaryimage"},"image":{"@id":"https:\/\/urbeamea.ro\/albaiulia\/foto-targul-de-fete-de-pe-muntele-gaina-ceremonii-solemne-la-crucea-iancului-concerte-de-muzica-populara-si-targul-mesterilor-populari-organizate-la-cea-mai-mare-sarbatoare-populara-din-romania\/#primaryimage"},"thumbnailUrl":"https:\/\/urbeamea.ro\/albaiulia\/wp-content\/uploads\/2017\/07\/DSC_0303.jpg","datePublished":"2017-07-23T18:29:25+00:00","author":{"@id":"https:\/\/urbeamea.ro\/albaiulia\/#\/schema\/person\/9700d21fae21c4f038b0b56f4506264a"},"description":"Mii de oameni veni\u0163i din \u00eentreaga \u0163ar\u0103, dar \u015fi turi\u015fti veni\u0163i din str\u0103in\u0103tate particip\u0103 la T\u00e2rgul de Fete de pe Muntele G\u0103ina, cea mai mare \u015fi mai","breadcrumb":{"@id":"https:\/\/urbeamea.ro\/albaiulia\/foto-targul-de-fete-de-pe-muntele-gaina-ceremonii-solemne-la-crucea-iancului-concerte-de-muzica-populara-si-targul-mesterilor-populari-organizate-la-cea-mai-mare-sarbatoare-populara-din-romania\/#breadcrumb"},"inLanguage":"ro-RO","potentialAction":[{"@type":"ReadAction","target":["https:\/\/urbeamea.ro\/albaiulia\/foto-targul-de-fete-de-pe-muntele-gaina-ceremonii-solemne-la-crucea-iancului-concerte-de-muzica-populara-si-targul-mesterilor-populari-organizate-la-cea-mai-mare-sarbatoare-populara-din-romania\/"]}]},{"@type":"ImageObject","inLanguage":"ro-RO","@id":"https:\/\/urbeamea.ro\/albaiulia\/foto-targul-de-fete-de-pe-muntele-gaina-ceremonii-solemne-la-crucea-iancului-concerte-de-muzica-populara-si-targul-mesterilor-populari-organizate-la-cea-mai-mare-sarbatoare-populara-din-romania\/#primaryimage","url":"https:\/\/urbeamea.ro\/albaiulia\/wp-content\/uploads\/2017\/07\/DSC_0303.jpg","contentUrl":"https:\/\/urbeamea.ro\/albaiulia\/wp-content\/uploads\/2017\/07\/DSC_0303.jpg","width":640,"height":428},{"@type":"BreadcrumbList","@id":"https:\/\/urbeamea.ro\/albaiulia\/foto-targul-de-fete-de-pe-muntele-gaina-ceremonii-solemne-la-crucea-iancului-concerte-de-muzica-populara-si-targul-mesterilor-populari-organizate-la-cea-mai-mare-sarbatoare-populara-din-romania\/#breadcrumb","itemListElement":[{"@type":"ListItem","position":1,"name":"Prima pagin\u0103","item":"https:\/\/urbeamea.ro\/albaiulia\/"},{"@type":"ListItem","position":2,"name":"FOTO: T\u00e2rgul de Fete de pe Muntele G\u0103ina. Ceremonii solemne la Crucea Iancului, concerte de muzic\u0103 popular\u0103 \u015fi t\u00e2rgul me\u015fterilor populari, organizate la cea mai mare s\u0103rb\u0103toare popular\u0103 din Rom\u00e2nia"}]},{"@type":"WebSite","@id":"https:\/\/urbeamea.ro\/albaiulia\/#website","url":"https:\/\/urbeamea.ro\/albaiulia\/","name":"Revista Urbea Mea, Stiri urbane","description":"Evenimente \u0219i \u0219tiri din Alba Iulia, Sebe\u0219, Aiud, Blaj","potentialAction":[{"@type":"SearchAction","target":{"@type":"EntryPoint","urlTemplate":"https:\/\/urbeamea.ro\/albaiulia\/?s={search_term_string}"},"query-input":{"@type":"PropertyValueSpecification","valueRequired":true,"valueName":"search_term_string"}}],"inLanguage":"ro-RO"},{"@type":"Person","@id":"https:\/\/urbeamea.ro\/albaiulia\/#\/schema\/person\/9700d21fae21c4f038b0b56f4506264a","name":"Cristina Ganga","image":{"@type":"ImageObject","inLanguage":"ro-RO","@id":"https:\/\/secure.gravatar.com\/avatar\/5a67661041f057b4a8ccaf26f5a8e86e2689372006d01faf3dd9eeb10b654bb4?s=96&d=mm&r=g","url":"https:\/\/secure.gravatar.com\/avatar\/5a67661041f057b4a8ccaf26f5a8e86e2689372006d01faf3dd9eeb10b654bb4?s=96&d=mm&r=g","contentUrl":"https:\/\/secure.gravatar.com\/avatar\/5a67661041f057b4a8ccaf26f5a8e86e2689372006d01faf3dd9eeb10b654bb4?s=96&d=mm&r=g","caption":"Cristina Ganga"},"description":"Jurnalist","sameAs":["https:\/\/www.facebook.com\/cristina.nicola.587"],"url":"https:\/\/urbeamea.ro\/albaiulia\/author\/cristina-nicola\/"}]}},"_links":{"self":[{"href":"https:\/\/urbeamea.ro\/albaiulia\/wp-json\/wp\/v2\/posts\/49868","targetHints":{"allow":["GET"]}}],"collection":[{"href":"https:\/\/urbeamea.ro\/albaiulia\/wp-json\/wp\/v2\/posts"}],"about":[{"href":"https:\/\/urbeamea.ro\/albaiulia\/wp-json\/wp\/v2\/types\/post"}],"author":[{"embeddable":true,"href":"https:\/\/urbeamea.ro\/albaiulia\/wp-json\/wp\/v2\/users\/17"}],"replies":[{"embeddable":true,"href":"https:\/\/urbeamea.ro\/albaiulia\/wp-json\/wp\/v2\/comments?post=49868"}],"version-history":[{"count":0,"href":"https:\/\/urbeamea.ro\/albaiulia\/wp-json\/wp\/v2\/posts\/49868\/revisions"}],"wp:featuredmedia":[{"embeddable":true,"href":"https:\/\/urbeamea.ro\/albaiulia\/wp-json\/wp\/v2\/media\/49869"}],"wp:attachment":[{"href":"https:\/\/urbeamea.ro\/albaiulia\/wp-json\/wp\/v2\/media?parent=49868"}],"wp:term":[{"taxonomy":"category","embeddable":true,"href":"https:\/\/urbeamea.ro\/albaiulia\/wp-json\/wp\/v2\/categories?post=49868"},{"taxonomy":"post_tag","embeddable":true,"href":"https:\/\/urbeamea.ro\/albaiulia\/wp-json\/wp\/v2\/tags?post=49868"}],"curies":[{"name":"wp","href":"https:\/\/api.w.org\/{rel}","templated":true}]}}