{"id":49899,"date":"2017-07-25T08:00:06","date_gmt":"2017-07-25T05:00:06","guid":{"rendered":"https:\/\/urbeamea.ro\/albaiulia\/?p=49899"},"modified":"2017-07-24T23:51:30","modified_gmt":"2017-07-24T20:51:30","slug":"foto-targul-de-fete-si-a-regasit-valoarea-autentica-si-traditionala-prin-promovarea-mestesugurilor-folclorului-si-traditiilor-autentice","status":"publish","type":"post","link":"https:\/\/urbeamea.ro\/albaiulia\/foto-targul-de-fete-si-a-regasit-valoarea-autentica-si-traditionala-prin-promovarea-mestesugurilor-folclorului-si-traditiilor-autentice\/","title":{"rendered":"FOTO: T\u00e2rgul de Fete \u015fi-a reg\u0103sit valoarea autentic\u0103 \u015fi tradi\u0163ional\u0103 prin promovarea me\u015fte\u015fugurilor, folclorului \u015fi tradi\u0163iilor autentice"},"content":{"rendered":"<p><strong>T\u00e2rgul de Fete de pe Muntele G\u0103ina a dovedit \u015fi \u00een acest an c\u0103 este cea mai important\u0103 \u00a0s\u0103rb\u0103toare popular\u0103 din Rom\u00e2nia \u015fi totodat\u0103 o dovad\u0103 vie c\u0103 tradi\u0163iile rom\u00e2ne\u015fti autentice pot fi p\u0103strate \u015fi promovate. Tineri \u015fi v\u00e2rstnici veni\u0163i din Transilvania dar \u015fi din alte col\u0163uri ale \u0163\u0103rii s-au bucurat \u00eempreun\u0103 \u015fi au \u201egustat\u201d ingredientele s\u0103rb\u0103torii din acest an: folclorul \u015fi portul rom\u00e2nesc autentice, muzica de calitate \u015fi petrecerile \u00een aer liber. <\/strong><\/p>\n<p><strong>La finalul unei edi\u0163ii cu adev\u0103rat reu\u015fite putem dezv\u0103lui c\u0103 \u00een acest an t\u00e2rgul a \u00eensemnat o provocare pentru organizatori din cauza bugetului mult mai mic comparativ cu anii trecu\u0163i, \u00eens\u0103 totul a fost suplinit de colaborarea exemplar\u0103 \u00eentre numeroase institu\u0163ii publice \u015fi de cultur\u0103 din cinci jude\u0163e: Alba, Arad, Bihor, Cluj \u015fi Hunedoara.<\/strong><\/p>\n<p>T\u00e2rgul de Fete \u015fi-a reg\u0103sit totodat\u0103 \u00eencep\u00e2nd din acest an valoarea autentic\u0103 \u015fi tradi\u0163ional\u0103 prin eforturile pe care le-au f\u0103cut organizatorii pentru a elimina kitsch-ul care acapareaz\u0103 uneori s\u0103rb\u0103torile populare rom\u00e2ne\u015fti. Astfel \u00een zona delimitat\u0103 pentru organizarea t\u00e2rgului au fost pu\u015fi \u00een valoare me\u015fterii populari cu obiecte realizate doar \u00een mod tradi\u0163ional, f\u0103r\u0103 ca ace\u015ftia s\u0103 se amestece cu comercian\u0163ii obi\u015fnui\u0163i sau cu cei din zona alimenta\u0163iei publice.<\/p>\n<p>\u00cen final, dup\u0103 dou\u0103 zile de tradi\u0163ii, folclor \u015fi obiceiuri tradi\u0163ionale rom\u00e2ne\u015fti, T\u00e2rgul de Fete a demonstrat c\u0103 este cel mai puternic brand tradi\u0163ional rom\u00e2nesc, o s\u0103rb\u0103toare care a intrat \u00een spiritul locuitorilor din Apuseni dar \u015fi \u00een spiritul rom\u00e2nilor.<\/p>\n<p><em>\u00a0\u201eT\u00e2rgul de Fete este pe drept cuv\u00e2nt unul dintre cele mai importante branduri culturale ale Rom\u00e2niei \u015fi r\u0103m\u00e2ne o dovad\u0103 vie c\u0103 putem p\u0103stra \u015fi promova \u00eentr-o form\u0103 autentic\u0103 tradi\u0163iile, folclorul, portul popular, me\u015fte\u015fugurile \u015fi obiceiurile. Autenticul \u015fi tradi\u0163ionalul au fost reperele pe care ne-am ghidat \u00een organizarea edi\u0163iei din acest an a s\u0103rb\u0103torii \u015fi putem spune c\u0103 am eliminat kitsch-ul \u015fi tot ceea ce altera valoarea T\u00e2rgului de Fete. Pentru reu\u015fita celor dou\u0103 zile de s\u0103rb\u0103toare autentic\u0103 vreau s\u0103 mul\u0163umesc tuturor celor care au fost implica\u0163i \u00een organizare, institu\u0163iilor din jude\u0163ele Alba, Arad, Bihor, Cluj \u015fi Hunedoara care ni s-au al\u0103turat \u015fi mai ales oamenilor minuna\u0163i care au venit din toate col\u0163urile \u0163\u0103rii \u00een Avram Iancu \u015fi pe Muntele G\u0103ina pentru a cinsti valorile neamului nostru rom\u00e2nesc. \u00cen \u201eculise\u201d T\u00e2rgul de fete a \u00eensemnat o colaborare exemplar\u0103 \u00eentre numeroase institu\u0163ii c\u0103rora vreau s\u0103 le mul\u0163umesc c\u0103 au \u00een\u0163eles c\u00e2t de important este acest eveniment pentru \u0162ara Mo\u0163ilor \u015fi pentru Rom\u00e2nia\u201d<\/em>,\u00a0 a spus Alexandru Pal, managerul Centrului de Cultur\u0103 Augustin Bena Alba.<\/p>\n<p>T\u00e2rgul de Fete s-a desf\u0103\u015furat, \u00een perioada 22 \u2013 23 iulie, \u00een comuna Avram Iancu \u015fi pe platoul de pe Muntele G\u0103ina. Spectacole folclorice cu nume mari ale muzicii populare rom\u00e2ne\u015fti, concerte de muzic\u0103 folk \u015fi muzic\u0103 u\u015foar\u0103, focuri de artificii \u015fi petreceri \u00een aer liber au fost doar c\u00e2teva dintre ingredientele edi\u0163iei din acest an. T\u00e2rgul de Fete de pe Muntele G\u0103ina a fost organizat de Consiliul Jude\u0163ean Alba, Centrul de Cultur\u0103 \u201eAugustin Bena\u201d Alba, Prim\u0103ria comunei Avram Iancu, \u00een parteneriat cu consiliile jude\u0163ene din Arad, Bihor, Cluj \u015fi Hunedoara.<\/p>\n<p>T\u00e2rgul de Fete este marc\u0103 \u00eenregistrat\u0103 a Consiliului Jude\u0163ean Alba \u015fi se organizeaz\u0103, \u00een fiecare an, din vremuri str\u0103vechi, \u00een cea mai apropiat\u0103 duminic\u0103 de 20 iulie, ziua Sf\u00e2ntului Ilie. Aceast\u0103 manifestare etno-cultural\u0103 a fost men\u0163ionat\u0103 prima dat\u0103 \u00een documente \u00een 1816. T\u00e2rgul de Fete de pe Muntele G\u0103ina este organizat de Consiliul Jude\u0163ean Alba, Centrul de Cultur\u0103 \u201eAugustin Bena\u201d Alba \u015fi Prim\u0103ria comunei Avram Iancu.<\/p>\n<div id='gallery-1' class='gallery galleryid-49899 gallery-columns-3 gallery-size-thumbnail'><figure class='gallery-item'>\n\t\t\t<div class='gallery-icon landscape'>\n\t\t\t\t<a href='https:\/\/urbeamea.ro\/albaiulia\/wp-content\/uploads\/2017\/07\/IMG_9510-Copy.jpg'><img decoding=\"async\" width=\"150\" height=\"100\" src=\"data:image\/png;base64,iVBORw0KGgoAAAANSUhEUgAAAYYAAADcAQMAAABOLJSDAAAAA1BMVEUAAACnej3aAAAAAXRSTlMAQObYZgAAACJJREFUaIHtwTEBAAAAwqD1T20ND6AAAAAAAAAAAAAA4N8AKvgAAUFIrrEAAAAASUVORK5CYII=\" class=\"attachment-thumbnail size-thumbnail lazy-img\" alt=\"\" srcset=\"https:\/\/urbeamea.ro\/albaiulia\/wp-content\/uploads\/2017\/07\/IMG_9510-Copy-150x100.jpg 150w, https:\/\/urbeamea.ro\/albaiulia\/wp-content\/uploads\/2017\/07\/IMG_9510-Copy-640x427.jpg 640w, https:\/\/urbeamea.ro\/albaiulia\/wp-content\/uploads\/2017\/07\/IMG_9510-Copy-768x512.jpg 768w, https:\/\/urbeamea.ro\/albaiulia\/wp-content\/uploads\/2017\/07\/IMG_9510-Copy.jpg 1200w\" sizes=\"auto, (max-width: 150px) 100vw, 150px\" data-src=\"https:\/\/urbeamea.ro\/albaiulia\/wp-content\/uploads\/2017\/07\/IMG_9510-Copy-150x100.jpg\" loading=\"lazy\" \/><\/a>\n\t\t\t<\/div><\/figure><figure class='gallery-item'>\n\t\t\t<div class='gallery-icon landscape'>\n\t\t\t\t<a href='https:\/\/urbeamea.ro\/albaiulia\/wp-content\/uploads\/2017\/07\/IMG_9542-Copy.jpg'><img decoding=\"async\" width=\"150\" height=\"100\" src=\"data:image\/png;base64,iVBORw0KGgoAAAANSUhEUgAAAYYAAADcAQMAAABOLJSDAAAAA1BMVEUAAACnej3aAAAAAXRSTlMAQObYZgAAACJJREFUaIHtwTEBAAAAwqD1T20ND6AAAAAAAAAAAAAA4N8AKvgAAUFIrrEAAAAASUVORK5CYII=\" class=\"attachment-thumbnail size-thumbnail lazy-img\" alt=\"\" srcset=\"https:\/\/urbeamea.ro\/albaiulia\/wp-content\/uploads\/2017\/07\/IMG_9542-Copy-150x100.jpg 150w, https:\/\/urbeamea.ro\/albaiulia\/wp-content\/uploads\/2017\/07\/IMG_9542-Copy-640x427.jpg 640w, https:\/\/urbeamea.ro\/albaiulia\/wp-content\/uploads\/2017\/07\/IMG_9542-Copy-768x512.jpg 768w, https:\/\/urbeamea.ro\/albaiulia\/wp-content\/uploads\/2017\/07\/IMG_9542-Copy.jpg 1200w\" sizes=\"auto, (max-width: 150px) 100vw, 150px\" data-src=\"https:\/\/urbeamea.ro\/albaiulia\/wp-content\/uploads\/2017\/07\/IMG_9542-Copy-150x100.jpg\" loading=\"lazy\" \/><\/a>\n\t\t\t<\/div><\/figure><figure class='gallery-item'>\n\t\t\t<div class='gallery-icon landscape'>\n\t\t\t\t<a href='https:\/\/urbeamea.ro\/albaiulia\/wp-content\/uploads\/2017\/07\/IMG_9546-Copy.jpg'><img decoding=\"async\" width=\"150\" height=\"100\" src=\"data:image\/png;base64,iVBORw0KGgoAAAANSUhEUgAAAYYAAADcAQMAAABOLJSDAAAAA1BMVEUAAACnej3aAAAAAXRSTlMAQObYZgAAACJJREFUaIHtwTEBAAAAwqD1T20ND6AAAAAAAAAAAAAA4N8AKvgAAUFIrrEAAAAASUVORK5CYII=\" class=\"attachment-thumbnail size-thumbnail lazy-img\" alt=\"\" srcset=\"https:\/\/urbeamea.ro\/albaiulia\/wp-content\/uploads\/2017\/07\/IMG_9546-Copy-150x100.jpg 150w, https:\/\/urbeamea.ro\/albaiulia\/wp-content\/uploads\/2017\/07\/IMG_9546-Copy-640x427.jpg 640w, https:\/\/urbeamea.ro\/albaiulia\/wp-content\/uploads\/2017\/07\/IMG_9546-Copy-768x512.jpg 768w, https:\/\/urbeamea.ro\/albaiulia\/wp-content\/uploads\/2017\/07\/IMG_9546-Copy.jpg 1200w\" sizes=\"auto, (max-width: 150px) 100vw, 150px\" data-src=\"https:\/\/urbeamea.ro\/albaiulia\/wp-content\/uploads\/2017\/07\/IMG_9546-Copy-150x100.jpg\" loading=\"lazy\" \/><\/a>\n\t\t\t<\/div><\/figure><figure class='gallery-item'>\n\t\t\t<div class='gallery-icon landscape'>\n\t\t\t\t<a href='https:\/\/urbeamea.ro\/albaiulia\/wp-content\/uploads\/2017\/07\/IMG_9549-Copy.jpg'><img decoding=\"async\" width=\"150\" height=\"100\" src=\"data:image\/png;base64,iVBORw0KGgoAAAANSUhEUgAAAYYAAADcAQMAAABOLJSDAAAAA1BMVEUAAACnej3aAAAAAXRSTlMAQObYZgAAACJJREFUaIHtwTEBAAAAwqD1T20ND6AAAAAAAAAAAAAA4N8AKvgAAUFIrrEAAAAASUVORK5CYII=\" class=\"attachment-thumbnail size-thumbnail lazy-img\" alt=\"\" srcset=\"https:\/\/urbeamea.ro\/albaiulia\/wp-content\/uploads\/2017\/07\/IMG_9549-Copy-150x100.jpg 150w, https:\/\/urbeamea.ro\/albaiulia\/wp-content\/uploads\/2017\/07\/IMG_9549-Copy-640x427.jpg 640w, https:\/\/urbeamea.ro\/albaiulia\/wp-content\/uploads\/2017\/07\/IMG_9549-Copy-768x512.jpg 768w, https:\/\/urbeamea.ro\/albaiulia\/wp-content\/uploads\/2017\/07\/IMG_9549-Copy.jpg 1200w\" sizes=\"auto, (max-width: 150px) 100vw, 150px\" data-src=\"https:\/\/urbeamea.ro\/albaiulia\/wp-content\/uploads\/2017\/07\/IMG_9549-Copy-150x100.jpg\" loading=\"lazy\" \/><\/a>\n\t\t\t<\/div><\/figure><figure class='gallery-item'>\n\t\t\t<div class='gallery-icon landscape'>\n\t\t\t\t<a href='https:\/\/urbeamea.ro\/albaiulia\/wp-content\/uploads\/2017\/07\/IMG_9552-Copy.jpg'><img decoding=\"async\" width=\"150\" height=\"100\" src=\"data:image\/png;base64,iVBORw0KGgoAAAANSUhEUgAAAYYAAADcAQMAAABOLJSDAAAAA1BMVEUAAACnej3aAAAAAXRSTlMAQObYZgAAACJJREFUaIHtwTEBAAAAwqD1T20ND6AAAAAAAAAAAAAA4N8AKvgAAUFIrrEAAAAASUVORK5CYII=\" class=\"attachment-thumbnail size-thumbnail lazy-img\" alt=\"\" srcset=\"https:\/\/urbeamea.ro\/albaiulia\/wp-content\/uploads\/2017\/07\/IMG_9552-Copy-150x100.jpg 150w, https:\/\/urbeamea.ro\/albaiulia\/wp-content\/uploads\/2017\/07\/IMG_9552-Copy-640x427.jpg 640w, https:\/\/urbeamea.ro\/albaiulia\/wp-content\/uploads\/2017\/07\/IMG_9552-Copy-768x512.jpg 768w, https:\/\/urbeamea.ro\/albaiulia\/wp-content\/uploads\/2017\/07\/IMG_9552-Copy.jpg 1200w\" sizes=\"auto, (max-width: 150px) 100vw, 150px\" data-src=\"https:\/\/urbeamea.ro\/albaiulia\/wp-content\/uploads\/2017\/07\/IMG_9552-Copy-150x100.jpg\" loading=\"lazy\" \/><\/a>\n\t\t\t<\/div><\/figure><figure class='gallery-item'>\n\t\t\t<div class='gallery-icon landscape'>\n\t\t\t\t<a href='https:\/\/urbeamea.ro\/albaiulia\/wp-content\/uploads\/2017\/07\/IMG_9567-Copy.jpg'><img decoding=\"async\" width=\"150\" height=\"100\" src=\"data:image\/png;base64,iVBORw0KGgoAAAANSUhEUgAAAYYAAADcAQMAAABOLJSDAAAAA1BMVEUAAACnej3aAAAAAXRSTlMAQObYZgAAACJJREFUaIHtwTEBAAAAwqD1T20ND6AAAAAAAAAAAAAA4N8AKvgAAUFIrrEAAAAASUVORK5CYII=\" class=\"attachment-thumbnail size-thumbnail lazy-img\" alt=\"\" srcset=\"https:\/\/urbeamea.ro\/albaiulia\/wp-content\/uploads\/2017\/07\/IMG_9567-Copy-150x100.jpg 150w, https:\/\/urbeamea.ro\/albaiulia\/wp-content\/uploads\/2017\/07\/IMG_9567-Copy-640x427.jpg 640w, https:\/\/urbeamea.ro\/albaiulia\/wp-content\/uploads\/2017\/07\/IMG_9567-Copy-768x512.jpg 768w, https:\/\/urbeamea.ro\/albaiulia\/wp-content\/uploads\/2017\/07\/IMG_9567-Copy.jpg 1200w\" sizes=\"auto, (max-width: 150px) 100vw, 150px\" data-src=\"https:\/\/urbeamea.ro\/albaiulia\/wp-content\/uploads\/2017\/07\/IMG_9567-Copy-150x100.jpg\" loading=\"lazy\" \/><\/a>\n\t\t\t<\/div><\/figure><figure class='gallery-item'>\n\t\t\t<div class='gallery-icon landscape'>\n\t\t\t\t<a href='https:\/\/urbeamea.ro\/albaiulia\/wp-content\/uploads\/2017\/07\/IMG_9593-Copy.jpg'><img decoding=\"async\" width=\"150\" height=\"100\" src=\"data:image\/png;base64,iVBORw0KGgoAAAANSUhEUgAAAYYAAADcAQMAAABOLJSDAAAAA1BMVEUAAACnej3aAAAAAXRSTlMAQObYZgAAACJJREFUaIHtwTEBAAAAwqD1T20ND6AAAAAAAAAAAAAA4N8AKvgAAUFIrrEAAAAASUVORK5CYII=\" class=\"attachment-thumbnail size-thumbnail lazy-img\" alt=\"\" srcset=\"https:\/\/urbeamea.ro\/albaiulia\/wp-content\/uploads\/2017\/07\/IMG_9593-Copy-150x100.jpg 150w, https:\/\/urbeamea.ro\/albaiulia\/wp-content\/uploads\/2017\/07\/IMG_9593-Copy-640x427.jpg 640w, https:\/\/urbeamea.ro\/albaiulia\/wp-content\/uploads\/2017\/07\/IMG_9593-Copy-768x512.jpg 768w, https:\/\/urbeamea.ro\/albaiulia\/wp-content\/uploads\/2017\/07\/IMG_9593-Copy.jpg 1200w\" sizes=\"auto, (max-width: 150px) 100vw, 150px\" data-src=\"https:\/\/urbeamea.ro\/albaiulia\/wp-content\/uploads\/2017\/07\/IMG_9593-Copy-150x100.jpg\" loading=\"lazy\" \/><\/a>\n\t\t\t<\/div><\/figure><figure class='gallery-item'>\n\t\t\t<div class='gallery-icon landscape'>\n\t\t\t\t<a href='https:\/\/urbeamea.ro\/albaiulia\/wp-content\/uploads\/2017\/07\/IMG_9618-Copy.jpg'><img decoding=\"async\" width=\"150\" height=\"100\" src=\"data:image\/png;base64,iVBORw0KGgoAAAANSUhEUgAAAYYAAADcAQMAAABOLJSDAAAAA1BMVEUAAACnej3aAAAAAXRSTlMAQObYZgAAACJJREFUaIHtwTEBAAAAwqD1T20ND6AAAAAAAAAAAAAA4N8AKvgAAUFIrrEAAAAASUVORK5CYII=\" class=\"attachment-thumbnail size-thumbnail lazy-img\" alt=\"\" srcset=\"https:\/\/urbeamea.ro\/albaiulia\/wp-content\/uploads\/2017\/07\/IMG_9618-Copy-150x100.jpg 150w, https:\/\/urbeamea.ro\/albaiulia\/wp-content\/uploads\/2017\/07\/IMG_9618-Copy-640x427.jpg 640w, https:\/\/urbeamea.ro\/albaiulia\/wp-content\/uploads\/2017\/07\/IMG_9618-Copy-768x512.jpg 768w, https:\/\/urbeamea.ro\/albaiulia\/wp-content\/uploads\/2017\/07\/IMG_9618-Copy.jpg 1200w\" sizes=\"auto, (max-width: 150px) 100vw, 150px\" data-src=\"https:\/\/urbeamea.ro\/albaiulia\/wp-content\/uploads\/2017\/07\/IMG_9618-Copy-150x100.jpg\" loading=\"lazy\" \/><\/a>\n\t\t\t<\/div><\/figure><figure class='gallery-item'>\n\t\t\t<div class='gallery-icon landscape'>\n\t\t\t\t<a href='https:\/\/urbeamea.ro\/albaiulia\/wp-content\/uploads\/2017\/07\/IMG_9655-Copy.jpg'><img decoding=\"async\" width=\"150\" height=\"100\" src=\"data:image\/png;base64,iVBORw0KGgoAAAANSUhEUgAAAYYAAADcAQMAAABOLJSDAAAAA1BMVEUAAACnej3aAAAAAXRSTlMAQObYZgAAACJJREFUaIHtwTEBAAAAwqD1T20ND6AAAAAAAAAAAAAA4N8AKvgAAUFIrrEAAAAASUVORK5CYII=\" class=\"attachment-thumbnail size-thumbnail lazy-img\" alt=\"\" srcset=\"https:\/\/urbeamea.ro\/albaiulia\/wp-content\/uploads\/2017\/07\/IMG_9655-Copy-150x100.jpg 150w, https:\/\/urbeamea.ro\/albaiulia\/wp-content\/uploads\/2017\/07\/IMG_9655-Copy-640x427.jpg 640w, https:\/\/urbeamea.ro\/albaiulia\/wp-content\/uploads\/2017\/07\/IMG_9655-Copy-768x512.jpg 768w, https:\/\/urbeamea.ro\/albaiulia\/wp-content\/uploads\/2017\/07\/IMG_9655-Copy.jpg 1200w\" sizes=\"auto, (max-width: 150px) 100vw, 150px\" data-src=\"https:\/\/urbeamea.ro\/albaiulia\/wp-content\/uploads\/2017\/07\/IMG_9655-Copy-150x100.jpg\" loading=\"lazy\" \/><\/a>\n\t\t\t<\/div><\/figure><figure class='gallery-item'>\n\t\t\t<div class='gallery-icon landscape'>\n\t\t\t\t<a href='https:\/\/urbeamea.ro\/albaiulia\/wp-content\/uploads\/2017\/07\/IMG_9664-Copy.jpg'><img decoding=\"async\" width=\"150\" height=\"100\" src=\"data:image\/png;base64,iVBORw0KGgoAAAANSUhEUgAAAYYAAADcAQMAAABOLJSDAAAAA1BMVEUAAACnej3aAAAAAXRSTlMAQObYZgAAACJJREFUaIHtwTEBAAAAwqD1T20ND6AAAAAAAAAAAAAA4N8AKvgAAUFIrrEAAAAASUVORK5CYII=\" class=\"attachment-thumbnail size-thumbnail lazy-img\" alt=\"\" srcset=\"https:\/\/urbeamea.ro\/albaiulia\/wp-content\/uploads\/2017\/07\/IMG_9664-Copy-150x100.jpg 150w, https:\/\/urbeamea.ro\/albaiulia\/wp-content\/uploads\/2017\/07\/IMG_9664-Copy-640x427.jpg 640w, https:\/\/urbeamea.ro\/albaiulia\/wp-content\/uploads\/2017\/07\/IMG_9664-Copy-768x512.jpg 768w, https:\/\/urbeamea.ro\/albaiulia\/wp-content\/uploads\/2017\/07\/IMG_9664-Copy.jpg 1200w\" sizes=\"auto, (max-width: 150px) 100vw, 150px\" data-src=\"https:\/\/urbeamea.ro\/albaiulia\/wp-content\/uploads\/2017\/07\/IMG_9664-Copy-150x100.jpg\" loading=\"lazy\" \/><\/a>\n\t\t\t<\/div><\/figure><figure class='gallery-item'>\n\t\t\t<div class='gallery-icon landscape'>\n\t\t\t\t<a href='https:\/\/urbeamea.ro\/albaiulia\/wp-content\/uploads\/2017\/07\/IMG_9683-Copy.jpg'><img decoding=\"async\" width=\"150\" height=\"100\" src=\"data:image\/png;base64,iVBORw0KGgoAAAANSUhEUgAAAYYAAADcAQMAAABOLJSDAAAAA1BMVEUAAACnej3aAAAAAXRSTlMAQObYZgAAACJJREFUaIHtwTEBAAAAwqD1T20ND6AAAAAAAAAAAAAA4N8AKvgAAUFIrrEAAAAASUVORK5CYII=\" class=\"attachment-thumbnail size-thumbnail lazy-img\" alt=\"\" srcset=\"https:\/\/urbeamea.ro\/albaiulia\/wp-content\/uploads\/2017\/07\/IMG_9683-Copy-150x100.jpg 150w, https:\/\/urbeamea.ro\/albaiulia\/wp-content\/uploads\/2017\/07\/IMG_9683-Copy-640x427.jpg 640w, https:\/\/urbeamea.ro\/albaiulia\/wp-content\/uploads\/2017\/07\/IMG_9683-Copy-768x512.jpg 768w, https:\/\/urbeamea.ro\/albaiulia\/wp-content\/uploads\/2017\/07\/IMG_9683-Copy.jpg 1200w\" sizes=\"auto, (max-width: 150px) 100vw, 150px\" data-src=\"https:\/\/urbeamea.ro\/albaiulia\/wp-content\/uploads\/2017\/07\/IMG_9683-Copy-150x100.jpg\" loading=\"lazy\" \/><\/a>\n\t\t\t<\/div><\/figure><figure class='gallery-item'>\n\t\t\t<div class='gallery-icon landscape'>\n\t\t\t\t<a href='https:\/\/urbeamea.ro\/albaiulia\/wp-content\/uploads\/2017\/07\/IMG_9705-Copy.jpg'><img decoding=\"async\" width=\"150\" height=\"100\" src=\"data:image\/png;base64,iVBORw0KGgoAAAANSUhEUgAAAYYAAADcAQMAAABOLJSDAAAAA1BMVEUAAACnej3aAAAAAXRSTlMAQObYZgAAACJJREFUaIHtwTEBAAAAwqD1T20ND6AAAAAAAAAAAAAA4N8AKvgAAUFIrrEAAAAASUVORK5CYII=\" class=\"attachment-thumbnail size-thumbnail lazy-img\" alt=\"\" srcset=\"https:\/\/urbeamea.ro\/albaiulia\/wp-content\/uploads\/2017\/07\/IMG_9705-Copy-150x100.jpg 150w, https:\/\/urbeamea.ro\/albaiulia\/wp-content\/uploads\/2017\/07\/IMG_9705-Copy-640x427.jpg 640w, https:\/\/urbeamea.ro\/albaiulia\/wp-content\/uploads\/2017\/07\/IMG_9705-Copy-768x512.jpg 768w, https:\/\/urbeamea.ro\/albaiulia\/wp-content\/uploads\/2017\/07\/IMG_9705-Copy.jpg 1200w\" sizes=\"auto, (max-width: 150px) 100vw, 150px\" data-src=\"https:\/\/urbeamea.ro\/albaiulia\/wp-content\/uploads\/2017\/07\/IMG_9705-Copy-150x100.jpg\" loading=\"lazy\" \/><\/a>\n\t\t\t<\/div><\/figure><figure class='gallery-item'>\n\t\t\t<div class='gallery-icon landscape'>\n\t\t\t\t<a href='https:\/\/urbeamea.ro\/albaiulia\/wp-content\/uploads\/2017\/07\/IMG_9723-Copy.jpg'><img decoding=\"async\" width=\"150\" height=\"100\" src=\"data:image\/png;base64,iVBORw0KGgoAAAANSUhEUgAAAYYAAADcAQMAAABOLJSDAAAAA1BMVEUAAACnej3aAAAAAXRSTlMAQObYZgAAACJJREFUaIHtwTEBAAAAwqD1T20ND6AAAAAAAAAAAAAA4N8AKvgAAUFIrrEAAAAASUVORK5CYII=\" class=\"attachment-thumbnail size-thumbnail lazy-img\" alt=\"\" srcset=\"https:\/\/urbeamea.ro\/albaiulia\/wp-content\/uploads\/2017\/07\/IMG_9723-Copy-150x100.jpg 150w, https:\/\/urbeamea.ro\/albaiulia\/wp-content\/uploads\/2017\/07\/IMG_9723-Copy-640x427.jpg 640w, https:\/\/urbeamea.ro\/albaiulia\/wp-content\/uploads\/2017\/07\/IMG_9723-Copy-768x512.jpg 768w, https:\/\/urbeamea.ro\/albaiulia\/wp-content\/uploads\/2017\/07\/IMG_9723-Copy.jpg 1200w\" sizes=\"auto, (max-width: 150px) 100vw, 150px\" data-src=\"https:\/\/urbeamea.ro\/albaiulia\/wp-content\/uploads\/2017\/07\/IMG_9723-Copy-150x100.jpg\" loading=\"lazy\" \/><\/a>\n\t\t\t<\/div><\/figure><figure class='gallery-item'>\n\t\t\t<div class='gallery-icon landscape'>\n\t\t\t\t<a href='https:\/\/urbeamea.ro\/albaiulia\/wp-content\/uploads\/2017\/07\/IMG_9745-Copy.jpg'><img decoding=\"async\" width=\"150\" height=\"100\" src=\"data:image\/png;base64,iVBORw0KGgoAAAANSUhEUgAAAYYAAADcAQMAAABOLJSDAAAAA1BMVEUAAACnej3aAAAAAXRSTlMAQObYZgAAACJJREFUaIHtwTEBAAAAwqD1T20ND6AAAAAAAAAAAAAA4N8AKvgAAUFIrrEAAAAASUVORK5CYII=\" class=\"attachment-thumbnail size-thumbnail lazy-img\" alt=\"\" srcset=\"https:\/\/urbeamea.ro\/albaiulia\/wp-content\/uploads\/2017\/07\/IMG_9745-Copy-150x100.jpg 150w, https:\/\/urbeamea.ro\/albaiulia\/wp-content\/uploads\/2017\/07\/IMG_9745-Copy-640x427.jpg 640w, https:\/\/urbeamea.ro\/albaiulia\/wp-content\/uploads\/2017\/07\/IMG_9745-Copy-768x512.jpg 768w, https:\/\/urbeamea.ro\/albaiulia\/wp-content\/uploads\/2017\/07\/IMG_9745-Copy.jpg 1200w\" sizes=\"auto, (max-width: 150px) 100vw, 150px\" data-src=\"https:\/\/urbeamea.ro\/albaiulia\/wp-content\/uploads\/2017\/07\/IMG_9745-Copy-150x100.jpg\" loading=\"lazy\" \/><\/a>\n\t\t\t<\/div><\/figure><figure class='gallery-item'>\n\t\t\t<div class='gallery-icon landscape'>\n\t\t\t\t<a href='https:\/\/urbeamea.ro\/albaiulia\/wp-content\/uploads\/2017\/07\/IMG_9798-Copy.jpg'><img decoding=\"async\" width=\"150\" height=\"100\" src=\"data:image\/png;base64,iVBORw0KGgoAAAANSUhEUgAAAYYAAADcAQMAAABOLJSDAAAAA1BMVEUAAACnej3aAAAAAXRSTlMAQObYZgAAACJJREFUaIHtwTEBAAAAwqD1T20ND6AAAAAAAAAAAAAA4N8AKvgAAUFIrrEAAAAASUVORK5CYII=\" class=\"attachment-thumbnail size-thumbnail lazy-img\" alt=\"\" srcset=\"https:\/\/urbeamea.ro\/albaiulia\/wp-content\/uploads\/2017\/07\/IMG_9798-Copy-150x100.jpg 150w, https:\/\/urbeamea.ro\/albaiulia\/wp-content\/uploads\/2017\/07\/IMG_9798-Copy-640x427.jpg 640w, https:\/\/urbeamea.ro\/albaiulia\/wp-content\/uploads\/2017\/07\/IMG_9798-Copy-768x512.jpg 768w, https:\/\/urbeamea.ro\/albaiulia\/wp-content\/uploads\/2017\/07\/IMG_9798-Copy.jpg 1200w\" sizes=\"auto, (max-width: 150px) 100vw, 150px\" data-src=\"https:\/\/urbeamea.ro\/albaiulia\/wp-content\/uploads\/2017\/07\/IMG_9798-Copy-150x100.jpg\" loading=\"lazy\" \/><\/a>\n\t\t\t<\/div><\/figure><figure class='gallery-item'>\n\t\t\t<div class='gallery-icon landscape'>\n\t\t\t\t<a href='https:\/\/urbeamea.ro\/albaiulia\/wp-content\/uploads\/2017\/07\/IMG_9801-Copy.jpg'><img decoding=\"async\" width=\"150\" height=\"100\" src=\"data:image\/png;base64,iVBORw0KGgoAAAANSUhEUgAAAYYAAADcAQMAAABOLJSDAAAAA1BMVEUAAACnej3aAAAAAXRSTlMAQObYZgAAACJJREFUaIHtwTEBAAAAwqD1T20ND6AAAAAAAAAAAAAA4N8AKvgAAUFIrrEAAAAASUVORK5CYII=\" class=\"attachment-thumbnail size-thumbnail lazy-img\" alt=\"\" srcset=\"https:\/\/urbeamea.ro\/albaiulia\/wp-content\/uploads\/2017\/07\/IMG_9801-Copy-150x100.jpg 150w, https:\/\/urbeamea.ro\/albaiulia\/wp-content\/uploads\/2017\/07\/IMG_9801-Copy-640x427.jpg 640w, https:\/\/urbeamea.ro\/albaiulia\/wp-content\/uploads\/2017\/07\/IMG_9801-Copy-768x512.jpg 768w, https:\/\/urbeamea.ro\/albaiulia\/wp-content\/uploads\/2017\/07\/IMG_9801-Copy.jpg 1200w\" sizes=\"auto, (max-width: 150px) 100vw, 150px\" data-src=\"https:\/\/urbeamea.ro\/albaiulia\/wp-content\/uploads\/2017\/07\/IMG_9801-Copy-150x100.jpg\" loading=\"lazy\" \/><\/a>\n\t\t\t<\/div><\/figure><figure class='gallery-item'>\n\t\t\t<div class='gallery-icon landscape'>\n\t\t\t\t<a href='https:\/\/urbeamea.ro\/albaiulia\/wp-content\/uploads\/2017\/07\/IMG_9803-Copy.jpg'><img decoding=\"async\" width=\"150\" height=\"100\" src=\"data:image\/png;base64,iVBORw0KGgoAAAANSUhEUgAAAYYAAADcAQMAAABOLJSDAAAAA1BMVEUAAACnej3aAAAAAXRSTlMAQObYZgAAACJJREFUaIHtwTEBAAAAwqD1T20ND6AAAAAAAAAAAAAA4N8AKvgAAUFIrrEAAAAASUVORK5CYII=\" class=\"attachment-thumbnail size-thumbnail lazy-img\" alt=\"\" srcset=\"https:\/\/urbeamea.ro\/albaiulia\/wp-content\/uploads\/2017\/07\/IMG_9803-Copy-150x100.jpg 150w, https:\/\/urbeamea.ro\/albaiulia\/wp-content\/uploads\/2017\/07\/IMG_9803-Copy-640x427.jpg 640w, https:\/\/urbeamea.ro\/albaiulia\/wp-content\/uploads\/2017\/07\/IMG_9803-Copy-768x512.jpg 768w, https:\/\/urbeamea.ro\/albaiulia\/wp-content\/uploads\/2017\/07\/IMG_9803-Copy.jpg 1200w\" sizes=\"auto, (max-width: 150px) 100vw, 150px\" data-src=\"https:\/\/urbeamea.ro\/albaiulia\/wp-content\/uploads\/2017\/07\/IMG_9803-Copy-150x100.jpg\" loading=\"lazy\" \/><\/a>\n\t\t\t<\/div><\/figure><figure class='gallery-item'>\n\t\t\t<div class='gallery-icon landscape'>\n\t\t\t\t<a href='https:\/\/urbeamea.ro\/albaiulia\/wp-content\/uploads\/2017\/07\/IMG_9827-Copy.jpg'><img decoding=\"async\" width=\"150\" height=\"100\" src=\"data:image\/png;base64,iVBORw0KGgoAAAANSUhEUgAAAYYAAADcAQMAAABOLJSDAAAAA1BMVEUAAACnej3aAAAAAXRSTlMAQObYZgAAACJJREFUaIHtwTEBAAAAwqD1T20ND6AAAAAAAAAAAAAA4N8AKvgAAUFIrrEAAAAASUVORK5CYII=\" class=\"attachment-thumbnail size-thumbnail lazy-img\" alt=\"\" srcset=\"https:\/\/urbeamea.ro\/albaiulia\/wp-content\/uploads\/2017\/07\/IMG_9827-Copy-150x100.jpg 150w, https:\/\/urbeamea.ro\/albaiulia\/wp-content\/uploads\/2017\/07\/IMG_9827-Copy-640x427.jpg 640w, https:\/\/urbeamea.ro\/albaiulia\/wp-content\/uploads\/2017\/07\/IMG_9827-Copy-768x512.jpg 768w, https:\/\/urbeamea.ro\/albaiulia\/wp-content\/uploads\/2017\/07\/IMG_9827-Copy.jpg 1200w\" sizes=\"auto, (max-width: 150px) 100vw, 150px\" data-src=\"https:\/\/urbeamea.ro\/albaiulia\/wp-content\/uploads\/2017\/07\/IMG_9827-Copy-150x100.jpg\" loading=\"lazy\" \/><\/a>\n\t\t\t<\/div><\/figure>\n\t\t<\/div>\n\n","protected":false},"excerpt":{"rendered":"<p>T\u00e2rgul de Fete de pe Muntele G\u0103ina a dovedit \u015fi \u00een acest an c\u0103 este cea mai important\u0103 \u00a0s\u0103rb\u0103toare popular\u0103 din Rom\u00e2nia \u015fi totodat\u0103 o dovad\u0103 vie c\u0103 tradi\u0163iile rom\u00e2ne\u015fti autentice pot fi p\u0103strate \u015fi promovate. Tineri \u015fi v\u00e2rstnici veni\u0163i din Transilvania dar \u015fi din alte col\u0163uri ale \u0163\u0103rii s-au bucurat \u00eempreun\u0103 \u015fi au \u201egustat\u201d &hellip;<\/p>\n","protected":false},"author":17,"featured_media":49915,"comment_status":"open","ping_status":"open","sticky":false,"template":"","format":"standard","meta":{"inline_featured_image":false,"footnotes":""},"categories":[4],"tags":[307,1238,6591,6185,11865,308,6184,76],"class_list":["post-49899","post","type-post","status-publish","format-standard","has-post-thumbnail","hentry","category-eveniment","tag-alba","tag-concerte","tag-folclor","tag-muntele-gaina","tag-port-romanesc-autentic","tag-stiri","tag-targul-de-fete","tag-urbea-mea"],"yoast_head":"<!-- This site is optimized with the Yoast SEO plugin v28.3 - https:\/\/yoast.com\/product\/yoast-seo-wordpress\/ -->\n<title>FOTO: T\u00e2rgul de Fete \u015fi-a reg\u0103sit valoarea autentic\u0103 \u015fi tradi\u0163ional\u0103 prin promovarea me\u015fte\u015fugurilor, folclorului \u015fi tradi\u0163iilor autentice - Revista Urbea Mea - Revista de Alba<\/title>\n<meta name=\"description\" content=\"T\u00e2rgul de Fete de pe Muntele G\u0103ina a dovedit \u015fi \u00een acest an c\u0103 este cea mai important\u0103 \u00a0s\u0103rb\u0103toare popular\u0103 din Rom\u00e2nia \u015fi totodat\u0103 o dovad\u0103 vie c\u0103\" \/>\n<meta name=\"robots\" content=\"index, follow, max-snippet:-1, max-image-preview:large, max-video-preview:-1\" \/>\n<link rel=\"canonical\" href=\"https:\/\/urbeamea.ro\/albaiulia\/foto-targul-de-fete-si-a-regasit-valoarea-autentica-si-traditionala-prin-promovarea-mestesugurilor-folclorului-si-traditiilor-autentice\/\" \/>\n<meta name=\"twitter:card\" content=\"summary_large_image\" \/>\n<meta name=\"twitter:title\" content=\"FOTO: T\u00e2rgul de Fete \u015fi-a reg\u0103sit valoarea autentic\u0103 \u015fi tradi\u0163ional\u0103 prin promovarea me\u015fte\u015fugurilor, folclorului \u015fi tradi\u0163iilor autentice - Revista Urbea Mea - Revista de Alba\" \/>\n<meta name=\"twitter:description\" content=\"T\u00e2rgul de Fete de pe Muntele G\u0103ina a dovedit \u015fi \u00een acest an c\u0103 este cea mai important\u0103 \u00a0s\u0103rb\u0103toare popular\u0103 din Rom\u00e2nia \u015fi totodat\u0103 o dovad\u0103 vie c\u0103\" \/>\n<meta name=\"twitter:image\" content=\"https:\/\/urbeamea.ro\/albaiulia\/wp-content\/uploads\/2017\/07\/IMG_9801-Copy.jpg\" \/>\n<meta name=\"twitter:creator\" content=\"@urbeameaweb\" \/>\n<meta name=\"twitter:site\" content=\"@urbeameaweb\" \/>\n<script type=\"application\/ld+json\" class=\"yoast-schema-graph\">{\"@context\":\"https:\\\/\\\/schema.org\",\"@graph\":[{\"@type\":\"Article\",\"@id\":\"https:\\\/\\\/urbeamea.ro\\\/albaiulia\\\/foto-targul-de-fete-si-a-regasit-valoarea-autentica-si-traditionala-prin-promovarea-mestesugurilor-folclorului-si-traditiilor-autentice\\\/#article\",\"isPartOf\":{\"@id\":\"https:\\\/\\\/urbeamea.ro\\\/albaiulia\\\/foto-targul-de-fete-si-a-regasit-valoarea-autentica-si-traditionala-prin-promovarea-mestesugurilor-folclorului-si-traditiilor-autentice\\\/\"},\"author\":{\"name\":\"Cristina Ganga\",\"@id\":\"https:\\\/\\\/urbeamea.ro\\\/albaiulia\\\/#\\\/schema\\\/person\\\/9700d21fae21c4f038b0b56f4506264a\"},\"headline\":\"FOTO: T\u00e2rgul de Fete \u015fi-a reg\u0103sit valoarea autentic\u0103 \u015fi tradi\u0163ional\u0103 prin promovarea me\u015fte\u015fugurilor, folclorului \u015fi tradi\u0163iilor autentice\",\"datePublished\":\"2017-07-25T05:00:06+00:00\",\"mainEntityOfPage\":{\"@id\":\"https:\\\/\\\/urbeamea.ro\\\/albaiulia\\\/foto-targul-de-fete-si-a-regasit-valoarea-autentica-si-traditionala-prin-promovarea-mestesugurilor-folclorului-si-traditiilor-autentice\\\/\"},\"wordCount\":694,\"commentCount\":0,\"image\":{\"@id\":\"https:\\\/\\\/urbeamea.ro\\\/albaiulia\\\/foto-targul-de-fete-si-a-regasit-valoarea-autentica-si-traditionala-prin-promovarea-mestesugurilor-folclorului-si-traditiilor-autentice\\\/#primaryimage\"},\"thumbnailUrl\":\"https:\\\/\\\/urbeamea.ro\\\/albaiulia\\\/wp-content\\\/uploads\\\/2017\\\/07\\\/IMG_9801-Copy.jpg\",\"keywords\":[\"alba\",\"concerte\",\"folclor\",\"muntele gaina\",\"port romanesc autentic\",\"stiri\",\"targul de fete\",\"Urbea Mea\"],\"articleSection\":[\"Evenimente\"],\"inLanguage\":\"ro-RO\",\"potentialAction\":[{\"@type\":\"CommentAction\",\"name\":\"Comment\",\"target\":[\"https:\\\/\\\/urbeamea.ro\\\/albaiulia\\\/foto-targul-de-fete-si-a-regasit-valoarea-autentica-si-traditionala-prin-promovarea-mestesugurilor-folclorului-si-traditiilor-autentice\\\/#respond\"]}]},{\"@type\":\"WebPage\",\"@id\":\"https:\\\/\\\/urbeamea.ro\\\/albaiulia\\\/foto-targul-de-fete-si-a-regasit-valoarea-autentica-si-traditionala-prin-promovarea-mestesugurilor-folclorului-si-traditiilor-autentice\\\/\",\"url\":\"https:\\\/\\\/urbeamea.ro\\\/albaiulia\\\/foto-targul-de-fete-si-a-regasit-valoarea-autentica-si-traditionala-prin-promovarea-mestesugurilor-folclorului-si-traditiilor-autentice\\\/\",\"name\":\"FOTO: T\u00e2rgul de Fete \u015fi-a reg\u0103sit valoarea autentic\u0103 \u015fi tradi\u0163ional\u0103 prin promovarea me\u015fte\u015fugurilor, folclorului \u015fi tradi\u0163iilor autentice - Revista Urbea Mea - Revista de Alba\",\"isPartOf\":{\"@id\":\"https:\\\/\\\/urbeamea.ro\\\/albaiulia\\\/#website\"},\"primaryImageOfPage\":{\"@id\":\"https:\\\/\\\/urbeamea.ro\\\/albaiulia\\\/foto-targul-de-fete-si-a-regasit-valoarea-autentica-si-traditionala-prin-promovarea-mestesugurilor-folclorului-si-traditiilor-autentice\\\/#primaryimage\"},\"image\":{\"@id\":\"https:\\\/\\\/urbeamea.ro\\\/albaiulia\\\/foto-targul-de-fete-si-a-regasit-valoarea-autentica-si-traditionala-prin-promovarea-mestesugurilor-folclorului-si-traditiilor-autentice\\\/#primaryimage\"},\"thumbnailUrl\":\"https:\\\/\\\/urbeamea.ro\\\/albaiulia\\\/wp-content\\\/uploads\\\/2017\\\/07\\\/IMG_9801-Copy.jpg\",\"datePublished\":\"2017-07-25T05:00:06+00:00\",\"author\":{\"@id\":\"https:\\\/\\\/urbeamea.ro\\\/albaiulia\\\/#\\\/schema\\\/person\\\/9700d21fae21c4f038b0b56f4506264a\"},\"description\":\"T\u00e2rgul de Fete de pe Muntele G\u0103ina a dovedit \u015fi \u00een acest an c\u0103 este cea mai important\u0103 \u00a0s\u0103rb\u0103toare popular\u0103 din Rom\u00e2nia \u015fi totodat\u0103 o dovad\u0103 vie c\u0103\",\"breadcrumb\":{\"@id\":\"https:\\\/\\\/urbeamea.ro\\\/albaiulia\\\/foto-targul-de-fete-si-a-regasit-valoarea-autentica-si-traditionala-prin-promovarea-mestesugurilor-folclorului-si-traditiilor-autentice\\\/#breadcrumb\"},\"inLanguage\":\"ro-RO\",\"potentialAction\":[{\"@type\":\"ReadAction\",\"target\":[\"https:\\\/\\\/urbeamea.ro\\\/albaiulia\\\/foto-targul-de-fete-si-a-regasit-valoarea-autentica-si-traditionala-prin-promovarea-mestesugurilor-folclorului-si-traditiilor-autentice\\\/\"]}]},{\"@type\":\"ImageObject\",\"inLanguage\":\"ro-RO\",\"@id\":\"https:\\\/\\\/urbeamea.ro\\\/albaiulia\\\/foto-targul-de-fete-si-a-regasit-valoarea-autentica-si-traditionala-prin-promovarea-mestesugurilor-folclorului-si-traditiilor-autentice\\\/#primaryimage\",\"url\":\"https:\\\/\\\/urbeamea.ro\\\/albaiulia\\\/wp-content\\\/uploads\\\/2017\\\/07\\\/IMG_9801-Copy.jpg\",\"contentUrl\":\"https:\\\/\\\/urbeamea.ro\\\/albaiulia\\\/wp-content\\\/uploads\\\/2017\\\/07\\\/IMG_9801-Copy.jpg\",\"width\":1200,\"height\":800},{\"@type\":\"BreadcrumbList\",\"@id\":\"https:\\\/\\\/urbeamea.ro\\\/albaiulia\\\/foto-targul-de-fete-si-a-regasit-valoarea-autentica-si-traditionala-prin-promovarea-mestesugurilor-folclorului-si-traditiilor-autentice\\\/#breadcrumb\",\"itemListElement\":[{\"@type\":\"ListItem\",\"position\":1,\"name\":\"Prima pagin\u0103\",\"item\":\"https:\\\/\\\/urbeamea.ro\\\/albaiulia\\\/\"},{\"@type\":\"ListItem\",\"position\":2,\"name\":\"FOTO: T\u00e2rgul de Fete \u015fi-a reg\u0103sit valoarea autentic\u0103 \u015fi tradi\u0163ional\u0103 prin promovarea me\u015fte\u015fugurilor, folclorului \u015fi tradi\u0163iilor autentice\"}]},{\"@type\":\"WebSite\",\"@id\":\"https:\\\/\\\/urbeamea.ro\\\/albaiulia\\\/#website\",\"url\":\"https:\\\/\\\/urbeamea.ro\\\/albaiulia\\\/\",\"name\":\"Revista Urbea Mea, Stiri urbane\",\"description\":\"Evenimente \u0219i \u0219tiri din Alba Iulia, Sebe\u0219, Aiud, Blaj\",\"potentialAction\":[{\"@type\":\"SearchAction\",\"target\":{\"@type\":\"EntryPoint\",\"urlTemplate\":\"https:\\\/\\\/urbeamea.ro\\\/albaiulia\\\/?s={search_term_string}\"},\"query-input\":{\"@type\":\"PropertyValueSpecification\",\"valueRequired\":true,\"valueName\":\"search_term_string\"}}],\"inLanguage\":\"ro-RO\"},{\"@type\":\"Person\",\"@id\":\"https:\\\/\\\/urbeamea.ro\\\/albaiulia\\\/#\\\/schema\\\/person\\\/9700d21fae21c4f038b0b56f4506264a\",\"name\":\"Cristina Ganga\",\"image\":{\"@type\":\"ImageObject\",\"inLanguage\":\"ro-RO\",\"@id\":\"https:\\\/\\\/secure.gravatar.com\\\/avatar\\\/5a67661041f057b4a8ccaf26f5a8e86e2689372006d01faf3dd9eeb10b654bb4?s=96&d=mm&r=g\",\"url\":\"https:\\\/\\\/secure.gravatar.com\\\/avatar\\\/5a67661041f057b4a8ccaf26f5a8e86e2689372006d01faf3dd9eeb10b654bb4?s=96&d=mm&r=g\",\"contentUrl\":\"https:\\\/\\\/secure.gravatar.com\\\/avatar\\\/5a67661041f057b4a8ccaf26f5a8e86e2689372006d01faf3dd9eeb10b654bb4?s=96&d=mm&r=g\",\"caption\":\"Cristina Ganga\"},\"description\":\"Jurnalist\",\"sameAs\":[\"https:\\\/\\\/www.facebook.com\\\/cristina.nicola.587\"],\"url\":\"https:\\\/\\\/urbeamea.ro\\\/albaiulia\\\/author\\\/cristina-nicola\\\/\"}]}<\/script>\n<!-- \/ Yoast SEO plugin. -->","yoast_head_json":{"title":"FOTO: T\u00e2rgul de Fete \u015fi-a reg\u0103sit valoarea autentic\u0103 \u015fi tradi\u0163ional\u0103 prin promovarea me\u015fte\u015fugurilor, folclorului \u015fi tradi\u0163iilor autentice - Revista Urbea Mea - Revista de Alba","description":"T\u00e2rgul de Fete de pe Muntele G\u0103ina a dovedit \u015fi \u00een acest an c\u0103 este cea mai important\u0103 \u00a0s\u0103rb\u0103toare popular\u0103 din Rom\u00e2nia \u015fi totodat\u0103 o dovad\u0103 vie c\u0103","robots":{"index":"index","follow":"follow","max-snippet":"max-snippet:-1","max-image-preview":"max-image-preview:large","max-video-preview":"max-video-preview:-1"},"canonical":"https:\/\/urbeamea.ro\/albaiulia\/foto-targul-de-fete-si-a-regasit-valoarea-autentica-si-traditionala-prin-promovarea-mestesugurilor-folclorului-si-traditiilor-autentice\/","twitter_card":"summary_large_image","twitter_title":"FOTO: T\u00e2rgul de Fete \u015fi-a reg\u0103sit valoarea autentic\u0103 \u015fi tradi\u0163ional\u0103 prin promovarea me\u015fte\u015fugurilor, folclorului \u015fi tradi\u0163iilor autentice - Revista Urbea Mea - Revista de Alba","twitter_description":"T\u00e2rgul de Fete de pe Muntele G\u0103ina a dovedit \u015fi \u00een acest an c\u0103 este cea mai important\u0103 \u00a0s\u0103rb\u0103toare popular\u0103 din Rom\u00e2nia \u015fi totodat\u0103 o dovad\u0103 vie c\u0103","twitter_image":"https:\/\/urbeamea.ro\/albaiulia\/wp-content\/uploads\/2017\/07\/IMG_9801-Copy.jpg","twitter_creator":"@urbeameaweb","twitter_site":"@urbeameaweb","schema":{"@context":"https:\/\/schema.org","@graph":[{"@type":"Article","@id":"https:\/\/urbeamea.ro\/albaiulia\/foto-targul-de-fete-si-a-regasit-valoarea-autentica-si-traditionala-prin-promovarea-mestesugurilor-folclorului-si-traditiilor-autentice\/#article","isPartOf":{"@id":"https:\/\/urbeamea.ro\/albaiulia\/foto-targul-de-fete-si-a-regasit-valoarea-autentica-si-traditionala-prin-promovarea-mestesugurilor-folclorului-si-traditiilor-autentice\/"},"author":{"name":"Cristina Ganga","@id":"https:\/\/urbeamea.ro\/albaiulia\/#\/schema\/person\/9700d21fae21c4f038b0b56f4506264a"},"headline":"FOTO: T\u00e2rgul de Fete \u015fi-a reg\u0103sit valoarea autentic\u0103 \u015fi tradi\u0163ional\u0103 prin promovarea me\u015fte\u015fugurilor, folclorului \u015fi tradi\u0163iilor autentice","datePublished":"2017-07-25T05:00:06+00:00","mainEntityOfPage":{"@id":"https:\/\/urbeamea.ro\/albaiulia\/foto-targul-de-fete-si-a-regasit-valoarea-autentica-si-traditionala-prin-promovarea-mestesugurilor-folclorului-si-traditiilor-autentice\/"},"wordCount":694,"commentCount":0,"image":{"@id":"https:\/\/urbeamea.ro\/albaiulia\/foto-targul-de-fete-si-a-regasit-valoarea-autentica-si-traditionala-prin-promovarea-mestesugurilor-folclorului-si-traditiilor-autentice\/#primaryimage"},"thumbnailUrl":"https:\/\/urbeamea.ro\/albaiulia\/wp-content\/uploads\/2017\/07\/IMG_9801-Copy.jpg","keywords":["alba","concerte","folclor","muntele gaina","port romanesc autentic","stiri","targul de fete","Urbea Mea"],"articleSection":["Evenimente"],"inLanguage":"ro-RO","potentialAction":[{"@type":"CommentAction","name":"Comment","target":["https:\/\/urbeamea.ro\/albaiulia\/foto-targul-de-fete-si-a-regasit-valoarea-autentica-si-traditionala-prin-promovarea-mestesugurilor-folclorului-si-traditiilor-autentice\/#respond"]}]},{"@type":"WebPage","@id":"https:\/\/urbeamea.ro\/albaiulia\/foto-targul-de-fete-si-a-regasit-valoarea-autentica-si-traditionala-prin-promovarea-mestesugurilor-folclorului-si-traditiilor-autentice\/","url":"https:\/\/urbeamea.ro\/albaiulia\/foto-targul-de-fete-si-a-regasit-valoarea-autentica-si-traditionala-prin-promovarea-mestesugurilor-folclorului-si-traditiilor-autentice\/","name":"FOTO: T\u00e2rgul de Fete \u015fi-a reg\u0103sit valoarea autentic\u0103 \u015fi tradi\u0163ional\u0103 prin promovarea me\u015fte\u015fugurilor, folclorului \u015fi tradi\u0163iilor autentice - Revista Urbea Mea - Revista de Alba","isPartOf":{"@id":"https:\/\/urbeamea.ro\/albaiulia\/#website"},"primaryImageOfPage":{"@id":"https:\/\/urbeamea.ro\/albaiulia\/foto-targul-de-fete-si-a-regasit-valoarea-autentica-si-traditionala-prin-promovarea-mestesugurilor-folclorului-si-traditiilor-autentice\/#primaryimage"},"image":{"@id":"https:\/\/urbeamea.ro\/albaiulia\/foto-targul-de-fete-si-a-regasit-valoarea-autentica-si-traditionala-prin-promovarea-mestesugurilor-folclorului-si-traditiilor-autentice\/#primaryimage"},"thumbnailUrl":"https:\/\/urbeamea.ro\/albaiulia\/wp-content\/uploads\/2017\/07\/IMG_9801-Copy.jpg","datePublished":"2017-07-25T05:00:06+00:00","author":{"@id":"https:\/\/urbeamea.ro\/albaiulia\/#\/schema\/person\/9700d21fae21c4f038b0b56f4506264a"},"description":"T\u00e2rgul de Fete de pe Muntele G\u0103ina a dovedit \u015fi \u00een acest an c\u0103 este cea mai important\u0103 \u00a0s\u0103rb\u0103toare popular\u0103 din Rom\u00e2nia \u015fi totodat\u0103 o dovad\u0103 vie c\u0103","breadcrumb":{"@id":"https:\/\/urbeamea.ro\/albaiulia\/foto-targul-de-fete-si-a-regasit-valoarea-autentica-si-traditionala-prin-promovarea-mestesugurilor-folclorului-si-traditiilor-autentice\/#breadcrumb"},"inLanguage":"ro-RO","potentialAction":[{"@type":"ReadAction","target":["https:\/\/urbeamea.ro\/albaiulia\/foto-targul-de-fete-si-a-regasit-valoarea-autentica-si-traditionala-prin-promovarea-mestesugurilor-folclorului-si-traditiilor-autentice\/"]}]},{"@type":"ImageObject","inLanguage":"ro-RO","@id":"https:\/\/urbeamea.ro\/albaiulia\/foto-targul-de-fete-si-a-regasit-valoarea-autentica-si-traditionala-prin-promovarea-mestesugurilor-folclorului-si-traditiilor-autentice\/#primaryimage","url":"https:\/\/urbeamea.ro\/albaiulia\/wp-content\/uploads\/2017\/07\/IMG_9801-Copy.jpg","contentUrl":"https:\/\/urbeamea.ro\/albaiulia\/wp-content\/uploads\/2017\/07\/IMG_9801-Copy.jpg","width":1200,"height":800},{"@type":"BreadcrumbList","@id":"https:\/\/urbeamea.ro\/albaiulia\/foto-targul-de-fete-si-a-regasit-valoarea-autentica-si-traditionala-prin-promovarea-mestesugurilor-folclorului-si-traditiilor-autentice\/#breadcrumb","itemListElement":[{"@type":"ListItem","position":1,"name":"Prima pagin\u0103","item":"https:\/\/urbeamea.ro\/albaiulia\/"},{"@type":"ListItem","position":2,"name":"FOTO: T\u00e2rgul de Fete \u015fi-a reg\u0103sit valoarea autentic\u0103 \u015fi tradi\u0163ional\u0103 prin promovarea me\u015fte\u015fugurilor, folclorului \u015fi tradi\u0163iilor autentice"}]},{"@type":"WebSite","@id":"https:\/\/urbeamea.ro\/albaiulia\/#website","url":"https:\/\/urbeamea.ro\/albaiulia\/","name":"Revista Urbea Mea, Stiri urbane","description":"Evenimente \u0219i \u0219tiri din Alba Iulia, Sebe\u0219, Aiud, Blaj","potentialAction":[{"@type":"SearchAction","target":{"@type":"EntryPoint","urlTemplate":"https:\/\/urbeamea.ro\/albaiulia\/?s={search_term_string}"},"query-input":{"@type":"PropertyValueSpecification","valueRequired":true,"valueName":"search_term_string"}}],"inLanguage":"ro-RO"},{"@type":"Person","@id":"https:\/\/urbeamea.ro\/albaiulia\/#\/schema\/person\/9700d21fae21c4f038b0b56f4506264a","name":"Cristina Ganga","image":{"@type":"ImageObject","inLanguage":"ro-RO","@id":"https:\/\/secure.gravatar.com\/avatar\/5a67661041f057b4a8ccaf26f5a8e86e2689372006d01faf3dd9eeb10b654bb4?s=96&d=mm&r=g","url":"https:\/\/secure.gravatar.com\/avatar\/5a67661041f057b4a8ccaf26f5a8e86e2689372006d01faf3dd9eeb10b654bb4?s=96&d=mm&r=g","contentUrl":"https:\/\/secure.gravatar.com\/avatar\/5a67661041f057b4a8ccaf26f5a8e86e2689372006d01faf3dd9eeb10b654bb4?s=96&d=mm&r=g","caption":"Cristina Ganga"},"description":"Jurnalist","sameAs":["https:\/\/www.facebook.com\/cristina.nicola.587"],"url":"https:\/\/urbeamea.ro\/albaiulia\/author\/cristina-nicola\/"}]}},"_links":{"self":[{"href":"https:\/\/urbeamea.ro\/albaiulia\/wp-json\/wp\/v2\/posts\/49899","targetHints":{"allow":["GET"]}}],"collection":[{"href":"https:\/\/urbeamea.ro\/albaiulia\/wp-json\/wp\/v2\/posts"}],"about":[{"href":"https:\/\/urbeamea.ro\/albaiulia\/wp-json\/wp\/v2\/types\/post"}],"author":[{"embeddable":true,"href":"https:\/\/urbeamea.ro\/albaiulia\/wp-json\/wp\/v2\/users\/17"}],"replies":[{"embeddable":true,"href":"https:\/\/urbeamea.ro\/albaiulia\/wp-json\/wp\/v2\/comments?post=49899"}],"version-history":[{"count":0,"href":"https:\/\/urbeamea.ro\/albaiulia\/wp-json\/wp\/v2\/posts\/49899\/revisions"}],"wp:featuredmedia":[{"embeddable":true,"href":"https:\/\/urbeamea.ro\/albaiulia\/wp-json\/wp\/v2\/media\/49915"}],"wp:attachment":[{"href":"https:\/\/urbeamea.ro\/albaiulia\/wp-json\/wp\/v2\/media?parent=49899"}],"wp:term":[{"taxonomy":"category","embeddable":true,"href":"https:\/\/urbeamea.ro\/albaiulia\/wp-json\/wp\/v2\/categories?post=49899"},{"taxonomy":"post_tag","embeddable":true,"href":"https:\/\/urbeamea.ro\/albaiulia\/wp-json\/wp\/v2\/tags?post=49899"}],"curies":[{"name":"wp","href":"https:\/\/api.w.org\/{rel}","templated":true}]}}