{"id":49992,"date":"2017-07-27T08:33:35","date_gmt":"2017-07-27T05:33:35","guid":{"rendered":"https:\/\/urbeamea.ro\/albaiulia\/?p=49992"},"modified":"2017-07-27T08:33:35","modified_gmt":"2017-07-27T05:33:35","slug":"doi-barbati-din-mures-prinsi-de-politistii-din-alba-dupa-ce-au-comis-un-furt-cu-prejudiciu-de-6-000-de-lei-la-aiud","status":"publish","type":"post","link":"https:\/\/urbeamea.ro\/albaiulia\/doi-barbati-din-mures-prinsi-de-politistii-din-alba-dupa-ce-au-comis-un-furt-cu-prejudiciu-de-6-000-de-lei-la-aiud\/","title":{"rendered":"Doi b\u0103rba\u021bi din Mure\u0219, prin\u0219i de poli\u021bi\u0219tii din Alba dup\u0103 ce au comis un furt cu prejudiciu de 6.000 de lei, la Aiud"},"content":{"rendered":"<p><strong>Doi b\u0103rba\u021bi din jude\u021bul Mure\u0219, suspec\u021bii unui furt petrecut pe raza municipiului Aiud cu prejudiciu de 6.000 de lei, au ajuns pe m\u00e2na poli\u021bi\u0219tilor. Ace\u0219tia au fost du\u0219i la sediul poli\u021biei pentru cercet\u0103ri.<\/strong><\/p>\n<p>Poli\u021bi\u0219tii din cadrul Poli\u021biei Municipiului Aiud, sprijini\u021bi de politi\u0219tii Direc\u021biei pentru Opera\u021biuni Speciale au reu\u0219it prinderea, \u00een municipiul Piatra Neam\u021b, a doi b\u0103rba\u021bi din jude\u021bul Mure\u0219, care sunt b\u0103nui\u021bi de comiterea mai multor furturi din ma\u0219ini de distribu\u021bie marf\u0103.<\/p>\n<p>Ace\u0219tia ar fi comis \u0219i un furt, de pe raza municipiului Aiud, \u00een urma cu 2 s\u0103pt\u0103m\u00e2ni, fapta prin care au cauzat un prejudiciu \u00een valoare de 6.000 de lei. \u00a0Cei doi vor fi condu\u0219i la Politia Aiud, pentru cercet\u0103ri \u0219i dispunerea m\u0103surilor legale.<\/p>\n","protected":false},"excerpt":{"rendered":"<p>Doi b\u0103rba\u021bi din jude\u021bul Mure\u0219, suspec\u021bii unui furt petrecut pe raza municipiului Aiud cu prejudiciu de 6.000 de lei, au ajuns pe m\u00e2na poli\u021bi\u0219tilor. Ace\u0219tia au fost du\u0219i la sediul poli\u021biei pentru cercet\u0103ri. Poli\u021bi\u0219tii din cadrul Poli\u021biei Municipiului Aiud, sprijini\u021bi de politi\u0219tii Direc\u021biei pentru Opera\u021biuni Speciale au reu\u0219it prinderea, \u00een municipiul Piatra Neam\u021b, a doi &hellip;<\/p>\n","protected":false},"author":17,"featured_media":39767,"comment_status":"open","ping_status":"open","sticky":false,"template":"","format":"standard","meta":{"inline_featured_image":false,"footnotes":""},"categories":[2034],"tags":[385,307,2430,2120,2465,95,458,2986,308,7303,76],"class_list":["post-49992","post","type-post","status-publish","format-standard","has-post-thumbnail","hentry","category-social","tag-aiud","tag-alba","tag-barbati","tag-cercetari","tag-furt","tag-mures","tag-politisti","tag-prejudiciu","tag-stiri","tag-suspecti","tag-urbea-mea"],"yoast_head":"<!-- This site is optimized with the Yoast SEO plugin v28.3 - https:\/\/yoast.com\/product\/yoast-seo-wordpress\/ -->\n<title>Doi b\u0103rba\u021bi din Mure\u0219, prin\u0219i de poli\u021bi\u0219tii din Alba dup\u0103 ce au comis un furt cu prejudiciu de 6.000 de lei, la Aiud - Revista Urbea Mea - Revista de Alba<\/title>\n<meta name=\"description\" content=\"Doi b\u0103rba\u021bi din jude\u021bul Mure\u0219, suspec\u021bii unui furt petrecut pe raza municipiului Aiud cu prejudiciu de 6.000 de lei, au ajuns pe m\u00e2na poli\u021bi\u0219tilor.\" \/>\n<meta name=\"robots\" content=\"index, follow, max-snippet:-1, max-image-preview:large, max-video-preview:-1\" \/>\n<link rel=\"canonical\" href=\"https:\/\/urbeamea.ro\/albaiulia\/doi-barbati-din-mures-prinsi-de-politistii-din-alba-dupa-ce-au-comis-un-furt-cu-prejudiciu-de-6-000-de-lei-la-aiud\/\" \/>\n<meta name=\"twitter:card\" content=\"summary_large_image\" \/>\n<meta name=\"twitter:title\" content=\"Doi b\u0103rba\u021bi din Mure\u0219, prin\u0219i de poli\u021bi\u0219tii din Alba dup\u0103 ce au comis un furt cu prejudiciu de 6.000 de lei, la Aiud - Revista Urbea Mea - Revista de Alba\" \/>\n<meta name=\"twitter:description\" content=\"Doi b\u0103rba\u021bi din jude\u021bul Mure\u0219, suspec\u021bii unui furt petrecut pe raza municipiului Aiud cu prejudiciu de 6.000 de lei, au ajuns pe m\u00e2na poli\u021bi\u0219tilor.\" \/>\n<meta name=\"twitter:image\" content=\"https:\/\/urbeamea.ro\/albaiulia\/wp-content\/uploads\/2017\/02\/arestat.jpg\" \/>\n<meta name=\"twitter:creator\" content=\"@urbeameaweb\" \/>\n<meta name=\"twitter:site\" content=\"@urbeameaweb\" \/>\n<script type=\"application\/ld+json\" class=\"yoast-schema-graph\">{\"@context\":\"https:\\\/\\\/schema.org\",\"@graph\":[{\"@type\":\"Article\",\"@id\":\"https:\\\/\\\/urbeamea.ro\\\/albaiulia\\\/doi-barbati-din-mures-prinsi-de-politistii-din-alba-dupa-ce-au-comis-un-furt-cu-prejudiciu-de-6-000-de-lei-la-aiud\\\/#article\",\"isPartOf\":{\"@id\":\"https:\\\/\\\/urbeamea.ro\\\/albaiulia\\\/doi-barbati-din-mures-prinsi-de-politistii-din-alba-dupa-ce-au-comis-un-furt-cu-prejudiciu-de-6-000-de-lei-la-aiud\\\/\"},\"author\":{\"name\":\"Cristina Ganga\",\"@id\":\"https:\\\/\\\/urbeamea.ro\\\/albaiulia\\\/#\\\/schema\\\/person\\\/9700d21fae21c4f038b0b56f4506264a\"},\"headline\":\"Doi b\u0103rba\u021bi din Mure\u0219, prin\u0219i de poli\u021bi\u0219tii din Alba dup\u0103 ce au comis un furt cu prejudiciu de 6.000 de lei, la Aiud\",\"datePublished\":\"2017-07-27T05:33:35+00:00\",\"mainEntityOfPage\":{\"@id\":\"https:\\\/\\\/urbeamea.ro\\\/albaiulia\\\/doi-barbati-din-mures-prinsi-de-politistii-din-alba-dupa-ce-au-comis-un-furt-cu-prejudiciu-de-6-000-de-lei-la-aiud\\\/\"},\"wordCount\":173,\"commentCount\":0,\"image\":{\"@id\":\"https:\\\/\\\/urbeamea.ro\\\/albaiulia\\\/doi-barbati-din-mures-prinsi-de-politistii-din-alba-dupa-ce-au-comis-un-furt-cu-prejudiciu-de-6-000-de-lei-la-aiud\\\/#primaryimage\"},\"thumbnailUrl\":\"https:\\\/\\\/urbeamea.ro\\\/albaiulia\\\/wp-content\\\/uploads\\\/2017\\\/02\\\/arestat.jpg\",\"keywords\":[\"aiud\",\"alba\",\"barbati\",\"cercetari\",\"furt\",\"mures\",\"politisti\",\"prejudiciu\",\"stiri\",\"suspecti\",\"Urbea Mea\"],\"articleSection\":[\"Social\"],\"inLanguage\":\"ro-RO\",\"potentialAction\":[{\"@type\":\"CommentAction\",\"name\":\"Comment\",\"target\":[\"https:\\\/\\\/urbeamea.ro\\\/albaiulia\\\/doi-barbati-din-mures-prinsi-de-politistii-din-alba-dupa-ce-au-comis-un-furt-cu-prejudiciu-de-6-000-de-lei-la-aiud\\\/#respond\"]}]},{\"@type\":\"WebPage\",\"@id\":\"https:\\\/\\\/urbeamea.ro\\\/albaiulia\\\/doi-barbati-din-mures-prinsi-de-politistii-din-alba-dupa-ce-au-comis-un-furt-cu-prejudiciu-de-6-000-de-lei-la-aiud\\\/\",\"url\":\"https:\\\/\\\/urbeamea.ro\\\/albaiulia\\\/doi-barbati-din-mures-prinsi-de-politistii-din-alba-dupa-ce-au-comis-un-furt-cu-prejudiciu-de-6-000-de-lei-la-aiud\\\/\",\"name\":\"Doi b\u0103rba\u021bi din Mure\u0219, prin\u0219i de poli\u021bi\u0219tii din Alba dup\u0103 ce au comis un furt cu prejudiciu de 6.000 de lei, la Aiud - Revista Urbea Mea - Revista de Alba\",\"isPartOf\":{\"@id\":\"https:\\\/\\\/urbeamea.ro\\\/albaiulia\\\/#website\"},\"primaryImageOfPage\":{\"@id\":\"https:\\\/\\\/urbeamea.ro\\\/albaiulia\\\/doi-barbati-din-mures-prinsi-de-politistii-din-alba-dupa-ce-au-comis-un-furt-cu-prejudiciu-de-6-000-de-lei-la-aiud\\\/#primaryimage\"},\"image\":{\"@id\":\"https:\\\/\\\/urbeamea.ro\\\/albaiulia\\\/doi-barbati-din-mures-prinsi-de-politistii-din-alba-dupa-ce-au-comis-un-furt-cu-prejudiciu-de-6-000-de-lei-la-aiud\\\/#primaryimage\"},\"thumbnailUrl\":\"https:\\\/\\\/urbeamea.ro\\\/albaiulia\\\/wp-content\\\/uploads\\\/2017\\\/02\\\/arestat.jpg\",\"datePublished\":\"2017-07-27T05:33:35+00:00\",\"author\":{\"@id\":\"https:\\\/\\\/urbeamea.ro\\\/albaiulia\\\/#\\\/schema\\\/person\\\/9700d21fae21c4f038b0b56f4506264a\"},\"description\":\"Doi b\u0103rba\u021bi din jude\u021bul Mure\u0219, suspec\u021bii unui furt petrecut pe raza municipiului Aiud cu prejudiciu de 6.000 de lei, au ajuns pe m\u00e2na poli\u021bi\u0219tilor.\",\"breadcrumb\":{\"@id\":\"https:\\\/\\\/urbeamea.ro\\\/albaiulia\\\/doi-barbati-din-mures-prinsi-de-politistii-din-alba-dupa-ce-au-comis-un-furt-cu-prejudiciu-de-6-000-de-lei-la-aiud\\\/#breadcrumb\"},\"inLanguage\":\"ro-RO\",\"potentialAction\":[{\"@type\":\"ReadAction\",\"target\":[\"https:\\\/\\\/urbeamea.ro\\\/albaiulia\\\/doi-barbati-din-mures-prinsi-de-politistii-din-alba-dupa-ce-au-comis-un-furt-cu-prejudiciu-de-6-000-de-lei-la-aiud\\\/\"]}]},{\"@type\":\"ImageObject\",\"inLanguage\":\"ro-RO\",\"@id\":\"https:\\\/\\\/urbeamea.ro\\\/albaiulia\\\/doi-barbati-din-mures-prinsi-de-politistii-din-alba-dupa-ce-au-comis-un-furt-cu-prejudiciu-de-6-000-de-lei-la-aiud\\\/#primaryimage\",\"url\":\"https:\\\/\\\/urbeamea.ro\\\/albaiulia\\\/wp-content\\\/uploads\\\/2017\\\/02\\\/arestat.jpg\",\"contentUrl\":\"https:\\\/\\\/urbeamea.ro\\\/albaiulia\\\/wp-content\\\/uploads\\\/2017\\\/02\\\/arestat.jpg\",\"width\":1200,\"height\":782},{\"@type\":\"BreadcrumbList\",\"@id\":\"https:\\\/\\\/urbeamea.ro\\\/albaiulia\\\/doi-barbati-din-mures-prinsi-de-politistii-din-alba-dupa-ce-au-comis-un-furt-cu-prejudiciu-de-6-000-de-lei-la-aiud\\\/#breadcrumb\",\"itemListElement\":[{\"@type\":\"ListItem\",\"position\":1,\"name\":\"Prima pagin\u0103\",\"item\":\"https:\\\/\\\/urbeamea.ro\\\/albaiulia\\\/\"},{\"@type\":\"ListItem\",\"position\":2,\"name\":\"Doi b\u0103rba\u021bi din Mure\u0219, prin\u0219i de poli\u021bi\u0219tii din Alba dup\u0103 ce au comis un furt cu prejudiciu de 6.000 de lei, la Aiud\"}]},{\"@type\":\"WebSite\",\"@id\":\"https:\\\/\\\/urbeamea.ro\\\/albaiulia\\\/#website\",\"url\":\"https:\\\/\\\/urbeamea.ro\\\/albaiulia\\\/\",\"name\":\"Revista Urbea Mea, Stiri urbane\",\"description\":\"Evenimente \u0219i \u0219tiri din Alba Iulia, Sebe\u0219, Aiud, Blaj\",\"potentialAction\":[{\"@type\":\"SearchAction\",\"target\":{\"@type\":\"EntryPoint\",\"urlTemplate\":\"https:\\\/\\\/urbeamea.ro\\\/albaiulia\\\/?s={search_term_string}\"},\"query-input\":{\"@type\":\"PropertyValueSpecification\",\"valueRequired\":true,\"valueName\":\"search_term_string\"}}],\"inLanguage\":\"ro-RO\"},{\"@type\":\"Person\",\"@id\":\"https:\\\/\\\/urbeamea.ro\\\/albaiulia\\\/#\\\/schema\\\/person\\\/9700d21fae21c4f038b0b56f4506264a\",\"name\":\"Cristina Ganga\",\"image\":{\"@type\":\"ImageObject\",\"inLanguage\":\"ro-RO\",\"@id\":\"https:\\\/\\\/secure.gravatar.com\\\/avatar\\\/5a67661041f057b4a8ccaf26f5a8e86e2689372006d01faf3dd9eeb10b654bb4?s=96&d=mm&r=g\",\"url\":\"https:\\\/\\\/secure.gravatar.com\\\/avatar\\\/5a67661041f057b4a8ccaf26f5a8e86e2689372006d01faf3dd9eeb10b654bb4?s=96&d=mm&r=g\",\"contentUrl\":\"https:\\\/\\\/secure.gravatar.com\\\/avatar\\\/5a67661041f057b4a8ccaf26f5a8e86e2689372006d01faf3dd9eeb10b654bb4?s=96&d=mm&r=g\",\"caption\":\"Cristina Ganga\"},\"description\":\"Jurnalist\",\"sameAs\":[\"https:\\\/\\\/www.facebook.com\\\/cristina.nicola.587\"],\"url\":\"https:\\\/\\\/urbeamea.ro\\\/albaiulia\\\/author\\\/cristina-nicola\\\/\"}]}<\/script>\n<!-- \/ Yoast SEO plugin. -->","yoast_head_json":{"title":"Doi b\u0103rba\u021bi din Mure\u0219, prin\u0219i de poli\u021bi\u0219tii din Alba dup\u0103 ce au comis un furt cu prejudiciu de 6.000 de lei, la Aiud - Revista Urbea Mea - Revista de Alba","description":"Doi b\u0103rba\u021bi din jude\u021bul Mure\u0219, suspec\u021bii unui furt petrecut pe raza municipiului Aiud cu prejudiciu de 6.000 de lei, au ajuns pe m\u00e2na poli\u021bi\u0219tilor.","robots":{"index":"index","follow":"follow","max-snippet":"max-snippet:-1","max-image-preview":"max-image-preview:large","max-video-preview":"max-video-preview:-1"},"canonical":"https:\/\/urbeamea.ro\/albaiulia\/doi-barbati-din-mures-prinsi-de-politistii-din-alba-dupa-ce-au-comis-un-furt-cu-prejudiciu-de-6-000-de-lei-la-aiud\/","twitter_card":"summary_large_image","twitter_title":"Doi b\u0103rba\u021bi din Mure\u0219, prin\u0219i de poli\u021bi\u0219tii din Alba dup\u0103 ce au comis un furt cu prejudiciu de 6.000 de lei, la Aiud - Revista Urbea Mea - Revista de Alba","twitter_description":"Doi b\u0103rba\u021bi din jude\u021bul Mure\u0219, suspec\u021bii unui furt petrecut pe raza municipiului Aiud cu prejudiciu de 6.000 de lei, au ajuns pe m\u00e2na poli\u021bi\u0219tilor.","twitter_image":"https:\/\/urbeamea.ro\/albaiulia\/wp-content\/uploads\/2017\/02\/arestat.jpg","twitter_creator":"@urbeameaweb","twitter_site":"@urbeameaweb","schema":{"@context":"https:\/\/schema.org","@graph":[{"@type":"Article","@id":"https:\/\/urbeamea.ro\/albaiulia\/doi-barbati-din-mures-prinsi-de-politistii-din-alba-dupa-ce-au-comis-un-furt-cu-prejudiciu-de-6-000-de-lei-la-aiud\/#article","isPartOf":{"@id":"https:\/\/urbeamea.ro\/albaiulia\/doi-barbati-din-mures-prinsi-de-politistii-din-alba-dupa-ce-au-comis-un-furt-cu-prejudiciu-de-6-000-de-lei-la-aiud\/"},"author":{"name":"Cristina Ganga","@id":"https:\/\/urbeamea.ro\/albaiulia\/#\/schema\/person\/9700d21fae21c4f038b0b56f4506264a"},"headline":"Doi b\u0103rba\u021bi din Mure\u0219, prin\u0219i de poli\u021bi\u0219tii din Alba dup\u0103 ce au comis un furt cu prejudiciu de 6.000 de lei, la Aiud","datePublished":"2017-07-27T05:33:35+00:00","mainEntityOfPage":{"@id":"https:\/\/urbeamea.ro\/albaiulia\/doi-barbati-din-mures-prinsi-de-politistii-din-alba-dupa-ce-au-comis-un-furt-cu-prejudiciu-de-6-000-de-lei-la-aiud\/"},"wordCount":173,"commentCount":0,"image":{"@id":"https:\/\/urbeamea.ro\/albaiulia\/doi-barbati-din-mures-prinsi-de-politistii-din-alba-dupa-ce-au-comis-un-furt-cu-prejudiciu-de-6-000-de-lei-la-aiud\/#primaryimage"},"thumbnailUrl":"https:\/\/urbeamea.ro\/albaiulia\/wp-content\/uploads\/2017\/02\/arestat.jpg","keywords":["aiud","alba","barbati","cercetari","furt","mures","politisti","prejudiciu","stiri","suspecti","Urbea Mea"],"articleSection":["Social"],"inLanguage":"ro-RO","potentialAction":[{"@type":"CommentAction","name":"Comment","target":["https:\/\/urbeamea.ro\/albaiulia\/doi-barbati-din-mures-prinsi-de-politistii-din-alba-dupa-ce-au-comis-un-furt-cu-prejudiciu-de-6-000-de-lei-la-aiud\/#respond"]}]},{"@type":"WebPage","@id":"https:\/\/urbeamea.ro\/albaiulia\/doi-barbati-din-mures-prinsi-de-politistii-din-alba-dupa-ce-au-comis-un-furt-cu-prejudiciu-de-6-000-de-lei-la-aiud\/","url":"https:\/\/urbeamea.ro\/albaiulia\/doi-barbati-din-mures-prinsi-de-politistii-din-alba-dupa-ce-au-comis-un-furt-cu-prejudiciu-de-6-000-de-lei-la-aiud\/","name":"Doi b\u0103rba\u021bi din Mure\u0219, prin\u0219i de poli\u021bi\u0219tii din Alba dup\u0103 ce au comis un furt cu prejudiciu de 6.000 de lei, la Aiud - Revista Urbea Mea - Revista de Alba","isPartOf":{"@id":"https:\/\/urbeamea.ro\/albaiulia\/#website"},"primaryImageOfPage":{"@id":"https:\/\/urbeamea.ro\/albaiulia\/doi-barbati-din-mures-prinsi-de-politistii-din-alba-dupa-ce-au-comis-un-furt-cu-prejudiciu-de-6-000-de-lei-la-aiud\/#primaryimage"},"image":{"@id":"https:\/\/urbeamea.ro\/albaiulia\/doi-barbati-din-mures-prinsi-de-politistii-din-alba-dupa-ce-au-comis-un-furt-cu-prejudiciu-de-6-000-de-lei-la-aiud\/#primaryimage"},"thumbnailUrl":"https:\/\/urbeamea.ro\/albaiulia\/wp-content\/uploads\/2017\/02\/arestat.jpg","datePublished":"2017-07-27T05:33:35+00:00","author":{"@id":"https:\/\/urbeamea.ro\/albaiulia\/#\/schema\/person\/9700d21fae21c4f038b0b56f4506264a"},"description":"Doi b\u0103rba\u021bi din jude\u021bul Mure\u0219, suspec\u021bii unui furt petrecut pe raza municipiului Aiud cu prejudiciu de 6.000 de lei, au ajuns pe m\u00e2na poli\u021bi\u0219tilor.","breadcrumb":{"@id":"https:\/\/urbeamea.ro\/albaiulia\/doi-barbati-din-mures-prinsi-de-politistii-din-alba-dupa-ce-au-comis-un-furt-cu-prejudiciu-de-6-000-de-lei-la-aiud\/#breadcrumb"},"inLanguage":"ro-RO","potentialAction":[{"@type":"ReadAction","target":["https:\/\/urbeamea.ro\/albaiulia\/doi-barbati-din-mures-prinsi-de-politistii-din-alba-dupa-ce-au-comis-un-furt-cu-prejudiciu-de-6-000-de-lei-la-aiud\/"]}]},{"@type":"ImageObject","inLanguage":"ro-RO","@id":"https:\/\/urbeamea.ro\/albaiulia\/doi-barbati-din-mures-prinsi-de-politistii-din-alba-dupa-ce-au-comis-un-furt-cu-prejudiciu-de-6-000-de-lei-la-aiud\/#primaryimage","url":"https:\/\/urbeamea.ro\/albaiulia\/wp-content\/uploads\/2017\/02\/arestat.jpg","contentUrl":"https:\/\/urbeamea.ro\/albaiulia\/wp-content\/uploads\/2017\/02\/arestat.jpg","width":1200,"height":782},{"@type":"BreadcrumbList","@id":"https:\/\/urbeamea.ro\/albaiulia\/doi-barbati-din-mures-prinsi-de-politistii-din-alba-dupa-ce-au-comis-un-furt-cu-prejudiciu-de-6-000-de-lei-la-aiud\/#breadcrumb","itemListElement":[{"@type":"ListItem","position":1,"name":"Prima pagin\u0103","item":"https:\/\/urbeamea.ro\/albaiulia\/"},{"@type":"ListItem","position":2,"name":"Doi b\u0103rba\u021bi din Mure\u0219, prin\u0219i de poli\u021bi\u0219tii din Alba dup\u0103 ce au comis un furt cu prejudiciu de 6.000 de lei, la Aiud"}]},{"@type":"WebSite","@id":"https:\/\/urbeamea.ro\/albaiulia\/#website","url":"https:\/\/urbeamea.ro\/albaiulia\/","name":"Revista Urbea Mea, Stiri urbane","description":"Evenimente \u0219i \u0219tiri din Alba Iulia, Sebe\u0219, Aiud, Blaj","potentialAction":[{"@type":"SearchAction","target":{"@type":"EntryPoint","urlTemplate":"https:\/\/urbeamea.ro\/albaiulia\/?s={search_term_string}"},"query-input":{"@type":"PropertyValueSpecification","valueRequired":true,"valueName":"search_term_string"}}],"inLanguage":"ro-RO"},{"@type":"Person","@id":"https:\/\/urbeamea.ro\/albaiulia\/#\/schema\/person\/9700d21fae21c4f038b0b56f4506264a","name":"Cristina Ganga","image":{"@type":"ImageObject","inLanguage":"ro-RO","@id":"https:\/\/secure.gravatar.com\/avatar\/5a67661041f057b4a8ccaf26f5a8e86e2689372006d01faf3dd9eeb10b654bb4?s=96&d=mm&r=g","url":"https:\/\/secure.gravatar.com\/avatar\/5a67661041f057b4a8ccaf26f5a8e86e2689372006d01faf3dd9eeb10b654bb4?s=96&d=mm&r=g","contentUrl":"https:\/\/secure.gravatar.com\/avatar\/5a67661041f057b4a8ccaf26f5a8e86e2689372006d01faf3dd9eeb10b654bb4?s=96&d=mm&r=g","caption":"Cristina Ganga"},"description":"Jurnalist","sameAs":["https:\/\/www.facebook.com\/cristina.nicola.587"],"url":"https:\/\/urbeamea.ro\/albaiulia\/author\/cristina-nicola\/"}]}},"_links":{"self":[{"href":"https:\/\/urbeamea.ro\/albaiulia\/wp-json\/wp\/v2\/posts\/49992","targetHints":{"allow":["GET"]}}],"collection":[{"href":"https:\/\/urbeamea.ro\/albaiulia\/wp-json\/wp\/v2\/posts"}],"about":[{"href":"https:\/\/urbeamea.ro\/albaiulia\/wp-json\/wp\/v2\/types\/post"}],"author":[{"embeddable":true,"href":"https:\/\/urbeamea.ro\/albaiulia\/wp-json\/wp\/v2\/users\/17"}],"replies":[{"embeddable":true,"href":"https:\/\/urbeamea.ro\/albaiulia\/wp-json\/wp\/v2\/comments?post=49992"}],"version-history":[{"count":0,"href":"https:\/\/urbeamea.ro\/albaiulia\/wp-json\/wp\/v2\/posts\/49992\/revisions"}],"wp:featuredmedia":[{"embeddable":true,"href":"https:\/\/urbeamea.ro\/albaiulia\/wp-json\/wp\/v2\/media\/39767"}],"wp:attachment":[{"href":"https:\/\/urbeamea.ro\/albaiulia\/wp-json\/wp\/v2\/media?parent=49992"}],"wp:term":[{"taxonomy":"category","embeddable":true,"href":"https:\/\/urbeamea.ro\/albaiulia\/wp-json\/wp\/v2\/categories?post=49992"},{"taxonomy":"post_tag","embeddable":true,"href":"https:\/\/urbeamea.ro\/albaiulia\/wp-json\/wp\/v2\/tags?post=49992"}],"curies":[{"name":"wp","href":"https:\/\/api.w.org\/{rel}","templated":true}]}}