{"id":50008,"date":"2017-07-27T18:28:11","date_gmt":"2017-07-27T15:28:11","guid":{"rendered":"https:\/\/urbeamea.ro\/albaiulia\/?p=50008"},"modified":"2017-07-27T18:28:11","modified_gmt":"2017-07-27T15:28:11","slug":"foto-video-un-barbat-care-pretindea-ca-este-persoana-cu-dizabilitati-amendat-de-politistii-locali-din-alba-iulia-cersea-in-scaun-cu-rotile-pe-mijlocul-drumului","status":"publish","type":"post","link":"https:\/\/urbeamea.ro\/albaiulia\/foto-video-un-barbat-care-pretindea-ca-este-persoana-cu-dizabilitati-amendat-de-politistii-locali-din-alba-iulia-cersea-in-scaun-cu-rotile-pe-mijlocul-drumului\/","title":{"rendered":"FOTO-VIDEO: Un b\u0103rbat care pretindea c\u0103 este persoan\u0103 cu dizabilit\u0103\u021bi, amendat de poli\u021bi\u0219tii locali din Alba Iulia. Cer\u0219ea, \u00een scaun cu rotile, pe mijlocul drumului"},"content":{"rendered":"<p><strong>Un b\u0103rbat care pretindea c\u0103 este o persoan\u0103 cu dizabilit\u0103\u021bi \u0219i apela la mila public\u0103 \u00een diferite zone ale municipiului Alba Iulia a fost depistat, \u00een 14 \u0219i 26 iulie, de poli\u021bi\u0219tii locali. B\u0103rbatul \u00een v\u00e2rst\u0103 de 63 de ani\u00a0<span lang=\"en-US\">punea \u00een pericol circula\u0163ia rutier\u0103 deoarece se deplasa pe carosabil, \u00eentr-un scaun cu rotile, nefiind o persoan\u0103 cu dizabilit\u0103\u0163i<\/span>.<\/strong><\/p>\n<p><span lang=\"en-US\">\u00cen data de 14 iulie 2017, \u00een jurul orei 19:20, o patrul\u0103 a Poli\u0163iei Locale din municipiul Alba Iulia a identificat, la intersec\u0163ia bulevardelor \u00cencoron\u0103rii cu Ferdinand I, pe S.G., \u00een v\u00e2rst\u0103 de 63 de ani, \u00een timp ce apela la mila public\u0103, \u00een zona intersec\u0163iei semaforizate.<\/span><\/p>\n<p><span lang=\"en-US\">Acesta punea \u00een pericol circula\u0163ia rutier\u0103 deoarece se deplasa \u00eentr-un scaun cu rotile, el nefiind o persoan\u0103 cu dizabilit\u0103\u0163i, fapt dovedit prin materialul video efectuat \u015fi prin declara\u0163ia dat\u0103 de acesta la sediul Poli\u0163iei Locale.<\/span><\/p>\n<p><span lang=\"en-US\">Asupra lui a fost g\u0103sit\u0103 suma de 147,5 RON \u015fi 6 EUR, aceasta\u00a0<\/span><span lang=\"ro-RO\">fiind\u00a0<\/span><span lang=\"en-US\">confiscat\u0103 \u00een baza Art.4 Alin (1) din Legea 61\/1991<\/span><span lang=\"ro-RO\">,<\/span><span lang=\"en-US\">\u00a0urm\u00e2nd a fi predat\u0103 Direc\u0163iei Impozite \u015fi Taxe Locale<\/span><span lang=\"ro-RO\">.<\/span><\/p>\n<p><span lang=\"en-US\">S.G. a fost sanc\u0163ionat cu amend\u0103 \u00een valoare de 300 RON \u00een baza Art.3 Alin. (A) din Legea 61\/1991.<\/span><\/p>\n<p><span lang=\"en-US\">Cet\u0103\u0163enii municipiul Alba Iulia sunt ruga\u0163i s\u0103 nu mai \u00eencurajeze cer\u015fetoria \u015fi s\u0103 semnaleze astfel de cazuri la num\u0103rul de telefon 0258\/989.<\/span><\/p>\n<p><iframe loading=\"lazy\" title=\"Cersetor la Alba Iulia\" width=\"500\" height=\"281\" src=\"https:\/\/www.youtube.com\/embed\/5a1CxAoaMck?feature=oembed\" frameborder=\"0\" allow=\"accelerometer; autoplay; clipboard-write; encrypted-media; gyroscope; picture-in-picture; web-share\" referrerpolicy=\"strict-origin-when-cross-origin\" allowfullscreen><\/iframe><\/p>\n<div id='gallery-1' class='gallery galleryid-50008 gallery-columns-3 gallery-size-thumbnail'><figure class='gallery-item'>\n\t\t\t<div class='gallery-icon landscape'>\n\t\t\t\t<a href='https:\/\/urbeamea.ro\/albaiulia\/wp-content\/uploads\/2017\/07\/19904563_1670122246355983_961115128_n.jpg'><img decoding=\"async\" width=\"150\" height=\"113\" src=\"data:image\/png;base64,iVBORw0KGgoAAAANSUhEUgAAAYYAAADcAQMAAABOLJSDAAAAA1BMVEUAAACnej3aAAAAAXRSTlMAQObYZgAAACJJREFUaIHtwTEBAAAAwqD1T20ND6AAAAAAAAAAAAAA4N8AKvgAAUFIrrEAAAAASUVORK5CYII=\" class=\"attachment-thumbnail size-thumbnail lazy-img\" alt=\"\" srcset=\"https:\/\/urbeamea.ro\/albaiulia\/wp-content\/uploads\/2017\/07\/19904563_1670122246355983_961115128_n-150x113.jpg 150w, https:\/\/urbeamea.ro\/albaiulia\/wp-content\/uploads\/2017\/07\/19904563_1670122246355983_961115128_n-640x480.jpg 640w, https:\/\/urbeamea.ro\/albaiulia\/wp-content\/uploads\/2017\/07\/19904563_1670122246355983_961115128_n-768x576.jpg 768w, https:\/\/urbeamea.ro\/albaiulia\/wp-content\/uploads\/2017\/07\/19904563_1670122246355983_961115128_n.jpg 960w\" sizes=\"auto, (max-width: 150px) 100vw, 150px\" data-src=\"https:\/\/urbeamea.ro\/albaiulia\/wp-content\/uploads\/2017\/07\/19904563_1670122246355983_961115128_n-150x113.jpg\" loading=\"lazy\" \/><\/a>\n\t\t\t<\/div><\/figure><figure class='gallery-item'>\n\t\t\t<div class='gallery-icon landscape'>\n\t\t\t\t<a href='https:\/\/urbeamea.ro\/albaiulia\/wp-content\/uploads\/2017\/07\/19970545_1670122253022649_1663561127_n.jpg'><img decoding=\"async\" width=\"150\" height=\"113\" src=\"data:image\/png;base64,iVBORw0KGgoAAAANSUhEUgAAAYYAAADcAQMAAABOLJSDAAAAA1BMVEUAAACnej3aAAAAAXRSTlMAQObYZgAAACJJREFUaIHtwTEBAAAAwqD1T20ND6AAAAAAAAAAAAAA4N8AKvgAAUFIrrEAAAAASUVORK5CYII=\" class=\"attachment-thumbnail size-thumbnail lazy-img\" alt=\"\" srcset=\"https:\/\/urbeamea.ro\/albaiulia\/wp-content\/uploads\/2017\/07\/19970545_1670122253022649_1663561127_n-150x113.jpg 150w, https:\/\/urbeamea.ro\/albaiulia\/wp-content\/uploads\/2017\/07\/19970545_1670122253022649_1663561127_n-640x480.jpg 640w, https:\/\/urbeamea.ro\/albaiulia\/wp-content\/uploads\/2017\/07\/19970545_1670122253022649_1663561127_n-768x576.jpg 768w, https:\/\/urbeamea.ro\/albaiulia\/wp-content\/uploads\/2017\/07\/19970545_1670122253022649_1663561127_n.jpg 960w\" sizes=\"auto, (max-width: 150px) 100vw, 150px\" data-src=\"https:\/\/urbeamea.ro\/albaiulia\/wp-content\/uploads\/2017\/07\/19970545_1670122253022649_1663561127_n-150x113.jpg\" loading=\"lazy\" \/><\/a>\n\t\t\t<\/div><\/figure><figure class='gallery-item'>\n\t\t\t<div class='gallery-icon landscape'>\n\t\t\t\t<a href='https:\/\/urbeamea.ro\/albaiulia\/wp-content\/uploads\/2017\/07\/DSC00606.jpg'><img decoding=\"async\" width=\"150\" height=\"113\" src=\"data:image\/png;base64,iVBORw0KGgoAAAANSUhEUgAAAYYAAADcAQMAAABOLJSDAAAAA1BMVEUAAACnej3aAAAAAXRSTlMAQObYZgAAACJJREFUaIHtwTEBAAAAwqD1T20ND6AAAAAAAAAAAAAA4N8AKvgAAUFIrrEAAAAASUVORK5CYII=\" class=\"attachment-thumbnail size-thumbnail lazy-img\" alt=\"\" srcset=\"https:\/\/urbeamea.ro\/albaiulia\/wp-content\/uploads\/2017\/07\/DSC00606-150x113.jpg 150w, https:\/\/urbeamea.ro\/albaiulia\/wp-content\/uploads\/2017\/07\/DSC00606-640x480.jpg 640w, https:\/\/urbeamea.ro\/albaiulia\/wp-content\/uploads\/2017\/07\/DSC00606-768x576.jpg 768w, https:\/\/urbeamea.ro\/albaiulia\/wp-content\/uploads\/2017\/07\/DSC00606.jpg 1200w\" sizes=\"auto, (max-width: 150px) 100vw, 150px\" data-src=\"https:\/\/urbeamea.ro\/albaiulia\/wp-content\/uploads\/2017\/07\/DSC00606-150x113.jpg\" loading=\"lazy\" \/><\/a>\n\t\t\t<\/div><\/figure><figure class='gallery-item'>\n\t\t\t<div class='gallery-icon landscape'>\n\t\t\t\t<a href='https:\/\/urbeamea.ro\/albaiulia\/wp-content\/uploads\/2017\/07\/P7260027.jpg'><img decoding=\"async\" width=\"150\" height=\"113\" src=\"data:image\/png;base64,iVBORw0KGgoAAAANSUhEUgAAAYYAAADcAQMAAABOLJSDAAAAA1BMVEUAAACnej3aAAAAAXRSTlMAQObYZgAAACJJREFUaIHtwTEBAAAAwqD1T20ND6AAAAAAAAAAAAAA4N8AKvgAAUFIrrEAAAAASUVORK5CYII=\" class=\"attachment-thumbnail size-thumbnail lazy-img\" alt=\"\" srcset=\"https:\/\/urbeamea.ro\/albaiulia\/wp-content\/uploads\/2017\/07\/P7260027-150x113.jpg 150w, https:\/\/urbeamea.ro\/albaiulia\/wp-content\/uploads\/2017\/07\/P7260027-640x480.jpg 640w, https:\/\/urbeamea.ro\/albaiulia\/wp-content\/uploads\/2017\/07\/P7260027-768x576.jpg 768w, https:\/\/urbeamea.ro\/albaiulia\/wp-content\/uploads\/2017\/07\/P7260027.jpg 1200w\" sizes=\"auto, (max-width: 150px) 100vw, 150px\" data-src=\"https:\/\/urbeamea.ro\/albaiulia\/wp-content\/uploads\/2017\/07\/P7260027-150x113.jpg\" loading=\"lazy\" \/><\/a>\n\t\t\t<\/div><\/figure><figure class='gallery-item'>\n\t\t\t<div class='gallery-icon landscape'>\n\t\t\t\t<a href='https:\/\/urbeamea.ro\/albaiulia\/wp-content\/uploads\/2017\/07\/P7260028.jpg'><img decoding=\"async\" width=\"150\" height=\"113\" src=\"data:image\/png;base64,iVBORw0KGgoAAAANSUhEUgAAAYYAAADcAQMAAABOLJSDAAAAA1BMVEUAAACnej3aAAAAAXRSTlMAQObYZgAAACJJREFUaIHtwTEBAAAAwqD1T20ND6AAAAAAAAAAAAAA4N8AKvgAAUFIrrEAAAAASUVORK5CYII=\" class=\"attachment-thumbnail size-thumbnail lazy-img\" alt=\"\" srcset=\"https:\/\/urbeamea.ro\/albaiulia\/wp-content\/uploads\/2017\/07\/P7260028-150x113.jpg 150w, https:\/\/urbeamea.ro\/albaiulia\/wp-content\/uploads\/2017\/07\/P7260028-640x480.jpg 640w, https:\/\/urbeamea.ro\/albaiulia\/wp-content\/uploads\/2017\/07\/P7260028-768x576.jpg 768w, https:\/\/urbeamea.ro\/albaiulia\/wp-content\/uploads\/2017\/07\/P7260028.jpg 1200w\" sizes=\"auto, (max-width: 150px) 100vw, 150px\" data-src=\"https:\/\/urbeamea.ro\/albaiulia\/wp-content\/uploads\/2017\/07\/P7260028-150x113.jpg\" loading=\"lazy\" \/><\/a>\n\t\t\t<\/div><\/figure><figure class='gallery-item'>\n\t\t\t<div class='gallery-icon landscape'>\n\t\t\t\t<a href='https:\/\/urbeamea.ro\/albaiulia\/wp-content\/uploads\/2017\/07\/P7260029.jpg'><img decoding=\"async\" width=\"150\" height=\"113\" src=\"data:image\/png;base64,iVBORw0KGgoAAAANSUhEUgAAAYYAAADcAQMAAABOLJSDAAAAA1BMVEUAAACnej3aAAAAAXRSTlMAQObYZgAAACJJREFUaIHtwTEBAAAAwqD1T20ND6AAAAAAAAAAAAAA4N8AKvgAAUFIrrEAAAAASUVORK5CYII=\" class=\"attachment-thumbnail size-thumbnail lazy-img\" alt=\"\" srcset=\"https:\/\/urbeamea.ro\/albaiulia\/wp-content\/uploads\/2017\/07\/P7260029-150x113.jpg 150w, https:\/\/urbeamea.ro\/albaiulia\/wp-content\/uploads\/2017\/07\/P7260029-640x480.jpg 640w, https:\/\/urbeamea.ro\/albaiulia\/wp-content\/uploads\/2017\/07\/P7260029-768x576.jpg 768w, https:\/\/urbeamea.ro\/albaiulia\/wp-content\/uploads\/2017\/07\/P7260029.jpg 1200w\" sizes=\"auto, (max-width: 150px) 100vw, 150px\" data-src=\"https:\/\/urbeamea.ro\/albaiulia\/wp-content\/uploads\/2017\/07\/P7260029-150x113.jpg\" loading=\"lazy\" \/><\/a>\n\t\t\t<\/div><\/figure><figure class='gallery-item'>\n\t\t\t<div class='gallery-icon landscape'>\n\t\t\t\t<a href='https:\/\/urbeamea.ro\/albaiulia\/wp-content\/uploads\/2017\/07\/P7260030.jpg'><img decoding=\"async\" width=\"150\" height=\"113\" src=\"data:image\/png;base64,iVBORw0KGgoAAAANSUhEUgAAAYYAAADcAQMAAABOLJSDAAAAA1BMVEUAAACnej3aAAAAAXRSTlMAQObYZgAAACJJREFUaIHtwTEBAAAAwqD1T20ND6AAAAAAAAAAAAAA4N8AKvgAAUFIrrEAAAAASUVORK5CYII=\" class=\"attachment-thumbnail size-thumbnail lazy-img\" alt=\"\" srcset=\"https:\/\/urbeamea.ro\/albaiulia\/wp-content\/uploads\/2017\/07\/P7260030-150x113.jpg 150w, https:\/\/urbeamea.ro\/albaiulia\/wp-content\/uploads\/2017\/07\/P7260030-640x480.jpg 640w, https:\/\/urbeamea.ro\/albaiulia\/wp-content\/uploads\/2017\/07\/P7260030-768x576.jpg 768w, https:\/\/urbeamea.ro\/albaiulia\/wp-content\/uploads\/2017\/07\/P7260030.jpg 1200w\" sizes=\"auto, (max-width: 150px) 100vw, 150px\" data-src=\"https:\/\/urbeamea.ro\/albaiulia\/wp-content\/uploads\/2017\/07\/P7260030-150x113.jpg\" loading=\"lazy\" \/><\/a>\n\t\t\t<\/div><\/figure><figure class='gallery-item'>\n\t\t\t<div class='gallery-icon landscape'>\n\t\t\t\t<a href='https:\/\/urbeamea.ro\/albaiulia\/wp-content\/uploads\/2017\/07\/P7260031.jpg'><img decoding=\"async\" width=\"150\" height=\"113\" src=\"data:image\/png;base64,iVBORw0KGgoAAAANSUhEUgAAAYYAAADcAQMAAABOLJSDAAAAA1BMVEUAAACnej3aAAAAAXRSTlMAQObYZgAAACJJREFUaIHtwTEBAAAAwqD1T20ND6AAAAAAAAAAAAAA4N8AKvgAAUFIrrEAAAAASUVORK5CYII=\" class=\"attachment-thumbnail size-thumbnail lazy-img\" alt=\"\" srcset=\"https:\/\/urbeamea.ro\/albaiulia\/wp-content\/uploads\/2017\/07\/P7260031-150x113.jpg 150w, https:\/\/urbeamea.ro\/albaiulia\/wp-content\/uploads\/2017\/07\/P7260031-640x480.jpg 640w, https:\/\/urbeamea.ro\/albaiulia\/wp-content\/uploads\/2017\/07\/P7260031-768x576.jpg 768w, https:\/\/urbeamea.ro\/albaiulia\/wp-content\/uploads\/2017\/07\/P7260031.jpg 1200w\" sizes=\"auto, (max-width: 150px) 100vw, 150px\" data-src=\"https:\/\/urbeamea.ro\/albaiulia\/wp-content\/uploads\/2017\/07\/P7260031-150x113.jpg\" loading=\"lazy\" \/><\/a>\n\t\t\t<\/div><\/figure><figure class='gallery-item'>\n\t\t\t<div class='gallery-icon landscape'>\n\t\t\t\t<a href='https:\/\/urbeamea.ro\/albaiulia\/wp-content\/uploads\/2017\/07\/P7260032.jpg'><img decoding=\"async\" width=\"150\" height=\"113\" src=\"data:image\/png;base64,iVBORw0KGgoAAAANSUhEUgAAAYYAAADcAQMAAABOLJSDAAAAA1BMVEUAAACnej3aAAAAAXRSTlMAQObYZgAAACJJREFUaIHtwTEBAAAAwqD1T20ND6AAAAAAAAAAAAAA4N8AKvgAAUFIrrEAAAAASUVORK5CYII=\" class=\"attachment-thumbnail size-thumbnail lazy-img\" alt=\"\" srcset=\"https:\/\/urbeamea.ro\/albaiulia\/wp-content\/uploads\/2017\/07\/P7260032-150x113.jpg 150w, https:\/\/urbeamea.ro\/albaiulia\/wp-content\/uploads\/2017\/07\/P7260032-640x480.jpg 640w, https:\/\/urbeamea.ro\/albaiulia\/wp-content\/uploads\/2017\/07\/P7260032-768x576.jpg 768w, https:\/\/urbeamea.ro\/albaiulia\/wp-content\/uploads\/2017\/07\/P7260032.jpg 1200w\" sizes=\"auto, (max-width: 150px) 100vw, 150px\" data-src=\"https:\/\/urbeamea.ro\/albaiulia\/wp-content\/uploads\/2017\/07\/P7260032-150x113.jpg\" loading=\"lazy\" \/><\/a>\n\t\t\t<\/div><\/figure><figure class='gallery-item'>\n\t\t\t<div class='gallery-icon landscape'>\n\t\t\t\t<a href='https:\/\/urbeamea.ro\/albaiulia\/wp-content\/uploads\/2017\/07\/P7260033.jpg'><img decoding=\"async\" width=\"150\" height=\"113\" src=\"data:image\/png;base64,iVBORw0KGgoAAAANSUhEUgAAAYYAAADcAQMAAABOLJSDAAAAA1BMVEUAAACnej3aAAAAAXRSTlMAQObYZgAAACJJREFUaIHtwTEBAAAAwqD1T20ND6AAAAAAAAAAAAAA4N8AKvgAAUFIrrEAAAAASUVORK5CYII=\" class=\"attachment-thumbnail size-thumbnail lazy-img\" alt=\"\" srcset=\"https:\/\/urbeamea.ro\/albaiulia\/wp-content\/uploads\/2017\/07\/P7260033-150x113.jpg 150w, https:\/\/urbeamea.ro\/albaiulia\/wp-content\/uploads\/2017\/07\/P7260033-640x480.jpg 640w, https:\/\/urbeamea.ro\/albaiulia\/wp-content\/uploads\/2017\/07\/P7260033-768x576.jpg 768w, https:\/\/urbeamea.ro\/albaiulia\/wp-content\/uploads\/2017\/07\/P7260033.jpg 1200w\" sizes=\"auto, (max-width: 150px) 100vw, 150px\" data-src=\"https:\/\/urbeamea.ro\/albaiulia\/wp-content\/uploads\/2017\/07\/P7260033-150x113.jpg\" loading=\"lazy\" \/><\/a>\n\t\t\t<\/div><\/figure><figure class='gallery-item'>\n\t\t\t<div class='gallery-icon landscape'>\n\t\t\t\t<a href='https:\/\/urbeamea.ro\/albaiulia\/wp-content\/uploads\/2017\/07\/P7260034.jpg'><img decoding=\"async\" width=\"150\" height=\"113\" src=\"data:image\/png;base64,iVBORw0KGgoAAAANSUhEUgAAAYYAAADcAQMAAABOLJSDAAAAA1BMVEUAAACnej3aAAAAAXRSTlMAQObYZgAAACJJREFUaIHtwTEBAAAAwqD1T20ND6AAAAAAAAAAAAAA4N8AKvgAAUFIrrEAAAAASUVORK5CYII=\" class=\"attachment-thumbnail size-thumbnail lazy-img\" alt=\"\" srcset=\"https:\/\/urbeamea.ro\/albaiulia\/wp-content\/uploads\/2017\/07\/P7260034-150x113.jpg 150w, https:\/\/urbeamea.ro\/albaiulia\/wp-content\/uploads\/2017\/07\/P7260034-640x480.jpg 640w, https:\/\/urbeamea.ro\/albaiulia\/wp-content\/uploads\/2017\/07\/P7260034-768x576.jpg 768w, https:\/\/urbeamea.ro\/albaiulia\/wp-content\/uploads\/2017\/07\/P7260034.jpg 1200w\" sizes=\"auto, (max-width: 150px) 100vw, 150px\" data-src=\"https:\/\/urbeamea.ro\/albaiulia\/wp-content\/uploads\/2017\/07\/P7260034-150x113.jpg\" loading=\"lazy\" \/><\/a>\n\t\t\t<\/div><\/figure>\n\t\t<\/div>\n\n","protected":false},"excerpt":{"rendered":"<p>Un b\u0103rbat care pretindea c\u0103 este o persoan\u0103 cu dizabilit\u0103\u021bi \u0219i apela la mila public\u0103 \u00een diferite zone ale municipiului Alba Iulia a fost depistat, \u00een 14 \u0219i 26 iulie, de poli\u021bi\u0219tii locali. B\u0103rbatul \u00een v\u00e2rst\u0103 de 63 de ani\u00a0punea \u00een pericol circula\u0163ia rutier\u0103 deoarece se deplasa pe carosabil, \u00eentr-un scaun cu rotile, nefiind o &hellip;<\/p>\n","protected":false},"author":17,"featured_media":50012,"comment_status":"open","ping_status":"open","sticky":false,"template":"","format":"standard","meta":{"inline_featured_image":false,"footnotes":""},"categories":[2034],"tags":[31,2382,3842,11907,1217,11909,11908,10689,308,76],"class_list":["post-50008","post","type-post","status-publish","format-standard","has-post-thumbnail","hentry","category-social","tag-alba-iulia","tag-amenda","tag-carosabil","tag-cersetor","tag-circulatie-rutiera","tag-mila-publica","tag-persoana-cu-dizabilitati","tag-politisti-locali","tag-stiri","tag-urbea-mea"],"yoast_head":"<!-- This site is optimized with the Yoast SEO plugin v28.3 - https:\/\/yoast.com\/product\/yoast-seo-wordpress\/ -->\n<title>FOTO-VIDEO: Un b\u0103rbat care pretindea c\u0103 este persoan\u0103 cu dizabilit\u0103\u021bi, amendat de poli\u021bi\u0219tii locali din Alba Iulia. Cer\u0219ea, \u00een scaun cu rotile, pe mijlocul drumului - Revista Urbea Mea - Revista de Alba<\/title>\n<meta name=\"description\" content=\"Un b\u0103rbat care pretindea c\u0103 este o persoan\u0103 cu dizabilit\u0103\u021bi \u0219i apela la mila public\u0103 \u00een diferite zone ale municipiului Alba Iulia a fost depistat, \u00een 14\" \/>\n<meta name=\"robots\" content=\"index, follow, max-snippet:-1, max-image-preview:large, max-video-preview:-1\" \/>\n<link rel=\"canonical\" href=\"https:\/\/urbeamea.ro\/albaiulia\/foto-video-un-barbat-care-pretindea-ca-este-persoana-cu-dizabilitati-amendat-de-politistii-locali-din-alba-iulia-cersea-in-scaun-cu-rotile-pe-mijlocul-drumului\/\" \/>\n<meta name=\"twitter:card\" content=\"summary_large_image\" \/>\n<meta name=\"twitter:title\" content=\"FOTO-VIDEO: Un b\u0103rbat care pretindea c\u0103 este persoan\u0103 cu dizabilit\u0103\u021bi, amendat de poli\u021bi\u0219tii locali din Alba Iulia. Cer\u0219ea, \u00een scaun cu rotile, pe mijlocul drumului - Revista Urbea Mea - Revista de Alba\" \/>\n<meta name=\"twitter:description\" content=\"Un b\u0103rbat care pretindea c\u0103 este o persoan\u0103 cu dizabilit\u0103\u021bi \u0219i apela la mila public\u0103 \u00een diferite zone ale municipiului Alba Iulia a fost depistat, \u00een 14\" \/>\n<meta name=\"twitter:image\" content=\"https:\/\/urbeamea.ro\/albaiulia\/wp-content\/uploads\/2017\/07\/P7260027.jpg\" \/>\n<meta name=\"twitter:creator\" content=\"@urbeameaweb\" \/>\n<meta name=\"twitter:site\" content=\"@urbeameaweb\" \/>\n<script type=\"application\/ld+json\" class=\"yoast-schema-graph\">{\"@context\":\"https:\\\/\\\/schema.org\",\"@graph\":[{\"@type\":\"Article\",\"@id\":\"https:\\\/\\\/urbeamea.ro\\\/albaiulia\\\/foto-video-un-barbat-care-pretindea-ca-este-persoana-cu-dizabilitati-amendat-de-politistii-locali-din-alba-iulia-cersea-in-scaun-cu-rotile-pe-mijlocul-drumului\\\/#article\",\"isPartOf\":{\"@id\":\"https:\\\/\\\/urbeamea.ro\\\/albaiulia\\\/foto-video-un-barbat-care-pretindea-ca-este-persoana-cu-dizabilitati-amendat-de-politistii-locali-din-alba-iulia-cersea-in-scaun-cu-rotile-pe-mijlocul-drumului\\\/\"},\"author\":{\"name\":\"Cristina Ganga\",\"@id\":\"https:\\\/\\\/urbeamea.ro\\\/albaiulia\\\/#\\\/schema\\\/person\\\/9700d21fae21c4f038b0b56f4506264a\"},\"headline\":\"FOTO-VIDEO: Un b\u0103rbat care pretindea c\u0103 este persoan\u0103 cu dizabilit\u0103\u021bi, amendat de poli\u021bi\u0219tii locali din Alba Iulia. Cer\u0219ea, \u00een scaun cu rotile, pe mijlocul drumului\",\"datePublished\":\"2017-07-27T15:28:11+00:00\",\"mainEntityOfPage\":{\"@id\":\"https:\\\/\\\/urbeamea.ro\\\/albaiulia\\\/foto-video-un-barbat-care-pretindea-ca-este-persoana-cu-dizabilitati-amendat-de-politistii-locali-din-alba-iulia-cersea-in-scaun-cu-rotile-pe-mijlocul-drumului\\\/\"},\"wordCount\":266,\"commentCount\":0,\"image\":{\"@id\":\"https:\\\/\\\/urbeamea.ro\\\/albaiulia\\\/foto-video-un-barbat-care-pretindea-ca-este-persoana-cu-dizabilitati-amendat-de-politistii-locali-din-alba-iulia-cersea-in-scaun-cu-rotile-pe-mijlocul-drumului\\\/#primaryimage\"},\"thumbnailUrl\":\"https:\\\/\\\/urbeamea.ro\\\/albaiulia\\\/wp-content\\\/uploads\\\/2017\\\/07\\\/P7260027.jpg\",\"keywords\":[\"Alba Iulia\",\"amenda\",\"carosabil\",\"cersetor\",\"circulatie rutiera\",\"mila publica\",\"persoana cu dizabilitati\",\"politisti locali\",\"stiri\",\"Urbea Mea\"],\"articleSection\":[\"Social\"],\"inLanguage\":\"ro-RO\",\"potentialAction\":[{\"@type\":\"CommentAction\",\"name\":\"Comment\",\"target\":[\"https:\\\/\\\/urbeamea.ro\\\/albaiulia\\\/foto-video-un-barbat-care-pretindea-ca-este-persoana-cu-dizabilitati-amendat-de-politistii-locali-din-alba-iulia-cersea-in-scaun-cu-rotile-pe-mijlocul-drumului\\\/#respond\"]}]},{\"@type\":\"WebPage\",\"@id\":\"https:\\\/\\\/urbeamea.ro\\\/albaiulia\\\/foto-video-un-barbat-care-pretindea-ca-este-persoana-cu-dizabilitati-amendat-de-politistii-locali-din-alba-iulia-cersea-in-scaun-cu-rotile-pe-mijlocul-drumului\\\/\",\"url\":\"https:\\\/\\\/urbeamea.ro\\\/albaiulia\\\/foto-video-un-barbat-care-pretindea-ca-este-persoana-cu-dizabilitati-amendat-de-politistii-locali-din-alba-iulia-cersea-in-scaun-cu-rotile-pe-mijlocul-drumului\\\/\",\"name\":\"FOTO-VIDEO: Un b\u0103rbat care pretindea c\u0103 este persoan\u0103 cu dizabilit\u0103\u021bi, amendat de poli\u021bi\u0219tii locali din Alba Iulia. Cer\u0219ea, \u00een scaun cu rotile, pe mijlocul drumului - Revista Urbea Mea - Revista de Alba\",\"isPartOf\":{\"@id\":\"https:\\\/\\\/urbeamea.ro\\\/albaiulia\\\/#website\"},\"primaryImageOfPage\":{\"@id\":\"https:\\\/\\\/urbeamea.ro\\\/albaiulia\\\/foto-video-un-barbat-care-pretindea-ca-este-persoana-cu-dizabilitati-amendat-de-politistii-locali-din-alba-iulia-cersea-in-scaun-cu-rotile-pe-mijlocul-drumului\\\/#primaryimage\"},\"image\":{\"@id\":\"https:\\\/\\\/urbeamea.ro\\\/albaiulia\\\/foto-video-un-barbat-care-pretindea-ca-este-persoana-cu-dizabilitati-amendat-de-politistii-locali-din-alba-iulia-cersea-in-scaun-cu-rotile-pe-mijlocul-drumului\\\/#primaryimage\"},\"thumbnailUrl\":\"https:\\\/\\\/urbeamea.ro\\\/albaiulia\\\/wp-content\\\/uploads\\\/2017\\\/07\\\/P7260027.jpg\",\"datePublished\":\"2017-07-27T15:28:11+00:00\",\"author\":{\"@id\":\"https:\\\/\\\/urbeamea.ro\\\/albaiulia\\\/#\\\/schema\\\/person\\\/9700d21fae21c4f038b0b56f4506264a\"},\"description\":\"Un b\u0103rbat care pretindea c\u0103 este o persoan\u0103 cu dizabilit\u0103\u021bi \u0219i apela la mila public\u0103 \u00een diferite zone ale municipiului Alba Iulia a fost depistat, \u00een 14\",\"breadcrumb\":{\"@id\":\"https:\\\/\\\/urbeamea.ro\\\/albaiulia\\\/foto-video-un-barbat-care-pretindea-ca-este-persoana-cu-dizabilitati-amendat-de-politistii-locali-din-alba-iulia-cersea-in-scaun-cu-rotile-pe-mijlocul-drumului\\\/#breadcrumb\"},\"inLanguage\":\"ro-RO\",\"potentialAction\":[{\"@type\":\"ReadAction\",\"target\":[\"https:\\\/\\\/urbeamea.ro\\\/albaiulia\\\/foto-video-un-barbat-care-pretindea-ca-este-persoana-cu-dizabilitati-amendat-de-politistii-locali-din-alba-iulia-cersea-in-scaun-cu-rotile-pe-mijlocul-drumului\\\/\"]}]},{\"@type\":\"ImageObject\",\"inLanguage\":\"ro-RO\",\"@id\":\"https:\\\/\\\/urbeamea.ro\\\/albaiulia\\\/foto-video-un-barbat-care-pretindea-ca-este-persoana-cu-dizabilitati-amendat-de-politistii-locali-din-alba-iulia-cersea-in-scaun-cu-rotile-pe-mijlocul-drumului\\\/#primaryimage\",\"url\":\"https:\\\/\\\/urbeamea.ro\\\/albaiulia\\\/wp-content\\\/uploads\\\/2017\\\/07\\\/P7260027.jpg\",\"contentUrl\":\"https:\\\/\\\/urbeamea.ro\\\/albaiulia\\\/wp-content\\\/uploads\\\/2017\\\/07\\\/P7260027.jpg\",\"width\":1200,\"height\":900},{\"@type\":\"BreadcrumbList\",\"@id\":\"https:\\\/\\\/urbeamea.ro\\\/albaiulia\\\/foto-video-un-barbat-care-pretindea-ca-este-persoana-cu-dizabilitati-amendat-de-politistii-locali-din-alba-iulia-cersea-in-scaun-cu-rotile-pe-mijlocul-drumului\\\/#breadcrumb\",\"itemListElement\":[{\"@type\":\"ListItem\",\"position\":1,\"name\":\"Prima pagin\u0103\",\"item\":\"https:\\\/\\\/urbeamea.ro\\\/albaiulia\\\/\"},{\"@type\":\"ListItem\",\"position\":2,\"name\":\"FOTO-VIDEO: Un b\u0103rbat care pretindea c\u0103 este persoan\u0103 cu dizabilit\u0103\u021bi, amendat de poli\u021bi\u0219tii locali din Alba Iulia. Cer\u0219ea, \u00een scaun cu rotile, pe mijlocul drumului\"}]},{\"@type\":\"WebSite\",\"@id\":\"https:\\\/\\\/urbeamea.ro\\\/albaiulia\\\/#website\",\"url\":\"https:\\\/\\\/urbeamea.ro\\\/albaiulia\\\/\",\"name\":\"Revista Urbea Mea, Stiri urbane\",\"description\":\"Evenimente \u0219i \u0219tiri din Alba Iulia, Sebe\u0219, Aiud, Blaj\",\"potentialAction\":[{\"@type\":\"SearchAction\",\"target\":{\"@type\":\"EntryPoint\",\"urlTemplate\":\"https:\\\/\\\/urbeamea.ro\\\/albaiulia\\\/?s={search_term_string}\"},\"query-input\":{\"@type\":\"PropertyValueSpecification\",\"valueRequired\":true,\"valueName\":\"search_term_string\"}}],\"inLanguage\":\"ro-RO\"},{\"@type\":\"Person\",\"@id\":\"https:\\\/\\\/urbeamea.ro\\\/albaiulia\\\/#\\\/schema\\\/person\\\/9700d21fae21c4f038b0b56f4506264a\",\"name\":\"Cristina Ganga\",\"image\":{\"@type\":\"ImageObject\",\"inLanguage\":\"ro-RO\",\"@id\":\"https:\\\/\\\/secure.gravatar.com\\\/avatar\\\/5a67661041f057b4a8ccaf26f5a8e86e2689372006d01faf3dd9eeb10b654bb4?s=96&d=mm&r=g\",\"url\":\"https:\\\/\\\/secure.gravatar.com\\\/avatar\\\/5a67661041f057b4a8ccaf26f5a8e86e2689372006d01faf3dd9eeb10b654bb4?s=96&d=mm&r=g\",\"contentUrl\":\"https:\\\/\\\/secure.gravatar.com\\\/avatar\\\/5a67661041f057b4a8ccaf26f5a8e86e2689372006d01faf3dd9eeb10b654bb4?s=96&d=mm&r=g\",\"caption\":\"Cristina Ganga\"},\"description\":\"Jurnalist\",\"sameAs\":[\"https:\\\/\\\/www.facebook.com\\\/cristina.nicola.587\"],\"url\":\"https:\\\/\\\/urbeamea.ro\\\/albaiulia\\\/author\\\/cristina-nicola\\\/\"}]}<\/script>\n<!-- \/ Yoast SEO plugin. -->","yoast_head_json":{"title":"FOTO-VIDEO: Un b\u0103rbat care pretindea c\u0103 este persoan\u0103 cu dizabilit\u0103\u021bi, amendat de poli\u021bi\u0219tii locali din Alba Iulia. Cer\u0219ea, \u00een scaun cu rotile, pe mijlocul drumului - Revista Urbea Mea - Revista de Alba","description":"Un b\u0103rbat care pretindea c\u0103 este o persoan\u0103 cu dizabilit\u0103\u021bi \u0219i apela la mila public\u0103 \u00een diferite zone ale municipiului Alba Iulia a fost depistat, \u00een 14","robots":{"index":"index","follow":"follow","max-snippet":"max-snippet:-1","max-image-preview":"max-image-preview:large","max-video-preview":"max-video-preview:-1"},"canonical":"https:\/\/urbeamea.ro\/albaiulia\/foto-video-un-barbat-care-pretindea-ca-este-persoana-cu-dizabilitati-amendat-de-politistii-locali-din-alba-iulia-cersea-in-scaun-cu-rotile-pe-mijlocul-drumului\/","twitter_card":"summary_large_image","twitter_title":"FOTO-VIDEO: Un b\u0103rbat care pretindea c\u0103 este persoan\u0103 cu dizabilit\u0103\u021bi, amendat de poli\u021bi\u0219tii locali din Alba Iulia. Cer\u0219ea, \u00een scaun cu rotile, pe mijlocul drumului - Revista Urbea Mea - Revista de Alba","twitter_description":"Un b\u0103rbat care pretindea c\u0103 este o persoan\u0103 cu dizabilit\u0103\u021bi \u0219i apela la mila public\u0103 \u00een diferite zone ale municipiului Alba Iulia a fost depistat, \u00een 14","twitter_image":"https:\/\/urbeamea.ro\/albaiulia\/wp-content\/uploads\/2017\/07\/P7260027.jpg","twitter_creator":"@urbeameaweb","twitter_site":"@urbeameaweb","schema":{"@context":"https:\/\/schema.org","@graph":[{"@type":"Article","@id":"https:\/\/urbeamea.ro\/albaiulia\/foto-video-un-barbat-care-pretindea-ca-este-persoana-cu-dizabilitati-amendat-de-politistii-locali-din-alba-iulia-cersea-in-scaun-cu-rotile-pe-mijlocul-drumului\/#article","isPartOf":{"@id":"https:\/\/urbeamea.ro\/albaiulia\/foto-video-un-barbat-care-pretindea-ca-este-persoana-cu-dizabilitati-amendat-de-politistii-locali-din-alba-iulia-cersea-in-scaun-cu-rotile-pe-mijlocul-drumului\/"},"author":{"name":"Cristina Ganga","@id":"https:\/\/urbeamea.ro\/albaiulia\/#\/schema\/person\/9700d21fae21c4f038b0b56f4506264a"},"headline":"FOTO-VIDEO: Un b\u0103rbat care pretindea c\u0103 este persoan\u0103 cu dizabilit\u0103\u021bi, amendat de poli\u021bi\u0219tii locali din Alba Iulia. Cer\u0219ea, \u00een scaun cu rotile, pe mijlocul drumului","datePublished":"2017-07-27T15:28:11+00:00","mainEntityOfPage":{"@id":"https:\/\/urbeamea.ro\/albaiulia\/foto-video-un-barbat-care-pretindea-ca-este-persoana-cu-dizabilitati-amendat-de-politistii-locali-din-alba-iulia-cersea-in-scaun-cu-rotile-pe-mijlocul-drumului\/"},"wordCount":266,"commentCount":0,"image":{"@id":"https:\/\/urbeamea.ro\/albaiulia\/foto-video-un-barbat-care-pretindea-ca-este-persoana-cu-dizabilitati-amendat-de-politistii-locali-din-alba-iulia-cersea-in-scaun-cu-rotile-pe-mijlocul-drumului\/#primaryimage"},"thumbnailUrl":"https:\/\/urbeamea.ro\/albaiulia\/wp-content\/uploads\/2017\/07\/P7260027.jpg","keywords":["Alba Iulia","amenda","carosabil","cersetor","circulatie rutiera","mila publica","persoana cu dizabilitati","politisti locali","stiri","Urbea Mea"],"articleSection":["Social"],"inLanguage":"ro-RO","potentialAction":[{"@type":"CommentAction","name":"Comment","target":["https:\/\/urbeamea.ro\/albaiulia\/foto-video-un-barbat-care-pretindea-ca-este-persoana-cu-dizabilitati-amendat-de-politistii-locali-din-alba-iulia-cersea-in-scaun-cu-rotile-pe-mijlocul-drumului\/#respond"]}]},{"@type":"WebPage","@id":"https:\/\/urbeamea.ro\/albaiulia\/foto-video-un-barbat-care-pretindea-ca-este-persoana-cu-dizabilitati-amendat-de-politistii-locali-din-alba-iulia-cersea-in-scaun-cu-rotile-pe-mijlocul-drumului\/","url":"https:\/\/urbeamea.ro\/albaiulia\/foto-video-un-barbat-care-pretindea-ca-este-persoana-cu-dizabilitati-amendat-de-politistii-locali-din-alba-iulia-cersea-in-scaun-cu-rotile-pe-mijlocul-drumului\/","name":"FOTO-VIDEO: Un b\u0103rbat care pretindea c\u0103 este persoan\u0103 cu dizabilit\u0103\u021bi, amendat de poli\u021bi\u0219tii locali din Alba Iulia. Cer\u0219ea, \u00een scaun cu rotile, pe mijlocul drumului - Revista Urbea Mea - Revista de Alba","isPartOf":{"@id":"https:\/\/urbeamea.ro\/albaiulia\/#website"},"primaryImageOfPage":{"@id":"https:\/\/urbeamea.ro\/albaiulia\/foto-video-un-barbat-care-pretindea-ca-este-persoana-cu-dizabilitati-amendat-de-politistii-locali-din-alba-iulia-cersea-in-scaun-cu-rotile-pe-mijlocul-drumului\/#primaryimage"},"image":{"@id":"https:\/\/urbeamea.ro\/albaiulia\/foto-video-un-barbat-care-pretindea-ca-este-persoana-cu-dizabilitati-amendat-de-politistii-locali-din-alba-iulia-cersea-in-scaun-cu-rotile-pe-mijlocul-drumului\/#primaryimage"},"thumbnailUrl":"https:\/\/urbeamea.ro\/albaiulia\/wp-content\/uploads\/2017\/07\/P7260027.jpg","datePublished":"2017-07-27T15:28:11+00:00","author":{"@id":"https:\/\/urbeamea.ro\/albaiulia\/#\/schema\/person\/9700d21fae21c4f038b0b56f4506264a"},"description":"Un b\u0103rbat care pretindea c\u0103 este o persoan\u0103 cu dizabilit\u0103\u021bi \u0219i apela la mila public\u0103 \u00een diferite zone ale municipiului Alba Iulia a fost depistat, \u00een 14","breadcrumb":{"@id":"https:\/\/urbeamea.ro\/albaiulia\/foto-video-un-barbat-care-pretindea-ca-este-persoana-cu-dizabilitati-amendat-de-politistii-locali-din-alba-iulia-cersea-in-scaun-cu-rotile-pe-mijlocul-drumului\/#breadcrumb"},"inLanguage":"ro-RO","potentialAction":[{"@type":"ReadAction","target":["https:\/\/urbeamea.ro\/albaiulia\/foto-video-un-barbat-care-pretindea-ca-este-persoana-cu-dizabilitati-amendat-de-politistii-locali-din-alba-iulia-cersea-in-scaun-cu-rotile-pe-mijlocul-drumului\/"]}]},{"@type":"ImageObject","inLanguage":"ro-RO","@id":"https:\/\/urbeamea.ro\/albaiulia\/foto-video-un-barbat-care-pretindea-ca-este-persoana-cu-dizabilitati-amendat-de-politistii-locali-din-alba-iulia-cersea-in-scaun-cu-rotile-pe-mijlocul-drumului\/#primaryimage","url":"https:\/\/urbeamea.ro\/albaiulia\/wp-content\/uploads\/2017\/07\/P7260027.jpg","contentUrl":"https:\/\/urbeamea.ro\/albaiulia\/wp-content\/uploads\/2017\/07\/P7260027.jpg","width":1200,"height":900},{"@type":"BreadcrumbList","@id":"https:\/\/urbeamea.ro\/albaiulia\/foto-video-un-barbat-care-pretindea-ca-este-persoana-cu-dizabilitati-amendat-de-politistii-locali-din-alba-iulia-cersea-in-scaun-cu-rotile-pe-mijlocul-drumului\/#breadcrumb","itemListElement":[{"@type":"ListItem","position":1,"name":"Prima pagin\u0103","item":"https:\/\/urbeamea.ro\/albaiulia\/"},{"@type":"ListItem","position":2,"name":"FOTO-VIDEO: Un b\u0103rbat care pretindea c\u0103 este persoan\u0103 cu dizabilit\u0103\u021bi, amendat de poli\u021bi\u0219tii locali din Alba Iulia. Cer\u0219ea, \u00een scaun cu rotile, pe mijlocul drumului"}]},{"@type":"WebSite","@id":"https:\/\/urbeamea.ro\/albaiulia\/#website","url":"https:\/\/urbeamea.ro\/albaiulia\/","name":"Revista Urbea Mea, Stiri urbane","description":"Evenimente \u0219i \u0219tiri din Alba Iulia, Sebe\u0219, Aiud, Blaj","potentialAction":[{"@type":"SearchAction","target":{"@type":"EntryPoint","urlTemplate":"https:\/\/urbeamea.ro\/albaiulia\/?s={search_term_string}"},"query-input":{"@type":"PropertyValueSpecification","valueRequired":true,"valueName":"search_term_string"}}],"inLanguage":"ro-RO"},{"@type":"Person","@id":"https:\/\/urbeamea.ro\/albaiulia\/#\/schema\/person\/9700d21fae21c4f038b0b56f4506264a","name":"Cristina Ganga","image":{"@type":"ImageObject","inLanguage":"ro-RO","@id":"https:\/\/secure.gravatar.com\/avatar\/5a67661041f057b4a8ccaf26f5a8e86e2689372006d01faf3dd9eeb10b654bb4?s=96&d=mm&r=g","url":"https:\/\/secure.gravatar.com\/avatar\/5a67661041f057b4a8ccaf26f5a8e86e2689372006d01faf3dd9eeb10b654bb4?s=96&d=mm&r=g","contentUrl":"https:\/\/secure.gravatar.com\/avatar\/5a67661041f057b4a8ccaf26f5a8e86e2689372006d01faf3dd9eeb10b654bb4?s=96&d=mm&r=g","caption":"Cristina Ganga"},"description":"Jurnalist","sameAs":["https:\/\/www.facebook.com\/cristina.nicola.587"],"url":"https:\/\/urbeamea.ro\/albaiulia\/author\/cristina-nicola\/"}]}},"_links":{"self":[{"href":"https:\/\/urbeamea.ro\/albaiulia\/wp-json\/wp\/v2\/posts\/50008","targetHints":{"allow":["GET"]}}],"collection":[{"href":"https:\/\/urbeamea.ro\/albaiulia\/wp-json\/wp\/v2\/posts"}],"about":[{"href":"https:\/\/urbeamea.ro\/albaiulia\/wp-json\/wp\/v2\/types\/post"}],"author":[{"embeddable":true,"href":"https:\/\/urbeamea.ro\/albaiulia\/wp-json\/wp\/v2\/users\/17"}],"replies":[{"embeddable":true,"href":"https:\/\/urbeamea.ro\/albaiulia\/wp-json\/wp\/v2\/comments?post=50008"}],"version-history":[{"count":0,"href":"https:\/\/urbeamea.ro\/albaiulia\/wp-json\/wp\/v2\/posts\/50008\/revisions"}],"wp:featuredmedia":[{"embeddable":true,"href":"https:\/\/urbeamea.ro\/albaiulia\/wp-json\/wp\/v2\/media\/50012"}],"wp:attachment":[{"href":"https:\/\/urbeamea.ro\/albaiulia\/wp-json\/wp\/v2\/media?parent=50008"}],"wp:term":[{"taxonomy":"category","embeddable":true,"href":"https:\/\/urbeamea.ro\/albaiulia\/wp-json\/wp\/v2\/categories?post=50008"},{"taxonomy":"post_tag","embeddable":true,"href":"https:\/\/urbeamea.ro\/albaiulia\/wp-json\/wp\/v2\/tags?post=50008"}],"curies":[{"name":"wp","href":"https:\/\/api.w.org\/{rel}","templated":true}]}}