{"id":50063,"date":"2017-07-28T15:47:29","date_gmt":"2017-07-28T12:47:29","guid":{"rendered":"https:\/\/urbeamea.ro\/albaiulia\/?p=50063"},"modified":"2017-07-28T15:55:56","modified_gmt":"2017-07-28T12:55:56","slug":"foto-video-accident-la-alba-iulia-un-barbat-a-fost-lovit-pe-trecerea-de-pietoni","status":"publish","type":"post","link":"https:\/\/urbeamea.ro\/albaiulia\/foto-video-accident-la-alba-iulia-un-barbat-a-fost-lovit-pe-trecerea-de-pietoni\/","title":{"rendered":"FOTO-VIDEO: Accident la Alba Iulia. Un b\u0103rbat a fost lovit pe trecerea de pietoni"},"content":{"rendered":"<p><strong>Un accident rutier s-a petrecut vineri dup\u0103-amiaz\u0103, pe strada Ion I.C. Br\u0103tianu din municipiul Alba Iulia. Din primele informa\u021bii, un b\u0103rbat care circula pe biciclet\u0103 a fost lovit de o ma\u0219in\u0103 pe trecerea de pietoni.<\/strong><\/p>\n<p>La fa\u021ba locului a ajuns un echipaj al ISU Alba pentru acordarea primului ajutor.<\/p>\n<p>Potrivit unor martori, de vin\u0103 ar fi pietonul, care s-a angajat \u00een traversarea str\u0103zii pe biciclet\u0103, \u00eens\u0103 poli\u021bi\u0219tii cerceteaz\u0103 pentru a afla cum s-a petrecut accidentul.<\/p>\n<p>Potrivit IPJ Alba, este vorba despre un\u00a0b\u0103rbat \u00een v\u00e2rst\u0103 de 42 de ani care a traversat pe biciclet\u0103 pe trecerea de pietoni. Se pare c\u0103 acesta era \u0219i b\u0103ut.<\/p>\n<p>Revenim cu am\u0103nunte.<\/p>\n<p><iframe loading=\"lazy\" title=\"Accident la Alba Iulia: Persoana lovita pe trecerea de pietoni\" width=\"500\" height=\"281\" src=\"https:\/\/www.youtube.com\/embed\/_w5b2URSOyY?feature=oembed\" frameborder=\"0\" allow=\"accelerometer; autoplay; clipboard-write; encrypted-media; gyroscope; picture-in-picture; web-share\" referrerpolicy=\"strict-origin-when-cross-origin\" allowfullscreen><\/iframe><\/p>\n<div id='gallery-1' class='gallery galleryid-50063 gallery-columns-3 gallery-size-thumbnail'><figure class='gallery-item'>\n\t\t\t<div class='gallery-icon landscape'>\n\t\t\t\t<a href='https:\/\/urbeamea.ro\/albaiulia\/wp-content\/uploads\/2017\/07\/20170728_151849.jpg'><img decoding=\"async\" width=\"150\" height=\"84\" src=\"data:image\/png;base64,iVBORw0KGgoAAAANSUhEUgAAAYYAAADcAQMAAABOLJSDAAAAA1BMVEUAAACnej3aAAAAAXRSTlMAQObYZgAAACJJREFUaIHtwTEBAAAAwqD1T20ND6AAAAAAAAAAAAAA4N8AKvgAAUFIrrEAAAAASUVORK5CYII=\" class=\"attachment-thumbnail size-thumbnail lazy-img\" alt=\"\" srcset=\"https:\/\/urbeamea.ro\/albaiulia\/wp-content\/uploads\/2017\/07\/20170728_151849-150x84.jpg 150w, https:\/\/urbeamea.ro\/albaiulia\/wp-content\/uploads\/2017\/07\/20170728_151849-640x360.jpg 640w, https:\/\/urbeamea.ro\/albaiulia\/wp-content\/uploads\/2017\/07\/20170728_151849-768x432.jpg 768w, https:\/\/urbeamea.ro\/albaiulia\/wp-content\/uploads\/2017\/07\/20170728_151849-819x452.jpg 819w, https:\/\/urbeamea.ro\/albaiulia\/wp-content\/uploads\/2017\/07\/20170728_151849.jpg 1200w\" sizes=\"auto, (max-width: 150px) 100vw, 150px\" data-src=\"https:\/\/urbeamea.ro\/albaiulia\/wp-content\/uploads\/2017\/07\/20170728_151849-150x84.jpg\" loading=\"lazy\" \/><\/a>\n\t\t\t<\/div><\/figure><figure class='gallery-item'>\n\t\t\t<div class='gallery-icon landscape'>\n\t\t\t\t<a href='https:\/\/urbeamea.ro\/albaiulia\/wp-content\/uploads\/2017\/07\/20170728_151855.jpg'><img decoding=\"async\" width=\"150\" height=\"84\" src=\"data:image\/png;base64,iVBORw0KGgoAAAANSUhEUgAAAYYAAADcAQMAAABOLJSDAAAAA1BMVEUAAACnej3aAAAAAXRSTlMAQObYZgAAACJJREFUaIHtwTEBAAAAwqD1T20ND6AAAAAAAAAAAAAA4N8AKvgAAUFIrrEAAAAASUVORK5CYII=\" class=\"attachment-thumbnail size-thumbnail lazy-img\" alt=\"\" srcset=\"https:\/\/urbeamea.ro\/albaiulia\/wp-content\/uploads\/2017\/07\/20170728_151855-150x84.jpg 150w, https:\/\/urbeamea.ro\/albaiulia\/wp-content\/uploads\/2017\/07\/20170728_151855-640x360.jpg 640w, https:\/\/urbeamea.ro\/albaiulia\/wp-content\/uploads\/2017\/07\/20170728_151855-768x432.jpg 768w, https:\/\/urbeamea.ro\/albaiulia\/wp-content\/uploads\/2017\/07\/20170728_151855-819x452.jpg 819w, https:\/\/urbeamea.ro\/albaiulia\/wp-content\/uploads\/2017\/07\/20170728_151855.jpg 1200w\" sizes=\"auto, (max-width: 150px) 100vw, 150px\" data-src=\"https:\/\/urbeamea.ro\/albaiulia\/wp-content\/uploads\/2017\/07\/20170728_151855-150x84.jpg\" loading=\"lazy\" \/><\/a>\n\t\t\t<\/div><\/figure><figure class='gallery-item'>\n\t\t\t<div class='gallery-icon landscape'>\n\t\t\t\t<a href='https:\/\/urbeamea.ro\/albaiulia\/wp-content\/uploads\/2017\/07\/20170728_151902.jpg'><img decoding=\"async\" width=\"150\" height=\"84\" src=\"data:image\/png;base64,iVBORw0KGgoAAAANSUhEUgAAAYYAAADcAQMAAABOLJSDAAAAA1BMVEUAAACnej3aAAAAAXRSTlMAQObYZgAAACJJREFUaIHtwTEBAAAAwqD1T20ND6AAAAAAAAAAAAAA4N8AKvgAAUFIrrEAAAAASUVORK5CYII=\" class=\"attachment-thumbnail size-thumbnail lazy-img\" alt=\"\" srcset=\"https:\/\/urbeamea.ro\/albaiulia\/wp-content\/uploads\/2017\/07\/20170728_151902-150x84.jpg 150w, https:\/\/urbeamea.ro\/albaiulia\/wp-content\/uploads\/2017\/07\/20170728_151902-640x360.jpg 640w, https:\/\/urbeamea.ro\/albaiulia\/wp-content\/uploads\/2017\/07\/20170728_151902-768x432.jpg 768w, https:\/\/urbeamea.ro\/albaiulia\/wp-content\/uploads\/2017\/07\/20170728_151902-819x452.jpg 819w, https:\/\/urbeamea.ro\/albaiulia\/wp-content\/uploads\/2017\/07\/20170728_151902.jpg 1200w\" sizes=\"auto, (max-width: 150px) 100vw, 150px\" data-src=\"https:\/\/urbeamea.ro\/albaiulia\/wp-content\/uploads\/2017\/07\/20170728_151902-150x84.jpg\" loading=\"lazy\" \/><\/a>\n\t\t\t<\/div><\/figure><figure class='gallery-item'>\n\t\t\t<div class='gallery-icon landscape'>\n\t\t\t\t<a href='https:\/\/urbeamea.ro\/albaiulia\/wp-content\/uploads\/2017\/07\/20170728_151907.jpg'><img decoding=\"async\" width=\"150\" height=\"84\" src=\"data:image\/png;base64,iVBORw0KGgoAAAANSUhEUgAAAYYAAADcAQMAAABOLJSDAAAAA1BMVEUAAACnej3aAAAAAXRSTlMAQObYZgAAACJJREFUaIHtwTEBAAAAwqD1T20ND6AAAAAAAAAAAAAA4N8AKvgAAUFIrrEAAAAASUVORK5CYII=\" class=\"attachment-thumbnail size-thumbnail lazy-img\" alt=\"\" srcset=\"https:\/\/urbeamea.ro\/albaiulia\/wp-content\/uploads\/2017\/07\/20170728_151907-150x84.jpg 150w, https:\/\/urbeamea.ro\/albaiulia\/wp-content\/uploads\/2017\/07\/20170728_151907-640x360.jpg 640w, https:\/\/urbeamea.ro\/albaiulia\/wp-content\/uploads\/2017\/07\/20170728_151907-768x432.jpg 768w, https:\/\/urbeamea.ro\/albaiulia\/wp-content\/uploads\/2017\/07\/20170728_151907-819x452.jpg 819w, https:\/\/urbeamea.ro\/albaiulia\/wp-content\/uploads\/2017\/07\/20170728_151907.jpg 1200w\" sizes=\"auto, (max-width: 150px) 100vw, 150px\" data-src=\"https:\/\/urbeamea.ro\/albaiulia\/wp-content\/uploads\/2017\/07\/20170728_151907-150x84.jpg\" loading=\"lazy\" \/><\/a>\n\t\t\t<\/div><\/figure>\n\t\t<\/div>\n\n","protected":false},"excerpt":{"rendered":"<p>Un accident rutier s-a petrecut vineri dup\u0103-amiaz\u0103, pe strada Ion I.C. Br\u0103tianu din municipiul Alba Iulia. Din primele informa\u021bii, un b\u0103rbat care circula pe biciclet\u0103 a fost lovit de o ma\u0219in\u0103 pe trecerea de pietoni. La fa\u021ba locului a ajuns un echipaj al ISU Alba pentru acordarea primului ajutor. Potrivit unor martori, de vin\u0103 ar &hellip;<\/p>\n","protected":false},"author":17,"featured_media":50064,"comment_status":"open","ping_status":"open","sticky":false,"template":"","format":"standard","meta":{"inline_featured_image":false,"footnotes":""},"categories":[1],"tags":[31,2971,2585,2560,5614,308,3087,76],"class_list":["post-50063","post","type-post","status-publish","format-standard","has-post-thumbnail","hentry","category-stiri-urbane","tag-alba-iulia","tag-barbat","tag-echipaj","tag-isu-alba","tag-lovit","tag-stiri","tag-trecere-de-pietoni","tag-urbea-mea"],"yoast_head":"<!-- This site is optimized with the Yoast SEO plugin v28.3 - https:\/\/yoast.com\/product\/yoast-seo-wordpress\/ -->\n<title>FOTO-VIDEO: Accident la Alba Iulia. Un b\u0103rbat a fost lovit pe trecerea de pietoni - Revista Urbea Mea - Revista de Alba<\/title>\n<meta name=\"description\" content=\"Un accident rutier s-a petrecut vineri dup\u0103-amiaz\u0103, pe strada Ion I.C. Br\u0103tianu din municipiul Alba Iulia. Din primele informa\u021bii, un b\u0103rbat care circula\" \/>\n<meta name=\"robots\" content=\"index, follow, max-snippet:-1, max-image-preview:large, max-video-preview:-1\" \/>\n<link rel=\"canonical\" href=\"https:\/\/urbeamea.ro\/albaiulia\/foto-video-accident-la-alba-iulia-un-barbat-a-fost-lovit-pe-trecerea-de-pietoni\/\" \/>\n<meta name=\"twitter:card\" content=\"summary_large_image\" \/>\n<meta name=\"twitter:title\" content=\"FOTO-VIDEO: Accident la Alba Iulia. Un b\u0103rbat a fost lovit pe trecerea de pietoni - Revista Urbea Mea - Revista de Alba\" \/>\n<meta name=\"twitter:description\" content=\"Un accident rutier s-a petrecut vineri dup\u0103-amiaz\u0103, pe strada Ion I.C. Br\u0103tianu din municipiul Alba Iulia. Din primele informa\u021bii, un b\u0103rbat care circula\" \/>\n<meta name=\"twitter:image\" content=\"https:\/\/urbeamea.ro\/albaiulia\/wp-content\/uploads\/2017\/07\/20170728_151849.jpg\" \/>\n<meta name=\"twitter:creator\" content=\"@urbeameaweb\" \/>\n<meta name=\"twitter:site\" content=\"@urbeameaweb\" \/>\n<script type=\"application\/ld+json\" class=\"yoast-schema-graph\">{\"@context\":\"https:\\\/\\\/schema.org\",\"@graph\":[{\"@type\":\"Article\",\"@id\":\"https:\\\/\\\/urbeamea.ro\\\/albaiulia\\\/foto-video-accident-la-alba-iulia-un-barbat-a-fost-lovit-pe-trecerea-de-pietoni\\\/#article\",\"isPartOf\":{\"@id\":\"https:\\\/\\\/urbeamea.ro\\\/albaiulia\\\/foto-video-accident-la-alba-iulia-un-barbat-a-fost-lovit-pe-trecerea-de-pietoni\\\/\"},\"author\":{\"name\":\"Cristina Ganga\",\"@id\":\"https:\\\/\\\/urbeamea.ro\\\/albaiulia\\\/#\\\/schema\\\/person\\\/9700d21fae21c4f038b0b56f4506264a\"},\"headline\":\"FOTO-VIDEO: Accident la Alba Iulia. Un b\u0103rbat a fost lovit pe trecerea de pietoni\",\"datePublished\":\"2017-07-28T12:47:29+00:00\",\"dateModified\":\"2017-07-28T12:55:56+00:00\",\"mainEntityOfPage\":{\"@id\":\"https:\\\/\\\/urbeamea.ro\\\/albaiulia\\\/foto-video-accident-la-alba-iulia-un-barbat-a-fost-lovit-pe-trecerea-de-pietoni\\\/\"},\"wordCount\":146,\"commentCount\":0,\"image\":{\"@id\":\"https:\\\/\\\/urbeamea.ro\\\/albaiulia\\\/foto-video-accident-la-alba-iulia-un-barbat-a-fost-lovit-pe-trecerea-de-pietoni\\\/#primaryimage\"},\"thumbnailUrl\":\"https:\\\/\\\/urbeamea.ro\\\/albaiulia\\\/wp-content\\\/uploads\\\/2017\\\/07\\\/20170728_151849.jpg\",\"keywords\":[\"Alba Iulia\",\"barbat\",\"echipaj\",\"ISU Alba\",\"lovit\",\"stiri\",\"trecere de pietoni\",\"Urbea Mea\"],\"articleSection\":[\"\u015etiri Urbane\"],\"inLanguage\":\"ro-RO\",\"potentialAction\":[{\"@type\":\"CommentAction\",\"name\":\"Comment\",\"target\":[\"https:\\\/\\\/urbeamea.ro\\\/albaiulia\\\/foto-video-accident-la-alba-iulia-un-barbat-a-fost-lovit-pe-trecerea-de-pietoni\\\/#respond\"]}]},{\"@type\":\"WebPage\",\"@id\":\"https:\\\/\\\/urbeamea.ro\\\/albaiulia\\\/foto-video-accident-la-alba-iulia-un-barbat-a-fost-lovit-pe-trecerea-de-pietoni\\\/\",\"url\":\"https:\\\/\\\/urbeamea.ro\\\/albaiulia\\\/foto-video-accident-la-alba-iulia-un-barbat-a-fost-lovit-pe-trecerea-de-pietoni\\\/\",\"name\":\"FOTO-VIDEO: Accident la Alba Iulia. Un b\u0103rbat a fost lovit pe trecerea de pietoni - Revista Urbea Mea - Revista de Alba\",\"isPartOf\":{\"@id\":\"https:\\\/\\\/urbeamea.ro\\\/albaiulia\\\/#website\"},\"primaryImageOfPage\":{\"@id\":\"https:\\\/\\\/urbeamea.ro\\\/albaiulia\\\/foto-video-accident-la-alba-iulia-un-barbat-a-fost-lovit-pe-trecerea-de-pietoni\\\/#primaryimage\"},\"image\":{\"@id\":\"https:\\\/\\\/urbeamea.ro\\\/albaiulia\\\/foto-video-accident-la-alba-iulia-un-barbat-a-fost-lovit-pe-trecerea-de-pietoni\\\/#primaryimage\"},\"thumbnailUrl\":\"https:\\\/\\\/urbeamea.ro\\\/albaiulia\\\/wp-content\\\/uploads\\\/2017\\\/07\\\/20170728_151849.jpg\",\"datePublished\":\"2017-07-28T12:47:29+00:00\",\"dateModified\":\"2017-07-28T12:55:56+00:00\",\"author\":{\"@id\":\"https:\\\/\\\/urbeamea.ro\\\/albaiulia\\\/#\\\/schema\\\/person\\\/9700d21fae21c4f038b0b56f4506264a\"},\"description\":\"Un accident rutier s-a petrecut vineri dup\u0103-amiaz\u0103, pe strada Ion I.C. Br\u0103tianu din municipiul Alba Iulia. Din primele informa\u021bii, un b\u0103rbat care circula\",\"breadcrumb\":{\"@id\":\"https:\\\/\\\/urbeamea.ro\\\/albaiulia\\\/foto-video-accident-la-alba-iulia-un-barbat-a-fost-lovit-pe-trecerea-de-pietoni\\\/#breadcrumb\"},\"inLanguage\":\"ro-RO\",\"potentialAction\":[{\"@type\":\"ReadAction\",\"target\":[\"https:\\\/\\\/urbeamea.ro\\\/albaiulia\\\/foto-video-accident-la-alba-iulia-un-barbat-a-fost-lovit-pe-trecerea-de-pietoni\\\/\"]}]},{\"@type\":\"ImageObject\",\"inLanguage\":\"ro-RO\",\"@id\":\"https:\\\/\\\/urbeamea.ro\\\/albaiulia\\\/foto-video-accident-la-alba-iulia-un-barbat-a-fost-lovit-pe-trecerea-de-pietoni\\\/#primaryimage\",\"url\":\"https:\\\/\\\/urbeamea.ro\\\/albaiulia\\\/wp-content\\\/uploads\\\/2017\\\/07\\\/20170728_151849.jpg\",\"contentUrl\":\"https:\\\/\\\/urbeamea.ro\\\/albaiulia\\\/wp-content\\\/uploads\\\/2017\\\/07\\\/20170728_151849.jpg\",\"width\":1200,\"height\":675},{\"@type\":\"BreadcrumbList\",\"@id\":\"https:\\\/\\\/urbeamea.ro\\\/albaiulia\\\/foto-video-accident-la-alba-iulia-un-barbat-a-fost-lovit-pe-trecerea-de-pietoni\\\/#breadcrumb\",\"itemListElement\":[{\"@type\":\"ListItem\",\"position\":1,\"name\":\"Prima pagin\u0103\",\"item\":\"https:\\\/\\\/urbeamea.ro\\\/albaiulia\\\/\"},{\"@type\":\"ListItem\",\"position\":2,\"name\":\"FOTO-VIDEO: Accident la Alba Iulia. Un b\u0103rbat a fost lovit pe trecerea de pietoni\"}]},{\"@type\":\"WebSite\",\"@id\":\"https:\\\/\\\/urbeamea.ro\\\/albaiulia\\\/#website\",\"url\":\"https:\\\/\\\/urbeamea.ro\\\/albaiulia\\\/\",\"name\":\"Revista Urbea Mea, Stiri urbane\",\"description\":\"Evenimente \u0219i \u0219tiri din Alba Iulia, Sebe\u0219, Aiud, Blaj\",\"potentialAction\":[{\"@type\":\"SearchAction\",\"target\":{\"@type\":\"EntryPoint\",\"urlTemplate\":\"https:\\\/\\\/urbeamea.ro\\\/albaiulia\\\/?s={search_term_string}\"},\"query-input\":{\"@type\":\"PropertyValueSpecification\",\"valueRequired\":true,\"valueName\":\"search_term_string\"}}],\"inLanguage\":\"ro-RO\"},{\"@type\":\"Person\",\"@id\":\"https:\\\/\\\/urbeamea.ro\\\/albaiulia\\\/#\\\/schema\\\/person\\\/9700d21fae21c4f038b0b56f4506264a\",\"name\":\"Cristina Ganga\",\"image\":{\"@type\":\"ImageObject\",\"inLanguage\":\"ro-RO\",\"@id\":\"https:\\\/\\\/secure.gravatar.com\\\/avatar\\\/5a67661041f057b4a8ccaf26f5a8e86e2689372006d01faf3dd9eeb10b654bb4?s=96&d=mm&r=g\",\"url\":\"https:\\\/\\\/secure.gravatar.com\\\/avatar\\\/5a67661041f057b4a8ccaf26f5a8e86e2689372006d01faf3dd9eeb10b654bb4?s=96&d=mm&r=g\",\"contentUrl\":\"https:\\\/\\\/secure.gravatar.com\\\/avatar\\\/5a67661041f057b4a8ccaf26f5a8e86e2689372006d01faf3dd9eeb10b654bb4?s=96&d=mm&r=g\",\"caption\":\"Cristina Ganga\"},\"description\":\"Jurnalist\",\"sameAs\":[\"https:\\\/\\\/www.facebook.com\\\/cristina.nicola.587\"],\"url\":\"https:\\\/\\\/urbeamea.ro\\\/albaiulia\\\/author\\\/cristina-nicola\\\/\"}]}<\/script>\n<!-- \/ Yoast SEO plugin. -->","yoast_head_json":{"title":"FOTO-VIDEO: Accident la Alba Iulia. Un b\u0103rbat a fost lovit pe trecerea de pietoni - Revista Urbea Mea - Revista de Alba","description":"Un accident rutier s-a petrecut vineri dup\u0103-amiaz\u0103, pe strada Ion I.C. Br\u0103tianu din municipiul Alba Iulia. Din primele informa\u021bii, un b\u0103rbat care circula","robots":{"index":"index","follow":"follow","max-snippet":"max-snippet:-1","max-image-preview":"max-image-preview:large","max-video-preview":"max-video-preview:-1"},"canonical":"https:\/\/urbeamea.ro\/albaiulia\/foto-video-accident-la-alba-iulia-un-barbat-a-fost-lovit-pe-trecerea-de-pietoni\/","twitter_card":"summary_large_image","twitter_title":"FOTO-VIDEO: Accident la Alba Iulia. Un b\u0103rbat a fost lovit pe trecerea de pietoni - Revista Urbea Mea - Revista de Alba","twitter_description":"Un accident rutier s-a petrecut vineri dup\u0103-amiaz\u0103, pe strada Ion I.C. Br\u0103tianu din municipiul Alba Iulia. Din primele informa\u021bii, un b\u0103rbat care circula","twitter_image":"https:\/\/urbeamea.ro\/albaiulia\/wp-content\/uploads\/2017\/07\/20170728_151849.jpg","twitter_creator":"@urbeameaweb","twitter_site":"@urbeameaweb","schema":{"@context":"https:\/\/schema.org","@graph":[{"@type":"Article","@id":"https:\/\/urbeamea.ro\/albaiulia\/foto-video-accident-la-alba-iulia-un-barbat-a-fost-lovit-pe-trecerea-de-pietoni\/#article","isPartOf":{"@id":"https:\/\/urbeamea.ro\/albaiulia\/foto-video-accident-la-alba-iulia-un-barbat-a-fost-lovit-pe-trecerea-de-pietoni\/"},"author":{"name":"Cristina Ganga","@id":"https:\/\/urbeamea.ro\/albaiulia\/#\/schema\/person\/9700d21fae21c4f038b0b56f4506264a"},"headline":"FOTO-VIDEO: Accident la Alba Iulia. Un b\u0103rbat a fost lovit pe trecerea de pietoni","datePublished":"2017-07-28T12:47:29+00:00","dateModified":"2017-07-28T12:55:56+00:00","mainEntityOfPage":{"@id":"https:\/\/urbeamea.ro\/albaiulia\/foto-video-accident-la-alba-iulia-un-barbat-a-fost-lovit-pe-trecerea-de-pietoni\/"},"wordCount":146,"commentCount":0,"image":{"@id":"https:\/\/urbeamea.ro\/albaiulia\/foto-video-accident-la-alba-iulia-un-barbat-a-fost-lovit-pe-trecerea-de-pietoni\/#primaryimage"},"thumbnailUrl":"https:\/\/urbeamea.ro\/albaiulia\/wp-content\/uploads\/2017\/07\/20170728_151849.jpg","keywords":["Alba Iulia","barbat","echipaj","ISU Alba","lovit","stiri","trecere de pietoni","Urbea Mea"],"articleSection":["\u015etiri Urbane"],"inLanguage":"ro-RO","potentialAction":[{"@type":"CommentAction","name":"Comment","target":["https:\/\/urbeamea.ro\/albaiulia\/foto-video-accident-la-alba-iulia-un-barbat-a-fost-lovit-pe-trecerea-de-pietoni\/#respond"]}]},{"@type":"WebPage","@id":"https:\/\/urbeamea.ro\/albaiulia\/foto-video-accident-la-alba-iulia-un-barbat-a-fost-lovit-pe-trecerea-de-pietoni\/","url":"https:\/\/urbeamea.ro\/albaiulia\/foto-video-accident-la-alba-iulia-un-barbat-a-fost-lovit-pe-trecerea-de-pietoni\/","name":"FOTO-VIDEO: Accident la Alba Iulia. Un b\u0103rbat a fost lovit pe trecerea de pietoni - Revista Urbea Mea - Revista de Alba","isPartOf":{"@id":"https:\/\/urbeamea.ro\/albaiulia\/#website"},"primaryImageOfPage":{"@id":"https:\/\/urbeamea.ro\/albaiulia\/foto-video-accident-la-alba-iulia-un-barbat-a-fost-lovit-pe-trecerea-de-pietoni\/#primaryimage"},"image":{"@id":"https:\/\/urbeamea.ro\/albaiulia\/foto-video-accident-la-alba-iulia-un-barbat-a-fost-lovit-pe-trecerea-de-pietoni\/#primaryimage"},"thumbnailUrl":"https:\/\/urbeamea.ro\/albaiulia\/wp-content\/uploads\/2017\/07\/20170728_151849.jpg","datePublished":"2017-07-28T12:47:29+00:00","dateModified":"2017-07-28T12:55:56+00:00","author":{"@id":"https:\/\/urbeamea.ro\/albaiulia\/#\/schema\/person\/9700d21fae21c4f038b0b56f4506264a"},"description":"Un accident rutier s-a petrecut vineri dup\u0103-amiaz\u0103, pe strada Ion I.C. Br\u0103tianu din municipiul Alba Iulia. Din primele informa\u021bii, un b\u0103rbat care circula","breadcrumb":{"@id":"https:\/\/urbeamea.ro\/albaiulia\/foto-video-accident-la-alba-iulia-un-barbat-a-fost-lovit-pe-trecerea-de-pietoni\/#breadcrumb"},"inLanguage":"ro-RO","potentialAction":[{"@type":"ReadAction","target":["https:\/\/urbeamea.ro\/albaiulia\/foto-video-accident-la-alba-iulia-un-barbat-a-fost-lovit-pe-trecerea-de-pietoni\/"]}]},{"@type":"ImageObject","inLanguage":"ro-RO","@id":"https:\/\/urbeamea.ro\/albaiulia\/foto-video-accident-la-alba-iulia-un-barbat-a-fost-lovit-pe-trecerea-de-pietoni\/#primaryimage","url":"https:\/\/urbeamea.ro\/albaiulia\/wp-content\/uploads\/2017\/07\/20170728_151849.jpg","contentUrl":"https:\/\/urbeamea.ro\/albaiulia\/wp-content\/uploads\/2017\/07\/20170728_151849.jpg","width":1200,"height":675},{"@type":"BreadcrumbList","@id":"https:\/\/urbeamea.ro\/albaiulia\/foto-video-accident-la-alba-iulia-un-barbat-a-fost-lovit-pe-trecerea-de-pietoni\/#breadcrumb","itemListElement":[{"@type":"ListItem","position":1,"name":"Prima pagin\u0103","item":"https:\/\/urbeamea.ro\/albaiulia\/"},{"@type":"ListItem","position":2,"name":"FOTO-VIDEO: Accident la Alba Iulia. Un b\u0103rbat a fost lovit pe trecerea de pietoni"}]},{"@type":"WebSite","@id":"https:\/\/urbeamea.ro\/albaiulia\/#website","url":"https:\/\/urbeamea.ro\/albaiulia\/","name":"Revista Urbea Mea, Stiri urbane","description":"Evenimente \u0219i \u0219tiri din Alba Iulia, Sebe\u0219, Aiud, Blaj","potentialAction":[{"@type":"SearchAction","target":{"@type":"EntryPoint","urlTemplate":"https:\/\/urbeamea.ro\/albaiulia\/?s={search_term_string}"},"query-input":{"@type":"PropertyValueSpecification","valueRequired":true,"valueName":"search_term_string"}}],"inLanguage":"ro-RO"},{"@type":"Person","@id":"https:\/\/urbeamea.ro\/albaiulia\/#\/schema\/person\/9700d21fae21c4f038b0b56f4506264a","name":"Cristina Ganga","image":{"@type":"ImageObject","inLanguage":"ro-RO","@id":"https:\/\/secure.gravatar.com\/avatar\/5a67661041f057b4a8ccaf26f5a8e86e2689372006d01faf3dd9eeb10b654bb4?s=96&d=mm&r=g","url":"https:\/\/secure.gravatar.com\/avatar\/5a67661041f057b4a8ccaf26f5a8e86e2689372006d01faf3dd9eeb10b654bb4?s=96&d=mm&r=g","contentUrl":"https:\/\/secure.gravatar.com\/avatar\/5a67661041f057b4a8ccaf26f5a8e86e2689372006d01faf3dd9eeb10b654bb4?s=96&d=mm&r=g","caption":"Cristina Ganga"},"description":"Jurnalist","sameAs":["https:\/\/www.facebook.com\/cristina.nicola.587"],"url":"https:\/\/urbeamea.ro\/albaiulia\/author\/cristina-nicola\/"}]}},"_links":{"self":[{"href":"https:\/\/urbeamea.ro\/albaiulia\/wp-json\/wp\/v2\/posts\/50063","targetHints":{"allow":["GET"]}}],"collection":[{"href":"https:\/\/urbeamea.ro\/albaiulia\/wp-json\/wp\/v2\/posts"}],"about":[{"href":"https:\/\/urbeamea.ro\/albaiulia\/wp-json\/wp\/v2\/types\/post"}],"author":[{"embeddable":true,"href":"https:\/\/urbeamea.ro\/albaiulia\/wp-json\/wp\/v2\/users\/17"}],"replies":[{"embeddable":true,"href":"https:\/\/urbeamea.ro\/albaiulia\/wp-json\/wp\/v2\/comments?post=50063"}],"version-history":[{"count":0,"href":"https:\/\/urbeamea.ro\/albaiulia\/wp-json\/wp\/v2\/posts\/50063\/revisions"}],"wp:featuredmedia":[{"embeddable":true,"href":"https:\/\/urbeamea.ro\/albaiulia\/wp-json\/wp\/v2\/media\/50064"}],"wp:attachment":[{"href":"https:\/\/urbeamea.ro\/albaiulia\/wp-json\/wp\/v2\/media?parent=50063"}],"wp:term":[{"taxonomy":"category","embeddable":true,"href":"https:\/\/urbeamea.ro\/albaiulia\/wp-json\/wp\/v2\/categories?post=50063"},{"taxonomy":"post_tag","embeddable":true,"href":"https:\/\/urbeamea.ro\/albaiulia\/wp-json\/wp\/v2\/tags?post=50063"}],"curies":[{"name":"wp","href":"https:\/\/api.w.org\/{rel}","templated":true}]}}