{"id":50344,"date":"2017-08-02T18:17:09","date_gmt":"2017-08-02T15:17:09","guid":{"rendered":"https:\/\/urbeamea.ro\/albaiulia\/?p=50344"},"modified":"2017-08-02T18:17:09","modified_gmt":"2017-08-02T15:17:09","slug":"foto-trei-subofiteri-din-cadrul-centrului-militar-judetean-alba-au-fost-avansati-in-grad","status":"publish","type":"post","link":"https:\/\/urbeamea.ro\/albaiulia\/foto-trei-subofiteri-din-cadrul-centrului-militar-judetean-alba-au-fost-avansati-in-grad\/","title":{"rendered":"FOTO: Trei subofi\u021beri din cadrul Centrului Militar Jude\u021bean Alba au fost avansa\u021bi \u00een grad"},"content":{"rendered":"<p align=\"JUSTIFY\"><strong>\u00cencep\u00e2nd cu data de 31 iulie, trei subofi\u0163eri din cadrul Centrului Militar Jude\u0163ean Alba au fost avansa\u0163i \u00een grad, la termen.<\/strong><\/p>\n<p align=\"JUSTIFY\">Cei trei subofi\u021beri avansa\u021bi \u00een grad sunt urm\u0103torii:<\/p>\n<ul>\n<li><span lang=\"en-US\">Plutonier adjutant Sorin Ghi\u0219a\u00a0<\/span>\u2013 \u00een gradul de plutonier adjutant principal<span lang=\"en-US\">;<\/span><\/li>\n<li>P<span lang=\"en-US\">lutonier adjutant Lucian Podar\u00a0<\/span>\u2013 \u00een gradul de plutonier adjutant principal<span lang=\"en-US\">;<\/span><\/li>\n<li><span lang=\"en-US\">Plutonier adjutant Paul Raica\u00a0<\/span>\u2013 \u00een gradul de plutonier adjutant principal<span lang=\"en-US\">.<\/span><\/li>\n<\/ul>\n<p align=\"JUSTIFY\"><span lang=\"en-US\">Cu aceast<\/span>\u0103 ocazie, colectivul Centrului Militar Jude\u0163ean Alba le ureaz\u0103 succes \u00een activitatea viitoare.<\/p>\n<p align=\"JUSTIFY\">Pentru informa\u0163ii referitoare despre accederea \u00een cariera militar\u0103, cei interesa\u0163i sunt ruga\u0163i s\u0103 ne contacteze la sediul Centrului Militar Jude\u0163ean Alba, situat \u00een Alba Iulia, str. Regina Maria, nr. 6.<\/p>\n<div id='gallery-1' class='gallery galleryid-50344 gallery-columns-3 gallery-size-thumbnail'><figure class='gallery-item'>\n\t\t\t<div class='gallery-icon landscape'>\n\t\t\t\t<a href='https:\/\/urbeamea.ro\/albaiulia\/wp-content\/uploads\/2017\/08\/DSC_0367-e1501657691788.jpg'><img decoding=\"async\" width=\"150\" height=\"98\" src=\"data:image\/png;base64,iVBORw0KGgoAAAANSUhEUgAAAYYAAADcAQMAAABOLJSDAAAAA1BMVEUAAACnej3aAAAAAXRSTlMAQObYZgAAACJJREFUaIHtwTEBAAAAwqD1T20ND6AAAAAAAAAAAAAA4N8AKvgAAUFIrrEAAAAASUVORK5CYII=\" class=\"attachment-thumbnail size-thumbnail lazy-img\" alt=\"\" srcset=\"https:\/\/urbeamea.ro\/albaiulia\/wp-content\/uploads\/2017\/08\/DSC_0367-e1501657691788-150x98.jpg 150w, https:\/\/urbeamea.ro\/albaiulia\/wp-content\/uploads\/2017\/08\/DSC_0367-e1501657691788-640x416.jpg 640w, https:\/\/urbeamea.ro\/albaiulia\/wp-content\/uploads\/2017\/08\/DSC_0367-e1501657691788-768x499.jpg 768w, https:\/\/urbeamea.ro\/albaiulia\/wp-content\/uploads\/2017\/08\/DSC_0367-e1501657691788.jpg 995w\" sizes=\"auto, (max-width: 150px) 100vw, 150px\" data-src=\"https:\/\/urbeamea.ro\/albaiulia\/wp-content\/uploads\/2017\/08\/DSC_0367-e1501657691788-150x98.jpg\" loading=\"lazy\" \/><\/a>\n\t\t\t<\/div><\/figure><figure class='gallery-item'>\n\t\t\t<div class='gallery-icon landscape'>\n\t\t\t\t<a href='https:\/\/urbeamea.ro\/albaiulia\/wp-content\/uploads\/2017\/08\/DSC_0371-e1501657711876.jpg'><img decoding=\"async\" width=\"150\" height=\"99\" src=\"data:image\/png;base64,iVBORw0KGgoAAAANSUhEUgAAAYYAAADcAQMAAABOLJSDAAAAA1BMVEUAAACnej3aAAAAAXRSTlMAQObYZgAAACJJREFUaIHtwTEBAAAAwqD1T20ND6AAAAAAAAAAAAAA4N8AKvgAAUFIrrEAAAAASUVORK5CYII=\" class=\"attachment-thumbnail size-thumbnail lazy-img\" alt=\"\" srcset=\"https:\/\/urbeamea.ro\/albaiulia\/wp-content\/uploads\/2017\/08\/DSC_0371-e1501657711876-150x99.jpg 150w, https:\/\/urbeamea.ro\/albaiulia\/wp-content\/uploads\/2017\/08\/DSC_0371-e1501657711876-640x422.jpg 640w, https:\/\/urbeamea.ro\/albaiulia\/wp-content\/uploads\/2017\/08\/DSC_0371-e1501657711876-768x507.jpg 768w, https:\/\/urbeamea.ro\/albaiulia\/wp-content\/uploads\/2017\/08\/DSC_0371-e1501657711876.jpg 1000w\" sizes=\"auto, (max-width: 150px) 100vw, 150px\" data-src=\"https:\/\/urbeamea.ro\/albaiulia\/wp-content\/uploads\/2017\/08\/DSC_0371-e1501657711876-150x99.jpg\" loading=\"lazy\" \/><\/a>\n\t\t\t<\/div><\/figure><figure class='gallery-item'>\n\t\t\t<div class='gallery-icon landscape'>\n\t\t\t\t<a href='https:\/\/urbeamea.ro\/albaiulia\/wp-content\/uploads\/2017\/08\/DSC_0373-e1501657730853.jpg'><img decoding=\"async\" width=\"150\" height=\"100\" src=\"data:image\/png;base64,iVBORw0KGgoAAAANSUhEUgAAAYYAAADcAQMAAABOLJSDAAAAA1BMVEUAAACnej3aAAAAAXRSTlMAQObYZgAAACJJREFUaIHtwTEBAAAAwqD1T20ND6AAAAAAAAAAAAAA4N8AKvgAAUFIrrEAAAAASUVORK5CYII=\" class=\"attachment-thumbnail size-thumbnail lazy-img\" alt=\"\" srcset=\"https:\/\/urbeamea.ro\/albaiulia\/wp-content\/uploads\/2017\/08\/DSC_0373-e1501657730853-150x100.jpg 150w, https:\/\/urbeamea.ro\/albaiulia\/wp-content\/uploads\/2017\/08\/DSC_0373-e1501657730853-640x427.jpg 640w, https:\/\/urbeamea.ro\/albaiulia\/wp-content\/uploads\/2017\/08\/DSC_0373-e1501657730853-768x513.jpg 768w, https:\/\/urbeamea.ro\/albaiulia\/wp-content\/uploads\/2017\/08\/DSC_0373-e1501657730853.jpg 1008w\" sizes=\"auto, (max-width: 150px) 100vw, 150px\" data-src=\"https:\/\/urbeamea.ro\/albaiulia\/wp-content\/uploads\/2017\/08\/DSC_0373-e1501657730853-150x100.jpg\" loading=\"lazy\" \/><\/a>\n\t\t\t<\/div><\/figure><figure class='gallery-item'>\n\t\t\t<div class='gallery-icon landscape'>\n\t\t\t\t<a href='https:\/\/urbeamea.ro\/albaiulia\/wp-content\/uploads\/2017\/08\/DSC_0375-e1501657750466.jpg'><img decoding=\"async\" width=\"150\" height=\"99\" src=\"data:image\/png;base64,iVBORw0KGgoAAAANSUhEUgAAAYYAAADcAQMAAABOLJSDAAAAA1BMVEUAAACnej3aAAAAAXRSTlMAQObYZgAAACJJREFUaIHtwTEBAAAAwqD1T20ND6AAAAAAAAAAAAAA4N8AKvgAAUFIrrEAAAAASUVORK5CYII=\" class=\"attachment-thumbnail size-thumbnail lazy-img\" alt=\"\" srcset=\"https:\/\/urbeamea.ro\/albaiulia\/wp-content\/uploads\/2017\/08\/DSC_0375-e1501657750466-150x99.jpg 150w, https:\/\/urbeamea.ro\/albaiulia\/wp-content\/uploads\/2017\/08\/DSC_0375-e1501657750466-640x422.jpg 640w, https:\/\/urbeamea.ro\/albaiulia\/wp-content\/uploads\/2017\/08\/DSC_0375-e1501657750466-768x507.jpg 768w, https:\/\/urbeamea.ro\/albaiulia\/wp-content\/uploads\/2017\/08\/DSC_0375-e1501657750466.jpg 1008w\" sizes=\"auto, (max-width: 150px) 100vw, 150px\" data-src=\"https:\/\/urbeamea.ro\/albaiulia\/wp-content\/uploads\/2017\/08\/DSC_0375-e1501657750466-150x99.jpg\" loading=\"lazy\" \/><\/a>\n\t\t\t<\/div><\/figure>\n\t\t<\/div>\n\n","protected":false},"excerpt":{"rendered":"<p>\u00cencep\u00e2nd cu data de 31 iulie, trei subofi\u0163eri din cadrul Centrului Militar Jude\u0163ean Alba au fost avansa\u0163i \u00een grad, la termen. Cei trei subofi\u021beri avansa\u021bi \u00een grad sunt urm\u0103torii: Plutonier adjutant Sorin Ghi\u0219a\u00a0\u2013 \u00een gradul de plutonier adjutant principal; Plutonier adjutant Lucian Podar\u00a0\u2013 \u00een gradul de plutonier adjutant principal; Plutonier adjutant Paul Raica\u00a0\u2013 \u00een gradul &hellip;<\/p>\n","protected":false},"author":17,"featured_media":50345,"comment_status":"open","ping_status":"open","sticky":false,"template":"","format":"standard","meta":{"inline_featured_image":false,"footnotes":""},"categories":[2034],"tags":[31,10415,4592,308,3171,76],"class_list":["post-50344","post","type-post","status-publish","format-standard","has-post-thumbnail","hentry","category-social","tag-alba-iulia","tag-avansati-in-grad","tag-centrul-militar-judetean-alba","tag-stiri","tag-subofiteri","tag-urbea-mea"],"yoast_head":"<!-- This site is optimized with the Yoast SEO plugin v28.3 - https:\/\/yoast.com\/product\/yoast-seo-wordpress\/ -->\n<title>FOTO: Trei subofi\u021beri din cadrul Centrului Militar Jude\u021bean Alba au fost avansa\u021bi \u00een grad - Revista Urbea Mea - Revista de Alba<\/title>\n<meta name=\"description\" content=\"\u00cencep\u00e2nd cu data de 31 iulie, trei subofi\u0163eri din cadrul Centrului Militar Jude\u0163ean Alba au fost avansa\u0163i \u00een grad, la termen. Cei trei subofi\u021beri avansa\u021bi\" \/>\n<meta name=\"robots\" content=\"index, follow, max-snippet:-1, max-image-preview:large, max-video-preview:-1\" \/>\n<link rel=\"canonical\" href=\"https:\/\/urbeamea.ro\/albaiulia\/foto-trei-subofiteri-din-cadrul-centrului-militar-judetean-alba-au-fost-avansati-in-grad\/\" \/>\n<meta name=\"twitter:card\" content=\"summary_large_image\" \/>\n<meta name=\"twitter:title\" content=\"FOTO: Trei subofi\u021beri din cadrul Centrului Militar Jude\u021bean Alba au fost avansa\u021bi \u00een grad - Revista Urbea Mea - Revista de Alba\" \/>\n<meta name=\"twitter:description\" content=\"\u00cencep\u00e2nd cu data de 31 iulie, trei subofi\u0163eri din cadrul Centrului Militar Jude\u0163ean Alba au fost avansa\u0163i \u00een grad, la termen. Cei trei subofi\u021beri avansa\u021bi\" \/>\n<meta name=\"twitter:image\" content=\"https:\/\/urbeamea.ro\/albaiulia\/wp-content\/uploads\/2017\/08\/DSC_0367-e1501657691788.jpg\" \/>\n<meta name=\"twitter:creator\" content=\"@urbeameaweb\" \/>\n<meta name=\"twitter:site\" content=\"@urbeameaweb\" \/>\n<script type=\"application\/ld+json\" class=\"yoast-schema-graph\">{\"@context\":\"https:\\\/\\\/schema.org\",\"@graph\":[{\"@type\":\"Article\",\"@id\":\"https:\\\/\\\/urbeamea.ro\\\/albaiulia\\\/foto-trei-subofiteri-din-cadrul-centrului-militar-judetean-alba-au-fost-avansati-in-grad\\\/#article\",\"isPartOf\":{\"@id\":\"https:\\\/\\\/urbeamea.ro\\\/albaiulia\\\/foto-trei-subofiteri-din-cadrul-centrului-militar-judetean-alba-au-fost-avansati-in-grad\\\/\"},\"author\":{\"name\":\"Cristina Ganga\",\"@id\":\"https:\\\/\\\/urbeamea.ro\\\/albaiulia\\\/#\\\/schema\\\/person\\\/9700d21fae21c4f038b0b56f4506264a\"},\"headline\":\"FOTO: Trei subofi\u021beri din cadrul Centrului Militar Jude\u021bean Alba au fost avansa\u021bi \u00een grad\",\"datePublished\":\"2017-08-02T15:17:09+00:00\",\"mainEntityOfPage\":{\"@id\":\"https:\\\/\\\/urbeamea.ro\\\/albaiulia\\\/foto-trei-subofiteri-din-cadrul-centrului-militar-judetean-alba-au-fost-avansati-in-grad\\\/\"},\"wordCount\":135,\"commentCount\":0,\"image\":{\"@id\":\"https:\\\/\\\/urbeamea.ro\\\/albaiulia\\\/foto-trei-subofiteri-din-cadrul-centrului-militar-judetean-alba-au-fost-avansati-in-grad\\\/#primaryimage\"},\"thumbnailUrl\":\"https:\\\/\\\/urbeamea.ro\\\/albaiulia\\\/wp-content\\\/uploads\\\/2017\\\/08\\\/DSC_0367-e1501657691788.jpg\",\"keywords\":[\"Alba Iulia\",\"avansati in grad\",\"centrul militar judetean alba\",\"stiri\",\"subofiteri\",\"Urbea Mea\"],\"articleSection\":[\"Social\"],\"inLanguage\":\"ro-RO\",\"potentialAction\":[{\"@type\":\"CommentAction\",\"name\":\"Comment\",\"target\":[\"https:\\\/\\\/urbeamea.ro\\\/albaiulia\\\/foto-trei-subofiteri-din-cadrul-centrului-militar-judetean-alba-au-fost-avansati-in-grad\\\/#respond\"]}]},{\"@type\":\"WebPage\",\"@id\":\"https:\\\/\\\/urbeamea.ro\\\/albaiulia\\\/foto-trei-subofiteri-din-cadrul-centrului-militar-judetean-alba-au-fost-avansati-in-grad\\\/\",\"url\":\"https:\\\/\\\/urbeamea.ro\\\/albaiulia\\\/foto-trei-subofiteri-din-cadrul-centrului-militar-judetean-alba-au-fost-avansati-in-grad\\\/\",\"name\":\"FOTO: Trei subofi\u021beri din cadrul Centrului Militar Jude\u021bean Alba au fost avansa\u021bi \u00een grad - Revista Urbea Mea - Revista de Alba\",\"isPartOf\":{\"@id\":\"https:\\\/\\\/urbeamea.ro\\\/albaiulia\\\/#website\"},\"primaryImageOfPage\":{\"@id\":\"https:\\\/\\\/urbeamea.ro\\\/albaiulia\\\/foto-trei-subofiteri-din-cadrul-centrului-militar-judetean-alba-au-fost-avansati-in-grad\\\/#primaryimage\"},\"image\":{\"@id\":\"https:\\\/\\\/urbeamea.ro\\\/albaiulia\\\/foto-trei-subofiteri-din-cadrul-centrului-militar-judetean-alba-au-fost-avansati-in-grad\\\/#primaryimage\"},\"thumbnailUrl\":\"https:\\\/\\\/urbeamea.ro\\\/albaiulia\\\/wp-content\\\/uploads\\\/2017\\\/08\\\/DSC_0367-e1501657691788.jpg\",\"datePublished\":\"2017-08-02T15:17:09+00:00\",\"author\":{\"@id\":\"https:\\\/\\\/urbeamea.ro\\\/albaiulia\\\/#\\\/schema\\\/person\\\/9700d21fae21c4f038b0b56f4506264a\"},\"description\":\"\u00cencep\u00e2nd cu data de 31 iulie, trei subofi\u0163eri din cadrul Centrului Militar Jude\u0163ean Alba au fost avansa\u0163i \u00een grad, la termen. Cei trei subofi\u021beri avansa\u021bi\",\"breadcrumb\":{\"@id\":\"https:\\\/\\\/urbeamea.ro\\\/albaiulia\\\/foto-trei-subofiteri-din-cadrul-centrului-militar-judetean-alba-au-fost-avansati-in-grad\\\/#breadcrumb\"},\"inLanguage\":\"ro-RO\",\"potentialAction\":[{\"@type\":\"ReadAction\",\"target\":[\"https:\\\/\\\/urbeamea.ro\\\/albaiulia\\\/foto-trei-subofiteri-din-cadrul-centrului-militar-judetean-alba-au-fost-avansati-in-grad\\\/\"]}]},{\"@type\":\"ImageObject\",\"inLanguage\":\"ro-RO\",\"@id\":\"https:\\\/\\\/urbeamea.ro\\\/albaiulia\\\/foto-trei-subofiteri-din-cadrul-centrului-militar-judetean-alba-au-fost-avansati-in-grad\\\/#primaryimage\",\"url\":\"https:\\\/\\\/urbeamea.ro\\\/albaiulia\\\/wp-content\\\/uploads\\\/2017\\\/08\\\/DSC_0367-e1501657691788.jpg\",\"contentUrl\":\"https:\\\/\\\/urbeamea.ro\\\/albaiulia\\\/wp-content\\\/uploads\\\/2017\\\/08\\\/DSC_0367-e1501657691788.jpg\",\"width\":995,\"height\":647},{\"@type\":\"BreadcrumbList\",\"@id\":\"https:\\\/\\\/urbeamea.ro\\\/albaiulia\\\/foto-trei-subofiteri-din-cadrul-centrului-militar-judetean-alba-au-fost-avansati-in-grad\\\/#breadcrumb\",\"itemListElement\":[{\"@type\":\"ListItem\",\"position\":1,\"name\":\"Prima pagin\u0103\",\"item\":\"https:\\\/\\\/urbeamea.ro\\\/albaiulia\\\/\"},{\"@type\":\"ListItem\",\"position\":2,\"name\":\"FOTO: Trei subofi\u021beri din cadrul Centrului Militar Jude\u021bean Alba au fost avansa\u021bi \u00een grad\"}]},{\"@type\":\"WebSite\",\"@id\":\"https:\\\/\\\/urbeamea.ro\\\/albaiulia\\\/#website\",\"url\":\"https:\\\/\\\/urbeamea.ro\\\/albaiulia\\\/\",\"name\":\"Revista Urbea Mea, Stiri urbane\",\"description\":\"Evenimente \u0219i \u0219tiri din Alba Iulia, Sebe\u0219, Aiud, Blaj\",\"potentialAction\":[{\"@type\":\"SearchAction\",\"target\":{\"@type\":\"EntryPoint\",\"urlTemplate\":\"https:\\\/\\\/urbeamea.ro\\\/albaiulia\\\/?s={search_term_string}\"},\"query-input\":{\"@type\":\"PropertyValueSpecification\",\"valueRequired\":true,\"valueName\":\"search_term_string\"}}],\"inLanguage\":\"ro-RO\"},{\"@type\":\"Person\",\"@id\":\"https:\\\/\\\/urbeamea.ro\\\/albaiulia\\\/#\\\/schema\\\/person\\\/9700d21fae21c4f038b0b56f4506264a\",\"name\":\"Cristina Ganga\",\"image\":{\"@type\":\"ImageObject\",\"inLanguage\":\"ro-RO\",\"@id\":\"https:\\\/\\\/secure.gravatar.com\\\/avatar\\\/5a67661041f057b4a8ccaf26f5a8e86e2689372006d01faf3dd9eeb10b654bb4?s=96&d=mm&r=g\",\"url\":\"https:\\\/\\\/secure.gravatar.com\\\/avatar\\\/5a67661041f057b4a8ccaf26f5a8e86e2689372006d01faf3dd9eeb10b654bb4?s=96&d=mm&r=g\",\"contentUrl\":\"https:\\\/\\\/secure.gravatar.com\\\/avatar\\\/5a67661041f057b4a8ccaf26f5a8e86e2689372006d01faf3dd9eeb10b654bb4?s=96&d=mm&r=g\",\"caption\":\"Cristina Ganga\"},\"description\":\"Jurnalist\",\"sameAs\":[\"https:\\\/\\\/www.facebook.com\\\/cristina.nicola.587\"],\"url\":\"https:\\\/\\\/urbeamea.ro\\\/albaiulia\\\/author\\\/cristina-nicola\\\/\"}]}<\/script>\n<!-- \/ Yoast SEO plugin. -->","yoast_head_json":{"title":"FOTO: Trei subofi\u021beri din cadrul Centrului Militar Jude\u021bean Alba au fost avansa\u021bi \u00een grad - Revista Urbea Mea - Revista de Alba","description":"\u00cencep\u00e2nd cu data de 31 iulie, trei subofi\u0163eri din cadrul Centrului Militar Jude\u0163ean Alba au fost avansa\u0163i \u00een grad, la termen. Cei trei subofi\u021beri avansa\u021bi","robots":{"index":"index","follow":"follow","max-snippet":"max-snippet:-1","max-image-preview":"max-image-preview:large","max-video-preview":"max-video-preview:-1"},"canonical":"https:\/\/urbeamea.ro\/albaiulia\/foto-trei-subofiteri-din-cadrul-centrului-militar-judetean-alba-au-fost-avansati-in-grad\/","twitter_card":"summary_large_image","twitter_title":"FOTO: Trei subofi\u021beri din cadrul Centrului Militar Jude\u021bean Alba au fost avansa\u021bi \u00een grad - Revista Urbea Mea - Revista de Alba","twitter_description":"\u00cencep\u00e2nd cu data de 31 iulie, trei subofi\u0163eri din cadrul Centrului Militar Jude\u0163ean Alba au fost avansa\u0163i \u00een grad, la termen. Cei trei subofi\u021beri avansa\u021bi","twitter_image":"https:\/\/urbeamea.ro\/albaiulia\/wp-content\/uploads\/2017\/08\/DSC_0367-e1501657691788.jpg","twitter_creator":"@urbeameaweb","twitter_site":"@urbeameaweb","schema":{"@context":"https:\/\/schema.org","@graph":[{"@type":"Article","@id":"https:\/\/urbeamea.ro\/albaiulia\/foto-trei-subofiteri-din-cadrul-centrului-militar-judetean-alba-au-fost-avansati-in-grad\/#article","isPartOf":{"@id":"https:\/\/urbeamea.ro\/albaiulia\/foto-trei-subofiteri-din-cadrul-centrului-militar-judetean-alba-au-fost-avansati-in-grad\/"},"author":{"name":"Cristina Ganga","@id":"https:\/\/urbeamea.ro\/albaiulia\/#\/schema\/person\/9700d21fae21c4f038b0b56f4506264a"},"headline":"FOTO: Trei subofi\u021beri din cadrul Centrului Militar Jude\u021bean Alba au fost avansa\u021bi \u00een grad","datePublished":"2017-08-02T15:17:09+00:00","mainEntityOfPage":{"@id":"https:\/\/urbeamea.ro\/albaiulia\/foto-trei-subofiteri-din-cadrul-centrului-militar-judetean-alba-au-fost-avansati-in-grad\/"},"wordCount":135,"commentCount":0,"image":{"@id":"https:\/\/urbeamea.ro\/albaiulia\/foto-trei-subofiteri-din-cadrul-centrului-militar-judetean-alba-au-fost-avansati-in-grad\/#primaryimage"},"thumbnailUrl":"https:\/\/urbeamea.ro\/albaiulia\/wp-content\/uploads\/2017\/08\/DSC_0367-e1501657691788.jpg","keywords":["Alba Iulia","avansati in grad","centrul militar judetean alba","stiri","subofiteri","Urbea Mea"],"articleSection":["Social"],"inLanguage":"ro-RO","potentialAction":[{"@type":"CommentAction","name":"Comment","target":["https:\/\/urbeamea.ro\/albaiulia\/foto-trei-subofiteri-din-cadrul-centrului-militar-judetean-alba-au-fost-avansati-in-grad\/#respond"]}]},{"@type":"WebPage","@id":"https:\/\/urbeamea.ro\/albaiulia\/foto-trei-subofiteri-din-cadrul-centrului-militar-judetean-alba-au-fost-avansati-in-grad\/","url":"https:\/\/urbeamea.ro\/albaiulia\/foto-trei-subofiteri-din-cadrul-centrului-militar-judetean-alba-au-fost-avansati-in-grad\/","name":"FOTO: Trei subofi\u021beri din cadrul Centrului Militar Jude\u021bean Alba au fost avansa\u021bi \u00een grad - Revista Urbea Mea - Revista de Alba","isPartOf":{"@id":"https:\/\/urbeamea.ro\/albaiulia\/#website"},"primaryImageOfPage":{"@id":"https:\/\/urbeamea.ro\/albaiulia\/foto-trei-subofiteri-din-cadrul-centrului-militar-judetean-alba-au-fost-avansati-in-grad\/#primaryimage"},"image":{"@id":"https:\/\/urbeamea.ro\/albaiulia\/foto-trei-subofiteri-din-cadrul-centrului-militar-judetean-alba-au-fost-avansati-in-grad\/#primaryimage"},"thumbnailUrl":"https:\/\/urbeamea.ro\/albaiulia\/wp-content\/uploads\/2017\/08\/DSC_0367-e1501657691788.jpg","datePublished":"2017-08-02T15:17:09+00:00","author":{"@id":"https:\/\/urbeamea.ro\/albaiulia\/#\/schema\/person\/9700d21fae21c4f038b0b56f4506264a"},"description":"\u00cencep\u00e2nd cu data de 31 iulie, trei subofi\u0163eri din cadrul Centrului Militar Jude\u0163ean Alba au fost avansa\u0163i \u00een grad, la termen. Cei trei subofi\u021beri avansa\u021bi","breadcrumb":{"@id":"https:\/\/urbeamea.ro\/albaiulia\/foto-trei-subofiteri-din-cadrul-centrului-militar-judetean-alba-au-fost-avansati-in-grad\/#breadcrumb"},"inLanguage":"ro-RO","potentialAction":[{"@type":"ReadAction","target":["https:\/\/urbeamea.ro\/albaiulia\/foto-trei-subofiteri-din-cadrul-centrului-militar-judetean-alba-au-fost-avansati-in-grad\/"]}]},{"@type":"ImageObject","inLanguage":"ro-RO","@id":"https:\/\/urbeamea.ro\/albaiulia\/foto-trei-subofiteri-din-cadrul-centrului-militar-judetean-alba-au-fost-avansati-in-grad\/#primaryimage","url":"https:\/\/urbeamea.ro\/albaiulia\/wp-content\/uploads\/2017\/08\/DSC_0367-e1501657691788.jpg","contentUrl":"https:\/\/urbeamea.ro\/albaiulia\/wp-content\/uploads\/2017\/08\/DSC_0367-e1501657691788.jpg","width":995,"height":647},{"@type":"BreadcrumbList","@id":"https:\/\/urbeamea.ro\/albaiulia\/foto-trei-subofiteri-din-cadrul-centrului-militar-judetean-alba-au-fost-avansati-in-grad\/#breadcrumb","itemListElement":[{"@type":"ListItem","position":1,"name":"Prima pagin\u0103","item":"https:\/\/urbeamea.ro\/albaiulia\/"},{"@type":"ListItem","position":2,"name":"FOTO: Trei subofi\u021beri din cadrul Centrului Militar Jude\u021bean Alba au fost avansa\u021bi \u00een grad"}]},{"@type":"WebSite","@id":"https:\/\/urbeamea.ro\/albaiulia\/#website","url":"https:\/\/urbeamea.ro\/albaiulia\/","name":"Revista Urbea Mea, Stiri urbane","description":"Evenimente \u0219i \u0219tiri din Alba Iulia, Sebe\u0219, Aiud, Blaj","potentialAction":[{"@type":"SearchAction","target":{"@type":"EntryPoint","urlTemplate":"https:\/\/urbeamea.ro\/albaiulia\/?s={search_term_string}"},"query-input":{"@type":"PropertyValueSpecification","valueRequired":true,"valueName":"search_term_string"}}],"inLanguage":"ro-RO"},{"@type":"Person","@id":"https:\/\/urbeamea.ro\/albaiulia\/#\/schema\/person\/9700d21fae21c4f038b0b56f4506264a","name":"Cristina Ganga","image":{"@type":"ImageObject","inLanguage":"ro-RO","@id":"https:\/\/secure.gravatar.com\/avatar\/5a67661041f057b4a8ccaf26f5a8e86e2689372006d01faf3dd9eeb10b654bb4?s=96&d=mm&r=g","url":"https:\/\/secure.gravatar.com\/avatar\/5a67661041f057b4a8ccaf26f5a8e86e2689372006d01faf3dd9eeb10b654bb4?s=96&d=mm&r=g","contentUrl":"https:\/\/secure.gravatar.com\/avatar\/5a67661041f057b4a8ccaf26f5a8e86e2689372006d01faf3dd9eeb10b654bb4?s=96&d=mm&r=g","caption":"Cristina Ganga"},"description":"Jurnalist","sameAs":["https:\/\/www.facebook.com\/cristina.nicola.587"],"url":"https:\/\/urbeamea.ro\/albaiulia\/author\/cristina-nicola\/"}]}},"_links":{"self":[{"href":"https:\/\/urbeamea.ro\/albaiulia\/wp-json\/wp\/v2\/posts\/50344","targetHints":{"allow":["GET"]}}],"collection":[{"href":"https:\/\/urbeamea.ro\/albaiulia\/wp-json\/wp\/v2\/posts"}],"about":[{"href":"https:\/\/urbeamea.ro\/albaiulia\/wp-json\/wp\/v2\/types\/post"}],"author":[{"embeddable":true,"href":"https:\/\/urbeamea.ro\/albaiulia\/wp-json\/wp\/v2\/users\/17"}],"replies":[{"embeddable":true,"href":"https:\/\/urbeamea.ro\/albaiulia\/wp-json\/wp\/v2\/comments?post=50344"}],"version-history":[{"count":0,"href":"https:\/\/urbeamea.ro\/albaiulia\/wp-json\/wp\/v2\/posts\/50344\/revisions"}],"wp:featuredmedia":[{"embeddable":true,"href":"https:\/\/urbeamea.ro\/albaiulia\/wp-json\/wp\/v2\/media\/50345"}],"wp:attachment":[{"href":"https:\/\/urbeamea.ro\/albaiulia\/wp-json\/wp\/v2\/media?parent=50344"}],"wp:term":[{"taxonomy":"category","embeddable":true,"href":"https:\/\/urbeamea.ro\/albaiulia\/wp-json\/wp\/v2\/categories?post=50344"},{"taxonomy":"post_tag","embeddable":true,"href":"https:\/\/urbeamea.ro\/albaiulia\/wp-json\/wp\/v2\/tags?post=50344"}],"curies":[{"name":"wp","href":"https:\/\/api.w.org\/{rel}","templated":true}]}}