{"id":50400,"date":"2017-08-04T10:00:27","date_gmt":"2017-08-04T07:00:27","guid":{"rendered":"https:\/\/urbeamea.ro\/albaiulia\/?p=50400"},"modified":"2017-08-04T10:02:08","modified_gmt":"2017-08-04T07:02:08","slug":"apa-ctta-alba-orasul-abrud-ramane-fara-apa-vineri-din-cauza-secetei","status":"publish","type":"post","link":"https:\/\/urbeamea.ro\/albaiulia\/apa-ctta-alba-orasul-abrud-ramane-fara-apa-vineri-din-cauza-secetei\/","title":{"rendered":"APA CTTA Alba: Ora\u0219ul Abrud r\u0103m\u00e2ne f\u0103r\u0103 ap\u0103, vineri, din cauza secetei"},"content":{"rendered":"<p><strong>Din cauza debitului sc\u0103zut a\u00a0v\u0103ilor Buninginea \u0219i Cernita, precum \u0219i a izvorului Vulcan, APA CTTA va \u00eentrerupe furnizare cu ap\u0103 \u00een ora\u0219ului Abrud, vineri \u00eentre orele 12.00-16.00 \u0219i\u00a023.00-05.00.\u00a0<\/strong><\/p>\n<p><em>\u201eSC APA CTTA SA ALBA v\u0103 informeaz\u0103 c\u0103, urmare a secetei \u0219i a lipsei precipita\u021biilor din ultima perioad\u0103, debitele v\u0103ilor Buninginea \u0219i Cernita, precum \u0219i a izvorului Vulcan, au sc\u0103zut drastic, ceea ce ne oblig\u0103 la \u00eentreruperea furniz\u0103rii apei potabile \u00een ora\u0219ul Abrud \u00eencep\u00e2nd de ast\u0103zi 04.08.2017 \u00eentre orele 12.00-16.00 \u0219i 23.00-05.00. \u00cen func\u021bie de rezervele de ap\u0103 acumulate, acest program poate suferi modific\u0103ri ulterioare. Recomand\u0103m un consum ra\u021bional al apei potabile \u00een aceast\u0103 perioad\u0103\u201d<\/em> a transmis APA CTTA.<\/p>\n","protected":false},"excerpt":{"rendered":"<p>Din cauza debitului sc\u0103zut a\u00a0v\u0103ilor Buninginea \u0219i Cernita, precum \u0219i a izvorului Vulcan, APA CTTA va \u00eentrerupe furnizare cu ap\u0103 \u00een ora\u0219ului Abrud, vineri \u00eentre orele 12.00-16.00 \u0219i\u00a023.00-05.00.\u00a0 \u201eSC APA CTTA SA ALBA v\u0103 informeaz\u0103 c\u0103, urmare a secetei \u0219i a lipsei precipita\u021biilor din ultima perioad\u0103, debitele v\u0103ilor Buninginea \u0219i Cernita, precum \u0219i a izvorului &hellip;<\/p>\n","protected":false},"author":17,"featured_media":47704,"comment_status":"open","ping_status":"open","sticky":false,"template":"","format":"standard","meta":{"inline_featured_image":false,"footnotes":""},"categories":[1],"tags":[2660,12028,11496,12027,6970,11677,2552,308,76],"class_list":["post-50400","post","type-post","status-publish","format-standard","has-post-thumbnail","hentry","category-stiri-urbane","tag-abrud","tag-apa-ctta-alba","tag-debit","tag-furnizare-apa","tag-intrerupere","tag-rezervoare-de-apa","tag-seceta","tag-stiri","tag-urbea-mea"],"yoast_head":"<!-- This site is optimized with the Yoast SEO plugin v28.3 - https:\/\/yoast.com\/product\/yoast-seo-wordpress\/ -->\n<title>APA CTTA Alba: Ora\u0219ul Abrud r\u0103m\u00e2ne f\u0103r\u0103 ap\u0103, vineri, din cauza secetei - Revista Urbea Mea - Revista de Alba<\/title>\n<meta name=\"description\" content=\"Din cauza debitului sc\u0103zut a\u00a0v\u0103ilor Buninginea \u0219i Cernita, precum \u0219i a izvorului Vulcan, APA CTTA va \u00eentrerupe furnizare cu ap\u0103 \u00een ora\u0219ului Abrud, vineri\" \/>\n<meta name=\"robots\" content=\"index, follow, max-snippet:-1, max-image-preview:large, max-video-preview:-1\" \/>\n<link rel=\"canonical\" href=\"https:\/\/urbeamea.ro\/albaiulia\/apa-ctta-alba-orasul-abrud-ramane-fara-apa-vineri-din-cauza-secetei\/\" \/>\n<meta name=\"twitter:card\" content=\"summary_large_image\" \/>\n<meta name=\"twitter:title\" content=\"APA CTTA Alba: Ora\u0219ul Abrud r\u0103m\u00e2ne f\u0103r\u0103 ap\u0103, vineri, din cauza secetei - Revista Urbea Mea - Revista de Alba\" \/>\n<meta name=\"twitter:description\" content=\"Din cauza debitului sc\u0103zut a\u00a0v\u0103ilor Buninginea \u0219i Cernita, precum \u0219i a izvorului Vulcan, APA CTTA va \u00eentrerupe furnizare cu ap\u0103 \u00een ora\u0219ului Abrud, vineri\" \/>\n<meta name=\"twitter:image\" content=\"https:\/\/urbeamea.ro\/albaiulia\/wp-content\/uploads\/2017\/06\/intrerupere_apa.jpg\" \/>\n<meta name=\"twitter:creator\" content=\"@urbeameaweb\" \/>\n<meta name=\"twitter:site\" content=\"@urbeameaweb\" \/>\n<script type=\"application\/ld+json\" class=\"yoast-schema-graph\">{\"@context\":\"https:\\\/\\\/schema.org\",\"@graph\":[{\"@type\":\"Article\",\"@id\":\"https:\\\/\\\/urbeamea.ro\\\/albaiulia\\\/apa-ctta-alba-orasul-abrud-ramane-fara-apa-vineri-din-cauza-secetei\\\/#article\",\"isPartOf\":{\"@id\":\"https:\\\/\\\/urbeamea.ro\\\/albaiulia\\\/apa-ctta-alba-orasul-abrud-ramane-fara-apa-vineri-din-cauza-secetei\\\/\"},\"author\":{\"name\":\"Cristina Ganga\",\"@id\":\"https:\\\/\\\/urbeamea.ro\\\/albaiulia\\\/#\\\/schema\\\/person\\\/9700d21fae21c4f038b0b56f4506264a\"},\"headline\":\"APA CTTA Alba: Ora\u0219ul Abrud r\u0103m\u00e2ne f\u0103r\u0103 ap\u0103, vineri, din cauza secetei\",\"datePublished\":\"2017-08-04T07:00:27+00:00\",\"dateModified\":\"2017-08-04T07:02:08+00:00\",\"mainEntityOfPage\":{\"@id\":\"https:\\\/\\\/urbeamea.ro\\\/albaiulia\\\/apa-ctta-alba-orasul-abrud-ramane-fara-apa-vineri-din-cauza-secetei\\\/\"},\"wordCount\":138,\"commentCount\":0,\"image\":{\"@id\":\"https:\\\/\\\/urbeamea.ro\\\/albaiulia\\\/apa-ctta-alba-orasul-abrud-ramane-fara-apa-vineri-din-cauza-secetei\\\/#primaryimage\"},\"thumbnailUrl\":\"https:\\\/\\\/urbeamea.ro\\\/albaiulia\\\/wp-content\\\/uploads\\\/2017\\\/06\\\/intrerupere_apa.jpg\",\"keywords\":[\"abrud\",\"apa ctta alba\",\"debit\",\"furnizare apa\",\"intrerupere\",\"rezervoare de apa\",\"seceta\",\"stiri\",\"Urbea Mea\"],\"articleSection\":[\"\u015etiri Urbane\"],\"inLanguage\":\"ro-RO\",\"potentialAction\":[{\"@type\":\"CommentAction\",\"name\":\"Comment\",\"target\":[\"https:\\\/\\\/urbeamea.ro\\\/albaiulia\\\/apa-ctta-alba-orasul-abrud-ramane-fara-apa-vineri-din-cauza-secetei\\\/#respond\"]}]},{\"@type\":\"WebPage\",\"@id\":\"https:\\\/\\\/urbeamea.ro\\\/albaiulia\\\/apa-ctta-alba-orasul-abrud-ramane-fara-apa-vineri-din-cauza-secetei\\\/\",\"url\":\"https:\\\/\\\/urbeamea.ro\\\/albaiulia\\\/apa-ctta-alba-orasul-abrud-ramane-fara-apa-vineri-din-cauza-secetei\\\/\",\"name\":\"APA CTTA Alba: Ora\u0219ul Abrud r\u0103m\u00e2ne f\u0103r\u0103 ap\u0103, vineri, din cauza secetei - Revista Urbea Mea - Revista de Alba\",\"isPartOf\":{\"@id\":\"https:\\\/\\\/urbeamea.ro\\\/albaiulia\\\/#website\"},\"primaryImageOfPage\":{\"@id\":\"https:\\\/\\\/urbeamea.ro\\\/albaiulia\\\/apa-ctta-alba-orasul-abrud-ramane-fara-apa-vineri-din-cauza-secetei\\\/#primaryimage\"},\"image\":{\"@id\":\"https:\\\/\\\/urbeamea.ro\\\/albaiulia\\\/apa-ctta-alba-orasul-abrud-ramane-fara-apa-vineri-din-cauza-secetei\\\/#primaryimage\"},\"thumbnailUrl\":\"https:\\\/\\\/urbeamea.ro\\\/albaiulia\\\/wp-content\\\/uploads\\\/2017\\\/06\\\/intrerupere_apa.jpg\",\"datePublished\":\"2017-08-04T07:00:27+00:00\",\"dateModified\":\"2017-08-04T07:02:08+00:00\",\"author\":{\"@id\":\"https:\\\/\\\/urbeamea.ro\\\/albaiulia\\\/#\\\/schema\\\/person\\\/9700d21fae21c4f038b0b56f4506264a\"},\"description\":\"Din cauza debitului sc\u0103zut a\u00a0v\u0103ilor Buninginea \u0219i Cernita, precum \u0219i a izvorului Vulcan, APA CTTA va \u00eentrerupe furnizare cu ap\u0103 \u00een ora\u0219ului Abrud, vineri\",\"breadcrumb\":{\"@id\":\"https:\\\/\\\/urbeamea.ro\\\/albaiulia\\\/apa-ctta-alba-orasul-abrud-ramane-fara-apa-vineri-din-cauza-secetei\\\/#breadcrumb\"},\"inLanguage\":\"ro-RO\",\"potentialAction\":[{\"@type\":\"ReadAction\",\"target\":[\"https:\\\/\\\/urbeamea.ro\\\/albaiulia\\\/apa-ctta-alba-orasul-abrud-ramane-fara-apa-vineri-din-cauza-secetei\\\/\"]}]},{\"@type\":\"ImageObject\",\"inLanguage\":\"ro-RO\",\"@id\":\"https:\\\/\\\/urbeamea.ro\\\/albaiulia\\\/apa-ctta-alba-orasul-abrud-ramane-fara-apa-vineri-din-cauza-secetei\\\/#primaryimage\",\"url\":\"https:\\\/\\\/urbeamea.ro\\\/albaiulia\\\/wp-content\\\/uploads\\\/2017\\\/06\\\/intrerupere_apa.jpg\",\"contentUrl\":\"https:\\\/\\\/urbeamea.ro\\\/albaiulia\\\/wp-content\\\/uploads\\\/2017\\\/06\\\/intrerupere_apa.jpg\",\"width\":600,\"height\":375},{\"@type\":\"BreadcrumbList\",\"@id\":\"https:\\\/\\\/urbeamea.ro\\\/albaiulia\\\/apa-ctta-alba-orasul-abrud-ramane-fara-apa-vineri-din-cauza-secetei\\\/#breadcrumb\",\"itemListElement\":[{\"@type\":\"ListItem\",\"position\":1,\"name\":\"Prima pagin\u0103\",\"item\":\"https:\\\/\\\/urbeamea.ro\\\/albaiulia\\\/\"},{\"@type\":\"ListItem\",\"position\":2,\"name\":\"APA CTTA Alba: Ora\u0219ul Abrud r\u0103m\u00e2ne f\u0103r\u0103 ap\u0103, vineri, din cauza secetei\"}]},{\"@type\":\"WebSite\",\"@id\":\"https:\\\/\\\/urbeamea.ro\\\/albaiulia\\\/#website\",\"url\":\"https:\\\/\\\/urbeamea.ro\\\/albaiulia\\\/\",\"name\":\"Revista Urbea Mea, Stiri urbane\",\"description\":\"Evenimente \u0219i \u0219tiri din Alba Iulia, Sebe\u0219, Aiud, Blaj\",\"potentialAction\":[{\"@type\":\"SearchAction\",\"target\":{\"@type\":\"EntryPoint\",\"urlTemplate\":\"https:\\\/\\\/urbeamea.ro\\\/albaiulia\\\/?s={search_term_string}\"},\"query-input\":{\"@type\":\"PropertyValueSpecification\",\"valueRequired\":true,\"valueName\":\"search_term_string\"}}],\"inLanguage\":\"ro-RO\"},{\"@type\":\"Person\",\"@id\":\"https:\\\/\\\/urbeamea.ro\\\/albaiulia\\\/#\\\/schema\\\/person\\\/9700d21fae21c4f038b0b56f4506264a\",\"name\":\"Cristina Ganga\",\"image\":{\"@type\":\"ImageObject\",\"inLanguage\":\"ro-RO\",\"@id\":\"https:\\\/\\\/secure.gravatar.com\\\/avatar\\\/5a67661041f057b4a8ccaf26f5a8e86e2689372006d01faf3dd9eeb10b654bb4?s=96&d=mm&r=g\",\"url\":\"https:\\\/\\\/secure.gravatar.com\\\/avatar\\\/5a67661041f057b4a8ccaf26f5a8e86e2689372006d01faf3dd9eeb10b654bb4?s=96&d=mm&r=g\",\"contentUrl\":\"https:\\\/\\\/secure.gravatar.com\\\/avatar\\\/5a67661041f057b4a8ccaf26f5a8e86e2689372006d01faf3dd9eeb10b654bb4?s=96&d=mm&r=g\",\"caption\":\"Cristina Ganga\"},\"description\":\"Jurnalist\",\"sameAs\":[\"https:\\\/\\\/www.facebook.com\\\/cristina.nicola.587\"],\"url\":\"https:\\\/\\\/urbeamea.ro\\\/albaiulia\\\/author\\\/cristina-nicola\\\/\"}]}<\/script>\n<!-- \/ Yoast SEO plugin. -->","yoast_head_json":{"title":"APA CTTA Alba: Ora\u0219ul Abrud r\u0103m\u00e2ne f\u0103r\u0103 ap\u0103, vineri, din cauza secetei - Revista Urbea Mea - Revista de Alba","description":"Din cauza debitului sc\u0103zut a\u00a0v\u0103ilor Buninginea \u0219i Cernita, precum \u0219i a izvorului Vulcan, APA CTTA va \u00eentrerupe furnizare cu ap\u0103 \u00een ora\u0219ului Abrud, vineri","robots":{"index":"index","follow":"follow","max-snippet":"max-snippet:-1","max-image-preview":"max-image-preview:large","max-video-preview":"max-video-preview:-1"},"canonical":"https:\/\/urbeamea.ro\/albaiulia\/apa-ctta-alba-orasul-abrud-ramane-fara-apa-vineri-din-cauza-secetei\/","twitter_card":"summary_large_image","twitter_title":"APA CTTA Alba: Ora\u0219ul Abrud r\u0103m\u00e2ne f\u0103r\u0103 ap\u0103, vineri, din cauza secetei - Revista Urbea Mea - Revista de Alba","twitter_description":"Din cauza debitului sc\u0103zut a\u00a0v\u0103ilor Buninginea \u0219i Cernita, precum \u0219i a izvorului Vulcan, APA CTTA va \u00eentrerupe furnizare cu ap\u0103 \u00een ora\u0219ului Abrud, vineri","twitter_image":"https:\/\/urbeamea.ro\/albaiulia\/wp-content\/uploads\/2017\/06\/intrerupere_apa.jpg","twitter_creator":"@urbeameaweb","twitter_site":"@urbeameaweb","schema":{"@context":"https:\/\/schema.org","@graph":[{"@type":"Article","@id":"https:\/\/urbeamea.ro\/albaiulia\/apa-ctta-alba-orasul-abrud-ramane-fara-apa-vineri-din-cauza-secetei\/#article","isPartOf":{"@id":"https:\/\/urbeamea.ro\/albaiulia\/apa-ctta-alba-orasul-abrud-ramane-fara-apa-vineri-din-cauza-secetei\/"},"author":{"name":"Cristina Ganga","@id":"https:\/\/urbeamea.ro\/albaiulia\/#\/schema\/person\/9700d21fae21c4f038b0b56f4506264a"},"headline":"APA CTTA Alba: Ora\u0219ul Abrud r\u0103m\u00e2ne f\u0103r\u0103 ap\u0103, vineri, din cauza secetei","datePublished":"2017-08-04T07:00:27+00:00","dateModified":"2017-08-04T07:02:08+00:00","mainEntityOfPage":{"@id":"https:\/\/urbeamea.ro\/albaiulia\/apa-ctta-alba-orasul-abrud-ramane-fara-apa-vineri-din-cauza-secetei\/"},"wordCount":138,"commentCount":0,"image":{"@id":"https:\/\/urbeamea.ro\/albaiulia\/apa-ctta-alba-orasul-abrud-ramane-fara-apa-vineri-din-cauza-secetei\/#primaryimage"},"thumbnailUrl":"https:\/\/urbeamea.ro\/albaiulia\/wp-content\/uploads\/2017\/06\/intrerupere_apa.jpg","keywords":["abrud","apa ctta alba","debit","furnizare apa","intrerupere","rezervoare de apa","seceta","stiri","Urbea Mea"],"articleSection":["\u015etiri Urbane"],"inLanguage":"ro-RO","potentialAction":[{"@type":"CommentAction","name":"Comment","target":["https:\/\/urbeamea.ro\/albaiulia\/apa-ctta-alba-orasul-abrud-ramane-fara-apa-vineri-din-cauza-secetei\/#respond"]}]},{"@type":"WebPage","@id":"https:\/\/urbeamea.ro\/albaiulia\/apa-ctta-alba-orasul-abrud-ramane-fara-apa-vineri-din-cauza-secetei\/","url":"https:\/\/urbeamea.ro\/albaiulia\/apa-ctta-alba-orasul-abrud-ramane-fara-apa-vineri-din-cauza-secetei\/","name":"APA CTTA Alba: Ora\u0219ul Abrud r\u0103m\u00e2ne f\u0103r\u0103 ap\u0103, vineri, din cauza secetei - Revista Urbea Mea - Revista de Alba","isPartOf":{"@id":"https:\/\/urbeamea.ro\/albaiulia\/#website"},"primaryImageOfPage":{"@id":"https:\/\/urbeamea.ro\/albaiulia\/apa-ctta-alba-orasul-abrud-ramane-fara-apa-vineri-din-cauza-secetei\/#primaryimage"},"image":{"@id":"https:\/\/urbeamea.ro\/albaiulia\/apa-ctta-alba-orasul-abrud-ramane-fara-apa-vineri-din-cauza-secetei\/#primaryimage"},"thumbnailUrl":"https:\/\/urbeamea.ro\/albaiulia\/wp-content\/uploads\/2017\/06\/intrerupere_apa.jpg","datePublished":"2017-08-04T07:00:27+00:00","dateModified":"2017-08-04T07:02:08+00:00","author":{"@id":"https:\/\/urbeamea.ro\/albaiulia\/#\/schema\/person\/9700d21fae21c4f038b0b56f4506264a"},"description":"Din cauza debitului sc\u0103zut a\u00a0v\u0103ilor Buninginea \u0219i Cernita, precum \u0219i a izvorului Vulcan, APA CTTA va \u00eentrerupe furnizare cu ap\u0103 \u00een ora\u0219ului Abrud, vineri","breadcrumb":{"@id":"https:\/\/urbeamea.ro\/albaiulia\/apa-ctta-alba-orasul-abrud-ramane-fara-apa-vineri-din-cauza-secetei\/#breadcrumb"},"inLanguage":"ro-RO","potentialAction":[{"@type":"ReadAction","target":["https:\/\/urbeamea.ro\/albaiulia\/apa-ctta-alba-orasul-abrud-ramane-fara-apa-vineri-din-cauza-secetei\/"]}]},{"@type":"ImageObject","inLanguage":"ro-RO","@id":"https:\/\/urbeamea.ro\/albaiulia\/apa-ctta-alba-orasul-abrud-ramane-fara-apa-vineri-din-cauza-secetei\/#primaryimage","url":"https:\/\/urbeamea.ro\/albaiulia\/wp-content\/uploads\/2017\/06\/intrerupere_apa.jpg","contentUrl":"https:\/\/urbeamea.ro\/albaiulia\/wp-content\/uploads\/2017\/06\/intrerupere_apa.jpg","width":600,"height":375},{"@type":"BreadcrumbList","@id":"https:\/\/urbeamea.ro\/albaiulia\/apa-ctta-alba-orasul-abrud-ramane-fara-apa-vineri-din-cauza-secetei\/#breadcrumb","itemListElement":[{"@type":"ListItem","position":1,"name":"Prima pagin\u0103","item":"https:\/\/urbeamea.ro\/albaiulia\/"},{"@type":"ListItem","position":2,"name":"APA CTTA Alba: Ora\u0219ul Abrud r\u0103m\u00e2ne f\u0103r\u0103 ap\u0103, vineri, din cauza secetei"}]},{"@type":"WebSite","@id":"https:\/\/urbeamea.ro\/albaiulia\/#website","url":"https:\/\/urbeamea.ro\/albaiulia\/","name":"Revista Urbea Mea, Stiri urbane","description":"Evenimente \u0219i \u0219tiri din Alba Iulia, Sebe\u0219, Aiud, Blaj","potentialAction":[{"@type":"SearchAction","target":{"@type":"EntryPoint","urlTemplate":"https:\/\/urbeamea.ro\/albaiulia\/?s={search_term_string}"},"query-input":{"@type":"PropertyValueSpecification","valueRequired":true,"valueName":"search_term_string"}}],"inLanguage":"ro-RO"},{"@type":"Person","@id":"https:\/\/urbeamea.ro\/albaiulia\/#\/schema\/person\/9700d21fae21c4f038b0b56f4506264a","name":"Cristina Ganga","image":{"@type":"ImageObject","inLanguage":"ro-RO","@id":"https:\/\/secure.gravatar.com\/avatar\/5a67661041f057b4a8ccaf26f5a8e86e2689372006d01faf3dd9eeb10b654bb4?s=96&d=mm&r=g","url":"https:\/\/secure.gravatar.com\/avatar\/5a67661041f057b4a8ccaf26f5a8e86e2689372006d01faf3dd9eeb10b654bb4?s=96&d=mm&r=g","contentUrl":"https:\/\/secure.gravatar.com\/avatar\/5a67661041f057b4a8ccaf26f5a8e86e2689372006d01faf3dd9eeb10b654bb4?s=96&d=mm&r=g","caption":"Cristina Ganga"},"description":"Jurnalist","sameAs":["https:\/\/www.facebook.com\/cristina.nicola.587"],"url":"https:\/\/urbeamea.ro\/albaiulia\/author\/cristina-nicola\/"}]}},"_links":{"self":[{"href":"https:\/\/urbeamea.ro\/albaiulia\/wp-json\/wp\/v2\/posts\/50400","targetHints":{"allow":["GET"]}}],"collection":[{"href":"https:\/\/urbeamea.ro\/albaiulia\/wp-json\/wp\/v2\/posts"}],"about":[{"href":"https:\/\/urbeamea.ro\/albaiulia\/wp-json\/wp\/v2\/types\/post"}],"author":[{"embeddable":true,"href":"https:\/\/urbeamea.ro\/albaiulia\/wp-json\/wp\/v2\/users\/17"}],"replies":[{"embeddable":true,"href":"https:\/\/urbeamea.ro\/albaiulia\/wp-json\/wp\/v2\/comments?post=50400"}],"version-history":[{"count":0,"href":"https:\/\/urbeamea.ro\/albaiulia\/wp-json\/wp\/v2\/posts\/50400\/revisions"}],"wp:featuredmedia":[{"embeddable":true,"href":"https:\/\/urbeamea.ro\/albaiulia\/wp-json\/wp\/v2\/media\/47704"}],"wp:attachment":[{"href":"https:\/\/urbeamea.ro\/albaiulia\/wp-json\/wp\/v2\/media?parent=50400"}],"wp:term":[{"taxonomy":"category","embeddable":true,"href":"https:\/\/urbeamea.ro\/albaiulia\/wp-json\/wp\/v2\/categories?post=50400"},{"taxonomy":"post_tag","embeddable":true,"href":"https:\/\/urbeamea.ro\/albaiulia\/wp-json\/wp\/v2\/tags?post=50400"}],"curies":[{"name":"wp","href":"https:\/\/api.w.org\/{rel}","templated":true}]}}