{"id":50511,"date":"2017-08-06T12:44:23","date_gmt":"2017-08-06T09:44:23","guid":{"rendered":"https:\/\/urbeamea.ro\/albaiulia\/?p=50511"},"modified":"2017-08-06T12:44:23","modified_gmt":"2017-08-06T09:44:23","slug":"flavius-dorel-narita-soferul-care-a-provocat-care-a-provocat-accidentul-de-la-abrud-in-urma-caruia-sotia-sa-si-a-pierdut-viata-arestat-pentru-20-de-zile","status":"publish","type":"post","link":"https:\/\/urbeamea.ro\/albaiulia\/flavius-dorel-narita-soferul-care-a-provocat-care-a-provocat-accidentul-de-la-abrud-in-urma-caruia-sotia-sa-si-a-pierdut-viata-arestat-pentru-20-de-zile\/","title":{"rendered":"Flavius Dorel Nari\u021ba, \u0219oferul care a provocat care a provocat accidentul de la Abrud, \u00een urma c\u0103ruia so\u021bia sa \u0219i-a pierdut via\u021ba, arestat pentru 20 de zile"},"content":{"rendered":"<p><strong>Flavius Dorel Nari\u021ba, \u0219oferul \u00een v\u00e2rst\u0103 de 36 de ani, care a provocat accidentul de vineri de la Abrud, \u00een urma c\u0103ruia so\u021bia sa \u0219i-a pierdut via\u021ba, a fost arestat preventiv.<\/strong><\/p>\n<p>B\u0103rbatul, re\u021binut pentru 24 de ore s\u00e2mb\u0103t\u0103, a fost prezentat Judec\u0103toriei C\u00e2mpeni cu propunere de arestare preventiv\u0103. Judec\u0103torii au admis propunerea procurorilor \u0219i au emis un mandat de arestare preventiv\u0103 pentru 20 de zile pe numele \u0219oferului. Decizia instan\u021bei nu este definitiv\u0103 \u0219i poate fi contestat\u0103 la Tribunalul Alba. .<\/p>\n<p>Sub influen\u021ba alcoolului \u0219i f\u0103r\u0103 a avea permis de conducere, Flavius Dorel Nari\u021ba de 36 de ani, din Abrud, s-a urcat la volan \u015fi a provocat accidentul \u00een urma c\u0103ruia a murit so\u0163ia sa, Petronela, \u00een v\u00e2rst\u0103 de 30 de ani. \u00cen urma tragediei, patru copii, dou\u0103 feti\u021be \u0219i doi b\u0103ie\u021bi, au r\u0103mas orfani de mam\u0103.<\/p>\n<p>Din primele cercet\u0103ri ale poli\u021bi\u0219tilor, se pare c\u0103 , N.F.D., b\u0103rbatul de 36 de ani din Abrud, \u00een timp ce conducea un \u00a0autoturism pe strada Cristea, a pierdut controlul volanului, a rupt un gard \u0219i s-a r\u0103sturnat \u00een afara drumului, pe un teren de fanat.<\/p>\n<p>B\u0103rbatul a sc\u0103pat cu r\u0103ni u\u0219oare, \u00eens\u0103 so\u021bia sa\u00a0 a suferit leziuni grave \u0219i a fost transportat\u0103 \u00een com\u0103 la spitalul din C\u00e2mpeni, de unde urma s\u0103 fie transferat\u0103 cu un elicopter SMURD la un alt spital. Din p\u0103cate, t\u00e2n\u0103ra a decedat \u00eenainte s\u0103 fie preluat\u0103 de elicopter. Potrivit IPJ Alba, \u0219oferul\u00a0 avea o alcoolemie de 0,97 mg\/l alcool pur \u00een aerul expirat.<\/p>\n<p>&nbsp;<\/p>\n<div class=\"zabhAMvt\"><\/div>\n","protected":false},"excerpt":{"rendered":"<p>Flavius Dorel Nari\u021ba, \u0219oferul \u00een v\u00e2rst\u0103 de 36 de ani, care a provocat accidentul de vineri de la Abrud, \u00een urma c\u0103ruia so\u021bia sa \u0219i-a pierdut via\u021ba, a fost arestat preventiv. B\u0103rbatul, re\u021binut pentru 24 de ore s\u00e2mb\u0103t\u0103, a fost prezentat Judec\u0103toriei C\u00e2mpeni cu propunere de arestare preventiv\u0103. Judec\u0103torii au admis propunerea procurorilor \u0219i au &hellip;<\/p>\n","protected":false},"author":17,"featured_media":50512,"comment_status":"open","ping_status":"open","sticky":false,"template":"","format":"standard","meta":{"inline_featured_image":false,"footnotes":""},"categories":[1],"tags":[2660,83,307,1364,2666,2408,12039,401,4784,308,76],"class_list":["post-50511","post","type-post","status-publish","format-standard","has-post-thumbnail","hentry","category-stiri-urbane","tag-abrud","tag-accident","tag-alba","tag-alcool","tag-arestat","tag-decedat","tag-flavius-narita","tag-permis-de-conducere","tag-sotie","tag-stiri","tag-urbea-mea"],"yoast_head":"<!-- This site is optimized with the Yoast SEO plugin v28.3 - https:\/\/yoast.com\/product\/yoast-seo-wordpress\/ -->\n<title>Flavius Dorel Nari\u021ba, \u0219oferul care a provocat care a provocat accidentul de la Abrud, \u00een urma c\u0103ruia so\u021bia sa \u0219i-a pierdut via\u021ba, arestat pentru 20 de zile - Revista Urbea Mea - Revista de Alba<\/title>\n<meta name=\"description\" content=\"Flavius Dorel Nari\u021ba, \u0219oferul \u00een v\u00e2rst\u0103 de 36 de ani, care a provocat accidentul de vineri de la Abrud, \u00een urma c\u0103ruia so\u021bia sa \u0219i-a pierdut via\u021ba, a fost\" \/>\n<meta name=\"robots\" content=\"index, follow, max-snippet:-1, max-image-preview:large, max-video-preview:-1\" \/>\n<link rel=\"canonical\" href=\"https:\/\/urbeamea.ro\/albaiulia\/flavius-dorel-narita-soferul-care-a-provocat-care-a-provocat-accidentul-de-la-abrud-in-urma-caruia-sotia-sa-si-a-pierdut-viata-arestat-pentru-20-de-zile\/\" \/>\n<meta name=\"twitter:card\" content=\"summary_large_image\" \/>\n<meta name=\"twitter:title\" content=\"Flavius Dorel Nari\u021ba, \u0219oferul care a provocat care a provocat accidentul de la Abrud, \u00een urma c\u0103ruia so\u021bia sa \u0219i-a pierdut via\u021ba, arestat pentru 20 de zile - Revista Urbea Mea - Revista de Alba\" \/>\n<meta name=\"twitter:description\" content=\"Flavius Dorel Nari\u021ba, \u0219oferul \u00een v\u00e2rst\u0103 de 36 de ani, care a provocat accidentul de vineri de la Abrud, \u00een urma c\u0103ruia so\u021bia sa \u0219i-a pierdut via\u021ba, a fost\" \/>\n<meta name=\"twitter:image\" content=\"https:\/\/urbeamea.ro\/albaiulia\/wp-content\/uploads\/2017\/08\/familia-narita1.jpg\" \/>\n<meta name=\"twitter:creator\" content=\"@urbeameaweb\" \/>\n<meta name=\"twitter:site\" content=\"@urbeameaweb\" \/>\n<script type=\"application\/ld+json\" class=\"yoast-schema-graph\">{\"@context\":\"https:\\\/\\\/schema.org\",\"@graph\":[{\"@type\":\"Article\",\"@id\":\"https:\\\/\\\/urbeamea.ro\\\/albaiulia\\\/flavius-dorel-narita-soferul-care-a-provocat-care-a-provocat-accidentul-de-la-abrud-in-urma-caruia-sotia-sa-si-a-pierdut-viata-arestat-pentru-20-de-zile\\\/#article\",\"isPartOf\":{\"@id\":\"https:\\\/\\\/urbeamea.ro\\\/albaiulia\\\/flavius-dorel-narita-soferul-care-a-provocat-care-a-provocat-accidentul-de-la-abrud-in-urma-caruia-sotia-sa-si-a-pierdut-viata-arestat-pentru-20-de-zile\\\/\"},\"author\":{\"name\":\"Cristina Ganga\",\"@id\":\"https:\\\/\\\/urbeamea.ro\\\/albaiulia\\\/#\\\/schema\\\/person\\\/9700d21fae21c4f038b0b56f4506264a\"},\"headline\":\"Flavius Dorel Nari\u021ba, \u0219oferul care a provocat care a provocat accidentul de la Abrud, \u00een urma c\u0103ruia so\u021bia sa \u0219i-a pierdut via\u021ba, arestat pentru 20 de zile\",\"datePublished\":\"2017-08-06T09:44:23+00:00\",\"mainEntityOfPage\":{\"@id\":\"https:\\\/\\\/urbeamea.ro\\\/albaiulia\\\/flavius-dorel-narita-soferul-care-a-provocat-care-a-provocat-accidentul-de-la-abrud-in-urma-caruia-sotia-sa-si-a-pierdut-viata-arestat-pentru-20-de-zile\\\/\"},\"wordCount\":307,\"commentCount\":0,\"image\":{\"@id\":\"https:\\\/\\\/urbeamea.ro\\\/albaiulia\\\/flavius-dorel-narita-soferul-care-a-provocat-care-a-provocat-accidentul-de-la-abrud-in-urma-caruia-sotia-sa-si-a-pierdut-viata-arestat-pentru-20-de-zile\\\/#primaryimage\"},\"thumbnailUrl\":\"https:\\\/\\\/urbeamea.ro\\\/albaiulia\\\/wp-content\\\/uploads\\\/2017\\\/08\\\/familia-narita1.jpg\",\"keywords\":[\"abrud\",\"accident\",\"alba\",\"alcool\",\"arestat\",\"decedat\",\"flavius narita\",\"permis de conducere\",\"sotie\",\"stiri\",\"Urbea Mea\"],\"articleSection\":[\"\u015etiri Urbane\"],\"inLanguage\":\"ro-RO\",\"potentialAction\":[{\"@type\":\"CommentAction\",\"name\":\"Comment\",\"target\":[\"https:\\\/\\\/urbeamea.ro\\\/albaiulia\\\/flavius-dorel-narita-soferul-care-a-provocat-care-a-provocat-accidentul-de-la-abrud-in-urma-caruia-sotia-sa-si-a-pierdut-viata-arestat-pentru-20-de-zile\\\/#respond\"]}]},{\"@type\":\"WebPage\",\"@id\":\"https:\\\/\\\/urbeamea.ro\\\/albaiulia\\\/flavius-dorel-narita-soferul-care-a-provocat-care-a-provocat-accidentul-de-la-abrud-in-urma-caruia-sotia-sa-si-a-pierdut-viata-arestat-pentru-20-de-zile\\\/\",\"url\":\"https:\\\/\\\/urbeamea.ro\\\/albaiulia\\\/flavius-dorel-narita-soferul-care-a-provocat-care-a-provocat-accidentul-de-la-abrud-in-urma-caruia-sotia-sa-si-a-pierdut-viata-arestat-pentru-20-de-zile\\\/\",\"name\":\"Flavius Dorel Nari\u021ba, \u0219oferul care a provocat care a provocat accidentul de la Abrud, \u00een urma c\u0103ruia so\u021bia sa \u0219i-a pierdut via\u021ba, arestat pentru 20 de zile - Revista Urbea Mea - Revista de Alba\",\"isPartOf\":{\"@id\":\"https:\\\/\\\/urbeamea.ro\\\/albaiulia\\\/#website\"},\"primaryImageOfPage\":{\"@id\":\"https:\\\/\\\/urbeamea.ro\\\/albaiulia\\\/flavius-dorel-narita-soferul-care-a-provocat-care-a-provocat-accidentul-de-la-abrud-in-urma-caruia-sotia-sa-si-a-pierdut-viata-arestat-pentru-20-de-zile\\\/#primaryimage\"},\"image\":{\"@id\":\"https:\\\/\\\/urbeamea.ro\\\/albaiulia\\\/flavius-dorel-narita-soferul-care-a-provocat-care-a-provocat-accidentul-de-la-abrud-in-urma-caruia-sotia-sa-si-a-pierdut-viata-arestat-pentru-20-de-zile\\\/#primaryimage\"},\"thumbnailUrl\":\"https:\\\/\\\/urbeamea.ro\\\/albaiulia\\\/wp-content\\\/uploads\\\/2017\\\/08\\\/familia-narita1.jpg\",\"datePublished\":\"2017-08-06T09:44:23+00:00\",\"author\":{\"@id\":\"https:\\\/\\\/urbeamea.ro\\\/albaiulia\\\/#\\\/schema\\\/person\\\/9700d21fae21c4f038b0b56f4506264a\"},\"description\":\"Flavius Dorel Nari\u021ba, \u0219oferul \u00een v\u00e2rst\u0103 de 36 de ani, care a provocat accidentul de vineri de la Abrud, \u00een urma c\u0103ruia so\u021bia sa \u0219i-a pierdut via\u021ba, a fost\",\"breadcrumb\":{\"@id\":\"https:\\\/\\\/urbeamea.ro\\\/albaiulia\\\/flavius-dorel-narita-soferul-care-a-provocat-care-a-provocat-accidentul-de-la-abrud-in-urma-caruia-sotia-sa-si-a-pierdut-viata-arestat-pentru-20-de-zile\\\/#breadcrumb\"},\"inLanguage\":\"ro-RO\",\"potentialAction\":[{\"@type\":\"ReadAction\",\"target\":[\"https:\\\/\\\/urbeamea.ro\\\/albaiulia\\\/flavius-dorel-narita-soferul-care-a-provocat-care-a-provocat-accidentul-de-la-abrud-in-urma-caruia-sotia-sa-si-a-pierdut-viata-arestat-pentru-20-de-zile\\\/\"]}]},{\"@type\":\"ImageObject\",\"inLanguage\":\"ro-RO\",\"@id\":\"https:\\\/\\\/urbeamea.ro\\\/albaiulia\\\/flavius-dorel-narita-soferul-care-a-provocat-care-a-provocat-accidentul-de-la-abrud-in-urma-caruia-sotia-sa-si-a-pierdut-viata-arestat-pentru-20-de-zile\\\/#primaryimage\",\"url\":\"https:\\\/\\\/urbeamea.ro\\\/albaiulia\\\/wp-content\\\/uploads\\\/2017\\\/08\\\/familia-narita1.jpg\",\"contentUrl\":\"https:\\\/\\\/urbeamea.ro\\\/albaiulia\\\/wp-content\\\/uploads\\\/2017\\\/08\\\/familia-narita1.jpg\",\"width\":557,\"height\":474},{\"@type\":\"BreadcrumbList\",\"@id\":\"https:\\\/\\\/urbeamea.ro\\\/albaiulia\\\/flavius-dorel-narita-soferul-care-a-provocat-care-a-provocat-accidentul-de-la-abrud-in-urma-caruia-sotia-sa-si-a-pierdut-viata-arestat-pentru-20-de-zile\\\/#breadcrumb\",\"itemListElement\":[{\"@type\":\"ListItem\",\"position\":1,\"name\":\"Prima pagin\u0103\",\"item\":\"https:\\\/\\\/urbeamea.ro\\\/albaiulia\\\/\"},{\"@type\":\"ListItem\",\"position\":2,\"name\":\"Flavius Dorel Nari\u021ba, \u0219oferul care a provocat care a provocat accidentul de la Abrud, \u00een urma c\u0103ruia so\u021bia sa \u0219i-a pierdut via\u021ba, arestat pentru 20 de zile\"}]},{\"@type\":\"WebSite\",\"@id\":\"https:\\\/\\\/urbeamea.ro\\\/albaiulia\\\/#website\",\"url\":\"https:\\\/\\\/urbeamea.ro\\\/albaiulia\\\/\",\"name\":\"Revista Urbea Mea, Stiri urbane\",\"description\":\"Evenimente \u0219i \u0219tiri din Alba Iulia, Sebe\u0219, Aiud, Blaj\",\"potentialAction\":[{\"@type\":\"SearchAction\",\"target\":{\"@type\":\"EntryPoint\",\"urlTemplate\":\"https:\\\/\\\/urbeamea.ro\\\/albaiulia\\\/?s={search_term_string}\"},\"query-input\":{\"@type\":\"PropertyValueSpecification\",\"valueRequired\":true,\"valueName\":\"search_term_string\"}}],\"inLanguage\":\"ro-RO\"},{\"@type\":\"Person\",\"@id\":\"https:\\\/\\\/urbeamea.ro\\\/albaiulia\\\/#\\\/schema\\\/person\\\/9700d21fae21c4f038b0b56f4506264a\",\"name\":\"Cristina Ganga\",\"image\":{\"@type\":\"ImageObject\",\"inLanguage\":\"ro-RO\",\"@id\":\"https:\\\/\\\/secure.gravatar.com\\\/avatar\\\/5a67661041f057b4a8ccaf26f5a8e86e2689372006d01faf3dd9eeb10b654bb4?s=96&d=mm&r=g\",\"url\":\"https:\\\/\\\/secure.gravatar.com\\\/avatar\\\/5a67661041f057b4a8ccaf26f5a8e86e2689372006d01faf3dd9eeb10b654bb4?s=96&d=mm&r=g\",\"contentUrl\":\"https:\\\/\\\/secure.gravatar.com\\\/avatar\\\/5a67661041f057b4a8ccaf26f5a8e86e2689372006d01faf3dd9eeb10b654bb4?s=96&d=mm&r=g\",\"caption\":\"Cristina Ganga\"},\"description\":\"Jurnalist\",\"sameAs\":[\"https:\\\/\\\/www.facebook.com\\\/cristina.nicola.587\"],\"url\":\"https:\\\/\\\/urbeamea.ro\\\/albaiulia\\\/author\\\/cristina-nicola\\\/\"}]}<\/script>\n<!-- \/ Yoast SEO plugin. -->","yoast_head_json":{"title":"Flavius Dorel Nari\u021ba, \u0219oferul care a provocat care a provocat accidentul de la Abrud, \u00een urma c\u0103ruia so\u021bia sa \u0219i-a pierdut via\u021ba, arestat pentru 20 de zile - Revista Urbea Mea - Revista de Alba","description":"Flavius Dorel Nari\u021ba, \u0219oferul \u00een v\u00e2rst\u0103 de 36 de ani, care a provocat accidentul de vineri de la Abrud, \u00een urma c\u0103ruia so\u021bia sa \u0219i-a pierdut via\u021ba, a fost","robots":{"index":"index","follow":"follow","max-snippet":"max-snippet:-1","max-image-preview":"max-image-preview:large","max-video-preview":"max-video-preview:-1"},"canonical":"https:\/\/urbeamea.ro\/albaiulia\/flavius-dorel-narita-soferul-care-a-provocat-care-a-provocat-accidentul-de-la-abrud-in-urma-caruia-sotia-sa-si-a-pierdut-viata-arestat-pentru-20-de-zile\/","twitter_card":"summary_large_image","twitter_title":"Flavius Dorel Nari\u021ba, \u0219oferul care a provocat care a provocat accidentul de la Abrud, \u00een urma c\u0103ruia so\u021bia sa \u0219i-a pierdut via\u021ba, arestat pentru 20 de zile - Revista Urbea Mea - Revista de Alba","twitter_description":"Flavius Dorel Nari\u021ba, \u0219oferul \u00een v\u00e2rst\u0103 de 36 de ani, care a provocat accidentul de vineri de la Abrud, \u00een urma c\u0103ruia so\u021bia sa \u0219i-a pierdut via\u021ba, a fost","twitter_image":"https:\/\/urbeamea.ro\/albaiulia\/wp-content\/uploads\/2017\/08\/familia-narita1.jpg","twitter_creator":"@urbeameaweb","twitter_site":"@urbeameaweb","schema":{"@context":"https:\/\/schema.org","@graph":[{"@type":"Article","@id":"https:\/\/urbeamea.ro\/albaiulia\/flavius-dorel-narita-soferul-care-a-provocat-care-a-provocat-accidentul-de-la-abrud-in-urma-caruia-sotia-sa-si-a-pierdut-viata-arestat-pentru-20-de-zile\/#article","isPartOf":{"@id":"https:\/\/urbeamea.ro\/albaiulia\/flavius-dorel-narita-soferul-care-a-provocat-care-a-provocat-accidentul-de-la-abrud-in-urma-caruia-sotia-sa-si-a-pierdut-viata-arestat-pentru-20-de-zile\/"},"author":{"name":"Cristina Ganga","@id":"https:\/\/urbeamea.ro\/albaiulia\/#\/schema\/person\/9700d21fae21c4f038b0b56f4506264a"},"headline":"Flavius Dorel Nari\u021ba, \u0219oferul care a provocat care a provocat accidentul de la Abrud, \u00een urma c\u0103ruia so\u021bia sa \u0219i-a pierdut via\u021ba, arestat pentru 20 de zile","datePublished":"2017-08-06T09:44:23+00:00","mainEntityOfPage":{"@id":"https:\/\/urbeamea.ro\/albaiulia\/flavius-dorel-narita-soferul-care-a-provocat-care-a-provocat-accidentul-de-la-abrud-in-urma-caruia-sotia-sa-si-a-pierdut-viata-arestat-pentru-20-de-zile\/"},"wordCount":307,"commentCount":0,"image":{"@id":"https:\/\/urbeamea.ro\/albaiulia\/flavius-dorel-narita-soferul-care-a-provocat-care-a-provocat-accidentul-de-la-abrud-in-urma-caruia-sotia-sa-si-a-pierdut-viata-arestat-pentru-20-de-zile\/#primaryimage"},"thumbnailUrl":"https:\/\/urbeamea.ro\/albaiulia\/wp-content\/uploads\/2017\/08\/familia-narita1.jpg","keywords":["abrud","accident","alba","alcool","arestat","decedat","flavius narita","permis de conducere","sotie","stiri","Urbea Mea"],"articleSection":["\u015etiri Urbane"],"inLanguage":"ro-RO","potentialAction":[{"@type":"CommentAction","name":"Comment","target":["https:\/\/urbeamea.ro\/albaiulia\/flavius-dorel-narita-soferul-care-a-provocat-care-a-provocat-accidentul-de-la-abrud-in-urma-caruia-sotia-sa-si-a-pierdut-viata-arestat-pentru-20-de-zile\/#respond"]}]},{"@type":"WebPage","@id":"https:\/\/urbeamea.ro\/albaiulia\/flavius-dorel-narita-soferul-care-a-provocat-care-a-provocat-accidentul-de-la-abrud-in-urma-caruia-sotia-sa-si-a-pierdut-viata-arestat-pentru-20-de-zile\/","url":"https:\/\/urbeamea.ro\/albaiulia\/flavius-dorel-narita-soferul-care-a-provocat-care-a-provocat-accidentul-de-la-abrud-in-urma-caruia-sotia-sa-si-a-pierdut-viata-arestat-pentru-20-de-zile\/","name":"Flavius Dorel Nari\u021ba, \u0219oferul care a provocat care a provocat accidentul de la Abrud, \u00een urma c\u0103ruia so\u021bia sa \u0219i-a pierdut via\u021ba, arestat pentru 20 de zile - Revista Urbea Mea - Revista de Alba","isPartOf":{"@id":"https:\/\/urbeamea.ro\/albaiulia\/#website"},"primaryImageOfPage":{"@id":"https:\/\/urbeamea.ro\/albaiulia\/flavius-dorel-narita-soferul-care-a-provocat-care-a-provocat-accidentul-de-la-abrud-in-urma-caruia-sotia-sa-si-a-pierdut-viata-arestat-pentru-20-de-zile\/#primaryimage"},"image":{"@id":"https:\/\/urbeamea.ro\/albaiulia\/flavius-dorel-narita-soferul-care-a-provocat-care-a-provocat-accidentul-de-la-abrud-in-urma-caruia-sotia-sa-si-a-pierdut-viata-arestat-pentru-20-de-zile\/#primaryimage"},"thumbnailUrl":"https:\/\/urbeamea.ro\/albaiulia\/wp-content\/uploads\/2017\/08\/familia-narita1.jpg","datePublished":"2017-08-06T09:44:23+00:00","author":{"@id":"https:\/\/urbeamea.ro\/albaiulia\/#\/schema\/person\/9700d21fae21c4f038b0b56f4506264a"},"description":"Flavius Dorel Nari\u021ba, \u0219oferul \u00een v\u00e2rst\u0103 de 36 de ani, care a provocat accidentul de vineri de la Abrud, \u00een urma c\u0103ruia so\u021bia sa \u0219i-a pierdut via\u021ba, a fost","breadcrumb":{"@id":"https:\/\/urbeamea.ro\/albaiulia\/flavius-dorel-narita-soferul-care-a-provocat-care-a-provocat-accidentul-de-la-abrud-in-urma-caruia-sotia-sa-si-a-pierdut-viata-arestat-pentru-20-de-zile\/#breadcrumb"},"inLanguage":"ro-RO","potentialAction":[{"@type":"ReadAction","target":["https:\/\/urbeamea.ro\/albaiulia\/flavius-dorel-narita-soferul-care-a-provocat-care-a-provocat-accidentul-de-la-abrud-in-urma-caruia-sotia-sa-si-a-pierdut-viata-arestat-pentru-20-de-zile\/"]}]},{"@type":"ImageObject","inLanguage":"ro-RO","@id":"https:\/\/urbeamea.ro\/albaiulia\/flavius-dorel-narita-soferul-care-a-provocat-care-a-provocat-accidentul-de-la-abrud-in-urma-caruia-sotia-sa-si-a-pierdut-viata-arestat-pentru-20-de-zile\/#primaryimage","url":"https:\/\/urbeamea.ro\/albaiulia\/wp-content\/uploads\/2017\/08\/familia-narita1.jpg","contentUrl":"https:\/\/urbeamea.ro\/albaiulia\/wp-content\/uploads\/2017\/08\/familia-narita1.jpg","width":557,"height":474},{"@type":"BreadcrumbList","@id":"https:\/\/urbeamea.ro\/albaiulia\/flavius-dorel-narita-soferul-care-a-provocat-care-a-provocat-accidentul-de-la-abrud-in-urma-caruia-sotia-sa-si-a-pierdut-viata-arestat-pentru-20-de-zile\/#breadcrumb","itemListElement":[{"@type":"ListItem","position":1,"name":"Prima pagin\u0103","item":"https:\/\/urbeamea.ro\/albaiulia\/"},{"@type":"ListItem","position":2,"name":"Flavius Dorel Nari\u021ba, \u0219oferul care a provocat care a provocat accidentul de la Abrud, \u00een urma c\u0103ruia so\u021bia sa \u0219i-a pierdut via\u021ba, arestat pentru 20 de zile"}]},{"@type":"WebSite","@id":"https:\/\/urbeamea.ro\/albaiulia\/#website","url":"https:\/\/urbeamea.ro\/albaiulia\/","name":"Revista Urbea Mea, Stiri urbane","description":"Evenimente \u0219i \u0219tiri din Alba Iulia, Sebe\u0219, Aiud, Blaj","potentialAction":[{"@type":"SearchAction","target":{"@type":"EntryPoint","urlTemplate":"https:\/\/urbeamea.ro\/albaiulia\/?s={search_term_string}"},"query-input":{"@type":"PropertyValueSpecification","valueRequired":true,"valueName":"search_term_string"}}],"inLanguage":"ro-RO"},{"@type":"Person","@id":"https:\/\/urbeamea.ro\/albaiulia\/#\/schema\/person\/9700d21fae21c4f038b0b56f4506264a","name":"Cristina Ganga","image":{"@type":"ImageObject","inLanguage":"ro-RO","@id":"https:\/\/secure.gravatar.com\/avatar\/5a67661041f057b4a8ccaf26f5a8e86e2689372006d01faf3dd9eeb10b654bb4?s=96&d=mm&r=g","url":"https:\/\/secure.gravatar.com\/avatar\/5a67661041f057b4a8ccaf26f5a8e86e2689372006d01faf3dd9eeb10b654bb4?s=96&d=mm&r=g","contentUrl":"https:\/\/secure.gravatar.com\/avatar\/5a67661041f057b4a8ccaf26f5a8e86e2689372006d01faf3dd9eeb10b654bb4?s=96&d=mm&r=g","caption":"Cristina Ganga"},"description":"Jurnalist","sameAs":["https:\/\/www.facebook.com\/cristina.nicola.587"],"url":"https:\/\/urbeamea.ro\/albaiulia\/author\/cristina-nicola\/"}]}},"_links":{"self":[{"href":"https:\/\/urbeamea.ro\/albaiulia\/wp-json\/wp\/v2\/posts\/50511","targetHints":{"allow":["GET"]}}],"collection":[{"href":"https:\/\/urbeamea.ro\/albaiulia\/wp-json\/wp\/v2\/posts"}],"about":[{"href":"https:\/\/urbeamea.ro\/albaiulia\/wp-json\/wp\/v2\/types\/post"}],"author":[{"embeddable":true,"href":"https:\/\/urbeamea.ro\/albaiulia\/wp-json\/wp\/v2\/users\/17"}],"replies":[{"embeddable":true,"href":"https:\/\/urbeamea.ro\/albaiulia\/wp-json\/wp\/v2\/comments?post=50511"}],"version-history":[{"count":0,"href":"https:\/\/urbeamea.ro\/albaiulia\/wp-json\/wp\/v2\/posts\/50511\/revisions"}],"wp:featuredmedia":[{"embeddable":true,"href":"https:\/\/urbeamea.ro\/albaiulia\/wp-json\/wp\/v2\/media\/50512"}],"wp:attachment":[{"href":"https:\/\/urbeamea.ro\/albaiulia\/wp-json\/wp\/v2\/media?parent=50511"}],"wp:term":[{"taxonomy":"category","embeddable":true,"href":"https:\/\/urbeamea.ro\/albaiulia\/wp-json\/wp\/v2\/categories?post=50511"},{"taxonomy":"post_tag","embeddable":true,"href":"https:\/\/urbeamea.ro\/albaiulia\/wp-json\/wp\/v2\/tags?post=50511"}],"curies":[{"name":"wp","href":"https:\/\/api.w.org\/{rel}","templated":true}]}}