{"id":50582,"date":"2017-08-08T10:27:04","date_gmt":"2017-08-08T07:27:04","guid":{"rendered":"https:\/\/urbeamea.ro\/albaiulia\/?p=50582"},"modified":"2017-08-08T10:27:04","modified_gmt":"2017-08-08T07:27:04","slug":"primaria-sebes-comerciantii-care-doresc-sa-participe-la-zilele-sebesului-2017-sunt-asteptati-sa-si-depuna-cererile","status":"publish","type":"post","link":"https:\/\/urbeamea.ro\/albaiulia\/primaria-sebes-comerciantii-care-doresc-sa-participe-la-zilele-sebesului-2017-sunt-asteptati-sa-si-depuna-cererile\/","title":{"rendered":"Prim\u0103ria Sebe\u0219: Comercian\u021bii care doresc s\u0103 participe la Zilele Sebe\u0219ului 2017 sunt a\u0219tepta\u021bi s\u0103-\u0219i depun\u0103 cererile"},"content":{"rendered":"<p><strong>Consiliul Local la Municipiului Sebe\u0219 a aprobat, prin Hot\u0103r\u00e2rea nr. 181\/26 iulie 2017, \u00a0Regulamentul de organizare a manifest\u0103rilor prilejuite de \u201cZilele Sebe\u0219ului\u201d, eveniment care se va desf\u0103\u0219ura \u00een perioada 17-20 august 2017, \u00een Parcul Arini.<\/strong><\/p>\n<p>To\u021bi agen\u021bii economici care doresc s\u0103 participe sunt invita\u021bi s\u0103 ob\u021bin\u0103 formularul de \u00eenscriere \u0219i s\u0103-\u0219i depun\u0103 cererile la biroul de Rela\u021bii Publice al prim\u0103riei, situat \u00een centrul municipiului, p\u00e2n\u0103 la data de 16.08.2017, ora 10.00. Repartizarea efectiv\u0103 a perimetrelor necesare pentru fiecare participant selectat se va realiza \u00een data de 17.08.2017, ora 16.00, de c\u0103tre comisia de selec\u021bie, potrivit reprezentan\u021biilor prim\u0103riei.<\/p>\n<p><strong>Taxarea participan\u021bilor la manifest\u0103ri se va face conform H.C.L. nr. 178\/2015: pentru comercializarea produselor de alimenta\u021bie public\u0103 (cu excep\u021bia K\u00fcrt\u0151skal\u00e1cs), taxa este de 20 lei\/mp\/zi, pentru comercializarea de b\u0103uturi taxa este de 15 lei\/mp\/zi, iar pentru comercializarea de K\u00fcrt\u0151skal\u00e1cs taxa este de 25 lei\/mp\/zi.<\/strong><\/p>\n<p>Manifest\u0103rile sunt\u00a0 deschise particip\u0103rii oric\u0103rui agent economic care are ca obiect de activitate produc\u0163ie\/comercializare \u015fi\/sau servicii \u00een domeniul alimenta\u0163iei publice\/gastronomie. La selec\u021bie au prioritate agen\u021bii economici de pe raza Municipiului Sebe\u0219, cu precizarea c\u0103 organizatorii nu acord\u0103 exclusivit\u0103\u021bi pentru anumite tipuri de produse.<\/p>\n<p>Agen\u021bii economici participan\u021bi\u00a0 \u00ee\u015fi asuma \u00eentreaga responsabilitate cu privire la siguran\u0163a alimentelor \u015fi s\u0103n\u0103tatea popula\u0163iei raportat la produsele prezentate, prepararea \u0219i manipularea produselor alimentare de origine animal\u0103 \u0219i nonanimal\u0103.<\/p>\n<p>Pe \u00eentreaga durat\u0103 de desf\u0103\u015furare a manifest\u0103rilor, cur\u0103\u0163enia la locul de comercializare va fi asigurat\u0103 de c\u0103tre\u00a0 agen\u021bii economici participan\u021bi, respect\u00e2nd prevederile legale \u00een domeniul protec\u021biei mediului.<\/p>\n","protected":false},"excerpt":{"rendered":"<p>Consiliul Local la Municipiului Sebe\u0219 a aprobat, prin Hot\u0103r\u00e2rea nr. 181\/26 iulie 2017, \u00a0Regulamentul de organizare a manifest\u0103rilor prilejuite de \u201cZilele Sebe\u0219ului\u201d, eveniment care se va desf\u0103\u0219ura \u00een perioada 17-20 august 2017, \u00een Parcul Arini. To\u021bi agen\u021bii economici care doresc s\u0103 participe sunt invita\u021bi s\u0103 ob\u021bin\u0103 formularul de \u00eenscriere \u0219i s\u0103-\u0219i depun\u0103 cererile la biroul &hellip;<\/p>\n","protected":false},"author":17,"featured_media":18354,"comment_status":"open","ping_status":"open","sticky":false,"template":"","format":"standard","meta":{"inline_featured_image":false,"footnotes":""},"categories":[2034],"tags":[307,4828,12071,2091,1856,1223,308,5129,76,11914],"class_list":["post-50582","post","type-post","status-publish","format-standard","has-post-thumbnail","hentry","category-social","tag-alba","tag-comercianti","tag-comisia-de-selectie","tag-primarie","tag-produse-alimentare","tag-sebes","tag-stiri","tag-taxa","tag-urbea-mea","tag-zilele-municipiului-sebes"],"yoast_head":"<!-- This site is optimized with the Yoast SEO plugin v28.3 - https:\/\/yoast.com\/product\/yoast-seo-wordpress\/ -->\n<title>Prim\u0103ria Sebe\u0219: Comercian\u021bii care doresc s\u0103 participe la Zilele Sebe\u0219ului 2017 sunt a\u0219tepta\u021bi s\u0103-\u0219i depun\u0103 cererile - Revista Urbea Mea - Revista de Alba<\/title>\n<meta name=\"description\" content=\"Consiliul Local la Municipiului Sebe\u0219 a aprobat, prin Hot\u0103r\u00e2rea nr. 181\/26 iulie 2017, \u00a0Regulamentul de organizare a manifest\u0103rilor prilejuite de \u201cZilele\" \/>\n<meta name=\"robots\" content=\"index, follow, max-snippet:-1, max-image-preview:large, max-video-preview:-1\" \/>\n<link rel=\"canonical\" href=\"https:\/\/urbeamea.ro\/albaiulia\/primaria-sebes-comerciantii-care-doresc-sa-participe-la-zilele-sebesului-2017-sunt-asteptati-sa-si-depuna-cererile\/\" \/>\n<meta name=\"twitter:card\" content=\"summary_large_image\" \/>\n<meta name=\"twitter:title\" content=\"Prim\u0103ria Sebe\u0219: Comercian\u021bii care doresc s\u0103 participe la Zilele Sebe\u0219ului 2017 sunt a\u0219tepta\u021bi s\u0103-\u0219i depun\u0103 cererile - Revista Urbea Mea - Revista de Alba\" \/>\n<meta name=\"twitter:description\" content=\"Consiliul Local la Municipiului Sebe\u0219 a aprobat, prin Hot\u0103r\u00e2rea nr. 181\/26 iulie 2017, \u00a0Regulamentul de organizare a manifest\u0103rilor prilejuite de \u201cZilele\" \/>\n<meta name=\"twitter:image\" content=\"https:\/\/urbeamea.ro\/albaiulia\/wp-content\/uploads\/2016\/02\/primaria-sebes.jpg\" \/>\n<meta name=\"twitter:creator\" content=\"@urbeameaweb\" \/>\n<meta name=\"twitter:site\" content=\"@urbeameaweb\" \/>\n<script type=\"application\/ld+json\" class=\"yoast-schema-graph\">{\"@context\":\"https:\\\/\\\/schema.org\",\"@graph\":[{\"@type\":\"Article\",\"@id\":\"https:\\\/\\\/urbeamea.ro\\\/albaiulia\\\/primaria-sebes-comerciantii-care-doresc-sa-participe-la-zilele-sebesului-2017-sunt-asteptati-sa-si-depuna-cererile\\\/#article\",\"isPartOf\":{\"@id\":\"https:\\\/\\\/urbeamea.ro\\\/albaiulia\\\/primaria-sebes-comerciantii-care-doresc-sa-participe-la-zilele-sebesului-2017-sunt-asteptati-sa-si-depuna-cererile\\\/\"},\"author\":{\"name\":\"Cristina Ganga\",\"@id\":\"https:\\\/\\\/urbeamea.ro\\\/albaiulia\\\/#\\\/schema\\\/person\\\/9700d21fae21c4f038b0b56f4506264a\"},\"headline\":\"Prim\u0103ria Sebe\u0219: Comercian\u021bii care doresc s\u0103 participe la Zilele Sebe\u0219ului 2017 sunt a\u0219tepta\u021bi s\u0103-\u0219i depun\u0103 cererile\",\"datePublished\":\"2017-08-08T07:27:04+00:00\",\"mainEntityOfPage\":{\"@id\":\"https:\\\/\\\/urbeamea.ro\\\/albaiulia\\\/primaria-sebes-comerciantii-care-doresc-sa-participe-la-zilele-sebesului-2017-sunt-asteptati-sa-si-depuna-cererile\\\/\"},\"wordCount\":313,\"commentCount\":0,\"image\":{\"@id\":\"https:\\\/\\\/urbeamea.ro\\\/albaiulia\\\/primaria-sebes-comerciantii-care-doresc-sa-participe-la-zilele-sebesului-2017-sunt-asteptati-sa-si-depuna-cererile\\\/#primaryimage\"},\"thumbnailUrl\":\"https:\\\/\\\/urbeamea.ro\\\/albaiulia\\\/wp-content\\\/uploads\\\/2016\\\/02\\\/primaria-sebes.jpg\",\"keywords\":[\"alba\",\"comercianti\",\"comisia de selectie\",\"primarie\",\"produse alimentare\",\"sebes\",\"stiri\",\"taxa\",\"Urbea Mea\",\"zilele municipiului sebes\"],\"articleSection\":[\"Social\"],\"inLanguage\":\"ro-RO\",\"potentialAction\":[{\"@type\":\"CommentAction\",\"name\":\"Comment\",\"target\":[\"https:\\\/\\\/urbeamea.ro\\\/albaiulia\\\/primaria-sebes-comerciantii-care-doresc-sa-participe-la-zilele-sebesului-2017-sunt-asteptati-sa-si-depuna-cererile\\\/#respond\"]}]},{\"@type\":\"WebPage\",\"@id\":\"https:\\\/\\\/urbeamea.ro\\\/albaiulia\\\/primaria-sebes-comerciantii-care-doresc-sa-participe-la-zilele-sebesului-2017-sunt-asteptati-sa-si-depuna-cererile\\\/\",\"url\":\"https:\\\/\\\/urbeamea.ro\\\/albaiulia\\\/primaria-sebes-comerciantii-care-doresc-sa-participe-la-zilele-sebesului-2017-sunt-asteptati-sa-si-depuna-cererile\\\/\",\"name\":\"Prim\u0103ria Sebe\u0219: Comercian\u021bii care doresc s\u0103 participe la Zilele Sebe\u0219ului 2017 sunt a\u0219tepta\u021bi s\u0103-\u0219i depun\u0103 cererile - Revista Urbea Mea - Revista de Alba\",\"isPartOf\":{\"@id\":\"https:\\\/\\\/urbeamea.ro\\\/albaiulia\\\/#website\"},\"primaryImageOfPage\":{\"@id\":\"https:\\\/\\\/urbeamea.ro\\\/albaiulia\\\/primaria-sebes-comerciantii-care-doresc-sa-participe-la-zilele-sebesului-2017-sunt-asteptati-sa-si-depuna-cererile\\\/#primaryimage\"},\"image\":{\"@id\":\"https:\\\/\\\/urbeamea.ro\\\/albaiulia\\\/primaria-sebes-comerciantii-care-doresc-sa-participe-la-zilele-sebesului-2017-sunt-asteptati-sa-si-depuna-cererile\\\/#primaryimage\"},\"thumbnailUrl\":\"https:\\\/\\\/urbeamea.ro\\\/albaiulia\\\/wp-content\\\/uploads\\\/2016\\\/02\\\/primaria-sebes.jpg\",\"datePublished\":\"2017-08-08T07:27:04+00:00\",\"author\":{\"@id\":\"https:\\\/\\\/urbeamea.ro\\\/albaiulia\\\/#\\\/schema\\\/person\\\/9700d21fae21c4f038b0b56f4506264a\"},\"description\":\"Consiliul Local la Municipiului Sebe\u0219 a aprobat, prin Hot\u0103r\u00e2rea nr. 181\\\/26 iulie 2017, \u00a0Regulamentul de organizare a manifest\u0103rilor prilejuite de \u201cZilele\",\"breadcrumb\":{\"@id\":\"https:\\\/\\\/urbeamea.ro\\\/albaiulia\\\/primaria-sebes-comerciantii-care-doresc-sa-participe-la-zilele-sebesului-2017-sunt-asteptati-sa-si-depuna-cererile\\\/#breadcrumb\"},\"inLanguage\":\"ro-RO\",\"potentialAction\":[{\"@type\":\"ReadAction\",\"target\":[\"https:\\\/\\\/urbeamea.ro\\\/albaiulia\\\/primaria-sebes-comerciantii-care-doresc-sa-participe-la-zilele-sebesului-2017-sunt-asteptati-sa-si-depuna-cererile\\\/\"]}]},{\"@type\":\"ImageObject\",\"inLanguage\":\"ro-RO\",\"@id\":\"https:\\\/\\\/urbeamea.ro\\\/albaiulia\\\/primaria-sebes-comerciantii-care-doresc-sa-participe-la-zilele-sebesului-2017-sunt-asteptati-sa-si-depuna-cererile\\\/#primaryimage\",\"url\":\"https:\\\/\\\/urbeamea.ro\\\/albaiulia\\\/wp-content\\\/uploads\\\/2016\\\/02\\\/primaria-sebes.jpg\",\"contentUrl\":\"https:\\\/\\\/urbeamea.ro\\\/albaiulia\\\/wp-content\\\/uploads\\\/2016\\\/02\\\/primaria-sebes.jpg\",\"width\":1024,\"height\":768},{\"@type\":\"BreadcrumbList\",\"@id\":\"https:\\\/\\\/urbeamea.ro\\\/albaiulia\\\/primaria-sebes-comerciantii-care-doresc-sa-participe-la-zilele-sebesului-2017-sunt-asteptati-sa-si-depuna-cererile\\\/#breadcrumb\",\"itemListElement\":[{\"@type\":\"ListItem\",\"position\":1,\"name\":\"Prima pagin\u0103\",\"item\":\"https:\\\/\\\/urbeamea.ro\\\/albaiulia\\\/\"},{\"@type\":\"ListItem\",\"position\":2,\"name\":\"Prim\u0103ria Sebe\u0219: Comercian\u021bii care doresc s\u0103 participe la Zilele Sebe\u0219ului 2017 sunt a\u0219tepta\u021bi s\u0103-\u0219i depun\u0103 cererile\"}]},{\"@type\":\"WebSite\",\"@id\":\"https:\\\/\\\/urbeamea.ro\\\/albaiulia\\\/#website\",\"url\":\"https:\\\/\\\/urbeamea.ro\\\/albaiulia\\\/\",\"name\":\"Revista Urbea Mea, Stiri urbane\",\"description\":\"Evenimente \u0219i \u0219tiri din Alba Iulia, Sebe\u0219, Aiud, Blaj\",\"potentialAction\":[{\"@type\":\"SearchAction\",\"target\":{\"@type\":\"EntryPoint\",\"urlTemplate\":\"https:\\\/\\\/urbeamea.ro\\\/albaiulia\\\/?s={search_term_string}\"},\"query-input\":{\"@type\":\"PropertyValueSpecification\",\"valueRequired\":true,\"valueName\":\"search_term_string\"}}],\"inLanguage\":\"ro-RO\"},{\"@type\":\"Person\",\"@id\":\"https:\\\/\\\/urbeamea.ro\\\/albaiulia\\\/#\\\/schema\\\/person\\\/9700d21fae21c4f038b0b56f4506264a\",\"name\":\"Cristina Ganga\",\"image\":{\"@type\":\"ImageObject\",\"inLanguage\":\"ro-RO\",\"@id\":\"https:\\\/\\\/secure.gravatar.com\\\/avatar\\\/5a67661041f057b4a8ccaf26f5a8e86e2689372006d01faf3dd9eeb10b654bb4?s=96&d=mm&r=g\",\"url\":\"https:\\\/\\\/secure.gravatar.com\\\/avatar\\\/5a67661041f057b4a8ccaf26f5a8e86e2689372006d01faf3dd9eeb10b654bb4?s=96&d=mm&r=g\",\"contentUrl\":\"https:\\\/\\\/secure.gravatar.com\\\/avatar\\\/5a67661041f057b4a8ccaf26f5a8e86e2689372006d01faf3dd9eeb10b654bb4?s=96&d=mm&r=g\",\"caption\":\"Cristina Ganga\"},\"description\":\"Jurnalist\",\"sameAs\":[\"https:\\\/\\\/www.facebook.com\\\/cristina.nicola.587\"],\"url\":\"https:\\\/\\\/urbeamea.ro\\\/albaiulia\\\/author\\\/cristina-nicola\\\/\"}]}<\/script>\n<!-- \/ Yoast SEO plugin. -->","yoast_head_json":{"title":"Prim\u0103ria Sebe\u0219: Comercian\u021bii care doresc s\u0103 participe la Zilele Sebe\u0219ului 2017 sunt a\u0219tepta\u021bi s\u0103-\u0219i depun\u0103 cererile - Revista Urbea Mea - Revista de Alba","description":"Consiliul Local la Municipiului Sebe\u0219 a aprobat, prin Hot\u0103r\u00e2rea nr. 181\/26 iulie 2017, \u00a0Regulamentul de organizare a manifest\u0103rilor prilejuite de \u201cZilele","robots":{"index":"index","follow":"follow","max-snippet":"max-snippet:-1","max-image-preview":"max-image-preview:large","max-video-preview":"max-video-preview:-1"},"canonical":"https:\/\/urbeamea.ro\/albaiulia\/primaria-sebes-comerciantii-care-doresc-sa-participe-la-zilele-sebesului-2017-sunt-asteptati-sa-si-depuna-cererile\/","twitter_card":"summary_large_image","twitter_title":"Prim\u0103ria Sebe\u0219: Comercian\u021bii care doresc s\u0103 participe la Zilele Sebe\u0219ului 2017 sunt a\u0219tepta\u021bi s\u0103-\u0219i depun\u0103 cererile - Revista Urbea Mea - Revista de Alba","twitter_description":"Consiliul Local la Municipiului Sebe\u0219 a aprobat, prin Hot\u0103r\u00e2rea nr. 181\/26 iulie 2017, \u00a0Regulamentul de organizare a manifest\u0103rilor prilejuite de \u201cZilele","twitter_image":"https:\/\/urbeamea.ro\/albaiulia\/wp-content\/uploads\/2016\/02\/primaria-sebes.jpg","twitter_creator":"@urbeameaweb","twitter_site":"@urbeameaweb","schema":{"@context":"https:\/\/schema.org","@graph":[{"@type":"Article","@id":"https:\/\/urbeamea.ro\/albaiulia\/primaria-sebes-comerciantii-care-doresc-sa-participe-la-zilele-sebesului-2017-sunt-asteptati-sa-si-depuna-cererile\/#article","isPartOf":{"@id":"https:\/\/urbeamea.ro\/albaiulia\/primaria-sebes-comerciantii-care-doresc-sa-participe-la-zilele-sebesului-2017-sunt-asteptati-sa-si-depuna-cererile\/"},"author":{"name":"Cristina Ganga","@id":"https:\/\/urbeamea.ro\/albaiulia\/#\/schema\/person\/9700d21fae21c4f038b0b56f4506264a"},"headline":"Prim\u0103ria Sebe\u0219: Comercian\u021bii care doresc s\u0103 participe la Zilele Sebe\u0219ului 2017 sunt a\u0219tepta\u021bi s\u0103-\u0219i depun\u0103 cererile","datePublished":"2017-08-08T07:27:04+00:00","mainEntityOfPage":{"@id":"https:\/\/urbeamea.ro\/albaiulia\/primaria-sebes-comerciantii-care-doresc-sa-participe-la-zilele-sebesului-2017-sunt-asteptati-sa-si-depuna-cererile\/"},"wordCount":313,"commentCount":0,"image":{"@id":"https:\/\/urbeamea.ro\/albaiulia\/primaria-sebes-comerciantii-care-doresc-sa-participe-la-zilele-sebesului-2017-sunt-asteptati-sa-si-depuna-cererile\/#primaryimage"},"thumbnailUrl":"https:\/\/urbeamea.ro\/albaiulia\/wp-content\/uploads\/2016\/02\/primaria-sebes.jpg","keywords":["alba","comercianti","comisia de selectie","primarie","produse alimentare","sebes","stiri","taxa","Urbea Mea","zilele municipiului sebes"],"articleSection":["Social"],"inLanguage":"ro-RO","potentialAction":[{"@type":"CommentAction","name":"Comment","target":["https:\/\/urbeamea.ro\/albaiulia\/primaria-sebes-comerciantii-care-doresc-sa-participe-la-zilele-sebesului-2017-sunt-asteptati-sa-si-depuna-cererile\/#respond"]}]},{"@type":"WebPage","@id":"https:\/\/urbeamea.ro\/albaiulia\/primaria-sebes-comerciantii-care-doresc-sa-participe-la-zilele-sebesului-2017-sunt-asteptati-sa-si-depuna-cererile\/","url":"https:\/\/urbeamea.ro\/albaiulia\/primaria-sebes-comerciantii-care-doresc-sa-participe-la-zilele-sebesului-2017-sunt-asteptati-sa-si-depuna-cererile\/","name":"Prim\u0103ria Sebe\u0219: Comercian\u021bii care doresc s\u0103 participe la Zilele Sebe\u0219ului 2017 sunt a\u0219tepta\u021bi s\u0103-\u0219i depun\u0103 cererile - Revista Urbea Mea - Revista de Alba","isPartOf":{"@id":"https:\/\/urbeamea.ro\/albaiulia\/#website"},"primaryImageOfPage":{"@id":"https:\/\/urbeamea.ro\/albaiulia\/primaria-sebes-comerciantii-care-doresc-sa-participe-la-zilele-sebesului-2017-sunt-asteptati-sa-si-depuna-cererile\/#primaryimage"},"image":{"@id":"https:\/\/urbeamea.ro\/albaiulia\/primaria-sebes-comerciantii-care-doresc-sa-participe-la-zilele-sebesului-2017-sunt-asteptati-sa-si-depuna-cererile\/#primaryimage"},"thumbnailUrl":"https:\/\/urbeamea.ro\/albaiulia\/wp-content\/uploads\/2016\/02\/primaria-sebes.jpg","datePublished":"2017-08-08T07:27:04+00:00","author":{"@id":"https:\/\/urbeamea.ro\/albaiulia\/#\/schema\/person\/9700d21fae21c4f038b0b56f4506264a"},"description":"Consiliul Local la Municipiului Sebe\u0219 a aprobat, prin Hot\u0103r\u00e2rea nr. 181\/26 iulie 2017, \u00a0Regulamentul de organizare a manifest\u0103rilor prilejuite de \u201cZilele","breadcrumb":{"@id":"https:\/\/urbeamea.ro\/albaiulia\/primaria-sebes-comerciantii-care-doresc-sa-participe-la-zilele-sebesului-2017-sunt-asteptati-sa-si-depuna-cererile\/#breadcrumb"},"inLanguage":"ro-RO","potentialAction":[{"@type":"ReadAction","target":["https:\/\/urbeamea.ro\/albaiulia\/primaria-sebes-comerciantii-care-doresc-sa-participe-la-zilele-sebesului-2017-sunt-asteptati-sa-si-depuna-cererile\/"]}]},{"@type":"ImageObject","inLanguage":"ro-RO","@id":"https:\/\/urbeamea.ro\/albaiulia\/primaria-sebes-comerciantii-care-doresc-sa-participe-la-zilele-sebesului-2017-sunt-asteptati-sa-si-depuna-cererile\/#primaryimage","url":"https:\/\/urbeamea.ro\/albaiulia\/wp-content\/uploads\/2016\/02\/primaria-sebes.jpg","contentUrl":"https:\/\/urbeamea.ro\/albaiulia\/wp-content\/uploads\/2016\/02\/primaria-sebes.jpg","width":1024,"height":768},{"@type":"BreadcrumbList","@id":"https:\/\/urbeamea.ro\/albaiulia\/primaria-sebes-comerciantii-care-doresc-sa-participe-la-zilele-sebesului-2017-sunt-asteptati-sa-si-depuna-cererile\/#breadcrumb","itemListElement":[{"@type":"ListItem","position":1,"name":"Prima pagin\u0103","item":"https:\/\/urbeamea.ro\/albaiulia\/"},{"@type":"ListItem","position":2,"name":"Prim\u0103ria Sebe\u0219: Comercian\u021bii care doresc s\u0103 participe la Zilele Sebe\u0219ului 2017 sunt a\u0219tepta\u021bi s\u0103-\u0219i depun\u0103 cererile"}]},{"@type":"WebSite","@id":"https:\/\/urbeamea.ro\/albaiulia\/#website","url":"https:\/\/urbeamea.ro\/albaiulia\/","name":"Revista Urbea Mea, Stiri urbane","description":"Evenimente \u0219i \u0219tiri din Alba Iulia, Sebe\u0219, Aiud, Blaj","potentialAction":[{"@type":"SearchAction","target":{"@type":"EntryPoint","urlTemplate":"https:\/\/urbeamea.ro\/albaiulia\/?s={search_term_string}"},"query-input":{"@type":"PropertyValueSpecification","valueRequired":true,"valueName":"search_term_string"}}],"inLanguage":"ro-RO"},{"@type":"Person","@id":"https:\/\/urbeamea.ro\/albaiulia\/#\/schema\/person\/9700d21fae21c4f038b0b56f4506264a","name":"Cristina Ganga","image":{"@type":"ImageObject","inLanguage":"ro-RO","@id":"https:\/\/secure.gravatar.com\/avatar\/5a67661041f057b4a8ccaf26f5a8e86e2689372006d01faf3dd9eeb10b654bb4?s=96&d=mm&r=g","url":"https:\/\/secure.gravatar.com\/avatar\/5a67661041f057b4a8ccaf26f5a8e86e2689372006d01faf3dd9eeb10b654bb4?s=96&d=mm&r=g","contentUrl":"https:\/\/secure.gravatar.com\/avatar\/5a67661041f057b4a8ccaf26f5a8e86e2689372006d01faf3dd9eeb10b654bb4?s=96&d=mm&r=g","caption":"Cristina Ganga"},"description":"Jurnalist","sameAs":["https:\/\/www.facebook.com\/cristina.nicola.587"],"url":"https:\/\/urbeamea.ro\/albaiulia\/author\/cristina-nicola\/"}]}},"_links":{"self":[{"href":"https:\/\/urbeamea.ro\/albaiulia\/wp-json\/wp\/v2\/posts\/50582","targetHints":{"allow":["GET"]}}],"collection":[{"href":"https:\/\/urbeamea.ro\/albaiulia\/wp-json\/wp\/v2\/posts"}],"about":[{"href":"https:\/\/urbeamea.ro\/albaiulia\/wp-json\/wp\/v2\/types\/post"}],"author":[{"embeddable":true,"href":"https:\/\/urbeamea.ro\/albaiulia\/wp-json\/wp\/v2\/users\/17"}],"replies":[{"embeddable":true,"href":"https:\/\/urbeamea.ro\/albaiulia\/wp-json\/wp\/v2\/comments?post=50582"}],"version-history":[{"count":0,"href":"https:\/\/urbeamea.ro\/albaiulia\/wp-json\/wp\/v2\/posts\/50582\/revisions"}],"wp:featuredmedia":[{"embeddable":true,"href":"https:\/\/urbeamea.ro\/albaiulia\/wp-json\/wp\/v2\/media\/18354"}],"wp:attachment":[{"href":"https:\/\/urbeamea.ro\/albaiulia\/wp-json\/wp\/v2\/media?parent=50582"}],"wp:term":[{"taxonomy":"category","embeddable":true,"href":"https:\/\/urbeamea.ro\/albaiulia\/wp-json\/wp\/v2\/categories?post=50582"},{"taxonomy":"post_tag","embeddable":true,"href":"https:\/\/urbeamea.ro\/albaiulia\/wp-json\/wp\/v2\/tags?post=50582"}],"curies":[{"name":"wp","href":"https:\/\/api.w.org\/{rel}","templated":true}]}}