{"id":50766,"date":"2017-08-10T15:25:58","date_gmt":"2017-08-10T12:25:58","guid":{"rendered":"https:\/\/urbeamea.ro\/albaiulia\/?p=50766"},"modified":"2017-08-10T15:25:58","modified_gmt":"2017-08-10T12:25:58","slug":"cod-portocaliu-si-galben-de-canicula-in-alba-si-alte-judete-pana-vineri-temperaturi-maxime-de-37-38-de-grade-celsius","status":"publish","type":"post","link":"https:\/\/urbeamea.ro\/albaiulia\/cod-portocaliu-si-galben-de-canicula-in-alba-si-alte-judete-pana-vineri-temperaturi-maxime-de-37-38-de-grade-celsius\/","title":{"rendered":"Cod Portocaliu \u015fi Galben de canicul\u0103 \u00een Alba \u015fi alte jude\u0163e, p\u00e2n\u0103 vineri. Temperaturi maxime de 37 \u2013 38 de grade Celsius"},"content":{"rendered":"<p><strong>Joi \u015fi vineri, jude\u0163ul Alba se afl\u0103 sub aten\u0163ionare Cod Galben de canicul\u0103. Astfel c\u0103, sf\u00e2r\u015fitul s\u0103pt\u0103m\u00e2nii aduce temperaturi caniculare \u015fi un disconfort termic accentuat.<br \/>\n<\/strong><\/p>\n<p><span lang=\"RO\"><strong>Cod Portocaliu<\/strong>: Vineri (11 august), <\/span><span lang=\"RO\">valul de c\u0103ldur\u0103 se va extinde \u00een cea mai mare parte a \u021b\u0103rii, iar \u00een zonele joase de relief, pe arii extinse va fi canicul\u0103 \u0219i indicele temperatur\u0103-umezeal\u0103 (ITU) va dep\u0103\u0219i pragul critic de 80 de unit\u0103\u0163i. Minimele nocturne se vor situa \u00een jurul valorii de 20 de grade, iar \u00een Dealurile de Vest vor fi de 23\u202625 de grade.<\/span><\/p>\n<p><span lang=\"RO\">\u00cen jude\u021bele Dolj, Mehedin\u021bi, Cara\u0219-Severin, Timi\u0219, Arad \u0219i Bihor disconfortul termic va fi accentuat \u0219i se vor \u00eenregistra frecvent temperaturi maxime de 37 \u2013 38 de grade \u0219i izolat 39 de grade.<\/span><\/p>\n<p><span lang=\"RO\"><strong>Cod Galben:<\/strong> \u00cen Maramure\u0219, nordul Cri\u0219anei, cea mai mare parte a Transilvaniei, nordul \u0219i estul Olteniei, \u00een Muntenia \u0219i sudul Moldovei, disconfortul termic va cre\u0219te, iar maximele termice se vor situa \u00eentre 35 \u0219i 37 de grade.<\/span><\/p>\n<p><span lang=\"RO\"> \u00cen dup\u0103-amiaza zilei de s\u00e2mb\u0103t\u0103 (12 august), dar mai ales \u00een noaptea de s\u00e2mb\u0103t\u0103 spre duminic\u0103 (12 \/ 13 august) vremea va deveni instabil\u0103 \u00een regiunile vestice, sud-vestice \u0219i \u00een zonele montane aferente, unde vor fi averse toren\u021biale, frecvente desc\u0103rc\u0103ri electrice, vijelii \u0219i c\u0103deri de grindin\u0103.<\/span><\/p>\n<p><em>sursa: meteoromania.ro<\/em><\/p>\n","protected":false},"excerpt":{"rendered":"<p>Joi \u015fi vineri, jude\u0163ul Alba se afl\u0103 sub aten\u0163ionare Cod Galben de canicul\u0103. Astfel c\u0103, sf\u00e2r\u015fitul s\u0103pt\u0103m\u00e2nii aduce temperaturi caniculare \u015fi un disconfort termic accentuat. Cod Portocaliu: Vineri (11 august), valul de c\u0103ldur\u0103 se va extinde \u00een cea mai mare parte a \u021b\u0103rii, iar \u00een zonele joase de relief, pe arii extinse va fi canicul\u0103 &hellip;<\/p>\n","protected":false},"author":17,"featured_media":50767,"comment_status":"open","ping_status":"open","sticky":false,"template":"","format":"standard","meta":{"inline_featured_image":false,"footnotes":""},"categories":[1],"tags":[307,338,368,5878,308,12113,76],"class_list":["post-50766","post","type-post","status-publish","format-standard","has-post-thumbnail","hentry","category-stiri-urbane","tag-alba","tag-canicula","tag-cod-galben","tag-disconfort-termic","tag-stiri","tag-temperaturi-caniculare","tag-urbea-mea"],"yoast_head":"<!-- This site is optimized with the Yoast SEO plugin v27.4 - https:\/\/yoast.com\/product\/yoast-seo-wordpress\/ -->\n<title>Cod Portocaliu \u015fi Galben de canicul\u0103 \u00een Alba \u015fi alte jude\u0163e, p\u00e2n\u0103 vineri. Temperaturi maxime de 37 \u2013 38 de grade Celsius - Revista Urbea Mea - Revista de Alba<\/title>\n<meta name=\"description\" content=\"Joi \u015fi vineri, jude\u0163ul Alba se afl\u0103 sub aten\u0163ionare Cod Galben de canicul\u0103. Astfel c\u0103, sf\u00e2r\u015fitul s\u0103pt\u0103m\u00e2nii aduce temperaturi caniculare \u015fi un disconfort\" \/>\n<meta name=\"robots\" content=\"index, follow, max-snippet:-1, max-image-preview:large, max-video-preview:-1\" \/>\n<link rel=\"canonical\" href=\"https:\/\/urbeamea.ro\/albaiulia\/cod-portocaliu-si-galben-de-canicula-in-alba-si-alte-judete-pana-vineri-temperaturi-maxime-de-37-38-de-grade-celsius\/\" \/>\n<meta name=\"twitter:card\" content=\"summary_large_image\" \/>\n<meta name=\"twitter:title\" content=\"Cod Portocaliu \u015fi Galben de canicul\u0103 \u00een Alba \u015fi alte jude\u0163e, p\u00e2n\u0103 vineri. Temperaturi maxime de 37 \u2013 38 de grade Celsius - Revista Urbea Mea - Revista de Alba\" \/>\n<meta name=\"twitter:description\" content=\"Joi \u015fi vineri, jude\u0163ul Alba se afl\u0103 sub aten\u0163ionare Cod Galben de canicul\u0103. Astfel c\u0103, sf\u00e2r\u015fitul s\u0103pt\u0103m\u00e2nii aduce temperaturi caniculare \u015fi un disconfort\" \/>\n<meta name=\"twitter:image\" content=\"https:\/\/urbeamea.ro\/albaiulia\/wp-content\/uploads\/2017\/08\/meteo.jpg\" \/>\n<meta name=\"twitter:creator\" content=\"@urbeameaweb\" \/>\n<meta name=\"twitter:site\" content=\"@urbeameaweb\" \/>\n<script type=\"application\/ld+json\" class=\"yoast-schema-graph\">{\"@context\":\"https:\\\/\\\/schema.org\",\"@graph\":[{\"@type\":\"Article\",\"@id\":\"https:\\\/\\\/urbeamea.ro\\\/albaiulia\\\/cod-portocaliu-si-galben-de-canicula-in-alba-si-alte-judete-pana-vineri-temperaturi-maxime-de-37-38-de-grade-celsius\\\/#article\",\"isPartOf\":{\"@id\":\"https:\\\/\\\/urbeamea.ro\\\/albaiulia\\\/cod-portocaliu-si-galben-de-canicula-in-alba-si-alte-judete-pana-vineri-temperaturi-maxime-de-37-38-de-grade-celsius\\\/\"},\"author\":{\"name\":\"Cristina Ganga\",\"@id\":\"https:\\\/\\\/urbeamea.ro\\\/albaiulia\\\/#\\\/schema\\\/person\\\/9700d21fae21c4f038b0b56f4506264a\"},\"headline\":\"Cod Portocaliu \u015fi Galben de canicul\u0103 \u00een Alba \u015fi alte jude\u0163e, p\u00e2n\u0103 vineri. Temperaturi maxime de 37 \u2013 38 de grade Celsius\",\"datePublished\":\"2017-08-10T12:25:58+00:00\",\"mainEntityOfPage\":{\"@id\":\"https:\\\/\\\/urbeamea.ro\\\/albaiulia\\\/cod-portocaliu-si-galben-de-canicula-in-alba-si-alte-judete-pana-vineri-temperaturi-maxime-de-37-38-de-grade-celsius\\\/\"},\"wordCount\":240,\"commentCount\":0,\"image\":{\"@id\":\"https:\\\/\\\/urbeamea.ro\\\/albaiulia\\\/cod-portocaliu-si-galben-de-canicula-in-alba-si-alte-judete-pana-vineri-temperaturi-maxime-de-37-38-de-grade-celsius\\\/#primaryimage\"},\"thumbnailUrl\":\"https:\\\/\\\/urbeamea.ro\\\/albaiulia\\\/wp-content\\\/uploads\\\/2017\\\/08\\\/meteo.jpg\",\"keywords\":[\"alba\",\"canicula\",\"cod galben\",\"disconfort termic\",\"stiri\",\"temperaturi caniculare\",\"Urbea Mea\"],\"articleSection\":[\"\u015etiri Urbane\"],\"inLanguage\":\"ro-RO\",\"potentialAction\":[{\"@type\":\"CommentAction\",\"name\":\"Comment\",\"target\":[\"https:\\\/\\\/urbeamea.ro\\\/albaiulia\\\/cod-portocaliu-si-galben-de-canicula-in-alba-si-alte-judete-pana-vineri-temperaturi-maxime-de-37-38-de-grade-celsius\\\/#respond\"]}]},{\"@type\":\"WebPage\",\"@id\":\"https:\\\/\\\/urbeamea.ro\\\/albaiulia\\\/cod-portocaliu-si-galben-de-canicula-in-alba-si-alte-judete-pana-vineri-temperaturi-maxime-de-37-38-de-grade-celsius\\\/\",\"url\":\"https:\\\/\\\/urbeamea.ro\\\/albaiulia\\\/cod-portocaliu-si-galben-de-canicula-in-alba-si-alte-judete-pana-vineri-temperaturi-maxime-de-37-38-de-grade-celsius\\\/\",\"name\":\"Cod Portocaliu \u015fi Galben de canicul\u0103 \u00een Alba \u015fi alte jude\u0163e, p\u00e2n\u0103 vineri. Temperaturi maxime de 37 \u2013 38 de grade Celsius - Revista Urbea Mea - Revista de Alba\",\"isPartOf\":{\"@id\":\"https:\\\/\\\/urbeamea.ro\\\/albaiulia\\\/#website\"},\"primaryImageOfPage\":{\"@id\":\"https:\\\/\\\/urbeamea.ro\\\/albaiulia\\\/cod-portocaliu-si-galben-de-canicula-in-alba-si-alte-judete-pana-vineri-temperaturi-maxime-de-37-38-de-grade-celsius\\\/#primaryimage\"},\"image\":{\"@id\":\"https:\\\/\\\/urbeamea.ro\\\/albaiulia\\\/cod-portocaliu-si-galben-de-canicula-in-alba-si-alte-judete-pana-vineri-temperaturi-maxime-de-37-38-de-grade-celsius\\\/#primaryimage\"},\"thumbnailUrl\":\"https:\\\/\\\/urbeamea.ro\\\/albaiulia\\\/wp-content\\\/uploads\\\/2017\\\/08\\\/meteo.jpg\",\"datePublished\":\"2017-08-10T12:25:58+00:00\",\"author\":{\"@id\":\"https:\\\/\\\/urbeamea.ro\\\/albaiulia\\\/#\\\/schema\\\/person\\\/9700d21fae21c4f038b0b56f4506264a\"},\"description\":\"Joi \u015fi vineri, jude\u0163ul Alba se afl\u0103 sub aten\u0163ionare Cod Galben de canicul\u0103. Astfel c\u0103, sf\u00e2r\u015fitul s\u0103pt\u0103m\u00e2nii aduce temperaturi caniculare \u015fi un disconfort\",\"breadcrumb\":{\"@id\":\"https:\\\/\\\/urbeamea.ro\\\/albaiulia\\\/cod-portocaliu-si-galben-de-canicula-in-alba-si-alte-judete-pana-vineri-temperaturi-maxime-de-37-38-de-grade-celsius\\\/#breadcrumb\"},\"inLanguage\":\"ro-RO\",\"potentialAction\":[{\"@type\":\"ReadAction\",\"target\":[\"https:\\\/\\\/urbeamea.ro\\\/albaiulia\\\/cod-portocaliu-si-galben-de-canicula-in-alba-si-alte-judete-pana-vineri-temperaturi-maxime-de-37-38-de-grade-celsius\\\/\"]}]},{\"@type\":\"ImageObject\",\"inLanguage\":\"ro-RO\",\"@id\":\"https:\\\/\\\/urbeamea.ro\\\/albaiulia\\\/cod-portocaliu-si-galben-de-canicula-in-alba-si-alte-judete-pana-vineri-temperaturi-maxime-de-37-38-de-grade-celsius\\\/#primaryimage\",\"url\":\"https:\\\/\\\/urbeamea.ro\\\/albaiulia\\\/wp-content\\\/uploads\\\/2017\\\/08\\\/meteo.jpg\",\"contentUrl\":\"https:\\\/\\\/urbeamea.ro\\\/albaiulia\\\/wp-content\\\/uploads\\\/2017\\\/08\\\/meteo.jpg\",\"width\":336,\"height\":233},{\"@type\":\"BreadcrumbList\",\"@id\":\"https:\\\/\\\/urbeamea.ro\\\/albaiulia\\\/cod-portocaliu-si-galben-de-canicula-in-alba-si-alte-judete-pana-vineri-temperaturi-maxime-de-37-38-de-grade-celsius\\\/#breadcrumb\",\"itemListElement\":[{\"@type\":\"ListItem\",\"position\":1,\"name\":\"Prima pagin\u0103\",\"item\":\"https:\\\/\\\/urbeamea.ro\\\/albaiulia\\\/\"},{\"@type\":\"ListItem\",\"position\":2,\"name\":\"Cod Portocaliu \u015fi Galben de canicul\u0103 \u00een Alba \u015fi alte jude\u0163e, p\u00e2n\u0103 vineri. Temperaturi maxime de 37 \u2013 38 de grade Celsius\"}]},{\"@type\":\"WebSite\",\"@id\":\"https:\\\/\\\/urbeamea.ro\\\/albaiulia\\\/#website\",\"url\":\"https:\\\/\\\/urbeamea.ro\\\/albaiulia\\\/\",\"name\":\"Revista Urbea Mea, Stiri urbane\",\"description\":\"Evenimente \u0219i \u0219tiri din Alba Iulia, Sebe\u0219, Aiud, Blaj\",\"potentialAction\":[{\"@type\":\"SearchAction\",\"target\":{\"@type\":\"EntryPoint\",\"urlTemplate\":\"https:\\\/\\\/urbeamea.ro\\\/albaiulia\\\/?s={search_term_string}\"},\"query-input\":{\"@type\":\"PropertyValueSpecification\",\"valueRequired\":true,\"valueName\":\"search_term_string\"}}],\"inLanguage\":\"ro-RO\"},{\"@type\":\"Person\",\"@id\":\"https:\\\/\\\/urbeamea.ro\\\/albaiulia\\\/#\\\/schema\\\/person\\\/9700d21fae21c4f038b0b56f4506264a\",\"name\":\"Cristina Ganga\",\"image\":{\"@type\":\"ImageObject\",\"inLanguage\":\"ro-RO\",\"@id\":\"https:\\\/\\\/secure.gravatar.com\\\/avatar\\\/5a67661041f057b4a8ccaf26f5a8e86e2689372006d01faf3dd9eeb10b654bb4?s=96&d=mm&r=g\",\"url\":\"https:\\\/\\\/secure.gravatar.com\\\/avatar\\\/5a67661041f057b4a8ccaf26f5a8e86e2689372006d01faf3dd9eeb10b654bb4?s=96&d=mm&r=g\",\"contentUrl\":\"https:\\\/\\\/secure.gravatar.com\\\/avatar\\\/5a67661041f057b4a8ccaf26f5a8e86e2689372006d01faf3dd9eeb10b654bb4?s=96&d=mm&r=g\",\"caption\":\"Cristina Ganga\"},\"description\":\"Jurnalist\",\"sameAs\":[\"https:\\\/\\\/www.facebook.com\\\/cristina.nicola.587\"],\"url\":\"https:\\\/\\\/urbeamea.ro\\\/albaiulia\\\/author\\\/cristina-nicola\\\/\"}]}<\/script>\n<!-- \/ Yoast SEO plugin. -->","yoast_head_json":{"title":"Cod Portocaliu \u015fi Galben de canicul\u0103 \u00een Alba \u015fi alte jude\u0163e, p\u00e2n\u0103 vineri. Temperaturi maxime de 37 \u2013 38 de grade Celsius - Revista Urbea Mea - Revista de Alba","description":"Joi \u015fi vineri, jude\u0163ul Alba se afl\u0103 sub aten\u0163ionare Cod Galben de canicul\u0103. Astfel c\u0103, sf\u00e2r\u015fitul s\u0103pt\u0103m\u00e2nii aduce temperaturi caniculare \u015fi un disconfort","robots":{"index":"index","follow":"follow","max-snippet":"max-snippet:-1","max-image-preview":"max-image-preview:large","max-video-preview":"max-video-preview:-1"},"canonical":"https:\/\/urbeamea.ro\/albaiulia\/cod-portocaliu-si-galben-de-canicula-in-alba-si-alte-judete-pana-vineri-temperaturi-maxime-de-37-38-de-grade-celsius\/","twitter_card":"summary_large_image","twitter_title":"Cod Portocaliu \u015fi Galben de canicul\u0103 \u00een Alba \u015fi alte jude\u0163e, p\u00e2n\u0103 vineri. Temperaturi maxime de 37 \u2013 38 de grade Celsius - Revista Urbea Mea - Revista de Alba","twitter_description":"Joi \u015fi vineri, jude\u0163ul Alba se afl\u0103 sub aten\u0163ionare Cod Galben de canicul\u0103. Astfel c\u0103, sf\u00e2r\u015fitul s\u0103pt\u0103m\u00e2nii aduce temperaturi caniculare \u015fi un disconfort","twitter_image":"https:\/\/urbeamea.ro\/albaiulia\/wp-content\/uploads\/2017\/08\/meteo.jpg","twitter_creator":"@urbeameaweb","twitter_site":"@urbeameaweb","schema":{"@context":"https:\/\/schema.org","@graph":[{"@type":"Article","@id":"https:\/\/urbeamea.ro\/albaiulia\/cod-portocaliu-si-galben-de-canicula-in-alba-si-alte-judete-pana-vineri-temperaturi-maxime-de-37-38-de-grade-celsius\/#article","isPartOf":{"@id":"https:\/\/urbeamea.ro\/albaiulia\/cod-portocaliu-si-galben-de-canicula-in-alba-si-alte-judete-pana-vineri-temperaturi-maxime-de-37-38-de-grade-celsius\/"},"author":{"name":"Cristina Ganga","@id":"https:\/\/urbeamea.ro\/albaiulia\/#\/schema\/person\/9700d21fae21c4f038b0b56f4506264a"},"headline":"Cod Portocaliu \u015fi Galben de canicul\u0103 \u00een Alba \u015fi alte jude\u0163e, p\u00e2n\u0103 vineri. Temperaturi maxime de 37 \u2013 38 de grade Celsius","datePublished":"2017-08-10T12:25:58+00:00","mainEntityOfPage":{"@id":"https:\/\/urbeamea.ro\/albaiulia\/cod-portocaliu-si-galben-de-canicula-in-alba-si-alte-judete-pana-vineri-temperaturi-maxime-de-37-38-de-grade-celsius\/"},"wordCount":240,"commentCount":0,"image":{"@id":"https:\/\/urbeamea.ro\/albaiulia\/cod-portocaliu-si-galben-de-canicula-in-alba-si-alte-judete-pana-vineri-temperaturi-maxime-de-37-38-de-grade-celsius\/#primaryimage"},"thumbnailUrl":"https:\/\/urbeamea.ro\/albaiulia\/wp-content\/uploads\/2017\/08\/meteo.jpg","keywords":["alba","canicula","cod galben","disconfort termic","stiri","temperaturi caniculare","Urbea Mea"],"articleSection":["\u015etiri Urbane"],"inLanguage":"ro-RO","potentialAction":[{"@type":"CommentAction","name":"Comment","target":["https:\/\/urbeamea.ro\/albaiulia\/cod-portocaliu-si-galben-de-canicula-in-alba-si-alte-judete-pana-vineri-temperaturi-maxime-de-37-38-de-grade-celsius\/#respond"]}]},{"@type":"WebPage","@id":"https:\/\/urbeamea.ro\/albaiulia\/cod-portocaliu-si-galben-de-canicula-in-alba-si-alte-judete-pana-vineri-temperaturi-maxime-de-37-38-de-grade-celsius\/","url":"https:\/\/urbeamea.ro\/albaiulia\/cod-portocaliu-si-galben-de-canicula-in-alba-si-alte-judete-pana-vineri-temperaturi-maxime-de-37-38-de-grade-celsius\/","name":"Cod Portocaliu \u015fi Galben de canicul\u0103 \u00een Alba \u015fi alte jude\u0163e, p\u00e2n\u0103 vineri. Temperaturi maxime de 37 \u2013 38 de grade Celsius - Revista Urbea Mea - Revista de Alba","isPartOf":{"@id":"https:\/\/urbeamea.ro\/albaiulia\/#website"},"primaryImageOfPage":{"@id":"https:\/\/urbeamea.ro\/albaiulia\/cod-portocaliu-si-galben-de-canicula-in-alba-si-alte-judete-pana-vineri-temperaturi-maxime-de-37-38-de-grade-celsius\/#primaryimage"},"image":{"@id":"https:\/\/urbeamea.ro\/albaiulia\/cod-portocaliu-si-galben-de-canicula-in-alba-si-alte-judete-pana-vineri-temperaturi-maxime-de-37-38-de-grade-celsius\/#primaryimage"},"thumbnailUrl":"https:\/\/urbeamea.ro\/albaiulia\/wp-content\/uploads\/2017\/08\/meteo.jpg","datePublished":"2017-08-10T12:25:58+00:00","author":{"@id":"https:\/\/urbeamea.ro\/albaiulia\/#\/schema\/person\/9700d21fae21c4f038b0b56f4506264a"},"description":"Joi \u015fi vineri, jude\u0163ul Alba se afl\u0103 sub aten\u0163ionare Cod Galben de canicul\u0103. Astfel c\u0103, sf\u00e2r\u015fitul s\u0103pt\u0103m\u00e2nii aduce temperaturi caniculare \u015fi un disconfort","breadcrumb":{"@id":"https:\/\/urbeamea.ro\/albaiulia\/cod-portocaliu-si-galben-de-canicula-in-alba-si-alte-judete-pana-vineri-temperaturi-maxime-de-37-38-de-grade-celsius\/#breadcrumb"},"inLanguage":"ro-RO","potentialAction":[{"@type":"ReadAction","target":["https:\/\/urbeamea.ro\/albaiulia\/cod-portocaliu-si-galben-de-canicula-in-alba-si-alte-judete-pana-vineri-temperaturi-maxime-de-37-38-de-grade-celsius\/"]}]},{"@type":"ImageObject","inLanguage":"ro-RO","@id":"https:\/\/urbeamea.ro\/albaiulia\/cod-portocaliu-si-galben-de-canicula-in-alba-si-alte-judete-pana-vineri-temperaturi-maxime-de-37-38-de-grade-celsius\/#primaryimage","url":"https:\/\/urbeamea.ro\/albaiulia\/wp-content\/uploads\/2017\/08\/meteo.jpg","contentUrl":"https:\/\/urbeamea.ro\/albaiulia\/wp-content\/uploads\/2017\/08\/meteo.jpg","width":336,"height":233},{"@type":"BreadcrumbList","@id":"https:\/\/urbeamea.ro\/albaiulia\/cod-portocaliu-si-galben-de-canicula-in-alba-si-alte-judete-pana-vineri-temperaturi-maxime-de-37-38-de-grade-celsius\/#breadcrumb","itemListElement":[{"@type":"ListItem","position":1,"name":"Prima pagin\u0103","item":"https:\/\/urbeamea.ro\/albaiulia\/"},{"@type":"ListItem","position":2,"name":"Cod Portocaliu \u015fi Galben de canicul\u0103 \u00een Alba \u015fi alte jude\u0163e, p\u00e2n\u0103 vineri. Temperaturi maxime de 37 \u2013 38 de grade Celsius"}]},{"@type":"WebSite","@id":"https:\/\/urbeamea.ro\/albaiulia\/#website","url":"https:\/\/urbeamea.ro\/albaiulia\/","name":"Revista Urbea Mea, Stiri urbane","description":"Evenimente \u0219i \u0219tiri din Alba Iulia, Sebe\u0219, Aiud, Blaj","potentialAction":[{"@type":"SearchAction","target":{"@type":"EntryPoint","urlTemplate":"https:\/\/urbeamea.ro\/albaiulia\/?s={search_term_string}"},"query-input":{"@type":"PropertyValueSpecification","valueRequired":true,"valueName":"search_term_string"}}],"inLanguage":"ro-RO"},{"@type":"Person","@id":"https:\/\/urbeamea.ro\/albaiulia\/#\/schema\/person\/9700d21fae21c4f038b0b56f4506264a","name":"Cristina Ganga","image":{"@type":"ImageObject","inLanguage":"ro-RO","@id":"https:\/\/secure.gravatar.com\/avatar\/5a67661041f057b4a8ccaf26f5a8e86e2689372006d01faf3dd9eeb10b654bb4?s=96&d=mm&r=g","url":"https:\/\/secure.gravatar.com\/avatar\/5a67661041f057b4a8ccaf26f5a8e86e2689372006d01faf3dd9eeb10b654bb4?s=96&d=mm&r=g","contentUrl":"https:\/\/secure.gravatar.com\/avatar\/5a67661041f057b4a8ccaf26f5a8e86e2689372006d01faf3dd9eeb10b654bb4?s=96&d=mm&r=g","caption":"Cristina Ganga"},"description":"Jurnalist","sameAs":["https:\/\/www.facebook.com\/cristina.nicola.587"],"url":"https:\/\/urbeamea.ro\/albaiulia\/author\/cristina-nicola\/"}]}},"_links":{"self":[{"href":"https:\/\/urbeamea.ro\/albaiulia\/wp-json\/wp\/v2\/posts\/50766","targetHints":{"allow":["GET"]}}],"collection":[{"href":"https:\/\/urbeamea.ro\/albaiulia\/wp-json\/wp\/v2\/posts"}],"about":[{"href":"https:\/\/urbeamea.ro\/albaiulia\/wp-json\/wp\/v2\/types\/post"}],"author":[{"embeddable":true,"href":"https:\/\/urbeamea.ro\/albaiulia\/wp-json\/wp\/v2\/users\/17"}],"replies":[{"embeddable":true,"href":"https:\/\/urbeamea.ro\/albaiulia\/wp-json\/wp\/v2\/comments?post=50766"}],"version-history":[{"count":0,"href":"https:\/\/urbeamea.ro\/albaiulia\/wp-json\/wp\/v2\/posts\/50766\/revisions"}],"wp:featuredmedia":[{"embeddable":true,"href":"https:\/\/urbeamea.ro\/albaiulia\/wp-json\/wp\/v2\/media\/50767"}],"wp:attachment":[{"href":"https:\/\/urbeamea.ro\/albaiulia\/wp-json\/wp\/v2\/media?parent=50766"}],"wp:term":[{"taxonomy":"category","embeddable":true,"href":"https:\/\/urbeamea.ro\/albaiulia\/wp-json\/wp\/v2\/categories?post=50766"},{"taxonomy":"post_tag","embeddable":true,"href":"https:\/\/urbeamea.ro\/albaiulia\/wp-json\/wp\/v2\/tags?post=50766"}],"curies":[{"name":"wp","href":"https:\/\/api.w.org\/{rel}","templated":true}]}}