{"id":51209,"date":"2017-08-16T22:58:45","date_gmt":"2017-08-16T19:58:45","guid":{"rendered":"https:\/\/urbeamea.ro\/albaiulia\/?p=51209"},"modified":"2017-08-17T10:44:30","modified_gmt":"2017-08-17T07:44:30","slug":"accident-mortal-la-aiud-un-barbat-si-a-pierdut-viata-dupa-ce-a-fost-lovit-de-o-ambulanta-in-misiune","status":"publish","type":"post","link":"https:\/\/urbeamea.ro\/albaiulia\/accident-mortal-la-aiud-un-barbat-si-a-pierdut-viata-dupa-ce-a-fost-lovit-de-o-ambulanta-in-misiune\/","title":{"rendered":"Accident mortal la Aiud: Un b\u0103rbat \u015fi-a pierdut via\u0163a dup\u0103 ce a fost lovit de o Ambulan\u0163\u0103 \u00een misiune"},"content":{"rendered":"<p><strong>Un b\u0103rbat \u00een v\u00e2rst\u0103 de 52 de ani \u015fi-a pierdut via\u0163a, \u00een urma unui accident rutier grav petrecut miercuri seara la Aiud, pe strada Transilvaniei, ce traverseaz\u0103 ora\u015ful, parte din DN1. Din primele informa\u0163ii, pietonul a fost lovit de o autospecial\u0103 de la Serviciul de Ambulan\u0163\u0103.<\/strong><\/p>\n<p>Potrivit IPJ Alba, b\u0103rbatul a decedat, din cauza leziunilor suferite. Se pare c\u0103 acesta este din Aiud \u015fi, din primele date, ar fi \u00eencercat s\u0103 traverseze strada neregulamentar.<\/p>\n<p><strong>UPDATE:<\/strong> B\u0103rbatul care \u015fi-a pierdut via\u0163a, S.R., din Aiud, avea 52 de ani \u015fi traversa neregulamentar strada, \u00een momentul accidentului. Ambulan\u0163a se afla \u00een misiune \u015fi avea semnalele acustice \u015fi sonore \u00een func\u0163iune.<\/p>\n<p><strong>UPDATE1: <\/strong>La data de 16.08.2017, \u00een jurul orelor 21.04, pe strada Transilvaniei\u00a0 din municipiul Aiud, jude\u0163ul Alba, B.P., de 45 de ani, din Ocna Mure\u015f, jude\u0163ul Alba, \u00een timp ce conducea un autovehiculul special M 1, proprietatea Serviciul de Ambulanta\u00a0 Jude\u021bean Alba, a surprins \u015fi a accidentat pe S.R., un b\u0103rbat de 53 de ani din Aiud, care traversa strada, prin loc nepermis si nesemnalizat corespunz\u0103tor.<\/p>\n<p>\u00cen urma accidentului, pietonul a decedat.<\/p>\n<p>La momentul producerii accidentului, autovehiculul special se deplasa din localitatea Ocna Mure\u0219 spre Alba Iulia si avea in func\u021biune semnalele luminoase.<\/p>\n<p>Fa\u0163\u0103 de B.P. a fost \u00eentocmit dosar penal, pentru s\u0103v\u00e2r\u0219irea infrac\u021biunii de <em>ucidere din culpa.<\/em><\/p>\n<p>Cercet\u0103rile sunt continuate.<\/p>\n<p><strong>\u00a0<\/strong><\/p>\n","protected":false},"excerpt":{"rendered":"<p>Un b\u0103rbat \u00een v\u00e2rst\u0103 de 52 de ani \u015fi-a pierdut via\u0163a, \u00een urma unui accident rutier grav petrecut miercuri seara la Aiud, pe strada Transilvaniei, ce traverseaz\u0103 ora\u015ful, parte din DN1. Din primele informa\u0163ii, pietonul a fost lovit de o autospecial\u0103 de la Serviciul de Ambulan\u0163\u0103. Potrivit IPJ Alba, b\u0103rbatul a decedat, din cauza leziunilor &hellip;<\/p>\n","protected":false},"author":17,"featured_media":18034,"comment_status":"open","ping_status":"open","sticky":false,"template":"","format":"standard","meta":{"inline_featured_image":false,"footnotes":""},"categories":[1],"tags":[385,2553,2971,2408,11863,3721,308,12161,76],"class_list":["post-51209","post","type-post","status-publish","format-standard","has-post-thumbnail","hentry","category-stiri-urbane","tag-aiud","tag-ambulanta","tag-barbat","tag-decedat","tag-misiune","tag-pieton","tag-stiri","tag-traversare-neregulamentara","tag-urbea-mea"],"yoast_head":"<!-- This site is optimized with the Yoast SEO plugin v27.4 - https:\/\/yoast.com\/product\/yoast-seo-wordpress\/ -->\n<title>Accident mortal la Aiud: Un b\u0103rbat \u015fi-a pierdut via\u0163a dup\u0103 ce a fost lovit de o Ambulan\u0163\u0103 \u00een misiune - Revista Urbea Mea - Revista de Alba<\/title>\n<meta name=\"description\" content=\"Un b\u0103rbat \u00een v\u00e2rst\u0103 de 52 de ani \u015fi-a pierdut via\u0163a, \u00een urma unui accident rutier grav petrecut miercuri seara la Aiud, pe strada Transilvaniei, ce\" \/>\n<meta name=\"robots\" content=\"index, follow, max-snippet:-1, max-image-preview:large, max-video-preview:-1\" \/>\n<link rel=\"canonical\" href=\"https:\/\/urbeamea.ro\/albaiulia\/accident-mortal-la-aiud-un-barbat-si-a-pierdut-viata-dupa-ce-a-fost-lovit-de-o-ambulanta-in-misiune\/\" \/>\n<meta name=\"twitter:card\" content=\"summary_large_image\" \/>\n<meta name=\"twitter:title\" content=\"Accident mortal la Aiud: Un b\u0103rbat \u015fi-a pierdut via\u0163a dup\u0103 ce a fost lovit de o Ambulan\u0163\u0103 \u00een misiune - Revista Urbea Mea - Revista de Alba\" \/>\n<meta name=\"twitter:description\" content=\"Un b\u0103rbat \u00een v\u00e2rst\u0103 de 52 de ani \u015fi-a pierdut via\u0163a, \u00een urma unui accident rutier grav petrecut miercuri seara la Aiud, pe strada Transilvaniei, ce\" \/>\n<meta name=\"twitter:image\" content=\"https:\/\/urbeamea.ro\/albaiulia\/wp-content\/uploads\/2016\/02\/politie.jpg\" \/>\n<meta name=\"twitter:creator\" content=\"@urbeameaweb\" \/>\n<meta name=\"twitter:site\" content=\"@urbeameaweb\" \/>\n<script type=\"application\/ld+json\" class=\"yoast-schema-graph\">{\"@context\":\"https:\\\/\\\/schema.org\",\"@graph\":[{\"@type\":\"Article\",\"@id\":\"https:\\\/\\\/urbeamea.ro\\\/albaiulia\\\/accident-mortal-la-aiud-un-barbat-si-a-pierdut-viata-dupa-ce-a-fost-lovit-de-o-ambulanta-in-misiune\\\/#article\",\"isPartOf\":{\"@id\":\"https:\\\/\\\/urbeamea.ro\\\/albaiulia\\\/accident-mortal-la-aiud-un-barbat-si-a-pierdut-viata-dupa-ce-a-fost-lovit-de-o-ambulanta-in-misiune\\\/\"},\"author\":{\"name\":\"Cristina Ganga\",\"@id\":\"https:\\\/\\\/urbeamea.ro\\\/albaiulia\\\/#\\\/schema\\\/person\\\/9700d21fae21c4f038b0b56f4506264a\"},\"headline\":\"Accident mortal la Aiud: Un b\u0103rbat \u015fi-a pierdut via\u0163a dup\u0103 ce a fost lovit de o Ambulan\u0163\u0103 \u00een misiune\",\"datePublished\":\"2017-08-16T19:58:45+00:00\",\"dateModified\":\"2017-08-17T07:44:30+00:00\",\"mainEntityOfPage\":{\"@id\":\"https:\\\/\\\/urbeamea.ro\\\/albaiulia\\\/accident-mortal-la-aiud-un-barbat-si-a-pierdut-viata-dupa-ce-a-fost-lovit-de-o-ambulanta-in-misiune\\\/\"},\"wordCount\":257,\"commentCount\":0,\"image\":{\"@id\":\"https:\\\/\\\/urbeamea.ro\\\/albaiulia\\\/accident-mortal-la-aiud-un-barbat-si-a-pierdut-viata-dupa-ce-a-fost-lovit-de-o-ambulanta-in-misiune\\\/#primaryimage\"},\"thumbnailUrl\":\"https:\\\/\\\/urbeamea.ro\\\/albaiulia\\\/wp-content\\\/uploads\\\/2016\\\/02\\\/politie.jpg\",\"keywords\":[\"aiud\",\"ambulanta\",\"barbat\",\"decedat\",\"misiune\",\"pieton\",\"stiri\",\"traversare neregulamentara\",\"Urbea Mea\"],\"articleSection\":[\"\u015etiri Urbane\"],\"inLanguage\":\"ro-RO\",\"potentialAction\":[{\"@type\":\"CommentAction\",\"name\":\"Comment\",\"target\":[\"https:\\\/\\\/urbeamea.ro\\\/albaiulia\\\/accident-mortal-la-aiud-un-barbat-si-a-pierdut-viata-dupa-ce-a-fost-lovit-de-o-ambulanta-in-misiune\\\/#respond\"]}]},{\"@type\":\"WebPage\",\"@id\":\"https:\\\/\\\/urbeamea.ro\\\/albaiulia\\\/accident-mortal-la-aiud-un-barbat-si-a-pierdut-viata-dupa-ce-a-fost-lovit-de-o-ambulanta-in-misiune\\\/\",\"url\":\"https:\\\/\\\/urbeamea.ro\\\/albaiulia\\\/accident-mortal-la-aiud-un-barbat-si-a-pierdut-viata-dupa-ce-a-fost-lovit-de-o-ambulanta-in-misiune\\\/\",\"name\":\"Accident mortal la Aiud: Un b\u0103rbat \u015fi-a pierdut via\u0163a dup\u0103 ce a fost lovit de o Ambulan\u0163\u0103 \u00een misiune - Revista Urbea Mea - Revista de Alba\",\"isPartOf\":{\"@id\":\"https:\\\/\\\/urbeamea.ro\\\/albaiulia\\\/#website\"},\"primaryImageOfPage\":{\"@id\":\"https:\\\/\\\/urbeamea.ro\\\/albaiulia\\\/accident-mortal-la-aiud-un-barbat-si-a-pierdut-viata-dupa-ce-a-fost-lovit-de-o-ambulanta-in-misiune\\\/#primaryimage\"},\"image\":{\"@id\":\"https:\\\/\\\/urbeamea.ro\\\/albaiulia\\\/accident-mortal-la-aiud-un-barbat-si-a-pierdut-viata-dupa-ce-a-fost-lovit-de-o-ambulanta-in-misiune\\\/#primaryimage\"},\"thumbnailUrl\":\"https:\\\/\\\/urbeamea.ro\\\/albaiulia\\\/wp-content\\\/uploads\\\/2016\\\/02\\\/politie.jpg\",\"datePublished\":\"2017-08-16T19:58:45+00:00\",\"dateModified\":\"2017-08-17T07:44:30+00:00\",\"author\":{\"@id\":\"https:\\\/\\\/urbeamea.ro\\\/albaiulia\\\/#\\\/schema\\\/person\\\/9700d21fae21c4f038b0b56f4506264a\"},\"description\":\"Un b\u0103rbat \u00een v\u00e2rst\u0103 de 52 de ani \u015fi-a pierdut via\u0163a, \u00een urma unui accident rutier grav petrecut miercuri seara la Aiud, pe strada Transilvaniei, ce\",\"breadcrumb\":{\"@id\":\"https:\\\/\\\/urbeamea.ro\\\/albaiulia\\\/accident-mortal-la-aiud-un-barbat-si-a-pierdut-viata-dupa-ce-a-fost-lovit-de-o-ambulanta-in-misiune\\\/#breadcrumb\"},\"inLanguage\":\"ro-RO\",\"potentialAction\":[{\"@type\":\"ReadAction\",\"target\":[\"https:\\\/\\\/urbeamea.ro\\\/albaiulia\\\/accident-mortal-la-aiud-un-barbat-si-a-pierdut-viata-dupa-ce-a-fost-lovit-de-o-ambulanta-in-misiune\\\/\"]}]},{\"@type\":\"ImageObject\",\"inLanguage\":\"ro-RO\",\"@id\":\"https:\\\/\\\/urbeamea.ro\\\/albaiulia\\\/accident-mortal-la-aiud-un-barbat-si-a-pierdut-viata-dupa-ce-a-fost-lovit-de-o-ambulanta-in-misiune\\\/#primaryimage\",\"url\":\"https:\\\/\\\/urbeamea.ro\\\/albaiulia\\\/wp-content\\\/uploads\\\/2016\\\/02\\\/politie.jpg\",\"contentUrl\":\"https:\\\/\\\/urbeamea.ro\\\/albaiulia\\\/wp-content\\\/uploads\\\/2016\\\/02\\\/politie.jpg\",\"width\":480,\"height\":300},{\"@type\":\"BreadcrumbList\",\"@id\":\"https:\\\/\\\/urbeamea.ro\\\/albaiulia\\\/accident-mortal-la-aiud-un-barbat-si-a-pierdut-viata-dupa-ce-a-fost-lovit-de-o-ambulanta-in-misiune\\\/#breadcrumb\",\"itemListElement\":[{\"@type\":\"ListItem\",\"position\":1,\"name\":\"Prima pagin\u0103\",\"item\":\"https:\\\/\\\/urbeamea.ro\\\/albaiulia\\\/\"},{\"@type\":\"ListItem\",\"position\":2,\"name\":\"Accident mortal la Aiud: Un b\u0103rbat \u015fi-a pierdut via\u0163a dup\u0103 ce a fost lovit de o Ambulan\u0163\u0103 \u00een misiune\"}]},{\"@type\":\"WebSite\",\"@id\":\"https:\\\/\\\/urbeamea.ro\\\/albaiulia\\\/#website\",\"url\":\"https:\\\/\\\/urbeamea.ro\\\/albaiulia\\\/\",\"name\":\"Revista Urbea Mea, Stiri urbane\",\"description\":\"Evenimente \u0219i \u0219tiri din Alba Iulia, Sebe\u0219, Aiud, Blaj\",\"potentialAction\":[{\"@type\":\"SearchAction\",\"target\":{\"@type\":\"EntryPoint\",\"urlTemplate\":\"https:\\\/\\\/urbeamea.ro\\\/albaiulia\\\/?s={search_term_string}\"},\"query-input\":{\"@type\":\"PropertyValueSpecification\",\"valueRequired\":true,\"valueName\":\"search_term_string\"}}],\"inLanguage\":\"ro-RO\"},{\"@type\":\"Person\",\"@id\":\"https:\\\/\\\/urbeamea.ro\\\/albaiulia\\\/#\\\/schema\\\/person\\\/9700d21fae21c4f038b0b56f4506264a\",\"name\":\"Cristina Ganga\",\"image\":{\"@type\":\"ImageObject\",\"inLanguage\":\"ro-RO\",\"@id\":\"https:\\\/\\\/secure.gravatar.com\\\/avatar\\\/5a67661041f057b4a8ccaf26f5a8e86e2689372006d01faf3dd9eeb10b654bb4?s=96&d=mm&r=g\",\"url\":\"https:\\\/\\\/secure.gravatar.com\\\/avatar\\\/5a67661041f057b4a8ccaf26f5a8e86e2689372006d01faf3dd9eeb10b654bb4?s=96&d=mm&r=g\",\"contentUrl\":\"https:\\\/\\\/secure.gravatar.com\\\/avatar\\\/5a67661041f057b4a8ccaf26f5a8e86e2689372006d01faf3dd9eeb10b654bb4?s=96&d=mm&r=g\",\"caption\":\"Cristina Ganga\"},\"description\":\"Jurnalist\",\"sameAs\":[\"https:\\\/\\\/www.facebook.com\\\/cristina.nicola.587\"],\"url\":\"https:\\\/\\\/urbeamea.ro\\\/albaiulia\\\/author\\\/cristina-nicola\\\/\"}]}<\/script>\n<!-- \/ Yoast SEO plugin. -->","yoast_head_json":{"title":"Accident mortal la Aiud: Un b\u0103rbat \u015fi-a pierdut via\u0163a dup\u0103 ce a fost lovit de o Ambulan\u0163\u0103 \u00een misiune - Revista Urbea Mea - Revista de Alba","description":"Un b\u0103rbat \u00een v\u00e2rst\u0103 de 52 de ani \u015fi-a pierdut via\u0163a, \u00een urma unui accident rutier grav petrecut miercuri seara la Aiud, pe strada Transilvaniei, ce","robots":{"index":"index","follow":"follow","max-snippet":"max-snippet:-1","max-image-preview":"max-image-preview:large","max-video-preview":"max-video-preview:-1"},"canonical":"https:\/\/urbeamea.ro\/albaiulia\/accident-mortal-la-aiud-un-barbat-si-a-pierdut-viata-dupa-ce-a-fost-lovit-de-o-ambulanta-in-misiune\/","twitter_card":"summary_large_image","twitter_title":"Accident mortal la Aiud: Un b\u0103rbat \u015fi-a pierdut via\u0163a dup\u0103 ce a fost lovit de o Ambulan\u0163\u0103 \u00een misiune - Revista Urbea Mea - Revista de Alba","twitter_description":"Un b\u0103rbat \u00een v\u00e2rst\u0103 de 52 de ani \u015fi-a pierdut via\u0163a, \u00een urma unui accident rutier grav petrecut miercuri seara la Aiud, pe strada Transilvaniei, ce","twitter_image":"https:\/\/urbeamea.ro\/albaiulia\/wp-content\/uploads\/2016\/02\/politie.jpg","twitter_creator":"@urbeameaweb","twitter_site":"@urbeameaweb","schema":{"@context":"https:\/\/schema.org","@graph":[{"@type":"Article","@id":"https:\/\/urbeamea.ro\/albaiulia\/accident-mortal-la-aiud-un-barbat-si-a-pierdut-viata-dupa-ce-a-fost-lovit-de-o-ambulanta-in-misiune\/#article","isPartOf":{"@id":"https:\/\/urbeamea.ro\/albaiulia\/accident-mortal-la-aiud-un-barbat-si-a-pierdut-viata-dupa-ce-a-fost-lovit-de-o-ambulanta-in-misiune\/"},"author":{"name":"Cristina Ganga","@id":"https:\/\/urbeamea.ro\/albaiulia\/#\/schema\/person\/9700d21fae21c4f038b0b56f4506264a"},"headline":"Accident mortal la Aiud: Un b\u0103rbat \u015fi-a pierdut via\u0163a dup\u0103 ce a fost lovit de o Ambulan\u0163\u0103 \u00een misiune","datePublished":"2017-08-16T19:58:45+00:00","dateModified":"2017-08-17T07:44:30+00:00","mainEntityOfPage":{"@id":"https:\/\/urbeamea.ro\/albaiulia\/accident-mortal-la-aiud-un-barbat-si-a-pierdut-viata-dupa-ce-a-fost-lovit-de-o-ambulanta-in-misiune\/"},"wordCount":257,"commentCount":0,"image":{"@id":"https:\/\/urbeamea.ro\/albaiulia\/accident-mortal-la-aiud-un-barbat-si-a-pierdut-viata-dupa-ce-a-fost-lovit-de-o-ambulanta-in-misiune\/#primaryimage"},"thumbnailUrl":"https:\/\/urbeamea.ro\/albaiulia\/wp-content\/uploads\/2016\/02\/politie.jpg","keywords":["aiud","ambulanta","barbat","decedat","misiune","pieton","stiri","traversare neregulamentara","Urbea Mea"],"articleSection":["\u015etiri Urbane"],"inLanguage":"ro-RO","potentialAction":[{"@type":"CommentAction","name":"Comment","target":["https:\/\/urbeamea.ro\/albaiulia\/accident-mortal-la-aiud-un-barbat-si-a-pierdut-viata-dupa-ce-a-fost-lovit-de-o-ambulanta-in-misiune\/#respond"]}]},{"@type":"WebPage","@id":"https:\/\/urbeamea.ro\/albaiulia\/accident-mortal-la-aiud-un-barbat-si-a-pierdut-viata-dupa-ce-a-fost-lovit-de-o-ambulanta-in-misiune\/","url":"https:\/\/urbeamea.ro\/albaiulia\/accident-mortal-la-aiud-un-barbat-si-a-pierdut-viata-dupa-ce-a-fost-lovit-de-o-ambulanta-in-misiune\/","name":"Accident mortal la Aiud: Un b\u0103rbat \u015fi-a pierdut via\u0163a dup\u0103 ce a fost lovit de o Ambulan\u0163\u0103 \u00een misiune - Revista Urbea Mea - Revista de Alba","isPartOf":{"@id":"https:\/\/urbeamea.ro\/albaiulia\/#website"},"primaryImageOfPage":{"@id":"https:\/\/urbeamea.ro\/albaiulia\/accident-mortal-la-aiud-un-barbat-si-a-pierdut-viata-dupa-ce-a-fost-lovit-de-o-ambulanta-in-misiune\/#primaryimage"},"image":{"@id":"https:\/\/urbeamea.ro\/albaiulia\/accident-mortal-la-aiud-un-barbat-si-a-pierdut-viata-dupa-ce-a-fost-lovit-de-o-ambulanta-in-misiune\/#primaryimage"},"thumbnailUrl":"https:\/\/urbeamea.ro\/albaiulia\/wp-content\/uploads\/2016\/02\/politie.jpg","datePublished":"2017-08-16T19:58:45+00:00","dateModified":"2017-08-17T07:44:30+00:00","author":{"@id":"https:\/\/urbeamea.ro\/albaiulia\/#\/schema\/person\/9700d21fae21c4f038b0b56f4506264a"},"description":"Un b\u0103rbat \u00een v\u00e2rst\u0103 de 52 de ani \u015fi-a pierdut via\u0163a, \u00een urma unui accident rutier grav petrecut miercuri seara la Aiud, pe strada Transilvaniei, ce","breadcrumb":{"@id":"https:\/\/urbeamea.ro\/albaiulia\/accident-mortal-la-aiud-un-barbat-si-a-pierdut-viata-dupa-ce-a-fost-lovit-de-o-ambulanta-in-misiune\/#breadcrumb"},"inLanguage":"ro-RO","potentialAction":[{"@type":"ReadAction","target":["https:\/\/urbeamea.ro\/albaiulia\/accident-mortal-la-aiud-un-barbat-si-a-pierdut-viata-dupa-ce-a-fost-lovit-de-o-ambulanta-in-misiune\/"]}]},{"@type":"ImageObject","inLanguage":"ro-RO","@id":"https:\/\/urbeamea.ro\/albaiulia\/accident-mortal-la-aiud-un-barbat-si-a-pierdut-viata-dupa-ce-a-fost-lovit-de-o-ambulanta-in-misiune\/#primaryimage","url":"https:\/\/urbeamea.ro\/albaiulia\/wp-content\/uploads\/2016\/02\/politie.jpg","contentUrl":"https:\/\/urbeamea.ro\/albaiulia\/wp-content\/uploads\/2016\/02\/politie.jpg","width":480,"height":300},{"@type":"BreadcrumbList","@id":"https:\/\/urbeamea.ro\/albaiulia\/accident-mortal-la-aiud-un-barbat-si-a-pierdut-viata-dupa-ce-a-fost-lovit-de-o-ambulanta-in-misiune\/#breadcrumb","itemListElement":[{"@type":"ListItem","position":1,"name":"Prima pagin\u0103","item":"https:\/\/urbeamea.ro\/albaiulia\/"},{"@type":"ListItem","position":2,"name":"Accident mortal la Aiud: Un b\u0103rbat \u015fi-a pierdut via\u0163a dup\u0103 ce a fost lovit de o Ambulan\u0163\u0103 \u00een misiune"}]},{"@type":"WebSite","@id":"https:\/\/urbeamea.ro\/albaiulia\/#website","url":"https:\/\/urbeamea.ro\/albaiulia\/","name":"Revista Urbea Mea, Stiri urbane","description":"Evenimente \u0219i \u0219tiri din Alba Iulia, Sebe\u0219, Aiud, Blaj","potentialAction":[{"@type":"SearchAction","target":{"@type":"EntryPoint","urlTemplate":"https:\/\/urbeamea.ro\/albaiulia\/?s={search_term_string}"},"query-input":{"@type":"PropertyValueSpecification","valueRequired":true,"valueName":"search_term_string"}}],"inLanguage":"ro-RO"},{"@type":"Person","@id":"https:\/\/urbeamea.ro\/albaiulia\/#\/schema\/person\/9700d21fae21c4f038b0b56f4506264a","name":"Cristina Ganga","image":{"@type":"ImageObject","inLanguage":"ro-RO","@id":"https:\/\/secure.gravatar.com\/avatar\/5a67661041f057b4a8ccaf26f5a8e86e2689372006d01faf3dd9eeb10b654bb4?s=96&d=mm&r=g","url":"https:\/\/secure.gravatar.com\/avatar\/5a67661041f057b4a8ccaf26f5a8e86e2689372006d01faf3dd9eeb10b654bb4?s=96&d=mm&r=g","contentUrl":"https:\/\/secure.gravatar.com\/avatar\/5a67661041f057b4a8ccaf26f5a8e86e2689372006d01faf3dd9eeb10b654bb4?s=96&d=mm&r=g","caption":"Cristina Ganga"},"description":"Jurnalist","sameAs":["https:\/\/www.facebook.com\/cristina.nicola.587"],"url":"https:\/\/urbeamea.ro\/albaiulia\/author\/cristina-nicola\/"}]}},"_links":{"self":[{"href":"https:\/\/urbeamea.ro\/albaiulia\/wp-json\/wp\/v2\/posts\/51209","targetHints":{"allow":["GET"]}}],"collection":[{"href":"https:\/\/urbeamea.ro\/albaiulia\/wp-json\/wp\/v2\/posts"}],"about":[{"href":"https:\/\/urbeamea.ro\/albaiulia\/wp-json\/wp\/v2\/types\/post"}],"author":[{"embeddable":true,"href":"https:\/\/urbeamea.ro\/albaiulia\/wp-json\/wp\/v2\/users\/17"}],"replies":[{"embeddable":true,"href":"https:\/\/urbeamea.ro\/albaiulia\/wp-json\/wp\/v2\/comments?post=51209"}],"version-history":[{"count":0,"href":"https:\/\/urbeamea.ro\/albaiulia\/wp-json\/wp\/v2\/posts\/51209\/revisions"}],"wp:featuredmedia":[{"embeddable":true,"href":"https:\/\/urbeamea.ro\/albaiulia\/wp-json\/wp\/v2\/media\/18034"}],"wp:attachment":[{"href":"https:\/\/urbeamea.ro\/albaiulia\/wp-json\/wp\/v2\/media?parent=51209"}],"wp:term":[{"taxonomy":"category","embeddable":true,"href":"https:\/\/urbeamea.ro\/albaiulia\/wp-json\/wp\/v2\/categories?post=51209"},{"taxonomy":"post_tag","embeddable":true,"href":"https:\/\/urbeamea.ro\/albaiulia\/wp-json\/wp\/v2\/tags?post=51209"}],"curies":[{"name":"wp","href":"https:\/\/api.w.org\/{rel}","templated":true}]}}