{"id":51232,"date":"2017-08-18T08:57:39","date_gmt":"2017-08-18T05:57:39","guid":{"rendered":"https:\/\/urbeamea.ro\/albaiulia\/?p=51232"},"modified":"2017-08-18T08:57:39","modified_gmt":"2017-08-18T05:57:39","slug":"astazi-povestea-continua-la-zilele-municipiului-sebes-ulita-mestesugarilor-momente-artistice-si-concerte-sustinute-de-amna-alina-eremia-si-3-sudest","status":"publish","type":"post","link":"https:\/\/urbeamea.ro\/albaiulia\/astazi-povestea-continua-la-zilele-municipiului-sebes-ulita-mestesugarilor-momente-artistice-si-concerte-sustinute-de-amna-alina-eremia-si-3-sudest\/","title":{"rendered":"Ast\u0103zi: Povestea continu\u0103 la Zilele Municipiului Sebe\u015f: &#8222;Uli\u0163a me\u015fte\u015fugarilor&#8221;, momente artistice \u015fi concerte sus\u0163inute de Amna, Alina Eremia \u015fi 3 SUDEST"},"content":{"rendered":"<p><strong>Expozi\u021bie de me\u0219te\u0219uguri tradi\u021bionale, demonstra\u021bii, t\u00e2rg de produse tradi\u021bionale, expozi\u021bie temporar\u0103 de fotografii vechi, un tur ghidat al muzeului, anima\u0163ie pentru copii cu personaje medievale \u015fi concerte sus\u0163inute de Amna, Alina Eremia \u015fi 3 SUD EST. Acestea sunt o parte din ceea ce se va \u00eent\u00e2mpla ast\u0103zi, la Zilele Municipiului Sebe\u015f, unde povestea a \u00eenceput de joi seara.<\/strong><\/p>\n<p>Dac\u0103 joi seara, cei prezen\u0163i au puutut vedea un mic spectacol, cu scenete, simul\u0103ri de lupt\u0103, dansuri medievale, pentru ziua de vineri organizatorii au preg\u0103tit alte surprize la fel de frumoase. \u00cencep\u00e2nd cu ora 10.00 sunte\u0163i a\u015ftepta\u0163i pe &#8222;Uli\u0163a me\u015fte\u015fugarilor&#8221;, continu\u00e2nd s\u0103 vede\u0163i o serie de expozi\u0163ii \u015fi momente artistice de neuitat.<\/p>\n<p><em>\u201eLume, lume, v\u0103 poftim s\u0103 v\u0103-ndrepta\u021bi pa\u0219ii spre Uli\u021ba me\u0219te\u0219ugarilor, vineri, \u00een cea de-a 18-a zi a lunii lui Gustar, anul Domnului 2017, c\u00e2nd clopotul din turnul bisericii sa\u0219ilor va bate ceasurile 10! Un m\u00e2ndru staroste v\u0103 va-ndemna cu me\u0219te\u0219ugite vorbe s\u0103 trece\u021bi pragul fiec\u0103rui me\u0219ter, s\u0103 intra\u021bi \u00eentr-o lume a minunilor arhaice \u00een care lemnul, \u0219i fierul, \u0219i lutul, se las\u0103 supuse apei, \u0219i focului, se las\u0103 vr\u0103jite de m\u00e2na omului. <\/em><\/p>\n<p><em>Veni\u021bi cu to\u021bii s\u0103 vede\u021bi cum \u00eenflore\u0219te iia, cum ia form\u0103 p\u0103l\u0103ria, cum se \u021bese lepedeul, cum se modeleaz\u0103 pleul, o hain\u0103 cum se croie\u0219te, un pantof cum se tocme\u0219te. \u00ce\u021bi vedea cum o ulcic\u0103 dintre palme se ridic\u0103, ori cum de sub pensul\u0103 ori dalt\u0103, o icoan\u0103 se-arat\u0103. \u0218i dac\u0103 ve\u021bi osteni, \u00een Odaia bunicilor ve\u021bi g\u0103si lini\u0219te adus\u0103 tocmai de la cap\u0103tul Timpului, \u0219i arom\u0103 de gutui \u0219i mere, ve\u021bi putea r\u0103sfoi o carte de \u00eenv\u0103\u021b\u0103tur\u0103 veche de c\u00e2nd lumea, ve\u021bi privi fotografii alb-negru, ve\u021bi \u021bine \u00een m\u00e2n\u0103 un ceaslov sau m\u0103t\u0103niile bunicilor. <\/em><\/p>\n<p><em>Al\u0103turi, ve\u021bi g\u0103si \u0219i Cuf\u0103rul bunicii. \u00cendr\u0103zni\u021bi a-l deschide ca s\u0103 trage\u021bi cu coada ochiului la comorile din el! \u0218i de vi se face dor de frumuse\u021bea c\u00e2mpului, pofti\u021bi de intra\u021bi \u0219i \u00een Casa cu flori, s\u0103 lua\u021bi \u00een suflet parfum, culori \u0219i z\u00e2mbete! \u0218i de la flori, pa\u0219ii v-or duce \u00een c\u0103su\u021ba mierii, unde omul a \u00eenchis \u00een borcane aur dulce. <\/em><\/p>\n<p><em>S\u0103 nu cumva s\u0103 ocoli\u021bi nici odaia sa\u0219ilor, c\u0103 m\u0103iestrite foarte sunt toate lucrurile lor! G\u00e2ndi\u021bi c\u0103 doar at\u00e2t pute\u021bi vedea pe Uli\u021ba me\u0219te\u0219ugarilor?? Ba multe \u0219i faine tare v\u0103 mai a\u0219teapt\u0103! S\u0103 nu cumva s\u0103 nu pofti\u021bi pe la noi, c\u0103 ne-om m\u0103nia!\u201d,<\/em> transmit organizatorii.<\/p>\n<p>Dup\u0103-amiaza, distrac\u0163ia se mut\u0103 la scena din Parcul Arini, unde v\u0103 ve\u0163i \u00eent\u00e2lni cu Giulia Medrea, Denisa Moga, Our Band, Green Line \u015fi Nexxt Band, arti\u015fti \u015fi trupe pop rock locale. Ziua va fi \u00eencheiat\u0103 de Amna, Alina Eremia \u015fi 3 SUD EST, care v\u0103 a\u015fteapt\u0103 s\u0103 v\u0103 distra\u0163i al\u0103turi de ei.<\/p>\n<p>Vezi \u015fi: <a href=\"https:\/\/urbeamea.ro\/albaiulia\/video-18-20-august-zilele-municipiului-sebes-alina-eremia-si-3sudest-isi-asteapta-fanii-sa-cante-si-sa-se-distreze-impreuna\/\">VIDEO: 18-20 august, Zilele Municipiului Sebe\u015f. Alina Eremia \u015fi 3 SUDEST \u00ee\u015fi a\u015fteapt\u0103 fanii s\u0103 c\u00e2nte \u015fi s\u0103 se distreze \u00eempreun\u0103<\/a><\/p>\n<p><strong>VINERI, 18 august 2017<\/strong><\/p>\n<p><strong>Ora 10.00<\/strong>\u00a0\u2013 Pia\u021ba Prim\u0103riei, centrul municipiului<\/p>\n<p>\u201dUli\u021ba me\u0219e\u0219ugarilor\u201e. Expozi\u021bie de me\u0219te\u0219uguri tradi\u021bionale, demonstra\u021bii, t\u00e2rg de produse tradi\u021bionale<\/p>\n<p>Moment artistic. Partener \u2013 Asocia\u021bia GISAS<\/p>\n<p><strong>Ora 11.00<\/strong>\u00a0\u2013 Muzeul Municipal \u201eIoan Raica\u201e<\/p>\n<p>\u201dSebe\u0219ul \u00een imagini de epoc\u0103\u201d \u2013 expozi\u021bie temporar\u0103 de fotografii vechi<\/p>\n<p>\u201dAdev\u0103r \u0219i legend\u0103 despre blazonul Municipiului Sebe\u0219 \u2013 leul ca simbol harldic\u201d, tur ghidat al muzeului<\/p>\n<p><strong>Ora 12.00<\/strong>\u00a0\u2013 Centrul Cultural \u201eLucian Blaga\u201d \u2013 expozi\u021bie de art\u0103 plastic\u0103, vernisaj<\/p>\n<p><strong>Ora 16.00<\/strong>\u00a0\u2013 \u00een Parcul Arini: Anima\u021bie pentru copii cu personaje medievale \u2013 Trupa Skepsis<\/p>\n<p>Dansuri \u0219i muzic\u0103 medieval\u0103<\/p>\n<p>Buc\u0103t\u0103rie medieval\u0103<\/p>\n<p><strong>Ora 17.00<\/strong>\u00a0\u2013 scen\u0103 Parcul Arini<\/p>\n<p>Concerte ale arti\u0219tilor \u0219i trupelor pop rock locale: Giulia Medrea, Denisa Moga, Our Band, Green Line, Nexxt Band<\/p>\n<p>Momente artistice de dans sportiv \u0219i modern cu Fantasy Dance (coregraf Ema \u0218alapi) \u0219i Clubul Samara (coregraf Elena Damian)<\/p>\n<p><strong>Ora 19.00<\/strong>\u00a0\u2013 scen\u0103 Parcul Arini<\/p>\n<p>Anima\u021bie: MC Kotto<\/p>\n<p><strong>Concerte: AMNA, Alina Eremia, 3 SUDEST<\/strong><\/p>\n","protected":false},"excerpt":{"rendered":"<p>Expozi\u021bie de me\u0219te\u0219uguri tradi\u021bionale, demonstra\u021bii, t\u00e2rg de produse tradi\u021bionale, expozi\u021bie temporar\u0103 de fotografii vechi, un tur ghidat al muzeului, anima\u0163ie pentru copii cu personaje medievale \u015fi concerte sus\u0163inute de Amna, Alina Eremia \u015fi 3 SUD EST. Acestea sunt o parte din ceea ce se va \u00eent\u00e2mpla ast\u0103zi, la Zilele Municipiului Sebe\u015f, unde povestea a \u00eenceput &hellip;<\/p>\n","protected":false},"author":17,"featured_media":51233,"comment_status":"open","ping_status":"open","sticky":false,"template":"","format":"standard","meta":{"inline_featured_image":false,"footnotes":""},"categories":[4],"tags":[11917,307,1140,11916,12182,1238,12180,1088,12179,12181,8981,9060,308,12183,12141,76,11914],"class_list":["post-51232","post","type-post","status-publish","format-standard","has-post-thumbnail","hentry","category-eveniment","tag-3-sudest","tag-alba","tag-alina-eremia","tag-amna","tag-artisti-locali","tag-concerte","tag-denisa-moga","tag-expozitii","tag-giulia-medrea","tag-green-line","tag-nexxt-band","tag-our-band","tag-stiri","tag-trupe-locale","tag-ulita-mestesugarilor","tag-urbea-mea","tag-zilele-municipiului-sebes"],"yoast_head":"<!-- This site is optimized with the Yoast SEO plugin v28.3 - https:\/\/yoast.com\/product\/yoast-seo-wordpress\/ -->\n<title>Ast\u0103zi: Povestea continu\u0103 la Zilele Municipiului Sebe\u015f: &quot;Uli\u0163a me\u015fte\u015fugarilor&quot;, momente artistice \u015fi concerte sus\u0163inute de Amna, Alina Eremia \u015fi 3 SUDEST - Revista Urbea Mea - Revista de Alba<\/title>\n<meta name=\"description\" content=\"Expozi\u021bie de me\u0219te\u0219uguri tradi\u021bionale, demonstra\u021bii, t\u00e2rg de produse tradi\u021bionale, expozi\u021bie temporar\u0103 de fotografii vechi, un tur ghidat al muzeului,\" \/>\n<meta name=\"robots\" content=\"index, follow, max-snippet:-1, max-image-preview:large, max-video-preview:-1\" \/>\n<link rel=\"canonical\" href=\"https:\/\/urbeamea.ro\/albaiulia\/astazi-povestea-continua-la-zilele-municipiului-sebes-ulita-mestesugarilor-momente-artistice-si-concerte-sustinute-de-amna-alina-eremia-si-3-sudest\/\" \/>\n<meta name=\"twitter:card\" content=\"summary_large_image\" \/>\n<meta name=\"twitter:title\" content=\"Ast\u0103zi: Povestea continu\u0103 la Zilele Municipiului Sebe\u015f: &quot;Uli\u0163a me\u015fte\u015fugarilor&quot;, momente artistice \u015fi concerte sus\u0163inute de Amna, Alina Eremia \u015fi 3 SUDEST - Revista Urbea Mea - Revista de Alba\" \/>\n<meta name=\"twitter:description\" content=\"Expozi\u021bie de me\u0219te\u0219uguri tradi\u021bionale, demonstra\u021bii, t\u00e2rg de produse tradi\u021bionale, expozi\u021bie temporar\u0103 de fotografii vechi, un tur ghidat al muzeului,\" \/>\n<meta name=\"twitter:image\" content=\"https:\/\/urbeamea.ro\/albaiulia\/wp-content\/uploads\/2017\/08\/collage-2017-08-18.jpg\" \/>\n<meta name=\"twitter:creator\" content=\"@urbeameaweb\" \/>\n<meta name=\"twitter:site\" content=\"@urbeameaweb\" \/>\n<script type=\"application\/ld+json\" class=\"yoast-schema-graph\">{\"@context\":\"https:\\\/\\\/schema.org\",\"@graph\":[{\"@type\":\"Article\",\"@id\":\"https:\\\/\\\/urbeamea.ro\\\/albaiulia\\\/astazi-povestea-continua-la-zilele-municipiului-sebes-ulita-mestesugarilor-momente-artistice-si-concerte-sustinute-de-amna-alina-eremia-si-3-sudest\\\/#article\",\"isPartOf\":{\"@id\":\"https:\\\/\\\/urbeamea.ro\\\/albaiulia\\\/astazi-povestea-continua-la-zilele-municipiului-sebes-ulita-mestesugarilor-momente-artistice-si-concerte-sustinute-de-amna-alina-eremia-si-3-sudest\\\/\"},\"author\":{\"name\":\"Cristina Ganga\",\"@id\":\"https:\\\/\\\/urbeamea.ro\\\/albaiulia\\\/#\\\/schema\\\/person\\\/9700d21fae21c4f038b0b56f4506264a\"},\"headline\":\"Ast\u0103zi: Povestea continu\u0103 la Zilele Municipiului Sebe\u015f: &#8222;Uli\u0163a me\u015fte\u015fugarilor&#8221;, momente artistice \u015fi concerte sus\u0163inute de Amna, Alina Eremia \u015fi 3 SUDEST\",\"datePublished\":\"2017-08-18T05:57:39+00:00\",\"mainEntityOfPage\":{\"@id\":\"https:\\\/\\\/urbeamea.ro\\\/albaiulia\\\/astazi-povestea-continua-la-zilele-municipiului-sebes-ulita-mestesugarilor-momente-artistice-si-concerte-sustinute-de-amna-alina-eremia-si-3-sudest\\\/\"},\"wordCount\":738,\"commentCount\":0,\"image\":{\"@id\":\"https:\\\/\\\/urbeamea.ro\\\/albaiulia\\\/astazi-povestea-continua-la-zilele-municipiului-sebes-ulita-mestesugarilor-momente-artistice-si-concerte-sustinute-de-amna-alina-eremia-si-3-sudest\\\/#primaryimage\"},\"thumbnailUrl\":\"https:\\\/\\\/urbeamea.ro\\\/albaiulia\\\/wp-content\\\/uploads\\\/2017\\\/08\\\/collage-2017-08-18.jpg\",\"keywords\":[\"3 SUDEST\",\"alba\",\"alina eremia\",\"amna\",\"artisti locali\",\"concerte\",\"Denisa Moga\",\"expozitii\",\"Giulia Medrea\",\"Green Line\",\"nexxt band\",\"our band\",\"stiri\",\"trupe locale\",\"ulita mestesugarilor\",\"Urbea Mea\",\"zilele municipiului sebes\"],\"articleSection\":[\"Evenimente\"],\"inLanguage\":\"ro-RO\",\"potentialAction\":[{\"@type\":\"CommentAction\",\"name\":\"Comment\",\"target\":[\"https:\\\/\\\/urbeamea.ro\\\/albaiulia\\\/astazi-povestea-continua-la-zilele-municipiului-sebes-ulita-mestesugarilor-momente-artistice-si-concerte-sustinute-de-amna-alina-eremia-si-3-sudest\\\/#respond\"]}]},{\"@type\":\"WebPage\",\"@id\":\"https:\\\/\\\/urbeamea.ro\\\/albaiulia\\\/astazi-povestea-continua-la-zilele-municipiului-sebes-ulita-mestesugarilor-momente-artistice-si-concerte-sustinute-de-amna-alina-eremia-si-3-sudest\\\/\",\"url\":\"https:\\\/\\\/urbeamea.ro\\\/albaiulia\\\/astazi-povestea-continua-la-zilele-municipiului-sebes-ulita-mestesugarilor-momente-artistice-si-concerte-sustinute-de-amna-alina-eremia-si-3-sudest\\\/\",\"name\":\"Ast\u0103zi: Povestea continu\u0103 la Zilele Municipiului Sebe\u015f: \\\"Uli\u0163a me\u015fte\u015fugarilor\\\", momente artistice \u015fi concerte sus\u0163inute de Amna, Alina Eremia \u015fi 3 SUDEST - Revista Urbea Mea - Revista de Alba\",\"isPartOf\":{\"@id\":\"https:\\\/\\\/urbeamea.ro\\\/albaiulia\\\/#website\"},\"primaryImageOfPage\":{\"@id\":\"https:\\\/\\\/urbeamea.ro\\\/albaiulia\\\/astazi-povestea-continua-la-zilele-municipiului-sebes-ulita-mestesugarilor-momente-artistice-si-concerte-sustinute-de-amna-alina-eremia-si-3-sudest\\\/#primaryimage\"},\"image\":{\"@id\":\"https:\\\/\\\/urbeamea.ro\\\/albaiulia\\\/astazi-povestea-continua-la-zilele-municipiului-sebes-ulita-mestesugarilor-momente-artistice-si-concerte-sustinute-de-amna-alina-eremia-si-3-sudest\\\/#primaryimage\"},\"thumbnailUrl\":\"https:\\\/\\\/urbeamea.ro\\\/albaiulia\\\/wp-content\\\/uploads\\\/2017\\\/08\\\/collage-2017-08-18.jpg\",\"datePublished\":\"2017-08-18T05:57:39+00:00\",\"author\":{\"@id\":\"https:\\\/\\\/urbeamea.ro\\\/albaiulia\\\/#\\\/schema\\\/person\\\/9700d21fae21c4f038b0b56f4506264a\"},\"description\":\"Expozi\u021bie de me\u0219te\u0219uguri tradi\u021bionale, demonstra\u021bii, t\u00e2rg de produse tradi\u021bionale, expozi\u021bie temporar\u0103 de fotografii vechi, un tur ghidat al muzeului,\",\"breadcrumb\":{\"@id\":\"https:\\\/\\\/urbeamea.ro\\\/albaiulia\\\/astazi-povestea-continua-la-zilele-municipiului-sebes-ulita-mestesugarilor-momente-artistice-si-concerte-sustinute-de-amna-alina-eremia-si-3-sudest\\\/#breadcrumb\"},\"inLanguage\":\"ro-RO\",\"potentialAction\":[{\"@type\":\"ReadAction\",\"target\":[\"https:\\\/\\\/urbeamea.ro\\\/albaiulia\\\/astazi-povestea-continua-la-zilele-municipiului-sebes-ulita-mestesugarilor-momente-artistice-si-concerte-sustinute-de-amna-alina-eremia-si-3-sudest\\\/\"]}]},{\"@type\":\"ImageObject\",\"inLanguage\":\"ro-RO\",\"@id\":\"https:\\\/\\\/urbeamea.ro\\\/albaiulia\\\/astazi-povestea-continua-la-zilele-municipiului-sebes-ulita-mestesugarilor-momente-artistice-si-concerte-sustinute-de-amna-alina-eremia-si-3-sudest\\\/#primaryimage\",\"url\":\"https:\\\/\\\/urbeamea.ro\\\/albaiulia\\\/wp-content\\\/uploads\\\/2017\\\/08\\\/collage-2017-08-18.jpg\",\"contentUrl\":\"https:\\\/\\\/urbeamea.ro\\\/albaiulia\\\/wp-content\\\/uploads\\\/2017\\\/08\\\/collage-2017-08-18.jpg\",\"width\":1024,\"height\":768},{\"@type\":\"BreadcrumbList\",\"@id\":\"https:\\\/\\\/urbeamea.ro\\\/albaiulia\\\/astazi-povestea-continua-la-zilele-municipiului-sebes-ulita-mestesugarilor-momente-artistice-si-concerte-sustinute-de-amna-alina-eremia-si-3-sudest\\\/#breadcrumb\",\"itemListElement\":[{\"@type\":\"ListItem\",\"position\":1,\"name\":\"Prima pagin\u0103\",\"item\":\"https:\\\/\\\/urbeamea.ro\\\/albaiulia\\\/\"},{\"@type\":\"ListItem\",\"position\":2,\"name\":\"Ast\u0103zi: Povestea continu\u0103 la Zilele Municipiului Sebe\u015f: &#8222;Uli\u0163a me\u015fte\u015fugarilor&#8221;, momente artistice \u015fi concerte sus\u0163inute de Amna, Alina Eremia \u015fi 3 SUDEST\"}]},{\"@type\":\"WebSite\",\"@id\":\"https:\\\/\\\/urbeamea.ro\\\/albaiulia\\\/#website\",\"url\":\"https:\\\/\\\/urbeamea.ro\\\/albaiulia\\\/\",\"name\":\"Revista Urbea Mea, Stiri urbane\",\"description\":\"Evenimente \u0219i \u0219tiri din Alba Iulia, Sebe\u0219, Aiud, Blaj\",\"potentialAction\":[{\"@type\":\"SearchAction\",\"target\":{\"@type\":\"EntryPoint\",\"urlTemplate\":\"https:\\\/\\\/urbeamea.ro\\\/albaiulia\\\/?s={search_term_string}\"},\"query-input\":{\"@type\":\"PropertyValueSpecification\",\"valueRequired\":true,\"valueName\":\"search_term_string\"}}],\"inLanguage\":\"ro-RO\"},{\"@type\":\"Person\",\"@id\":\"https:\\\/\\\/urbeamea.ro\\\/albaiulia\\\/#\\\/schema\\\/person\\\/9700d21fae21c4f038b0b56f4506264a\",\"name\":\"Cristina Ganga\",\"image\":{\"@type\":\"ImageObject\",\"inLanguage\":\"ro-RO\",\"@id\":\"https:\\\/\\\/secure.gravatar.com\\\/avatar\\\/5a67661041f057b4a8ccaf26f5a8e86e2689372006d01faf3dd9eeb10b654bb4?s=96&d=mm&r=g\",\"url\":\"https:\\\/\\\/secure.gravatar.com\\\/avatar\\\/5a67661041f057b4a8ccaf26f5a8e86e2689372006d01faf3dd9eeb10b654bb4?s=96&d=mm&r=g\",\"contentUrl\":\"https:\\\/\\\/secure.gravatar.com\\\/avatar\\\/5a67661041f057b4a8ccaf26f5a8e86e2689372006d01faf3dd9eeb10b654bb4?s=96&d=mm&r=g\",\"caption\":\"Cristina Ganga\"},\"description\":\"Jurnalist\",\"sameAs\":[\"https:\\\/\\\/www.facebook.com\\\/cristina.nicola.587\"],\"url\":\"https:\\\/\\\/urbeamea.ro\\\/albaiulia\\\/author\\\/cristina-nicola\\\/\"}]}<\/script>\n<!-- \/ Yoast SEO plugin. -->","yoast_head_json":{"title":"Ast\u0103zi: Povestea continu\u0103 la Zilele Municipiului Sebe\u015f: \"Uli\u0163a me\u015fte\u015fugarilor\", momente artistice \u015fi concerte sus\u0163inute de Amna, Alina Eremia \u015fi 3 SUDEST - Revista Urbea Mea - Revista de Alba","description":"Expozi\u021bie de me\u0219te\u0219uguri tradi\u021bionale, demonstra\u021bii, t\u00e2rg de produse tradi\u021bionale, expozi\u021bie temporar\u0103 de fotografii vechi, un tur ghidat al muzeului,","robots":{"index":"index","follow":"follow","max-snippet":"max-snippet:-1","max-image-preview":"max-image-preview:large","max-video-preview":"max-video-preview:-1"},"canonical":"https:\/\/urbeamea.ro\/albaiulia\/astazi-povestea-continua-la-zilele-municipiului-sebes-ulita-mestesugarilor-momente-artistice-si-concerte-sustinute-de-amna-alina-eremia-si-3-sudest\/","twitter_card":"summary_large_image","twitter_title":"Ast\u0103zi: Povestea continu\u0103 la Zilele Municipiului Sebe\u015f: \"Uli\u0163a me\u015fte\u015fugarilor\", momente artistice \u015fi concerte sus\u0163inute de Amna, Alina Eremia \u015fi 3 SUDEST - Revista Urbea Mea - Revista de Alba","twitter_description":"Expozi\u021bie de me\u0219te\u0219uguri tradi\u021bionale, demonstra\u021bii, t\u00e2rg de produse tradi\u021bionale, expozi\u021bie temporar\u0103 de fotografii vechi, un tur ghidat al muzeului,","twitter_image":"https:\/\/urbeamea.ro\/albaiulia\/wp-content\/uploads\/2017\/08\/collage-2017-08-18.jpg","twitter_creator":"@urbeameaweb","twitter_site":"@urbeameaweb","schema":{"@context":"https:\/\/schema.org","@graph":[{"@type":"Article","@id":"https:\/\/urbeamea.ro\/albaiulia\/astazi-povestea-continua-la-zilele-municipiului-sebes-ulita-mestesugarilor-momente-artistice-si-concerte-sustinute-de-amna-alina-eremia-si-3-sudest\/#article","isPartOf":{"@id":"https:\/\/urbeamea.ro\/albaiulia\/astazi-povestea-continua-la-zilele-municipiului-sebes-ulita-mestesugarilor-momente-artistice-si-concerte-sustinute-de-amna-alina-eremia-si-3-sudest\/"},"author":{"name":"Cristina Ganga","@id":"https:\/\/urbeamea.ro\/albaiulia\/#\/schema\/person\/9700d21fae21c4f038b0b56f4506264a"},"headline":"Ast\u0103zi: Povestea continu\u0103 la Zilele Municipiului Sebe\u015f: &#8222;Uli\u0163a me\u015fte\u015fugarilor&#8221;, momente artistice \u015fi concerte sus\u0163inute de Amna, Alina Eremia \u015fi 3 SUDEST","datePublished":"2017-08-18T05:57:39+00:00","mainEntityOfPage":{"@id":"https:\/\/urbeamea.ro\/albaiulia\/astazi-povestea-continua-la-zilele-municipiului-sebes-ulita-mestesugarilor-momente-artistice-si-concerte-sustinute-de-amna-alina-eremia-si-3-sudest\/"},"wordCount":738,"commentCount":0,"image":{"@id":"https:\/\/urbeamea.ro\/albaiulia\/astazi-povestea-continua-la-zilele-municipiului-sebes-ulita-mestesugarilor-momente-artistice-si-concerte-sustinute-de-amna-alina-eremia-si-3-sudest\/#primaryimage"},"thumbnailUrl":"https:\/\/urbeamea.ro\/albaiulia\/wp-content\/uploads\/2017\/08\/collage-2017-08-18.jpg","keywords":["3 SUDEST","alba","alina eremia","amna","artisti locali","concerte","Denisa Moga","expozitii","Giulia Medrea","Green Line","nexxt band","our band","stiri","trupe locale","ulita mestesugarilor","Urbea Mea","zilele municipiului sebes"],"articleSection":["Evenimente"],"inLanguage":"ro-RO","potentialAction":[{"@type":"CommentAction","name":"Comment","target":["https:\/\/urbeamea.ro\/albaiulia\/astazi-povestea-continua-la-zilele-municipiului-sebes-ulita-mestesugarilor-momente-artistice-si-concerte-sustinute-de-amna-alina-eremia-si-3-sudest\/#respond"]}]},{"@type":"WebPage","@id":"https:\/\/urbeamea.ro\/albaiulia\/astazi-povestea-continua-la-zilele-municipiului-sebes-ulita-mestesugarilor-momente-artistice-si-concerte-sustinute-de-amna-alina-eremia-si-3-sudest\/","url":"https:\/\/urbeamea.ro\/albaiulia\/astazi-povestea-continua-la-zilele-municipiului-sebes-ulita-mestesugarilor-momente-artistice-si-concerte-sustinute-de-amna-alina-eremia-si-3-sudest\/","name":"Ast\u0103zi: Povestea continu\u0103 la Zilele Municipiului Sebe\u015f: \"Uli\u0163a me\u015fte\u015fugarilor\", momente artistice \u015fi concerte sus\u0163inute de Amna, Alina Eremia \u015fi 3 SUDEST - Revista Urbea Mea - Revista de Alba","isPartOf":{"@id":"https:\/\/urbeamea.ro\/albaiulia\/#website"},"primaryImageOfPage":{"@id":"https:\/\/urbeamea.ro\/albaiulia\/astazi-povestea-continua-la-zilele-municipiului-sebes-ulita-mestesugarilor-momente-artistice-si-concerte-sustinute-de-amna-alina-eremia-si-3-sudest\/#primaryimage"},"image":{"@id":"https:\/\/urbeamea.ro\/albaiulia\/astazi-povestea-continua-la-zilele-municipiului-sebes-ulita-mestesugarilor-momente-artistice-si-concerte-sustinute-de-amna-alina-eremia-si-3-sudest\/#primaryimage"},"thumbnailUrl":"https:\/\/urbeamea.ro\/albaiulia\/wp-content\/uploads\/2017\/08\/collage-2017-08-18.jpg","datePublished":"2017-08-18T05:57:39+00:00","author":{"@id":"https:\/\/urbeamea.ro\/albaiulia\/#\/schema\/person\/9700d21fae21c4f038b0b56f4506264a"},"description":"Expozi\u021bie de me\u0219te\u0219uguri tradi\u021bionale, demonstra\u021bii, t\u00e2rg de produse tradi\u021bionale, expozi\u021bie temporar\u0103 de fotografii vechi, un tur ghidat al muzeului,","breadcrumb":{"@id":"https:\/\/urbeamea.ro\/albaiulia\/astazi-povestea-continua-la-zilele-municipiului-sebes-ulita-mestesugarilor-momente-artistice-si-concerte-sustinute-de-amna-alina-eremia-si-3-sudest\/#breadcrumb"},"inLanguage":"ro-RO","potentialAction":[{"@type":"ReadAction","target":["https:\/\/urbeamea.ro\/albaiulia\/astazi-povestea-continua-la-zilele-municipiului-sebes-ulita-mestesugarilor-momente-artistice-si-concerte-sustinute-de-amna-alina-eremia-si-3-sudest\/"]}]},{"@type":"ImageObject","inLanguage":"ro-RO","@id":"https:\/\/urbeamea.ro\/albaiulia\/astazi-povestea-continua-la-zilele-municipiului-sebes-ulita-mestesugarilor-momente-artistice-si-concerte-sustinute-de-amna-alina-eremia-si-3-sudest\/#primaryimage","url":"https:\/\/urbeamea.ro\/albaiulia\/wp-content\/uploads\/2017\/08\/collage-2017-08-18.jpg","contentUrl":"https:\/\/urbeamea.ro\/albaiulia\/wp-content\/uploads\/2017\/08\/collage-2017-08-18.jpg","width":1024,"height":768},{"@type":"BreadcrumbList","@id":"https:\/\/urbeamea.ro\/albaiulia\/astazi-povestea-continua-la-zilele-municipiului-sebes-ulita-mestesugarilor-momente-artistice-si-concerte-sustinute-de-amna-alina-eremia-si-3-sudest\/#breadcrumb","itemListElement":[{"@type":"ListItem","position":1,"name":"Prima pagin\u0103","item":"https:\/\/urbeamea.ro\/albaiulia\/"},{"@type":"ListItem","position":2,"name":"Ast\u0103zi: Povestea continu\u0103 la Zilele Municipiului Sebe\u015f: &#8222;Uli\u0163a me\u015fte\u015fugarilor&#8221;, momente artistice \u015fi concerte sus\u0163inute de Amna, Alina Eremia \u015fi 3 SUDEST"}]},{"@type":"WebSite","@id":"https:\/\/urbeamea.ro\/albaiulia\/#website","url":"https:\/\/urbeamea.ro\/albaiulia\/","name":"Revista Urbea Mea, Stiri urbane","description":"Evenimente \u0219i \u0219tiri din Alba Iulia, Sebe\u0219, Aiud, Blaj","potentialAction":[{"@type":"SearchAction","target":{"@type":"EntryPoint","urlTemplate":"https:\/\/urbeamea.ro\/albaiulia\/?s={search_term_string}"},"query-input":{"@type":"PropertyValueSpecification","valueRequired":true,"valueName":"search_term_string"}}],"inLanguage":"ro-RO"},{"@type":"Person","@id":"https:\/\/urbeamea.ro\/albaiulia\/#\/schema\/person\/9700d21fae21c4f038b0b56f4506264a","name":"Cristina Ganga","image":{"@type":"ImageObject","inLanguage":"ro-RO","@id":"https:\/\/secure.gravatar.com\/avatar\/5a67661041f057b4a8ccaf26f5a8e86e2689372006d01faf3dd9eeb10b654bb4?s=96&d=mm&r=g","url":"https:\/\/secure.gravatar.com\/avatar\/5a67661041f057b4a8ccaf26f5a8e86e2689372006d01faf3dd9eeb10b654bb4?s=96&d=mm&r=g","contentUrl":"https:\/\/secure.gravatar.com\/avatar\/5a67661041f057b4a8ccaf26f5a8e86e2689372006d01faf3dd9eeb10b654bb4?s=96&d=mm&r=g","caption":"Cristina Ganga"},"description":"Jurnalist","sameAs":["https:\/\/www.facebook.com\/cristina.nicola.587"],"url":"https:\/\/urbeamea.ro\/albaiulia\/author\/cristina-nicola\/"}]}},"_links":{"self":[{"href":"https:\/\/urbeamea.ro\/albaiulia\/wp-json\/wp\/v2\/posts\/51232","targetHints":{"allow":["GET"]}}],"collection":[{"href":"https:\/\/urbeamea.ro\/albaiulia\/wp-json\/wp\/v2\/posts"}],"about":[{"href":"https:\/\/urbeamea.ro\/albaiulia\/wp-json\/wp\/v2\/types\/post"}],"author":[{"embeddable":true,"href":"https:\/\/urbeamea.ro\/albaiulia\/wp-json\/wp\/v2\/users\/17"}],"replies":[{"embeddable":true,"href":"https:\/\/urbeamea.ro\/albaiulia\/wp-json\/wp\/v2\/comments?post=51232"}],"version-history":[{"count":0,"href":"https:\/\/urbeamea.ro\/albaiulia\/wp-json\/wp\/v2\/posts\/51232\/revisions"}],"wp:featuredmedia":[{"embeddable":true,"href":"https:\/\/urbeamea.ro\/albaiulia\/wp-json\/wp\/v2\/media\/51233"}],"wp:attachment":[{"href":"https:\/\/urbeamea.ro\/albaiulia\/wp-json\/wp\/v2\/media?parent=51232"}],"wp:term":[{"taxonomy":"category","embeddable":true,"href":"https:\/\/urbeamea.ro\/albaiulia\/wp-json\/wp\/v2\/categories?post=51232"},{"taxonomy":"post_tag","embeddable":true,"href":"https:\/\/urbeamea.ro\/albaiulia\/wp-json\/wp\/v2\/tags?post=51232"}],"curies":[{"name":"wp","href":"https:\/\/api.w.org\/{rel}","templated":true}]}}