{"id":51324,"date":"2017-08-22T17:30:13","date_gmt":"2017-08-22T14:30:13","guid":{"rendered":"https:\/\/urbeamea.ro\/albaiulia\/?p=51324"},"modified":"2017-08-22T17:30:13","modified_gmt":"2017-08-22T14:30:13","slug":"25-27-august-turneul-de-volei-de-plaja-alba-carolina-in-apropierea-portii-i-a-cetatii-din-alba-iulia","status":"publish","type":"post","link":"https:\/\/urbeamea.ro\/albaiulia\/25-27-august-turneul-de-volei-de-plaja-alba-carolina-in-apropierea-portii-i-a-cetatii-din-alba-iulia\/","title":{"rendered":"25-27 august: Turneul de Volei de Plaja \u2013 Alba Carolina, \u00een apropierea Por\u021bii I a Cet\u0103\u021bii din Alba Iulia"},"content":{"rendered":"<p><strong>Iubitorii sportului sunt a\u015ftepta\u0163i, \u00een perioada 25-27 august, la Alba Iulia, unde se va desf\u0103\u015fura a II-a edi\u0163ie a\u00a0 Turneului de Volei de Plaja \u2013 Alba Carolina, competi\u021bie rezervat\u0103 sportivilor amatori (nelegitima\u021bi). Evenimentul este organizat de ACS \u201eAlba Carolina Sport Team\u201d, cu sprijinul Universit\u0103\u021bii \u201e1 Decembrie 1918\u201d Alba Iulia \u0219i al Prim\u0103riei Municipiului Alba Iulia, av\u00e2nd sus\u021binerea Federa\u021biei Rom\u00e2ne de Volei.<br \/>\n<\/strong><\/p>\n<p>Evenimentul se va desf\u0103\u015fura \u00een imediata apropiere a Por\u021bii I-a a Cet\u0103\u021bii Alba Carolina, pe Strada Mihai Viteazul, Nr. 4.\u00a0Turneul se desf\u0103\u0219oar\u0103 dup\u0103 reglement\u0103rile FIVB \u00een vigoare.<\/p>\n<p>Competi\u021bia este organizat\u0103 \u00een dou\u0103 sec\u021biuni: Turneul Masculin \u2013 16 echipe \u0219i Turneul Feminin \u2013 10 echipe. Turneul se desf\u0103\u0219oar\u0103 \u00een sistemul \u201eDubla Eliminare\u201d.<\/p>\n<p>\u00censcrierile se efectueaz\u0103 trimi\u021b\u00e2nd un e-mail la adresa: alba_carolina_sport_team@y<wbr \/>ahoo.com \u00een care s\u0103 cuprinde\u021bi informa\u021bii legate de: Numele Echipei participante \u0219i al Componen\u021bilor ei, Ora\u0219ul de provenien\u021b\u0103 \u0219i Datele de contact.<\/p>\n<p>Informa\u021bii suplimentare pute\u021bi ob\u021bine de la Ducu Petrovici: 0722289235 sau Carmen Borsai: 0786530027. Locurile disponibile se vor ocupa \u00een ordinea \u00eenscrierii.<\/p>\n","protected":false},"excerpt":{"rendered":"<p>Iubitorii sportului sunt a\u015ftepta\u0163i, \u00een perioada 25-27 august, la Alba Iulia, unde se va desf\u0103\u015fura a II-a edi\u0163ie a\u00a0 Turneului de Volei de Plaja \u2013 Alba Carolina, competi\u021bie rezervat\u0103 sportivilor amatori (nelegitima\u021bi). Evenimentul este organizat de ACS \u201eAlba Carolina Sport Team\u201d, cu sprijinul Universit\u0103\u021bii \u201e1 Decembrie 1918\u201d Alba Iulia \u0219i al Prim\u0103riei Municipiului Alba Iulia, &hellip;<\/p>\n","protected":false},"author":17,"featured_media":51325,"comment_status":"open","ping_status":"open","sticky":false,"template":"","format":"standard","meta":{"inline_featured_image":false,"footnotes":""},"categories":[2037],"tags":[31,2304,12215,7250,308,12216,76],"class_list":["post-51324","post","type-post","status-publish","format-standard","has-post-thumbnail","hentry","category-sport","tag-alba-iulia","tag-inscrieri","tag-poarta-i-a-cetatii","tag-sportivi-amatori","tag-stiri","tag-turneul-de-volei-de-plaja-alba-carolina","tag-urbea-mea"],"yoast_head":"<!-- This site is optimized with the Yoast SEO plugin v28.3 - https:\/\/yoast.com\/product\/yoast-seo-wordpress\/ -->\n<title>25-27 august: Turneul de Volei de Plaja \u2013 Alba Carolina, \u00een apropierea Por\u021bii I a Cet\u0103\u021bii din Alba Iulia - Revista Urbea Mea - Revista de Alba<\/title>\n<meta name=\"description\" content=\"Iubitorii sportului sunt a\u015ftepta\u0163i, \u00een perioada 25-27 august, la Alba Iulia, unde se va desf\u0103\u015fura a II-a edi\u0163ie a\u00a0 Turneului de Volei de Plaja \u2013 Alba\" \/>\n<meta name=\"robots\" content=\"index, follow, max-snippet:-1, max-image-preview:large, max-video-preview:-1\" \/>\n<link rel=\"canonical\" href=\"https:\/\/urbeamea.ro\/albaiulia\/25-27-august-turneul-de-volei-de-plaja-alba-carolina-in-apropierea-portii-i-a-cetatii-din-alba-iulia\/\" \/>\n<meta name=\"twitter:card\" content=\"summary_large_image\" \/>\n<meta name=\"twitter:title\" content=\"25-27 august: Turneul de Volei de Plaja \u2013 Alba Carolina, \u00een apropierea Por\u021bii I a Cet\u0103\u021bii din Alba Iulia - Revista Urbea Mea - Revista de Alba\" \/>\n<meta name=\"twitter:description\" content=\"Iubitorii sportului sunt a\u015ftepta\u0163i, \u00een perioada 25-27 august, la Alba Iulia, unde se va desf\u0103\u015fura a II-a edi\u0163ie a\u00a0 Turneului de Volei de Plaja \u2013 Alba\" \/>\n<meta name=\"twitter:image\" content=\"https:\/\/urbeamea.ro\/albaiulia\/wp-content\/uploads\/2017\/08\/beach-volleyball-tournament.jpg\" \/>\n<meta name=\"twitter:creator\" content=\"@urbeameaweb\" \/>\n<meta name=\"twitter:site\" content=\"@urbeameaweb\" \/>\n<script type=\"application\/ld+json\" class=\"yoast-schema-graph\">{\"@context\":\"https:\\\/\\\/schema.org\",\"@graph\":[{\"@type\":\"Article\",\"@id\":\"https:\\\/\\\/urbeamea.ro\\\/albaiulia\\\/25-27-august-turneul-de-volei-de-plaja-alba-carolina-in-apropierea-portii-i-a-cetatii-din-alba-iulia\\\/#article\",\"isPartOf\":{\"@id\":\"https:\\\/\\\/urbeamea.ro\\\/albaiulia\\\/25-27-august-turneul-de-volei-de-plaja-alba-carolina-in-apropierea-portii-i-a-cetatii-din-alba-iulia\\\/\"},\"author\":{\"name\":\"Cristina Ganga\",\"@id\":\"https:\\\/\\\/urbeamea.ro\\\/albaiulia\\\/#\\\/schema\\\/person\\\/9700d21fae21c4f038b0b56f4506264a\"},\"headline\":\"25-27 august: Turneul de Volei de Plaja \u2013 Alba Carolina, \u00een apropierea Por\u021bii I a Cet\u0103\u021bii din Alba Iulia\",\"datePublished\":\"2017-08-22T14:30:13+00:00\",\"mainEntityOfPage\":{\"@id\":\"https:\\\/\\\/urbeamea.ro\\\/albaiulia\\\/25-27-august-turneul-de-volei-de-plaja-alba-carolina-in-apropierea-portii-i-a-cetatii-din-alba-iulia\\\/\"},\"wordCount\":207,\"commentCount\":0,\"image\":{\"@id\":\"https:\\\/\\\/urbeamea.ro\\\/albaiulia\\\/25-27-august-turneul-de-volei-de-plaja-alba-carolina-in-apropierea-portii-i-a-cetatii-din-alba-iulia\\\/#primaryimage\"},\"thumbnailUrl\":\"https:\\\/\\\/urbeamea.ro\\\/albaiulia\\\/wp-content\\\/uploads\\\/2017\\\/08\\\/beach-volleyball-tournament.jpg\",\"keywords\":[\"Alba Iulia\",\"inscrieri\",\"poarta I a cetatii\",\"sportivi amatori\",\"stiri\",\"turneul de volei de plaja alba carolina\",\"Urbea Mea\"],\"articleSection\":[\"Sport\"],\"inLanguage\":\"ro-RO\",\"potentialAction\":[{\"@type\":\"CommentAction\",\"name\":\"Comment\",\"target\":[\"https:\\\/\\\/urbeamea.ro\\\/albaiulia\\\/25-27-august-turneul-de-volei-de-plaja-alba-carolina-in-apropierea-portii-i-a-cetatii-din-alba-iulia\\\/#respond\"]}]},{\"@type\":\"WebPage\",\"@id\":\"https:\\\/\\\/urbeamea.ro\\\/albaiulia\\\/25-27-august-turneul-de-volei-de-plaja-alba-carolina-in-apropierea-portii-i-a-cetatii-din-alba-iulia\\\/\",\"url\":\"https:\\\/\\\/urbeamea.ro\\\/albaiulia\\\/25-27-august-turneul-de-volei-de-plaja-alba-carolina-in-apropierea-portii-i-a-cetatii-din-alba-iulia\\\/\",\"name\":\"25-27 august: Turneul de Volei de Plaja \u2013 Alba Carolina, \u00een apropierea Por\u021bii I a Cet\u0103\u021bii din Alba Iulia - Revista Urbea Mea - Revista de Alba\",\"isPartOf\":{\"@id\":\"https:\\\/\\\/urbeamea.ro\\\/albaiulia\\\/#website\"},\"primaryImageOfPage\":{\"@id\":\"https:\\\/\\\/urbeamea.ro\\\/albaiulia\\\/25-27-august-turneul-de-volei-de-plaja-alba-carolina-in-apropierea-portii-i-a-cetatii-din-alba-iulia\\\/#primaryimage\"},\"image\":{\"@id\":\"https:\\\/\\\/urbeamea.ro\\\/albaiulia\\\/25-27-august-turneul-de-volei-de-plaja-alba-carolina-in-apropierea-portii-i-a-cetatii-din-alba-iulia\\\/#primaryimage\"},\"thumbnailUrl\":\"https:\\\/\\\/urbeamea.ro\\\/albaiulia\\\/wp-content\\\/uploads\\\/2017\\\/08\\\/beach-volleyball-tournament.jpg\",\"datePublished\":\"2017-08-22T14:30:13+00:00\",\"author\":{\"@id\":\"https:\\\/\\\/urbeamea.ro\\\/albaiulia\\\/#\\\/schema\\\/person\\\/9700d21fae21c4f038b0b56f4506264a\"},\"description\":\"Iubitorii sportului sunt a\u015ftepta\u0163i, \u00een perioada 25-27 august, la Alba Iulia, unde se va desf\u0103\u015fura a II-a edi\u0163ie a\u00a0 Turneului de Volei de Plaja \u2013 Alba\",\"breadcrumb\":{\"@id\":\"https:\\\/\\\/urbeamea.ro\\\/albaiulia\\\/25-27-august-turneul-de-volei-de-plaja-alba-carolina-in-apropierea-portii-i-a-cetatii-din-alba-iulia\\\/#breadcrumb\"},\"inLanguage\":\"ro-RO\",\"potentialAction\":[{\"@type\":\"ReadAction\",\"target\":[\"https:\\\/\\\/urbeamea.ro\\\/albaiulia\\\/25-27-august-turneul-de-volei-de-plaja-alba-carolina-in-apropierea-portii-i-a-cetatii-din-alba-iulia\\\/\"]}]},{\"@type\":\"ImageObject\",\"inLanguage\":\"ro-RO\",\"@id\":\"https:\\\/\\\/urbeamea.ro\\\/albaiulia\\\/25-27-august-turneul-de-volei-de-plaja-alba-carolina-in-apropierea-portii-i-a-cetatii-din-alba-iulia\\\/#primaryimage\",\"url\":\"https:\\\/\\\/urbeamea.ro\\\/albaiulia\\\/wp-content\\\/uploads\\\/2017\\\/08\\\/beach-volleyball-tournament.jpg\",\"contentUrl\":\"https:\\\/\\\/urbeamea.ro\\\/albaiulia\\\/wp-content\\\/uploads\\\/2017\\\/08\\\/beach-volleyball-tournament.jpg\",\"width\":960,\"height\":639},{\"@type\":\"BreadcrumbList\",\"@id\":\"https:\\\/\\\/urbeamea.ro\\\/albaiulia\\\/25-27-august-turneul-de-volei-de-plaja-alba-carolina-in-apropierea-portii-i-a-cetatii-din-alba-iulia\\\/#breadcrumb\",\"itemListElement\":[{\"@type\":\"ListItem\",\"position\":1,\"name\":\"Prima pagin\u0103\",\"item\":\"https:\\\/\\\/urbeamea.ro\\\/albaiulia\\\/\"},{\"@type\":\"ListItem\",\"position\":2,\"name\":\"25-27 august: Turneul de Volei de Plaja \u2013 Alba Carolina, \u00een apropierea Por\u021bii I a Cet\u0103\u021bii din Alba Iulia\"}]},{\"@type\":\"WebSite\",\"@id\":\"https:\\\/\\\/urbeamea.ro\\\/albaiulia\\\/#website\",\"url\":\"https:\\\/\\\/urbeamea.ro\\\/albaiulia\\\/\",\"name\":\"Revista Urbea Mea, Stiri urbane\",\"description\":\"Evenimente \u0219i \u0219tiri din Alba Iulia, Sebe\u0219, Aiud, Blaj\",\"potentialAction\":[{\"@type\":\"SearchAction\",\"target\":{\"@type\":\"EntryPoint\",\"urlTemplate\":\"https:\\\/\\\/urbeamea.ro\\\/albaiulia\\\/?s={search_term_string}\"},\"query-input\":{\"@type\":\"PropertyValueSpecification\",\"valueRequired\":true,\"valueName\":\"search_term_string\"}}],\"inLanguage\":\"ro-RO\"},{\"@type\":\"Person\",\"@id\":\"https:\\\/\\\/urbeamea.ro\\\/albaiulia\\\/#\\\/schema\\\/person\\\/9700d21fae21c4f038b0b56f4506264a\",\"name\":\"Cristina Ganga\",\"image\":{\"@type\":\"ImageObject\",\"inLanguage\":\"ro-RO\",\"@id\":\"https:\\\/\\\/secure.gravatar.com\\\/avatar\\\/5a67661041f057b4a8ccaf26f5a8e86e2689372006d01faf3dd9eeb10b654bb4?s=96&d=mm&r=g\",\"url\":\"https:\\\/\\\/secure.gravatar.com\\\/avatar\\\/5a67661041f057b4a8ccaf26f5a8e86e2689372006d01faf3dd9eeb10b654bb4?s=96&d=mm&r=g\",\"contentUrl\":\"https:\\\/\\\/secure.gravatar.com\\\/avatar\\\/5a67661041f057b4a8ccaf26f5a8e86e2689372006d01faf3dd9eeb10b654bb4?s=96&d=mm&r=g\",\"caption\":\"Cristina Ganga\"},\"description\":\"Jurnalist\",\"sameAs\":[\"https:\\\/\\\/www.facebook.com\\\/cristina.nicola.587\"],\"url\":\"https:\\\/\\\/urbeamea.ro\\\/albaiulia\\\/author\\\/cristina-nicola\\\/\"}]}<\/script>\n<!-- \/ Yoast SEO plugin. -->","yoast_head_json":{"title":"25-27 august: Turneul de Volei de Plaja \u2013 Alba Carolina, \u00een apropierea Por\u021bii I a Cet\u0103\u021bii din Alba Iulia - Revista Urbea Mea - Revista de Alba","description":"Iubitorii sportului sunt a\u015ftepta\u0163i, \u00een perioada 25-27 august, la Alba Iulia, unde se va desf\u0103\u015fura a II-a edi\u0163ie a\u00a0 Turneului de Volei de Plaja \u2013 Alba","robots":{"index":"index","follow":"follow","max-snippet":"max-snippet:-1","max-image-preview":"max-image-preview:large","max-video-preview":"max-video-preview:-1"},"canonical":"https:\/\/urbeamea.ro\/albaiulia\/25-27-august-turneul-de-volei-de-plaja-alba-carolina-in-apropierea-portii-i-a-cetatii-din-alba-iulia\/","twitter_card":"summary_large_image","twitter_title":"25-27 august: Turneul de Volei de Plaja \u2013 Alba Carolina, \u00een apropierea Por\u021bii I a Cet\u0103\u021bii din Alba Iulia - Revista Urbea Mea - Revista de Alba","twitter_description":"Iubitorii sportului sunt a\u015ftepta\u0163i, \u00een perioada 25-27 august, la Alba Iulia, unde se va desf\u0103\u015fura a II-a edi\u0163ie a\u00a0 Turneului de Volei de Plaja \u2013 Alba","twitter_image":"https:\/\/urbeamea.ro\/albaiulia\/wp-content\/uploads\/2017\/08\/beach-volleyball-tournament.jpg","twitter_creator":"@urbeameaweb","twitter_site":"@urbeameaweb","schema":{"@context":"https:\/\/schema.org","@graph":[{"@type":"Article","@id":"https:\/\/urbeamea.ro\/albaiulia\/25-27-august-turneul-de-volei-de-plaja-alba-carolina-in-apropierea-portii-i-a-cetatii-din-alba-iulia\/#article","isPartOf":{"@id":"https:\/\/urbeamea.ro\/albaiulia\/25-27-august-turneul-de-volei-de-plaja-alba-carolina-in-apropierea-portii-i-a-cetatii-din-alba-iulia\/"},"author":{"name":"Cristina Ganga","@id":"https:\/\/urbeamea.ro\/albaiulia\/#\/schema\/person\/9700d21fae21c4f038b0b56f4506264a"},"headline":"25-27 august: Turneul de Volei de Plaja \u2013 Alba Carolina, \u00een apropierea Por\u021bii I a Cet\u0103\u021bii din Alba Iulia","datePublished":"2017-08-22T14:30:13+00:00","mainEntityOfPage":{"@id":"https:\/\/urbeamea.ro\/albaiulia\/25-27-august-turneul-de-volei-de-plaja-alba-carolina-in-apropierea-portii-i-a-cetatii-din-alba-iulia\/"},"wordCount":207,"commentCount":0,"image":{"@id":"https:\/\/urbeamea.ro\/albaiulia\/25-27-august-turneul-de-volei-de-plaja-alba-carolina-in-apropierea-portii-i-a-cetatii-din-alba-iulia\/#primaryimage"},"thumbnailUrl":"https:\/\/urbeamea.ro\/albaiulia\/wp-content\/uploads\/2017\/08\/beach-volleyball-tournament.jpg","keywords":["Alba Iulia","inscrieri","poarta I a cetatii","sportivi amatori","stiri","turneul de volei de plaja alba carolina","Urbea Mea"],"articleSection":["Sport"],"inLanguage":"ro-RO","potentialAction":[{"@type":"CommentAction","name":"Comment","target":["https:\/\/urbeamea.ro\/albaiulia\/25-27-august-turneul-de-volei-de-plaja-alba-carolina-in-apropierea-portii-i-a-cetatii-din-alba-iulia\/#respond"]}]},{"@type":"WebPage","@id":"https:\/\/urbeamea.ro\/albaiulia\/25-27-august-turneul-de-volei-de-plaja-alba-carolina-in-apropierea-portii-i-a-cetatii-din-alba-iulia\/","url":"https:\/\/urbeamea.ro\/albaiulia\/25-27-august-turneul-de-volei-de-plaja-alba-carolina-in-apropierea-portii-i-a-cetatii-din-alba-iulia\/","name":"25-27 august: Turneul de Volei de Plaja \u2013 Alba Carolina, \u00een apropierea Por\u021bii I a Cet\u0103\u021bii din Alba Iulia - Revista Urbea Mea - Revista de Alba","isPartOf":{"@id":"https:\/\/urbeamea.ro\/albaiulia\/#website"},"primaryImageOfPage":{"@id":"https:\/\/urbeamea.ro\/albaiulia\/25-27-august-turneul-de-volei-de-plaja-alba-carolina-in-apropierea-portii-i-a-cetatii-din-alba-iulia\/#primaryimage"},"image":{"@id":"https:\/\/urbeamea.ro\/albaiulia\/25-27-august-turneul-de-volei-de-plaja-alba-carolina-in-apropierea-portii-i-a-cetatii-din-alba-iulia\/#primaryimage"},"thumbnailUrl":"https:\/\/urbeamea.ro\/albaiulia\/wp-content\/uploads\/2017\/08\/beach-volleyball-tournament.jpg","datePublished":"2017-08-22T14:30:13+00:00","author":{"@id":"https:\/\/urbeamea.ro\/albaiulia\/#\/schema\/person\/9700d21fae21c4f038b0b56f4506264a"},"description":"Iubitorii sportului sunt a\u015ftepta\u0163i, \u00een perioada 25-27 august, la Alba Iulia, unde se va desf\u0103\u015fura a II-a edi\u0163ie a\u00a0 Turneului de Volei de Plaja \u2013 Alba","breadcrumb":{"@id":"https:\/\/urbeamea.ro\/albaiulia\/25-27-august-turneul-de-volei-de-plaja-alba-carolina-in-apropierea-portii-i-a-cetatii-din-alba-iulia\/#breadcrumb"},"inLanguage":"ro-RO","potentialAction":[{"@type":"ReadAction","target":["https:\/\/urbeamea.ro\/albaiulia\/25-27-august-turneul-de-volei-de-plaja-alba-carolina-in-apropierea-portii-i-a-cetatii-din-alba-iulia\/"]}]},{"@type":"ImageObject","inLanguage":"ro-RO","@id":"https:\/\/urbeamea.ro\/albaiulia\/25-27-august-turneul-de-volei-de-plaja-alba-carolina-in-apropierea-portii-i-a-cetatii-din-alba-iulia\/#primaryimage","url":"https:\/\/urbeamea.ro\/albaiulia\/wp-content\/uploads\/2017\/08\/beach-volleyball-tournament.jpg","contentUrl":"https:\/\/urbeamea.ro\/albaiulia\/wp-content\/uploads\/2017\/08\/beach-volleyball-tournament.jpg","width":960,"height":639},{"@type":"BreadcrumbList","@id":"https:\/\/urbeamea.ro\/albaiulia\/25-27-august-turneul-de-volei-de-plaja-alba-carolina-in-apropierea-portii-i-a-cetatii-din-alba-iulia\/#breadcrumb","itemListElement":[{"@type":"ListItem","position":1,"name":"Prima pagin\u0103","item":"https:\/\/urbeamea.ro\/albaiulia\/"},{"@type":"ListItem","position":2,"name":"25-27 august: Turneul de Volei de Plaja \u2013 Alba Carolina, \u00een apropierea Por\u021bii I a Cet\u0103\u021bii din Alba Iulia"}]},{"@type":"WebSite","@id":"https:\/\/urbeamea.ro\/albaiulia\/#website","url":"https:\/\/urbeamea.ro\/albaiulia\/","name":"Revista Urbea Mea, Stiri urbane","description":"Evenimente \u0219i \u0219tiri din Alba Iulia, Sebe\u0219, Aiud, Blaj","potentialAction":[{"@type":"SearchAction","target":{"@type":"EntryPoint","urlTemplate":"https:\/\/urbeamea.ro\/albaiulia\/?s={search_term_string}"},"query-input":{"@type":"PropertyValueSpecification","valueRequired":true,"valueName":"search_term_string"}}],"inLanguage":"ro-RO"},{"@type":"Person","@id":"https:\/\/urbeamea.ro\/albaiulia\/#\/schema\/person\/9700d21fae21c4f038b0b56f4506264a","name":"Cristina Ganga","image":{"@type":"ImageObject","inLanguage":"ro-RO","@id":"https:\/\/secure.gravatar.com\/avatar\/5a67661041f057b4a8ccaf26f5a8e86e2689372006d01faf3dd9eeb10b654bb4?s=96&d=mm&r=g","url":"https:\/\/secure.gravatar.com\/avatar\/5a67661041f057b4a8ccaf26f5a8e86e2689372006d01faf3dd9eeb10b654bb4?s=96&d=mm&r=g","contentUrl":"https:\/\/secure.gravatar.com\/avatar\/5a67661041f057b4a8ccaf26f5a8e86e2689372006d01faf3dd9eeb10b654bb4?s=96&d=mm&r=g","caption":"Cristina Ganga"},"description":"Jurnalist","sameAs":["https:\/\/www.facebook.com\/cristina.nicola.587"],"url":"https:\/\/urbeamea.ro\/albaiulia\/author\/cristina-nicola\/"}]}},"_links":{"self":[{"href":"https:\/\/urbeamea.ro\/albaiulia\/wp-json\/wp\/v2\/posts\/51324","targetHints":{"allow":["GET"]}}],"collection":[{"href":"https:\/\/urbeamea.ro\/albaiulia\/wp-json\/wp\/v2\/posts"}],"about":[{"href":"https:\/\/urbeamea.ro\/albaiulia\/wp-json\/wp\/v2\/types\/post"}],"author":[{"embeddable":true,"href":"https:\/\/urbeamea.ro\/albaiulia\/wp-json\/wp\/v2\/users\/17"}],"replies":[{"embeddable":true,"href":"https:\/\/urbeamea.ro\/albaiulia\/wp-json\/wp\/v2\/comments?post=51324"}],"version-history":[{"count":0,"href":"https:\/\/urbeamea.ro\/albaiulia\/wp-json\/wp\/v2\/posts\/51324\/revisions"}],"wp:featuredmedia":[{"embeddable":true,"href":"https:\/\/urbeamea.ro\/albaiulia\/wp-json\/wp\/v2\/media\/51325"}],"wp:attachment":[{"href":"https:\/\/urbeamea.ro\/albaiulia\/wp-json\/wp\/v2\/media?parent=51324"}],"wp:term":[{"taxonomy":"category","embeddable":true,"href":"https:\/\/urbeamea.ro\/albaiulia\/wp-json\/wp\/v2\/categories?post=51324"},{"taxonomy":"post_tag","embeddable":true,"href":"https:\/\/urbeamea.ro\/albaiulia\/wp-json\/wp\/v2\/tags?post=51324"}],"curies":[{"name":"wp","href":"https:\/\/api.w.org\/{rel}","templated":true}]}}