{"id":51423,"date":"2017-08-29T09:00:50","date_gmt":"2017-08-29T06:00:50","guid":{"rendered":"https:\/\/urbeamea.ro\/albaiulia\/?p=51423"},"modified":"2017-08-25T22:35:16","modified_gmt":"2017-08-25T19:35:16","slug":"marti-sedinta-la-consiliul-local-sebes-32-de-proiecte-pe-ordinea-de-zi","status":"publish","type":"post","link":"https:\/\/urbeamea.ro\/albaiulia\/marti-sedinta-la-consiliul-local-sebes-32-de-proiecte-pe-ordinea-de-zi\/","title":{"rendered":"MAR\u0162I: \u015eedin\u0163\u0103 la Consiliul Local Sebe\u015f. 32 de proiecte pe ordinea de zi"},"content":{"rendered":"<p><strong>Consilierii locali din Sebe\u015f se reunesc mar\u0163i, 29 august, \u00eencep\u00e2nd cu ora 14.00, \u00een \u015fedin\u0163\u0103 ordinar\u0103, cu 32 de proiecte pe ordinea de zi. Vor avea de aprobat documenta\u0163ii pentru construire de locuin\u0163e, moderniz\u0103ri de str\u0103zi, reabilit\u0103ri re\u0163ele de ap\u0103, tarife la serviciile medicale, investiga\u0163ii paraclinice solicitate la cererea pacien\u0163ilor, modificarea pre\u0163urilor la ap\u0103 potabil\u0103 \u015fi a tarifelor de canalizare \u015fi altele.<br \/>\n<\/strong><\/p>\n<p>\u015eedin\u0163a va avea loc \u00een sala \u00a0festiv\u0103\u00a0 a Colegiului\u00a0 Na\u0163ional\u00a0 \u201eLucian Blaga\u201d Sebe\u015f.<\/p>\n<p><strong>Proiectul ordinii de zi:<\/strong><\/p>\n<p>1.Proiect de hot\u0103r\u00e2re privind aprobarea documenta\u0163iei cadastrale de dezlipire imobil a imobilului situat administrativ \u00een Sebe\u015f, cartier Mircea cel Mare, jud. Alba, \u00eenscris \u00een CF nr. 84390 mun. Sebe\u015f, nr. de ord. A1, av\u00e2nd num\u0103r cadastral 84390 \u201eDrum (Cartier)\u201d, \u00een suprafa\u0163\u0103 de 12.446 mp \u015fi modificarea HCL nr. 155\/2017 privind aprobarea \u00eencheierii unui contract cadru cu Agen\u0163ia Na\u0163ional\u0103 pentru Locuin\u0163e \u00een vederea transmiterii \u00een folosin\u0163\u0103 gratuit\u0103 a terenului situat administrativ \u00een Sebe\u015f, str. Mircea cel Mare, precum \u015fi asigurarea din bugetul local a sumelor necesare privind elaborarea documenta\u0163iilor tehnico-economice \u015fi execu\u0163iei utilit\u0103\u0163ilor \u015fi dot\u0103rilor tehnico-edilitare aferente construc\u0163iei \u00een vederea realiz\u0103rii investi\u0163iei \u201eConstruc\u0163ia de locuin\u0163e de serviciu \u00een Cartierul Mircea cel Mare, Municipiul Sebe\u015f\u201d<\/p>\n<p>Proiect: ini\u0163iator Primar<\/p>\n<p>2.Proiect de hot\u0103r\u00e2re privind aprobarea \u00eenchirierii prin licita\u0163ie public\u0103 deschis\u0103 a unui teren \u00een suprafa\u0163\u0103 de 4 mp, apar\u0163in\u00e2nd domeniului public al Municipiului Sebe\u015f, situat administrativ \u00een Sebe\u015f, la intersec\u0163ia str. Augustin Bena cu str. Transilvaniei , pentru amplasare panou publicitar.<\/p>\n<p>Proiect: ini\u0163iator Primar<\/p>\n<p>3.Proiect de hot\u0103r\u00e2re privind aprobarea tdocumenta\u0163iei PUZ \u015fi a RLU ,proiect nr. 01\/2017 \u201eElaborare PUZ \u00een vederea reglement\u0103rii parcelelor pentru Construire locuin\u0163e familiale \u201eSebe\u015f, str. Salc\u00e2mului, nr. FN, jud. Alba.<\/p>\n<p>Proiect: ini\u0163iator Primar<\/p>\n<p>4.Proiect de hot\u0103r\u00e2re privind aprobarea rezultatelor procedurii organizate conform HCL 73\/2017, pentru atribuirea autoriza\u0163iilor taxi.<\/p>\n<p>Proiect: ini\u0163iator Primar<\/p>\n<p>5.Proiect de hot\u0103r\u00e2re privind acordul pentru racordarea la re\u0163eaua de gaze naturale a imobilului \u00een care func\u0163ioneaz\u0103 Parchetul de pe l\u00e2ng\u0103 Tribunalul Alba.<\/p>\n<p>Proiect: ini\u0163iator Primar<\/p>\n<p>6.Proiect de hot\u0103r\u00e2re privind retragerea din administrarea Liceului Tehnologic Sebe\u015f a mijlocului fix \u201eTeren aferent \u2013 Grup \u015ecolar Industrial Sebe\u015f \u2013 Str. Viilor , nr. 2\u201d nr. inventar 80019 \u015fi darea \u00een administrare c\u0103tre Serviciul Public de Administrarea Patrimoniului Sebe\u015f.<\/p>\n<p>Proiect: ini\u0163iator Primar<\/p>\n<p>7.Proiect de hot\u0103r\u00e2re privind aprobarea Documenta\u0163iei de Avizare a Lucr\u0103rilor de Interven\u0163ii pentru obiectivul de investi\u0163ii \u201eModernizare str\u0103zi: Tineretului, Arini, Z\u0103voi \u015fi Cr\u00e2ngului, Municipiul Sebe\u015f \u201e(DALI) \u2013 proiect nr. 1\/2017.<\/p>\n<p>Proiect: ini\u0163iator Primar<\/p>\n<p>8.Proiect de hot\u0103r\u00e2re privind aprobarea modific\u0103rii Art. 1 din H.C.L. nr. 319\/2016 privind aprobarea Documenta\u0163iei de Avizare a Lucr\u0103rilor de Interven\u0163ii, pentru obiectivul de investi\u0163ii \u201eReabilitare \u015ecoal\u0103 Gimnazial\u0103 R\u0103h\u0103u\u201d, localitatea R\u0103h\u0103u, Municipiul Sebe\u015f \u2013 proiect nr. 25\/2016.<\/p>\n<p>Proiect: ini\u0163iator Primar<\/p>\n<p>9.Proiect de hot\u0103r\u00e2re privind aprobarea Temei de proiectare nr. 26676\/16.08.2017 pentru proiectarea obiectivului de investi\u0163ii \u201eExtindere re\u0163ea ap\u0103 pe str\u0103zile: Oituz \u015fi S\u00e2nzienelor, Petre\u015fti, Municipiul Sebe\u015f \u201e \u2013 faza S.F. , revizuit\u0103, \u015fi \u00eencetarea H.C.L. nr. 171\/2017 privind aprobarea Temei de proiectare nr. 22632\/30.06.2017 pentru proiectarea obiectivului de investi\u0163ii \u201eExtindere re\u0163ea ap\u0103 pe str\u0103zile: Oituz \u015fi S\u00e2nzienelor, Petre\u015fti, Municipiul Sebe\u015f\u201d- faza S.F.<\/p>\n<p>Proiect: ini\u0163iator Primar<\/p>\n<p>10.Proiect de hot\u0103r\u00e2re privind nivelul tarifelor la serviciile medicale, investiga\u0163ii paraclinice solicitate la cererea pacien\u0163ilor (pentru cei care solicit\u0103: servicii medicale, investiga\u0163ii paraclinice la cerere \u2013 \u015fcoala de \u015foferi, port arm\u0103, referate medicale, adeverin\u0163e medicale etc. ), cei care se prezint\u0103 f\u0103r\u0103 bilet de trimitere de la medicul de familie, medic specialist sau cei care sunt neasigura\u0163i CASS:<\/p>\n<p>Proiect: ini\u0163iator Primar<\/p>\n<p>11.Proiect de hot\u0103r\u00e2re privind \u00eemputernicirea Primarului Municipiului Sebe\u015f \u00een calitate de reprezentant al acestei unit\u0103\u0163i administrativ- teritoriale \u00een Asocia\u0163ia de dezvoltare intercomunitar\u0103 \u201eAPA ALBA\u201d de a participa la Adunarea General\u0103 a Asocia\u0163iei \u015fi de a vota hot\u0103r\u00e2rea acesteia referitoare la modificarea pre\u0163urilor la ap\u0103 potabil\u0103 \u015fi a tarifelor la canalizare.<\/p>\n<p>Proiect: ini\u0163iator Primar<\/p>\n<p>12.Proiect de hot\u0103r\u00e2re privind aprobarea Temei de proiectare nr.3012\/08.08.2017 pentru proiectarea obiectivului de investi\u021bii \u201cModernizare strada Depozitelor\u201d, Municipiul Sebe\u015f \u2013 faza DALI.<\/p>\n<p>Proiect: ini\u0163iator Primar<\/p>\n<p>13.Proiect de hot\u0103r\u00e2re privind aprobarea Temei de proiectare nr. 3004\/07.08.2017 pentru proiectarea obiectivului de investi\u021bii \u201cModernizare strada Occidentului\u201d, Municipiul Sebe\u015f \u2013 faza DALI.<\/p>\n<p>Proiect: ini\u0163iator Primar<\/p>\n<p>14.Proiect de hot\u0103r\u00e2re privind aprobarea Temei de proiectare nr 26675\/16.08.2017 pentru proiectarea obiectivului de investi\u0163ii \u201cReabilitare re\u021bea ap\u0103 strada Doroban\u021bi \u2013 tronson cuprins \u00eentre strada Grivi\u021ba \u0219i strada Cri\u0219an ; Reabilitare re\u021bea ap\u0103 strada Decebal -tronson cuprins \u00eentre strada Abatorului \u0219i R\u00e2ul Sebe\u0219, Municipiul Sebe\u015f\u201d \u2013 faza D.A.L.I.<\/p>\n<p>Proiect: ini\u0163iator Primar<\/p>\n<p>15.Proiect de hot\u0103r\u00e2re privind aprobarea indicatorilor de performan\u021b\u0103 financiari \u0219i nefinanciari anuali rezulta\u021bi din planul de administrare, pe perioada mandatului, la Ocolul Silvic Sebes RA.<\/p>\n<p>Proiect: ini\u0163iator Primar<\/p>\n<p>16.Proiect de hot\u0103r\u00e2re privind modificarea \u015fi actualizarea devizului general al obiectivului de investi\u0163ii \u201dSchimbare de destina\u0163ie din central\u0103 termic\u0103 \u00een spa\u0163iu cu destina\u0163ie cultural\u0103 \u2013 Casa Artelor Sebe\u015f\u201d.<\/p>\n<p>Proiect: ini\u0163iator Primar<\/p>\n<p>17.Proiect de hot\u0103r\u00e2re privind aprobarea Criteriilor pentru selec\u0163ia utilizatorilor (gospod\u0103riilor) care primesc unit\u0103\u0163i de compostare individual\u0103.<\/p>\n<p>Proiect: ini\u0163iator Primar<\/p>\n<p>18.Proiect de hot\u0103r\u00e2re privind aprobarea cuantumului cotiza\u0163iei datorate Asocia\u0163iei de Dezvoltare Intercomunitar\u0103 SALUBRIS ALBA.<\/p>\n<p>Proiect: ini\u0163iator Primar<\/p>\n<p>19.Proiect de hot\u0103r\u00e2re privind completarea \u015fi prelungirea Contractului de \u00eenchiriere \u2013 Cabinet medical -nr. 80\/29518\/04.09.2012 prin \u00eencheierea unui act adi\u0163ional \u2013 titular Cabinet Medical \u2013 Modoeanu Nicoleta \u2013 Adina.<\/p>\n<p>Proiect: ini\u0163iator Primar<\/p>\n<p>20.Proiect de hot\u0103r\u00e2re privind sistematizarea par\u0163ial\u0103 a cartierelor: Aleea Parc, Aleea Lac, Lucian Blaga \u015fi Valea Frumoasei, \u00een vederea reamenaj\u0103rii zonelor afectate de construc\u0163ii \/ garaje, eliberarea terenului \u015fi crearea de noi locuri de parcare, documenta\u0163ie cuprins\u0103 \u00een Anexa 1.<\/p>\n<p>Proiect: ini\u0163iator Primar<\/p>\n<p>21.Proiect de hot\u0103r\u00e2re privind modificarea art.5 al HCL 137\/2017 \u015fi apobarea Regulamentului de organizare \u015fi func\u0163ionare a Unit\u0103\u0163ii de Management \u015fi Implementare a proiectului \u201eSprijin preg\u0103titor pentru elaborarea Strategiei de Dezvoltare Local\u0103 a Municipiului Sebe\u015f\u201d cod proiect 106138.<\/p>\n<p>Proiect: ini\u0163iator Primar<\/p>\n<p>22.Proiect de hot\u0103r\u00e2re privind aprobarea Studiului de Fezabilitate pentru obiectivul de investi\u0163ii \u201eAmenajare loc joac\u0103 cartier M. Kog\u0103lniceanu\u201d<\/p>\n<p>Proiect: ini\u0163iator Primar<\/p>\n<p>23.Proiect de hot\u0103r\u00e2re privind majorarea valorii de inventar a mijlocului fix \u201eRe\u0163ea ap\u0103 \u2013 strada Abatorului\u201d, ca urmare a finaliz\u0103rii \u015fi efectu\u0103rii recep\u0163iei la terminarea lucr\u0103rilor pentru obiectivul de investi\u0163ii \u201eReabilitare \u015fi extindere re\u0163ea ap\u0103 str. Abatorului \u2013 tronsonul de la nr. 40 p\u00e2n\u0103 la calea ferat\u0103\u201d<\/p>\n<p>Proiect: ini\u0163iator Primar<\/p>\n<p>24.Proiect de hot\u0103r\u00e2re privind aprobarea Regulamentului privind organizarea \u015fi func\u0163ionarea regiei publice locale de interes silvic \u2013 Ocolul Silvic Sebe\u015f R.A.<\/p>\n<p>Proiect: ini\u0163iator Primar<\/p>\n<p>25.Proiect de hot\u0103r\u00e2re privind modificarea statului de func\u0163ii al aparatului de specialitate al Primarului Municipiului Sebe\u015f, jude\u0163ul Alba, ca urmare a promov\u0103rii \u00een grad profesional a trei func\u0163ionari publici.<\/p>\n<p>Proiect: ini\u0163iator Primar<\/p>\n<p>26.Proiect de hot\u0103r\u00e2re privind aprobarea Studiului de Fezabilitate pntru obiectivul de investi\u0163ii \u201eSistem de supraveghere video pentru siguran\u0163a cet\u0103\u0163enilor \u00een Municipiul Sebe\u015f\u201d<\/p>\n<p>Proiect: ini\u0163iator Primar<\/p>\n<p>27.Proiect de hot\u0103r\u00e2re privind aprobarea documenta\u0163iei cadastrale privind rectificarea suprafe\u0163ei imobilului \u00eenscris \u00een CF nr. 73358 Sebe\u015f , nr. Top. 1828\/3\/2, de la suprafa\u0163a de 24500 mp la suprafa\u0163a de 19.968 mp, suprafa\u0163\u0103 rezultat\u0103 \u00een urma m\u0103sur\u0103torilor topografice.<\/p>\n<p>Proiect: ini\u0163iator Primar<\/p>\n<p>28.Proiect de hot\u0103r\u00e2re privind aprobarea Documenta\u0163iei de Avizare a Lucr\u0103rilor de Interven\u0163ii pentru obiectivul de investi\u0163ii \u201eReabilitare termic\u0103 cl\u0103dire spital\u201d (DALI) \u2013 proiect nr. 2917\/2017.<\/p>\n<p>Proiect: ini\u0163iator Primar<\/p>\n<p>29.Proiect de hotarare privind majorarea bugetului local cu suma de 134,54 mii lei \u015fi redistribuirea unor sume \u00eentre obiectivele de investi\u0163ii, introducerea de obiective de investi\u0163ii noi \u00een Programul de investi\u0163ii publice pe obiective de investi\u0163ii, pe grupe de investi\u0163ii, pe surse de finan\u0163are pe anul 2017 \u015fi estim\u0103ri 2018 \u2013 2020.<\/p>\n<p>Proiect: ini\u0163iator Primar<\/p>\n<p>30.Proiect de hot\u0103r\u00e2re privind modificarea \u015fi completarea HCL nr. 156\/2016 privind stabilirea normativelor de cheltuieli pentru consumul de carburan\u0163i.<\/p>\n<p>Proiect: ini\u0163iator Primar<\/p>\n<p>31.Proiect de hot\u0103r\u00e2re privind protejarea mediului \u00eenconjur\u0103tor, a s\u0103n\u0103t\u0103\u0163ii popula\u0163iei \u015fi a biodiversit\u0103\u0163ii \u00een Municipiul Sebe\u015f.<\/p>\n<p>Proiect: ini\u0163iator consilieri: Radu Cristian;Lupu Ovidiu C\u0103t\u0103lin;Coman Ana Maria.<\/p>\n<p>32.Proiect de hot\u0103r\u00e2re privind aprobarea achizi\u0163ion\u0103rii unui serviciu de audit extern de c\u0103tre Municipiul Sebe\u015f.<\/p>\n<p>Proiect: ini\u0163iator consilier Matei Nicolaie.<\/p>\n<p>Informarea nr. 24798\/25.07.2017 \u2013 referat activitate S.V.S.U. Sebe\u015f., semestrul I 2017.<\/p>\n<p>Informarea nr. 27261\/23.08.2017 \u2013 situatia contractului de concesiune nr. 3856\/1994 av\u00e2nd ca obiect cedarea \u015fi preluarea \u00een concesiune a 745,7 mp pentru construire bloc \u00een cartier Valea Frumoasei.<\/p>\n","protected":false},"excerpt":{"rendered":"<p>Consilierii locali din Sebe\u015f se reunesc mar\u0163i, 29 august, \u00eencep\u00e2nd cu ora 14.00, \u00een \u015fedin\u0163\u0103 ordinar\u0103, cu 32 de proiecte pe ordinea de zi. Vor avea de aprobat documenta\u0163ii pentru construire de locuin\u0163e, moderniz\u0103ri de str\u0103zi, reabilit\u0103ri re\u0163ele de ap\u0103, tarife la serviciile medicale, investiga\u0163ii paraclinice solicitate la cererea pacien\u0163ilor, modificarea pre\u0163urilor la ap\u0103 potabil\u0103 &hellip;<\/p>\n","protected":false},"author":17,"featured_media":18354,"comment_status":"open","ping_status":"open","sticky":false,"template":"","format":"standard","meta":{"inline_featured_image":false,"footnotes":""},"categories":[2035],"tags":[2133,2227,2726,2132,625,3243,308,76],"class_list":["post-51423","post","type-post","status-publish","format-standard","has-post-thumbnail","hentry","category-administratie","tag-aprobare","tag-consilieri","tag-consiliul-local","tag-ordinea-de-zi","tag-proiecte","tag-sedinta-ordinara","tag-stiri","tag-urbea-mea"],"yoast_head":"<!-- This site is optimized with the Yoast SEO plugin v28.3 - https:\/\/yoast.com\/product\/yoast-seo-wordpress\/ -->\n<title>MAR\u0162I: \u015eedin\u0163\u0103 la Consiliul Local Sebe\u015f. 32 de proiecte pe ordinea de zi - Revista Urbea Mea - Revista de Alba<\/title>\n<meta name=\"description\" content=\"Consilierii locali din Sebe\u015f se reunesc mar\u0163i, 29 august, \u00eencep\u00e2nd cu ora 14.00, \u00een \u015fedin\u0163\u0103 ordinar\u0103, cu 32 de proiecte pe ordinea de zi. Vor avea de\" \/>\n<meta name=\"robots\" content=\"index, follow, max-snippet:-1, max-image-preview:large, max-video-preview:-1\" \/>\n<link rel=\"canonical\" href=\"https:\/\/urbeamea.ro\/albaiulia\/marti-sedinta-la-consiliul-local-sebes-32-de-proiecte-pe-ordinea-de-zi\/\" \/>\n<meta name=\"twitter:card\" content=\"summary_large_image\" \/>\n<meta name=\"twitter:title\" content=\"MAR\u0162I: \u015eedin\u0163\u0103 la Consiliul Local Sebe\u015f. 32 de proiecte pe ordinea de zi - Revista Urbea Mea - Revista de Alba\" \/>\n<meta name=\"twitter:description\" content=\"Consilierii locali din Sebe\u015f se reunesc mar\u0163i, 29 august, \u00eencep\u00e2nd cu ora 14.00, \u00een \u015fedin\u0163\u0103 ordinar\u0103, cu 32 de proiecte pe ordinea de zi. Vor avea de\" \/>\n<meta name=\"twitter:image\" content=\"https:\/\/urbeamea.ro\/albaiulia\/wp-content\/uploads\/2016\/02\/primaria-sebes.jpg\" \/>\n<meta name=\"twitter:creator\" content=\"@urbeameaweb\" \/>\n<meta name=\"twitter:site\" content=\"@urbeameaweb\" \/>\n<script type=\"application\/ld+json\" class=\"yoast-schema-graph\">{\"@context\":\"https:\\\/\\\/schema.org\",\"@graph\":[{\"@type\":\"Article\",\"@id\":\"https:\\\/\\\/urbeamea.ro\\\/albaiulia\\\/marti-sedinta-la-consiliul-local-sebes-32-de-proiecte-pe-ordinea-de-zi\\\/#article\",\"isPartOf\":{\"@id\":\"https:\\\/\\\/urbeamea.ro\\\/albaiulia\\\/marti-sedinta-la-consiliul-local-sebes-32-de-proiecte-pe-ordinea-de-zi\\\/\"},\"author\":{\"name\":\"Cristina Ganga\",\"@id\":\"https:\\\/\\\/urbeamea.ro\\\/albaiulia\\\/#\\\/schema\\\/person\\\/9700d21fae21c4f038b0b56f4506264a\"},\"headline\":\"MAR\u0162I: \u015eedin\u0163\u0103 la Consiliul Local Sebe\u015f. 32 de proiecte pe ordinea de zi\",\"datePublished\":\"2017-08-29T06:00:50+00:00\",\"mainEntityOfPage\":{\"@id\":\"https:\\\/\\\/urbeamea.ro\\\/albaiulia\\\/marti-sedinta-la-consiliul-local-sebes-32-de-proiecte-pe-ordinea-de-zi\\\/\"},\"wordCount\":1513,\"commentCount\":0,\"image\":{\"@id\":\"https:\\\/\\\/urbeamea.ro\\\/albaiulia\\\/marti-sedinta-la-consiliul-local-sebes-32-de-proiecte-pe-ordinea-de-zi\\\/#primaryimage\"},\"thumbnailUrl\":\"https:\\\/\\\/urbeamea.ro\\\/albaiulia\\\/wp-content\\\/uploads\\\/2016\\\/02\\\/primaria-sebes.jpg\",\"keywords\":[\"aprobare\",\"consilieri\",\"consiliul local\",\"ordinea de zi\",\"proiecte\",\"sedinta ordinara\",\"stiri\",\"Urbea Mea\"],\"articleSection\":[\"Administra\u021bie\"],\"inLanguage\":\"ro-RO\",\"potentialAction\":[{\"@type\":\"CommentAction\",\"name\":\"Comment\",\"target\":[\"https:\\\/\\\/urbeamea.ro\\\/albaiulia\\\/marti-sedinta-la-consiliul-local-sebes-32-de-proiecte-pe-ordinea-de-zi\\\/#respond\"]}]},{\"@type\":\"WebPage\",\"@id\":\"https:\\\/\\\/urbeamea.ro\\\/albaiulia\\\/marti-sedinta-la-consiliul-local-sebes-32-de-proiecte-pe-ordinea-de-zi\\\/\",\"url\":\"https:\\\/\\\/urbeamea.ro\\\/albaiulia\\\/marti-sedinta-la-consiliul-local-sebes-32-de-proiecte-pe-ordinea-de-zi\\\/\",\"name\":\"MAR\u0162I: \u015eedin\u0163\u0103 la Consiliul Local Sebe\u015f. 32 de proiecte pe ordinea de zi - Revista Urbea Mea - Revista de Alba\",\"isPartOf\":{\"@id\":\"https:\\\/\\\/urbeamea.ro\\\/albaiulia\\\/#website\"},\"primaryImageOfPage\":{\"@id\":\"https:\\\/\\\/urbeamea.ro\\\/albaiulia\\\/marti-sedinta-la-consiliul-local-sebes-32-de-proiecte-pe-ordinea-de-zi\\\/#primaryimage\"},\"image\":{\"@id\":\"https:\\\/\\\/urbeamea.ro\\\/albaiulia\\\/marti-sedinta-la-consiliul-local-sebes-32-de-proiecte-pe-ordinea-de-zi\\\/#primaryimage\"},\"thumbnailUrl\":\"https:\\\/\\\/urbeamea.ro\\\/albaiulia\\\/wp-content\\\/uploads\\\/2016\\\/02\\\/primaria-sebes.jpg\",\"datePublished\":\"2017-08-29T06:00:50+00:00\",\"author\":{\"@id\":\"https:\\\/\\\/urbeamea.ro\\\/albaiulia\\\/#\\\/schema\\\/person\\\/9700d21fae21c4f038b0b56f4506264a\"},\"description\":\"Consilierii locali din Sebe\u015f se reunesc mar\u0163i, 29 august, \u00eencep\u00e2nd cu ora 14.00, \u00een \u015fedin\u0163\u0103 ordinar\u0103, cu 32 de proiecte pe ordinea de zi. Vor avea de\",\"breadcrumb\":{\"@id\":\"https:\\\/\\\/urbeamea.ro\\\/albaiulia\\\/marti-sedinta-la-consiliul-local-sebes-32-de-proiecte-pe-ordinea-de-zi\\\/#breadcrumb\"},\"inLanguage\":\"ro-RO\",\"potentialAction\":[{\"@type\":\"ReadAction\",\"target\":[\"https:\\\/\\\/urbeamea.ro\\\/albaiulia\\\/marti-sedinta-la-consiliul-local-sebes-32-de-proiecte-pe-ordinea-de-zi\\\/\"]}]},{\"@type\":\"ImageObject\",\"inLanguage\":\"ro-RO\",\"@id\":\"https:\\\/\\\/urbeamea.ro\\\/albaiulia\\\/marti-sedinta-la-consiliul-local-sebes-32-de-proiecte-pe-ordinea-de-zi\\\/#primaryimage\",\"url\":\"https:\\\/\\\/urbeamea.ro\\\/albaiulia\\\/wp-content\\\/uploads\\\/2016\\\/02\\\/primaria-sebes.jpg\",\"contentUrl\":\"https:\\\/\\\/urbeamea.ro\\\/albaiulia\\\/wp-content\\\/uploads\\\/2016\\\/02\\\/primaria-sebes.jpg\",\"width\":1024,\"height\":768},{\"@type\":\"BreadcrumbList\",\"@id\":\"https:\\\/\\\/urbeamea.ro\\\/albaiulia\\\/marti-sedinta-la-consiliul-local-sebes-32-de-proiecte-pe-ordinea-de-zi\\\/#breadcrumb\",\"itemListElement\":[{\"@type\":\"ListItem\",\"position\":1,\"name\":\"Prima pagin\u0103\",\"item\":\"https:\\\/\\\/urbeamea.ro\\\/albaiulia\\\/\"},{\"@type\":\"ListItem\",\"position\":2,\"name\":\"MAR\u0162I: \u015eedin\u0163\u0103 la Consiliul Local Sebe\u015f. 32 de proiecte pe ordinea de zi\"}]},{\"@type\":\"WebSite\",\"@id\":\"https:\\\/\\\/urbeamea.ro\\\/albaiulia\\\/#website\",\"url\":\"https:\\\/\\\/urbeamea.ro\\\/albaiulia\\\/\",\"name\":\"Revista Urbea Mea, Stiri urbane\",\"description\":\"Evenimente \u0219i \u0219tiri din Alba Iulia, Sebe\u0219, Aiud, Blaj\",\"potentialAction\":[{\"@type\":\"SearchAction\",\"target\":{\"@type\":\"EntryPoint\",\"urlTemplate\":\"https:\\\/\\\/urbeamea.ro\\\/albaiulia\\\/?s={search_term_string}\"},\"query-input\":{\"@type\":\"PropertyValueSpecification\",\"valueRequired\":true,\"valueName\":\"search_term_string\"}}],\"inLanguage\":\"ro-RO\"},{\"@type\":\"Person\",\"@id\":\"https:\\\/\\\/urbeamea.ro\\\/albaiulia\\\/#\\\/schema\\\/person\\\/9700d21fae21c4f038b0b56f4506264a\",\"name\":\"Cristina Ganga\",\"image\":{\"@type\":\"ImageObject\",\"inLanguage\":\"ro-RO\",\"@id\":\"https:\\\/\\\/secure.gravatar.com\\\/avatar\\\/5a67661041f057b4a8ccaf26f5a8e86e2689372006d01faf3dd9eeb10b654bb4?s=96&d=mm&r=g\",\"url\":\"https:\\\/\\\/secure.gravatar.com\\\/avatar\\\/5a67661041f057b4a8ccaf26f5a8e86e2689372006d01faf3dd9eeb10b654bb4?s=96&d=mm&r=g\",\"contentUrl\":\"https:\\\/\\\/secure.gravatar.com\\\/avatar\\\/5a67661041f057b4a8ccaf26f5a8e86e2689372006d01faf3dd9eeb10b654bb4?s=96&d=mm&r=g\",\"caption\":\"Cristina Ganga\"},\"description\":\"Jurnalist\",\"sameAs\":[\"https:\\\/\\\/www.facebook.com\\\/cristina.nicola.587\"],\"url\":\"https:\\\/\\\/urbeamea.ro\\\/albaiulia\\\/author\\\/cristina-nicola\\\/\"}]}<\/script>\n<!-- \/ Yoast SEO plugin. -->","yoast_head_json":{"title":"MAR\u0162I: \u015eedin\u0163\u0103 la Consiliul Local Sebe\u015f. 32 de proiecte pe ordinea de zi - Revista Urbea Mea - Revista de Alba","description":"Consilierii locali din Sebe\u015f se reunesc mar\u0163i, 29 august, \u00eencep\u00e2nd cu ora 14.00, \u00een \u015fedin\u0163\u0103 ordinar\u0103, cu 32 de proiecte pe ordinea de zi. Vor avea de","robots":{"index":"index","follow":"follow","max-snippet":"max-snippet:-1","max-image-preview":"max-image-preview:large","max-video-preview":"max-video-preview:-1"},"canonical":"https:\/\/urbeamea.ro\/albaiulia\/marti-sedinta-la-consiliul-local-sebes-32-de-proiecte-pe-ordinea-de-zi\/","twitter_card":"summary_large_image","twitter_title":"MAR\u0162I: \u015eedin\u0163\u0103 la Consiliul Local Sebe\u015f. 32 de proiecte pe ordinea de zi - Revista Urbea Mea - Revista de Alba","twitter_description":"Consilierii locali din Sebe\u015f se reunesc mar\u0163i, 29 august, \u00eencep\u00e2nd cu ora 14.00, \u00een \u015fedin\u0163\u0103 ordinar\u0103, cu 32 de proiecte pe ordinea de zi. Vor avea de","twitter_image":"https:\/\/urbeamea.ro\/albaiulia\/wp-content\/uploads\/2016\/02\/primaria-sebes.jpg","twitter_creator":"@urbeameaweb","twitter_site":"@urbeameaweb","schema":{"@context":"https:\/\/schema.org","@graph":[{"@type":"Article","@id":"https:\/\/urbeamea.ro\/albaiulia\/marti-sedinta-la-consiliul-local-sebes-32-de-proiecte-pe-ordinea-de-zi\/#article","isPartOf":{"@id":"https:\/\/urbeamea.ro\/albaiulia\/marti-sedinta-la-consiliul-local-sebes-32-de-proiecte-pe-ordinea-de-zi\/"},"author":{"name":"Cristina Ganga","@id":"https:\/\/urbeamea.ro\/albaiulia\/#\/schema\/person\/9700d21fae21c4f038b0b56f4506264a"},"headline":"MAR\u0162I: \u015eedin\u0163\u0103 la Consiliul Local Sebe\u015f. 32 de proiecte pe ordinea de zi","datePublished":"2017-08-29T06:00:50+00:00","mainEntityOfPage":{"@id":"https:\/\/urbeamea.ro\/albaiulia\/marti-sedinta-la-consiliul-local-sebes-32-de-proiecte-pe-ordinea-de-zi\/"},"wordCount":1513,"commentCount":0,"image":{"@id":"https:\/\/urbeamea.ro\/albaiulia\/marti-sedinta-la-consiliul-local-sebes-32-de-proiecte-pe-ordinea-de-zi\/#primaryimage"},"thumbnailUrl":"https:\/\/urbeamea.ro\/albaiulia\/wp-content\/uploads\/2016\/02\/primaria-sebes.jpg","keywords":["aprobare","consilieri","consiliul local","ordinea de zi","proiecte","sedinta ordinara","stiri","Urbea Mea"],"articleSection":["Administra\u021bie"],"inLanguage":"ro-RO","potentialAction":[{"@type":"CommentAction","name":"Comment","target":["https:\/\/urbeamea.ro\/albaiulia\/marti-sedinta-la-consiliul-local-sebes-32-de-proiecte-pe-ordinea-de-zi\/#respond"]}]},{"@type":"WebPage","@id":"https:\/\/urbeamea.ro\/albaiulia\/marti-sedinta-la-consiliul-local-sebes-32-de-proiecte-pe-ordinea-de-zi\/","url":"https:\/\/urbeamea.ro\/albaiulia\/marti-sedinta-la-consiliul-local-sebes-32-de-proiecte-pe-ordinea-de-zi\/","name":"MAR\u0162I: \u015eedin\u0163\u0103 la Consiliul Local Sebe\u015f. 32 de proiecte pe ordinea de zi - Revista Urbea Mea - Revista de Alba","isPartOf":{"@id":"https:\/\/urbeamea.ro\/albaiulia\/#website"},"primaryImageOfPage":{"@id":"https:\/\/urbeamea.ro\/albaiulia\/marti-sedinta-la-consiliul-local-sebes-32-de-proiecte-pe-ordinea-de-zi\/#primaryimage"},"image":{"@id":"https:\/\/urbeamea.ro\/albaiulia\/marti-sedinta-la-consiliul-local-sebes-32-de-proiecte-pe-ordinea-de-zi\/#primaryimage"},"thumbnailUrl":"https:\/\/urbeamea.ro\/albaiulia\/wp-content\/uploads\/2016\/02\/primaria-sebes.jpg","datePublished":"2017-08-29T06:00:50+00:00","author":{"@id":"https:\/\/urbeamea.ro\/albaiulia\/#\/schema\/person\/9700d21fae21c4f038b0b56f4506264a"},"description":"Consilierii locali din Sebe\u015f se reunesc mar\u0163i, 29 august, \u00eencep\u00e2nd cu ora 14.00, \u00een \u015fedin\u0163\u0103 ordinar\u0103, cu 32 de proiecte pe ordinea de zi. Vor avea de","breadcrumb":{"@id":"https:\/\/urbeamea.ro\/albaiulia\/marti-sedinta-la-consiliul-local-sebes-32-de-proiecte-pe-ordinea-de-zi\/#breadcrumb"},"inLanguage":"ro-RO","potentialAction":[{"@type":"ReadAction","target":["https:\/\/urbeamea.ro\/albaiulia\/marti-sedinta-la-consiliul-local-sebes-32-de-proiecte-pe-ordinea-de-zi\/"]}]},{"@type":"ImageObject","inLanguage":"ro-RO","@id":"https:\/\/urbeamea.ro\/albaiulia\/marti-sedinta-la-consiliul-local-sebes-32-de-proiecte-pe-ordinea-de-zi\/#primaryimage","url":"https:\/\/urbeamea.ro\/albaiulia\/wp-content\/uploads\/2016\/02\/primaria-sebes.jpg","contentUrl":"https:\/\/urbeamea.ro\/albaiulia\/wp-content\/uploads\/2016\/02\/primaria-sebes.jpg","width":1024,"height":768},{"@type":"BreadcrumbList","@id":"https:\/\/urbeamea.ro\/albaiulia\/marti-sedinta-la-consiliul-local-sebes-32-de-proiecte-pe-ordinea-de-zi\/#breadcrumb","itemListElement":[{"@type":"ListItem","position":1,"name":"Prima pagin\u0103","item":"https:\/\/urbeamea.ro\/albaiulia\/"},{"@type":"ListItem","position":2,"name":"MAR\u0162I: \u015eedin\u0163\u0103 la Consiliul Local Sebe\u015f. 32 de proiecte pe ordinea de zi"}]},{"@type":"WebSite","@id":"https:\/\/urbeamea.ro\/albaiulia\/#website","url":"https:\/\/urbeamea.ro\/albaiulia\/","name":"Revista Urbea Mea, Stiri urbane","description":"Evenimente \u0219i \u0219tiri din Alba Iulia, Sebe\u0219, Aiud, Blaj","potentialAction":[{"@type":"SearchAction","target":{"@type":"EntryPoint","urlTemplate":"https:\/\/urbeamea.ro\/albaiulia\/?s={search_term_string}"},"query-input":{"@type":"PropertyValueSpecification","valueRequired":true,"valueName":"search_term_string"}}],"inLanguage":"ro-RO"},{"@type":"Person","@id":"https:\/\/urbeamea.ro\/albaiulia\/#\/schema\/person\/9700d21fae21c4f038b0b56f4506264a","name":"Cristina Ganga","image":{"@type":"ImageObject","inLanguage":"ro-RO","@id":"https:\/\/secure.gravatar.com\/avatar\/5a67661041f057b4a8ccaf26f5a8e86e2689372006d01faf3dd9eeb10b654bb4?s=96&d=mm&r=g","url":"https:\/\/secure.gravatar.com\/avatar\/5a67661041f057b4a8ccaf26f5a8e86e2689372006d01faf3dd9eeb10b654bb4?s=96&d=mm&r=g","contentUrl":"https:\/\/secure.gravatar.com\/avatar\/5a67661041f057b4a8ccaf26f5a8e86e2689372006d01faf3dd9eeb10b654bb4?s=96&d=mm&r=g","caption":"Cristina Ganga"},"description":"Jurnalist","sameAs":["https:\/\/www.facebook.com\/cristina.nicola.587"],"url":"https:\/\/urbeamea.ro\/albaiulia\/author\/cristina-nicola\/"}]}},"_links":{"self":[{"href":"https:\/\/urbeamea.ro\/albaiulia\/wp-json\/wp\/v2\/posts\/51423","targetHints":{"allow":["GET"]}}],"collection":[{"href":"https:\/\/urbeamea.ro\/albaiulia\/wp-json\/wp\/v2\/posts"}],"about":[{"href":"https:\/\/urbeamea.ro\/albaiulia\/wp-json\/wp\/v2\/types\/post"}],"author":[{"embeddable":true,"href":"https:\/\/urbeamea.ro\/albaiulia\/wp-json\/wp\/v2\/users\/17"}],"replies":[{"embeddable":true,"href":"https:\/\/urbeamea.ro\/albaiulia\/wp-json\/wp\/v2\/comments?post=51423"}],"version-history":[{"count":0,"href":"https:\/\/urbeamea.ro\/albaiulia\/wp-json\/wp\/v2\/posts\/51423\/revisions"}],"wp:featuredmedia":[{"embeddable":true,"href":"https:\/\/urbeamea.ro\/albaiulia\/wp-json\/wp\/v2\/media\/18354"}],"wp:attachment":[{"href":"https:\/\/urbeamea.ro\/albaiulia\/wp-json\/wp\/v2\/media?parent=51423"}],"wp:term":[{"taxonomy":"category","embeddable":true,"href":"https:\/\/urbeamea.ro\/albaiulia\/wp-json\/wp\/v2\/categories?post=51423"},{"taxonomy":"post_tag","embeddable":true,"href":"https:\/\/urbeamea.ro\/albaiulia\/wp-json\/wp\/v2\/tags?post=51423"}],"curies":[{"name":"wp","href":"https:\/\/api.w.org\/{rel}","templated":true}]}}