{"id":51506,"date":"2017-08-29T08:00:40","date_gmt":"2017-08-29T05:00:40","guid":{"rendered":"https:\/\/urbeamea.ro\/albaiulia\/?p=51506"},"modified":"2017-08-29T10:13:55","modified_gmt":"2017-08-29T07:13:55","slug":"aiudul-intre-centrele-culturale-ale-europei","status":"publish","type":"post","link":"https:\/\/urbeamea.ro\/albaiulia\/aiudul-intre-centrele-culturale-ale-europei\/","title":{"rendered":"Aiudul \u00eentre centrele culturale ale Europei"},"content":{"rendered":"<div id=\"yiv9418007140yui_3_16_0_ym19_1_1503898491964_2625\">\n<div id=\"yiv3902511232yui_3_16_0_ym19_1_1503898491964_2570\">\n<p>A XXII-a edi\u0163ie a Taberei Interna\u0163ionale de Art\u0103 Plastic\u0103 Inter-Art, 2017 a reunit la Aiud arti\u015fti\u00a0 valoaro\u015fi care au reu\u015fit s\u0103 realizeze \u00eempreun\u0103 un spa\u0163iu cultural important \u015fi de \u0163inut\u0103 artistic\u0103. Au fost prezen\u0163i arti\u015ftii din: <strong>Albania<\/strong>: Oriola Kureta Semenescu, <strong>Bulgaria<\/strong>: Dimitar Velichkov, Plamen Kirilov, <strong>Canada<\/strong>: Susie Veroff, <strong>Danemarca<\/strong>: Rich Dethlefsen, <strong>Egipt<\/strong>: Chadi Salama, <strong>Franta<\/strong>: Catherine Chr\u00e9tien, <strong>Germania<\/strong>: Katrin Hamann, Gerd Messmann, <strong>Haiti<\/strong>: Patrick Cauvin, Veronica Frisch, Meyer Daphne, <strong>India<\/strong>: Vikas Khajuria, <strong>Italia<\/strong>: Giuseppe Strano Spitu, <strong>Malaezia<\/strong>: Tee Sin Lem, <strong>Mexic<\/strong>: Elena Luz Pomar Jim\u00e1nez, <strong>Olanda<\/strong>: Agota Veres, <strong>Polonia<\/strong>: Joanna Paljocha, <strong>Republica Coreea<\/strong>: Clemens Beungkun Sou, <strong>Republica Moldova<\/strong>: \u0218tirbu Gheorghe, <strong>Serbia<\/strong>: Miroslav Mandic, <strong>Slovenia<\/strong>: Lojze Kalin\u0161ek, <strong>Turcia<\/strong>: Z\u00fcmr\u00fct \u00d6zmen, <strong>Ucraina<\/strong>: Liudmyla Borshosh &#8211; Litun, <strong>Ungaria<\/strong>: L\u00e1ng Eszter, <strong>SUA:<\/strong> Patricia Goodrich, <strong>Rom\u00e2nia<\/strong>: Horv\u00e1th Gy\u00f6ngyv\u00e9r, Ana Pantea, Elena Cristea, Anca Sas, Ecaterina Poca, Mena Zapototchi, S\u00e1ndor Albert, Andrei Bak\u00f3, Mihaela Bak\u00f3, Victor Cacovean, Lixandru Robert, Zolt\u00e1n Balog, Stefan Balog.<\/p>\n<p>Prin programul s\u0103u complex \u015fi num\u0103rul important de arti\u015fti participan\u0163i, tab\u0103ra aiudean\u0103 se constituie, \u00een sine, \u00eentr-un demers artistic inedit. Expozi\u0163iile propuse pentru aceast\u0103 edi\u0163ie au prezentat publicului spa\u0163ii noi de exprimare artistic\u0103: la Castelul Corvinilor au fost vernisate dou\u0103 expozi\u0163ii, una realizat\u0103 de Ozlem Kalkan Erenus din Turcia \u015fi o expozi\u0163ie cu lucr\u0103ri din colec\u0163ia de art\u0103 plastic\u0103 a Funda\u0163iei Inter Art Aiud. La Muzeul Na\u0163ional al Unirii din\u00a0 Alba Iulia au fost vernisate expozi\u0163iile semnate de Oriola Kureta Semenescu din Albania \u015fi Gerd Messmann din Germania. Aiudul a gazduit : expozi\u0163ia International\u0103 de Mail Art, expozi\u0163ia de art\u0103 plastic\u0103 Anca Sas, expozitia de grafic\u0103 Susie Veroff din Canada, expozi\u0163ia de fotografie artistic\u0103 Robert Lixandru \u015fi expozi\u0163ia de \u00eenchidere\u00a0 a taberei de art\u0103.<\/p>\n<p>Expozitia final\u0103 a fost onorat\u0103 de prezen\u0163a: dnei Helga Lorincz, viceprimar, a dlui Liviu Florea city manager, a dlui Dumitru Fulea, vicepresedinte CJ Alba, a dlui Sorin Bumb, deputat, a unor personalit\u0103\u0163i ale culturii contemporane \u015fi a unui valoros public.<\/p>\n<p>De remarcat c\u0103 datorit\u0103 valorii expozi\u0163ia final\u0103 a taberei va fi deschis\u0103 \u015fi la Muzeul de Art\u0103 din Cluj Napoca \u00een perioada 28 august \u2013 17 septembrie 2017.<\/p>\n<p>Programul taberei a cuprins vizite la Cetatea Alba Carolina, Castelul Corvinilor, satul Rimetea \u015fi recitaluri de muzic\u0103 sus\u0163inute de Buse si Ali Erenus (din Turcia), Silvan St\u00e2ncel, Emilia \u015fi Marius Moga.<\/p>\n<p>Cea de-a XXII-a edi\u0163ie a Taberei Interna\u0163ionale de Art\u0103 Plastic\u0103 Inter-Art, Aiud 2017, se constituie \u00eentr-unul dintre cele mai valoroase \u015fi importante momente ale redefinirii spa\u0163iului cultural actual, \u00eentr-o structur\u0103 de art\u0103 \u00een care competen\u0163a, valoarea \u015fi multiculturalismul reprezint\u0103 caracteristici ale lumii contemporane. Un demers calitativ dar \u015fi alternativ al spa\u0163iului cultural \u015fi artistic autentic.<\/p>\n<p>\u015ei \u00een acest an, prin Tab\u0103ra Interna\u0163ional\u0103 Inter-Art, Aiudul se \u00eenscrie \u00een galeria marilor centre de cultur\u0103 contemporan\u0103, devenind un important promotor al artelor plastice, al spa\u0163iului artistic, al valorilor culturale \u015fi al actului artistic contemporan.<\/p>\n<\/div>\n<div id=\"yiv3902511232yui_3_16_0_ym19_1_1503898491964_2622\"><span id=\"yiv3902511232yui_3_16_0_ym19_1_1503898491964_2623\" lang=\"EN-US\">Ioan H\u0103d\u0103rig<\/span><\/div>\n<div id=\"yiv3902511232yui_3_16_0_ym19_1_1503898491964_2625\"><span id=\"yiv3902511232yui_3_16_0_ym19_1_1503898491964_2626\" lang=\"EN-US\">Director artistic Inter Art Aiud<\/span><\/div>\n<div id=\"yiv3902511232yui_3_16_0_ym19_1_1503898491964_2631\"><span id=\"yiv3902511232yui_3_16_0_ym19_1_1503898491964_2632\" lang=\"EN-US\">\u00a0<\/span><\/div>\n<div id=\"yiv3902511232yui_3_16_0_ym19_1_1503898491964_2634\"><span id=\"yiv3902511232yui_3_16_0_ym19_1_1503898491964_2635\" lang=\"EN-US\">Organizatori:<\/span><\/div>\n<div id=\"yiv3902511232yui_3_16_0_ym19_1_1503898491964_2637\"><span id=\"yiv3902511232yui_3_16_0_ym19_1_1503898491964_2638\" lang=\"EN-US\"><br id=\"yiv3902511232yui_3_16_0_ym19_1_1503898491964_2639\" \/><span id=\"yiv3902511232yui_3_16_0_ym19_1_1503898491964_2640\">Funda\u0163ia &#8222;Inter-Art&#8221; Aiud<\/span><br id=\"yiv3902511232yui_3_16_0_ym19_1_1503898491964_2641\" \/><span id=\"yiv3902511232yui_3_16_0_ym19_1_1503898491964_2642\">Centrul Cultural &#8222;Liviu Rebreanu&#8221; Aiud<\/span><br id=\"yiv3902511232yui_3_16_0_ym19_1_1503898491964_2643\" \/><span id=\"yiv3902511232yui_3_16_0_ym19_1_1503898491964_2644\">Prim\u0103ria &#8211; Consiliul Local Aiud<\/span><br id=\"yiv3902511232yui_3_16_0_ym19_1_1503898491964_2645\" \/><span id=\"yiv3902511232yui_3_16_0_ym19_1_1503898491964_2646\">Guvernul Rom\u00e2niei &#8211; Departamentul pentru Rela\u0163ii Interetnice<br id=\"yiv3902511232yui_3_16_0_ym19_1_1503898491964_2647\" \/><span id=\"yiv3902511232yui_3_16_0_ym19_1_1503898491964_2648\">Institutul Cultural Rom\u00e2n<\/span><br id=\"yiv3902511232yui_3_16_0_ym19_1_1503898491964_2649\" \/><span id=\"yiv3902511232yui_3_16_0_ym19_1_1503898491964_2650\">Consiliul Jude\u0163ean Alba<\/span><br id=\"yiv3902511232yui_3_16_0_ym19_1_1503898491964_2651\" \/><span id=\"yiv3902511232yui_3_16_0_ym19_1_1503898491964_2652\">Centrul de Cultur\u0103 &#8222;Augustin Bena&#8221; Alba<\/span><span id=\"yiv3902511232yui_3_16_0_ym19_1_1503898491964_2653\">\u00a0<\/span><br id=\"yiv3902511232yui_3_16_0_ym19_1_1503898491964_2654\" \/><br id=\"yiv3902511232yui_3_16_0_ym19_1_1503898491964_2655\" \/><span id=\"yiv3902511232yui_3_16_0_ym19_1_1503898491964_2656\">Parteneri:<\/span><\/span><\/span><\/div>\n<div id=\"yiv3902511232yui_3_16_0_ym19_1_1503898491964_2658\"><span id=\"yiv3902511232yui_3_16_0_ym19_1_1503898491964_2659\" lang=\"EN-US\"><br id=\"yiv3902511232yui_3_16_0_ym19_1_1503898491964_2660\" \/><span id=\"yiv3902511232yui_3_16_0_ym19_1_1503898491964_2661\">Muzeul Na\u0163ional al Unirii Alba Iulia<\/span><br id=\"yiv3902511232yui_3_16_0_ym19_1_1503898491964_2662\" \/><span id=\"yiv3902511232yui_3_16_0_ym19_1_1503898491964_2663\">Muzeul de Art\u0103 Cluj-Napoca<\/span><br id=\"yiv3902511232yui_3_16_0_ym19_1_1503898491964_2664\" \/><span id=\"yiv3902511232yui_3_16_0_ym19_1_1503898491964_2665\">Muzeul \u201eCastelul Corvinilor&#8221; Hunedoara<\/span><br id=\"yiv3902511232yui_3_16_0_ym19_1_1503898491964_2666\" \/><span id=\"yiv3902511232yui_3_16_0_ym19_1_1503898491964_2667\">Biblioteca Jude\u0163ean\u0103 &#8222;Lucian Blaga&#8221; Alba<\/span><br id=\"yiv3902511232yui_3_16_0_ym19_1_1503898491964_2668\" \/><span id=\"yiv3902511232yui_3_16_0_ym19_1_1503898491964_2669\">Asocia\u0163ia Grupul Skepsis Alba Iulia<\/span><br id=\"yiv3902511232yui_3_16_0_ym19_1_1503898491964_2670\" \/><span id=\"yiv3902511232yui_3_16_0_ym19_1_1503898491964_2671\">Asocia\u0163ia Promart Haiti<\/span><br id=\"yiv3902511232yui_3_16_0_ym19_1_1503898491964_2672\" \/><span id=\"yiv3902511232yui_3_16_0_ym19_1_1503898491964_2673\">Consulatul General al Republicii Haiti la Paris<\/span><br id=\"yiv3902511232yui_3_16_0_ym19_1_1503898491964_2674\" \/><span id=\"yiv3902511232yui_3_16_0_ym19_1_1503898491964_2675\">Asocia\u0163ia Echanges &amp; Partage Fran\u021ba<\/span><\/span><\/div>\n<\/div>\n<div><\/div>\n<div id=\"yiv9418007140yui_3_16_0_ym19_1_1503898491964_2625\">\n<div id=\"yiv3902511232yui_3_16_0_ym19_1_1503898491964_2677\" dir=\"ltr\"><span id=\"yiv3902511232yui_3_16_0_ym19_1_1503898491964_2678\" lang=\"EN-US\"><span id=\"yiv3902511232yui_3_16_0_ym19_1_1503898491964_2681\">detalii:<\/span><span id=\"yiv3902511232yui_3_16_0_ym19_1_1503898491964_2682\">\u00a0<\/span><span id=\"yiv3902511232yui_3_16_0_ym19_1_1503898491964_2683\"><a id=\"yiv3902511232yui_3_16_0_ym19_1_1503898491964_2738\" class=\"yiv3902511232\" href=\"http:\/\/www.inter-art.ro\/tabara2017\/\" target=\"_blank\" rel=\"noreferrer noopener\">http:\/\/www.inter-art.ro\/tabara2017\/<\/a><\/span><\/span><\/div>\n<div dir=\"ltr\"><\/div>\n<\/div>\n<div dir=\"ltr\">\n<div id='gallery-1' class='gallery galleryid-51506 gallery-columns-4 gallery-size-thumbnail'><figure class='gallery-item'>\n\t\t\t<div class='gallery-icon landscape'>\n\t\t\t\t<a href='https:\/\/urbeamea.ro\/albaiulia\/wp-content\/uploads\/2017\/08\/IMG_9287.jpg'><img decoding=\"async\" width=\"150\" height=\"100\" src=\"data:image\/png;base64,iVBORw0KGgoAAAANSUhEUgAAAYYAAADcAQMAAABOLJSDAAAAA1BMVEUAAACnej3aAAAAAXRSTlMAQObYZgAAACJJREFUaIHtwTEBAAAAwqD1T20ND6AAAAAAAAAAAAAA4N8AKvgAAUFIrrEAAAAASUVORK5CYII=\" class=\"attachment-thumbnail size-thumbnail lazy-img\" alt=\"\" srcset=\"https:\/\/urbeamea.ro\/albaiulia\/wp-content\/uploads\/2017\/08\/IMG_9287-150x100.jpg 150w, https:\/\/urbeamea.ro\/albaiulia\/wp-content\/uploads\/2017\/08\/IMG_9287-640x427.jpg 640w, https:\/\/urbeamea.ro\/albaiulia\/wp-content\/uploads\/2017\/08\/IMG_9287-768x512.jpg 768w, https:\/\/urbeamea.ro\/albaiulia\/wp-content\/uploads\/2017\/08\/IMG_9287.jpg 1152w\" sizes=\"auto, (max-width: 150px) 100vw, 150px\" data-src=\"https:\/\/urbeamea.ro\/albaiulia\/wp-content\/uploads\/2017\/08\/IMG_9287-150x100.jpg\" loading=\"lazy\" \/><\/a>\n\t\t\t<\/div><\/figure><figure class='gallery-item'>\n\t\t\t<div class='gallery-icon landscape'>\n\t\t\t\t<a href='https:\/\/urbeamea.ro\/albaiulia\/wp-content\/uploads\/2017\/08\/IMG_9318.jpg'><img decoding=\"async\" width=\"150\" height=\"100\" src=\"data:image\/png;base64,iVBORw0KGgoAAAANSUhEUgAAAYYAAADcAQMAAABOLJSDAAAAA1BMVEUAAACnej3aAAAAAXRSTlMAQObYZgAAACJJREFUaIHtwTEBAAAAwqD1T20ND6AAAAAAAAAAAAAA4N8AKvgAAUFIrrEAAAAASUVORK5CYII=\" class=\"attachment-thumbnail size-thumbnail lazy-img\" alt=\"\" srcset=\"https:\/\/urbeamea.ro\/albaiulia\/wp-content\/uploads\/2017\/08\/IMG_9318-150x100.jpg 150w, https:\/\/urbeamea.ro\/albaiulia\/wp-content\/uploads\/2017\/08\/IMG_9318-640x427.jpg 640w, https:\/\/urbeamea.ro\/albaiulia\/wp-content\/uploads\/2017\/08\/IMG_9318-768x512.jpg 768w, https:\/\/urbeamea.ro\/albaiulia\/wp-content\/uploads\/2017\/08\/IMG_9318.jpg 1152w\" sizes=\"auto, (max-width: 150px) 100vw, 150px\" data-src=\"https:\/\/urbeamea.ro\/albaiulia\/wp-content\/uploads\/2017\/08\/IMG_9318-150x100.jpg\" loading=\"lazy\" \/><\/a>\n\t\t\t<\/div><\/figure><figure class='gallery-item'>\n\t\t\t<div class='gallery-icon landscape'>\n\t\t\t\t<a href='https:\/\/urbeamea.ro\/albaiulia\/wp-content\/uploads\/2017\/08\/IMG_9370-Panorama_2.jpg'><img decoding=\"async\" width=\"150\" height=\"59\" src=\"data:image\/png;base64,iVBORw0KGgoAAAANSUhEUgAAAYYAAADcAQMAAABOLJSDAAAAA1BMVEUAAACnej3aAAAAAXRSTlMAQObYZgAAACJJREFUaIHtwTEBAAAAwqD1T20ND6AAAAAAAAAAAAAA4N8AKvgAAUFIrrEAAAAASUVORK5CYII=\" class=\"attachment-thumbnail size-thumbnail lazy-img\" alt=\"\" srcset=\"https:\/\/urbeamea.ro\/albaiulia\/wp-content\/uploads\/2017\/08\/IMG_9370-Panorama_2-150x59.jpg 150w, https:\/\/urbeamea.ro\/albaiulia\/wp-content\/uploads\/2017\/08\/IMG_9370-Panorama_2-640x251.jpg 640w, https:\/\/urbeamea.ro\/albaiulia\/wp-content\/uploads\/2017\/08\/IMG_9370-Panorama_2-768x301.jpg 768w, https:\/\/urbeamea.ro\/albaiulia\/wp-content\/uploads\/2017\/08\/IMG_9370-Panorama_2.jpg 1200w\" sizes=\"auto, (max-width: 150px) 100vw, 150px\" data-src=\"https:\/\/urbeamea.ro\/albaiulia\/wp-content\/uploads\/2017\/08\/IMG_9370-Panorama_2-150x59.jpg\" loading=\"lazy\" \/><\/a>\n\t\t\t<\/div><\/figure><figure class='gallery-item'>\n\t\t\t<div class='gallery-icon landscape'>\n\t\t\t\t<a href='https:\/\/urbeamea.ro\/albaiulia\/wp-content\/uploads\/2017\/08\/IMG_9502.jpg'><img decoding=\"async\" width=\"150\" height=\"100\" src=\"data:image\/png;base64,iVBORw0KGgoAAAANSUhEUgAAAYYAAADcAQMAAABOLJSDAAAAA1BMVEUAAACnej3aAAAAAXRSTlMAQObYZgAAACJJREFUaIHtwTEBAAAAwqD1T20ND6AAAAAAAAAAAAAA4N8AKvgAAUFIrrEAAAAASUVORK5CYII=\" class=\"attachment-thumbnail size-thumbnail lazy-img\" alt=\"\" srcset=\"https:\/\/urbeamea.ro\/albaiulia\/wp-content\/uploads\/2017\/08\/IMG_9502-150x100.jpg 150w, https:\/\/urbeamea.ro\/albaiulia\/wp-content\/uploads\/2017\/08\/IMG_9502-640x427.jpg 640w, https:\/\/urbeamea.ro\/albaiulia\/wp-content\/uploads\/2017\/08\/IMG_9502-768x512.jpg 768w, https:\/\/urbeamea.ro\/albaiulia\/wp-content\/uploads\/2017\/08\/IMG_9502.jpg 1152w\" sizes=\"auto, (max-width: 150px) 100vw, 150px\" data-src=\"https:\/\/urbeamea.ro\/albaiulia\/wp-content\/uploads\/2017\/08\/IMG_9502-150x100.jpg\" loading=\"lazy\" \/><\/a>\n\t\t\t<\/div><\/figure><figure class='gallery-item'>\n\t\t\t<div class='gallery-icon landscape'>\n\t\t\t\t<a href='https:\/\/urbeamea.ro\/albaiulia\/wp-content\/uploads\/2017\/08\/n.jpg'><img decoding=\"async\" width=\"150\" height=\"84\" src=\"data:image\/png;base64,iVBORw0KGgoAAAANSUhEUgAAAYYAAADcAQMAAABOLJSDAAAAA1BMVEUAAACnej3aAAAAAXRSTlMAQObYZgAAACJJREFUaIHtwTEBAAAAwqD1T20ND6AAAAAAAAAAAAAA4N8AKvgAAUFIrrEAAAAASUVORK5CYII=\" class=\"attachment-thumbnail size-thumbnail lazy-img\" alt=\"\" srcset=\"https:\/\/urbeamea.ro\/albaiulia\/wp-content\/uploads\/2017\/08\/n-150x84.jpg 150w, https:\/\/urbeamea.ro\/albaiulia\/wp-content\/uploads\/2017\/08\/n-640x360.jpg 640w, https:\/\/urbeamea.ro\/albaiulia\/wp-content\/uploads\/2017\/08\/n-768x432.jpg 768w, https:\/\/urbeamea.ro\/albaiulia\/wp-content\/uploads\/2017\/08\/n-819x452.jpg 819w, https:\/\/urbeamea.ro\/albaiulia\/wp-content\/uploads\/2017\/08\/n.jpg 960w\" sizes=\"auto, (max-width: 150px) 100vw, 150px\" data-src=\"https:\/\/urbeamea.ro\/albaiulia\/wp-content\/uploads\/2017\/08\/n-150x84.jpg\" loading=\"lazy\" \/><\/a>\n\t\t\t<\/div><\/figure><figure class='gallery-item'>\n\t\t\t<div class='gallery-icon landscape'>\n\t\t\t\t<a href='https:\/\/urbeamea.ro\/albaiulia\/wp-content\/uploads\/2017\/08\/1.jpg'><img decoding=\"async\" width=\"150\" height=\"101\" src=\"data:image\/png;base64,iVBORw0KGgoAAAANSUhEUgAAAYYAAADcAQMAAABOLJSDAAAAA1BMVEUAAACnej3aAAAAAXRSTlMAQObYZgAAACJJREFUaIHtwTEBAAAAwqD1T20ND6AAAAAAAAAAAAAA4N8AKvgAAUFIrrEAAAAASUVORK5CYII=\" class=\"attachment-thumbnail size-thumbnail lazy-img\" alt=\"\" srcset=\"https:\/\/urbeamea.ro\/albaiulia\/wp-content\/uploads\/2017\/08\/1-150x101.jpg 150w, https:\/\/urbeamea.ro\/albaiulia\/wp-content\/uploads\/2017\/08\/1-640x429.jpg 640w, https:\/\/urbeamea.ro\/albaiulia\/wp-content\/uploads\/2017\/08\/1-768x515.jpg 768w, https:\/\/urbeamea.ro\/albaiulia\/wp-content\/uploads\/2017\/08\/1.jpg 960w\" sizes=\"auto, (max-width: 150px) 100vw, 150px\" data-src=\"https:\/\/urbeamea.ro\/albaiulia\/wp-content\/uploads\/2017\/08\/1-150x101.jpg\" loading=\"lazy\" \/><\/a>\n\t\t\t<\/div><\/figure><figure class='gallery-item'>\n\t\t\t<div class='gallery-icon landscape'>\n\t\t\t\t<a href='https:\/\/urbeamea.ro\/albaiulia\/wp-content\/uploads\/2017\/08\/a-1.jpg'><img decoding=\"async\" width=\"150\" height=\"100\" src=\"data:image\/png;base64,iVBORw0KGgoAAAANSUhEUgAAAYYAAADcAQMAAABOLJSDAAAAA1BMVEUAAACnej3aAAAAAXRSTlMAQObYZgAAACJJREFUaIHtwTEBAAAAwqD1T20ND6AAAAAAAAAAAAAA4N8AKvgAAUFIrrEAAAAASUVORK5CYII=\" class=\"attachment-thumbnail size-thumbnail lazy-img\" alt=\"\" srcset=\"https:\/\/urbeamea.ro\/albaiulia\/wp-content\/uploads\/2017\/08\/a-1-150x100.jpg 150w, https:\/\/urbeamea.ro\/albaiulia\/wp-content\/uploads\/2017\/08\/a-1-640x427.jpg 640w, https:\/\/urbeamea.ro\/albaiulia\/wp-content\/uploads\/2017\/08\/a-1-768x512.jpg 768w, https:\/\/urbeamea.ro\/albaiulia\/wp-content\/uploads\/2017\/08\/a-1.jpg 960w\" sizes=\"auto, (max-width: 150px) 100vw, 150px\" data-src=\"https:\/\/urbeamea.ro\/albaiulia\/wp-content\/uploads\/2017\/08\/a-1-150x100.jpg\" loading=\"lazy\" \/><\/a>\n\t\t\t<\/div><\/figure><figure class='gallery-item'>\n\t\t\t<div class='gallery-icon landscape'>\n\t\t\t\t<a href='https:\/\/urbeamea.ro\/albaiulia\/wp-content\/uploads\/2017\/08\/a-2.jpg'><img decoding=\"async\" width=\"150\" height=\"111\" src=\"data:image\/png;base64,iVBORw0KGgoAAAANSUhEUgAAAYYAAADcAQMAAABOLJSDAAAAA1BMVEUAAACnej3aAAAAAXRSTlMAQObYZgAAACJJREFUaIHtwTEBAAAAwqD1T20ND6AAAAAAAAAAAAAA4N8AKvgAAUFIrrEAAAAASUVORK5CYII=\" class=\"attachment-thumbnail size-thumbnail lazy-img\" alt=\"\" srcset=\"https:\/\/urbeamea.ro\/albaiulia\/wp-content\/uploads\/2017\/08\/a-2-150x111.jpg 150w, https:\/\/urbeamea.ro\/albaiulia\/wp-content\/uploads\/2017\/08\/a-2-640x473.jpg 640w, https:\/\/urbeamea.ro\/albaiulia\/wp-content\/uploads\/2017\/08\/a-2-768x567.jpg 768w, https:\/\/urbeamea.ro\/albaiulia\/wp-content\/uploads\/2017\/08\/a-2.jpg 960w\" sizes=\"auto, (max-width: 150px) 100vw, 150px\" data-src=\"https:\/\/urbeamea.ro\/albaiulia\/wp-content\/uploads\/2017\/08\/a-2-150x111.jpg\" loading=\"lazy\" \/><\/a>\n\t\t\t<\/div><\/figure><figure class='gallery-item'>\n\t\t\t<div class='gallery-icon landscape'>\n\t\t\t\t<a href='https:\/\/urbeamea.ro\/albaiulia\/wp-content\/uploads\/2017\/08\/a-3.jpg'><img decoding=\"async\" width=\"150\" height=\"100\" src=\"data:image\/png;base64,iVBORw0KGgoAAAANSUhEUgAAAYYAAADcAQMAAABOLJSDAAAAA1BMVEUAAACnej3aAAAAAXRSTlMAQObYZgAAACJJREFUaIHtwTEBAAAAwqD1T20ND6AAAAAAAAAAAAAA4N8AKvgAAUFIrrEAAAAASUVORK5CYII=\" class=\"attachment-thumbnail size-thumbnail lazy-img\" alt=\"\" srcset=\"https:\/\/urbeamea.ro\/albaiulia\/wp-content\/uploads\/2017\/08\/a-3-150x100.jpg 150w, https:\/\/urbeamea.ro\/albaiulia\/wp-content\/uploads\/2017\/08\/a-3-640x427.jpg 640w, https:\/\/urbeamea.ro\/albaiulia\/wp-content\/uploads\/2017\/08\/a-3-768x512.jpg 768w, https:\/\/urbeamea.ro\/albaiulia\/wp-content\/uploads\/2017\/08\/a-3.jpg 960w\" sizes=\"auto, (max-width: 150px) 100vw, 150px\" data-src=\"https:\/\/urbeamea.ro\/albaiulia\/wp-content\/uploads\/2017\/08\/a-3-150x100.jpg\" loading=\"lazy\" \/><\/a>\n\t\t\t<\/div><\/figure><figure class='gallery-item'>\n\t\t\t<div class='gallery-icon landscape'>\n\t\t\t\t<a href='https:\/\/urbeamea.ro\/albaiulia\/wp-content\/uploads\/2017\/08\/a-4.jpg'><img decoding=\"async\" width=\"150\" height=\"100\" src=\"data:image\/png;base64,iVBORw0KGgoAAAANSUhEUgAAAYYAAADcAQMAAABOLJSDAAAAA1BMVEUAAACnej3aAAAAAXRSTlMAQObYZgAAACJJREFUaIHtwTEBAAAAwqD1T20ND6AAAAAAAAAAAAAA4N8AKvgAAUFIrrEAAAAASUVORK5CYII=\" class=\"attachment-thumbnail size-thumbnail lazy-img\" alt=\"\" srcset=\"https:\/\/urbeamea.ro\/albaiulia\/wp-content\/uploads\/2017\/08\/a-4-150x100.jpg 150w, https:\/\/urbeamea.ro\/albaiulia\/wp-content\/uploads\/2017\/08\/a-4-640x427.jpg 640w, https:\/\/urbeamea.ro\/albaiulia\/wp-content\/uploads\/2017\/08\/a-4-768x512.jpg 768w, https:\/\/urbeamea.ro\/albaiulia\/wp-content\/uploads\/2017\/08\/a-4.jpg 960w\" sizes=\"auto, (max-width: 150px) 100vw, 150px\" data-src=\"https:\/\/urbeamea.ro\/albaiulia\/wp-content\/uploads\/2017\/08\/a-4-150x100.jpg\" loading=\"lazy\" \/><\/a>\n\t\t\t<\/div><\/figure><figure class='gallery-item'>\n\t\t\t<div class='gallery-icon landscape'>\n\t\t\t\t<a href='https:\/\/urbeamea.ro\/albaiulia\/wp-content\/uploads\/2017\/08\/a-5-1.jpg'><img decoding=\"async\" width=\"150\" height=\"100\" src=\"data:image\/png;base64,iVBORw0KGgoAAAANSUhEUgAAAYYAAADcAQMAAABOLJSDAAAAA1BMVEUAAACnej3aAAAAAXRSTlMAQObYZgAAACJJREFUaIHtwTEBAAAAwqD1T20ND6AAAAAAAAAAAAAA4N8AKvgAAUFIrrEAAAAASUVORK5CYII=\" class=\"attachment-thumbnail size-thumbnail lazy-img\" alt=\"\" srcset=\"https:\/\/urbeamea.ro\/albaiulia\/wp-content\/uploads\/2017\/08\/a-5-1-150x100.jpg 150w, https:\/\/urbeamea.ro\/albaiulia\/wp-content\/uploads\/2017\/08\/a-5-1-640x427.jpg 640w, https:\/\/urbeamea.ro\/albaiulia\/wp-content\/uploads\/2017\/08\/a-5-1-768x512.jpg 768w, https:\/\/urbeamea.ro\/albaiulia\/wp-content\/uploads\/2017\/08\/a-5-1.jpg 960w\" sizes=\"auto, (max-width: 150px) 100vw, 150px\" data-src=\"https:\/\/urbeamea.ro\/albaiulia\/wp-content\/uploads\/2017\/08\/a-5-1-150x100.jpg\" loading=\"lazy\" \/><\/a>\n\t\t\t<\/div><\/figure><figure class='gallery-item'>\n\t\t\t<div class='gallery-icon landscape'>\n\t\t\t\t<a href='https:\/\/urbeamea.ro\/albaiulia\/wp-content\/uploads\/2017\/08\/a-6.jpg'><img decoding=\"async\" width=\"150\" height=\"84\" src=\"data:image\/png;base64,iVBORw0KGgoAAAANSUhEUgAAAYYAAADcAQMAAABOLJSDAAAAA1BMVEUAAACnej3aAAAAAXRSTlMAQObYZgAAACJJREFUaIHtwTEBAAAAwqD1T20ND6AAAAAAAAAAAAAA4N8AKvgAAUFIrrEAAAAASUVORK5CYII=\" class=\"attachment-thumbnail size-thumbnail lazy-img\" alt=\"\" srcset=\"https:\/\/urbeamea.ro\/albaiulia\/wp-content\/uploads\/2017\/08\/a-6-150x84.jpg 150w, https:\/\/urbeamea.ro\/albaiulia\/wp-content\/uploads\/2017\/08\/a-6-640x360.jpg 640w, https:\/\/urbeamea.ro\/albaiulia\/wp-content\/uploads\/2017\/08\/a-6-768x432.jpg 768w, https:\/\/urbeamea.ro\/albaiulia\/wp-content\/uploads\/2017\/08\/a-6-819x452.jpg 819w, https:\/\/urbeamea.ro\/albaiulia\/wp-content\/uploads\/2017\/08\/a-6.jpg 960w\" sizes=\"auto, (max-width: 150px) 100vw, 150px\" data-src=\"https:\/\/urbeamea.ro\/albaiulia\/wp-content\/uploads\/2017\/08\/a-6-150x84.jpg\" loading=\"lazy\" \/><\/a>\n\t\t\t<\/div><\/figure><figure class='gallery-item'>\n\t\t\t<div class='gallery-icon landscape'>\n\t\t\t\t<a href='https:\/\/urbeamea.ro\/albaiulia\/wp-content\/uploads\/2017\/08\/a-7.jpg'><img decoding=\"async\" width=\"150\" height=\"100\" src=\"data:image\/png;base64,iVBORw0KGgoAAAANSUhEUgAAAYYAAADcAQMAAABOLJSDAAAAA1BMVEUAAACnej3aAAAAAXRSTlMAQObYZgAAACJJREFUaIHtwTEBAAAAwqD1T20ND6AAAAAAAAAAAAAA4N8AKvgAAUFIrrEAAAAASUVORK5CYII=\" class=\"attachment-thumbnail size-thumbnail lazy-img\" alt=\"\" srcset=\"https:\/\/urbeamea.ro\/albaiulia\/wp-content\/uploads\/2017\/08\/a-7-150x100.jpg 150w, https:\/\/urbeamea.ro\/albaiulia\/wp-content\/uploads\/2017\/08\/a-7-640x427.jpg 640w, https:\/\/urbeamea.ro\/albaiulia\/wp-content\/uploads\/2017\/08\/a-7-768x512.jpg 768w, https:\/\/urbeamea.ro\/albaiulia\/wp-content\/uploads\/2017\/08\/a-7.jpg 960w\" sizes=\"auto, (max-width: 150px) 100vw, 150px\" data-src=\"https:\/\/urbeamea.ro\/albaiulia\/wp-content\/uploads\/2017\/08\/a-7-150x100.jpg\" loading=\"lazy\" \/><\/a>\n\t\t\t<\/div><\/figure><figure class='gallery-item'>\n\t\t\t<div class='gallery-icon landscape'>\n\t\t\t\t<a href='https:\/\/urbeamea.ro\/albaiulia\/wp-content\/uploads\/2017\/08\/a-8.jpg'><img decoding=\"async\" width=\"150\" height=\"100\" src=\"data:image\/png;base64,iVBORw0KGgoAAAANSUhEUgAAAYYAAADcAQMAAABOLJSDAAAAA1BMVEUAAACnej3aAAAAAXRSTlMAQObYZgAAACJJREFUaIHtwTEBAAAAwqD1T20ND6AAAAAAAAAAAAAA4N8AKvgAAUFIrrEAAAAASUVORK5CYII=\" class=\"attachment-thumbnail size-thumbnail lazy-img\" alt=\"\" srcset=\"https:\/\/urbeamea.ro\/albaiulia\/wp-content\/uploads\/2017\/08\/a-8-150x100.jpg 150w, https:\/\/urbeamea.ro\/albaiulia\/wp-content\/uploads\/2017\/08\/a-8-640x427.jpg 640w, https:\/\/urbeamea.ro\/albaiulia\/wp-content\/uploads\/2017\/08\/a-8-768x512.jpg 768w, https:\/\/urbeamea.ro\/albaiulia\/wp-content\/uploads\/2017\/08\/a-8.jpg 960w\" sizes=\"auto, (max-width: 150px) 100vw, 150px\" data-src=\"https:\/\/urbeamea.ro\/albaiulia\/wp-content\/uploads\/2017\/08\/a-8-150x100.jpg\" loading=\"lazy\" \/><\/a>\n\t\t\t<\/div><\/figure><figure class='gallery-item'>\n\t\t\t<div class='gallery-icon landscape'>\n\t\t\t\t<a href='https:\/\/urbeamea.ro\/albaiulia\/wp-content\/uploads\/2017\/08\/a-9.jpg'><img decoding=\"async\" width=\"150\" height=\"100\" src=\"data:image\/png;base64,iVBORw0KGgoAAAANSUhEUgAAAYYAAADcAQMAAABOLJSDAAAAA1BMVEUAAACnej3aAAAAAXRSTlMAQObYZgAAACJJREFUaIHtwTEBAAAAwqD1T20ND6AAAAAAAAAAAAAA4N8AKvgAAUFIrrEAAAAASUVORK5CYII=\" class=\"attachment-thumbnail size-thumbnail lazy-img\" alt=\"\" srcset=\"https:\/\/urbeamea.ro\/albaiulia\/wp-content\/uploads\/2017\/08\/a-9-150x100.jpg 150w, https:\/\/urbeamea.ro\/albaiulia\/wp-content\/uploads\/2017\/08\/a-9-640x427.jpg 640w, https:\/\/urbeamea.ro\/albaiulia\/wp-content\/uploads\/2017\/08\/a-9-768x512.jpg 768w, https:\/\/urbeamea.ro\/albaiulia\/wp-content\/uploads\/2017\/08\/a-9.jpg 960w\" sizes=\"auto, (max-width: 150px) 100vw, 150px\" data-src=\"https:\/\/urbeamea.ro\/albaiulia\/wp-content\/uploads\/2017\/08\/a-9-150x100.jpg\" loading=\"lazy\" \/><\/a>\n\t\t\t<\/div><\/figure><figure class='gallery-item'>\n\t\t\t<div class='gallery-icon landscape'>\n\t\t\t\t<a href='https:\/\/urbeamea.ro\/albaiulia\/wp-content\/uploads\/2017\/08\/a-10.jpg'><img decoding=\"async\" width=\"150\" height=\"84\" src=\"data:image\/png;base64,iVBORw0KGgoAAAANSUhEUgAAAYYAAADcAQMAAABOLJSDAAAAA1BMVEUAAACnej3aAAAAAXRSTlMAQObYZgAAACJJREFUaIHtwTEBAAAAwqD1T20ND6AAAAAAAAAAAAAA4N8AKvgAAUFIrrEAAAAASUVORK5CYII=\" class=\"attachment-thumbnail size-thumbnail lazy-img\" alt=\"\" srcset=\"https:\/\/urbeamea.ro\/albaiulia\/wp-content\/uploads\/2017\/08\/a-10-150x84.jpg 150w, https:\/\/urbeamea.ro\/albaiulia\/wp-content\/uploads\/2017\/08\/a-10-640x359.jpg 640w, https:\/\/urbeamea.ro\/albaiulia\/wp-content\/uploads\/2017\/08\/a-10-768x430.jpg 768w, https:\/\/urbeamea.ro\/albaiulia\/wp-content\/uploads\/2017\/08\/a-10-819x452.jpg 819w, https:\/\/urbeamea.ro\/albaiulia\/wp-content\/uploads\/2017\/08\/a-10.jpg 960w\" sizes=\"auto, (max-width: 150px) 100vw, 150px\" data-src=\"https:\/\/urbeamea.ro\/albaiulia\/wp-content\/uploads\/2017\/08\/a-10-150x84.jpg\" loading=\"lazy\" \/><\/a>\n\t\t\t<\/div><\/figure><figure class='gallery-item'>\n\t\t\t<div class='gallery-icon landscape'>\n\t\t\t\t<a href='https:\/\/urbeamea.ro\/albaiulia\/wp-content\/uploads\/2017\/08\/a-11.jpg'><img decoding=\"async\" width=\"150\" height=\"100\" src=\"data:image\/png;base64,iVBORw0KGgoAAAANSUhEUgAAAYYAAADcAQMAAABOLJSDAAAAA1BMVEUAAACnej3aAAAAAXRSTlMAQObYZgAAACJJREFUaIHtwTEBAAAAwqD1T20ND6AAAAAAAAAAAAAA4N8AKvgAAUFIrrEAAAAASUVORK5CYII=\" class=\"attachment-thumbnail size-thumbnail lazy-img\" alt=\"\" srcset=\"https:\/\/urbeamea.ro\/albaiulia\/wp-content\/uploads\/2017\/08\/a-11-150x100.jpg 150w, https:\/\/urbeamea.ro\/albaiulia\/wp-content\/uploads\/2017\/08\/a-11-640x427.jpg 640w, https:\/\/urbeamea.ro\/albaiulia\/wp-content\/uploads\/2017\/08\/a-11-768x512.jpg 768w, https:\/\/urbeamea.ro\/albaiulia\/wp-content\/uploads\/2017\/08\/a-11.jpg 960w\" sizes=\"auto, (max-width: 150px) 100vw, 150px\" data-src=\"https:\/\/urbeamea.ro\/albaiulia\/wp-content\/uploads\/2017\/08\/a-11-150x100.jpg\" loading=\"lazy\" \/><\/a>\n\t\t\t<\/div><\/figure><figure class='gallery-item'>\n\t\t\t<div class='gallery-icon landscape'>\n\t\t\t\t<a href='https:\/\/urbeamea.ro\/albaiulia\/wp-content\/uploads\/2017\/08\/a-12.jpg'><img decoding=\"async\" width=\"150\" height=\"100\" src=\"data:image\/png;base64,iVBORw0KGgoAAAANSUhEUgAAAYYAAADcAQMAAABOLJSDAAAAA1BMVEUAAACnej3aAAAAAXRSTlMAQObYZgAAACJJREFUaIHtwTEBAAAAwqD1T20ND6AAAAAAAAAAAAAA4N8AKvgAAUFIrrEAAAAASUVORK5CYII=\" class=\"attachment-thumbnail size-thumbnail lazy-img\" alt=\"\" srcset=\"https:\/\/urbeamea.ro\/albaiulia\/wp-content\/uploads\/2017\/08\/a-12-150x100.jpg 150w, https:\/\/urbeamea.ro\/albaiulia\/wp-content\/uploads\/2017\/08\/a-12-640x427.jpg 640w, https:\/\/urbeamea.ro\/albaiulia\/wp-content\/uploads\/2017\/08\/a-12-768x512.jpg 768w, https:\/\/urbeamea.ro\/albaiulia\/wp-content\/uploads\/2017\/08\/a-12.jpg 960w\" sizes=\"auto, (max-width: 150px) 100vw, 150px\" data-src=\"https:\/\/urbeamea.ro\/albaiulia\/wp-content\/uploads\/2017\/08\/a-12-150x100.jpg\" loading=\"lazy\" \/><\/a>\n\t\t\t<\/div><\/figure><figure class='gallery-item'>\n\t\t\t<div class='gallery-icon landscape'>\n\t\t\t\t<a href='https:\/\/urbeamea.ro\/albaiulia\/wp-content\/uploads\/2017\/08\/a-13.jpg'><img decoding=\"async\" width=\"150\" height=\"100\" src=\"data:image\/png;base64,iVBORw0KGgoAAAANSUhEUgAAAYYAAADcAQMAAABOLJSDAAAAA1BMVEUAAACnej3aAAAAAXRSTlMAQObYZgAAACJJREFUaIHtwTEBAAAAwqD1T20ND6AAAAAAAAAAAAAA4N8AKvgAAUFIrrEAAAAASUVORK5CYII=\" class=\"attachment-thumbnail size-thumbnail lazy-img\" alt=\"\" srcset=\"https:\/\/urbeamea.ro\/albaiulia\/wp-content\/uploads\/2017\/08\/a-13-150x100.jpg 150w, https:\/\/urbeamea.ro\/albaiulia\/wp-content\/uploads\/2017\/08\/a-13-640x427.jpg 640w, https:\/\/urbeamea.ro\/albaiulia\/wp-content\/uploads\/2017\/08\/a-13-768x512.jpg 768w, https:\/\/urbeamea.ro\/albaiulia\/wp-content\/uploads\/2017\/08\/a-13.jpg 960w\" sizes=\"auto, (max-width: 150px) 100vw, 150px\" data-src=\"https:\/\/urbeamea.ro\/albaiulia\/wp-content\/uploads\/2017\/08\/a-13-150x100.jpg\" loading=\"lazy\" \/><\/a>\n\t\t\t<\/div><\/figure><figure class='gallery-item'>\n\t\t\t<div class='gallery-icon landscape'>\n\t\t\t\t<a href='https:\/\/urbeamea.ro\/albaiulia\/wp-content\/uploads\/2017\/08\/a-14.jpg'><img decoding=\"async\" width=\"150\" height=\"91\" src=\"data:image\/png;base64,iVBORw0KGgoAAAANSUhEUgAAAYYAAADcAQMAAABOLJSDAAAAA1BMVEUAAACnej3aAAAAAXRSTlMAQObYZgAAACJJREFUaIHtwTEBAAAAwqD1T20ND6AAAAAAAAAAAAAA4N8AKvgAAUFIrrEAAAAASUVORK5CYII=\" class=\"attachment-thumbnail size-thumbnail lazy-img\" alt=\"\" srcset=\"https:\/\/urbeamea.ro\/albaiulia\/wp-content\/uploads\/2017\/08\/a-14-150x91.jpg 150w, https:\/\/urbeamea.ro\/albaiulia\/wp-content\/uploads\/2017\/08\/a-14-640x388.jpg 640w, https:\/\/urbeamea.ro\/albaiulia\/wp-content\/uploads\/2017\/08\/a-14-768x466.jpg 768w, https:\/\/urbeamea.ro\/albaiulia\/wp-content\/uploads\/2017\/08\/a-14-770x470.jpg 770w, https:\/\/urbeamea.ro\/albaiulia\/wp-content\/uploads\/2017\/08\/a-14-265x160.jpg 265w, https:\/\/urbeamea.ro\/albaiulia\/wp-content\/uploads\/2017\/08\/a-14-370x223.jpg 370w, https:\/\/urbeamea.ro\/albaiulia\/wp-content\/uploads\/2017\/08\/a-14.jpg 960w\" sizes=\"auto, (max-width: 150px) 100vw, 150px\" data-src=\"https:\/\/urbeamea.ro\/albaiulia\/wp-content\/uploads\/2017\/08\/a-14-150x91.jpg\" loading=\"lazy\" \/><\/a>\n\t\t\t<\/div><\/figure><figure class='gallery-item'>\n\t\t\t<div class='gallery-icon landscape'>\n\t\t\t\t<a href='https:\/\/urbeamea.ro\/albaiulia\/wp-content\/uploads\/2017\/08\/a-15.jpg'><img decoding=\"async\" width=\"150\" height=\"100\" src=\"data:image\/png;base64,iVBORw0KGgoAAAANSUhEUgAAAYYAAADcAQMAAABOLJSDAAAAA1BMVEUAAACnej3aAAAAAXRSTlMAQObYZgAAACJJREFUaIHtwTEBAAAAwqD1T20ND6AAAAAAAAAAAAAA4N8AKvgAAUFIrrEAAAAASUVORK5CYII=\" class=\"attachment-thumbnail size-thumbnail lazy-img\" alt=\"\" srcset=\"https:\/\/urbeamea.ro\/albaiulia\/wp-content\/uploads\/2017\/08\/a-15-150x100.jpg 150w, https:\/\/urbeamea.ro\/albaiulia\/wp-content\/uploads\/2017\/08\/a-15-640x427.jpg 640w, https:\/\/urbeamea.ro\/albaiulia\/wp-content\/uploads\/2017\/08\/a-15-768x512.jpg 768w, https:\/\/urbeamea.ro\/albaiulia\/wp-content\/uploads\/2017\/08\/a-15.jpg 960w\" sizes=\"auto, (max-width: 150px) 100vw, 150px\" data-src=\"https:\/\/urbeamea.ro\/albaiulia\/wp-content\/uploads\/2017\/08\/a-15-150x100.jpg\" loading=\"lazy\" \/><\/a>\n\t\t\t<\/div><\/figure><figure class='gallery-item'>\n\t\t\t<div class='gallery-icon landscape'>\n\t\t\t\t<a href='https:\/\/urbeamea.ro\/albaiulia\/wp-content\/uploads\/2017\/08\/a.jpg'><img decoding=\"async\" width=\"150\" height=\"100\" src=\"data:image\/png;base64,iVBORw0KGgoAAAANSUhEUgAAAYYAAADcAQMAAABOLJSDAAAAA1BMVEUAAACnej3aAAAAAXRSTlMAQObYZgAAACJJREFUaIHtwTEBAAAAwqD1T20ND6AAAAAAAAAAAAAA4N8AKvgAAUFIrrEAAAAASUVORK5CYII=\" class=\"attachment-thumbnail size-thumbnail lazy-img\" alt=\"\" srcset=\"https:\/\/urbeamea.ro\/albaiulia\/wp-content\/uploads\/2017\/08\/a-150x100.jpg 150w, https:\/\/urbeamea.ro\/albaiulia\/wp-content\/uploads\/2017\/08\/a-640x427.jpg 640w, https:\/\/urbeamea.ro\/albaiulia\/wp-content\/uploads\/2017\/08\/a-768x512.jpg 768w, https:\/\/urbeamea.ro\/albaiulia\/wp-content\/uploads\/2017\/08\/a.jpg 960w\" sizes=\"auto, (max-width: 150px) 100vw, 150px\" data-src=\"https:\/\/urbeamea.ro\/albaiulia\/wp-content\/uploads\/2017\/08\/a-150x100.jpg\" loading=\"lazy\" \/><\/a>\n\t\t\t<\/div><\/figure><figure class='gallery-item'>\n\t\t\t<div class='gallery-icon landscape'>\n\t\t\t\t<a href='https:\/\/urbeamea.ro\/albaiulia\/wp-content\/uploads\/2017\/08\/img_0003.jpg'><img decoding=\"async\" width=\"150\" height=\"100\" src=\"data:image\/png;base64,iVBORw0KGgoAAAANSUhEUgAAAYYAAADcAQMAAABOLJSDAAAAA1BMVEUAAACnej3aAAAAAXRSTlMAQObYZgAAACJJREFUaIHtwTEBAAAAwqD1T20ND6AAAAAAAAAAAAAA4N8AKvgAAUFIrrEAAAAASUVORK5CYII=\" class=\"attachment-thumbnail size-thumbnail lazy-img\" alt=\"\" srcset=\"https:\/\/urbeamea.ro\/albaiulia\/wp-content\/uploads\/2017\/08\/img_0003-150x100.jpg 150w, https:\/\/urbeamea.ro\/albaiulia\/wp-content\/uploads\/2017\/08\/img_0003-640x427.jpg 640w, https:\/\/urbeamea.ro\/albaiulia\/wp-content\/uploads\/2017\/08\/img_0003-768x512.jpg 768w, https:\/\/urbeamea.ro\/albaiulia\/wp-content\/uploads\/2017\/08\/img_0003.jpg 1152w\" sizes=\"auto, (max-width: 150px) 100vw, 150px\" data-src=\"https:\/\/urbeamea.ro\/albaiulia\/wp-content\/uploads\/2017\/08\/img_0003-150x100.jpg\" loading=\"lazy\" \/><\/a>\n\t\t\t<\/div><\/figure><figure class='gallery-item'>\n\t\t\t<div class='gallery-icon landscape'>\n\t\t\t\t<a href='https:\/\/urbeamea.ro\/albaiulia\/wp-content\/uploads\/2017\/08\/img_0030.jpg'><img decoding=\"async\" width=\"150\" height=\"100\" src=\"data:image\/png;base64,iVBORw0KGgoAAAANSUhEUgAAAYYAAADcAQMAAABOLJSDAAAAA1BMVEUAAACnej3aAAAAAXRSTlMAQObYZgAAACJJREFUaIHtwTEBAAAAwqD1T20ND6AAAAAAAAAAAAAA4N8AKvgAAUFIrrEAAAAASUVORK5CYII=\" class=\"attachment-thumbnail size-thumbnail lazy-img\" alt=\"\" srcset=\"https:\/\/urbeamea.ro\/albaiulia\/wp-content\/uploads\/2017\/08\/img_0030-150x100.jpg 150w, https:\/\/urbeamea.ro\/albaiulia\/wp-content\/uploads\/2017\/08\/img_0030-640x427.jpg 640w, https:\/\/urbeamea.ro\/albaiulia\/wp-content\/uploads\/2017\/08\/img_0030-768x512.jpg 768w, https:\/\/urbeamea.ro\/albaiulia\/wp-content\/uploads\/2017\/08\/img_0030.jpg 1152w\" sizes=\"auto, (max-width: 150px) 100vw, 150px\" data-src=\"https:\/\/urbeamea.ro\/albaiulia\/wp-content\/uploads\/2017\/08\/img_0030-150x100.jpg\" loading=\"lazy\" \/><\/a>\n\t\t\t<\/div><\/figure><figure class='gallery-item'>\n\t\t\t<div class='gallery-icon landscape'>\n\t\t\t\t<a href='https:\/\/urbeamea.ro\/albaiulia\/wp-content\/uploads\/2017\/08\/img_0052.jpg'><img decoding=\"async\" width=\"150\" height=\"100\" src=\"data:image\/png;base64,iVBORw0KGgoAAAANSUhEUgAAAYYAAADcAQMAAABOLJSDAAAAA1BMVEUAAACnej3aAAAAAXRSTlMAQObYZgAAACJJREFUaIHtwTEBAAAAwqD1T20ND6AAAAAAAAAAAAAA4N8AKvgAAUFIrrEAAAAASUVORK5CYII=\" class=\"attachment-thumbnail size-thumbnail lazy-img\" alt=\"\" srcset=\"https:\/\/urbeamea.ro\/albaiulia\/wp-content\/uploads\/2017\/08\/img_0052-150x100.jpg 150w, https:\/\/urbeamea.ro\/albaiulia\/wp-content\/uploads\/2017\/08\/img_0052-640x427.jpg 640w, https:\/\/urbeamea.ro\/albaiulia\/wp-content\/uploads\/2017\/08\/img_0052-768x512.jpg 768w, https:\/\/urbeamea.ro\/albaiulia\/wp-content\/uploads\/2017\/08\/img_0052.jpg 1152w\" sizes=\"auto, (max-width: 150px) 100vw, 150px\" data-src=\"https:\/\/urbeamea.ro\/albaiulia\/wp-content\/uploads\/2017\/08\/img_0052-150x100.jpg\" loading=\"lazy\" \/><\/a>\n\t\t\t<\/div><\/figure>\n\t\t<\/div>\n\n<\/div>\n","protected":false},"excerpt":{"rendered":"<p>A XXII-a edi\u0163ie a Taberei Interna\u0163ionale de Art\u0103 Plastic\u0103 Inter-Art, 2017 a reunit la Aiud arti\u015fti\u00a0 valoaro\u015fi care au reu\u015fit s\u0103 realizeze \u00eempreun\u0103 un spa\u0163iu cultural important \u015fi de \u0163inut\u0103 artistic\u0103. Au fost prezen\u0163i arti\u015ftii din: Albania: Oriola Kureta Semenescu, Bulgaria: Dimitar Velichkov, Plamen Kirilov, Canada: Susie Veroff, Danemarca: Rich Dethlefsen, Egipt: Chadi Salama, Franta: &hellip;<\/p>\n","protected":false},"author":24,"featured_media":51511,"comment_status":"open","ping_status":"open","sticky":false,"template":"","format":"standard","meta":{"inline_featured_image":false,"footnotes":""},"categories":[2038],"tags":[],"class_list":["post-51506","post","type-post","status-publish","format-standard","has-post-thumbnail","hentry","category-cultura"],"yoast_head":"<!-- This site is optimized with the Yoast SEO plugin v27.4 - https:\/\/yoast.com\/product\/yoast-seo-wordpress\/ -->\n<title>Aiudul \u00eentre centrele culturale ale Europei - Revista Urbea Mea - Revista de Alba<\/title>\n<meta name=\"description\" content=\"A XXII-a edi\u0163ie a Taberei Interna\u0163ionale de Art\u0103 Plastic\u0103 Inter-Art, 2017 a reunit la Aiud arti\u015fti\u00a0 valoaro\u015fi care au reu\u015fit s\u0103 realizeze \u00eempreun\u0103 un\" \/>\n<meta name=\"robots\" content=\"index, follow, max-snippet:-1, max-image-preview:large, max-video-preview:-1\" \/>\n<link rel=\"canonical\" href=\"https:\/\/urbeamea.ro\/albaiulia\/aiudul-intre-centrele-culturale-ale-europei\/\" \/>\n<meta name=\"twitter:card\" content=\"summary_large_image\" \/>\n<meta name=\"twitter:title\" content=\"Aiudul \u00eentre centrele culturale ale Europei - Revista Urbea Mea - Revista de Alba\" \/>\n<meta name=\"twitter:description\" content=\"A XXII-a edi\u0163ie a Taberei Interna\u0163ionale de Art\u0103 Plastic\u0103 Inter-Art, 2017 a reunit la Aiud arti\u015fti\u00a0 valoaro\u015fi care au reu\u015fit s\u0103 realizeze \u00eempreun\u0103 un\" \/>\n<meta name=\"twitter:image\" content=\"https:\/\/urbeamea.ro\/albaiulia\/wp-content\/uploads\/2017\/08\/a-5.jpg\" \/>\n<meta name=\"twitter:creator\" content=\"@urbeameaweb\" \/>\n<meta name=\"twitter:site\" content=\"@urbeameaweb\" \/>\n<script type=\"application\/ld+json\" class=\"yoast-schema-graph\">{\"@context\":\"https:\\\/\\\/schema.org\",\"@graph\":[{\"@type\":\"Article\",\"@id\":\"https:\\\/\\\/urbeamea.ro\\\/albaiulia\\\/aiudul-intre-centrele-culturale-ale-europei\\\/#article\",\"isPartOf\":{\"@id\":\"https:\\\/\\\/urbeamea.ro\\\/albaiulia\\\/aiudul-intre-centrele-culturale-ale-europei\\\/\"},\"author\":{\"name\":\"Berbece Ioana\",\"@id\":\"https:\\\/\\\/urbeamea.ro\\\/albaiulia\\\/#\\\/schema\\\/person\\\/082dc8da34e18378740990d31e301abe\"},\"headline\":\"Aiudul \u00eentre centrele culturale ale Europei\",\"datePublished\":\"2017-08-29T05:00:40+00:00\",\"dateModified\":\"2017-08-29T07:13:55+00:00\",\"mainEntityOfPage\":{\"@id\":\"https:\\\/\\\/urbeamea.ro\\\/albaiulia\\\/aiudul-intre-centrele-culturale-ale-europei\\\/\"},\"wordCount\":617,\"commentCount\":0,\"image\":{\"@id\":\"https:\\\/\\\/urbeamea.ro\\\/albaiulia\\\/aiudul-intre-centrele-culturale-ale-europei\\\/#primaryimage\"},\"thumbnailUrl\":\"https:\\\/\\\/urbeamea.ro\\\/albaiulia\\\/wp-content\\\/uploads\\\/2017\\\/08\\\/a-5.jpg\",\"articleSection\":[\"Cultur\u0103\"],\"inLanguage\":\"ro-RO\",\"potentialAction\":[{\"@type\":\"CommentAction\",\"name\":\"Comment\",\"target\":[\"https:\\\/\\\/urbeamea.ro\\\/albaiulia\\\/aiudul-intre-centrele-culturale-ale-europei\\\/#respond\"]}]},{\"@type\":\"WebPage\",\"@id\":\"https:\\\/\\\/urbeamea.ro\\\/albaiulia\\\/aiudul-intre-centrele-culturale-ale-europei\\\/\",\"url\":\"https:\\\/\\\/urbeamea.ro\\\/albaiulia\\\/aiudul-intre-centrele-culturale-ale-europei\\\/\",\"name\":\"Aiudul \u00eentre centrele culturale ale Europei - Revista Urbea Mea - Revista de Alba\",\"isPartOf\":{\"@id\":\"https:\\\/\\\/urbeamea.ro\\\/albaiulia\\\/#website\"},\"primaryImageOfPage\":{\"@id\":\"https:\\\/\\\/urbeamea.ro\\\/albaiulia\\\/aiudul-intre-centrele-culturale-ale-europei\\\/#primaryimage\"},\"image\":{\"@id\":\"https:\\\/\\\/urbeamea.ro\\\/albaiulia\\\/aiudul-intre-centrele-culturale-ale-europei\\\/#primaryimage\"},\"thumbnailUrl\":\"https:\\\/\\\/urbeamea.ro\\\/albaiulia\\\/wp-content\\\/uploads\\\/2017\\\/08\\\/a-5.jpg\",\"datePublished\":\"2017-08-29T05:00:40+00:00\",\"dateModified\":\"2017-08-29T07:13:55+00:00\",\"author\":{\"@id\":\"https:\\\/\\\/urbeamea.ro\\\/albaiulia\\\/#\\\/schema\\\/person\\\/082dc8da34e18378740990d31e301abe\"},\"description\":\"A XXII-a edi\u0163ie a Taberei Interna\u0163ionale de Art\u0103 Plastic\u0103 Inter-Art, 2017 a reunit la Aiud arti\u015fti\u00a0 valoaro\u015fi care au reu\u015fit s\u0103 realizeze \u00eempreun\u0103 un\",\"breadcrumb\":{\"@id\":\"https:\\\/\\\/urbeamea.ro\\\/albaiulia\\\/aiudul-intre-centrele-culturale-ale-europei\\\/#breadcrumb\"},\"inLanguage\":\"ro-RO\",\"potentialAction\":[{\"@type\":\"ReadAction\",\"target\":[\"https:\\\/\\\/urbeamea.ro\\\/albaiulia\\\/aiudul-intre-centrele-culturale-ale-europei\\\/\"]}]},{\"@type\":\"ImageObject\",\"inLanguage\":\"ro-RO\",\"@id\":\"https:\\\/\\\/urbeamea.ro\\\/albaiulia\\\/aiudul-intre-centrele-culturale-ale-europei\\\/#primaryimage\",\"url\":\"https:\\\/\\\/urbeamea.ro\\\/albaiulia\\\/wp-content\\\/uploads\\\/2017\\\/08\\\/a-5.jpg\",\"contentUrl\":\"https:\\\/\\\/urbeamea.ro\\\/albaiulia\\\/wp-content\\\/uploads\\\/2017\\\/08\\\/a-5.jpg\",\"width\":960,\"height\":640},{\"@type\":\"BreadcrumbList\",\"@id\":\"https:\\\/\\\/urbeamea.ro\\\/albaiulia\\\/aiudul-intre-centrele-culturale-ale-europei\\\/#breadcrumb\",\"itemListElement\":[{\"@type\":\"ListItem\",\"position\":1,\"name\":\"Prima pagin\u0103\",\"item\":\"https:\\\/\\\/urbeamea.ro\\\/albaiulia\\\/\"},{\"@type\":\"ListItem\",\"position\":2,\"name\":\"Aiudul \u00eentre centrele culturale ale Europei\"}]},{\"@type\":\"WebSite\",\"@id\":\"https:\\\/\\\/urbeamea.ro\\\/albaiulia\\\/#website\",\"url\":\"https:\\\/\\\/urbeamea.ro\\\/albaiulia\\\/\",\"name\":\"Revista Urbea Mea, Stiri urbane\",\"description\":\"Evenimente \u0219i \u0219tiri din Alba Iulia, Sebe\u0219, Aiud, Blaj\",\"potentialAction\":[{\"@type\":\"SearchAction\",\"target\":{\"@type\":\"EntryPoint\",\"urlTemplate\":\"https:\\\/\\\/urbeamea.ro\\\/albaiulia\\\/?s={search_term_string}\"},\"query-input\":{\"@type\":\"PropertyValueSpecification\",\"valueRequired\":true,\"valueName\":\"search_term_string\"}}],\"inLanguage\":\"ro-RO\"},{\"@type\":\"Person\",\"@id\":\"https:\\\/\\\/urbeamea.ro\\\/albaiulia\\\/#\\\/schema\\\/person\\\/082dc8da34e18378740990d31e301abe\",\"name\":\"Berbece Ioana\",\"image\":{\"@type\":\"ImageObject\",\"inLanguage\":\"ro-RO\",\"@id\":\"https:\\\/\\\/secure.gravatar.com\\\/avatar\\\/fda18f6878c9dadc74d6733dfd5b1d2c705d3bd86a588ba29ae2bbcff6ff283b?s=96&d=mm&r=g\",\"url\":\"https:\\\/\\\/secure.gravatar.com\\\/avatar\\\/fda18f6878c9dadc74d6733dfd5b1d2c705d3bd86a588ba29ae2bbcff6ff283b?s=96&d=mm&r=g\",\"contentUrl\":\"https:\\\/\\\/secure.gravatar.com\\\/avatar\\\/fda18f6878c9dadc74d6733dfd5b1d2c705d3bd86a588ba29ae2bbcff6ff283b?s=96&d=mm&r=g\",\"caption\":\"Berbece Ioana\"},\"url\":\"https:\\\/\\\/urbeamea.ro\\\/albaiulia\\\/author\\\/ioana-berbece\\\/\"}]}<\/script>\n<!-- \/ Yoast SEO plugin. -->","yoast_head_json":{"title":"Aiudul \u00eentre centrele culturale ale Europei - Revista Urbea Mea - Revista de Alba","description":"A XXII-a edi\u0163ie a Taberei Interna\u0163ionale de Art\u0103 Plastic\u0103 Inter-Art, 2017 a reunit la Aiud arti\u015fti\u00a0 valoaro\u015fi care au reu\u015fit s\u0103 realizeze \u00eempreun\u0103 un","robots":{"index":"index","follow":"follow","max-snippet":"max-snippet:-1","max-image-preview":"max-image-preview:large","max-video-preview":"max-video-preview:-1"},"canonical":"https:\/\/urbeamea.ro\/albaiulia\/aiudul-intre-centrele-culturale-ale-europei\/","twitter_card":"summary_large_image","twitter_title":"Aiudul \u00eentre centrele culturale ale Europei - Revista Urbea Mea - Revista de Alba","twitter_description":"A XXII-a edi\u0163ie a Taberei Interna\u0163ionale de Art\u0103 Plastic\u0103 Inter-Art, 2017 a reunit la Aiud arti\u015fti\u00a0 valoaro\u015fi care au reu\u015fit s\u0103 realizeze \u00eempreun\u0103 un","twitter_image":"https:\/\/urbeamea.ro\/albaiulia\/wp-content\/uploads\/2017\/08\/a-5.jpg","twitter_creator":"@urbeameaweb","twitter_site":"@urbeameaweb","schema":{"@context":"https:\/\/schema.org","@graph":[{"@type":"Article","@id":"https:\/\/urbeamea.ro\/albaiulia\/aiudul-intre-centrele-culturale-ale-europei\/#article","isPartOf":{"@id":"https:\/\/urbeamea.ro\/albaiulia\/aiudul-intre-centrele-culturale-ale-europei\/"},"author":{"name":"Berbece Ioana","@id":"https:\/\/urbeamea.ro\/albaiulia\/#\/schema\/person\/082dc8da34e18378740990d31e301abe"},"headline":"Aiudul \u00eentre centrele culturale ale Europei","datePublished":"2017-08-29T05:00:40+00:00","dateModified":"2017-08-29T07:13:55+00:00","mainEntityOfPage":{"@id":"https:\/\/urbeamea.ro\/albaiulia\/aiudul-intre-centrele-culturale-ale-europei\/"},"wordCount":617,"commentCount":0,"image":{"@id":"https:\/\/urbeamea.ro\/albaiulia\/aiudul-intre-centrele-culturale-ale-europei\/#primaryimage"},"thumbnailUrl":"https:\/\/urbeamea.ro\/albaiulia\/wp-content\/uploads\/2017\/08\/a-5.jpg","articleSection":["Cultur\u0103"],"inLanguage":"ro-RO","potentialAction":[{"@type":"CommentAction","name":"Comment","target":["https:\/\/urbeamea.ro\/albaiulia\/aiudul-intre-centrele-culturale-ale-europei\/#respond"]}]},{"@type":"WebPage","@id":"https:\/\/urbeamea.ro\/albaiulia\/aiudul-intre-centrele-culturale-ale-europei\/","url":"https:\/\/urbeamea.ro\/albaiulia\/aiudul-intre-centrele-culturale-ale-europei\/","name":"Aiudul \u00eentre centrele culturale ale Europei - Revista Urbea Mea - Revista de Alba","isPartOf":{"@id":"https:\/\/urbeamea.ro\/albaiulia\/#website"},"primaryImageOfPage":{"@id":"https:\/\/urbeamea.ro\/albaiulia\/aiudul-intre-centrele-culturale-ale-europei\/#primaryimage"},"image":{"@id":"https:\/\/urbeamea.ro\/albaiulia\/aiudul-intre-centrele-culturale-ale-europei\/#primaryimage"},"thumbnailUrl":"https:\/\/urbeamea.ro\/albaiulia\/wp-content\/uploads\/2017\/08\/a-5.jpg","datePublished":"2017-08-29T05:00:40+00:00","dateModified":"2017-08-29T07:13:55+00:00","author":{"@id":"https:\/\/urbeamea.ro\/albaiulia\/#\/schema\/person\/082dc8da34e18378740990d31e301abe"},"description":"A XXII-a edi\u0163ie a Taberei Interna\u0163ionale de Art\u0103 Plastic\u0103 Inter-Art, 2017 a reunit la Aiud arti\u015fti\u00a0 valoaro\u015fi care au reu\u015fit s\u0103 realizeze \u00eempreun\u0103 un","breadcrumb":{"@id":"https:\/\/urbeamea.ro\/albaiulia\/aiudul-intre-centrele-culturale-ale-europei\/#breadcrumb"},"inLanguage":"ro-RO","potentialAction":[{"@type":"ReadAction","target":["https:\/\/urbeamea.ro\/albaiulia\/aiudul-intre-centrele-culturale-ale-europei\/"]}]},{"@type":"ImageObject","inLanguage":"ro-RO","@id":"https:\/\/urbeamea.ro\/albaiulia\/aiudul-intre-centrele-culturale-ale-europei\/#primaryimage","url":"https:\/\/urbeamea.ro\/albaiulia\/wp-content\/uploads\/2017\/08\/a-5.jpg","contentUrl":"https:\/\/urbeamea.ro\/albaiulia\/wp-content\/uploads\/2017\/08\/a-5.jpg","width":960,"height":640},{"@type":"BreadcrumbList","@id":"https:\/\/urbeamea.ro\/albaiulia\/aiudul-intre-centrele-culturale-ale-europei\/#breadcrumb","itemListElement":[{"@type":"ListItem","position":1,"name":"Prima pagin\u0103","item":"https:\/\/urbeamea.ro\/albaiulia\/"},{"@type":"ListItem","position":2,"name":"Aiudul \u00eentre centrele culturale ale Europei"}]},{"@type":"WebSite","@id":"https:\/\/urbeamea.ro\/albaiulia\/#website","url":"https:\/\/urbeamea.ro\/albaiulia\/","name":"Revista Urbea Mea, Stiri urbane","description":"Evenimente \u0219i \u0219tiri din Alba Iulia, Sebe\u0219, Aiud, Blaj","potentialAction":[{"@type":"SearchAction","target":{"@type":"EntryPoint","urlTemplate":"https:\/\/urbeamea.ro\/albaiulia\/?s={search_term_string}"},"query-input":{"@type":"PropertyValueSpecification","valueRequired":true,"valueName":"search_term_string"}}],"inLanguage":"ro-RO"},{"@type":"Person","@id":"https:\/\/urbeamea.ro\/albaiulia\/#\/schema\/person\/082dc8da34e18378740990d31e301abe","name":"Berbece Ioana","image":{"@type":"ImageObject","inLanguage":"ro-RO","@id":"https:\/\/secure.gravatar.com\/avatar\/fda18f6878c9dadc74d6733dfd5b1d2c705d3bd86a588ba29ae2bbcff6ff283b?s=96&d=mm&r=g","url":"https:\/\/secure.gravatar.com\/avatar\/fda18f6878c9dadc74d6733dfd5b1d2c705d3bd86a588ba29ae2bbcff6ff283b?s=96&d=mm&r=g","contentUrl":"https:\/\/secure.gravatar.com\/avatar\/fda18f6878c9dadc74d6733dfd5b1d2c705d3bd86a588ba29ae2bbcff6ff283b?s=96&d=mm&r=g","caption":"Berbece Ioana"},"url":"https:\/\/urbeamea.ro\/albaiulia\/author\/ioana-berbece\/"}]}},"_links":{"self":[{"href":"https:\/\/urbeamea.ro\/albaiulia\/wp-json\/wp\/v2\/posts\/51506","targetHints":{"allow":["GET"]}}],"collection":[{"href":"https:\/\/urbeamea.ro\/albaiulia\/wp-json\/wp\/v2\/posts"}],"about":[{"href":"https:\/\/urbeamea.ro\/albaiulia\/wp-json\/wp\/v2\/types\/post"}],"author":[{"embeddable":true,"href":"https:\/\/urbeamea.ro\/albaiulia\/wp-json\/wp\/v2\/users\/24"}],"replies":[{"embeddable":true,"href":"https:\/\/urbeamea.ro\/albaiulia\/wp-json\/wp\/v2\/comments?post=51506"}],"version-history":[{"count":0,"href":"https:\/\/urbeamea.ro\/albaiulia\/wp-json\/wp\/v2\/posts\/51506\/revisions"}],"wp:featuredmedia":[{"embeddable":true,"href":"https:\/\/urbeamea.ro\/albaiulia\/wp-json\/wp\/v2\/media\/51511"}],"wp:attachment":[{"href":"https:\/\/urbeamea.ro\/albaiulia\/wp-json\/wp\/v2\/media?parent=51506"}],"wp:term":[{"taxonomy":"category","embeddable":true,"href":"https:\/\/urbeamea.ro\/albaiulia\/wp-json\/wp\/v2\/categories?post=51506"},{"taxonomy":"post_tag","embeddable":true,"href":"https:\/\/urbeamea.ro\/albaiulia\/wp-json\/wp\/v2\/tags?post=51506"}],"curies":[{"name":"wp","href":"https:\/\/api.w.org\/{rel}","templated":true}]}}