{"id":51566,"date":"2017-08-29T16:31:37","date_gmt":"2017-08-29T13:31:37","guid":{"rendered":"https:\/\/urbeamea.ro\/albaiulia\/?p=51566"},"modified":"2017-08-29T22:58:42","modified_gmt":"2017-08-29T19:58:42","slug":"sanctionati-pentru-viteza-excesiva-pe-autostrazi","status":"publish","type":"post","link":"https:\/\/urbeamea.ro\/albaiulia\/sanctionati-pentru-viteza-excesiva-pe-autostrazi\/","title":{"rendered":"Sanc\u021biona\u021bi pentru vitez\u0103 excesiv\u0103 pe autostr\u0103zi"},"content":{"rendered":"<p><strong>Poli\u021bi\u0219tii Brig\u0103zii Autostr\u0103zi \u0219i Misiuni Speciale a Poli\u021biei Rom\u00e2ne au depistat \u00een trafic, \u00een ultima s\u0103pt\u0103m\u00e2n\u0103, 42\u00a0 de conduc\u0103tori auto care rulau cu viteze excesive, pe autostr\u0103zi.<\/strong><strong> Cea mai mare vitez\u0103 a fost de 222 km\/h, \u00eenregistrat\u0103 pe <\/strong><strong>autostrada A1 Deva-N\u0103dlac.<\/strong><\/p>\n<p>\u00cen perioada 21 \u2013 28 august a.c., poli\u021bi\u0219tii Brig\u0103zii Autostr\u0103zi \u0219i Misiuni Speciale au depistat 42 de conduc\u0103tori auto, cu v\u00e2rste cuprinse \u00eentre 21 \u015fi 60 de ani, care rulau cu viteze excesive pe autostr\u0103zi.<\/p>\n<p>De asemenea, unul dintre conduc\u0103torii auto circula, pe Autostrada A1, cu ma\u015fina av\u00e2nd Inspec\u0163ia Tehnic\u0103 Periodic\u0103 expirat\u0103, iar altul circula, pe Autostrada A2, av\u00e2nd dreptul de a conduce suspendat. Cel din urm\u0103 nu a oprit la semnalul regulamentar al poli\u0163i\u015ftilor, reu\u015findu-se oprirea lui \u00een zona Sta\u0163iei de Taxare. Poli\u0163i\u015ftii i-au \u00eentocmit dosar penal conform art. 335 alin. 2 din Cod Penal.<\/p>\n<p>La data de 21 august, pe autostrada A3 Bucure\u0219ti \u2013 Bra\u0219ov, au fost depista\u021bi 3 conduc\u0103tori auto, care conduceau cu vitezele de 186, 192 \u015fi 196 km\/h, iar pe Autostrada A1 \u00a0au mai fost depista\u0163i al\u0163i 2 b\u0103rba\u0163i, rul\u00e2nd cu 181, respectiv 184 km\/h.<\/p>\n<p>Mar\u0163i, 22 august a.c., aparatul radar a \u00eenregistrat 5 viteze peste limita legal\u0103, \u00eentre 185 \u015fi 202 km\/h, pe Autostrada A1.<\/p>\n<p>\u00cen ziua urm\u0103toare, la 23 august a.c., tot pe Autostrada A1, au fost depista\u0163i 7 conduc\u0103tori auto care au dep\u0103\u015fit viteza legal\u0103, fiind \u00eenregistra\u0163i cu viteze \u00eentre 183 \u015fi 199 km\/h.<\/p>\n<p>Joi, 24 august, pe aceea\u015fi autostrad\u0103, au fost depista\u0163i 9 conduc\u0103tori auto care au c\u0103lcat pedala accelera\u0163ie peste limita legal\u0103, cea mai mare vitez\u0103 din aceast\u0103 zi fiind de 206 km\/h.<\/p>\n<p>La data de 25 august a.c., pe Autostrada A1 au fost depista\u0163i 5 b\u0103rba\u0163i conduc\u00e2nd cu viteze \u00eentre 184 \u015fi 222 km\/h, iar pe Autostrada A2, un altul, circul\u00e2nd cu 181 km\/h.<\/p>\n<p>S\u00e2mb\u0103t\u0103, 26 august, pe Autostrada A1, al\u0163i 5 conduc\u0103tori auto au rulat cu viteze \u00eentre 183 \u015fi 186 km\/h, iar duminic\u0103, pe aceea\u015fi autostrad\u0103 au fost depista\u0163i \u00eenc\u0103 5 b\u0103rba\u0163i care circulau cu viteze cuprinse \u00eentre 181 \u015fi 186 km\/h.<\/p>\n<p>Mare parte dintre abaterile conduc\u0103torilor auto au fost filmate \u0219i \u00eenregistrate de aparatul radar \u00een mi\u0219care, montate pe autospecial\u0103 neinscrip\u0163ionat\u0103. Oprirea acestora s-a efectuat de o autospecial\u0103 inscrip\u0163ionat\u0103.<\/p>\n<p>\u0218oferii<em> au fost sanc\u021biona\u021bi contraven\u021bional cu amenzi \u00eentre 1.305 \u015fi 2.900 de lei \u0219i le-au fost re\u021binute permisele de conducere, pentru 90 de zile.<\/em><\/p>\n<p>&nbsp;<\/p>\n<p>&nbsp;<\/p>\n<p>&nbsp;<\/p>\n","protected":false},"excerpt":{"rendered":"<p>Poli\u021bi\u0219tii Brig\u0103zii Autostr\u0103zi \u0219i Misiuni Speciale a Poli\u021biei Rom\u00e2ne au depistat \u00een trafic, \u00een ultima s\u0103pt\u0103m\u00e2n\u0103, 42\u00a0 de conduc\u0103tori auto care rulau cu viteze excesive, pe autostr\u0103zi. Cea mai mare vitez\u0103 a fost de 222 km\/h, \u00eenregistrat\u0103 pe autostrada A1 Deva-N\u0103dlac. \u00cen perioada 21 \u2013 28 august a.c., poli\u021bi\u0219tii Brig\u0103zii Autostr\u0103zi \u0219i Misiuni Speciale au &hellip;<\/p>\n","protected":false},"author":24,"featured_media":51567,"comment_status":"open","ping_status":"open","sticky":false,"template":"","format":"standard","meta":{"inline_featured_image":false,"footnotes":""},"categories":[2035],"tags":[2292,12276,1906],"class_list":["post-51566","post","type-post","status-publish","format-standard","has-post-thumbnail","hentry","category-administratie","tag-amenzi","tag-aparat-radar","tag-politia-romana"],"yoast_head":"<!-- This site is optimized with the Yoast SEO plugin v27.4 - https:\/\/yoast.com\/product\/yoast-seo-wordpress\/ -->\n<title>Sanc\u021biona\u021bi pentru vitez\u0103 excesiv\u0103 pe autostr\u0103zi - Revista Urbea Mea - Revista de Alba<\/title>\n<meta name=\"description\" content=\"Poli\u021bi\u0219tii Brig\u0103zii Autostr\u0103zi \u0219i Misiuni Speciale a Poli\u021biei Rom\u00e2ne au depistat \u00een trafic, \u00een ultima s\u0103pt\u0103m\u00e2n\u0103, 42\u00a0 de conduc\u0103tori auto care rulau cu\" \/>\n<meta name=\"robots\" content=\"index, follow, max-snippet:-1, max-image-preview:large, max-video-preview:-1\" \/>\n<link rel=\"canonical\" href=\"https:\/\/urbeamea.ro\/albaiulia\/sanctionati-pentru-viteza-excesiva-pe-autostrazi\/\" \/>\n<meta name=\"twitter:card\" content=\"summary_large_image\" \/>\n<meta name=\"twitter:title\" content=\"Sanc\u021biona\u021bi pentru vitez\u0103 excesiv\u0103 pe autostr\u0103zi - Revista Urbea Mea - Revista de Alba\" \/>\n<meta name=\"twitter:description\" content=\"Poli\u021bi\u0219tii Brig\u0103zii Autostr\u0103zi \u0219i Misiuni Speciale a Poli\u021biei Rom\u00e2ne au depistat \u00een trafic, \u00een ultima s\u0103pt\u0103m\u00e2n\u0103, 42\u00a0 de conduc\u0103tori auto care rulau cu\" \/>\n<meta name=\"twitter:image\" content=\"https:\/\/urbeamea.ro\/albaiulia\/wp-content\/uploads\/2017\/08\/DSC_4772.jpg\" \/>\n<meta name=\"twitter:creator\" content=\"@urbeameaweb\" \/>\n<meta name=\"twitter:site\" content=\"@urbeameaweb\" \/>\n<script type=\"application\/ld+json\" class=\"yoast-schema-graph\">{\"@context\":\"https:\\\/\\\/schema.org\",\"@graph\":[{\"@type\":\"Article\",\"@id\":\"https:\\\/\\\/urbeamea.ro\\\/albaiulia\\\/sanctionati-pentru-viteza-excesiva-pe-autostrazi\\\/#article\",\"isPartOf\":{\"@id\":\"https:\\\/\\\/urbeamea.ro\\\/albaiulia\\\/sanctionati-pentru-viteza-excesiva-pe-autostrazi\\\/\"},\"author\":{\"name\":\"Berbece Ioana\",\"@id\":\"https:\\\/\\\/urbeamea.ro\\\/albaiulia\\\/#\\\/schema\\\/person\\\/082dc8da34e18378740990d31e301abe\"},\"headline\":\"Sanc\u021biona\u021bi pentru vitez\u0103 excesiv\u0103 pe autostr\u0103zi\",\"datePublished\":\"2017-08-29T13:31:37+00:00\",\"dateModified\":\"2017-08-29T19:58:42+00:00\",\"mainEntityOfPage\":{\"@id\":\"https:\\\/\\\/urbeamea.ro\\\/albaiulia\\\/sanctionati-pentru-viteza-excesiva-pe-autostrazi\\\/\"},\"wordCount\":440,\"commentCount\":0,\"image\":{\"@id\":\"https:\\\/\\\/urbeamea.ro\\\/albaiulia\\\/sanctionati-pentru-viteza-excesiva-pe-autostrazi\\\/#primaryimage\"},\"thumbnailUrl\":\"https:\\\/\\\/urbeamea.ro\\\/albaiulia\\\/wp-content\\\/uploads\\\/2017\\\/08\\\/DSC_4772.jpg\",\"keywords\":[\"amenzi\",\"aparat radar\",\"politia romana\"],\"articleSection\":[\"Administra\u021bie\"],\"inLanguage\":\"ro-RO\",\"potentialAction\":[{\"@type\":\"CommentAction\",\"name\":\"Comment\",\"target\":[\"https:\\\/\\\/urbeamea.ro\\\/albaiulia\\\/sanctionati-pentru-viteza-excesiva-pe-autostrazi\\\/#respond\"]}]},{\"@type\":\"WebPage\",\"@id\":\"https:\\\/\\\/urbeamea.ro\\\/albaiulia\\\/sanctionati-pentru-viteza-excesiva-pe-autostrazi\\\/\",\"url\":\"https:\\\/\\\/urbeamea.ro\\\/albaiulia\\\/sanctionati-pentru-viteza-excesiva-pe-autostrazi\\\/\",\"name\":\"Sanc\u021biona\u021bi pentru vitez\u0103 excesiv\u0103 pe autostr\u0103zi - Revista Urbea Mea - Revista de Alba\",\"isPartOf\":{\"@id\":\"https:\\\/\\\/urbeamea.ro\\\/albaiulia\\\/#website\"},\"primaryImageOfPage\":{\"@id\":\"https:\\\/\\\/urbeamea.ro\\\/albaiulia\\\/sanctionati-pentru-viteza-excesiva-pe-autostrazi\\\/#primaryimage\"},\"image\":{\"@id\":\"https:\\\/\\\/urbeamea.ro\\\/albaiulia\\\/sanctionati-pentru-viteza-excesiva-pe-autostrazi\\\/#primaryimage\"},\"thumbnailUrl\":\"https:\\\/\\\/urbeamea.ro\\\/albaiulia\\\/wp-content\\\/uploads\\\/2017\\\/08\\\/DSC_4772.jpg\",\"datePublished\":\"2017-08-29T13:31:37+00:00\",\"dateModified\":\"2017-08-29T19:58:42+00:00\",\"author\":{\"@id\":\"https:\\\/\\\/urbeamea.ro\\\/albaiulia\\\/#\\\/schema\\\/person\\\/082dc8da34e18378740990d31e301abe\"},\"description\":\"Poli\u021bi\u0219tii Brig\u0103zii Autostr\u0103zi \u0219i Misiuni Speciale a Poli\u021biei Rom\u00e2ne au depistat \u00een trafic, \u00een ultima s\u0103pt\u0103m\u00e2n\u0103, 42\u00a0 de conduc\u0103tori auto care rulau cu\",\"breadcrumb\":{\"@id\":\"https:\\\/\\\/urbeamea.ro\\\/albaiulia\\\/sanctionati-pentru-viteza-excesiva-pe-autostrazi\\\/#breadcrumb\"},\"inLanguage\":\"ro-RO\",\"potentialAction\":[{\"@type\":\"ReadAction\",\"target\":[\"https:\\\/\\\/urbeamea.ro\\\/albaiulia\\\/sanctionati-pentru-viteza-excesiva-pe-autostrazi\\\/\"]}]},{\"@type\":\"ImageObject\",\"inLanguage\":\"ro-RO\",\"@id\":\"https:\\\/\\\/urbeamea.ro\\\/albaiulia\\\/sanctionati-pentru-viteza-excesiva-pe-autostrazi\\\/#primaryimage\",\"url\":\"https:\\\/\\\/urbeamea.ro\\\/albaiulia\\\/wp-content\\\/uploads\\\/2017\\\/08\\\/DSC_4772.jpg\",\"contentUrl\":\"https:\\\/\\\/urbeamea.ro\\\/albaiulia\\\/wp-content\\\/uploads\\\/2017\\\/08\\\/DSC_4772.jpg\",\"width\":1200,\"height\":801},{\"@type\":\"BreadcrumbList\",\"@id\":\"https:\\\/\\\/urbeamea.ro\\\/albaiulia\\\/sanctionati-pentru-viteza-excesiva-pe-autostrazi\\\/#breadcrumb\",\"itemListElement\":[{\"@type\":\"ListItem\",\"position\":1,\"name\":\"Prima pagin\u0103\",\"item\":\"https:\\\/\\\/urbeamea.ro\\\/albaiulia\\\/\"},{\"@type\":\"ListItem\",\"position\":2,\"name\":\"Sanc\u021biona\u021bi pentru vitez\u0103 excesiv\u0103 pe autostr\u0103zi\"}]},{\"@type\":\"WebSite\",\"@id\":\"https:\\\/\\\/urbeamea.ro\\\/albaiulia\\\/#website\",\"url\":\"https:\\\/\\\/urbeamea.ro\\\/albaiulia\\\/\",\"name\":\"Revista Urbea Mea, Stiri urbane\",\"description\":\"Evenimente \u0219i \u0219tiri din Alba Iulia, Sebe\u0219, Aiud, Blaj\",\"potentialAction\":[{\"@type\":\"SearchAction\",\"target\":{\"@type\":\"EntryPoint\",\"urlTemplate\":\"https:\\\/\\\/urbeamea.ro\\\/albaiulia\\\/?s={search_term_string}\"},\"query-input\":{\"@type\":\"PropertyValueSpecification\",\"valueRequired\":true,\"valueName\":\"search_term_string\"}}],\"inLanguage\":\"ro-RO\"},{\"@type\":\"Person\",\"@id\":\"https:\\\/\\\/urbeamea.ro\\\/albaiulia\\\/#\\\/schema\\\/person\\\/082dc8da34e18378740990d31e301abe\",\"name\":\"Berbece Ioana\",\"image\":{\"@type\":\"ImageObject\",\"inLanguage\":\"ro-RO\",\"@id\":\"https:\\\/\\\/secure.gravatar.com\\\/avatar\\\/fda18f6878c9dadc74d6733dfd5b1d2c705d3bd86a588ba29ae2bbcff6ff283b?s=96&d=mm&r=g\",\"url\":\"https:\\\/\\\/secure.gravatar.com\\\/avatar\\\/fda18f6878c9dadc74d6733dfd5b1d2c705d3bd86a588ba29ae2bbcff6ff283b?s=96&d=mm&r=g\",\"contentUrl\":\"https:\\\/\\\/secure.gravatar.com\\\/avatar\\\/fda18f6878c9dadc74d6733dfd5b1d2c705d3bd86a588ba29ae2bbcff6ff283b?s=96&d=mm&r=g\",\"caption\":\"Berbece Ioana\"},\"url\":\"https:\\\/\\\/urbeamea.ro\\\/albaiulia\\\/author\\\/ioana-berbece\\\/\"}]}<\/script>\n<!-- \/ Yoast SEO plugin. -->","yoast_head_json":{"title":"Sanc\u021biona\u021bi pentru vitez\u0103 excesiv\u0103 pe autostr\u0103zi - Revista Urbea Mea - Revista de Alba","description":"Poli\u021bi\u0219tii Brig\u0103zii Autostr\u0103zi \u0219i Misiuni Speciale a Poli\u021biei Rom\u00e2ne au depistat \u00een trafic, \u00een ultima s\u0103pt\u0103m\u00e2n\u0103, 42\u00a0 de conduc\u0103tori auto care rulau cu","robots":{"index":"index","follow":"follow","max-snippet":"max-snippet:-1","max-image-preview":"max-image-preview:large","max-video-preview":"max-video-preview:-1"},"canonical":"https:\/\/urbeamea.ro\/albaiulia\/sanctionati-pentru-viteza-excesiva-pe-autostrazi\/","twitter_card":"summary_large_image","twitter_title":"Sanc\u021biona\u021bi pentru vitez\u0103 excesiv\u0103 pe autostr\u0103zi - Revista Urbea Mea - Revista de Alba","twitter_description":"Poli\u021bi\u0219tii Brig\u0103zii Autostr\u0103zi \u0219i Misiuni Speciale a Poli\u021biei Rom\u00e2ne au depistat \u00een trafic, \u00een ultima s\u0103pt\u0103m\u00e2n\u0103, 42\u00a0 de conduc\u0103tori auto care rulau cu","twitter_image":"https:\/\/urbeamea.ro\/albaiulia\/wp-content\/uploads\/2017\/08\/DSC_4772.jpg","twitter_creator":"@urbeameaweb","twitter_site":"@urbeameaweb","schema":{"@context":"https:\/\/schema.org","@graph":[{"@type":"Article","@id":"https:\/\/urbeamea.ro\/albaiulia\/sanctionati-pentru-viteza-excesiva-pe-autostrazi\/#article","isPartOf":{"@id":"https:\/\/urbeamea.ro\/albaiulia\/sanctionati-pentru-viteza-excesiva-pe-autostrazi\/"},"author":{"name":"Berbece Ioana","@id":"https:\/\/urbeamea.ro\/albaiulia\/#\/schema\/person\/082dc8da34e18378740990d31e301abe"},"headline":"Sanc\u021biona\u021bi pentru vitez\u0103 excesiv\u0103 pe autostr\u0103zi","datePublished":"2017-08-29T13:31:37+00:00","dateModified":"2017-08-29T19:58:42+00:00","mainEntityOfPage":{"@id":"https:\/\/urbeamea.ro\/albaiulia\/sanctionati-pentru-viteza-excesiva-pe-autostrazi\/"},"wordCount":440,"commentCount":0,"image":{"@id":"https:\/\/urbeamea.ro\/albaiulia\/sanctionati-pentru-viteza-excesiva-pe-autostrazi\/#primaryimage"},"thumbnailUrl":"https:\/\/urbeamea.ro\/albaiulia\/wp-content\/uploads\/2017\/08\/DSC_4772.jpg","keywords":["amenzi","aparat radar","politia romana"],"articleSection":["Administra\u021bie"],"inLanguage":"ro-RO","potentialAction":[{"@type":"CommentAction","name":"Comment","target":["https:\/\/urbeamea.ro\/albaiulia\/sanctionati-pentru-viteza-excesiva-pe-autostrazi\/#respond"]}]},{"@type":"WebPage","@id":"https:\/\/urbeamea.ro\/albaiulia\/sanctionati-pentru-viteza-excesiva-pe-autostrazi\/","url":"https:\/\/urbeamea.ro\/albaiulia\/sanctionati-pentru-viteza-excesiva-pe-autostrazi\/","name":"Sanc\u021biona\u021bi pentru vitez\u0103 excesiv\u0103 pe autostr\u0103zi - Revista Urbea Mea - Revista de Alba","isPartOf":{"@id":"https:\/\/urbeamea.ro\/albaiulia\/#website"},"primaryImageOfPage":{"@id":"https:\/\/urbeamea.ro\/albaiulia\/sanctionati-pentru-viteza-excesiva-pe-autostrazi\/#primaryimage"},"image":{"@id":"https:\/\/urbeamea.ro\/albaiulia\/sanctionati-pentru-viteza-excesiva-pe-autostrazi\/#primaryimage"},"thumbnailUrl":"https:\/\/urbeamea.ro\/albaiulia\/wp-content\/uploads\/2017\/08\/DSC_4772.jpg","datePublished":"2017-08-29T13:31:37+00:00","dateModified":"2017-08-29T19:58:42+00:00","author":{"@id":"https:\/\/urbeamea.ro\/albaiulia\/#\/schema\/person\/082dc8da34e18378740990d31e301abe"},"description":"Poli\u021bi\u0219tii Brig\u0103zii Autostr\u0103zi \u0219i Misiuni Speciale a Poli\u021biei Rom\u00e2ne au depistat \u00een trafic, \u00een ultima s\u0103pt\u0103m\u00e2n\u0103, 42\u00a0 de conduc\u0103tori auto care rulau cu","breadcrumb":{"@id":"https:\/\/urbeamea.ro\/albaiulia\/sanctionati-pentru-viteza-excesiva-pe-autostrazi\/#breadcrumb"},"inLanguage":"ro-RO","potentialAction":[{"@type":"ReadAction","target":["https:\/\/urbeamea.ro\/albaiulia\/sanctionati-pentru-viteza-excesiva-pe-autostrazi\/"]}]},{"@type":"ImageObject","inLanguage":"ro-RO","@id":"https:\/\/urbeamea.ro\/albaiulia\/sanctionati-pentru-viteza-excesiva-pe-autostrazi\/#primaryimage","url":"https:\/\/urbeamea.ro\/albaiulia\/wp-content\/uploads\/2017\/08\/DSC_4772.jpg","contentUrl":"https:\/\/urbeamea.ro\/albaiulia\/wp-content\/uploads\/2017\/08\/DSC_4772.jpg","width":1200,"height":801},{"@type":"BreadcrumbList","@id":"https:\/\/urbeamea.ro\/albaiulia\/sanctionati-pentru-viteza-excesiva-pe-autostrazi\/#breadcrumb","itemListElement":[{"@type":"ListItem","position":1,"name":"Prima pagin\u0103","item":"https:\/\/urbeamea.ro\/albaiulia\/"},{"@type":"ListItem","position":2,"name":"Sanc\u021biona\u021bi pentru vitez\u0103 excesiv\u0103 pe autostr\u0103zi"}]},{"@type":"WebSite","@id":"https:\/\/urbeamea.ro\/albaiulia\/#website","url":"https:\/\/urbeamea.ro\/albaiulia\/","name":"Revista Urbea Mea, Stiri urbane","description":"Evenimente \u0219i \u0219tiri din Alba Iulia, Sebe\u0219, Aiud, Blaj","potentialAction":[{"@type":"SearchAction","target":{"@type":"EntryPoint","urlTemplate":"https:\/\/urbeamea.ro\/albaiulia\/?s={search_term_string}"},"query-input":{"@type":"PropertyValueSpecification","valueRequired":true,"valueName":"search_term_string"}}],"inLanguage":"ro-RO"},{"@type":"Person","@id":"https:\/\/urbeamea.ro\/albaiulia\/#\/schema\/person\/082dc8da34e18378740990d31e301abe","name":"Berbece Ioana","image":{"@type":"ImageObject","inLanguage":"ro-RO","@id":"https:\/\/secure.gravatar.com\/avatar\/fda18f6878c9dadc74d6733dfd5b1d2c705d3bd86a588ba29ae2bbcff6ff283b?s=96&d=mm&r=g","url":"https:\/\/secure.gravatar.com\/avatar\/fda18f6878c9dadc74d6733dfd5b1d2c705d3bd86a588ba29ae2bbcff6ff283b?s=96&d=mm&r=g","contentUrl":"https:\/\/secure.gravatar.com\/avatar\/fda18f6878c9dadc74d6733dfd5b1d2c705d3bd86a588ba29ae2bbcff6ff283b?s=96&d=mm&r=g","caption":"Berbece Ioana"},"url":"https:\/\/urbeamea.ro\/albaiulia\/author\/ioana-berbece\/"}]}},"_links":{"self":[{"href":"https:\/\/urbeamea.ro\/albaiulia\/wp-json\/wp\/v2\/posts\/51566","targetHints":{"allow":["GET"]}}],"collection":[{"href":"https:\/\/urbeamea.ro\/albaiulia\/wp-json\/wp\/v2\/posts"}],"about":[{"href":"https:\/\/urbeamea.ro\/albaiulia\/wp-json\/wp\/v2\/types\/post"}],"author":[{"embeddable":true,"href":"https:\/\/urbeamea.ro\/albaiulia\/wp-json\/wp\/v2\/users\/24"}],"replies":[{"embeddable":true,"href":"https:\/\/urbeamea.ro\/albaiulia\/wp-json\/wp\/v2\/comments?post=51566"}],"version-history":[{"count":0,"href":"https:\/\/urbeamea.ro\/albaiulia\/wp-json\/wp\/v2\/posts\/51566\/revisions"}],"wp:featuredmedia":[{"embeddable":true,"href":"https:\/\/urbeamea.ro\/albaiulia\/wp-json\/wp\/v2\/media\/51567"}],"wp:attachment":[{"href":"https:\/\/urbeamea.ro\/albaiulia\/wp-json\/wp\/v2\/media?parent=51566"}],"wp:term":[{"taxonomy":"category","embeddable":true,"href":"https:\/\/urbeamea.ro\/albaiulia\/wp-json\/wp\/v2\/categories?post=51566"},{"taxonomy":"post_tag","embeddable":true,"href":"https:\/\/urbeamea.ro\/albaiulia\/wp-json\/wp\/v2\/tags?post=51566"}],"curies":[{"name":"wp","href":"https:\/\/api.w.org\/{rel}","templated":true}]}}